{"id":25528,"date":"2018-07-12T20:57:11","date_gmt":"2018-07-12T20:57:11","guid":{"rendered":"https:\/\/news.ecclesia.org.br\/?p=25528"},"modified":"2018-07-12T21:14:44","modified_gmt":"2018-07-12T21:14:44","slug":"arquimandrita-maximos-pothos-e-eleito-metropolita-da-suica-do-patriarcado-ecumenico","status":"publish","type":"post","link":"https:\/\/news.ecclesia.org.br\/?p=25528","title":{"rendered":"Arquimandrita Maximos Pothos \u00e9 eleito Metropolita da Su\u00ed\u00e7a, do Patriarcado Ecum\u00eanico"},"content":{"rendered":"<p style=\"text-align: justify;\"><a href=\"https:\/\/news.ecclesia.org.br\/wp-content\/uploads\/2018\/07\/sinodo-constantinopla.jpg\"><img fetchpriority=\"high\" decoding=\"async\" class=\"alignleft size-medium wp-image-25529\" src=\"https:\/\/news.ecclesia.org.br\/wp-content\/uploads\/2018\/07\/sinodo-constantinopla-300x200.jpg\" alt=\"\" width=\"300\" height=\"200\" srcset=\"https:\/\/news.ecclesia.org.br\/wp-content\/uploads\/2018\/07\/sinodo-constantinopla-300x200.jpg 300w, https:\/\/news.ecclesia.org.br\/wp-content\/uploads\/2018\/07\/sinodo-constantinopla-768x512.jpg 768w, https:\/\/news.ecclesia.org.br\/wp-content\/uploads\/2018\/07\/sinodo-constantinopla-1024x683.jpg 1024w, https:\/\/news.ecclesia.org.br\/wp-content\/uploads\/2018\/07\/sinodo-constantinopla-600x400.jpg 600w, https:\/\/news.ecclesia.org.br\/wp-content\/uploads\/2018\/07\/sinodo-constantinopla-83x55.jpg 83w, https:\/\/news.ecclesia.org.br\/wp-content\/uploads\/2018\/07\/sinodo-constantinopla-60x40.jpg 60w, https:\/\/news.ecclesia.org.br\/wp-content\/uploads\/2018\/07\/sinodo-constantinopla-120x80.jpg 120w, https:\/\/news.ecclesia.org.br\/wp-content\/uploads\/2018\/07\/sinodo-constantinopla.jpg 1068w\" sizes=\"(max-width: 300px) 100vw, 300px\" \/><\/a>Durante a sess\u00e3o da \u00faltima ter\u00e7a-feira, 10 de julho, realizada no Mosteiro da Sant\u00edssima Trindade, em Halki, sob a presid\u00eancia de Sua Santidade o Patriarca Bartolomeu I, o Santo S\u00ednodo do Patriarcado Ecum\u00eanico procedeu a tr\u00eas elei\u00e7\u00f5es episcopais. Primeiro, a elei\u00e7\u00e3o do Metropolita de Ancara, pela primeira vez, desde 1922. Tr\u00eas indica\u00e7\u00f5es foram apresentadas. O bispo Jeremias, at\u00e9 ent\u00e3o metropolita da Su\u00ed\u00e7a, foi eleito por unanimidade. Em seguida, deu-se a elei\u00e7\u00e3o do Metropolita de Anea (\u00c1sia Menor), com tr\u00eas candidatos. O bispo Makarios, at\u00e9 ent\u00e3o metropolita de Lampsacus, foi eleito por unanimidade. Na sequ\u00eancia, os membros do Santo S\u00ednodo procederam \u00e0 elei\u00e7\u00e3o do novo metropolita da Su\u00ed\u00e7a, tendo sido apresentados tr\u00eas candidatos. O atual protosynkellos da metr\u00f3pole su\u00ed\u00e7a, Archimandrite Maximos Pothos, foi eleito por unanimidade.<\/p>\n<hr \/>\n<p style=\"text-align: right;\">Fonte: (Foto e texto): <a href=\"https:\/\/orthodoxie.com\/larchimandrite-maxime-pothos-est-elu-metropolite-de-suisse-du-patriarcat-oecumenique-en-remplacement-de-mgr-jeremie-elu-metropolite-dankara\/\" target=\"_blank\" rel=\"noopener\">Orthodoxie.com<\/a><\/p>\n","protected":false},"excerpt":{"rendered":"<p>Durante a sess\u00e3o da \u00faltima ter\u00e7a-feira, 10 de julho, realizada no Mosteiro da Sant\u00edssima Trindade, em Halki, sob a presid\u00eancia de Sua Santidade o Patriarca Bartolomeu I, o Santo S\u00ednodo do Patriarcado Ecum\u00eanico procedeu a tr\u00eas elei\u00e7\u00f5es episcopais. Primeiro, a&#8230;<\/p>\n","protected":false},"author":1,"featured_media":25529,"comment_status":"open","ping_status":"open","sticky":false,"template":"","format":"standard","meta":{"_acf_changed":false,"footnotes":""},"categories":[1,72],"tags":[],"class_list":["post-25528","post","type-post","status-publish","format-standard","has-post-thumbnail","hentry","category-news","category-patriarcado-ecumenico","entry","rows-excerpt"],"acf":[],"yoast_head":"<!-- This site is optimized with the Yoast SEO plugin v27.4 - https:\/\/yoast.com\/product\/yoast-seo-wordpress\/ -->\n<title>Arquimandrita Maximos Pothos \u00e9 eleito Metropolita da Su\u00ed\u00e7a, do Patriarcado Ecum\u00eanico | ECCLESIA NEWS<\/title>\n<meta name=\"robots\" content=\"index, follow, max-snippet:-1, max-image-preview:large, max-video-preview:-1\" \/>\n<link rel=\"canonical\" href=\"https:\/\/news.ecclesia.org.br\/?p=25528\" \/>\n<meta property=\"og:locale\" content=\"pt_BR\" \/>\n<meta property=\"og:type\" content=\"article\" \/>\n<meta property=\"og:title\" content=\"Arquimandrita Maximos Pothos \u00e9 eleito Metropolita da Su\u00ed\u00e7a, do Patriarcado Ecum\u00eanico | ECCLESIA NEWS\" \/>\n<meta property=\"og:description\" content=\"Durante a sess\u00e3o da \u00faltima ter\u00e7a-feira, 10 de julho, realizada no Mosteiro da Sant\u00edssima Trindade, em Halki, sob a presid\u00eancia de Sua Santidade o Patriarca Bartolomeu I, o Santo S\u00ednodo do Patriarcado Ecum\u00eanico procedeu a tr\u00eas elei\u00e7\u00f5es episcopais. Primeiro, a&#8230;\" \/>\n<meta property=\"og:url\" content=\"https:\/\/news.ecclesia.org.br\/?p=25528\" \/>\n<meta property=\"og:site_name\" content=\"ECCLESIA NEWS\" \/>\n<meta property=\"article:publisher\" content=\"https:\/\/www.facebook.com\/Ecclesia2025\" \/>\n<meta property=\"article:published_time\" content=\"2018-07-12T20:57:11+00:00\" \/>\n<meta property=\"article:modified_time\" content=\"2018-07-12T21:14:44+00:00\" \/>\n<meta property=\"og:image\" content=\"https:\/\/news.ecclesia.org.br\/wp-content\/uploads\/2018\/07\/sinodo-constantinopla.jpg\" \/>\n\t<meta property=\"og:image:width\" content=\"1068\" \/>\n\t<meta property=\"og:image:height\" content=\"712\" \/>\n\t<meta property=\"og:image:type\" content=\"image\/jpeg\" \/>\n<meta name=\"author\" content=\"Pe. Andr\u00e9\" \/>\n<meta name=\"twitter:card\" content=\"summary_large_image\" \/>\n<meta name=\"twitter:creator\" content=\"@EcclesiaNews\" \/>\n<meta name=\"twitter:site\" content=\"@EcclesiaNews\" \/>\n<meta name=\"twitter:label1\" content=\"Escrito por\" \/>\n\t<meta name=\"twitter:data1\" content=\"Pe. Andr\u00e9\" \/>\n\t<meta name=\"twitter:label2\" content=\"Est. tempo de leitura\" \/>\n\t<meta name=\"twitter:data2\" content=\"1 minuto\" \/>\n<script type=\"application\/ld+json\" class=\"yoast-schema-graph\">{\"@context\":\"https:\\\/\\\/schema.org\",\"@graph\":[{\"@type\":\"Article\",\"@id\":\"https:\\\/\\\/news.ecclesia.org.br\\\/?p=25528#article\",\"isPartOf\":{\"@id\":\"https:\\\/\\\/news.ecclesia.org.br\\\/?p=25528\"},\"author\":{\"name\":\"Pe. Andr\u00e9\",\"@id\":\"https:\\\/\\\/news.ecclesia.org.br\\\/#\\\/schema\\\/person\\\/6f09597f025829745ba414a569f63758\"},\"headline\":\"Arquimandrita Maximos Pothos \u00e9 eleito Metropolita da Su\u00ed\u00e7a, do Patriarcado Ecum\u00eanico\",\"datePublished\":\"2018-07-12T20:57:11+00:00\",\"dateModified\":\"2018-07-12T21:14:44+00:00\",\"mainEntityOfPage\":{\"@id\":\"https:\\\/\\\/news.ecclesia.org.br\\\/?p=25528\"},\"wordCount\":163,\"commentCount\":0,\"publisher\":{\"@id\":\"https:\\\/\\\/news.ecclesia.org.br\\\/#organization\"},\"image\":{\"@id\":\"https:\\\/\\\/news.ecclesia.org.br\\\/?p=25528#primaryimage\"},\"thumbnailUrl\":\"https:\\\/\\\/news.ecclesia.org.br\\\/wp-content\\\/uploads\\\/2018\\\/07\\\/sinodo-constantinopla.jpg\",\"articleSection\":[\"NEWS\",\"Patriarcado Ecum\u00eanico\"],\"inLanguage\":\"pt-BR\",\"potentialAction\":[{\"@type\":\"CommentAction\",\"name\":\"Comment\",\"target\":[\"https:\\\/\\\/news.ecclesia.org.br\\\/?p=25528#respond\"]}]},{\"@type\":\"WebPage\",\"@id\":\"https:\\\/\\\/news.ecclesia.org.br\\\/?p=25528\",\"url\":\"https:\\\/\\\/news.ecclesia.org.br\\\/?p=25528\",\"name\":\"Arquimandrita Maximos Pothos \u00e9 eleito Metropolita da Su\u00ed\u00e7a, do Patriarcado Ecum\u00eanico | ECCLESIA NEWS\",\"isPartOf\":{\"@id\":\"https:\\\/\\\/news.ecclesia.org.br\\\/#website\"},\"primaryImageOfPage\":{\"@id\":\"https:\\\/\\\/news.ecclesia.org.br\\\/?p=25528#primaryimage\"},\"image\":{\"@id\":\"https:\\\/\\\/news.ecclesia.org.br\\\/?p=25528#primaryimage\"},\"thumbnailUrl\":\"https:\\\/\\\/news.ecclesia.org.br\\\/wp-content\\\/uploads\\\/2018\\\/07\\\/sinodo-constantinopla.jpg\",\"datePublished\":\"2018-07-12T20:57:11+00:00\",\"dateModified\":\"2018-07-12T21:14:44+00:00\",\"breadcrumb\":{\"@id\":\"https:\\\/\\\/news.ecclesia.org.br\\\/?p=25528#breadcrumb\"},\"inLanguage\":\"pt-BR\",\"potentialAction\":[{\"@type\":\"ReadAction\",\"target\":[\"https:\\\/\\\/news.ecclesia.org.br\\\/?p=25528\"]}]},{\"@type\":\"ImageObject\",\"inLanguage\":\"pt-BR\",\"@id\":\"https:\\\/\\\/news.ecclesia.org.br\\\/?p=25528#primaryimage\",\"url\":\"https:\\\/\\\/news.ecclesia.org.br\\\/wp-content\\\/uploads\\\/2018\\\/07\\\/sinodo-constantinopla.jpg\",\"contentUrl\":\"https:\\\/\\\/news.ecclesia.org.br\\\/wp-content\\\/uploads\\\/2018\\\/07\\\/sinodo-constantinopla.jpg\",\"width\":1068,\"height\":712},{\"@type\":\"BreadcrumbList\",\"@id\":\"https:\\\/\\\/news.ecclesia.org.br\\\/?p=25528#breadcrumb\",\"itemListElement\":[{\"@type\":\"ListItem\",\"position\":1,\"name\":\"In\u00edcio\",\"item\":\"https:\\\/\\\/news.ecclesia.org.br\\\/\"},{\"@type\":\"ListItem\",\"position\":2,\"name\":\"Arquimandrita Maximos Pothos \u00e9 eleito Metropolita da Su\u00ed\u00e7a, do Patriarcado Ecum\u00eanico\"}]},{\"@type\":\"WebSite\",\"@id\":\"https:\\\/\\\/news.ecclesia.org.br\\\/#website\",\"url\":\"https:\\\/\\\/news.ecclesia.org.br\\\/\",\"name\":\"Ecclesia Brasil\",\"description\":\"Desde 2003 onectando o Brasil ao mundo ortodoxo!\",\"publisher\":{\"@id\":\"https:\\\/\\\/news.ecclesia.org.br\\\/#organization\"},\"alternateName\":\"Ecclesia\",\"potentialAction\":[{\"@type\":\"SearchAction\",\"target\":{\"@type\":\"EntryPoint\",\"urlTemplate\":\"https:\\\/\\\/news.ecclesia.org.br\\\/?s={search_term_string}\"},\"query-input\":{\"@type\":\"PropertyValueSpecification\",\"valueRequired\":true,\"valueName\":\"search_term_string\"}}],\"inLanguage\":\"pt-BR\"},{\"@type\":\"Organization\",\"@id\":\"https:\\\/\\\/news.ecclesia.org.br\\\/#organization\",\"name\":\"Sacra Arquidiocese de Buenos Aires e Am\u00e9rica do Sul | Patriarcado Ecum\u00eanico\",\"alternateName\":\"News Ecclesia Brasil\",\"url\":\"https:\\\/\\\/news.ecclesia.org.br\\\/\",\"logo\":{\"@type\":\"ImageObject\",\"inLanguage\":\"pt-BR\",\"@id\":\"https:\\\/\\\/news.ecclesia.org.br\\\/#\\\/schema\\\/logo\\\/image\\\/\",\"url\":\"https:\\\/\\\/news.ecclesia.org.br\\\/wp-content\\\/uploads\\\/2025\\\/05\\\/ecclesia2.png\",\"contentUrl\":\"https:\\\/\\\/news.ecclesia.org.br\\\/wp-content\\\/uploads\\\/2025\\\/05\\\/ecclesia2.png\",\"width\":480,\"height\":120,\"caption\":\"Sacra Arquidiocese de Buenos Aires e Am\u00e9rica do Sul | Patriarcado Ecum\u00eanico\"},\"image\":{\"@id\":\"https:\\\/\\\/news.ecclesia.org.br\\\/#\\\/schema\\\/logo\\\/image\\\/\"},\"sameAs\":[\"https:\\\/\\\/www.facebook.com\\\/Ecclesia2025\",\"https:\\\/\\\/x.com\\\/EcclesiaNews\",\"https:\\\/\\\/br.pinterest.com\\\/ekklisia\\\/\",\"https:\\\/\\\/www.youtube.com\\\/@EcclesiaBrasil\"]},{\"@type\":\"Person\",\"@id\":\"https:\\\/\\\/news.ecclesia.org.br\\\/#\\\/schema\\\/person\\\/6f09597f025829745ba414a569f63758\",\"name\":\"Pe. Andr\u00e9\",\"image\":{\"@type\":\"ImageObject\",\"inLanguage\":\"pt-BR\",\"@id\":\"https:\\\/\\\/secure.gravatar.com\\\/avatar\\\/b4327cfa27e9799da239a26adcd534fc29cdc0c4a4a148eecbcfeb9b42c617ac?s=96&d=mm&r=g\",\"url\":\"https:\\\/\\\/secure.gravatar.com\\\/avatar\\\/b4327cfa27e9799da239a26adcd534fc29cdc0c4a4a148eecbcfeb9b42c617ac?s=96&d=mm&r=g\",\"contentUrl\":\"https:\\\/\\\/secure.gravatar.com\\\/avatar\\\/b4327cfa27e9799da239a26adcd534fc29cdc0c4a4a148eecbcfeb9b42c617ac?s=96&d=mm&r=g\",\"caption\":\"Pe. Andr\u00e9\"},\"sameAs\":[\"https:\\\/\\\/www.ecclesia.org.br\"]}]}<\/script>\n<!-- \/ Yoast SEO plugin. -->","yoast_head_json":{"title":"Arquimandrita Maximos Pothos \u00e9 eleito Metropolita da Su\u00ed\u00e7a, do Patriarcado Ecum\u00eanico | ECCLESIA NEWS","robots":{"index":"index","follow":"follow","max-snippet":"max-snippet:-1","max-image-preview":"max-image-preview:large","max-video-preview":"max-video-preview:-1"},"canonical":"https:\/\/news.ecclesia.org.br\/?p=25528","og_locale":"pt_BR","og_type":"article","og_title":"Arquimandrita Maximos Pothos \u00e9 eleito Metropolita da Su\u00ed\u00e7a, do Patriarcado Ecum\u00eanico | ECCLESIA NEWS","og_description":"Durante a sess\u00e3o da \u00faltima ter\u00e7a-feira, 10 de julho, realizada no Mosteiro da Sant\u00edssima Trindade, em Halki, sob a presid\u00eancia de Sua Santidade o Patriarca Bartolomeu I, o Santo S\u00ednodo do Patriarcado Ecum\u00eanico procedeu a tr\u00eas elei\u00e7\u00f5es episcopais. Primeiro, a&#8230;","og_url":"https:\/\/news.ecclesia.org.br\/?p=25528","og_site_name":"ECCLESIA NEWS","article_publisher":"https:\/\/www.facebook.com\/Ecclesia2025","article_published_time":"2018-07-12T20:57:11+00:00","article_modified_time":"2018-07-12T21:14:44+00:00","og_image":[{"width":1068,"height":712,"url":"https:\/\/news.ecclesia.org.br\/wp-content\/uploads\/2018\/07\/sinodo-constantinopla.jpg","type":"image\/jpeg"}],"author":"Pe. Andr\u00e9","twitter_card":"summary_large_image","twitter_creator":"@EcclesiaNews","twitter_site":"@EcclesiaNews","twitter_misc":{"Escrito por":"Pe. Andr\u00e9","Est. tempo de leitura":"1 minuto"},"schema":{"@context":"https:\/\/schema.org","@graph":[{"@type":"Article","@id":"https:\/\/news.ecclesia.org.br\/?p=25528#article","isPartOf":{"@id":"https:\/\/news.ecclesia.org.br\/?p=25528"},"author":{"name":"Pe. Andr\u00e9","@id":"https:\/\/news.ecclesia.org.br\/#\/schema\/person\/6f09597f025829745ba414a569f63758"},"headline":"Arquimandrita Maximos Pothos \u00e9 eleito Metropolita da Su\u00ed\u00e7a, do Patriarcado Ecum\u00eanico","datePublished":"2018-07-12T20:57:11+00:00","dateModified":"2018-07-12T21:14:44+00:00","mainEntityOfPage":{"@id":"https:\/\/news.ecclesia.org.br\/?p=25528"},"wordCount":163,"commentCount":0,"publisher":{"@id":"https:\/\/news.ecclesia.org.br\/#organization"},"image":{"@id":"https:\/\/news.ecclesia.org.br\/?p=25528#primaryimage"},"thumbnailUrl":"https:\/\/news.ecclesia.org.br\/wp-content\/uploads\/2018\/07\/sinodo-constantinopla.jpg","articleSection":["NEWS","Patriarcado Ecum\u00eanico"],"inLanguage":"pt-BR","potentialAction":[{"@type":"CommentAction","name":"Comment","target":["https:\/\/news.ecclesia.org.br\/?p=25528#respond"]}]},{"@type":"WebPage","@id":"https:\/\/news.ecclesia.org.br\/?p=25528","url":"https:\/\/news.ecclesia.org.br\/?p=25528","name":"Arquimandrita Maximos Pothos \u00e9 eleito Metropolita da Su\u00ed\u00e7a, do Patriarcado Ecum\u00eanico | ECCLESIA NEWS","isPartOf":{"@id":"https:\/\/news.ecclesia.org.br\/#website"},"primaryImageOfPage":{"@id":"https:\/\/news.ecclesia.org.br\/?p=25528#primaryimage"},"image":{"@id":"https:\/\/news.ecclesia.org.br\/?p=25528#primaryimage"},"thumbnailUrl":"https:\/\/news.ecclesia.org.br\/wp-content\/uploads\/2018\/07\/sinodo-constantinopla.jpg","datePublished":"2018-07-12T20:57:11+00:00","dateModified":"2018-07-12T21:14:44+00:00","breadcrumb":{"@id":"https:\/\/news.ecclesia.org.br\/?p=25528#breadcrumb"},"inLanguage":"pt-BR","potentialAction":[{"@type":"ReadAction","target":["https:\/\/news.ecclesia.org.br\/?p=25528"]}]},{"@type":"ImageObject","inLanguage":"pt-BR","@id":"https:\/\/news.ecclesia.org.br\/?p=25528#primaryimage","url":"https:\/\/news.ecclesia.org.br\/wp-content\/uploads\/2018\/07\/sinodo-constantinopla.jpg","contentUrl":"https:\/\/news.ecclesia.org.br\/wp-content\/uploads\/2018\/07\/sinodo-constantinopla.jpg","width":1068,"height":712},{"@type":"BreadcrumbList","@id":"https:\/\/news.ecclesia.org.br\/?p=25528#breadcrumb","itemListElement":[{"@type":"ListItem","position":1,"name":"In\u00edcio","item":"https:\/\/news.ecclesia.org.br\/"},{"@type":"ListItem","position":2,"name":"Arquimandrita Maximos Pothos \u00e9 eleito Metropolita da Su\u00ed\u00e7a, do Patriarcado Ecum\u00eanico"}]},{"@type":"WebSite","@id":"https:\/\/news.ecclesia.org.br\/#website","url":"https:\/\/news.ecclesia.org.br\/","name":"Ecclesia Brasil","description":"Desde 2003 onectando o Brasil ao mundo ortodoxo!","publisher":{"@id":"https:\/\/news.ecclesia.org.br\/#organization"},"alternateName":"Ecclesia","potentialAction":[{"@type":"SearchAction","target":{"@type":"EntryPoint","urlTemplate":"https:\/\/news.ecclesia.org.br\/?s={search_term_string}"},"query-input":{"@type":"PropertyValueSpecification","valueRequired":true,"valueName":"search_term_string"}}],"inLanguage":"pt-BR"},{"@type":"Organization","@id":"https:\/\/news.ecclesia.org.br\/#organization","name":"Sacra Arquidiocese de Buenos Aires e Am\u00e9rica do Sul | Patriarcado Ecum\u00eanico","alternateName":"News Ecclesia Brasil","url":"https:\/\/news.ecclesia.org.br\/","logo":{"@type":"ImageObject","inLanguage":"pt-BR","@id":"https:\/\/news.ecclesia.org.br\/#\/schema\/logo\/image\/","url":"https:\/\/news.ecclesia.org.br\/wp-content\/uploads\/2025\/05\/ecclesia2.png","contentUrl":"https:\/\/news.ecclesia.org.br\/wp-content\/uploads\/2025\/05\/ecclesia2.png","width":480,"height":120,"caption":"Sacra Arquidiocese de Buenos Aires e Am\u00e9rica do Sul | Patriarcado Ecum\u00eanico"},"image":{"@id":"https:\/\/news.ecclesia.org.br\/#\/schema\/logo\/image\/"},"sameAs":["https:\/\/www.facebook.com\/Ecclesia2025","https:\/\/x.com\/EcclesiaNews","https:\/\/br.pinterest.com\/ekklisia\/","https:\/\/www.youtube.com\/@EcclesiaBrasil"]},{"@type":"Person","@id":"https:\/\/news.ecclesia.org.br\/#\/schema\/person\/6f09597f025829745ba414a569f63758","name":"Pe. Andr\u00e9","image":{"@type":"ImageObject","inLanguage":"pt-BR","@id":"https:\/\/secure.gravatar.com\/avatar\/b4327cfa27e9799da239a26adcd534fc29cdc0c4a4a148eecbcfeb9b42c617ac?s=96&d=mm&r=g","url":"https:\/\/secure.gravatar.com\/avatar\/b4327cfa27e9799da239a26adcd534fc29cdc0c4a4a148eecbcfeb9b42c617ac?s=96&d=mm&r=g","contentUrl":"https:\/\/secure.gravatar.com\/avatar\/b4327cfa27e9799da239a26adcd534fc29cdc0c4a4a148eecbcfeb9b42c617ac?s=96&d=mm&r=g","caption":"Pe. Andr\u00e9"},"sameAs":["https:\/\/www.ecclesia.org.br"]}]}},"_links":{"self":[{"href":"https:\/\/news.ecclesia.org.br\/index.php?rest_route=\/wp\/v2\/posts\/25528","targetHints":{"allow":["GET"]}}],"collection":[{"href":"https:\/\/news.ecclesia.org.br\/index.php?rest_route=\/wp\/v2\/posts"}],"about":[{"href":"https:\/\/news.ecclesia.org.br\/index.php?rest_route=\/wp\/v2\/types\/post"}],"author":[{"embeddable":true,"href":"https:\/\/news.ecclesia.org.br\/index.php?rest_route=\/wp\/v2\/users\/1"}],"replies":[{"embeddable":true,"href":"https:\/\/news.ecclesia.org.br\/index.php?rest_route=%2Fwp%2Fv2%2Fcomments&post=25528"}],"version-history":[{"count":0,"href":"https:\/\/news.ecclesia.org.br\/index.php?rest_route=\/wp\/v2\/posts\/25528\/revisions"}],"wp:featuredmedia":[{"embeddable":true,"href":"https:\/\/news.ecclesia.org.br\/index.php?rest_route=\/wp\/v2\/media\/25529"}],"wp:attachment":[{"href":"https:\/\/news.ecclesia.org.br\/index.php?rest_route=%2Fwp%2Fv2%2Fmedia&parent=25528"}],"wp:term":[{"taxonomy":"category","embeddable":true,"href":"https:\/\/news.ecclesia.org.br\/index.php?rest_route=%2Fwp%2Fv2%2Fcategories&post=25528"},{"taxonomy":"post_tag","embeddable":true,"href":"https:\/\/news.ecclesia.org.br\/index.php?rest_route=%2Fwp%2Fv2%2Ftags&post=25528"}],"curies":[{"name":"wp","href":"https:\/\/api.w.org\/{rel}","templated":true}]}}