{"id":25464,"date":"2018-07-07T13:42:47","date_gmt":"2018-07-07T13:42:47","guid":{"rendered":"https:\/\/news.ecclesia.org.br\/?p=25464"},"modified":"2018-07-09T01:00:40","modified_gmt":"2018-07-09T01:00:40","slug":"patriarca-ecumenico-e-papa-francisco-rezam-juntos-pelo-oriente-medio","status":"publish","type":"post","link":"https:\/\/news.ecclesia.org.br\/?p=25464","title":{"rendered":"Patriarca Ecum\u00eanico e Papa Francisco rezam juntos em Bari (It\u00e1lia) pela Paz no Oriente M\u00e9dio"},"content":{"rendered":"<p style=\"text-align: justify;\"><div id=\"galleria-25464\"><a href=\"https:\/\/news.ecclesia.org.br\/wp-content\/uploads\/2018\/07\/bari2018-001.jpg\"><img decoding=\"async\" title=\"bari2018-001\" alt=\"\" src=\"https:\/\/news.ecclesia.org.br\/wp-content\/uploads\/2018\/07\/bari2018-001-98x55.jpg\" data-big=\"https:\/\/news.ecclesia.org.br\/wp-content\/uploads\/2018\/07\/bari2018-001.jpg\"><\/a><a href=\"https:\/\/news.ecclesia.org.br\/wp-content\/uploads\/2018\/07\/bari2018-002.jpg\"><img decoding=\"async\" title=\"bari2018-002\" alt=\"\" src=\"https:\/\/news.ecclesia.org.br\/wp-content\/uploads\/2018\/07\/bari2018-002-98x55.jpg\" data-big=\"https:\/\/news.ecclesia.org.br\/wp-content\/uploads\/2018\/07\/bari2018-002.jpg\"><\/a><a href=\"https:\/\/news.ecclesia.org.br\/wp-content\/uploads\/2018\/07\/bari2018-003.jpg\"><img decoding=\"async\" title=\"bari2018-003\" alt=\"\" src=\"https:\/\/news.ecclesia.org.br\/wp-content\/uploads\/2018\/07\/bari2018-003-98x55.jpg\" data-big=\"https:\/\/news.ecclesia.org.br\/wp-content\/uploads\/2018\/07\/bari2018-003.jpg\"><\/a><a href=\"https:\/\/news.ecclesia.org.br\/wp-content\/uploads\/2018\/07\/bari2018-004.jpg\"><img decoding=\"async\" title=\"bari2018-004\" alt=\"\" src=\"https:\/\/news.ecclesia.org.br\/wp-content\/uploads\/2018\/07\/bari2018-004-98x55.jpg\" data-big=\"https:\/\/news.ecclesia.org.br\/wp-content\/uploads\/2018\/07\/bari2018-004.jpg\"><\/a><a href=\"https:\/\/news.ecclesia.org.br\/wp-content\/uploads\/2018\/07\/bari2018-005.jpg\"><img decoding=\"async\" title=\"bari2018-005\" alt=\"\" src=\"https:\/\/news.ecclesia.org.br\/wp-content\/uploads\/2018\/07\/bari2018-005-98x55.jpg\" data-big=\"https:\/\/news.ecclesia.org.br\/wp-content\/uploads\/2018\/07\/bari2018-005.jpg\"><\/a><a href=\"https:\/\/news.ecclesia.org.br\/wp-content\/uploads\/2018\/07\/bari2018-006.jpg\"><img decoding=\"async\" title=\"bari2018-006\" alt=\"\" src=\"https:\/\/news.ecclesia.org.br\/wp-content\/uploads\/2018\/07\/bari2018-006-98x55.jpg\" data-big=\"https:\/\/news.ecclesia.org.br\/wp-content\/uploads\/2018\/07\/bari2018-006.jpg\"><\/a><a href=\"https:\/\/news.ecclesia.org.br\/wp-content\/uploads\/2018\/07\/bari2018-007.jpg\"><img decoding=\"async\" title=\"bari2018-007\" alt=\"\" src=\"https:\/\/news.ecclesia.org.br\/wp-content\/uploads\/2018\/07\/bari2018-007-98x55.jpg\" data-big=\"https:\/\/news.ecclesia.org.br\/wp-content\/uploads\/2018\/07\/bari2018-007.jpg\"><\/a><a href=\"https:\/\/news.ecclesia.org.br\/wp-content\/uploads\/2018\/07\/bari2018-009-1024x682.jpg\"><img decoding=\"async\" title=\"bari2018-009\" alt=\"\" src=\"https:\/\/news.ecclesia.org.br\/wp-content\/uploads\/2018\/07\/bari2018-009-83x55.jpg\" data-big=\"https:\/\/news.ecclesia.org.br\/wp-content\/uploads\/2018\/07\/bari2018-009-1024x682.jpg\"><\/a><a href=\"https:\/\/news.ecclesia.org.br\/wp-content\/uploads\/2018\/07\/bari2018-010-1024x682.jpg\"><img decoding=\"async\" title=\"bari2018-010\" alt=\"\" src=\"https:\/\/news.ecclesia.org.br\/wp-content\/uploads\/2018\/07\/bari2018-010-83x55.jpg\" data-big=\"https:\/\/news.ecclesia.org.br\/wp-content\/uploads\/2018\/07\/bari2018-010-1024x682.jpg\"><\/a><a href=\"https:\/\/news.ecclesia.org.br\/wp-content\/uploads\/2018\/07\/bari2018-011-1024x682.jpg\"><img decoding=\"async\" title=\"bari2018-011\" alt=\"\" src=\"https:\/\/news.ecclesia.org.br\/wp-content\/uploads\/2018\/07\/bari2018-011-83x55.jpg\" data-big=\"https:\/\/news.ecclesia.org.br\/wp-content\/uploads\/2018\/07\/bari2018-011-1024x682.jpg\"><\/a><a href=\"https:\/\/news.ecclesia.org.br\/wp-content\/uploads\/2018\/07\/bari2018-012-1024x682.jpg\"><img decoding=\"async\" title=\"bari2018-012\" alt=\"\" src=\"https:\/\/news.ecclesia.org.br\/wp-content\/uploads\/2018\/07\/bari2018-012-83x55.jpg\" data-big=\"https:\/\/news.ecclesia.org.br\/wp-content\/uploads\/2018\/07\/bari2018-012-1024x682.jpg\"><\/a><a href=\"https:\/\/news.ecclesia.org.br\/wp-content\/uploads\/2018\/07\/bari2018-013-1024x682.jpg\"><img decoding=\"async\" title=\"bari2018-013\" alt=\"\" src=\"https:\/\/news.ecclesia.org.br\/wp-content\/uploads\/2018\/07\/bari2018-013-83x55.jpg\" data-big=\"https:\/\/news.ecclesia.org.br\/wp-content\/uploads\/2018\/07\/bari2018-013-1024x682.jpg\"><\/a><a href=\"https:\/\/news.ecclesia.org.br\/wp-content\/uploads\/2018\/07\/bari2018-014-1024x682.jpg\"><img decoding=\"async\" title=\"bari2018-014\" alt=\"\" src=\"https:\/\/news.ecclesia.org.br\/wp-content\/uploads\/2018\/07\/bari2018-014-83x55.jpg\" data-big=\"https:\/\/news.ecclesia.org.br\/wp-content\/uploads\/2018\/07\/bari2018-014-1024x682.jpg\"><\/a><a href=\"https:\/\/news.ecclesia.org.br\/wp-content\/uploads\/2018\/07\/bari2018-015-1024x682.jpg\"><img decoding=\"async\" title=\"bari2018-015\" alt=\"\" src=\"https:\/\/news.ecclesia.org.br\/wp-content\/uploads\/2018\/07\/bari2018-015-83x55.jpg\" data-big=\"https:\/\/news.ecclesia.org.br\/wp-content\/uploads\/2018\/07\/bari2018-015-1024x682.jpg\"><\/a><a href=\"https:\/\/news.ecclesia.org.br\/wp-content\/uploads\/2018\/07\/bari2018-016-1024x682.jpg\"><img decoding=\"async\" title=\"bari2018-016\" alt=\"\" src=\"https:\/\/news.ecclesia.org.br\/wp-content\/uploads\/2018\/07\/bari2018-016-83x55.jpg\" data-big=\"https:\/\/news.ecclesia.org.br\/wp-content\/uploads\/2018\/07\/bari2018-016-1024x682.jpg\"><\/a><a href=\"https:\/\/news.ecclesia.org.br\/wp-content\/uploads\/2018\/07\/bari2018-017-1024x682.jpg\"><img decoding=\"async\" title=\"bari2018-017\" alt=\"\" src=\"https:\/\/news.ecclesia.org.br\/wp-content\/uploads\/2018\/07\/bari2018-017-83x55.jpg\" data-big=\"https:\/\/news.ecclesia.org.br\/wp-content\/uploads\/2018\/07\/bari2018-017-1024x682.jpg\"><\/a><a href=\"https:\/\/news.ecclesia.org.br\/wp-content\/uploads\/2018\/07\/bari2018-018-1024x682.jpg\"><img decoding=\"async\" title=\"bari2018-018\" alt=\"\" src=\"https:\/\/news.ecclesia.org.br\/wp-content\/uploads\/2018\/07\/bari2018-018-83x55.jpg\" data-big=\"https:\/\/news.ecclesia.org.br\/wp-content\/uploads\/2018\/07\/bari2018-018-1024x682.jpg\"><\/a><\/div><\/p>\n<p style=\"text-align: justify;\">Com as presen\u00e7as do Papa Francisco, do Patriarca Ecum\u00eanico Bartolomeu I e de outros L\u00edderes crist\u00e3os do Oriente M\u00e9dio, realizou-se neste s\u00e1bado, 7 de julho de 2018, em Bari, It\u00e1lia, um momento de Ora\u00e7\u00e3o pela Paz no Oriente M\u00e9dio. O Papa Francisco escolheu Bari porque \u00e9 considerada, na It\u00e1lia, o port\u00e3o do Oriente, tendo como patrono S\u00e3o Nicolau. E por esta raz\u00e3o os l\u00edderes religiosos come\u00e7aram seu programa rezando juntos na igreja onde est\u00e3o guardadas suas rel\u00edquias. Dezenas de milhares de fi\u00e9is correram cedo para as ruas, aplaudindo os l\u00edderes crist\u00e3os. As ora\u00e7\u00f5es foram em italiano, grego, ingl\u00eas, \u00e1rabe, arm\u00eanio e ass\u00edrio. A principal ideia que fundamenta esta iniciativa \u00e9 que as diferen\u00e7as devem ser resolvidas atrav\u00e9s do di\u00e1logo e n\u00e3o pela viol\u00eancia. Com o Papa Francisco e o Patriarca Ecum\u00eanico, est\u00e3o hoje em Bari o Patriarca Teodoro de Alexandria, o Papa e Patriarca Teodoro II, dos coptas, e o Metropolita Hilarion de Volokolamsk do Patriarcado de Moscou, al\u00e9m de outros importantes representantes dos crist\u00e3os orientais e ortodoxos.<\/p>\n<hr \/>\n<p style=\"text-align: right;\">Fonte: <a href=\"http:\/\/fanarion.blogspot.com\/\" target=\"_blank\" rel=\"noopener\">\u03a6\u03c9\u03c2 \u03a6\u03b1\u03bd\u03b1\u03c1\u03af\u03bf\u03c5\u00a0<\/a><br \/>\nFotos: <a href=\"https:\/\/www.vaticannews.va\/pt\/papa\/news\/2018-07\/papa-francisco-bari-paz-encontro-oracao.html\" target=\"_blank\" rel=\"noopener\">Vatican News\u00a0<\/a><\/p>\n<hr \/>\n<h3 style=\"text-align: left;\">Vatican NEWS<\/h3>\n<p style=\"text-align: justify;\">Logo ap\u00f3s chegar \u00e0 cidade de Bari (sul da It\u00e1lia), o Santo Padre e os Patriarcas desceram \u00e0 cripta da Bas\u00edlica para a venera\u00e7\u00e3o das rel\u00edquias de S\u00e3o Nicola<span class=\"text_exposed_show\">u e o acendimento da lamparina &#8220;uniflamma&#8221; em forma de caravela, que simboliza a \u00fanica f\u00e9 cat\u00f3lica e ortodoxa. A seguir, deslocaram-se juntos, em um \u00f4nibus aberto, at\u00e9 a pra\u00e7a beira-mar \u201cRotonda\u201d de Bari, para o encontro de ora\u00e7\u00e3o pela paz no Oriente M\u00e9dio. Estavam presentes:<\/span><\/p>\n<h3 style=\"text-align: justify;\">Igrejas Ortodoxas<\/h3>\n<div class=\"text_exposed_show\">\n<p>S.S. Bartolomeu I \u2013 Patriarca Ecum\u00eanico<br \/>\nS.B. Theodoros II &#8211; Patriarca Greco-ortodoxo de Alexandria e de toda a \u00c1frica<br \/>\nS.E. Nektarios \u2013 Arcebispo de Anthedon, Vig\u00e1rio Patriarcal em Constantinopla, representando o Patriarca Greco-ortodoxo de Jerusal\u00e9m Theophilos III<br \/>\nS.E. Hilarion \u2013 Metropolita de Volokolamsk, representando o Patriarca de Moscou e de toda a R\u00fassia Kirill<br \/>\nS.E. Vasilios \u2013 Metropolita de Konstantia e Ammochostos, representando o Arcebispo de Nea Justiniana e todo Chipre Chrysostomos II<\/p>\n<h3>Igrejas Ortodoxas Orientais<\/h3>\n<p>S.S. Tawadros II \u2013 Patriarca da Igreja Copta Ortodoxa<br \/>\nS.S. Ignatius Aphrem II \u2013 Patriarca S\u00edrio-ortodoxo de Antioquia e de todo Oriente<br \/>\nS.G. Hovakin \u2013 Bispo do Reino Unido e Irlanda, representando Karekin II, Patriarca Supremo e Catholicos de todos os Arm\u00eanios.<br \/>\nS.S. Aram I \u2013 Catholicos da Cil\u00edcia de todos os Arm\u00eanios<\/p>\n<h3>Igreja Ortodoxa Ass\u00edria<\/h3>\n<p>S.S. Mar Gewargis II \u2013 Catholicos Patriarca da Igreja Ass\u00edria do Oriente<\/p>\n<h3>Igrejas Cat\u00f3licas Orientais<\/h3>\n<p>S.B. Ibraham \u2013 Patriarca de Alexandria dos Coptas<br \/>\nS.B. Ignace Youssif III \u2013 Patriarca de Antioquia dos S\u00edrios<br \/>\nS.B. B\u00e9chara Boutros Ra\u00ef \u2013 Patriarca Maronita de Antioquia e de todo o Oriente<br \/>\nS.E. Jean-Cl\u00e9ment Jeanbart \u2013 Arcebispo Metropolitano de Aleppo dos Greco-melquitas, representando S.B. Youssef, Patriarca do Patriarcado Melquita de Antioquia<br \/>\nS.B. \u2013 Cardeal Louis Rapha\u00ebl I Sako, Patriarca de Babil\u00f4nia dos Caldeus<br \/>\nS.B. Cardeal Krikor Bedros XX \u2013 Catholicos Patriarca da Cil\u00edcia da Igreja Cat\u00f3lica Arm\u00eania<br \/>\nS.E. Pierbattista Pizzaballa \u2013 Administrador Apost\u00f3lico sede vacante do Patriarcado Latino de Jerusal\u00e9m<\/p>\n<h3>Igreja Luterana<\/h3>\n<p>Rev. Sani Ibrahim Azar \u2013 Bispo da Igreja Evang\u00e9lica Luterana na Jord\u00e2nia e Terra Santa<\/p>\n<h3>Conselho de Igrejas do Oriente M\u00e9dio<\/h3>\n<p>Dr. Souraya Bechealany \u2013 Secret\u00e1rio Geral do Conselho de Igrejas do Oriente M\u00e9dio<\/p>\n<\/div>\n","protected":false},"excerpt":{"rendered":"<p>Com as presen\u00e7as do Papa Francisco, do Patriarca Ecum\u00eanico Bartolomeu I e de outros L\u00edderes crist\u00e3os do Oriente M\u00e9dio, realizou-se neste s\u00e1bado, 7 de julho de 2018, em Bari, It\u00e1lia, um momento de Ora\u00e7\u00e3o pela Paz no Oriente M\u00e9dio. O&#8230;<\/p>\n","protected":false},"author":1,"featured_media":25466,"comment_status":"open","ping_status":"open","sticky":false,"template":"","format":"standard","meta":{"_acf_changed":false,"footnotes":""},"categories":[3,1,72],"tags":[],"class_list":["post-25464","post","type-post","status-publish","format-standard","has-post-thumbnail","hentry","category-mundo","category-news","category-patriarcado-ecumenico","entry","rows-excerpt"],"acf":[],"yoast_head":"<!-- This site is optimized with the Yoast SEO plugin v27.4 - https:\/\/yoast.com\/product\/yoast-seo-wordpress\/ -->\n<title>Patriarca Ecum\u00eanico e Papa Francisco rezam juntos em Bari (It\u00e1lia) pela Paz no Oriente M\u00e9dio | ECCLESIA NEWS<\/title>\n<meta name=\"robots\" content=\"index, follow, max-snippet:-1, max-image-preview:large, max-video-preview:-1\" \/>\n<link rel=\"canonical\" href=\"https:\/\/news.ecclesia.org.br\/?p=25464\" \/>\n<meta property=\"og:locale\" content=\"pt_BR\" \/>\n<meta property=\"og:type\" content=\"article\" \/>\n<meta property=\"og:title\" content=\"Patriarca Ecum\u00eanico e Papa Francisco rezam juntos em Bari (It\u00e1lia) pela Paz no Oriente M\u00e9dio | ECCLESIA NEWS\" \/>\n<meta property=\"og:description\" content=\"Com as presen\u00e7as do Papa Francisco, do Patriarca Ecum\u00eanico Bartolomeu I e de outros L\u00edderes crist\u00e3os do Oriente M\u00e9dio, realizou-se neste s\u00e1bado, 7 de julho de 2018, em Bari, It\u00e1lia, um momento de Ora\u00e7\u00e3o pela Paz no Oriente M\u00e9dio. O&#8230;\" \/>\n<meta property=\"og:url\" content=\"https:\/\/news.ecclesia.org.br\/?p=25464\" \/>\n<meta property=\"og:site_name\" content=\"ECCLESIA NEWS\" \/>\n<meta property=\"article:publisher\" content=\"https:\/\/www.facebook.com\/Ecclesia2025\" \/>\n<meta property=\"article:published_time\" content=\"2018-07-07T13:42:47+00:00\" \/>\n<meta property=\"article:modified_time\" content=\"2018-07-09T01:00:40+00:00\" \/>\n<meta property=\"og:image\" content=\"https:\/\/news.ecclesia.org.br\/wp-content\/uploads\/2018\/07\/bari2018-002.jpg\" \/>\n\t<meta property=\"og:image:width\" content=\"1000\" \/>\n\t<meta property=\"og:image:height\" content=\"563\" \/>\n\t<meta property=\"og:image:type\" content=\"image\/jpeg\" \/>\n<meta name=\"author\" content=\"Pe. Andr\u00e9\" \/>\n<meta name=\"twitter:card\" content=\"summary_large_image\" \/>\n<meta name=\"twitter:creator\" content=\"@EcclesiaNews\" \/>\n<meta name=\"twitter:site\" content=\"@EcclesiaNews\" \/>\n<meta name=\"twitter:label1\" content=\"Escrito por\" \/>\n\t<meta name=\"twitter:data1\" content=\"Pe. Andr\u00e9\" \/>\n\t<meta name=\"twitter:label2\" content=\"Est. tempo de leitura\" \/>\n\t<meta name=\"twitter:data2\" content=\"3 minutos\" \/>\n<script type=\"application\/ld+json\" class=\"yoast-schema-graph\">{\"@context\":\"https:\\\/\\\/schema.org\",\"@graph\":[{\"@type\":\"Article\",\"@id\":\"https:\\\/\\\/news.ecclesia.org.br\\\/?p=25464#article\",\"isPartOf\":{\"@id\":\"https:\\\/\\\/news.ecclesia.org.br\\\/?p=25464\"},\"author\":{\"name\":\"Pe. Andr\u00e9\",\"@id\":\"https:\\\/\\\/news.ecclesia.org.br\\\/#\\\/schema\\\/person\\\/6f09597f025829745ba414a569f63758\"},\"headline\":\"Patriarca Ecum\u00eanico e Papa Francisco rezam juntos em Bari (It\u00e1lia) pela Paz no Oriente M\u00e9dio\",\"datePublished\":\"2018-07-07T13:42:47+00:00\",\"dateModified\":\"2018-07-09T01:00:40+00:00\",\"mainEntityOfPage\":{\"@id\":\"https:\\\/\\\/news.ecclesia.org.br\\\/?p=25464\"},\"wordCount\":609,\"commentCount\":0,\"publisher\":{\"@id\":\"https:\\\/\\\/news.ecclesia.org.br\\\/#organization\"},\"image\":{\"@id\":\"https:\\\/\\\/news.ecclesia.org.br\\\/?p=25464#primaryimage\"},\"thumbnailUrl\":\"https:\\\/\\\/news.ecclesia.org.br\\\/wp-content\\\/uploads\\\/2018\\\/07\\\/bari2018-002.jpg\",\"articleSection\":[\"Mundo Ortodoxo\",\"NEWS\",\"Patriarcado Ecum\u00eanico\"],\"inLanguage\":\"pt-BR\",\"potentialAction\":[{\"@type\":\"CommentAction\",\"name\":\"Comment\",\"target\":[\"https:\\\/\\\/news.ecclesia.org.br\\\/?p=25464#respond\"]}]},{\"@type\":\"WebPage\",\"@id\":\"https:\\\/\\\/news.ecclesia.org.br\\\/?p=25464\",\"url\":\"https:\\\/\\\/news.ecclesia.org.br\\\/?p=25464\",\"name\":\"Patriarca Ecum\u00eanico e Papa Francisco rezam juntos em Bari (It\u00e1lia) pela Paz no Oriente M\u00e9dio | ECCLESIA NEWS\",\"isPartOf\":{\"@id\":\"https:\\\/\\\/news.ecclesia.org.br\\\/#website\"},\"primaryImageOfPage\":{\"@id\":\"https:\\\/\\\/news.ecclesia.org.br\\\/?p=25464#primaryimage\"},\"image\":{\"@id\":\"https:\\\/\\\/news.ecclesia.org.br\\\/?p=25464#primaryimage\"},\"thumbnailUrl\":\"https:\\\/\\\/news.ecclesia.org.br\\\/wp-content\\\/uploads\\\/2018\\\/07\\\/bari2018-002.jpg\",\"datePublished\":\"2018-07-07T13:42:47+00:00\",\"dateModified\":\"2018-07-09T01:00:40+00:00\",\"breadcrumb\":{\"@id\":\"https:\\\/\\\/news.ecclesia.org.br\\\/?p=25464#breadcrumb\"},\"inLanguage\":\"pt-BR\",\"potentialAction\":[{\"@type\":\"ReadAction\",\"target\":[\"https:\\\/\\\/news.ecclesia.org.br\\\/?p=25464\"]}]},{\"@type\":\"ImageObject\",\"inLanguage\":\"pt-BR\",\"@id\":\"https:\\\/\\\/news.ecclesia.org.br\\\/?p=25464#primaryimage\",\"url\":\"https:\\\/\\\/news.ecclesia.org.br\\\/wp-content\\\/uploads\\\/2018\\\/07\\\/bari2018-002.jpg\",\"contentUrl\":\"https:\\\/\\\/news.ecclesia.org.br\\\/wp-content\\\/uploads\\\/2018\\\/07\\\/bari2018-002.jpg\",\"width\":1000,\"height\":563},{\"@type\":\"BreadcrumbList\",\"@id\":\"https:\\\/\\\/news.ecclesia.org.br\\\/?p=25464#breadcrumb\",\"itemListElement\":[{\"@type\":\"ListItem\",\"position\":1,\"name\":\"In\u00edcio\",\"item\":\"https:\\\/\\\/news.ecclesia.org.br\\\/\"},{\"@type\":\"ListItem\",\"position\":2,\"name\":\"Patriarca Ecum\u00eanico e Papa Francisco rezam juntos em Bari (It\u00e1lia) pela Paz no Oriente M\u00e9dio\"}]},{\"@type\":\"WebSite\",\"@id\":\"https:\\\/\\\/news.ecclesia.org.br\\\/#website\",\"url\":\"https:\\\/\\\/news.ecclesia.org.br\\\/\",\"name\":\"Ecclesia Brasil\",\"description\":\"Desde 2003 onectando o Brasil ao mundo ortodoxo!\",\"publisher\":{\"@id\":\"https:\\\/\\\/news.ecclesia.org.br\\\/#organization\"},\"alternateName\":\"Ecclesia\",\"potentialAction\":[{\"@type\":\"SearchAction\",\"target\":{\"@type\":\"EntryPoint\",\"urlTemplate\":\"https:\\\/\\\/news.ecclesia.org.br\\\/?s={search_term_string}\"},\"query-input\":{\"@type\":\"PropertyValueSpecification\",\"valueRequired\":true,\"valueName\":\"search_term_string\"}}],\"inLanguage\":\"pt-BR\"},{\"@type\":\"Organization\",\"@id\":\"https:\\\/\\\/news.ecclesia.org.br\\\/#organization\",\"name\":\"Sacra Arquidiocese de Buenos Aires e Am\u00e9rica do Sul | Patriarcado Ecum\u00eanico\",\"alternateName\":\"News Ecclesia Brasil\",\"url\":\"https:\\\/\\\/news.ecclesia.org.br\\\/\",\"logo\":{\"@type\":\"ImageObject\",\"inLanguage\":\"pt-BR\",\"@id\":\"https:\\\/\\\/news.ecclesia.org.br\\\/#\\\/schema\\\/logo\\\/image\\\/\",\"url\":\"https:\\\/\\\/news.ecclesia.org.br\\\/wp-content\\\/uploads\\\/2025\\\/05\\\/ecclesia2.png\",\"contentUrl\":\"https:\\\/\\\/news.ecclesia.org.br\\\/wp-content\\\/uploads\\\/2025\\\/05\\\/ecclesia2.png\",\"width\":480,\"height\":120,\"caption\":\"Sacra Arquidiocese de Buenos Aires e Am\u00e9rica do Sul | Patriarcado Ecum\u00eanico\"},\"image\":{\"@id\":\"https:\\\/\\\/news.ecclesia.org.br\\\/#\\\/schema\\\/logo\\\/image\\\/\"},\"sameAs\":[\"https:\\\/\\\/www.facebook.com\\\/Ecclesia2025\",\"https:\\\/\\\/x.com\\\/EcclesiaNews\",\"https:\\\/\\\/br.pinterest.com\\\/ekklisia\\\/\",\"https:\\\/\\\/www.youtube.com\\\/@EcclesiaBrasil\"]},{\"@type\":\"Person\",\"@id\":\"https:\\\/\\\/news.ecclesia.org.br\\\/#\\\/schema\\\/person\\\/6f09597f025829745ba414a569f63758\",\"name\":\"Pe. Andr\u00e9\",\"image\":{\"@type\":\"ImageObject\",\"inLanguage\":\"pt-BR\",\"@id\":\"https:\\\/\\\/secure.gravatar.com\\\/avatar\\\/b4327cfa27e9799da239a26adcd534fc29cdc0c4a4a148eecbcfeb9b42c617ac?s=96&d=mm&r=g\",\"url\":\"https:\\\/\\\/secure.gravatar.com\\\/avatar\\\/b4327cfa27e9799da239a26adcd534fc29cdc0c4a4a148eecbcfeb9b42c617ac?s=96&d=mm&r=g\",\"contentUrl\":\"https:\\\/\\\/secure.gravatar.com\\\/avatar\\\/b4327cfa27e9799da239a26adcd534fc29cdc0c4a4a148eecbcfeb9b42c617ac?s=96&d=mm&r=g\",\"caption\":\"Pe. Andr\u00e9\"},\"sameAs\":[\"https:\\\/\\\/www.ecclesia.org.br\"]}]}<\/script>\n<!-- \/ Yoast SEO plugin. -->","yoast_head_json":{"title":"Patriarca Ecum\u00eanico e Papa Francisco rezam juntos em Bari (It\u00e1lia) pela Paz no Oriente M\u00e9dio | ECCLESIA NEWS","robots":{"index":"index","follow":"follow","max-snippet":"max-snippet:-1","max-image-preview":"max-image-preview:large","max-video-preview":"max-video-preview:-1"},"canonical":"https:\/\/news.ecclesia.org.br\/?p=25464","og_locale":"pt_BR","og_type":"article","og_title":"Patriarca Ecum\u00eanico e Papa Francisco rezam juntos em Bari (It\u00e1lia) pela Paz no Oriente M\u00e9dio | ECCLESIA NEWS","og_description":"Com as presen\u00e7as do Papa Francisco, do Patriarca Ecum\u00eanico Bartolomeu I e de outros L\u00edderes crist\u00e3os do Oriente M\u00e9dio, realizou-se neste s\u00e1bado, 7 de julho de 2018, em Bari, It\u00e1lia, um momento de Ora\u00e7\u00e3o pela Paz no Oriente M\u00e9dio. O&#8230;","og_url":"https:\/\/news.ecclesia.org.br\/?p=25464","og_site_name":"ECCLESIA NEWS","article_publisher":"https:\/\/www.facebook.com\/Ecclesia2025","article_published_time":"2018-07-07T13:42:47+00:00","article_modified_time":"2018-07-09T01:00:40+00:00","og_image":[{"width":1000,"height":563,"url":"https:\/\/news.ecclesia.org.br\/wp-content\/uploads\/2018\/07\/bari2018-002.jpg","type":"image\/jpeg"}],"author":"Pe. Andr\u00e9","twitter_card":"summary_large_image","twitter_creator":"@EcclesiaNews","twitter_site":"@EcclesiaNews","twitter_misc":{"Escrito por":"Pe. Andr\u00e9","Est. tempo de leitura":"3 minutos"},"schema":{"@context":"https:\/\/schema.org","@graph":[{"@type":"Article","@id":"https:\/\/news.ecclesia.org.br\/?p=25464#article","isPartOf":{"@id":"https:\/\/news.ecclesia.org.br\/?p=25464"},"author":{"name":"Pe. Andr\u00e9","@id":"https:\/\/news.ecclesia.org.br\/#\/schema\/person\/6f09597f025829745ba414a569f63758"},"headline":"Patriarca Ecum\u00eanico e Papa Francisco rezam juntos em Bari (It\u00e1lia) pela Paz no Oriente M\u00e9dio","datePublished":"2018-07-07T13:42:47+00:00","dateModified":"2018-07-09T01:00:40+00:00","mainEntityOfPage":{"@id":"https:\/\/news.ecclesia.org.br\/?p=25464"},"wordCount":609,"commentCount":0,"publisher":{"@id":"https:\/\/news.ecclesia.org.br\/#organization"},"image":{"@id":"https:\/\/news.ecclesia.org.br\/?p=25464#primaryimage"},"thumbnailUrl":"https:\/\/news.ecclesia.org.br\/wp-content\/uploads\/2018\/07\/bari2018-002.jpg","articleSection":["Mundo Ortodoxo","NEWS","Patriarcado Ecum\u00eanico"],"inLanguage":"pt-BR","potentialAction":[{"@type":"CommentAction","name":"Comment","target":["https:\/\/news.ecclesia.org.br\/?p=25464#respond"]}]},{"@type":"WebPage","@id":"https:\/\/news.ecclesia.org.br\/?p=25464","url":"https:\/\/news.ecclesia.org.br\/?p=25464","name":"Patriarca Ecum\u00eanico e Papa Francisco rezam juntos em Bari (It\u00e1lia) pela Paz no Oriente M\u00e9dio | ECCLESIA NEWS","isPartOf":{"@id":"https:\/\/news.ecclesia.org.br\/#website"},"primaryImageOfPage":{"@id":"https:\/\/news.ecclesia.org.br\/?p=25464#primaryimage"},"image":{"@id":"https:\/\/news.ecclesia.org.br\/?p=25464#primaryimage"},"thumbnailUrl":"https:\/\/news.ecclesia.org.br\/wp-content\/uploads\/2018\/07\/bari2018-002.jpg","datePublished":"2018-07-07T13:42:47+00:00","dateModified":"2018-07-09T01:00:40+00:00","breadcrumb":{"@id":"https:\/\/news.ecclesia.org.br\/?p=25464#breadcrumb"},"inLanguage":"pt-BR","potentialAction":[{"@type":"ReadAction","target":["https:\/\/news.ecclesia.org.br\/?p=25464"]}]},{"@type":"ImageObject","inLanguage":"pt-BR","@id":"https:\/\/news.ecclesia.org.br\/?p=25464#primaryimage","url":"https:\/\/news.ecclesia.org.br\/wp-content\/uploads\/2018\/07\/bari2018-002.jpg","contentUrl":"https:\/\/news.ecclesia.org.br\/wp-content\/uploads\/2018\/07\/bari2018-002.jpg","width":1000,"height":563},{"@type":"BreadcrumbList","@id":"https:\/\/news.ecclesia.org.br\/?p=25464#breadcrumb","itemListElement":[{"@type":"ListItem","position":1,"name":"In\u00edcio","item":"https:\/\/news.ecclesia.org.br\/"},{"@type":"ListItem","position":2,"name":"Patriarca Ecum\u00eanico e Papa Francisco rezam juntos em Bari (It\u00e1lia) pela Paz no Oriente M\u00e9dio"}]},{"@type":"WebSite","@id":"https:\/\/news.ecclesia.org.br\/#website","url":"https:\/\/news.ecclesia.org.br\/","name":"Ecclesia Brasil","description":"Desde 2003 onectando o Brasil ao mundo ortodoxo!","publisher":{"@id":"https:\/\/news.ecclesia.org.br\/#organization"},"alternateName":"Ecclesia","potentialAction":[{"@type":"SearchAction","target":{"@type":"EntryPoint","urlTemplate":"https:\/\/news.ecclesia.org.br\/?s={search_term_string}"},"query-input":{"@type":"PropertyValueSpecification","valueRequired":true,"valueName":"search_term_string"}}],"inLanguage":"pt-BR"},{"@type":"Organization","@id":"https:\/\/news.ecclesia.org.br\/#organization","name":"Sacra Arquidiocese de Buenos Aires e Am\u00e9rica do Sul | Patriarcado Ecum\u00eanico","alternateName":"News Ecclesia Brasil","url":"https:\/\/news.ecclesia.org.br\/","logo":{"@type":"ImageObject","inLanguage":"pt-BR","@id":"https:\/\/news.ecclesia.org.br\/#\/schema\/logo\/image\/","url":"https:\/\/news.ecclesia.org.br\/wp-content\/uploads\/2025\/05\/ecclesia2.png","contentUrl":"https:\/\/news.ecclesia.org.br\/wp-content\/uploads\/2025\/05\/ecclesia2.png","width":480,"height":120,"caption":"Sacra Arquidiocese de Buenos Aires e Am\u00e9rica do Sul | Patriarcado Ecum\u00eanico"},"image":{"@id":"https:\/\/news.ecclesia.org.br\/#\/schema\/logo\/image\/"},"sameAs":["https:\/\/www.facebook.com\/Ecclesia2025","https:\/\/x.com\/EcclesiaNews","https:\/\/br.pinterest.com\/ekklisia\/","https:\/\/www.youtube.com\/@EcclesiaBrasil"]},{"@type":"Person","@id":"https:\/\/news.ecclesia.org.br\/#\/schema\/person\/6f09597f025829745ba414a569f63758","name":"Pe. Andr\u00e9","image":{"@type":"ImageObject","inLanguage":"pt-BR","@id":"https:\/\/secure.gravatar.com\/avatar\/b4327cfa27e9799da239a26adcd534fc29cdc0c4a4a148eecbcfeb9b42c617ac?s=96&d=mm&r=g","url":"https:\/\/secure.gravatar.com\/avatar\/b4327cfa27e9799da239a26adcd534fc29cdc0c4a4a148eecbcfeb9b42c617ac?s=96&d=mm&r=g","contentUrl":"https:\/\/secure.gravatar.com\/avatar\/b4327cfa27e9799da239a26adcd534fc29cdc0c4a4a148eecbcfeb9b42c617ac?s=96&d=mm&r=g","caption":"Pe. Andr\u00e9"},"sameAs":["https:\/\/www.ecclesia.org.br"]}]}},"_links":{"self":[{"href":"https:\/\/news.ecclesia.org.br\/index.php?rest_route=\/wp\/v2\/posts\/25464","targetHints":{"allow":["GET"]}}],"collection":[{"href":"https:\/\/news.ecclesia.org.br\/index.php?rest_route=\/wp\/v2\/posts"}],"about":[{"href":"https:\/\/news.ecclesia.org.br\/index.php?rest_route=\/wp\/v2\/types\/post"}],"author":[{"embeddable":true,"href":"https:\/\/news.ecclesia.org.br\/index.php?rest_route=\/wp\/v2\/users\/1"}],"replies":[{"embeddable":true,"href":"https:\/\/news.ecclesia.org.br\/index.php?rest_route=%2Fwp%2Fv2%2Fcomments&post=25464"}],"version-history":[{"count":0,"href":"https:\/\/news.ecclesia.org.br\/index.php?rest_route=\/wp\/v2\/posts\/25464\/revisions"}],"wp:featuredmedia":[{"embeddable":true,"href":"https:\/\/news.ecclesia.org.br\/index.php?rest_route=\/wp\/v2\/media\/25466"}],"wp:attachment":[{"href":"https:\/\/news.ecclesia.org.br\/index.php?rest_route=%2Fwp%2Fv2%2Fmedia&parent=25464"}],"wp:term":[{"taxonomy":"category","embeddable":true,"href":"https:\/\/news.ecclesia.org.br\/index.php?rest_route=%2Fwp%2Fv2%2Fcategories&post=25464"},{"taxonomy":"post_tag","embeddable":true,"href":"https:\/\/news.ecclesia.org.br\/index.php?rest_route=%2Fwp%2Fv2%2Ftags&post=25464"}],"curies":[{"name":"wp","href":"https:\/\/api.w.org\/{rel}","templated":true}]}}