{"id":25415,"date":"2018-07-04T17:16:21","date_gmt":"2018-07-04T17:16:21","guid":{"rendered":"https:\/\/news.ecclesia.org.br\/?p=25415"},"modified":"2018-07-04T17:16:36","modified_gmt":"2018-07-04T17:16:36","slug":"tawadros-ii-oracao-e-melhor-arma-contra-os-conflitos","status":"publish","type":"post","link":"https:\/\/news.ecclesia.org.br\/?p=25415","title":{"rendered":"Tawadros II: ora\u00e7\u00e3o \u00e9 melhor arma contra os conflitos"},"content":{"rendered":"<p><strong>Esta \u00e9 a &#8220;mensagem&#8221; que os patriarcas de todo o Oriente M\u00e9dio, junto com o Papa, querem lan\u00e7ar ao mundo e \u00e0 comunidade internacional desde Bari, em nome de suas na\u00e7\u00f5es e seus povos. Entrevista com o vice-diretor do Escrit\u00f3rio Ecum\u00eanico da Diocese da Puglia.<\/strong><\/p>\n<figure id=\"attachment_25413\" aria-describedby=\"caption-attachment-25413\" style=\"width: 300px\" class=\"wp-caption alignleft\"><a href=\"https:\/\/news.ecclesia.org.br\/wp-content\/uploads\/2018\/07\/francisco-tawadros.jpg\"><img fetchpriority=\"high\" decoding=\"async\" class=\"size-medium wp-image-25413\" src=\"https:\/\/news.ecclesia.org.br\/wp-content\/uploads\/2018\/07\/francisco-tawadros-300x169.jpg\" alt=\"\" width=\"300\" height=\"169\" srcset=\"https:\/\/news.ecclesia.org.br\/wp-content\/uploads\/2018\/07\/francisco-tawadros-300x169.jpg 300w, https:\/\/news.ecclesia.org.br\/wp-content\/uploads\/2018\/07\/francisco-tawadros-600x338.jpg 600w, https:\/\/news.ecclesia.org.br\/wp-content\/uploads\/2018\/07\/francisco-tawadros-98x55.jpg 98w, https:\/\/news.ecclesia.org.br\/wp-content\/uploads\/2018\/07\/francisco-tawadros.jpg 750w\" sizes=\"(max-width: 300px) 100vw, 300px\" \/><\/a><figcaption id=\"caption-attachment-25413\" class=\"wp-caption-text\">Papa Francisco com Tawadros II no Vaticano<\/figcaption><\/figure>\n<p style=\"text-align: justify;\">Cidade do Vaticano &#8212; &#8220;N\u00f3s acreditamos e confiamos que a ora\u00e7\u00e3o constitui a maior for\u00e7a para nos tirar de qualquer problema, resolver os conflitos e iluminar o nosso futuro em paz e reconcilia\u00e7\u00e3o&#8221;.\u00a0<span style=\"text-align: justify;\">Com este &#8220;estado de esp\u00edrito&#8221;, Tawadros II, Patriarca da Igreja Copta Ortodoxa de Alexandria, prepara-se para participar no dia 7 de julho, na cidade italiana de Bari, do Dia de reflex\u00e3o e ora\u00e7\u00e3o pela paz no Oriente M\u00e9dio, a convite do Papa Francisco. Em entrevista \u00e0 Ag\u00eancia Sir, o l\u00edder da Igreja Copta no Egito enfatiza a import\u00e2ncia da ora\u00e7\u00e3o de todos os l\u00edderes das Igrejas do M\u00e9dio Oriente pela paz nesta martirizada regi\u00e3o. &#8220;Nosso estar juntos \u2013 diz ele &#8211; \u00e9 um sinal do nosso amor de uns pelos outros, e isso \u00e9 a coisa mais importante em nosso encontro. Saber que estamos ali para rezar uns pelos outros nestes momentos dif\u00edceis, certamente levar\u00e1 conforto para aqueles que sofrem&#8221;. &#8220;N\u00f3s gostar\u00edamos que todos no mundo entendessem que o cristianismo tem ra\u00edzes profundas na regi\u00e3o do Oriente M\u00e9dio &#8211; disse o patriarca Tawadros &#8211; por isso \u00e9 importante que pe\u00e7amos para que compreendam nossas tradi\u00e7\u00f5es e os princ\u00edpios sobre os quais vivemos. Por favor, n\u00e3o interfiram nos assuntos internos de nossos pa\u00edses. N\u00f3s podemos resolver nossos problemas no esp\u00edrito de amor, do di\u00e1logo e da compreens\u00e3o&#8221;.<\/span><\/p>\n<p style=\"text-align: justify;\">Como declarou ao Vatican News padre Alfredo Gabrielli, vice-diretor do Escrit\u00f3rio Ecum\u00eanico da Diocese de Bari-Bitonto, uma reflex\u00e3o sobre a paz no Oriente M\u00e9dio s\u00f3 poderia ser ecum\u00eanica, porque quando falamos de paz e n\u00f3s os crist\u00e3os estamos divididos, \u00e9 dif\u00edcil dar testemunho cred\u00edvel da nossa presen\u00e7a no mundo:<\/p>\n<p style=\"text-align: justify;\">\u2014 No entanto, devemos estar cientes sobre qual seja significado da presen\u00e7a crist\u00e3 no mundo de hoje. Eu penso que o Papa Francisco tem insistido muito neste ponto: para al\u00e9m de nossas rela\u00e7\u00f5es interconfessionais, aquilo que pode ser a presen\u00e7a crist\u00e3, o significado do cristianismo, para o mundo inteiro de hoje. E portanto uma reflex\u00e3o sobre a paz nos territ\u00f3rios do Oriente M\u00e9dio s\u00f3 poderia ser ecum\u00eanica, porque, se sobre estas quest\u00f5es, quando falamos de paz, n\u00f3s crist\u00e3os ainda nos mostramos divididos, \u00e9 dif\u00edcil dar um testemunho eficaz da nossa presen\u00e7a no mundo. E depois, certamente a escolha da cidade de Bari, e depois ir como peregrinos diante das rel\u00edquias de S\u00e3o Nicolau tem este significado: encontrar aquele que deu um exemplo de vida reconciliada e de paz; tamb\u00e9m, como sabemos de seus poucos tra\u00e7os biogr\u00e1ficos, em situa\u00e7\u00f5es n\u00e3o apenas concernentes aos crist\u00e3os. Assim, ent\u00e3o, ir at\u00e9 l\u00e1 todos em ora\u00e7\u00e3o: isso une os crist\u00e3os cat\u00f3licos e os crist\u00e3os ortodoxos, precisamente para encontrar algo que nos leve para frente.<\/p>\n<p style=\"text-align: justify;\"><strong> \u2022 Para um sacerdote, o que significa estar diante de um irm\u00e3o de outra confiss\u00e3o? E em particular penso no senhor e em seu papel de vice-diretor do escrit\u00f3rio ecum\u00eanico?<\/strong><\/p>\n<p style=\"text-align: justify;\">\u2014 Entretanto, n\u00e3o nos colocamos uns na frente dos outros, mas lado a lado, na mesma dire\u00e7\u00e3o. Isso parece muito importante: precisamente essa dire\u00e7\u00e3o comum para ver todos os crist\u00e3os de diferentes Confiss\u00f5es. Esta \u00e9 a perspectiva da ora\u00e7\u00e3o daquela manh\u00e3. Somente se olharmos juntos nessa dire\u00e7\u00e3o, teremos tamb\u00e9m mais facilidade em olhar uns para os outros, lidar com certas quest\u00f5es com um clima diferente, porque compartilhamos os mesmos fins, os mesmos desejos; e, portanto, isso torna poss\u00edvel encontrar solu\u00e7\u00f5es mais conciliat\u00f3rias.<\/p>\n<p style=\"text-align: justify;\"><strong>\u2022 As pessoas de Bari, esta cidade &#8220;Porta do Oriente&#8221;, como vive o ecumenismo no dia-a-dia, vamos cham\u00e1-lo assim?<\/strong><\/p>\n<p style=\"text-align: justify;\">Existe o microcosmo da Bas\u00edlica de S\u00e3o Nicolau. Desde 1966, na cripta da Bas\u00edlica, foi criado um lugar de culto ortodoxo &#8211; uma pequena capela &#8211; agora insuficiente para o n\u00famero de ortodoxos que v\u00eam para Bari; ent\u00e3o eles tamb\u00e9m celebram no altar, no t\u00famulo de S\u00e3o Nicolau. Ent\u00e3o, quando algu\u00e9m de Bari vai at\u00e9 a cripta de S\u00e3o Nicolau, v\u00ea ao lado dele um fiel ortodoxo &#8211; e o reconhece pelas vestes, pelo modo que reza, pela maneira que faz o sinal da cruz \u2013 que est\u00e1 rezando junto com ele. E isso realmente cria um microcosmo de ora\u00e7\u00e3o ecum\u00eanica. Depois, como segundo aspecto, existe o fato de que no decorrer dos anos v\u00e1rias igrejas cat\u00f3licas foram confiadas \u00e0 administra\u00e7\u00e3o de algumas comunidades ortodoxas para seus cultos, para suas necessidades. Ent\u00e3o, \u00e9 bonito que na manh\u00e3 de domingo, pelas ruas da cidade antiga de Bari, seja poss\u00edvel cruzar com os diversos irm\u00e3os de diferentes denomina\u00e7\u00f5es, cada um que se dirige para a pr\u00f3pria igreja para a liturgia. E isso cria uma bonita atmosfera de festa.<\/p>\n<p style=\"text-align: justify;\"><strong>\u2022 O senhor gostaria de acrescentar alguma expectativa pessoal sobre a peregrina\u00e7\u00e3o do Papa Francisco&#8230;.<\/strong><\/p>\n<p style=\"text-align: justify;\">\u2014 Sempre nos colocamos nas m\u00e3os de Deus, todos os dias. O importante \u00e9 ter encontrado uma dire\u00e7\u00e3o comum onde caminhar, e acho que o Papa realmente tenha sido inspirado pelo Esp\u00edrito Santo para um encontro deste g\u00eanero. Caminhando juntos, ent\u00e3o, se abre o caminho e as perspectivas do ano; estou confiante nisso: na f\u00e9. Eu n\u00e3o sei de que forma, eu n\u00e3o sei como, mas estou confiante de que algo vai acontecer.<\/p>\n<hr \/>\n<h2>Papa Francisco em Bari, na esteira de seus predecessores<\/h2>\n<p style=\"text-align: justify;\"><strong>A coletiva de imprensa contou com a participa\u00e7\u00e3o do prefeito da Congrega\u00e7\u00e3o para as Igrejas Orientais, cardeal Leonardo Sandri, e do presidente do Pontif\u00edcio Conselho para a Promo\u00e7\u00e3o da Unidade dos Crist\u00e3os, cardeal Kurt Koch.<\/strong><\/p>\n<figure id=\"attachment_25412\" aria-describedby=\"caption-attachment-25412\" style=\"width: 300px\" class=\"wp-caption alignleft\"><a href=\"https:\/\/news.ecclesia.org.br\/wp-content\/uploads\/2018\/07\/coletiva-bari.jpg\"><img decoding=\"async\" class=\"wp-image-25412 size-medium\" src=\"https:\/\/news.ecclesia.org.br\/wp-content\/uploads\/2018\/07\/coletiva-bari-300x169.jpg\" alt=\"\" width=\"300\" height=\"169\" srcset=\"https:\/\/news.ecclesia.org.br\/wp-content\/uploads\/2018\/07\/coletiva-bari-300x169.jpg 300w, https:\/\/news.ecclesia.org.br\/wp-content\/uploads\/2018\/07\/coletiva-bari-600x338.jpg 600w, https:\/\/news.ecclesia.org.br\/wp-content\/uploads\/2018\/07\/coletiva-bari-98x55.jpg 98w, https:\/\/news.ecclesia.org.br\/wp-content\/uploads\/2018\/07\/coletiva-bari.jpg 750w\" sizes=\"(max-width: 300px) 100vw, 300px\" \/><\/a><figcaption id=\"caption-attachment-25412\" class=\"wp-caption-text\">Coletiva de imprensa de apresenta\u00e7\u00e3o da viagem do Papa Francisco a Bari<\/figcaption><\/figure>\n<p style=\"text-align: justify;\">Cidade do Vaticano &#8212; Realizou-se na manh\u00e3 de ter\u00e7a-feira (03\/07), na Sala de Imprensa da Santa S\u00e9, a coletiva de apresenta\u00e7\u00e3o do encontro do Papa Francisco com os l\u00edderes de Igrejas e Comunidades crist\u00e3s do Oriente M\u00e9dio intitulado \u201cA paz esteja convosco! Crist\u00e3os juntos pelo Oriente M\u00e9dio\u201d. O encontro ecum\u00eanico se realizar\u00e1 em Bari, no pr\u00f3ximo s\u00e1bado, dia 7. A coletiva de imprensa contou com a participa\u00e7\u00e3o do prefeito da Congrega\u00e7\u00e3o para as Igrejas Orientais, cardeal Leonardo Sandri, e do presidente do Pontif\u00edcio Conselho para a Promo\u00e7\u00e3o da Unidade dos Crist\u00e3os, cardeal Kurt Koch. Interesse do Papa pelo Oriente M\u00e9dio. Repercorrendo os momentos mais intensos e significativos do pontificado do Papa Francisco, o cardeal Sandri evidenciou que o pont\u00edfice mostrou particular interesse pelo Oriente M\u00e9dio desde o in\u00edcio de sua elei\u00e7\u00e3o. As dimens\u00f5es sobre as quais se desenvolvem \u201cessa aten\u00e7\u00e3o\u201d, explicou o purpurado, \u201cse re\u00fanem num \u00fanico abra\u00e7o: aten\u00e7\u00e3o constante, dirigida atrav\u00e9s de apelos a iniciativas de ora\u00e7\u00e3o e paz, socorro daqueles que sofrem ou que s\u00e3o obrigados a sair e buscar ref\u00fagio da viol\u00eancia ou persegui\u00e7\u00e3o\u201d. A ideia do evento eclesi\u00e1stico de Bari \u201cnasceu de diferentes vozes\u201d &#8211; continuou o cardeal Sandri &#8211; diferentes Igrejas ou Patriarcas se dirigiram diretamente ao Santo Padre durante suas visitas a Roma\u201d.<\/p>\n<h3 style=\"text-align: justify;\">7 de julho, dois grandes momentos<\/h3>\n<p style=\"text-align: justify;\">Al\u00e9m disso, o que acontecer\u00e1 em Bari, se insere perfeitamente no sulco tra\u00e7ado pelos Pont\u00edfices anteriores e pelo Conc\u00edlio Vaticano II, \u201ca primavera da unidade dos crist\u00e3os\u201d. O dia 7 de julho, ter\u00e1 dois grandes momentos: a ora\u00e7\u00e3o \u00e0 beira-mar com os fi\u00e9is e o momento de reflex\u00e3o e escuta rec\u00edproca entre o Santo Padre e os l\u00edderes de Igrejas e Comunidades eclesiais do Oriente M\u00e9dio. A abertura do evento foi confiada ao administrador apost\u00f3lico do Patriarcado Latino de Jerusal\u00e9m, dom Pierbattista Pizzaballa, e ser\u00e1 seguido por um tempo de pronunciamentos livres. Esta parte se realizar\u00e1 a portas fechadas. Est\u00e1 previsto que Santo Padre fale no in\u00edcio da ora\u00e7\u00e3o p\u00fablica, quando as portas da Bas\u00edlica de S\u00e3o Nicolau forem reabertas e o Papa Francisco e demais presentes ir\u00e3o ao adro do templo e soltar\u00e3o algumas pombas: um gesto prof\u00e9tico, porque sobretudo \u00e0s crian\u00e7as e \u00e0s jovens gera\u00e7\u00f5es do Oriente M\u00e9dio devemos restituir a esperan\u00e7a que as a\u00e7\u00f5es m\u00e1s ou a simples indiferen\u00e7a nesses anos lhes tiraram\u201d.<\/p>\n<h3 style=\"text-align: justify;\">Oriente M\u00e9dio, terra de origem do cristianismo<\/h3>\n<p style=\"text-align: justify;\">Sobre a situa\u00e7\u00e3o espec\u00edfica dos crist\u00e3os no Oriente M\u00e9dio, o cardeal Kurt Koch, presidente do Pontif\u00edcio Conselho para a Promo\u00e7\u00e3o da Unidade dos Crist\u00e3os, al\u00e9m de destacar a import\u00e2ncia daquela \u00e1rea como \u201ca terra de origem do cristianismo\u201d, evidenciou seu drama atual. \u201cO Oriente M\u00e9dio &#8211; disse ele &#8211; \u00e9 tamb\u00e9m uma das regi\u00f5es do mundo onde a situa\u00e7\u00e3o dos crist\u00e3os \u00e9 mais prec\u00e1ria. Por causa de guerras e persegui\u00e7\u00f5es, muitas fam\u00edlias abandonam sua p\u00e1tria hist\u00f3rica em busca de seguran\u00e7a e um futuro melhor. A porcentagem de crist\u00e3os no Oriente M\u00e9dio caiu dramaticamente ao longo de um s\u00e9culo: enquanto eles representavam 20% da popula\u00e7\u00e3o do Oriente M\u00e9dio antes da Primeira Guerra Mundial, agora eles s\u00e3o apenas 4%\u201d.<br \/>\nAl\u00e9m de ser uma \u201cregi\u00e3o martirizada\u201d, prosseguiu o cardeal, \u201co Oriente M\u00e9dio \u00e9 tamb\u00e9m um lugar onde as rela\u00e7\u00f5es ecum\u00eanicas s\u00e3o mais fortes e promissoras, especialmente entre ortodoxos e cat\u00f3licos. Gostaria de mencionar tr\u00eas dimens\u00f5es principais: o ecumenismo da vida, o ecumenismo da santidade e o ecumenismo do sangue\u201d. Esta \u00faltima, express\u00e3o criada pelo Papa Francisco.<\/p>\n<h3 style=\"text-align: justify;\">Destino dos crist\u00e3os no Oriente M\u00e9dio<\/h3>\n<p style=\"text-align: justify;\">Foram v\u00e1rias as considera\u00e7\u00f5es ecum\u00eanicas do cardeal Kock, que retratou com precis\u00e3o as afirma\u00e7\u00f5es, encontros e escritos do Papa Francisco sobre esse tema e sua grande preocupa\u00e7\u00e3o com o destino dos crist\u00e3os no Oriente M\u00e9dio. O presidente do Pontif\u00edcio Conselho para a Promo\u00e7\u00e3o da Unidade dos Crist\u00e3os se deteve em algumas convic\u00e7\u00f5es espec\u00edficas da Igreja. A primeira de todas, a convic\u00e7\u00e3o da Igreja de que \u201cos crist\u00e3os permanecer\u00e3o na regi\u00e3o somente se a paz for restabelecida\u201d. \u201c\u00c9 por isso que desde o in\u00edcio da crise, a Igreja cat\u00f3lica pediu incansavelmente o restabelecimento da paz, especialmente atrav\u00e9s da busca de uma solu\u00e7\u00e3o pol\u00edtica.\u201d<\/p>\n<h3 style=\"text-align: justify;\">Necessidade de di\u00e1logo<\/h3>\n<p style=\"text-align: justify;\">Para encerrar, o cardeal Kock deu espa\u00e7o ao que definiu como \u201cconvic\u00e7\u00e3o fundamental\u201d. A refer\u00eancia, citando o pr\u00f3prio Pont\u00edfice, foi a \u201curgente necessidade de continuar o di\u00e1logo inter-religioso, sobre o qual o Papa Francisco insiste particularmente em sua Carta aos crist\u00e3os no Oriente M\u00e9dio: \u2018Quanto mais dif\u00edcil for a situa\u00e7\u00e3o, mais necess\u00e1rio \u00e9 o di\u00e1logo inter-religioso. N\u00e3o h\u00e1 outro caminho. O di\u00e1logo baseado numa atitude de abertura, na verdade e no amor, \u00e9 tamb\u00e9m o melhor ant\u00eddoto para a tenta\u00e7\u00e3o do fundamentalismo religioso, que \u00e9 uma amea\u00e7a para os fi\u00e9is de todas as religi\u00f5es\u201d.<\/p>\n<p style=\"text-align: right;\">Fonte: <a href=\"https:\/\/www.vaticannews.va\/pt\/papa\/news\/2018-07\/papa-francisco-bari-paz1.html)\" target=\"_blank\" rel=\"noopener\">Vatican News<\/a><\/p>\n","protected":false},"excerpt":{"rendered":"<p>Esta \u00e9 a &#8220;mensagem&#8221; que os patriarcas de todo o Oriente M\u00e9dio, junto com o Papa, querem lan\u00e7ar ao mundo e \u00e0 comunidade internacional desde Bari, em nome de suas na\u00e7\u00f5es e seus povos. Entrevista com o vice-diretor do Escrit\u00f3rio&#8230;<\/p>\n","protected":false},"author":1,"featured_media":25413,"comment_status":"open","ping_status":"open","sticky":false,"template":"","format":"standard","meta":{"_acf_changed":false,"footnotes":""},"categories":[1],"tags":[],"class_list":["post-25415","post","type-post","status-publish","format-standard","has-post-thumbnail","hentry","category-news","entry","rows-excerpt"],"acf":[],"yoast_head":"<!-- This site is optimized with the Yoast SEO plugin v27.4 - https:\/\/yoast.com\/product\/yoast-seo-wordpress\/ -->\n<title>Tawadros II: ora\u00e7\u00e3o \u00e9 melhor arma contra os conflitos | ECCLESIA NEWS<\/title>\n<meta name=\"robots\" content=\"index, follow, max-snippet:-1, max-image-preview:large, max-video-preview:-1\" \/>\n<link rel=\"canonical\" href=\"https:\/\/news.ecclesia.org.br\/?p=25415\" \/>\n<meta property=\"og:locale\" content=\"pt_BR\" \/>\n<meta property=\"og:type\" content=\"article\" \/>\n<meta property=\"og:title\" content=\"Tawadros II: ora\u00e7\u00e3o \u00e9 melhor arma contra os conflitos | ECCLESIA NEWS\" \/>\n<meta property=\"og:description\" content=\"Esta \u00e9 a &#8220;mensagem&#8221; que os patriarcas de todo o Oriente M\u00e9dio, junto com o Papa, querem lan\u00e7ar ao mundo e \u00e0 comunidade internacional desde Bari, em nome de suas na\u00e7\u00f5es e seus povos. Entrevista com o vice-diretor do Escrit\u00f3rio&#8230;\" \/>\n<meta property=\"og:url\" content=\"https:\/\/news.ecclesia.org.br\/?p=25415\" \/>\n<meta property=\"og:site_name\" content=\"ECCLESIA NEWS\" \/>\n<meta property=\"article:publisher\" content=\"https:\/\/www.facebook.com\/Ecclesia2025\" \/>\n<meta property=\"article:published_time\" content=\"2018-07-04T17:16:21+00:00\" \/>\n<meta property=\"article:modified_time\" content=\"2018-07-04T17:16:36+00:00\" \/>\n<meta property=\"og:image\" content=\"https:\/\/news.ecclesia.org.br\/wp-content\/uploads\/2018\/07\/francisco-tawadros.jpg\" \/>\n\t<meta property=\"og:image:width\" content=\"750\" \/>\n\t<meta property=\"og:image:height\" content=\"422\" \/>\n\t<meta property=\"og:image:type\" content=\"image\/jpeg\" \/>\n<meta name=\"author\" content=\"Pe. Andr\u00e9\" \/>\n<meta name=\"twitter:card\" content=\"summary_large_image\" \/>\n<meta name=\"twitter:creator\" content=\"@EcclesiaNews\" \/>\n<meta name=\"twitter:site\" content=\"@EcclesiaNews\" \/>\n<meta name=\"twitter:label1\" content=\"Escrito por\" \/>\n\t<meta name=\"twitter:data1\" content=\"Pe. Andr\u00e9\" \/>\n\t<meta name=\"twitter:label2\" content=\"Est. tempo de leitura\" \/>\n\t<meta name=\"twitter:data2\" content=\"10 minutos\" \/>\n<script type=\"application\/ld+json\" class=\"yoast-schema-graph\">{\"@context\":\"https:\\\/\\\/schema.org\",\"@graph\":[{\"@type\":\"Article\",\"@id\":\"https:\\\/\\\/news.ecclesia.org.br\\\/?p=25415#article\",\"isPartOf\":{\"@id\":\"https:\\\/\\\/news.ecclesia.org.br\\\/?p=25415\"},\"author\":{\"name\":\"Pe. Andr\u00e9\",\"@id\":\"https:\\\/\\\/news.ecclesia.org.br\\\/#\\\/schema\\\/person\\\/6f09597f025829745ba414a569f63758\"},\"headline\":\"Tawadros II: ora\u00e7\u00e3o \u00e9 melhor arma contra os conflitos\",\"datePublished\":\"2018-07-04T17:16:21+00:00\",\"dateModified\":\"2018-07-04T17:16:36+00:00\",\"mainEntityOfPage\":{\"@id\":\"https:\\\/\\\/news.ecclesia.org.br\\\/?p=25415\"},\"wordCount\":1963,\"commentCount\":0,\"publisher\":{\"@id\":\"https:\\\/\\\/news.ecclesia.org.br\\\/#organization\"},\"image\":{\"@id\":\"https:\\\/\\\/news.ecclesia.org.br\\\/?p=25415#primaryimage\"},\"thumbnailUrl\":\"https:\\\/\\\/news.ecclesia.org.br\\\/wp-content\\\/uploads\\\/2018\\\/07\\\/francisco-tawadros.jpg\",\"articleSection\":[\"NEWS\"],\"inLanguage\":\"pt-BR\",\"potentialAction\":[{\"@type\":\"CommentAction\",\"name\":\"Comment\",\"target\":[\"https:\\\/\\\/news.ecclesia.org.br\\\/?p=25415#respond\"]}]},{\"@type\":\"WebPage\",\"@id\":\"https:\\\/\\\/news.ecclesia.org.br\\\/?p=25415\",\"url\":\"https:\\\/\\\/news.ecclesia.org.br\\\/?p=25415\",\"name\":\"Tawadros II: ora\u00e7\u00e3o \u00e9 melhor arma contra os conflitos | ECCLESIA NEWS\",\"isPartOf\":{\"@id\":\"https:\\\/\\\/news.ecclesia.org.br\\\/#website\"},\"primaryImageOfPage\":{\"@id\":\"https:\\\/\\\/news.ecclesia.org.br\\\/?p=25415#primaryimage\"},\"image\":{\"@id\":\"https:\\\/\\\/news.ecclesia.org.br\\\/?p=25415#primaryimage\"},\"thumbnailUrl\":\"https:\\\/\\\/news.ecclesia.org.br\\\/wp-content\\\/uploads\\\/2018\\\/07\\\/francisco-tawadros.jpg\",\"datePublished\":\"2018-07-04T17:16:21+00:00\",\"dateModified\":\"2018-07-04T17:16:36+00:00\",\"breadcrumb\":{\"@id\":\"https:\\\/\\\/news.ecclesia.org.br\\\/?p=25415#breadcrumb\"},\"inLanguage\":\"pt-BR\",\"potentialAction\":[{\"@type\":\"ReadAction\",\"target\":[\"https:\\\/\\\/news.ecclesia.org.br\\\/?p=25415\"]}]},{\"@type\":\"ImageObject\",\"inLanguage\":\"pt-BR\",\"@id\":\"https:\\\/\\\/news.ecclesia.org.br\\\/?p=25415#primaryimage\",\"url\":\"https:\\\/\\\/news.ecclesia.org.br\\\/wp-content\\\/uploads\\\/2018\\\/07\\\/francisco-tawadros.jpg\",\"contentUrl\":\"https:\\\/\\\/news.ecclesia.org.br\\\/wp-content\\\/uploads\\\/2018\\\/07\\\/francisco-tawadros.jpg\",\"width\":750,\"height\":422,\"caption\":\"Legenda: Papa Francisco com Tawadros II no Vaticano\"},{\"@type\":\"BreadcrumbList\",\"@id\":\"https:\\\/\\\/news.ecclesia.org.br\\\/?p=25415#breadcrumb\",\"itemListElement\":[{\"@type\":\"ListItem\",\"position\":1,\"name\":\"In\u00edcio\",\"item\":\"https:\\\/\\\/news.ecclesia.org.br\\\/\"},{\"@type\":\"ListItem\",\"position\":2,\"name\":\"Tawadros II: ora\u00e7\u00e3o \u00e9 melhor arma contra os conflitos\"}]},{\"@type\":\"WebSite\",\"@id\":\"https:\\\/\\\/news.ecclesia.org.br\\\/#website\",\"url\":\"https:\\\/\\\/news.ecclesia.org.br\\\/\",\"name\":\"Ecclesia Brasil\",\"description\":\"Desde 2003 onectando o Brasil ao mundo ortodoxo!\",\"publisher\":{\"@id\":\"https:\\\/\\\/news.ecclesia.org.br\\\/#organization\"},\"alternateName\":\"Ecclesia\",\"potentialAction\":[{\"@type\":\"SearchAction\",\"target\":{\"@type\":\"EntryPoint\",\"urlTemplate\":\"https:\\\/\\\/news.ecclesia.org.br\\\/?s={search_term_string}\"},\"query-input\":{\"@type\":\"PropertyValueSpecification\",\"valueRequired\":true,\"valueName\":\"search_term_string\"}}],\"inLanguage\":\"pt-BR\"},{\"@type\":\"Organization\",\"@id\":\"https:\\\/\\\/news.ecclesia.org.br\\\/#organization\",\"name\":\"Sacra Arquidiocese de Buenos Aires e Am\u00e9rica do Sul | Patriarcado Ecum\u00eanico\",\"alternateName\":\"News Ecclesia Brasil\",\"url\":\"https:\\\/\\\/news.ecclesia.org.br\\\/\",\"logo\":{\"@type\":\"ImageObject\",\"inLanguage\":\"pt-BR\",\"@id\":\"https:\\\/\\\/news.ecclesia.org.br\\\/#\\\/schema\\\/logo\\\/image\\\/\",\"url\":\"https:\\\/\\\/news.ecclesia.org.br\\\/wp-content\\\/uploads\\\/2025\\\/05\\\/ecclesia2.png\",\"contentUrl\":\"https:\\\/\\\/news.ecclesia.org.br\\\/wp-content\\\/uploads\\\/2025\\\/05\\\/ecclesia2.png\",\"width\":480,\"height\":120,\"caption\":\"Sacra Arquidiocese de Buenos Aires e Am\u00e9rica do Sul | Patriarcado Ecum\u00eanico\"},\"image\":{\"@id\":\"https:\\\/\\\/news.ecclesia.org.br\\\/#\\\/schema\\\/logo\\\/image\\\/\"},\"sameAs\":[\"https:\\\/\\\/www.facebook.com\\\/Ecclesia2025\",\"https:\\\/\\\/x.com\\\/EcclesiaNews\",\"https:\\\/\\\/br.pinterest.com\\\/ekklisia\\\/\",\"https:\\\/\\\/www.youtube.com\\\/@EcclesiaBrasil\"]},{\"@type\":\"Person\",\"@id\":\"https:\\\/\\\/news.ecclesia.org.br\\\/#\\\/schema\\\/person\\\/6f09597f025829745ba414a569f63758\",\"name\":\"Pe. Andr\u00e9\",\"image\":{\"@type\":\"ImageObject\",\"inLanguage\":\"pt-BR\",\"@id\":\"https:\\\/\\\/secure.gravatar.com\\\/avatar\\\/b4327cfa27e9799da239a26adcd534fc29cdc0c4a4a148eecbcfeb9b42c617ac?s=96&d=mm&r=g\",\"url\":\"https:\\\/\\\/secure.gravatar.com\\\/avatar\\\/b4327cfa27e9799da239a26adcd534fc29cdc0c4a4a148eecbcfeb9b42c617ac?s=96&d=mm&r=g\",\"contentUrl\":\"https:\\\/\\\/secure.gravatar.com\\\/avatar\\\/b4327cfa27e9799da239a26adcd534fc29cdc0c4a4a148eecbcfeb9b42c617ac?s=96&d=mm&r=g\",\"caption\":\"Pe. Andr\u00e9\"},\"sameAs\":[\"https:\\\/\\\/www.ecclesia.org.br\"]}]}<\/script>\n<!-- \/ Yoast SEO plugin. -->","yoast_head_json":{"title":"Tawadros II: ora\u00e7\u00e3o \u00e9 melhor arma contra os conflitos | ECCLESIA NEWS","robots":{"index":"index","follow":"follow","max-snippet":"max-snippet:-1","max-image-preview":"max-image-preview:large","max-video-preview":"max-video-preview:-1"},"canonical":"https:\/\/news.ecclesia.org.br\/?p=25415","og_locale":"pt_BR","og_type":"article","og_title":"Tawadros II: ora\u00e7\u00e3o \u00e9 melhor arma contra os conflitos | ECCLESIA NEWS","og_description":"Esta \u00e9 a &#8220;mensagem&#8221; que os patriarcas de todo o Oriente M\u00e9dio, junto com o Papa, querem lan\u00e7ar ao mundo e \u00e0 comunidade internacional desde Bari, em nome de suas na\u00e7\u00f5es e seus povos. Entrevista com o vice-diretor do Escrit\u00f3rio&#8230;","og_url":"https:\/\/news.ecclesia.org.br\/?p=25415","og_site_name":"ECCLESIA NEWS","article_publisher":"https:\/\/www.facebook.com\/Ecclesia2025","article_published_time":"2018-07-04T17:16:21+00:00","article_modified_time":"2018-07-04T17:16:36+00:00","og_image":[{"width":750,"height":422,"url":"https:\/\/news.ecclesia.org.br\/wp-content\/uploads\/2018\/07\/francisco-tawadros.jpg","type":"image\/jpeg"}],"author":"Pe. Andr\u00e9","twitter_card":"summary_large_image","twitter_creator":"@EcclesiaNews","twitter_site":"@EcclesiaNews","twitter_misc":{"Escrito por":"Pe. Andr\u00e9","Est. tempo de leitura":"10 minutos"},"schema":{"@context":"https:\/\/schema.org","@graph":[{"@type":"Article","@id":"https:\/\/news.ecclesia.org.br\/?p=25415#article","isPartOf":{"@id":"https:\/\/news.ecclesia.org.br\/?p=25415"},"author":{"name":"Pe. Andr\u00e9","@id":"https:\/\/news.ecclesia.org.br\/#\/schema\/person\/6f09597f025829745ba414a569f63758"},"headline":"Tawadros II: ora\u00e7\u00e3o \u00e9 melhor arma contra os conflitos","datePublished":"2018-07-04T17:16:21+00:00","dateModified":"2018-07-04T17:16:36+00:00","mainEntityOfPage":{"@id":"https:\/\/news.ecclesia.org.br\/?p=25415"},"wordCount":1963,"commentCount":0,"publisher":{"@id":"https:\/\/news.ecclesia.org.br\/#organization"},"image":{"@id":"https:\/\/news.ecclesia.org.br\/?p=25415#primaryimage"},"thumbnailUrl":"https:\/\/news.ecclesia.org.br\/wp-content\/uploads\/2018\/07\/francisco-tawadros.jpg","articleSection":["NEWS"],"inLanguage":"pt-BR","potentialAction":[{"@type":"CommentAction","name":"Comment","target":["https:\/\/news.ecclesia.org.br\/?p=25415#respond"]}]},{"@type":"WebPage","@id":"https:\/\/news.ecclesia.org.br\/?p=25415","url":"https:\/\/news.ecclesia.org.br\/?p=25415","name":"Tawadros II: ora\u00e7\u00e3o \u00e9 melhor arma contra os conflitos | ECCLESIA NEWS","isPartOf":{"@id":"https:\/\/news.ecclesia.org.br\/#website"},"primaryImageOfPage":{"@id":"https:\/\/news.ecclesia.org.br\/?p=25415#primaryimage"},"image":{"@id":"https:\/\/news.ecclesia.org.br\/?p=25415#primaryimage"},"thumbnailUrl":"https:\/\/news.ecclesia.org.br\/wp-content\/uploads\/2018\/07\/francisco-tawadros.jpg","datePublished":"2018-07-04T17:16:21+00:00","dateModified":"2018-07-04T17:16:36+00:00","breadcrumb":{"@id":"https:\/\/news.ecclesia.org.br\/?p=25415#breadcrumb"},"inLanguage":"pt-BR","potentialAction":[{"@type":"ReadAction","target":["https:\/\/news.ecclesia.org.br\/?p=25415"]}]},{"@type":"ImageObject","inLanguage":"pt-BR","@id":"https:\/\/news.ecclesia.org.br\/?p=25415#primaryimage","url":"https:\/\/news.ecclesia.org.br\/wp-content\/uploads\/2018\/07\/francisco-tawadros.jpg","contentUrl":"https:\/\/news.ecclesia.org.br\/wp-content\/uploads\/2018\/07\/francisco-tawadros.jpg","width":750,"height":422,"caption":"Legenda: Papa Francisco com Tawadros II no Vaticano"},{"@type":"BreadcrumbList","@id":"https:\/\/news.ecclesia.org.br\/?p=25415#breadcrumb","itemListElement":[{"@type":"ListItem","position":1,"name":"In\u00edcio","item":"https:\/\/news.ecclesia.org.br\/"},{"@type":"ListItem","position":2,"name":"Tawadros II: ora\u00e7\u00e3o \u00e9 melhor arma contra os conflitos"}]},{"@type":"WebSite","@id":"https:\/\/news.ecclesia.org.br\/#website","url":"https:\/\/news.ecclesia.org.br\/","name":"Ecclesia Brasil","description":"Desde 2003 onectando o Brasil ao mundo ortodoxo!","publisher":{"@id":"https:\/\/news.ecclesia.org.br\/#organization"},"alternateName":"Ecclesia","potentialAction":[{"@type":"SearchAction","target":{"@type":"EntryPoint","urlTemplate":"https:\/\/news.ecclesia.org.br\/?s={search_term_string}"},"query-input":{"@type":"PropertyValueSpecification","valueRequired":true,"valueName":"search_term_string"}}],"inLanguage":"pt-BR"},{"@type":"Organization","@id":"https:\/\/news.ecclesia.org.br\/#organization","name":"Sacra Arquidiocese de Buenos Aires e Am\u00e9rica do Sul | Patriarcado Ecum\u00eanico","alternateName":"News Ecclesia Brasil","url":"https:\/\/news.ecclesia.org.br\/","logo":{"@type":"ImageObject","inLanguage":"pt-BR","@id":"https:\/\/news.ecclesia.org.br\/#\/schema\/logo\/image\/","url":"https:\/\/news.ecclesia.org.br\/wp-content\/uploads\/2025\/05\/ecclesia2.png","contentUrl":"https:\/\/news.ecclesia.org.br\/wp-content\/uploads\/2025\/05\/ecclesia2.png","width":480,"height":120,"caption":"Sacra Arquidiocese de Buenos Aires e Am\u00e9rica do Sul | Patriarcado Ecum\u00eanico"},"image":{"@id":"https:\/\/news.ecclesia.org.br\/#\/schema\/logo\/image\/"},"sameAs":["https:\/\/www.facebook.com\/Ecclesia2025","https:\/\/x.com\/EcclesiaNews","https:\/\/br.pinterest.com\/ekklisia\/","https:\/\/www.youtube.com\/@EcclesiaBrasil"]},{"@type":"Person","@id":"https:\/\/news.ecclesia.org.br\/#\/schema\/person\/6f09597f025829745ba414a569f63758","name":"Pe. Andr\u00e9","image":{"@type":"ImageObject","inLanguage":"pt-BR","@id":"https:\/\/secure.gravatar.com\/avatar\/b4327cfa27e9799da239a26adcd534fc29cdc0c4a4a148eecbcfeb9b42c617ac?s=96&d=mm&r=g","url":"https:\/\/secure.gravatar.com\/avatar\/b4327cfa27e9799da239a26adcd534fc29cdc0c4a4a148eecbcfeb9b42c617ac?s=96&d=mm&r=g","contentUrl":"https:\/\/secure.gravatar.com\/avatar\/b4327cfa27e9799da239a26adcd534fc29cdc0c4a4a148eecbcfeb9b42c617ac?s=96&d=mm&r=g","caption":"Pe. Andr\u00e9"},"sameAs":["https:\/\/www.ecclesia.org.br"]}]}},"_links":{"self":[{"href":"https:\/\/news.ecclesia.org.br\/index.php?rest_route=\/wp\/v2\/posts\/25415","targetHints":{"allow":["GET"]}}],"collection":[{"href":"https:\/\/news.ecclesia.org.br\/index.php?rest_route=\/wp\/v2\/posts"}],"about":[{"href":"https:\/\/news.ecclesia.org.br\/index.php?rest_route=\/wp\/v2\/types\/post"}],"author":[{"embeddable":true,"href":"https:\/\/news.ecclesia.org.br\/index.php?rest_route=\/wp\/v2\/users\/1"}],"replies":[{"embeddable":true,"href":"https:\/\/news.ecclesia.org.br\/index.php?rest_route=%2Fwp%2Fv2%2Fcomments&post=25415"}],"version-history":[{"count":0,"href":"https:\/\/news.ecclesia.org.br\/index.php?rest_route=\/wp\/v2\/posts\/25415\/revisions"}],"wp:featuredmedia":[{"embeddable":true,"href":"https:\/\/news.ecclesia.org.br\/index.php?rest_route=\/wp\/v2\/media\/25413"}],"wp:attachment":[{"href":"https:\/\/news.ecclesia.org.br\/index.php?rest_route=%2Fwp%2Fv2%2Fmedia&parent=25415"}],"wp:term":[{"taxonomy":"category","embeddable":true,"href":"https:\/\/news.ecclesia.org.br\/index.php?rest_route=%2Fwp%2Fv2%2Fcategories&post=25415"},{"taxonomy":"post_tag","embeddable":true,"href":"https:\/\/news.ecclesia.org.br\/index.php?rest_route=%2Fwp%2Fv2%2Ftags&post=25415"}],"curies":[{"name":"wp","href":"https:\/\/api.w.org\/{rel}","templated":true}]}}