{"id":25379,"date":"2018-06-28T19:01:15","date_gmt":"2018-06-28T19:01:15","guid":{"rendered":"https:\/\/news.ecclesia.org.br\/?p=25379"},"modified":"2018-06-28T19:02:33","modified_gmt":"2018-06-28T19:02:33","slug":"cmi-apela-libertacao-dos-arcebispos-sequestrados-de-alepo","status":"publish","type":"post","link":"https:\/\/news.ecclesia.org.br\/?p=25379","title":{"rendered":"CMI pede a liberta\u00e7\u00e3o dos Arcebispos (sequestrados) de Alepo"},"content":{"rendered":"<p style=\"text-align: justify;\">27 de junho de 2018 &#8212; <strong>O Comit\u00ea Central do Conselho Mundial de Igrejas, durante sua reuni\u00e3o de 15 a 21 de junho, emitiu uma declara\u00e7\u00e3o reiterando sua grande preocupa\u00e7\u00e3o com a situa\u00e7\u00e3o alarmante e a r\u00e1pida deteriora\u00e7\u00e3o dos crist\u00e3os no Oriente M\u00e9dio. O Comit\u00ea Central pediu a liberta\u00e7\u00e3o\u00a0 de dois arcebispos s\u00edrios sequestrados perto de Aleppo (S\u00edria).<\/strong><\/p>\n<figure id=\"attachment_25380\" aria-describedby=\"caption-attachment-25380\" style=\"width: 300px\" class=\"wp-caption alignleft\"><a href=\"https:\/\/news.ecclesia.org.br\/wp-content\/uploads\/2018\/06\/bispos-sequestrados-ano-5.jpg\"><img fetchpriority=\"high\" decoding=\"async\" class=\"size-medium wp-image-25380\" src=\"https:\/\/news.ecclesia.org.br\/wp-content\/uploads\/2018\/06\/bispos-sequestrados-ano-5-300x225.jpg\" alt=\"\" width=\"300\" height=\"225\" srcset=\"https:\/\/news.ecclesia.org.br\/wp-content\/uploads\/2018\/06\/bispos-sequestrados-ano-5-300x225.jpg 300w, https:\/\/news.ecclesia.org.br\/wp-content\/uploads\/2018\/06\/bispos-sequestrados-ano-5-768x576.jpg 768w, https:\/\/news.ecclesia.org.br\/wp-content\/uploads\/2018\/06\/bispos-sequestrados-ano-5-1024x768.jpg 1024w, https:\/\/news.ecclesia.org.br\/wp-content\/uploads\/2018\/06\/bispos-sequestrados-ano-5-600x450.jpg 600w, https:\/\/news.ecclesia.org.br\/wp-content\/uploads\/2018\/06\/bispos-sequestrados-ano-5-73x55.jpg 73w, https:\/\/news.ecclesia.org.br\/wp-content\/uploads\/2018\/06\/bispos-sequestrados-ano-5.jpg 1600w\" sizes=\"(max-width: 300px) 100vw, 300px\" \/><\/a><figcaption id=\"caption-attachment-25380\" class=\"wp-caption-text\">Arcebispo s\u00edrio-ortodoxo Yohanna Ibrahim e o Arcebispo greco-ortodoxo antioquino Paulo Y\u00e1zigi, sequestrados por homens armados em abril de 2013, quando voltavam da fronteira turca para a cidade de Aleppo.<\/figcaption><\/figure>\n<p style=\"text-align: justify;\">Os dois l\u00edderes religiosos, o Arcebispo <span style=\"display: inline !important; float: none; background-color: transparent; color: #333333; cursor: text; font-family: Georgia,'Times New Roman','Bitstream Charter',Times,serif; font-size: 16px; font-style: normal; font-variant: normal; font-weight: 400; letter-spacing: normal; orphans: 2; text-align: left; text-decoration: none; text-indent: 0px; text-transform: none; -webkit-text-stroke-width: 0px; white-space: normal; word-spacing: 0px;\">s\u00edrio-<\/span>ortodoxo Yohanna Ibrahim e o Arcebispo greco-<span style=\"display: inline !important; float: none; background-color: transparent; color: #333333; cursor: text; font-family: Georgia,'Times New Roman','Bitstream Charter',Times,serif; font-size: 16px; font-style: normal; font-variant: normal; font-weight: 400; letter-spacing: normal; orphans: 2; text-align: left; text-decoration: none; text-indent: 0px; text-transform: none; -webkit-text-stroke-width: 0px; white-space: normal; word-spacing: 0px;\">ortodoxo antioqueno <\/span>Paulo Y\u00e1zigi, foram sequestrados por homens armados em abril de 2013, quando regressavam da fronteira turca para a cidade de Aleppo.<\/p>\n<p style=\"text-align: justify;\">\u00abO Comit\u00ea Central recorda com pesar o sequestro, h\u00e1 cinco anos, do Arcebispo <span style=\"display: inline !important; float: none; background-color: transparent; color: #333333; cursor: text; font-family: Georgia,'Times New Roman','Bitstream Charter',Times,serif; font-size: 16px; font-style: normal; font-variant: normal; font-weight: 400; letter-spacing: normal; orphans: 2; text-align: left; text-decoration: none; text-indent: 0px; text-transform: none; -webkit-text-stroke-width: 0px; white-space: normal; word-spacing: 0px;\">Youhanna Ibrahim<\/span>, de Alepo,\u00a0 e Paulo Y\u00e1zigi, diz o comunicado\u00bb. \u00abN\u00f3s seguimos orando por seu regresso seguro para suas igrejas, comunidades e fam\u00edlias, como um sinal de esperan\u00e7a para todos os crist\u00e3os da S\u00edria e da regi\u00e3o\u00bb.<\/p>\n<p style=\"text-align: justify;\">A declara\u00e7\u00e3o tamb\u00e9m afirma que \u00ab\u00e9 necess\u00e1rio um novo pacto social na regi\u00e3o do <span style=\"display: inline !important; float: none; background-color: transparent; color: #333333; cursor: text; font-family: Georgia,'Times New Roman','Bitstream Charter',Times,serif; font-size: 16px; font-style: normal; font-variant: normal; font-weight: 400; letter-spacing: normal; orphans: 2; text-align: left; text-decoration: none; text-indent: 0px; text-transform: none; -webkit-text-stroke-width: 0px; white-space: normal; word-spacing: 0px;\">Oriente<\/span> M\u00e9dio, um discurso comum articulado e compartilhado por todas as comunidades dos pa\u00edses da regi\u00e3o, com base em uma interpreta\u00e7\u00e3o inclusiva de cidadania e direitos humanos &#8211; garantido constitucionalmente &#8211; e em virtude do qual todas as igrejas e comunidades religiosas, com suas origens \u00e9tnicas, identidades culturais e religiosas possam viver e prosperar no amor e a gra\u00e7a que Deus d\u00e1 a todos\u00bb<\/p>\n<hr \/>\n<p style=\"text-align: right;\">Fonte: <a href=\"https:\/\/www.oikoumene.org\/es\/press-centre\/news\/wcc-calls-for-release-of-archbishops-of-aleppo\" target=\"_blank\" rel=\"noopener\">CMI em espanhol<\/a>.<\/p>\n","protected":false},"excerpt":{"rendered":"<p>27 de junho de 2018 &#8212; O Comit\u00ea Central do Conselho Mundial de Igrejas, durante sua reuni\u00e3o de 15 a 21 de junho, emitiu uma declara\u00e7\u00e3o reiterando sua grande preocupa\u00e7\u00e3o com a situa\u00e7\u00e3o alarmante e a r\u00e1pida deteriora\u00e7\u00e3o dos crist\u00e3os&#8230;<\/p>\n","protected":false},"author":1,"featured_media":25380,"comment_status":"open","ping_status":"open","sticky":false,"template":"","format":"standard","meta":{"_acf_changed":false,"footnotes":""},"categories":[1],"tags":[],"class_list":["post-25379","post","type-post","status-publish","format-standard","has-post-thumbnail","hentry","category-news","entry","rows-excerpt"],"acf":[],"yoast_head":"<!-- This site is optimized with the Yoast SEO plugin v27.4 - https:\/\/yoast.com\/product\/yoast-seo-wordpress\/ -->\n<title>CMI pede a liberta\u00e7\u00e3o dos Arcebispos (sequestrados) de Alepo | ECCLESIA NEWS<\/title>\n<meta name=\"robots\" content=\"index, follow, max-snippet:-1, max-image-preview:large, max-video-preview:-1\" \/>\n<link rel=\"canonical\" href=\"https:\/\/news.ecclesia.org.br\/?p=25379\" \/>\n<meta property=\"og:locale\" content=\"pt_BR\" \/>\n<meta property=\"og:type\" content=\"article\" \/>\n<meta property=\"og:title\" content=\"CMI pede a liberta\u00e7\u00e3o dos Arcebispos (sequestrados) de Alepo | ECCLESIA NEWS\" \/>\n<meta property=\"og:description\" content=\"27 de junho de 2018 &#8212; O Comit\u00ea Central do Conselho Mundial de Igrejas, durante sua reuni\u00e3o de 15 a 21 de junho, emitiu uma declara\u00e7\u00e3o reiterando sua grande preocupa\u00e7\u00e3o com a situa\u00e7\u00e3o alarmante e a r\u00e1pida deteriora\u00e7\u00e3o dos crist\u00e3os&#8230;\" \/>\n<meta property=\"og:url\" content=\"https:\/\/news.ecclesia.org.br\/?p=25379\" \/>\n<meta property=\"og:site_name\" content=\"ECCLESIA NEWS\" \/>\n<meta property=\"article:publisher\" content=\"https:\/\/www.facebook.com\/Ecclesia2025\" \/>\n<meta property=\"article:published_time\" content=\"2018-06-28T19:01:15+00:00\" \/>\n<meta property=\"article:modified_time\" content=\"2018-06-28T19:02:33+00:00\" \/>\n<meta property=\"og:image\" content=\"https:\/\/news.ecclesia.org.br\/wp-content\/uploads\/2018\/06\/bispos-sequestrados-ano-5.jpg\" \/>\n\t<meta property=\"og:image:width\" content=\"1600\" \/>\n\t<meta property=\"og:image:height\" content=\"1200\" \/>\n\t<meta property=\"og:image:type\" content=\"image\/jpeg\" \/>\n<meta name=\"author\" content=\"Pe. Andr\u00e9\" \/>\n<meta name=\"twitter:card\" content=\"summary_large_image\" \/>\n<meta name=\"twitter:creator\" content=\"@EcclesiaNews\" \/>\n<meta name=\"twitter:site\" content=\"@EcclesiaNews\" \/>\n<meta name=\"twitter:label1\" content=\"Escrito por\" \/>\n\t<meta name=\"twitter:data1\" content=\"Pe. Andr\u00e9\" \/>\n\t<meta name=\"twitter:label2\" content=\"Est. tempo de leitura\" \/>\n\t<meta name=\"twitter:data2\" content=\"1 minuto\" \/>\n<script type=\"application\/ld+json\" class=\"yoast-schema-graph\">{\"@context\":\"https:\\\/\\\/schema.org\",\"@graph\":[{\"@type\":\"Article\",\"@id\":\"https:\\\/\\\/news.ecclesia.org.br\\\/?p=25379#article\",\"isPartOf\":{\"@id\":\"https:\\\/\\\/news.ecclesia.org.br\\\/?p=25379\"},\"author\":{\"name\":\"Pe. Andr\u00e9\",\"@id\":\"https:\\\/\\\/news.ecclesia.org.br\\\/#\\\/schema\\\/person\\\/6f09597f025829745ba414a569f63758\"},\"headline\":\"CMI pede a liberta\u00e7\u00e3o dos Arcebispos (sequestrados) de Alepo\",\"datePublished\":\"2018-06-28T19:01:15+00:00\",\"dateModified\":\"2018-06-28T19:02:33+00:00\",\"mainEntityOfPage\":{\"@id\":\"https:\\\/\\\/news.ecclesia.org.br\\\/?p=25379\"},\"wordCount\":296,\"commentCount\":0,\"publisher\":{\"@id\":\"https:\\\/\\\/news.ecclesia.org.br\\\/#organization\"},\"image\":{\"@id\":\"https:\\\/\\\/news.ecclesia.org.br\\\/?p=25379#primaryimage\"},\"thumbnailUrl\":\"https:\\\/\\\/news.ecclesia.org.br\\\/wp-content\\\/uploads\\\/2018\\\/06\\\/bispos-sequestrados-ano-5.jpg\",\"articleSection\":[\"NEWS\"],\"inLanguage\":\"pt-BR\",\"potentialAction\":[{\"@type\":\"CommentAction\",\"name\":\"Comment\",\"target\":[\"https:\\\/\\\/news.ecclesia.org.br\\\/?p=25379#respond\"]}]},{\"@type\":\"WebPage\",\"@id\":\"https:\\\/\\\/news.ecclesia.org.br\\\/?p=25379\",\"url\":\"https:\\\/\\\/news.ecclesia.org.br\\\/?p=25379\",\"name\":\"CMI pede a liberta\u00e7\u00e3o dos Arcebispos (sequestrados) de Alepo | ECCLESIA NEWS\",\"isPartOf\":{\"@id\":\"https:\\\/\\\/news.ecclesia.org.br\\\/#website\"},\"primaryImageOfPage\":{\"@id\":\"https:\\\/\\\/news.ecclesia.org.br\\\/?p=25379#primaryimage\"},\"image\":{\"@id\":\"https:\\\/\\\/news.ecclesia.org.br\\\/?p=25379#primaryimage\"},\"thumbnailUrl\":\"https:\\\/\\\/news.ecclesia.org.br\\\/wp-content\\\/uploads\\\/2018\\\/06\\\/bispos-sequestrados-ano-5.jpg\",\"datePublished\":\"2018-06-28T19:01:15+00:00\",\"dateModified\":\"2018-06-28T19:02:33+00:00\",\"breadcrumb\":{\"@id\":\"https:\\\/\\\/news.ecclesia.org.br\\\/?p=25379#breadcrumb\"},\"inLanguage\":\"pt-BR\",\"potentialAction\":[{\"@type\":\"ReadAction\",\"target\":[\"https:\\\/\\\/news.ecclesia.org.br\\\/?p=25379\"]}]},{\"@type\":\"ImageObject\",\"inLanguage\":\"pt-BR\",\"@id\":\"https:\\\/\\\/news.ecclesia.org.br\\\/?p=25379#primaryimage\",\"url\":\"https:\\\/\\\/news.ecclesia.org.br\\\/wp-content\\\/uploads\\\/2018\\\/06\\\/bispos-sequestrados-ano-5.jpg\",\"contentUrl\":\"https:\\\/\\\/news.ecclesia.org.br\\\/wp-content\\\/uploads\\\/2018\\\/06\\\/bispos-sequestrados-ano-5.jpg\",\"width\":1600,\"height\":1200,\"caption\":\"Arcebispo s\u00edrio-ortodoxo Yohanna Ibrahim e o Arcebispo de greco-ortodoxo antioquino Paulo Y\u00e1zigi, sequestrados por homens armados em abril de 2013, quando voltavam da fronteira turca para a cidade de Aleppo.\"},{\"@type\":\"BreadcrumbList\",\"@id\":\"https:\\\/\\\/news.ecclesia.org.br\\\/?p=25379#breadcrumb\",\"itemListElement\":[{\"@type\":\"ListItem\",\"position\":1,\"name\":\"In\u00edcio\",\"item\":\"https:\\\/\\\/news.ecclesia.org.br\\\/\"},{\"@type\":\"ListItem\",\"position\":2,\"name\":\"CMI pede a liberta\u00e7\u00e3o dos Arcebispos (sequestrados) de Alepo\"}]},{\"@type\":\"WebSite\",\"@id\":\"https:\\\/\\\/news.ecclesia.org.br\\\/#website\",\"url\":\"https:\\\/\\\/news.ecclesia.org.br\\\/\",\"name\":\"Ecclesia Brasil\",\"description\":\"Desde 2003 onectando o Brasil ao mundo ortodoxo!\",\"publisher\":{\"@id\":\"https:\\\/\\\/news.ecclesia.org.br\\\/#organization\"},\"alternateName\":\"Ecclesia\",\"potentialAction\":[{\"@type\":\"SearchAction\",\"target\":{\"@type\":\"EntryPoint\",\"urlTemplate\":\"https:\\\/\\\/news.ecclesia.org.br\\\/?s={search_term_string}\"},\"query-input\":{\"@type\":\"PropertyValueSpecification\",\"valueRequired\":true,\"valueName\":\"search_term_string\"}}],\"inLanguage\":\"pt-BR\"},{\"@type\":\"Organization\",\"@id\":\"https:\\\/\\\/news.ecclesia.org.br\\\/#organization\",\"name\":\"Sacra Arquidiocese de Buenos Aires e Am\u00e9rica do Sul | Patriarcado Ecum\u00eanico\",\"alternateName\":\"News Ecclesia Brasil\",\"url\":\"https:\\\/\\\/news.ecclesia.org.br\\\/\",\"logo\":{\"@type\":\"ImageObject\",\"inLanguage\":\"pt-BR\",\"@id\":\"https:\\\/\\\/news.ecclesia.org.br\\\/#\\\/schema\\\/logo\\\/image\\\/\",\"url\":\"https:\\\/\\\/news.ecclesia.org.br\\\/wp-content\\\/uploads\\\/2025\\\/05\\\/ecclesia2.png\",\"contentUrl\":\"https:\\\/\\\/news.ecclesia.org.br\\\/wp-content\\\/uploads\\\/2025\\\/05\\\/ecclesia2.png\",\"width\":480,\"height\":120,\"caption\":\"Sacra Arquidiocese de Buenos Aires e Am\u00e9rica do Sul | Patriarcado Ecum\u00eanico\"},\"image\":{\"@id\":\"https:\\\/\\\/news.ecclesia.org.br\\\/#\\\/schema\\\/logo\\\/image\\\/\"},\"sameAs\":[\"https:\\\/\\\/www.facebook.com\\\/Ecclesia2025\",\"https:\\\/\\\/x.com\\\/EcclesiaNews\",\"https:\\\/\\\/br.pinterest.com\\\/ekklisia\\\/\",\"https:\\\/\\\/www.youtube.com\\\/@EcclesiaBrasil\"]},{\"@type\":\"Person\",\"@id\":\"https:\\\/\\\/news.ecclesia.org.br\\\/#\\\/schema\\\/person\\\/6f09597f025829745ba414a569f63758\",\"name\":\"Pe. Andr\u00e9\",\"image\":{\"@type\":\"ImageObject\",\"inLanguage\":\"pt-BR\",\"@id\":\"https:\\\/\\\/secure.gravatar.com\\\/avatar\\\/b4327cfa27e9799da239a26adcd534fc29cdc0c4a4a148eecbcfeb9b42c617ac?s=96&d=mm&r=g\",\"url\":\"https:\\\/\\\/secure.gravatar.com\\\/avatar\\\/b4327cfa27e9799da239a26adcd534fc29cdc0c4a4a148eecbcfeb9b42c617ac?s=96&d=mm&r=g\",\"contentUrl\":\"https:\\\/\\\/secure.gravatar.com\\\/avatar\\\/b4327cfa27e9799da239a26adcd534fc29cdc0c4a4a148eecbcfeb9b42c617ac?s=96&d=mm&r=g\",\"caption\":\"Pe. Andr\u00e9\"},\"sameAs\":[\"https:\\\/\\\/www.ecclesia.org.br\"]}]}<\/script>\n<!-- \/ Yoast SEO plugin. -->","yoast_head_json":{"title":"CMI pede a liberta\u00e7\u00e3o dos Arcebispos (sequestrados) de Alepo | ECCLESIA NEWS","robots":{"index":"index","follow":"follow","max-snippet":"max-snippet:-1","max-image-preview":"max-image-preview:large","max-video-preview":"max-video-preview:-1"},"canonical":"https:\/\/news.ecclesia.org.br\/?p=25379","og_locale":"pt_BR","og_type":"article","og_title":"CMI pede a liberta\u00e7\u00e3o dos Arcebispos (sequestrados) de Alepo | ECCLESIA NEWS","og_description":"27 de junho de 2018 &#8212; O Comit\u00ea Central do Conselho Mundial de Igrejas, durante sua reuni\u00e3o de 15 a 21 de junho, emitiu uma declara\u00e7\u00e3o reiterando sua grande preocupa\u00e7\u00e3o com a situa\u00e7\u00e3o alarmante e a r\u00e1pida deteriora\u00e7\u00e3o dos crist\u00e3os&#8230;","og_url":"https:\/\/news.ecclesia.org.br\/?p=25379","og_site_name":"ECCLESIA NEWS","article_publisher":"https:\/\/www.facebook.com\/Ecclesia2025","article_published_time":"2018-06-28T19:01:15+00:00","article_modified_time":"2018-06-28T19:02:33+00:00","og_image":[{"width":1600,"height":1200,"url":"https:\/\/news.ecclesia.org.br\/wp-content\/uploads\/2018\/06\/bispos-sequestrados-ano-5.jpg","type":"image\/jpeg"}],"author":"Pe. Andr\u00e9","twitter_card":"summary_large_image","twitter_creator":"@EcclesiaNews","twitter_site":"@EcclesiaNews","twitter_misc":{"Escrito por":"Pe. Andr\u00e9","Est. tempo de leitura":"1 minuto"},"schema":{"@context":"https:\/\/schema.org","@graph":[{"@type":"Article","@id":"https:\/\/news.ecclesia.org.br\/?p=25379#article","isPartOf":{"@id":"https:\/\/news.ecclesia.org.br\/?p=25379"},"author":{"name":"Pe. Andr\u00e9","@id":"https:\/\/news.ecclesia.org.br\/#\/schema\/person\/6f09597f025829745ba414a569f63758"},"headline":"CMI pede a liberta\u00e7\u00e3o dos Arcebispos (sequestrados) de Alepo","datePublished":"2018-06-28T19:01:15+00:00","dateModified":"2018-06-28T19:02:33+00:00","mainEntityOfPage":{"@id":"https:\/\/news.ecclesia.org.br\/?p=25379"},"wordCount":296,"commentCount":0,"publisher":{"@id":"https:\/\/news.ecclesia.org.br\/#organization"},"image":{"@id":"https:\/\/news.ecclesia.org.br\/?p=25379#primaryimage"},"thumbnailUrl":"https:\/\/news.ecclesia.org.br\/wp-content\/uploads\/2018\/06\/bispos-sequestrados-ano-5.jpg","articleSection":["NEWS"],"inLanguage":"pt-BR","potentialAction":[{"@type":"CommentAction","name":"Comment","target":["https:\/\/news.ecclesia.org.br\/?p=25379#respond"]}]},{"@type":"WebPage","@id":"https:\/\/news.ecclesia.org.br\/?p=25379","url":"https:\/\/news.ecclesia.org.br\/?p=25379","name":"CMI pede a liberta\u00e7\u00e3o dos Arcebispos (sequestrados) de Alepo | ECCLESIA NEWS","isPartOf":{"@id":"https:\/\/news.ecclesia.org.br\/#website"},"primaryImageOfPage":{"@id":"https:\/\/news.ecclesia.org.br\/?p=25379#primaryimage"},"image":{"@id":"https:\/\/news.ecclesia.org.br\/?p=25379#primaryimage"},"thumbnailUrl":"https:\/\/news.ecclesia.org.br\/wp-content\/uploads\/2018\/06\/bispos-sequestrados-ano-5.jpg","datePublished":"2018-06-28T19:01:15+00:00","dateModified":"2018-06-28T19:02:33+00:00","breadcrumb":{"@id":"https:\/\/news.ecclesia.org.br\/?p=25379#breadcrumb"},"inLanguage":"pt-BR","potentialAction":[{"@type":"ReadAction","target":["https:\/\/news.ecclesia.org.br\/?p=25379"]}]},{"@type":"ImageObject","inLanguage":"pt-BR","@id":"https:\/\/news.ecclesia.org.br\/?p=25379#primaryimage","url":"https:\/\/news.ecclesia.org.br\/wp-content\/uploads\/2018\/06\/bispos-sequestrados-ano-5.jpg","contentUrl":"https:\/\/news.ecclesia.org.br\/wp-content\/uploads\/2018\/06\/bispos-sequestrados-ano-5.jpg","width":1600,"height":1200,"caption":"Arcebispo s\u00edrio-ortodoxo Yohanna Ibrahim e o Arcebispo de greco-ortodoxo antioquino Paulo Y\u00e1zigi, sequestrados por homens armados em abril de 2013, quando voltavam da fronteira turca para a cidade de Aleppo."},{"@type":"BreadcrumbList","@id":"https:\/\/news.ecclesia.org.br\/?p=25379#breadcrumb","itemListElement":[{"@type":"ListItem","position":1,"name":"In\u00edcio","item":"https:\/\/news.ecclesia.org.br\/"},{"@type":"ListItem","position":2,"name":"CMI pede a liberta\u00e7\u00e3o dos Arcebispos (sequestrados) de Alepo"}]},{"@type":"WebSite","@id":"https:\/\/news.ecclesia.org.br\/#website","url":"https:\/\/news.ecclesia.org.br\/","name":"Ecclesia Brasil","description":"Desde 2003 onectando o Brasil ao mundo ortodoxo!","publisher":{"@id":"https:\/\/news.ecclesia.org.br\/#organization"},"alternateName":"Ecclesia","potentialAction":[{"@type":"SearchAction","target":{"@type":"EntryPoint","urlTemplate":"https:\/\/news.ecclesia.org.br\/?s={search_term_string}"},"query-input":{"@type":"PropertyValueSpecification","valueRequired":true,"valueName":"search_term_string"}}],"inLanguage":"pt-BR"},{"@type":"Organization","@id":"https:\/\/news.ecclesia.org.br\/#organization","name":"Sacra Arquidiocese de Buenos Aires e Am\u00e9rica do Sul | Patriarcado Ecum\u00eanico","alternateName":"News Ecclesia Brasil","url":"https:\/\/news.ecclesia.org.br\/","logo":{"@type":"ImageObject","inLanguage":"pt-BR","@id":"https:\/\/news.ecclesia.org.br\/#\/schema\/logo\/image\/","url":"https:\/\/news.ecclesia.org.br\/wp-content\/uploads\/2025\/05\/ecclesia2.png","contentUrl":"https:\/\/news.ecclesia.org.br\/wp-content\/uploads\/2025\/05\/ecclesia2.png","width":480,"height":120,"caption":"Sacra Arquidiocese de Buenos Aires e Am\u00e9rica do Sul | Patriarcado Ecum\u00eanico"},"image":{"@id":"https:\/\/news.ecclesia.org.br\/#\/schema\/logo\/image\/"},"sameAs":["https:\/\/www.facebook.com\/Ecclesia2025","https:\/\/x.com\/EcclesiaNews","https:\/\/br.pinterest.com\/ekklisia\/","https:\/\/www.youtube.com\/@EcclesiaBrasil"]},{"@type":"Person","@id":"https:\/\/news.ecclesia.org.br\/#\/schema\/person\/6f09597f025829745ba414a569f63758","name":"Pe. Andr\u00e9","image":{"@type":"ImageObject","inLanguage":"pt-BR","@id":"https:\/\/secure.gravatar.com\/avatar\/b4327cfa27e9799da239a26adcd534fc29cdc0c4a4a148eecbcfeb9b42c617ac?s=96&d=mm&r=g","url":"https:\/\/secure.gravatar.com\/avatar\/b4327cfa27e9799da239a26adcd534fc29cdc0c4a4a148eecbcfeb9b42c617ac?s=96&d=mm&r=g","contentUrl":"https:\/\/secure.gravatar.com\/avatar\/b4327cfa27e9799da239a26adcd534fc29cdc0c4a4a148eecbcfeb9b42c617ac?s=96&d=mm&r=g","caption":"Pe. Andr\u00e9"},"sameAs":["https:\/\/www.ecclesia.org.br"]}]}},"_links":{"self":[{"href":"https:\/\/news.ecclesia.org.br\/index.php?rest_route=\/wp\/v2\/posts\/25379","targetHints":{"allow":["GET"]}}],"collection":[{"href":"https:\/\/news.ecclesia.org.br\/index.php?rest_route=\/wp\/v2\/posts"}],"about":[{"href":"https:\/\/news.ecclesia.org.br\/index.php?rest_route=\/wp\/v2\/types\/post"}],"author":[{"embeddable":true,"href":"https:\/\/news.ecclesia.org.br\/index.php?rest_route=\/wp\/v2\/users\/1"}],"replies":[{"embeddable":true,"href":"https:\/\/news.ecclesia.org.br\/index.php?rest_route=%2Fwp%2Fv2%2Fcomments&post=25379"}],"version-history":[{"count":0,"href":"https:\/\/news.ecclesia.org.br\/index.php?rest_route=\/wp\/v2\/posts\/25379\/revisions"}],"wp:featuredmedia":[{"embeddable":true,"href":"https:\/\/news.ecclesia.org.br\/index.php?rest_route=\/wp\/v2\/media\/25380"}],"wp:attachment":[{"href":"https:\/\/news.ecclesia.org.br\/index.php?rest_route=%2Fwp%2Fv2%2Fmedia&parent=25379"}],"wp:term":[{"taxonomy":"category","embeddable":true,"href":"https:\/\/news.ecclesia.org.br\/index.php?rest_route=%2Fwp%2Fv2%2Fcategories&post=25379"},{"taxonomy":"post_tag","embeddable":true,"href":"https:\/\/news.ecclesia.org.br\/index.php?rest_route=%2Fwp%2Fv2%2Ftags&post=25379"}],"curies":[{"name":"wp","href":"https:\/\/api.w.org\/{rel}","templated":true}]}}