{"id":25343,"date":"2018-06-25T16:46:05","date_gmt":"2018-06-25T16:46:05","guid":{"rendered":"https:\/\/news.ecclesia.org.br\/?p=25343"},"modified":"2018-06-25T16:54:21","modified_gmt":"2018-06-25T16:54:21","slug":"santo-sinodo-da-georgia-examina-a-questao-da-concessao-de-autocefalia-a-igreja-na-ucrania","status":"publish","type":"post","link":"https:\/\/news.ecclesia.org.br\/?p=25343","title":{"rendered":"Santo S\u00ednodo da Ge\u00f3rgia examina a quest\u00e3o da concess\u00e3o de autocefalia \u00e0 Igreja na Ucr\u00e2nia"},"content":{"rendered":"<figure id=\"attachment_25344\" aria-describedby=\"caption-attachment-25344\" style=\"width: 300px\" class=\"wp-caption alignleft\"><a href=\"https:\/\/news.ecclesia.org.br\/wp-content\/uploads\/2018\/06\/georgie.jpg\"><img decoding=\"async\" class=\"size-medium wp-image-25344\" src=\"https:\/\/news.ecclesia.org.br\/wp-content\/uploads\/2018\/06\/georgie-300x156.jpg\" alt=\"\" width=\"300\" height=\"156\" srcset=\"https:\/\/news.ecclesia.org.br\/wp-content\/uploads\/2018\/06\/georgie-300x156.jpg 300w, https:\/\/news.ecclesia.org.br\/wp-content\/uploads\/2018\/06\/georgie-768x399.jpg 768w, https:\/\/news.ecclesia.org.br\/wp-content\/uploads\/2018\/06\/georgie-600x311.jpg 600w, https:\/\/news.ecclesia.org.br\/wp-content\/uploads\/2018\/06\/georgie-106x55.jpg 106w, https:\/\/news.ecclesia.org.br\/wp-content\/uploads\/2018\/06\/georgie.jpg 900w\" sizes=\"(max-width: 300px) 100vw, 300px\" \/><\/a><figcaption id=\"caption-attachment-25344\" class=\"wp-caption-text\">Santo S\u00ednodo da Ge\u00f3rgia examina a quest\u00e3o da concess\u00e3o de autocefalia \u00e0 Igreja na Ucr\u00e2nia<\/figcaption><\/figure>\n<p style=\"text-align: justify;\">O Santo S\u00ednodo da Igreja Ortodoxa da Ge\u00f3rgia reuniu-se no \u00faltimo dia 21 de junho de 2018, sob a presid\u00eancia do Patriarca Elias II, da Ge\u00f3rgia, em Tbilisi. Durante a sess\u00e3o, o Santo S\u00ednodo examinou a quest\u00e3o da concess\u00e3o de autocefalia para a Igreja na Ucr\u00e2nia. De acordo com a Ag\u00eancia grega\u00a0<a href=\"http:\/\/www.romfea.gr\/\" target=\"_blank\" rel=\"noopener\">Romfea.gr<\/a><span style=\"display: inline !important; float: none; background-color: transparent; color: #333333; cursor: text; font-family: Georgia,'Times New Roman','Bitstream Charter',Times,serif; font-size: 16px; font-style: normal; font-variant: normal; font-weight: 400; letter-spacing: normal; orphans: 2; text-align: left; text-decoration: none; text-indent: 0px; text-transform: none; -webkit-text-stroke-width: 0px; white-space: normal; word-spacing: 0px;\">,<\/span>\u00a0tr\u00eas cartas sobre a situa\u00e7\u00e3o na Ucr\u00e2nia foram lidas aos membros do S\u00ednodo durante a sess\u00e3o: do Patriarca Ecum\u00eanico, do Patriarca de Moscou e do Metropolita Davi, de Kiev e toda Ucr\u00e2nia. Um metropolita da Igreja Ortodoxa da Ge\u00f3rgia revelou a <a href=\"http:\/\/www.romfea.gr\/\" target=\"_blank\" rel=\"noopener\">Romfea.gr<\/a> que o Patriarca Elias teria expressado descontentamento com o caso ucraniano: &#8220;S. B n\u00e3o concorda com as iniciativas do Patriarcado Ecum\u00eanico na Ucr\u00e2nia e n\u00e3o reconhece a Igreja can\u00f4nica sob o Metropolita Jo\u00e3o&#8221;. Deve-se notar que, ao contr\u00e1rio do Patriarca e do Santo S\u00ednodo da Igreja da Ge\u00f3rgia, o Metropolita Pedro (Tsava) de Tchkondidi declarou seu apoio \u00e0 concess\u00e3o de autocefalia \u00e0 Ucr\u00e2nia, porque, de acordo com ele, um pa\u00eds com 40 milh\u00f5es de habitantes deveria ter sua igreja independente. &#8220;A minha opini\u00e3o \u00e9 que a Ucr\u00e2nia deve ter uma igreja independente, no entanto, o Santo S\u00ednodo do Patriarcado tem uma posi\u00e7\u00e3o l\u00f3gica&#8221;, acrescentou.<\/p>\n<hr \/>\n<p style=\"text-align: right;\">Fonte: <a href=\"https:\/\/orthodoxie.com\/le-patriarcat-de-georgie-soutient-leglise-canonique-en-ukraine\/?goal=0_9357f9bbb5-cd0ae8cad0-64820487&amp;mc_cid=cd0ae8cad0&amp;mc_eid=337873e3c4\" target=\"_blank\" rel=\"noopener\">Orthodoxie.com<\/a><\/p>\n","protected":false},"excerpt":{"rendered":"<p>O Santo S\u00ednodo da Igreja Ortodoxa da Ge\u00f3rgia reuniu-se no \u00faltimo dia 21 de junho de 2018, sob a presid\u00eancia do Patriarca Elias II, da Ge\u00f3rgia, em Tbilisi. Durante a sess\u00e3o, o Santo S\u00ednodo examinou a quest\u00e3o da concess\u00e3o de&#8230;<\/p>\n","protected":false},"author":1,"featured_media":25344,"comment_status":"open","ping_status":"open","sticky":false,"template":"","format":"standard","meta":{"_acf_changed":false,"footnotes":""},"categories":[1],"tags":[],"class_list":["post-25343","post","type-post","status-publish","format-standard","has-post-thumbnail","hentry","category-news","entry","rows-excerpt"],"acf":[],"yoast_head":"<!-- This site is optimized with the Yoast SEO plugin v27.4 - https:\/\/yoast.com\/product\/yoast-seo-wordpress\/ -->\n<title>Santo S\u00ednodo da Ge\u00f3rgia examina a quest\u00e3o da concess\u00e3o de autocefalia \u00e0 Igreja na Ucr\u00e2nia | ECCLESIA NEWS<\/title>\n<meta name=\"robots\" content=\"index, follow, max-snippet:-1, max-image-preview:large, max-video-preview:-1\" \/>\n<link rel=\"canonical\" href=\"https:\/\/news.ecclesia.org.br\/?p=25343\" \/>\n<meta property=\"og:locale\" content=\"pt_BR\" \/>\n<meta property=\"og:type\" content=\"article\" \/>\n<meta property=\"og:title\" content=\"Santo S\u00ednodo da Ge\u00f3rgia examina a quest\u00e3o da concess\u00e3o de autocefalia \u00e0 Igreja na Ucr\u00e2nia | ECCLESIA NEWS\" \/>\n<meta property=\"og:description\" content=\"O Santo S\u00ednodo da Igreja Ortodoxa da Ge\u00f3rgia reuniu-se no \u00faltimo dia 21 de junho de 2018, sob a presid\u00eancia do Patriarca Elias II, da Ge\u00f3rgia, em Tbilisi. Durante a sess\u00e3o, o Santo S\u00ednodo examinou a quest\u00e3o da concess\u00e3o de&#8230;\" \/>\n<meta property=\"og:url\" content=\"https:\/\/news.ecclesia.org.br\/?p=25343\" \/>\n<meta property=\"og:site_name\" content=\"ECCLESIA NEWS\" \/>\n<meta property=\"article:publisher\" content=\"https:\/\/www.facebook.com\/Ecclesia2025\" \/>\n<meta property=\"article:published_time\" content=\"2018-06-25T16:46:05+00:00\" \/>\n<meta property=\"article:modified_time\" content=\"2018-06-25T16:54:21+00:00\" \/>\n<meta property=\"og:image\" content=\"https:\/\/news.ecclesia.org.br\/wp-content\/uploads\/2018\/06\/georgie.jpg\" \/>\n\t<meta property=\"og:image:width\" content=\"900\" \/>\n\t<meta property=\"og:image:height\" content=\"467\" \/>\n\t<meta property=\"og:image:type\" content=\"image\/jpeg\" \/>\n<meta name=\"author\" content=\"Pe. Andr\u00e9\" \/>\n<meta name=\"twitter:card\" content=\"summary_large_image\" \/>\n<meta name=\"twitter:creator\" content=\"@EcclesiaNews\" \/>\n<meta name=\"twitter:site\" content=\"@EcclesiaNews\" \/>\n<meta name=\"twitter:label1\" content=\"Escrito por\" \/>\n\t<meta name=\"twitter:data1\" content=\"Pe. Andr\u00e9\" \/>\n\t<meta name=\"twitter:label2\" content=\"Est. tempo de leitura\" \/>\n\t<meta name=\"twitter:data2\" content=\"1 minuto\" \/>\n<script type=\"application\/ld+json\" class=\"yoast-schema-graph\">{\"@context\":\"https:\\\/\\\/schema.org\",\"@graph\":[{\"@type\":\"Article\",\"@id\":\"https:\\\/\\\/news.ecclesia.org.br\\\/?p=25343#article\",\"isPartOf\":{\"@id\":\"https:\\\/\\\/news.ecclesia.org.br\\\/?p=25343\"},\"author\":{\"name\":\"Pe. Andr\u00e9\",\"@id\":\"https:\\\/\\\/news.ecclesia.org.br\\\/#\\\/schema\\\/person\\\/6f09597f025829745ba414a569f63758\"},\"headline\":\"Santo S\u00ednodo da Ge\u00f3rgia examina a quest\u00e3o da concess\u00e3o de autocefalia \u00e0 Igreja na Ucr\u00e2nia\",\"datePublished\":\"2018-06-25T16:46:05+00:00\",\"dateModified\":\"2018-06-25T16:54:21+00:00\",\"mainEntityOfPage\":{\"@id\":\"https:\\\/\\\/news.ecclesia.org.br\\\/?p=25343\"},\"wordCount\":279,\"commentCount\":0,\"publisher\":{\"@id\":\"https:\\\/\\\/news.ecclesia.org.br\\\/#organization\"},\"image\":{\"@id\":\"https:\\\/\\\/news.ecclesia.org.br\\\/?p=25343#primaryimage\"},\"thumbnailUrl\":\"https:\\\/\\\/news.ecclesia.org.br\\\/wp-content\\\/uploads\\\/2018\\\/06\\\/georgie.jpg\",\"articleSection\":[\"NEWS\"],\"inLanguage\":\"pt-BR\",\"potentialAction\":[{\"@type\":\"CommentAction\",\"name\":\"Comment\",\"target\":[\"https:\\\/\\\/news.ecclesia.org.br\\\/?p=25343#respond\"]}]},{\"@type\":\"WebPage\",\"@id\":\"https:\\\/\\\/news.ecclesia.org.br\\\/?p=25343\",\"url\":\"https:\\\/\\\/news.ecclesia.org.br\\\/?p=25343\",\"name\":\"Santo S\u00ednodo da Ge\u00f3rgia examina a quest\u00e3o da concess\u00e3o de autocefalia \u00e0 Igreja na Ucr\u00e2nia | ECCLESIA NEWS\",\"isPartOf\":{\"@id\":\"https:\\\/\\\/news.ecclesia.org.br\\\/#website\"},\"primaryImageOfPage\":{\"@id\":\"https:\\\/\\\/news.ecclesia.org.br\\\/?p=25343#primaryimage\"},\"image\":{\"@id\":\"https:\\\/\\\/news.ecclesia.org.br\\\/?p=25343#primaryimage\"},\"thumbnailUrl\":\"https:\\\/\\\/news.ecclesia.org.br\\\/wp-content\\\/uploads\\\/2018\\\/06\\\/georgie.jpg\",\"datePublished\":\"2018-06-25T16:46:05+00:00\",\"dateModified\":\"2018-06-25T16:54:21+00:00\",\"breadcrumb\":{\"@id\":\"https:\\\/\\\/news.ecclesia.org.br\\\/?p=25343#breadcrumb\"},\"inLanguage\":\"pt-BR\",\"potentialAction\":[{\"@type\":\"ReadAction\",\"target\":[\"https:\\\/\\\/news.ecclesia.org.br\\\/?p=25343\"]}]},{\"@type\":\"ImageObject\",\"inLanguage\":\"pt-BR\",\"@id\":\"https:\\\/\\\/news.ecclesia.org.br\\\/?p=25343#primaryimage\",\"url\":\"https:\\\/\\\/news.ecclesia.org.br\\\/wp-content\\\/uploads\\\/2018\\\/06\\\/georgie.jpg\",\"contentUrl\":\"https:\\\/\\\/news.ecclesia.org.br\\\/wp-content\\\/uploads\\\/2018\\\/06\\\/georgie.jpg\",\"width\":900,\"height\":467,\"caption\":\"Santo S\u00ednodo da Ge\u00f3rgia examina a quest\u00e3o da concess\u00e3o de autocefalia \u00e0 Igreja na Ucr\u00e2nia\"},{\"@type\":\"BreadcrumbList\",\"@id\":\"https:\\\/\\\/news.ecclesia.org.br\\\/?p=25343#breadcrumb\",\"itemListElement\":[{\"@type\":\"ListItem\",\"position\":1,\"name\":\"In\u00edcio\",\"item\":\"https:\\\/\\\/news.ecclesia.org.br\\\/\"},{\"@type\":\"ListItem\",\"position\":2,\"name\":\"Santo S\u00ednodo da Ge\u00f3rgia examina a quest\u00e3o da concess\u00e3o de autocefalia \u00e0 Igreja na Ucr\u00e2nia\"}]},{\"@type\":\"WebSite\",\"@id\":\"https:\\\/\\\/news.ecclesia.org.br\\\/#website\",\"url\":\"https:\\\/\\\/news.ecclesia.org.br\\\/\",\"name\":\"Ecclesia Brasil\",\"description\":\"Desde 2003 onectando o Brasil ao mundo ortodoxo!\",\"publisher\":{\"@id\":\"https:\\\/\\\/news.ecclesia.org.br\\\/#organization\"},\"alternateName\":\"Ecclesia\",\"potentialAction\":[{\"@type\":\"SearchAction\",\"target\":{\"@type\":\"EntryPoint\",\"urlTemplate\":\"https:\\\/\\\/news.ecclesia.org.br\\\/?s={search_term_string}\"},\"query-input\":{\"@type\":\"PropertyValueSpecification\",\"valueRequired\":true,\"valueName\":\"search_term_string\"}}],\"inLanguage\":\"pt-BR\"},{\"@type\":\"Organization\",\"@id\":\"https:\\\/\\\/news.ecclesia.org.br\\\/#organization\",\"name\":\"Sacra Arquidiocese de Buenos Aires e Am\u00e9rica do Sul | Patriarcado Ecum\u00eanico\",\"alternateName\":\"News Ecclesia Brasil\",\"url\":\"https:\\\/\\\/news.ecclesia.org.br\\\/\",\"logo\":{\"@type\":\"ImageObject\",\"inLanguage\":\"pt-BR\",\"@id\":\"https:\\\/\\\/news.ecclesia.org.br\\\/#\\\/schema\\\/logo\\\/image\\\/\",\"url\":\"https:\\\/\\\/news.ecclesia.org.br\\\/wp-content\\\/uploads\\\/2025\\\/05\\\/ecclesia2.png\",\"contentUrl\":\"https:\\\/\\\/news.ecclesia.org.br\\\/wp-content\\\/uploads\\\/2025\\\/05\\\/ecclesia2.png\",\"width\":480,\"height\":120,\"caption\":\"Sacra Arquidiocese de Buenos Aires e Am\u00e9rica do Sul | Patriarcado Ecum\u00eanico\"},\"image\":{\"@id\":\"https:\\\/\\\/news.ecclesia.org.br\\\/#\\\/schema\\\/logo\\\/image\\\/\"},\"sameAs\":[\"https:\\\/\\\/www.facebook.com\\\/Ecclesia2025\",\"https:\\\/\\\/x.com\\\/EcclesiaNews\",\"https:\\\/\\\/br.pinterest.com\\\/ekklisia\\\/\",\"https:\\\/\\\/www.youtube.com\\\/@EcclesiaBrasil\"]},{\"@type\":\"Person\",\"@id\":\"https:\\\/\\\/news.ecclesia.org.br\\\/#\\\/schema\\\/person\\\/6f09597f025829745ba414a569f63758\",\"name\":\"Pe. Andr\u00e9\",\"image\":{\"@type\":\"ImageObject\",\"inLanguage\":\"pt-BR\",\"@id\":\"https:\\\/\\\/secure.gravatar.com\\\/avatar\\\/b4327cfa27e9799da239a26adcd534fc29cdc0c4a4a148eecbcfeb9b42c617ac?s=96&d=mm&r=g\",\"url\":\"https:\\\/\\\/secure.gravatar.com\\\/avatar\\\/b4327cfa27e9799da239a26adcd534fc29cdc0c4a4a148eecbcfeb9b42c617ac?s=96&d=mm&r=g\",\"contentUrl\":\"https:\\\/\\\/secure.gravatar.com\\\/avatar\\\/b4327cfa27e9799da239a26adcd534fc29cdc0c4a4a148eecbcfeb9b42c617ac?s=96&d=mm&r=g\",\"caption\":\"Pe. Andr\u00e9\"},\"sameAs\":[\"https:\\\/\\\/www.ecclesia.org.br\"]}]}<\/script>\n<!-- \/ Yoast SEO plugin. -->","yoast_head_json":{"title":"Santo S\u00ednodo da Ge\u00f3rgia examina a quest\u00e3o da concess\u00e3o de autocefalia \u00e0 Igreja na Ucr\u00e2nia | ECCLESIA NEWS","robots":{"index":"index","follow":"follow","max-snippet":"max-snippet:-1","max-image-preview":"max-image-preview:large","max-video-preview":"max-video-preview:-1"},"canonical":"https:\/\/news.ecclesia.org.br\/?p=25343","og_locale":"pt_BR","og_type":"article","og_title":"Santo S\u00ednodo da Ge\u00f3rgia examina a quest\u00e3o da concess\u00e3o de autocefalia \u00e0 Igreja na Ucr\u00e2nia | ECCLESIA NEWS","og_description":"O Santo S\u00ednodo da Igreja Ortodoxa da Ge\u00f3rgia reuniu-se no \u00faltimo dia 21 de junho de 2018, sob a presid\u00eancia do Patriarca Elias II, da Ge\u00f3rgia, em Tbilisi. Durante a sess\u00e3o, o Santo S\u00ednodo examinou a quest\u00e3o da concess\u00e3o de&#8230;","og_url":"https:\/\/news.ecclesia.org.br\/?p=25343","og_site_name":"ECCLESIA NEWS","article_publisher":"https:\/\/www.facebook.com\/Ecclesia2025","article_published_time":"2018-06-25T16:46:05+00:00","article_modified_time":"2018-06-25T16:54:21+00:00","og_image":[{"width":900,"height":467,"url":"https:\/\/news.ecclesia.org.br\/wp-content\/uploads\/2018\/06\/georgie.jpg","type":"image\/jpeg"}],"author":"Pe. Andr\u00e9","twitter_card":"summary_large_image","twitter_creator":"@EcclesiaNews","twitter_site":"@EcclesiaNews","twitter_misc":{"Escrito por":"Pe. Andr\u00e9","Est. tempo de leitura":"1 minuto"},"schema":{"@context":"https:\/\/schema.org","@graph":[{"@type":"Article","@id":"https:\/\/news.ecclesia.org.br\/?p=25343#article","isPartOf":{"@id":"https:\/\/news.ecclesia.org.br\/?p=25343"},"author":{"name":"Pe. Andr\u00e9","@id":"https:\/\/news.ecclesia.org.br\/#\/schema\/person\/6f09597f025829745ba414a569f63758"},"headline":"Santo S\u00ednodo da Ge\u00f3rgia examina a quest\u00e3o da concess\u00e3o de autocefalia \u00e0 Igreja na Ucr\u00e2nia","datePublished":"2018-06-25T16:46:05+00:00","dateModified":"2018-06-25T16:54:21+00:00","mainEntityOfPage":{"@id":"https:\/\/news.ecclesia.org.br\/?p=25343"},"wordCount":279,"commentCount":0,"publisher":{"@id":"https:\/\/news.ecclesia.org.br\/#organization"},"image":{"@id":"https:\/\/news.ecclesia.org.br\/?p=25343#primaryimage"},"thumbnailUrl":"https:\/\/news.ecclesia.org.br\/wp-content\/uploads\/2018\/06\/georgie.jpg","articleSection":["NEWS"],"inLanguage":"pt-BR","potentialAction":[{"@type":"CommentAction","name":"Comment","target":["https:\/\/news.ecclesia.org.br\/?p=25343#respond"]}]},{"@type":"WebPage","@id":"https:\/\/news.ecclesia.org.br\/?p=25343","url":"https:\/\/news.ecclesia.org.br\/?p=25343","name":"Santo S\u00ednodo da Ge\u00f3rgia examina a quest\u00e3o da concess\u00e3o de autocefalia \u00e0 Igreja na Ucr\u00e2nia | ECCLESIA NEWS","isPartOf":{"@id":"https:\/\/news.ecclesia.org.br\/#website"},"primaryImageOfPage":{"@id":"https:\/\/news.ecclesia.org.br\/?p=25343#primaryimage"},"image":{"@id":"https:\/\/news.ecclesia.org.br\/?p=25343#primaryimage"},"thumbnailUrl":"https:\/\/news.ecclesia.org.br\/wp-content\/uploads\/2018\/06\/georgie.jpg","datePublished":"2018-06-25T16:46:05+00:00","dateModified":"2018-06-25T16:54:21+00:00","breadcrumb":{"@id":"https:\/\/news.ecclesia.org.br\/?p=25343#breadcrumb"},"inLanguage":"pt-BR","potentialAction":[{"@type":"ReadAction","target":["https:\/\/news.ecclesia.org.br\/?p=25343"]}]},{"@type":"ImageObject","inLanguage":"pt-BR","@id":"https:\/\/news.ecclesia.org.br\/?p=25343#primaryimage","url":"https:\/\/news.ecclesia.org.br\/wp-content\/uploads\/2018\/06\/georgie.jpg","contentUrl":"https:\/\/news.ecclesia.org.br\/wp-content\/uploads\/2018\/06\/georgie.jpg","width":900,"height":467,"caption":"Santo S\u00ednodo da Ge\u00f3rgia examina a quest\u00e3o da concess\u00e3o de autocefalia \u00e0 Igreja na Ucr\u00e2nia"},{"@type":"BreadcrumbList","@id":"https:\/\/news.ecclesia.org.br\/?p=25343#breadcrumb","itemListElement":[{"@type":"ListItem","position":1,"name":"In\u00edcio","item":"https:\/\/news.ecclesia.org.br\/"},{"@type":"ListItem","position":2,"name":"Santo S\u00ednodo da Ge\u00f3rgia examina a quest\u00e3o da concess\u00e3o de autocefalia \u00e0 Igreja na Ucr\u00e2nia"}]},{"@type":"WebSite","@id":"https:\/\/news.ecclesia.org.br\/#website","url":"https:\/\/news.ecclesia.org.br\/","name":"Ecclesia Brasil","description":"Desde 2003 onectando o Brasil ao mundo ortodoxo!","publisher":{"@id":"https:\/\/news.ecclesia.org.br\/#organization"},"alternateName":"Ecclesia","potentialAction":[{"@type":"SearchAction","target":{"@type":"EntryPoint","urlTemplate":"https:\/\/news.ecclesia.org.br\/?s={search_term_string}"},"query-input":{"@type":"PropertyValueSpecification","valueRequired":true,"valueName":"search_term_string"}}],"inLanguage":"pt-BR"},{"@type":"Organization","@id":"https:\/\/news.ecclesia.org.br\/#organization","name":"Sacra Arquidiocese de Buenos Aires e Am\u00e9rica do Sul | Patriarcado Ecum\u00eanico","alternateName":"News Ecclesia Brasil","url":"https:\/\/news.ecclesia.org.br\/","logo":{"@type":"ImageObject","inLanguage":"pt-BR","@id":"https:\/\/news.ecclesia.org.br\/#\/schema\/logo\/image\/","url":"https:\/\/news.ecclesia.org.br\/wp-content\/uploads\/2025\/05\/ecclesia2.png","contentUrl":"https:\/\/news.ecclesia.org.br\/wp-content\/uploads\/2025\/05\/ecclesia2.png","width":480,"height":120,"caption":"Sacra Arquidiocese de Buenos Aires e Am\u00e9rica do Sul | Patriarcado Ecum\u00eanico"},"image":{"@id":"https:\/\/news.ecclesia.org.br\/#\/schema\/logo\/image\/"},"sameAs":["https:\/\/www.facebook.com\/Ecclesia2025","https:\/\/x.com\/EcclesiaNews","https:\/\/br.pinterest.com\/ekklisia\/","https:\/\/www.youtube.com\/@EcclesiaBrasil"]},{"@type":"Person","@id":"https:\/\/news.ecclesia.org.br\/#\/schema\/person\/6f09597f025829745ba414a569f63758","name":"Pe. Andr\u00e9","image":{"@type":"ImageObject","inLanguage":"pt-BR","@id":"https:\/\/secure.gravatar.com\/avatar\/b4327cfa27e9799da239a26adcd534fc29cdc0c4a4a148eecbcfeb9b42c617ac?s=96&d=mm&r=g","url":"https:\/\/secure.gravatar.com\/avatar\/b4327cfa27e9799da239a26adcd534fc29cdc0c4a4a148eecbcfeb9b42c617ac?s=96&d=mm&r=g","contentUrl":"https:\/\/secure.gravatar.com\/avatar\/b4327cfa27e9799da239a26adcd534fc29cdc0c4a4a148eecbcfeb9b42c617ac?s=96&d=mm&r=g","caption":"Pe. Andr\u00e9"},"sameAs":["https:\/\/www.ecclesia.org.br"]}]}},"_links":{"self":[{"href":"https:\/\/news.ecclesia.org.br\/index.php?rest_route=\/wp\/v2\/posts\/25343","targetHints":{"allow":["GET"]}}],"collection":[{"href":"https:\/\/news.ecclesia.org.br\/index.php?rest_route=\/wp\/v2\/posts"}],"about":[{"href":"https:\/\/news.ecclesia.org.br\/index.php?rest_route=\/wp\/v2\/types\/post"}],"author":[{"embeddable":true,"href":"https:\/\/news.ecclesia.org.br\/index.php?rest_route=\/wp\/v2\/users\/1"}],"replies":[{"embeddable":true,"href":"https:\/\/news.ecclesia.org.br\/index.php?rest_route=%2Fwp%2Fv2%2Fcomments&post=25343"}],"version-history":[{"count":0,"href":"https:\/\/news.ecclesia.org.br\/index.php?rest_route=\/wp\/v2\/posts\/25343\/revisions"}],"wp:featuredmedia":[{"embeddable":true,"href":"https:\/\/news.ecclesia.org.br\/index.php?rest_route=\/wp\/v2\/media\/25344"}],"wp:attachment":[{"href":"https:\/\/news.ecclesia.org.br\/index.php?rest_route=%2Fwp%2Fv2%2Fmedia&parent=25343"}],"wp:term":[{"taxonomy":"category","embeddable":true,"href":"https:\/\/news.ecclesia.org.br\/index.php?rest_route=%2Fwp%2Fv2%2Fcategories&post=25343"},{"taxonomy":"post_tag","embeddable":true,"href":"https:\/\/news.ecclesia.org.br\/index.php?rest_route=%2Fwp%2Fv2%2Ftags&post=25343"}],"curies":[{"name":"wp","href":"https:\/\/api.w.org\/{rel}","templated":true}]}}