{"id":25331,"date":"2018-06-25T16:15:51","date_gmt":"2018-06-25T16:15:51","guid":{"rendered":"https:\/\/news.ecclesia.org.br\/?p=25331"},"modified":"2018-06-25T16:23:49","modified_gmt":"2018-06-25T16:23:49","slug":"uma-delegacao-da-igreja-ortodoxa-da-ucrania-foi-ao-fanar-a-convite-do-patriarca-bartolomeu","status":"publish","type":"post","link":"https:\/\/news.ecclesia.org.br\/?p=25331","title":{"rendered":"Uma delega\u00e7\u00e3o da Igreja Ortodoxa da Ucr\u00e2nia foi ao Fhanar a convite do Patriarca Bartolomeu"},"content":{"rendered":"<figure id=\"attachment_25332\" aria-describedby=\"caption-attachment-25332\" style=\"width: 300px\" class=\"wp-caption alignleft\"><a href=\"https:\/\/news.ecclesia.org.br\/wp-content\/uploads\/2018\/06\/ukraine-constantinople.jpg\"><img fetchpriority=\"high\" decoding=\"async\" class=\"size-medium wp-image-25332\" src=\"https:\/\/news.ecclesia.org.br\/wp-content\/uploads\/2018\/06\/ukraine-constantinople-300x225.jpg\" alt=\"\" width=\"300\" height=\"225\" srcset=\"https:\/\/news.ecclesia.org.br\/wp-content\/uploads\/2018\/06\/ukraine-constantinople-300x225.jpg 300w, https:\/\/news.ecclesia.org.br\/wp-content\/uploads\/2018\/06\/ukraine-constantinople-73x55.jpg 73w, https:\/\/news.ecclesia.org.br\/wp-content\/uploads\/2018\/06\/ukraine-constantinople.jpg 575w\" sizes=\"(max-width: 300px) 100vw, 300px\" \/><\/a><figcaption id=\"caption-attachment-25332\" class=\"wp-caption-text\">Uma delega\u00e7\u00e3o da Igreja Ortodoxa da Ucr\u00e2nia foi ao Fhanar a convite do Patriarca Bartolomeu<\/figcaption><\/figure>\n<p style=\"text-align: justify;\">Uma delega\u00e7\u00e3o da Igreja Ortodoxa da Ucr\u00e2nia, liderada por um membro permanente do Santo S\u00ednodo, o Metropolita Agath\u00e2ngelos, de Odessa e Izma\u00efl, foi ao Phanar no \u00faltimo dia 23 de junho de 2018 para uma encontro formal com o Patriarca Bartolomeu. A visita realizou-se a convite do pr\u00f3prio Patriarca, com a b\u00ean\u00e7\u00e3o do Metropolita Jo\u00e3o, de Kiev e toda a Ucr\u00e2nia. Faziam parte da delega\u00e7\u00e3o o Metropolita Hilarion, de Donetsk e Mariupol , o Metropolita Theodore de Kamenets-Podolski e Gorodosk, o Metropolita Ant\u00f4nio, de Borispol e Brovary, Chanceler da Igreja da Ucr\u00e2nia. Estes metropolitas s\u00e3o membros permanentes do Santo S\u00ednodo da Igreja Ortodoxa da Ucr\u00e2nia. Tamb\u00e9m estavam presentes o Vice-Presidente do departamento de assuntos externos da Igreja da Igreja Ortodoxa da Ucr\u00e2nia, Arcipreste Nicolas Danilevitch e outras personalidades. A recep\u00e7\u00e3o oficial no Phanar come\u00e7ou com a ora\u00e7\u00e3o em comum. O Patriarca Bartolomeu congratulou-se com a delega\u00e7\u00e3o e apresentou seus assistentes para este encontro: o Metropolita Jo\u00e3o de P\u00e9rgamo, Metropolita Emmanuel da Fran\u00e7a (Patriarcado Ecum\u00eanico), Metropolita Bartolomeu de Esmirna, e outros funcion\u00e1rios da Patriarcado. O Metropolita Agath\u00e2ngelos congratulou-se calorosamente com o Patriarca Bartolomeu e transmitiu a ele os melhores desejos de S.B. o Metropolita Jo\u00e3o, agradecendo pela recep\u00e7\u00e3o calorosa. As duas partes trataram de quest\u00f5es relacionadas com a Igreja Ortodoxa da Ucr\u00e2nia.<\/p>\n<p style=\"text-align: right;\">Fonte: <a href=\"https:\/\/orthodoxie.com\/une-delegation-de-leglise-orthodoxe-dukraine-sest-rendue-au-phanar-sur-linvitation-du-patriarche-bartholomee\/?goal=0_9357f9bbb5-cd0ae8cad0-64820487&amp;mc_cid=cd0ae8cad0&amp;mc_eid=337873e3c4\" target=\"_blank\" rel=\"noopener\">Orthodoxie.com<\/a><\/p>\n<p>&nbsp;<\/p>\n<hr \/>\n<p><iframe src=\"https:\/\/www.youtube.com\/embed\/paipnXQz-m0\" width=\"560\" height=\"315\" frameborder=\"0\" allowfullscreen=\"allowfullscreen\"><\/iframe><\/p>\n","protected":false},"excerpt":{"rendered":"<p>Uma delega\u00e7\u00e3o da Igreja Ortodoxa da Ucr\u00e2nia, liderada por um membro permanente do Santo S\u00ednodo, o Metropolita Agath\u00e2ngelos, de Odessa e Izma\u00efl, foi ao Phanar no \u00faltimo dia 23 de junho de 2018 para uma encontro formal com o Patriarca&#8230;<\/p>\n","protected":false},"author":1,"featured_media":25332,"comment_status":"open","ping_status":"open","sticky":false,"template":"","format":"standard","meta":{"_acf_changed":false,"footnotes":""},"categories":[1,72],"tags":[],"class_list":["post-25331","post","type-post","status-publish","format-standard","has-post-thumbnail","hentry","category-news","category-patriarcado-ecumenico","entry","rows-excerpt"],"acf":[],"yoast_head":"<!-- This site is optimized with the Yoast SEO plugin v27.4 - https:\/\/yoast.com\/product\/yoast-seo-wordpress\/ -->\n<title>Uma delega\u00e7\u00e3o da Igreja Ortodoxa da Ucr\u00e2nia foi ao Fhanar a convite do Patriarca Bartolomeu | ECCLESIA NEWS<\/title>\n<meta name=\"robots\" content=\"index, follow, max-snippet:-1, max-image-preview:large, max-video-preview:-1\" \/>\n<link rel=\"canonical\" href=\"https:\/\/news.ecclesia.org.br\/?p=25331\" \/>\n<meta property=\"og:locale\" content=\"pt_BR\" \/>\n<meta property=\"og:type\" content=\"article\" \/>\n<meta property=\"og:title\" content=\"Uma delega\u00e7\u00e3o da Igreja Ortodoxa da Ucr\u00e2nia foi ao Fhanar a convite do Patriarca Bartolomeu | ECCLESIA NEWS\" \/>\n<meta property=\"og:description\" content=\"Uma delega\u00e7\u00e3o da Igreja Ortodoxa da Ucr\u00e2nia, liderada por um membro permanente do Santo S\u00ednodo, o Metropolita Agath\u00e2ngelos, de Odessa e Izma\u00efl, foi ao Phanar no \u00faltimo dia 23 de junho de 2018 para uma encontro formal com o Patriarca&#8230;\" \/>\n<meta property=\"og:url\" content=\"https:\/\/news.ecclesia.org.br\/?p=25331\" \/>\n<meta property=\"og:site_name\" content=\"ECCLESIA NEWS\" \/>\n<meta property=\"article:publisher\" content=\"https:\/\/www.facebook.com\/Ecclesia2025\" \/>\n<meta property=\"article:published_time\" content=\"2018-06-25T16:15:51+00:00\" \/>\n<meta property=\"article:modified_time\" content=\"2018-06-25T16:23:49+00:00\" \/>\n<meta property=\"og:image\" content=\"https:\/\/news.ecclesia.org.br\/wp-content\/uploads\/2018\/06\/ukraine-constantinople.jpg\" \/>\n\t<meta property=\"og:image:width\" content=\"575\" \/>\n\t<meta property=\"og:image:height\" content=\"431\" \/>\n\t<meta property=\"og:image:type\" content=\"image\/jpeg\" \/>\n<meta name=\"author\" content=\"Pe. Andr\u00e9\" \/>\n<meta name=\"twitter:card\" content=\"summary_large_image\" \/>\n<meta name=\"twitter:creator\" content=\"@EcclesiaNews\" \/>\n<meta name=\"twitter:site\" content=\"@EcclesiaNews\" \/>\n<meta name=\"twitter:label1\" content=\"Escrito por\" \/>\n\t<meta name=\"twitter:data1\" content=\"Pe. Andr\u00e9\" \/>\n\t<meta name=\"twitter:label2\" content=\"Est. tempo de leitura\" \/>\n\t<meta name=\"twitter:data2\" content=\"1 minuto\" \/>\n<script type=\"application\/ld+json\" class=\"yoast-schema-graph\">{\"@context\":\"https:\\\/\\\/schema.org\",\"@graph\":[{\"@type\":\"Article\",\"@id\":\"https:\\\/\\\/news.ecclesia.org.br\\\/?p=25331#article\",\"isPartOf\":{\"@id\":\"https:\\\/\\\/news.ecclesia.org.br\\\/?p=25331\"},\"author\":{\"name\":\"Pe. Andr\u00e9\",\"@id\":\"https:\\\/\\\/news.ecclesia.org.br\\\/#\\\/schema\\\/person\\\/6f09597f025829745ba414a569f63758\"},\"headline\":\"Uma delega\u00e7\u00e3o da Igreja Ortodoxa da Ucr\u00e2nia foi ao Fhanar a convite do Patriarca Bartolomeu\",\"datePublished\":\"2018-06-25T16:15:51+00:00\",\"dateModified\":\"2018-06-25T16:23:49+00:00\",\"mainEntityOfPage\":{\"@id\":\"https:\\\/\\\/news.ecclesia.org.br\\\/?p=25331\"},\"wordCount\":286,\"commentCount\":0,\"publisher\":{\"@id\":\"https:\\\/\\\/news.ecclesia.org.br\\\/#organization\"},\"image\":{\"@id\":\"https:\\\/\\\/news.ecclesia.org.br\\\/?p=25331#primaryimage\"},\"thumbnailUrl\":\"https:\\\/\\\/news.ecclesia.org.br\\\/wp-content\\\/uploads\\\/2018\\\/06\\\/ukraine-constantinople.jpg\",\"articleSection\":[\"NEWS\",\"Patriarcado Ecum\u00eanico\"],\"inLanguage\":\"pt-BR\",\"potentialAction\":[{\"@type\":\"CommentAction\",\"name\":\"Comment\",\"target\":[\"https:\\\/\\\/news.ecclesia.org.br\\\/?p=25331#respond\"]}]},{\"@type\":\"WebPage\",\"@id\":\"https:\\\/\\\/news.ecclesia.org.br\\\/?p=25331\",\"url\":\"https:\\\/\\\/news.ecclesia.org.br\\\/?p=25331\",\"name\":\"Uma delega\u00e7\u00e3o da Igreja Ortodoxa da Ucr\u00e2nia foi ao Fhanar a convite do Patriarca Bartolomeu | ECCLESIA NEWS\",\"isPartOf\":{\"@id\":\"https:\\\/\\\/news.ecclesia.org.br\\\/#website\"},\"primaryImageOfPage\":{\"@id\":\"https:\\\/\\\/news.ecclesia.org.br\\\/?p=25331#primaryimage\"},\"image\":{\"@id\":\"https:\\\/\\\/news.ecclesia.org.br\\\/?p=25331#primaryimage\"},\"thumbnailUrl\":\"https:\\\/\\\/news.ecclesia.org.br\\\/wp-content\\\/uploads\\\/2018\\\/06\\\/ukraine-constantinople.jpg\",\"datePublished\":\"2018-06-25T16:15:51+00:00\",\"dateModified\":\"2018-06-25T16:23:49+00:00\",\"breadcrumb\":{\"@id\":\"https:\\\/\\\/news.ecclesia.org.br\\\/?p=25331#breadcrumb\"},\"inLanguage\":\"pt-BR\",\"potentialAction\":[{\"@type\":\"ReadAction\",\"target\":[\"https:\\\/\\\/news.ecclesia.org.br\\\/?p=25331\"]}]},{\"@type\":\"ImageObject\",\"inLanguage\":\"pt-BR\",\"@id\":\"https:\\\/\\\/news.ecclesia.org.br\\\/?p=25331#primaryimage\",\"url\":\"https:\\\/\\\/news.ecclesia.org.br\\\/wp-content\\\/uploads\\\/2018\\\/06\\\/ukraine-constantinople.jpg\",\"contentUrl\":\"https:\\\/\\\/news.ecclesia.org.br\\\/wp-content\\\/uploads\\\/2018\\\/06\\\/ukraine-constantinople.jpg\",\"width\":575,\"height\":431,\"caption\":\"Uma delega\u00e7\u00e3o da Igreja Ortodoxa da Ucr\u00e2nia foi ao Fhanar a convite do Patriarca Bartolomeu\"},{\"@type\":\"BreadcrumbList\",\"@id\":\"https:\\\/\\\/news.ecclesia.org.br\\\/?p=25331#breadcrumb\",\"itemListElement\":[{\"@type\":\"ListItem\",\"position\":1,\"name\":\"In\u00edcio\",\"item\":\"https:\\\/\\\/news.ecclesia.org.br\\\/\"},{\"@type\":\"ListItem\",\"position\":2,\"name\":\"Uma delega\u00e7\u00e3o da Igreja Ortodoxa da Ucr\u00e2nia foi ao Fhanar a convite do Patriarca Bartolomeu\"}]},{\"@type\":\"WebSite\",\"@id\":\"https:\\\/\\\/news.ecclesia.org.br\\\/#website\",\"url\":\"https:\\\/\\\/news.ecclesia.org.br\\\/\",\"name\":\"Ecclesia Brasil\",\"description\":\"Desde 2003 onectando o Brasil ao mundo ortodoxo!\",\"publisher\":{\"@id\":\"https:\\\/\\\/news.ecclesia.org.br\\\/#organization\"},\"alternateName\":\"Ecclesia\",\"potentialAction\":[{\"@type\":\"SearchAction\",\"target\":{\"@type\":\"EntryPoint\",\"urlTemplate\":\"https:\\\/\\\/news.ecclesia.org.br\\\/?s={search_term_string}\"},\"query-input\":{\"@type\":\"PropertyValueSpecification\",\"valueRequired\":true,\"valueName\":\"search_term_string\"}}],\"inLanguage\":\"pt-BR\"},{\"@type\":\"Organization\",\"@id\":\"https:\\\/\\\/news.ecclesia.org.br\\\/#organization\",\"name\":\"Sacra Arquidiocese de Buenos Aires e Am\u00e9rica do Sul | Patriarcado Ecum\u00eanico\",\"alternateName\":\"News Ecclesia Brasil\",\"url\":\"https:\\\/\\\/news.ecclesia.org.br\\\/\",\"logo\":{\"@type\":\"ImageObject\",\"inLanguage\":\"pt-BR\",\"@id\":\"https:\\\/\\\/news.ecclesia.org.br\\\/#\\\/schema\\\/logo\\\/image\\\/\",\"url\":\"https:\\\/\\\/news.ecclesia.org.br\\\/wp-content\\\/uploads\\\/2025\\\/05\\\/ecclesia2.png\",\"contentUrl\":\"https:\\\/\\\/news.ecclesia.org.br\\\/wp-content\\\/uploads\\\/2025\\\/05\\\/ecclesia2.png\",\"width\":480,\"height\":120,\"caption\":\"Sacra Arquidiocese de Buenos Aires e Am\u00e9rica do Sul | Patriarcado Ecum\u00eanico\"},\"image\":{\"@id\":\"https:\\\/\\\/news.ecclesia.org.br\\\/#\\\/schema\\\/logo\\\/image\\\/\"},\"sameAs\":[\"https:\\\/\\\/www.facebook.com\\\/Ecclesia2025\",\"https:\\\/\\\/x.com\\\/EcclesiaNews\",\"https:\\\/\\\/br.pinterest.com\\\/ekklisia\\\/\",\"https:\\\/\\\/www.youtube.com\\\/@EcclesiaBrasil\"]},{\"@type\":\"Person\",\"@id\":\"https:\\\/\\\/news.ecclesia.org.br\\\/#\\\/schema\\\/person\\\/6f09597f025829745ba414a569f63758\",\"name\":\"Pe. Andr\u00e9\",\"image\":{\"@type\":\"ImageObject\",\"inLanguage\":\"pt-BR\",\"@id\":\"https:\\\/\\\/secure.gravatar.com\\\/avatar\\\/b4327cfa27e9799da239a26adcd534fc29cdc0c4a4a148eecbcfeb9b42c617ac?s=96&d=mm&r=g\",\"url\":\"https:\\\/\\\/secure.gravatar.com\\\/avatar\\\/b4327cfa27e9799da239a26adcd534fc29cdc0c4a4a148eecbcfeb9b42c617ac?s=96&d=mm&r=g\",\"contentUrl\":\"https:\\\/\\\/secure.gravatar.com\\\/avatar\\\/b4327cfa27e9799da239a26adcd534fc29cdc0c4a4a148eecbcfeb9b42c617ac?s=96&d=mm&r=g\",\"caption\":\"Pe. Andr\u00e9\"},\"sameAs\":[\"https:\\\/\\\/www.ecclesia.org.br\"]}]}<\/script>\n<!-- \/ Yoast SEO plugin. -->","yoast_head_json":{"title":"Uma delega\u00e7\u00e3o da Igreja Ortodoxa da Ucr\u00e2nia foi ao Fhanar a convite do Patriarca Bartolomeu | ECCLESIA NEWS","robots":{"index":"index","follow":"follow","max-snippet":"max-snippet:-1","max-image-preview":"max-image-preview:large","max-video-preview":"max-video-preview:-1"},"canonical":"https:\/\/news.ecclesia.org.br\/?p=25331","og_locale":"pt_BR","og_type":"article","og_title":"Uma delega\u00e7\u00e3o da Igreja Ortodoxa da Ucr\u00e2nia foi ao Fhanar a convite do Patriarca Bartolomeu | ECCLESIA NEWS","og_description":"Uma delega\u00e7\u00e3o da Igreja Ortodoxa da Ucr\u00e2nia, liderada por um membro permanente do Santo S\u00ednodo, o Metropolita Agath\u00e2ngelos, de Odessa e Izma\u00efl, foi ao Phanar no \u00faltimo dia 23 de junho de 2018 para uma encontro formal com o Patriarca&#8230;","og_url":"https:\/\/news.ecclesia.org.br\/?p=25331","og_site_name":"ECCLESIA NEWS","article_publisher":"https:\/\/www.facebook.com\/Ecclesia2025","article_published_time":"2018-06-25T16:15:51+00:00","article_modified_time":"2018-06-25T16:23:49+00:00","og_image":[{"width":575,"height":431,"url":"https:\/\/news.ecclesia.org.br\/wp-content\/uploads\/2018\/06\/ukraine-constantinople.jpg","type":"image\/jpeg"}],"author":"Pe. Andr\u00e9","twitter_card":"summary_large_image","twitter_creator":"@EcclesiaNews","twitter_site":"@EcclesiaNews","twitter_misc":{"Escrito por":"Pe. Andr\u00e9","Est. tempo de leitura":"1 minuto"},"schema":{"@context":"https:\/\/schema.org","@graph":[{"@type":"Article","@id":"https:\/\/news.ecclesia.org.br\/?p=25331#article","isPartOf":{"@id":"https:\/\/news.ecclesia.org.br\/?p=25331"},"author":{"name":"Pe. Andr\u00e9","@id":"https:\/\/news.ecclesia.org.br\/#\/schema\/person\/6f09597f025829745ba414a569f63758"},"headline":"Uma delega\u00e7\u00e3o da Igreja Ortodoxa da Ucr\u00e2nia foi ao Fhanar a convite do Patriarca Bartolomeu","datePublished":"2018-06-25T16:15:51+00:00","dateModified":"2018-06-25T16:23:49+00:00","mainEntityOfPage":{"@id":"https:\/\/news.ecclesia.org.br\/?p=25331"},"wordCount":286,"commentCount":0,"publisher":{"@id":"https:\/\/news.ecclesia.org.br\/#organization"},"image":{"@id":"https:\/\/news.ecclesia.org.br\/?p=25331#primaryimage"},"thumbnailUrl":"https:\/\/news.ecclesia.org.br\/wp-content\/uploads\/2018\/06\/ukraine-constantinople.jpg","articleSection":["NEWS","Patriarcado Ecum\u00eanico"],"inLanguage":"pt-BR","potentialAction":[{"@type":"CommentAction","name":"Comment","target":["https:\/\/news.ecclesia.org.br\/?p=25331#respond"]}]},{"@type":"WebPage","@id":"https:\/\/news.ecclesia.org.br\/?p=25331","url":"https:\/\/news.ecclesia.org.br\/?p=25331","name":"Uma delega\u00e7\u00e3o da Igreja Ortodoxa da Ucr\u00e2nia foi ao Fhanar a convite do Patriarca Bartolomeu | ECCLESIA NEWS","isPartOf":{"@id":"https:\/\/news.ecclesia.org.br\/#website"},"primaryImageOfPage":{"@id":"https:\/\/news.ecclesia.org.br\/?p=25331#primaryimage"},"image":{"@id":"https:\/\/news.ecclesia.org.br\/?p=25331#primaryimage"},"thumbnailUrl":"https:\/\/news.ecclesia.org.br\/wp-content\/uploads\/2018\/06\/ukraine-constantinople.jpg","datePublished":"2018-06-25T16:15:51+00:00","dateModified":"2018-06-25T16:23:49+00:00","breadcrumb":{"@id":"https:\/\/news.ecclesia.org.br\/?p=25331#breadcrumb"},"inLanguage":"pt-BR","potentialAction":[{"@type":"ReadAction","target":["https:\/\/news.ecclesia.org.br\/?p=25331"]}]},{"@type":"ImageObject","inLanguage":"pt-BR","@id":"https:\/\/news.ecclesia.org.br\/?p=25331#primaryimage","url":"https:\/\/news.ecclesia.org.br\/wp-content\/uploads\/2018\/06\/ukraine-constantinople.jpg","contentUrl":"https:\/\/news.ecclesia.org.br\/wp-content\/uploads\/2018\/06\/ukraine-constantinople.jpg","width":575,"height":431,"caption":"Uma delega\u00e7\u00e3o da Igreja Ortodoxa da Ucr\u00e2nia foi ao Fhanar a convite do Patriarca Bartolomeu"},{"@type":"BreadcrumbList","@id":"https:\/\/news.ecclesia.org.br\/?p=25331#breadcrumb","itemListElement":[{"@type":"ListItem","position":1,"name":"In\u00edcio","item":"https:\/\/news.ecclesia.org.br\/"},{"@type":"ListItem","position":2,"name":"Uma delega\u00e7\u00e3o da Igreja Ortodoxa da Ucr\u00e2nia foi ao Fhanar a convite do Patriarca Bartolomeu"}]},{"@type":"WebSite","@id":"https:\/\/news.ecclesia.org.br\/#website","url":"https:\/\/news.ecclesia.org.br\/","name":"Ecclesia Brasil","description":"Desde 2003 onectando o Brasil ao mundo ortodoxo!","publisher":{"@id":"https:\/\/news.ecclesia.org.br\/#organization"},"alternateName":"Ecclesia","potentialAction":[{"@type":"SearchAction","target":{"@type":"EntryPoint","urlTemplate":"https:\/\/news.ecclesia.org.br\/?s={search_term_string}"},"query-input":{"@type":"PropertyValueSpecification","valueRequired":true,"valueName":"search_term_string"}}],"inLanguage":"pt-BR"},{"@type":"Organization","@id":"https:\/\/news.ecclesia.org.br\/#organization","name":"Sacra Arquidiocese de Buenos Aires e Am\u00e9rica do Sul | Patriarcado Ecum\u00eanico","alternateName":"News Ecclesia Brasil","url":"https:\/\/news.ecclesia.org.br\/","logo":{"@type":"ImageObject","inLanguage":"pt-BR","@id":"https:\/\/news.ecclesia.org.br\/#\/schema\/logo\/image\/","url":"https:\/\/news.ecclesia.org.br\/wp-content\/uploads\/2025\/05\/ecclesia2.png","contentUrl":"https:\/\/news.ecclesia.org.br\/wp-content\/uploads\/2025\/05\/ecclesia2.png","width":480,"height":120,"caption":"Sacra Arquidiocese de Buenos Aires e Am\u00e9rica do Sul | Patriarcado Ecum\u00eanico"},"image":{"@id":"https:\/\/news.ecclesia.org.br\/#\/schema\/logo\/image\/"},"sameAs":["https:\/\/www.facebook.com\/Ecclesia2025","https:\/\/x.com\/EcclesiaNews","https:\/\/br.pinterest.com\/ekklisia\/","https:\/\/www.youtube.com\/@EcclesiaBrasil"]},{"@type":"Person","@id":"https:\/\/news.ecclesia.org.br\/#\/schema\/person\/6f09597f025829745ba414a569f63758","name":"Pe. Andr\u00e9","image":{"@type":"ImageObject","inLanguage":"pt-BR","@id":"https:\/\/secure.gravatar.com\/avatar\/b4327cfa27e9799da239a26adcd534fc29cdc0c4a4a148eecbcfeb9b42c617ac?s=96&d=mm&r=g","url":"https:\/\/secure.gravatar.com\/avatar\/b4327cfa27e9799da239a26adcd534fc29cdc0c4a4a148eecbcfeb9b42c617ac?s=96&d=mm&r=g","contentUrl":"https:\/\/secure.gravatar.com\/avatar\/b4327cfa27e9799da239a26adcd534fc29cdc0c4a4a148eecbcfeb9b42c617ac?s=96&d=mm&r=g","caption":"Pe. Andr\u00e9"},"sameAs":["https:\/\/www.ecclesia.org.br"]}]}},"_links":{"self":[{"href":"https:\/\/news.ecclesia.org.br\/index.php?rest_route=\/wp\/v2\/posts\/25331","targetHints":{"allow":["GET"]}}],"collection":[{"href":"https:\/\/news.ecclesia.org.br\/index.php?rest_route=\/wp\/v2\/posts"}],"about":[{"href":"https:\/\/news.ecclesia.org.br\/index.php?rest_route=\/wp\/v2\/types\/post"}],"author":[{"embeddable":true,"href":"https:\/\/news.ecclesia.org.br\/index.php?rest_route=\/wp\/v2\/users\/1"}],"replies":[{"embeddable":true,"href":"https:\/\/news.ecclesia.org.br\/index.php?rest_route=%2Fwp%2Fv2%2Fcomments&post=25331"}],"version-history":[{"count":0,"href":"https:\/\/news.ecclesia.org.br\/index.php?rest_route=\/wp\/v2\/posts\/25331\/revisions"}],"wp:featuredmedia":[{"embeddable":true,"href":"https:\/\/news.ecclesia.org.br\/index.php?rest_route=\/wp\/v2\/media\/25332"}],"wp:attachment":[{"href":"https:\/\/news.ecclesia.org.br\/index.php?rest_route=%2Fwp%2Fv2%2Fmedia&parent=25331"}],"wp:term":[{"taxonomy":"category","embeddable":true,"href":"https:\/\/news.ecclesia.org.br\/index.php?rest_route=%2Fwp%2Fv2%2Fcategories&post=25331"},{"taxonomy":"post_tag","embeddable":true,"href":"https:\/\/news.ecclesia.org.br\/index.php?rest_route=%2Fwp%2Fv2%2Ftags&post=25331"}],"curies":[{"name":"wp","href":"https:\/\/api.w.org\/{rel}","templated":true}]}}