{"id":25321,"date":"2018-06-21T12:47:50","date_gmt":"2018-06-21T12:47:50","guid":{"rendered":"https:\/\/news.ecclesia.org.br\/?p=25321"},"modified":"2018-06-21T12:50:34","modified_gmt":"2018-06-21T12:50:34","slug":"o-ii-simposio-internacional-sobre-midia-digital-e-pastoral-ortodoxa-acontece-em-creta","status":"publish","type":"post","link":"https:\/\/news.ecclesia.org.br\/?p=25321","title":{"rendered":"O \u00abII Simp\u00f3sio Internacional sobre M\u00eddia Digital e Pastoral Ortodoxa\u00bb acontece em Creta"},"content":{"rendered":"<figure id=\"attachment_25323\" aria-describedby=\"caption-attachment-25323\" style=\"width: 300px\" class=\"wp-caption alignleft\"><a href=\"https:\/\/news.ecclesia.org.br\/wp-content\/uploads\/2018\/06\/creta.jpg\"><img fetchpriority=\"high\" decoding=\"async\" class=\"size-medium wp-image-25323\" src=\"https:\/\/news.ecclesia.org.br\/wp-content\/uploads\/2018\/06\/creta-300x225.jpg\" alt=\"\" width=\"300\" height=\"225\" srcset=\"https:\/\/news.ecclesia.org.br\/wp-content\/uploads\/2018\/06\/creta-300x225.jpg 300w, https:\/\/news.ecclesia.org.br\/wp-content\/uploads\/2018\/06\/creta-768x576.jpg 768w, https:\/\/news.ecclesia.org.br\/wp-content\/uploads\/2018\/06\/creta.jpg 1024w, https:\/\/news.ecclesia.org.br\/wp-content\/uploads\/2018\/06\/creta-600x450.jpg 600w, https:\/\/news.ecclesia.org.br\/wp-content\/uploads\/2018\/06\/creta-73x55.jpg 73w\" sizes=\"(max-width: 300px) 100vw, 300px\" \/><\/a><figcaption id=\"caption-attachment-25323\" class=\"wp-caption-text\">Em Creta (Gr\u00e9cia) o 2\u00ba Simp\u00f3sio Internacional sobre M\u00eddia Digital e Pastoral Ortodoxa<\/figcaption><\/figure>\n<p style=\"text-align: justify;\">Teve in\u00edcio na \u00faltima segunda-feira, 18 de junho de 2018, em Creta, o <em>2\u00ba Simp\u00f3sio Internacional sobre M\u00eddia Digital e Pastoral Ortodoxa<\/em> (<a href=\"http:\/\/www.dmopc18.com\/\" target=\"_blank\" rel=\"noopener\">site<\/a>).\u00a0Entre os palestrantes, registra-se as ilustres presen\u00e7as de:\u00a0<a href=\"https:\/\/orthodoxie.com\/?s=Jivko+Panev\" target=\"_blank\" rel=\"noopener\">Padre Jivko Panev<\/a>,\u00a0<a href=\"https:\/\/orthodoxie.com\/?s=Jean-Claude+Larchet\" target=\"_blank\" rel=\"noopener\">Jean-Claude Larchet<\/a>,\u00a0<a href=\"https:\/\/www.linkedin.com\/in\/nemanjapuhalo\">Nemanja Puhalo<\/a>\u00a0e\u00a0<a href=\"https:\/\/orthodoxie.com\/?s=Claude+Lopez-Ginisty\" target=\"_blank\" rel=\"noopener\">Claude Lopez-Ginisty<\/a>.\u00a0O programa (em ingl\u00eas) encontra-se dispon\u00edvel <a href=\"http:\/\/www.dmopc18.com\/program-2\/\" target=\"_blank\" rel=\"noopener\">online aqui<\/a>.\u00a0\u00c9 poss\u00edvel assistir as interven\u00e7\u00f5es ao vivo a partir\u00a0<a href=\"http:\/\/pemptousia.com\/video\/live-broadcast-2nd-international-conference-on-digital-media-and-orthodox-pastoral-care-dmopc18\/\" target=\"_blank\" rel=\"noopener\">desta p\u00e1gina<\/a>\u00a0ou no Facebook\u00a0<a href=\"https:\/\/www.facebook.com\/pemptousiagr\/videos\/1753534484723674\/\" target=\"_blank\" rel=\"noopener\">nesta p\u00e1gina<\/a>. (Por Christophe Levalois, para\u00a0<span style=\"text-align: right;\"><a href=\"https:\/\/orthodoxie.com\/debut-en-crete-du-2e-colloque-international-sur-les-medias-numeriques-et-le-soin-pastoral-orthodoxe\/?goal=0_9357f9bbb5-4ff03ae1b0-64820487&amp;mc_cid=4ff03ae1b0&amp;mc_eid=337873e3c4\" target=\"_blank\" rel=\"noopener\">Orthodoxie.com<\/a>)<\/span><\/p>\n","protected":false},"excerpt":{"rendered":"<p>Teve in\u00edcio na \u00faltima segunda-feira, 18 de junho de 2018, em Creta, o 2\u00ba Simp\u00f3sio Internacional sobre M\u00eddia Digital e Pastoral Ortodoxa (site).\u00a0Entre os palestrantes, registra-se as ilustres presen\u00e7as de:\u00a0Padre Jivko Panev,\u00a0Jean-Claude Larchet,\u00a0Nemanja Puhalo\u00a0e\u00a0Claude Lopez-Ginisty.\u00a0O programa (em ingl\u00eas) encontra-se dispon\u00edvel&#8230;<\/p>\n","protected":false},"author":1,"featured_media":25323,"comment_status":"open","ping_status":"open","sticky":false,"template":"","format":"standard","meta":{"_acf_changed":false,"footnotes":""},"categories":[1],"tags":[],"class_list":["post-25321","post","type-post","status-publish","format-standard","has-post-thumbnail","hentry","category-news","entry","rows-excerpt"],"acf":[],"yoast_head":"<!-- This site is optimized with the Yoast SEO plugin v27.4 - https:\/\/yoast.com\/product\/yoast-seo-wordpress\/ -->\n<title>O \u00abII Simp\u00f3sio Internacional sobre M\u00eddia Digital e Pastoral Ortodoxa\u00bb acontece em Creta | ECCLESIA NEWS<\/title>\n<meta name=\"robots\" content=\"index, follow, max-snippet:-1, max-image-preview:large, max-video-preview:-1\" \/>\n<link rel=\"canonical\" href=\"https:\/\/news.ecclesia.org.br\/?p=25321\" \/>\n<meta property=\"og:locale\" content=\"pt_BR\" \/>\n<meta property=\"og:type\" content=\"article\" \/>\n<meta property=\"og:title\" content=\"O \u00abII Simp\u00f3sio Internacional sobre M\u00eddia Digital e Pastoral Ortodoxa\u00bb acontece em Creta | ECCLESIA NEWS\" \/>\n<meta property=\"og:description\" content=\"Teve in\u00edcio na \u00faltima segunda-feira, 18 de junho de 2018, em Creta, o 2\u00ba Simp\u00f3sio Internacional sobre M\u00eddia Digital e Pastoral Ortodoxa (site).\u00a0Entre os palestrantes, registra-se as ilustres presen\u00e7as de:\u00a0Padre Jivko Panev,\u00a0Jean-Claude Larchet,\u00a0Nemanja Puhalo\u00a0e\u00a0Claude Lopez-Ginisty.\u00a0O programa (em ingl\u00eas) encontra-se dispon\u00edvel&#8230;\" \/>\n<meta property=\"og:url\" content=\"https:\/\/news.ecclesia.org.br\/?p=25321\" \/>\n<meta property=\"og:site_name\" content=\"ECCLESIA NEWS\" \/>\n<meta property=\"article:publisher\" content=\"https:\/\/www.facebook.com\/Ecclesia2025\" \/>\n<meta property=\"article:published_time\" content=\"2018-06-21T12:47:50+00:00\" \/>\n<meta property=\"article:modified_time\" content=\"2018-06-21T12:50:34+00:00\" \/>\n<meta property=\"og:image\" content=\"https:\/\/news.ecclesia.org.br\/wp-content\/uploads\/2018\/06\/creta.jpg\" \/>\n\t<meta property=\"og:image:width\" content=\"1024\" \/>\n\t<meta property=\"og:image:height\" content=\"768\" \/>\n\t<meta property=\"og:image:type\" content=\"image\/jpeg\" \/>\n<meta name=\"author\" content=\"Pe. Andr\u00e9\" \/>\n<meta name=\"twitter:card\" content=\"summary_large_image\" \/>\n<meta name=\"twitter:creator\" content=\"@EcclesiaNews\" \/>\n<meta name=\"twitter:site\" content=\"@EcclesiaNews\" \/>\n<meta name=\"twitter:label1\" content=\"Escrito por\" \/>\n\t<meta name=\"twitter:data1\" content=\"Pe. Andr\u00e9\" \/>\n<script type=\"application\/ld+json\" class=\"yoast-schema-graph\">{\"@context\":\"https:\\\/\\\/schema.org\",\"@graph\":[{\"@type\":\"Article\",\"@id\":\"https:\\\/\\\/news.ecclesia.org.br\\\/?p=25321#article\",\"isPartOf\":{\"@id\":\"https:\\\/\\\/news.ecclesia.org.br\\\/?p=25321\"},\"author\":{\"name\":\"Pe. Andr\u00e9\",\"@id\":\"https:\\\/\\\/news.ecclesia.org.br\\\/#\\\/schema\\\/person\\\/6f09597f025829745ba414a569f63758\"},\"headline\":\"O \u00abII Simp\u00f3sio Internacional sobre M\u00eddia Digital e Pastoral Ortodoxa\u00bb acontece em Creta\",\"datePublished\":\"2018-06-21T12:47:50+00:00\",\"dateModified\":\"2018-06-21T12:50:34+00:00\",\"mainEntityOfPage\":{\"@id\":\"https:\\\/\\\/news.ecclesia.org.br\\\/?p=25321\"},\"wordCount\":114,\"commentCount\":0,\"publisher\":{\"@id\":\"https:\\\/\\\/news.ecclesia.org.br\\\/#organization\"},\"image\":{\"@id\":\"https:\\\/\\\/news.ecclesia.org.br\\\/?p=25321#primaryimage\"},\"thumbnailUrl\":\"https:\\\/\\\/news.ecclesia.org.br\\\/wp-content\\\/uploads\\\/2018\\\/06\\\/creta.jpg\",\"articleSection\":[\"NEWS\"],\"inLanguage\":\"pt-BR\",\"potentialAction\":[{\"@type\":\"CommentAction\",\"name\":\"Comment\",\"target\":[\"https:\\\/\\\/news.ecclesia.org.br\\\/?p=25321#respond\"]}]},{\"@type\":\"WebPage\",\"@id\":\"https:\\\/\\\/news.ecclesia.org.br\\\/?p=25321\",\"url\":\"https:\\\/\\\/news.ecclesia.org.br\\\/?p=25321\",\"name\":\"O \u00abII Simp\u00f3sio Internacional sobre M\u00eddia Digital e Pastoral Ortodoxa\u00bb acontece em Creta | ECCLESIA NEWS\",\"isPartOf\":{\"@id\":\"https:\\\/\\\/news.ecclesia.org.br\\\/#website\"},\"primaryImageOfPage\":{\"@id\":\"https:\\\/\\\/news.ecclesia.org.br\\\/?p=25321#primaryimage\"},\"image\":{\"@id\":\"https:\\\/\\\/news.ecclesia.org.br\\\/?p=25321#primaryimage\"},\"thumbnailUrl\":\"https:\\\/\\\/news.ecclesia.org.br\\\/wp-content\\\/uploads\\\/2018\\\/06\\\/creta.jpg\",\"datePublished\":\"2018-06-21T12:47:50+00:00\",\"dateModified\":\"2018-06-21T12:50:34+00:00\",\"breadcrumb\":{\"@id\":\"https:\\\/\\\/news.ecclesia.org.br\\\/?p=25321#breadcrumb\"},\"inLanguage\":\"pt-BR\",\"potentialAction\":[{\"@type\":\"ReadAction\",\"target\":[\"https:\\\/\\\/news.ecclesia.org.br\\\/?p=25321\"]}]},{\"@type\":\"ImageObject\",\"inLanguage\":\"pt-BR\",\"@id\":\"https:\\\/\\\/news.ecclesia.org.br\\\/?p=25321#primaryimage\",\"url\":\"https:\\\/\\\/news.ecclesia.org.br\\\/wp-content\\\/uploads\\\/2018\\\/06\\\/creta.jpg\",\"contentUrl\":\"https:\\\/\\\/news.ecclesia.org.br\\\/wp-content\\\/uploads\\\/2018\\\/06\\\/creta.jpg\",\"width\":1024,\"height\":768,\"caption\":\"Em Creta (Gr\u00e9cia) o 2\u00ba Simp\u00f3sio Internacional sobre M\u00eddia Digital e Pastoral Ortodoxa\"},{\"@type\":\"BreadcrumbList\",\"@id\":\"https:\\\/\\\/news.ecclesia.org.br\\\/?p=25321#breadcrumb\",\"itemListElement\":[{\"@type\":\"ListItem\",\"position\":1,\"name\":\"In\u00edcio\",\"item\":\"https:\\\/\\\/news.ecclesia.org.br\\\/\"},{\"@type\":\"ListItem\",\"position\":2,\"name\":\"O \u00abII Simp\u00f3sio Internacional sobre M\u00eddia Digital e Pastoral Ortodoxa\u00bb acontece em Creta\"}]},{\"@type\":\"WebSite\",\"@id\":\"https:\\\/\\\/news.ecclesia.org.br\\\/#website\",\"url\":\"https:\\\/\\\/news.ecclesia.org.br\\\/\",\"name\":\"Ecclesia Brasil\",\"description\":\"Desde 2003 onectando o Brasil ao mundo ortodoxo!\",\"publisher\":{\"@id\":\"https:\\\/\\\/news.ecclesia.org.br\\\/#organization\"},\"alternateName\":\"Ecclesia\",\"potentialAction\":[{\"@type\":\"SearchAction\",\"target\":{\"@type\":\"EntryPoint\",\"urlTemplate\":\"https:\\\/\\\/news.ecclesia.org.br\\\/?s={search_term_string}\"},\"query-input\":{\"@type\":\"PropertyValueSpecification\",\"valueRequired\":true,\"valueName\":\"search_term_string\"}}],\"inLanguage\":\"pt-BR\"},{\"@type\":\"Organization\",\"@id\":\"https:\\\/\\\/news.ecclesia.org.br\\\/#organization\",\"name\":\"Sacra Arquidiocese de Buenos Aires e Am\u00e9rica do Sul | Patriarcado Ecum\u00eanico\",\"alternateName\":\"News Ecclesia Brasil\",\"url\":\"https:\\\/\\\/news.ecclesia.org.br\\\/\",\"logo\":{\"@type\":\"ImageObject\",\"inLanguage\":\"pt-BR\",\"@id\":\"https:\\\/\\\/news.ecclesia.org.br\\\/#\\\/schema\\\/logo\\\/image\\\/\",\"url\":\"https:\\\/\\\/news.ecclesia.org.br\\\/wp-content\\\/uploads\\\/2025\\\/05\\\/ecclesia2.png\",\"contentUrl\":\"https:\\\/\\\/news.ecclesia.org.br\\\/wp-content\\\/uploads\\\/2025\\\/05\\\/ecclesia2.png\",\"width\":480,\"height\":120,\"caption\":\"Sacra Arquidiocese de Buenos Aires e Am\u00e9rica do Sul | Patriarcado Ecum\u00eanico\"},\"image\":{\"@id\":\"https:\\\/\\\/news.ecclesia.org.br\\\/#\\\/schema\\\/logo\\\/image\\\/\"},\"sameAs\":[\"https:\\\/\\\/www.facebook.com\\\/Ecclesia2025\",\"https:\\\/\\\/x.com\\\/EcclesiaNews\",\"https:\\\/\\\/br.pinterest.com\\\/ekklisia\\\/\",\"https:\\\/\\\/www.youtube.com\\\/@EcclesiaBrasil\"]},{\"@type\":\"Person\",\"@id\":\"https:\\\/\\\/news.ecclesia.org.br\\\/#\\\/schema\\\/person\\\/6f09597f025829745ba414a569f63758\",\"name\":\"Pe. Andr\u00e9\",\"image\":{\"@type\":\"ImageObject\",\"inLanguage\":\"pt-BR\",\"@id\":\"https:\\\/\\\/secure.gravatar.com\\\/avatar\\\/b4327cfa27e9799da239a26adcd534fc29cdc0c4a4a148eecbcfeb9b42c617ac?s=96&d=mm&r=g\",\"url\":\"https:\\\/\\\/secure.gravatar.com\\\/avatar\\\/b4327cfa27e9799da239a26adcd534fc29cdc0c4a4a148eecbcfeb9b42c617ac?s=96&d=mm&r=g\",\"contentUrl\":\"https:\\\/\\\/secure.gravatar.com\\\/avatar\\\/b4327cfa27e9799da239a26adcd534fc29cdc0c4a4a148eecbcfeb9b42c617ac?s=96&d=mm&r=g\",\"caption\":\"Pe. Andr\u00e9\"},\"sameAs\":[\"https:\\\/\\\/www.ecclesia.org.br\"]}]}<\/script>\n<!-- \/ Yoast SEO plugin. -->","yoast_head_json":{"title":"O \u00abII Simp\u00f3sio Internacional sobre M\u00eddia Digital e Pastoral Ortodoxa\u00bb acontece em Creta | ECCLESIA NEWS","robots":{"index":"index","follow":"follow","max-snippet":"max-snippet:-1","max-image-preview":"max-image-preview:large","max-video-preview":"max-video-preview:-1"},"canonical":"https:\/\/news.ecclesia.org.br\/?p=25321","og_locale":"pt_BR","og_type":"article","og_title":"O \u00abII Simp\u00f3sio Internacional sobre M\u00eddia Digital e Pastoral Ortodoxa\u00bb acontece em Creta | ECCLESIA NEWS","og_description":"Teve in\u00edcio na \u00faltima segunda-feira, 18 de junho de 2018, em Creta, o 2\u00ba Simp\u00f3sio Internacional sobre M\u00eddia Digital e Pastoral Ortodoxa (site).\u00a0Entre os palestrantes, registra-se as ilustres presen\u00e7as de:\u00a0Padre Jivko Panev,\u00a0Jean-Claude Larchet,\u00a0Nemanja Puhalo\u00a0e\u00a0Claude Lopez-Ginisty.\u00a0O programa (em ingl\u00eas) encontra-se dispon\u00edvel&#8230;","og_url":"https:\/\/news.ecclesia.org.br\/?p=25321","og_site_name":"ECCLESIA NEWS","article_publisher":"https:\/\/www.facebook.com\/Ecclesia2025","article_published_time":"2018-06-21T12:47:50+00:00","article_modified_time":"2018-06-21T12:50:34+00:00","og_image":[{"width":1024,"height":768,"url":"https:\/\/news.ecclesia.org.br\/wp-content\/uploads\/2018\/06\/creta.jpg","type":"image\/jpeg"}],"author":"Pe. Andr\u00e9","twitter_card":"summary_large_image","twitter_creator":"@EcclesiaNews","twitter_site":"@EcclesiaNews","twitter_misc":{"Escrito por":"Pe. Andr\u00e9"},"schema":{"@context":"https:\/\/schema.org","@graph":[{"@type":"Article","@id":"https:\/\/news.ecclesia.org.br\/?p=25321#article","isPartOf":{"@id":"https:\/\/news.ecclesia.org.br\/?p=25321"},"author":{"name":"Pe. Andr\u00e9","@id":"https:\/\/news.ecclesia.org.br\/#\/schema\/person\/6f09597f025829745ba414a569f63758"},"headline":"O \u00abII Simp\u00f3sio Internacional sobre M\u00eddia Digital e Pastoral Ortodoxa\u00bb acontece em Creta","datePublished":"2018-06-21T12:47:50+00:00","dateModified":"2018-06-21T12:50:34+00:00","mainEntityOfPage":{"@id":"https:\/\/news.ecclesia.org.br\/?p=25321"},"wordCount":114,"commentCount":0,"publisher":{"@id":"https:\/\/news.ecclesia.org.br\/#organization"},"image":{"@id":"https:\/\/news.ecclesia.org.br\/?p=25321#primaryimage"},"thumbnailUrl":"https:\/\/news.ecclesia.org.br\/wp-content\/uploads\/2018\/06\/creta.jpg","articleSection":["NEWS"],"inLanguage":"pt-BR","potentialAction":[{"@type":"CommentAction","name":"Comment","target":["https:\/\/news.ecclesia.org.br\/?p=25321#respond"]}]},{"@type":"WebPage","@id":"https:\/\/news.ecclesia.org.br\/?p=25321","url":"https:\/\/news.ecclesia.org.br\/?p=25321","name":"O \u00abII Simp\u00f3sio Internacional sobre M\u00eddia Digital e Pastoral Ortodoxa\u00bb acontece em Creta | ECCLESIA NEWS","isPartOf":{"@id":"https:\/\/news.ecclesia.org.br\/#website"},"primaryImageOfPage":{"@id":"https:\/\/news.ecclesia.org.br\/?p=25321#primaryimage"},"image":{"@id":"https:\/\/news.ecclesia.org.br\/?p=25321#primaryimage"},"thumbnailUrl":"https:\/\/news.ecclesia.org.br\/wp-content\/uploads\/2018\/06\/creta.jpg","datePublished":"2018-06-21T12:47:50+00:00","dateModified":"2018-06-21T12:50:34+00:00","breadcrumb":{"@id":"https:\/\/news.ecclesia.org.br\/?p=25321#breadcrumb"},"inLanguage":"pt-BR","potentialAction":[{"@type":"ReadAction","target":["https:\/\/news.ecclesia.org.br\/?p=25321"]}]},{"@type":"ImageObject","inLanguage":"pt-BR","@id":"https:\/\/news.ecclesia.org.br\/?p=25321#primaryimage","url":"https:\/\/news.ecclesia.org.br\/wp-content\/uploads\/2018\/06\/creta.jpg","contentUrl":"https:\/\/news.ecclesia.org.br\/wp-content\/uploads\/2018\/06\/creta.jpg","width":1024,"height":768,"caption":"Em Creta (Gr\u00e9cia) o 2\u00ba Simp\u00f3sio Internacional sobre M\u00eddia Digital e Pastoral Ortodoxa"},{"@type":"BreadcrumbList","@id":"https:\/\/news.ecclesia.org.br\/?p=25321#breadcrumb","itemListElement":[{"@type":"ListItem","position":1,"name":"In\u00edcio","item":"https:\/\/news.ecclesia.org.br\/"},{"@type":"ListItem","position":2,"name":"O \u00abII Simp\u00f3sio Internacional sobre M\u00eddia Digital e Pastoral Ortodoxa\u00bb acontece em Creta"}]},{"@type":"WebSite","@id":"https:\/\/news.ecclesia.org.br\/#website","url":"https:\/\/news.ecclesia.org.br\/","name":"Ecclesia Brasil","description":"Desde 2003 onectando o Brasil ao mundo ortodoxo!","publisher":{"@id":"https:\/\/news.ecclesia.org.br\/#organization"},"alternateName":"Ecclesia","potentialAction":[{"@type":"SearchAction","target":{"@type":"EntryPoint","urlTemplate":"https:\/\/news.ecclesia.org.br\/?s={search_term_string}"},"query-input":{"@type":"PropertyValueSpecification","valueRequired":true,"valueName":"search_term_string"}}],"inLanguage":"pt-BR"},{"@type":"Organization","@id":"https:\/\/news.ecclesia.org.br\/#organization","name":"Sacra Arquidiocese de Buenos Aires e Am\u00e9rica do Sul | Patriarcado Ecum\u00eanico","alternateName":"News Ecclesia Brasil","url":"https:\/\/news.ecclesia.org.br\/","logo":{"@type":"ImageObject","inLanguage":"pt-BR","@id":"https:\/\/news.ecclesia.org.br\/#\/schema\/logo\/image\/","url":"https:\/\/news.ecclesia.org.br\/wp-content\/uploads\/2025\/05\/ecclesia2.png","contentUrl":"https:\/\/news.ecclesia.org.br\/wp-content\/uploads\/2025\/05\/ecclesia2.png","width":480,"height":120,"caption":"Sacra Arquidiocese de Buenos Aires e Am\u00e9rica do Sul | Patriarcado Ecum\u00eanico"},"image":{"@id":"https:\/\/news.ecclesia.org.br\/#\/schema\/logo\/image\/"},"sameAs":["https:\/\/www.facebook.com\/Ecclesia2025","https:\/\/x.com\/EcclesiaNews","https:\/\/br.pinterest.com\/ekklisia\/","https:\/\/www.youtube.com\/@EcclesiaBrasil"]},{"@type":"Person","@id":"https:\/\/news.ecclesia.org.br\/#\/schema\/person\/6f09597f025829745ba414a569f63758","name":"Pe. Andr\u00e9","image":{"@type":"ImageObject","inLanguage":"pt-BR","@id":"https:\/\/secure.gravatar.com\/avatar\/b4327cfa27e9799da239a26adcd534fc29cdc0c4a4a148eecbcfeb9b42c617ac?s=96&d=mm&r=g","url":"https:\/\/secure.gravatar.com\/avatar\/b4327cfa27e9799da239a26adcd534fc29cdc0c4a4a148eecbcfeb9b42c617ac?s=96&d=mm&r=g","contentUrl":"https:\/\/secure.gravatar.com\/avatar\/b4327cfa27e9799da239a26adcd534fc29cdc0c4a4a148eecbcfeb9b42c617ac?s=96&d=mm&r=g","caption":"Pe. Andr\u00e9"},"sameAs":["https:\/\/www.ecclesia.org.br"]}]}},"_links":{"self":[{"href":"https:\/\/news.ecclesia.org.br\/index.php?rest_route=\/wp\/v2\/posts\/25321","targetHints":{"allow":["GET"]}}],"collection":[{"href":"https:\/\/news.ecclesia.org.br\/index.php?rest_route=\/wp\/v2\/posts"}],"about":[{"href":"https:\/\/news.ecclesia.org.br\/index.php?rest_route=\/wp\/v2\/types\/post"}],"author":[{"embeddable":true,"href":"https:\/\/news.ecclesia.org.br\/index.php?rest_route=\/wp\/v2\/users\/1"}],"replies":[{"embeddable":true,"href":"https:\/\/news.ecclesia.org.br\/index.php?rest_route=%2Fwp%2Fv2%2Fcomments&post=25321"}],"version-history":[{"count":0,"href":"https:\/\/news.ecclesia.org.br\/index.php?rest_route=\/wp\/v2\/posts\/25321\/revisions"}],"wp:featuredmedia":[{"embeddable":true,"href":"https:\/\/news.ecclesia.org.br\/index.php?rest_route=\/wp\/v2\/media\/25323"}],"wp:attachment":[{"href":"https:\/\/news.ecclesia.org.br\/index.php?rest_route=%2Fwp%2Fv2%2Fmedia&parent=25321"}],"wp:term":[{"taxonomy":"category","embeddable":true,"href":"https:\/\/news.ecclesia.org.br\/index.php?rest_route=%2Fwp%2Fv2%2Fcategories&post=25321"},{"taxonomy":"post_tag","embeddable":true,"href":"https:\/\/news.ecclesia.org.br\/index.php?rest_route=%2Fwp%2Fv2%2Ftags&post=25321"}],"curies":[{"name":"wp","href":"https:\/\/api.w.org\/{rel}","templated":true}]}}