{"id":25304,"date":"2018-06-18T12:46:24","date_gmt":"2018-06-18T12:46:24","guid":{"rendered":"https:\/\/news.ecclesia.org.br\/?p=25304"},"modified":"2021-07-22T19:52:26","modified_gmt":"2021-07-22T22:52:26","slug":"patriarca-ecumenico-no-70o-aniversario-do-conselho-mundial-de-igrejas-cmi","status":"publish","type":"post","link":"https:\/\/news.ecclesia.org.br\/?p=25304","title":{"rendered":"Patriarca Ecum\u00eanico no 70\u00ba anivers\u00e1rio do Conselho Mundial de Igrejas (CMI)"},"content":{"rendered":"<p style=\"text-align: justify;\">Representantes de igrejas de todo mundo se reuniram na Catedral de S\u00e3o Pedro, em Genebra, para a celebra\u00e7\u00e3o de um of\u00edcio comemorativo da passagem do 70\u00ba anivers\u00e1rio do Conselho Mundial de Igrejas (CMI). Neste contexto, Sua Santidade Bartolomeu I, Patriarca Ecum\u00eanico, durante seu pronunciamento, pediu que esfor\u00e7os em vista da unidade, da justi\u00e7a e da paz sejam cont\u00ednuos.<\/p>\n<p style=\"text-align: justify;\">O Patriarcado Ecum\u00eanico de Constantinopla foi um dos membros fundadores do CMI, em Genebra, no ano de 1948, visando a promo\u00e7\u00e3o da unidade dos crist\u00e3os. Atualmente, o Conselho re\u00fane 350 igrejas protestantes, ortodoxas, anglicanas e outras, que representam 550 milh\u00f5es de crist\u00e3os em mais de 120 pa\u00edses.<\/p>\n<p style=\"text-align: justify;\">O Patriarca fez elogios aos esfor\u00e7os comuns para responder aos grandes desafios de nosso tempo, bem como, a &#8220;coopera\u00e7\u00e3o construtiva&#8221; entre o CMI e a Igreja Cat\u00f3lico-Romana, que n\u00e3o \u00e9 membro, mas atua em diversas \u00e1reas do Conselho.<\/p>\n<p style=\"text-align: justify;\">&#8220;Estamos conscientes de que o movimento para a restaura\u00e7\u00e3o da unidade do cristianismo est\u00e1 assumindo novas formas para dar conta de responder \u00e0s novas situa\u00e7\u00f5es e poder lidar com os desafios atuais de nosso mundo&#8221;, disse o Patriarca Bartolomeu, principal l\u00edder espiritual do mundo crist\u00e3o ortodoxo. Antes de se tornar patriarca ecum\u00eanico, Bartolomeu serviu na Comiss\u00e3o F\u00e9 e Ordem do CMI e como membro dos seus comit\u00eas Central e Executivo. Tamb\u00e9m estudou no Instituto Ecum\u00eanico do CMI em Bossey, pr\u00f3ximo a Genebra.O servi\u00e7o foi realizado em franc\u00eas e ingl\u00eas e incluiu hinos e ora\u00e7\u00f5es em muitas l\u00ednguas e de muitas partes do mundo. Foi uma celebra\u00e7\u00e3o conjunta com a Igreja Protestante de Genebra.<\/p>\n<p style=\"text-align: right;\">Fonte: <a href=\"http:\/\/fanarion.blogspot.com\/\" target=\"_blank\" rel=\"noopener noreferrer\">Fanarion<\/a><\/p>\n","protected":false},"excerpt":{"rendered":"<p>Representantes de igrejas de todo mundo se reuniram na Catedral de S\u00e3o Pedro, em Genebra, para a celebra\u00e7\u00e3o de um of\u00edcio comemorativo da passagem do 70\u00ba anivers\u00e1rio do Conselho Mundial de Igrejas (CMI). Neste contexto, Sua Santidade Bartolomeu I, Patriarca&#8230;<\/p>\n","protected":false},"author":1,"featured_media":25305,"comment_status":"open","ping_status":"open","sticky":false,"template":"","format":"standard","meta":{"_acf_changed":false,"footnotes":""},"categories":[3,1,72],"tags":[],"class_list":["post-25304","post","type-post","status-publish","format-standard","has-post-thumbnail","hentry","category-mundo","category-news","category-patriarcado-ecumenico","entry","rows-excerpt"],"acf":[],"yoast_head":"<!-- This site is optimized with the Yoast SEO plugin v27.4 - https:\/\/yoast.com\/product\/yoast-seo-wordpress\/ -->\n<title>Patriarca Ecum\u00eanico no 70\u00ba anivers\u00e1rio do Conselho Mundial de Igrejas (CMI) | ECCLESIA NEWS<\/title>\n<meta name=\"robots\" content=\"index, follow, max-snippet:-1, max-image-preview:large, max-video-preview:-1\" \/>\n<link rel=\"canonical\" href=\"https:\/\/news.ecclesia.org.br\/?p=25304\" \/>\n<meta property=\"og:locale\" content=\"pt_BR\" \/>\n<meta property=\"og:type\" content=\"article\" \/>\n<meta property=\"og:title\" content=\"Patriarca Ecum\u00eanico no 70\u00ba anivers\u00e1rio do Conselho Mundial de Igrejas (CMI) | ECCLESIA NEWS\" \/>\n<meta property=\"og:description\" content=\"Representantes de igrejas de todo mundo se reuniram na Catedral de S\u00e3o Pedro, em Genebra, para a celebra\u00e7\u00e3o de um of\u00edcio comemorativo da passagem do 70\u00ba anivers\u00e1rio do Conselho Mundial de Igrejas (CMI). Neste contexto, Sua Santidade Bartolomeu I, Patriarca&#8230;\" \/>\n<meta property=\"og:url\" content=\"https:\/\/news.ecclesia.org.br\/?p=25304\" \/>\n<meta property=\"og:site_name\" content=\"ECCLESIA NEWS\" \/>\n<meta property=\"article:publisher\" content=\"https:\/\/www.facebook.com\/Ecclesia2025\" \/>\n<meta property=\"article:published_time\" content=\"2018-06-18T12:46:24+00:00\" \/>\n<meta property=\"article:modified_time\" content=\"2021-07-22T22:52:26+00:00\" \/>\n<meta property=\"og:image\" content=\"https:\/\/news.ecclesia.org.br\/wp-content\/uploads\/2018\/06\/001-1.jpg\" \/>\n\t<meta property=\"og:image:width\" content=\"960\" \/>\n\t<meta property=\"og:image:height\" content=\"640\" \/>\n\t<meta property=\"og:image:type\" content=\"image\/jpeg\" \/>\n<meta name=\"author\" content=\"Pe. Andr\u00e9\" \/>\n<meta name=\"twitter:card\" content=\"summary_large_image\" \/>\n<meta name=\"twitter:creator\" content=\"@EcclesiaNews\" \/>\n<meta name=\"twitter:site\" content=\"@EcclesiaNews\" \/>\n<meta name=\"twitter:label1\" content=\"Escrito por\" \/>\n\t<meta name=\"twitter:data1\" content=\"Pe. Andr\u00e9\" \/>\n\t<meta name=\"twitter:label2\" content=\"Est. tempo de leitura\" \/>\n\t<meta name=\"twitter:data2\" content=\"1 minuto\" \/>\n<script type=\"application\/ld+json\" class=\"yoast-schema-graph\">{\"@context\":\"https:\\\/\\\/schema.org\",\"@graph\":[{\"@type\":\"Article\",\"@id\":\"https:\\\/\\\/news.ecclesia.org.br\\\/?p=25304#article\",\"isPartOf\":{\"@id\":\"https:\\\/\\\/news.ecclesia.org.br\\\/?p=25304\"},\"author\":{\"name\":\"Pe. Andr\u00e9\",\"@id\":\"https:\\\/\\\/news.ecclesia.org.br\\\/#\\\/schema\\\/person\\\/6f09597f025829745ba414a569f63758\"},\"headline\":\"Patriarca Ecum\u00eanico no 70\u00ba anivers\u00e1rio do Conselho Mundial de Igrejas (CMI)\",\"datePublished\":\"2018-06-18T12:46:24+00:00\",\"dateModified\":\"2021-07-22T22:52:26+00:00\",\"mainEntityOfPage\":{\"@id\":\"https:\\\/\\\/news.ecclesia.org.br\\\/?p=25304\"},\"wordCount\":300,\"commentCount\":0,\"publisher\":{\"@id\":\"https:\\\/\\\/news.ecclesia.org.br\\\/#organization\"},\"image\":{\"@id\":\"https:\\\/\\\/news.ecclesia.org.br\\\/?p=25304#primaryimage\"},\"thumbnailUrl\":\"https:\\\/\\\/news.ecclesia.org.br\\\/wp-content\\\/uploads\\\/2018\\\/06\\\/001-1.jpg\",\"articleSection\":[\"Mundo Ortodoxo\",\"NEWS\",\"Patriarcado Ecum\u00eanico\"],\"inLanguage\":\"pt-BR\",\"potentialAction\":[{\"@type\":\"CommentAction\",\"name\":\"Comment\",\"target\":[\"https:\\\/\\\/news.ecclesia.org.br\\\/?p=25304#respond\"]}]},{\"@type\":\"WebPage\",\"@id\":\"https:\\\/\\\/news.ecclesia.org.br\\\/?p=25304\",\"url\":\"https:\\\/\\\/news.ecclesia.org.br\\\/?p=25304\",\"name\":\"Patriarca Ecum\u00eanico no 70\u00ba anivers\u00e1rio do Conselho Mundial de Igrejas (CMI) | ECCLESIA NEWS\",\"isPartOf\":{\"@id\":\"https:\\\/\\\/news.ecclesia.org.br\\\/#website\"},\"primaryImageOfPage\":{\"@id\":\"https:\\\/\\\/news.ecclesia.org.br\\\/?p=25304#primaryimage\"},\"image\":{\"@id\":\"https:\\\/\\\/news.ecclesia.org.br\\\/?p=25304#primaryimage\"},\"thumbnailUrl\":\"https:\\\/\\\/news.ecclesia.org.br\\\/wp-content\\\/uploads\\\/2018\\\/06\\\/001-1.jpg\",\"datePublished\":\"2018-06-18T12:46:24+00:00\",\"dateModified\":\"2021-07-22T22:52:26+00:00\",\"breadcrumb\":{\"@id\":\"https:\\\/\\\/news.ecclesia.org.br\\\/?p=25304#breadcrumb\"},\"inLanguage\":\"pt-BR\",\"potentialAction\":[{\"@type\":\"ReadAction\",\"target\":[\"https:\\\/\\\/news.ecclesia.org.br\\\/?p=25304\"]}]},{\"@type\":\"ImageObject\",\"inLanguage\":\"pt-BR\",\"@id\":\"https:\\\/\\\/news.ecclesia.org.br\\\/?p=25304#primaryimage\",\"url\":\"https:\\\/\\\/news.ecclesia.org.br\\\/wp-content\\\/uploads\\\/2018\\\/06\\\/001-1.jpg\",\"contentUrl\":\"https:\\\/\\\/news.ecclesia.org.br\\\/wp-content\\\/uploads\\\/2018\\\/06\\\/001-1.jpg\",\"width\":960,\"height\":640},{\"@type\":\"BreadcrumbList\",\"@id\":\"https:\\\/\\\/news.ecclesia.org.br\\\/?p=25304#breadcrumb\",\"itemListElement\":[{\"@type\":\"ListItem\",\"position\":1,\"name\":\"In\u00edcio\",\"item\":\"https:\\\/\\\/news.ecclesia.org.br\\\/\"},{\"@type\":\"ListItem\",\"position\":2,\"name\":\"Patriarca Ecum\u00eanico no 70\u00ba anivers\u00e1rio do Conselho Mundial de Igrejas (CMI)\"}]},{\"@type\":\"WebSite\",\"@id\":\"https:\\\/\\\/news.ecclesia.org.br\\\/#website\",\"url\":\"https:\\\/\\\/news.ecclesia.org.br\\\/\",\"name\":\"Ecclesia Brasil\",\"description\":\"Desde 2003 onectando o Brasil ao mundo ortodoxo!\",\"publisher\":{\"@id\":\"https:\\\/\\\/news.ecclesia.org.br\\\/#organization\"},\"alternateName\":\"Ecclesia\",\"potentialAction\":[{\"@type\":\"SearchAction\",\"target\":{\"@type\":\"EntryPoint\",\"urlTemplate\":\"https:\\\/\\\/news.ecclesia.org.br\\\/?s={search_term_string}\"},\"query-input\":{\"@type\":\"PropertyValueSpecification\",\"valueRequired\":true,\"valueName\":\"search_term_string\"}}],\"inLanguage\":\"pt-BR\"},{\"@type\":\"Organization\",\"@id\":\"https:\\\/\\\/news.ecclesia.org.br\\\/#organization\",\"name\":\"Sacra Arquidiocese de Buenos Aires e Am\u00e9rica do Sul | Patriarcado Ecum\u00eanico\",\"alternateName\":\"News Ecclesia Brasil\",\"url\":\"https:\\\/\\\/news.ecclesia.org.br\\\/\",\"logo\":{\"@type\":\"ImageObject\",\"inLanguage\":\"pt-BR\",\"@id\":\"https:\\\/\\\/news.ecclesia.org.br\\\/#\\\/schema\\\/logo\\\/image\\\/\",\"url\":\"https:\\\/\\\/news.ecclesia.org.br\\\/wp-content\\\/uploads\\\/2025\\\/05\\\/ecclesia2.png\",\"contentUrl\":\"https:\\\/\\\/news.ecclesia.org.br\\\/wp-content\\\/uploads\\\/2025\\\/05\\\/ecclesia2.png\",\"width\":480,\"height\":120,\"caption\":\"Sacra Arquidiocese de Buenos Aires e Am\u00e9rica do Sul | Patriarcado Ecum\u00eanico\"},\"image\":{\"@id\":\"https:\\\/\\\/news.ecclesia.org.br\\\/#\\\/schema\\\/logo\\\/image\\\/\"},\"sameAs\":[\"https:\\\/\\\/www.facebook.com\\\/Ecclesia2025\",\"https:\\\/\\\/x.com\\\/EcclesiaNews\",\"https:\\\/\\\/br.pinterest.com\\\/ekklisia\\\/\",\"https:\\\/\\\/www.youtube.com\\\/@EcclesiaBrasil\"]},{\"@type\":\"Person\",\"@id\":\"https:\\\/\\\/news.ecclesia.org.br\\\/#\\\/schema\\\/person\\\/6f09597f025829745ba414a569f63758\",\"name\":\"Pe. Andr\u00e9\",\"image\":{\"@type\":\"ImageObject\",\"inLanguage\":\"pt-BR\",\"@id\":\"https:\\\/\\\/secure.gravatar.com\\\/avatar\\\/b4327cfa27e9799da239a26adcd534fc29cdc0c4a4a148eecbcfeb9b42c617ac?s=96&d=mm&r=g\",\"url\":\"https:\\\/\\\/secure.gravatar.com\\\/avatar\\\/b4327cfa27e9799da239a26adcd534fc29cdc0c4a4a148eecbcfeb9b42c617ac?s=96&d=mm&r=g\",\"contentUrl\":\"https:\\\/\\\/secure.gravatar.com\\\/avatar\\\/b4327cfa27e9799da239a26adcd534fc29cdc0c4a4a148eecbcfeb9b42c617ac?s=96&d=mm&r=g\",\"caption\":\"Pe. Andr\u00e9\"},\"sameAs\":[\"https:\\\/\\\/www.ecclesia.org.br\"]}]}<\/script>\n<!-- \/ Yoast SEO plugin. -->","yoast_head_json":{"title":"Patriarca Ecum\u00eanico no 70\u00ba anivers\u00e1rio do Conselho Mundial de Igrejas (CMI) | ECCLESIA NEWS","robots":{"index":"index","follow":"follow","max-snippet":"max-snippet:-1","max-image-preview":"max-image-preview:large","max-video-preview":"max-video-preview:-1"},"canonical":"https:\/\/news.ecclesia.org.br\/?p=25304","og_locale":"pt_BR","og_type":"article","og_title":"Patriarca Ecum\u00eanico no 70\u00ba anivers\u00e1rio do Conselho Mundial de Igrejas (CMI) | ECCLESIA NEWS","og_description":"Representantes de igrejas de todo mundo se reuniram na Catedral de S\u00e3o Pedro, em Genebra, para a celebra\u00e7\u00e3o de um of\u00edcio comemorativo da passagem do 70\u00ba anivers\u00e1rio do Conselho Mundial de Igrejas (CMI). Neste contexto, Sua Santidade Bartolomeu I, Patriarca&#8230;","og_url":"https:\/\/news.ecclesia.org.br\/?p=25304","og_site_name":"ECCLESIA NEWS","article_publisher":"https:\/\/www.facebook.com\/Ecclesia2025","article_published_time":"2018-06-18T12:46:24+00:00","article_modified_time":"2021-07-22T22:52:26+00:00","og_image":[{"width":960,"height":640,"url":"https:\/\/news.ecclesia.org.br\/wp-content\/uploads\/2018\/06\/001-1.jpg","type":"image\/jpeg"}],"author":"Pe. Andr\u00e9","twitter_card":"summary_large_image","twitter_creator":"@EcclesiaNews","twitter_site":"@EcclesiaNews","twitter_misc":{"Escrito por":"Pe. Andr\u00e9","Est. tempo de leitura":"1 minuto"},"schema":{"@context":"https:\/\/schema.org","@graph":[{"@type":"Article","@id":"https:\/\/news.ecclesia.org.br\/?p=25304#article","isPartOf":{"@id":"https:\/\/news.ecclesia.org.br\/?p=25304"},"author":{"name":"Pe. Andr\u00e9","@id":"https:\/\/news.ecclesia.org.br\/#\/schema\/person\/6f09597f025829745ba414a569f63758"},"headline":"Patriarca Ecum\u00eanico no 70\u00ba anivers\u00e1rio do Conselho Mundial de Igrejas (CMI)","datePublished":"2018-06-18T12:46:24+00:00","dateModified":"2021-07-22T22:52:26+00:00","mainEntityOfPage":{"@id":"https:\/\/news.ecclesia.org.br\/?p=25304"},"wordCount":300,"commentCount":0,"publisher":{"@id":"https:\/\/news.ecclesia.org.br\/#organization"},"image":{"@id":"https:\/\/news.ecclesia.org.br\/?p=25304#primaryimage"},"thumbnailUrl":"https:\/\/news.ecclesia.org.br\/wp-content\/uploads\/2018\/06\/001-1.jpg","articleSection":["Mundo Ortodoxo","NEWS","Patriarcado Ecum\u00eanico"],"inLanguage":"pt-BR","potentialAction":[{"@type":"CommentAction","name":"Comment","target":["https:\/\/news.ecclesia.org.br\/?p=25304#respond"]}]},{"@type":"WebPage","@id":"https:\/\/news.ecclesia.org.br\/?p=25304","url":"https:\/\/news.ecclesia.org.br\/?p=25304","name":"Patriarca Ecum\u00eanico no 70\u00ba anivers\u00e1rio do Conselho Mundial de Igrejas (CMI) | ECCLESIA NEWS","isPartOf":{"@id":"https:\/\/news.ecclesia.org.br\/#website"},"primaryImageOfPage":{"@id":"https:\/\/news.ecclesia.org.br\/?p=25304#primaryimage"},"image":{"@id":"https:\/\/news.ecclesia.org.br\/?p=25304#primaryimage"},"thumbnailUrl":"https:\/\/news.ecclesia.org.br\/wp-content\/uploads\/2018\/06\/001-1.jpg","datePublished":"2018-06-18T12:46:24+00:00","dateModified":"2021-07-22T22:52:26+00:00","breadcrumb":{"@id":"https:\/\/news.ecclesia.org.br\/?p=25304#breadcrumb"},"inLanguage":"pt-BR","potentialAction":[{"@type":"ReadAction","target":["https:\/\/news.ecclesia.org.br\/?p=25304"]}]},{"@type":"ImageObject","inLanguage":"pt-BR","@id":"https:\/\/news.ecclesia.org.br\/?p=25304#primaryimage","url":"https:\/\/news.ecclesia.org.br\/wp-content\/uploads\/2018\/06\/001-1.jpg","contentUrl":"https:\/\/news.ecclesia.org.br\/wp-content\/uploads\/2018\/06\/001-1.jpg","width":960,"height":640},{"@type":"BreadcrumbList","@id":"https:\/\/news.ecclesia.org.br\/?p=25304#breadcrumb","itemListElement":[{"@type":"ListItem","position":1,"name":"In\u00edcio","item":"https:\/\/news.ecclesia.org.br\/"},{"@type":"ListItem","position":2,"name":"Patriarca Ecum\u00eanico no 70\u00ba anivers\u00e1rio do Conselho Mundial de Igrejas (CMI)"}]},{"@type":"WebSite","@id":"https:\/\/news.ecclesia.org.br\/#website","url":"https:\/\/news.ecclesia.org.br\/","name":"Ecclesia Brasil","description":"Desde 2003 onectando o Brasil ao mundo ortodoxo!","publisher":{"@id":"https:\/\/news.ecclesia.org.br\/#organization"},"alternateName":"Ecclesia","potentialAction":[{"@type":"SearchAction","target":{"@type":"EntryPoint","urlTemplate":"https:\/\/news.ecclesia.org.br\/?s={search_term_string}"},"query-input":{"@type":"PropertyValueSpecification","valueRequired":true,"valueName":"search_term_string"}}],"inLanguage":"pt-BR"},{"@type":"Organization","@id":"https:\/\/news.ecclesia.org.br\/#organization","name":"Sacra Arquidiocese de Buenos Aires e Am\u00e9rica do Sul | Patriarcado Ecum\u00eanico","alternateName":"News Ecclesia Brasil","url":"https:\/\/news.ecclesia.org.br\/","logo":{"@type":"ImageObject","inLanguage":"pt-BR","@id":"https:\/\/news.ecclesia.org.br\/#\/schema\/logo\/image\/","url":"https:\/\/news.ecclesia.org.br\/wp-content\/uploads\/2025\/05\/ecclesia2.png","contentUrl":"https:\/\/news.ecclesia.org.br\/wp-content\/uploads\/2025\/05\/ecclesia2.png","width":480,"height":120,"caption":"Sacra Arquidiocese de Buenos Aires e Am\u00e9rica do Sul | Patriarcado Ecum\u00eanico"},"image":{"@id":"https:\/\/news.ecclesia.org.br\/#\/schema\/logo\/image\/"},"sameAs":["https:\/\/www.facebook.com\/Ecclesia2025","https:\/\/x.com\/EcclesiaNews","https:\/\/br.pinterest.com\/ekklisia\/","https:\/\/www.youtube.com\/@EcclesiaBrasil"]},{"@type":"Person","@id":"https:\/\/news.ecclesia.org.br\/#\/schema\/person\/6f09597f025829745ba414a569f63758","name":"Pe. Andr\u00e9","image":{"@type":"ImageObject","inLanguage":"pt-BR","@id":"https:\/\/secure.gravatar.com\/avatar\/b4327cfa27e9799da239a26adcd534fc29cdc0c4a4a148eecbcfeb9b42c617ac?s=96&d=mm&r=g","url":"https:\/\/secure.gravatar.com\/avatar\/b4327cfa27e9799da239a26adcd534fc29cdc0c4a4a148eecbcfeb9b42c617ac?s=96&d=mm&r=g","contentUrl":"https:\/\/secure.gravatar.com\/avatar\/b4327cfa27e9799da239a26adcd534fc29cdc0c4a4a148eecbcfeb9b42c617ac?s=96&d=mm&r=g","caption":"Pe. Andr\u00e9"},"sameAs":["https:\/\/www.ecclesia.org.br"]}]}},"_links":{"self":[{"href":"https:\/\/news.ecclesia.org.br\/index.php?rest_route=\/wp\/v2\/posts\/25304","targetHints":{"allow":["GET"]}}],"collection":[{"href":"https:\/\/news.ecclesia.org.br\/index.php?rest_route=\/wp\/v2\/posts"}],"about":[{"href":"https:\/\/news.ecclesia.org.br\/index.php?rest_route=\/wp\/v2\/types\/post"}],"author":[{"embeddable":true,"href":"https:\/\/news.ecclesia.org.br\/index.php?rest_route=\/wp\/v2\/users\/1"}],"replies":[{"embeddable":true,"href":"https:\/\/news.ecclesia.org.br\/index.php?rest_route=%2Fwp%2Fv2%2Fcomments&post=25304"}],"version-history":[{"count":2,"href":"https:\/\/news.ecclesia.org.br\/index.php?rest_route=\/wp\/v2\/posts\/25304\/revisions"}],"predecessor-version":[{"id":34049,"href":"https:\/\/news.ecclesia.org.br\/index.php?rest_route=\/wp\/v2\/posts\/25304\/revisions\/34049"}],"wp:featuredmedia":[{"embeddable":true,"href":"https:\/\/news.ecclesia.org.br\/index.php?rest_route=\/wp\/v2\/media\/25305"}],"wp:attachment":[{"href":"https:\/\/news.ecclesia.org.br\/index.php?rest_route=%2Fwp%2Fv2%2Fmedia&parent=25304"}],"wp:term":[{"taxonomy":"category","embeddable":true,"href":"https:\/\/news.ecclesia.org.br\/index.php?rest_route=%2Fwp%2Fv2%2Fcategories&post=25304"},{"taxonomy":"post_tag","embeddable":true,"href":"https:\/\/news.ecclesia.org.br\/index.php?rest_route=%2Fwp%2Fv2%2Ftags&post=25304"}],"curies":[{"name":"wp","href":"https:\/\/api.w.org\/{rel}","templated":true}]}}