{"id":25298,"date":"2018-06-14T00:14:27","date_gmt":"2018-06-14T00:14:27","guid":{"rendered":"https:\/\/news.ecclesia.org.br\/?p=25298"},"modified":"2018-11-28T23:46:10","modified_gmt":"2018-11-28T23:46:10","slug":"mensagem-do-primaz-da-igreja-ortodoxa-ucraniana","status":"publish","type":"post","link":"https:\/\/news.ecclesia.org.br\/?p=25298","title":{"rendered":"Mensagem do primaz da Igreja Ortodoxa Ucraniana (Patriarcado de Moscou) sobre a \u00abmarcha pela igualdade\u00bbem Kiev"},"content":{"rendered":"<p style=\"text-align: justify;\">Por ocasi\u00e3o da \u00abmarcha pela igualdade\u00bb, planejada para o pr\u00f3ximo dia 17 de junho, em Kiev, o Metropolita\u00a0 Onofre de Kyiv, primaz da Igreja Ortodoxa da Ucr\u00e2nia (Patriarcado de Moscou), enviou aos representantes das autoridades municipais da capital ucraniana e aos fi\u00e9is a seguinte mensagem, datada de 11 de junho :<\/p>\n<blockquote>\n<p style=\"text-align: justify;\"><a href=\"https:\/\/news.ecclesia.org.br\/wp-content\/uploads\/2018\/06\/metropolite-onuphre.jpg\"><img fetchpriority=\"high\" decoding=\"async\" class=\"alignleft size-medium wp-image-25301\" src=\"https:\/\/news.ecclesia.org.br\/wp-content\/uploads\/2018\/06\/metropolite-onuphre-300x269.jpg\" alt=\"\" width=\"300\" height=\"269\" srcset=\"https:\/\/news.ecclesia.org.br\/wp-content\/uploads\/2018\/06\/metropolite-onuphre-300x269.jpg 300w, https:\/\/news.ecclesia.org.br\/wp-content\/uploads\/2018\/06\/metropolite-onuphre-61x55.jpg 61w, https:\/\/news.ecclesia.org.br\/wp-content\/uploads\/2018\/06\/metropolite-onuphre.jpg 594w\" sizes=\"(max-width: 300px) 100vw, 300px\" \/><\/a>A Santa Igreja Ortodoxa, fundada por nosso Senhor Jesus Cristo e dirigida pela a\u00e7\u00e3o do Esp\u00edrito Santo, conserva h\u00e1 s\u00e9culos a pureza das verdades evang\u00e9licas. Ao longo do tempo, nossos av\u00f3s e bisav\u00f3s mantiveram seus valores e tradi\u00e7\u00f5es familiares, constru\u00eddos sobre os mandamentos de Deus e transmitidos a seus descendentes. A institui\u00e7\u00e3o da fam\u00edlia &#8211; como uni\u00e3o de um homem e de uma mulher &#8211; foi institu\u00edda e consagrada pelo pr\u00f3prio Deus. E hoje, n\u00f3s, os ortodoxos ucranianos, n\u00e3o podemos observar em sil\u00eancio o ataque e a degrada\u00e7\u00e3o das rela\u00e7\u00f5es familiares tradicionais, enquanto tentam nos impor, n\u00e3o apenas estranhas vis\u00f5es de mundo, mas tamb\u00e9m concep\u00e7\u00f5es pecaminosas. Mais uma vez, nossa Igreja enfatiza que a realiza\u00e7\u00e3o de tais manifesta\u00e7\u00f5es constitui propaganda p\u00fablica e aberta do pecado, especialmente as pervers\u00f5es sexuais. Isso pode trazer danos irrepar\u00e1veis \u200b\u200baos cora\u00e7\u00f5es e almas de nossos filhos e, al\u00e9m disso, a ira divina sobre a terra ucraniana, onde, por v\u00e1rios anos consecutivos, o sangue inocente dos ucranianos foi derramado. A Sagrada Escritura condena categoricamente o pecado da sodomia e todos os outros desvios anti-naturais. N\u00f3s respeitamos as vis\u00f5es de mundo e os interesses dos outros. No entanto, eles n\u00e3o devem propagar pervers\u00f5es pecaminosas. \u00c9 inaceit\u00e1vel colocar no mesmo n\u00edvel o pecado e a liberdade que nos foi dada por Deus. Al\u00e9m disso, sentindo nossa responsabilidade diante de Deus e dos homens, preocupados com o presente e com a pr\u00f3xima gera\u00e7\u00e3o, dirigimo-nos a voc\u00eas, representantes das autoridades, pedindo que n\u00e3o permitam a marcha em Kiev dos membros das associa\u00e7\u00f5es LGBT. Como desagravo, um of\u00edcio de intercess\u00e3o para a preserva\u00e7\u00e3o dos valores da fam\u00edlia crist\u00e3 e para a paz na Ucr\u00e2nia ser\u00e1 realizado no dia 17 de julho, \u00e0s 14h30, no Parque Mariinsky, em Kiev, perto da Cruz. Damos a nossa b\u00ean\u00e7\u00e3o a todos os que, nas igrejas e monast\u00e9rios da Igreja Ortodoxa Ucraniana, elevarem suas ora\u00e7\u00f5es para que o Senhor n\u00e3o permita a dissemina\u00e7\u00e3o do pecado de sodomia entre nosso povo amado por Deus. Acreditamos que as ora\u00e7\u00f5es fervorosas dos fi\u00e9is, a sabedoria e o bom senso de nossos l\u00edderes ser\u00e3o dons da miseric\u00f3rdia de nosso Deus para a gloriosa cidade de Kiev e a toda terra ucraniana!<\/p>\n<p style=\"text-align: right;\">Onofre, metropolita de Kiev e toda a Ucr\u00e2nia,<br \/>\nPrimaz da Igreja Ortodoxa Ucraniana.<\/p>\n<\/blockquote>\n<p style=\"text-align: right;\"><a href=\"https:\/\/orthodoxie.com\/message-du-primat-de-leglise-orthodoxe-dukraine-au-sujet-de-la-marche-pour-legalite-a-kiev\/\" target=\"_blank\" rel=\"noopener\">Fonte<\/a><\/p>\n","protected":false},"excerpt":{"rendered":"<p>Por ocasi\u00e3o da \u00abmarcha pela igualdade\u00bb, planejada para o pr\u00f3ximo dia 17 de junho, em Kiev, o Metropolita\u00a0 Onofre de Kyiv, primaz da Igreja Ortodoxa da Ucr\u00e2nia (Patriarcado de Moscou), enviou aos representantes das autoridades municipais da capital ucraniana e&#8230;<\/p>\n","protected":false},"author":1,"featured_media":25301,"comment_status":"open","ping_status":"open","sticky":false,"template":"","format":"standard","meta":{"_acf_changed":false,"footnotes":""},"categories":[3],"tags":[],"class_list":["post-25298","post","type-post","status-publish","format-standard","has-post-thumbnail","hentry","category-mundo","entry","rows-excerpt"],"acf":[],"yoast_head":"<!-- This site is optimized with the Yoast SEO plugin v27.4 - https:\/\/yoast.com\/product\/yoast-seo-wordpress\/ -->\n<title>Mensagem do primaz da Igreja Ortodoxa Ucraniana (Patriarcado de Moscou) sobre a \u00abmarcha pela igualdade\u00bbem Kiev | ECCLESIA NEWS<\/title>\n<meta name=\"robots\" content=\"index, follow, max-snippet:-1, max-image-preview:large, max-video-preview:-1\" \/>\n<link rel=\"canonical\" href=\"https:\/\/news.ecclesia.org.br\/?p=25298\" \/>\n<meta property=\"og:locale\" content=\"pt_BR\" \/>\n<meta property=\"og:type\" content=\"article\" \/>\n<meta property=\"og:title\" content=\"Mensagem do primaz da Igreja Ortodoxa Ucraniana (Patriarcado de Moscou) sobre a \u00abmarcha pela igualdade\u00bbem Kiev | ECCLESIA NEWS\" \/>\n<meta property=\"og:description\" content=\"Por ocasi\u00e3o da \u00abmarcha pela igualdade\u00bb, planejada para o pr\u00f3ximo dia 17 de junho, em Kiev, o Metropolita\u00a0 Onofre de Kyiv, primaz da Igreja Ortodoxa da Ucr\u00e2nia (Patriarcado de Moscou), enviou aos representantes das autoridades municipais da capital ucraniana e&#8230;\" \/>\n<meta property=\"og:url\" content=\"https:\/\/news.ecclesia.org.br\/?p=25298\" \/>\n<meta property=\"og:site_name\" content=\"ECCLESIA NEWS\" \/>\n<meta property=\"article:publisher\" content=\"https:\/\/www.facebook.com\/Ecclesia2025\" \/>\n<meta property=\"article:published_time\" content=\"2018-06-14T00:14:27+00:00\" \/>\n<meta property=\"article:modified_time\" content=\"2018-11-28T23:46:10+00:00\" \/>\n<meta property=\"og:image\" content=\"https:\/\/news.ecclesia.org.br\/wp-content\/uploads\/2018\/06\/metropolite-onuphre.jpg\" \/>\n\t<meta property=\"og:image:width\" content=\"594\" \/>\n\t<meta property=\"og:image:height\" content=\"532\" \/>\n\t<meta property=\"og:image:type\" content=\"image\/jpeg\" \/>\n<meta name=\"author\" content=\"Pe. Andr\u00e9\" \/>\n<meta name=\"twitter:card\" content=\"summary_large_image\" \/>\n<meta name=\"twitter:creator\" content=\"@EcclesiaNews\" \/>\n<meta name=\"twitter:site\" content=\"@EcclesiaNews\" \/>\n<meta name=\"twitter:label1\" content=\"Escrito por\" \/>\n\t<meta name=\"twitter:data1\" content=\"Pe. Andr\u00e9\" \/>\n\t<meta name=\"twitter:label2\" content=\"Est. tempo de leitura\" \/>\n\t<meta name=\"twitter:data2\" content=\"2 minutos\" \/>\n<script type=\"application\/ld+json\" class=\"yoast-schema-graph\">{\"@context\":\"https:\\\/\\\/schema.org\",\"@graph\":[{\"@type\":\"Article\",\"@id\":\"https:\\\/\\\/news.ecclesia.org.br\\\/?p=25298#article\",\"isPartOf\":{\"@id\":\"https:\\\/\\\/news.ecclesia.org.br\\\/?p=25298\"},\"author\":{\"name\":\"Pe. Andr\u00e9\",\"@id\":\"https:\\\/\\\/news.ecclesia.org.br\\\/#\\\/schema\\\/person\\\/6f09597f025829745ba414a569f63758\"},\"headline\":\"Mensagem do primaz da Igreja Ortodoxa Ucraniana (Patriarcado de Moscou) sobre a \u00abmarcha pela igualdade\u00bbem Kiev\",\"datePublished\":\"2018-06-14T00:14:27+00:00\",\"dateModified\":\"2018-11-28T23:46:10+00:00\",\"mainEntityOfPage\":{\"@id\":\"https:\\\/\\\/news.ecclesia.org.br\\\/?p=25298\"},\"wordCount\":501,\"commentCount\":0,\"publisher\":{\"@id\":\"https:\\\/\\\/news.ecclesia.org.br\\\/#organization\"},\"image\":{\"@id\":\"https:\\\/\\\/news.ecclesia.org.br\\\/?p=25298#primaryimage\"},\"thumbnailUrl\":\"https:\\\/\\\/news.ecclesia.org.br\\\/wp-content\\\/uploads\\\/2018\\\/06\\\/metropolite-onuphre.jpg\",\"articleSection\":[\"Mundo Ortodoxo\"],\"inLanguage\":\"pt-BR\",\"potentialAction\":[{\"@type\":\"CommentAction\",\"name\":\"Comment\",\"target\":[\"https:\\\/\\\/news.ecclesia.org.br\\\/?p=25298#respond\"]}]},{\"@type\":\"WebPage\",\"@id\":\"https:\\\/\\\/news.ecclesia.org.br\\\/?p=25298\",\"url\":\"https:\\\/\\\/news.ecclesia.org.br\\\/?p=25298\",\"name\":\"Mensagem do primaz da Igreja Ortodoxa Ucraniana (Patriarcado de Moscou) sobre a \u00abmarcha pela igualdade\u00bbem Kiev | ECCLESIA NEWS\",\"isPartOf\":{\"@id\":\"https:\\\/\\\/news.ecclesia.org.br\\\/#website\"},\"primaryImageOfPage\":{\"@id\":\"https:\\\/\\\/news.ecclesia.org.br\\\/?p=25298#primaryimage\"},\"image\":{\"@id\":\"https:\\\/\\\/news.ecclesia.org.br\\\/?p=25298#primaryimage\"},\"thumbnailUrl\":\"https:\\\/\\\/news.ecclesia.org.br\\\/wp-content\\\/uploads\\\/2018\\\/06\\\/metropolite-onuphre.jpg\",\"datePublished\":\"2018-06-14T00:14:27+00:00\",\"dateModified\":\"2018-11-28T23:46:10+00:00\",\"breadcrumb\":{\"@id\":\"https:\\\/\\\/news.ecclesia.org.br\\\/?p=25298#breadcrumb\"},\"inLanguage\":\"pt-BR\",\"potentialAction\":[{\"@type\":\"ReadAction\",\"target\":[\"https:\\\/\\\/news.ecclesia.org.br\\\/?p=25298\"]}]},{\"@type\":\"ImageObject\",\"inLanguage\":\"pt-BR\",\"@id\":\"https:\\\/\\\/news.ecclesia.org.br\\\/?p=25298#primaryimage\",\"url\":\"https:\\\/\\\/news.ecclesia.org.br\\\/wp-content\\\/uploads\\\/2018\\\/06\\\/metropolite-onuphre.jpg\",\"contentUrl\":\"https:\\\/\\\/news.ecclesia.org.br\\\/wp-content\\\/uploads\\\/2018\\\/06\\\/metropolite-onuphre.jpg\",\"width\":594,\"height\":532},{\"@type\":\"BreadcrumbList\",\"@id\":\"https:\\\/\\\/news.ecclesia.org.br\\\/?p=25298#breadcrumb\",\"itemListElement\":[{\"@type\":\"ListItem\",\"position\":1,\"name\":\"In\u00edcio\",\"item\":\"https:\\\/\\\/news.ecclesia.org.br\\\/\"},{\"@type\":\"ListItem\",\"position\":2,\"name\":\"Mensagem do primaz da Igreja Ortodoxa Ucraniana (Patriarcado de Moscou) sobre a \u00abmarcha pela igualdade\u00bbem Kiev\"}]},{\"@type\":\"WebSite\",\"@id\":\"https:\\\/\\\/news.ecclesia.org.br\\\/#website\",\"url\":\"https:\\\/\\\/news.ecclesia.org.br\\\/\",\"name\":\"Ecclesia Brasil\",\"description\":\"Desde 2003 onectando o Brasil ao mundo ortodoxo!\",\"publisher\":{\"@id\":\"https:\\\/\\\/news.ecclesia.org.br\\\/#organization\"},\"alternateName\":\"Ecclesia\",\"potentialAction\":[{\"@type\":\"SearchAction\",\"target\":{\"@type\":\"EntryPoint\",\"urlTemplate\":\"https:\\\/\\\/news.ecclesia.org.br\\\/?s={search_term_string}\"},\"query-input\":{\"@type\":\"PropertyValueSpecification\",\"valueRequired\":true,\"valueName\":\"search_term_string\"}}],\"inLanguage\":\"pt-BR\"},{\"@type\":\"Organization\",\"@id\":\"https:\\\/\\\/news.ecclesia.org.br\\\/#organization\",\"name\":\"Sacra Arquidiocese de Buenos Aires e Am\u00e9rica do Sul | Patriarcado Ecum\u00eanico\",\"alternateName\":\"News Ecclesia Brasil\",\"url\":\"https:\\\/\\\/news.ecclesia.org.br\\\/\",\"logo\":{\"@type\":\"ImageObject\",\"inLanguage\":\"pt-BR\",\"@id\":\"https:\\\/\\\/news.ecclesia.org.br\\\/#\\\/schema\\\/logo\\\/image\\\/\",\"url\":\"https:\\\/\\\/news.ecclesia.org.br\\\/wp-content\\\/uploads\\\/2025\\\/05\\\/ecclesia2.png\",\"contentUrl\":\"https:\\\/\\\/news.ecclesia.org.br\\\/wp-content\\\/uploads\\\/2025\\\/05\\\/ecclesia2.png\",\"width\":480,\"height\":120,\"caption\":\"Sacra Arquidiocese de Buenos Aires e Am\u00e9rica do Sul | Patriarcado Ecum\u00eanico\"},\"image\":{\"@id\":\"https:\\\/\\\/news.ecclesia.org.br\\\/#\\\/schema\\\/logo\\\/image\\\/\"},\"sameAs\":[\"https:\\\/\\\/www.facebook.com\\\/Ecclesia2025\",\"https:\\\/\\\/x.com\\\/EcclesiaNews\",\"https:\\\/\\\/br.pinterest.com\\\/ekklisia\\\/\",\"https:\\\/\\\/www.youtube.com\\\/@EcclesiaBrasil\"]},{\"@type\":\"Person\",\"@id\":\"https:\\\/\\\/news.ecclesia.org.br\\\/#\\\/schema\\\/person\\\/6f09597f025829745ba414a569f63758\",\"name\":\"Pe. Andr\u00e9\",\"image\":{\"@type\":\"ImageObject\",\"inLanguage\":\"pt-BR\",\"@id\":\"https:\\\/\\\/secure.gravatar.com\\\/avatar\\\/b4327cfa27e9799da239a26adcd534fc29cdc0c4a4a148eecbcfeb9b42c617ac?s=96&d=mm&r=g\",\"url\":\"https:\\\/\\\/secure.gravatar.com\\\/avatar\\\/b4327cfa27e9799da239a26adcd534fc29cdc0c4a4a148eecbcfeb9b42c617ac?s=96&d=mm&r=g\",\"contentUrl\":\"https:\\\/\\\/secure.gravatar.com\\\/avatar\\\/b4327cfa27e9799da239a26adcd534fc29cdc0c4a4a148eecbcfeb9b42c617ac?s=96&d=mm&r=g\",\"caption\":\"Pe. Andr\u00e9\"},\"sameAs\":[\"https:\\\/\\\/www.ecclesia.org.br\"]}]}<\/script>\n<!-- \/ Yoast SEO plugin. -->","yoast_head_json":{"title":"Mensagem do primaz da Igreja Ortodoxa Ucraniana (Patriarcado de Moscou) sobre a \u00abmarcha pela igualdade\u00bbem Kiev | ECCLESIA NEWS","robots":{"index":"index","follow":"follow","max-snippet":"max-snippet:-1","max-image-preview":"max-image-preview:large","max-video-preview":"max-video-preview:-1"},"canonical":"https:\/\/news.ecclesia.org.br\/?p=25298","og_locale":"pt_BR","og_type":"article","og_title":"Mensagem do primaz da Igreja Ortodoxa Ucraniana (Patriarcado de Moscou) sobre a \u00abmarcha pela igualdade\u00bbem Kiev | ECCLESIA NEWS","og_description":"Por ocasi\u00e3o da \u00abmarcha pela igualdade\u00bb, planejada para o pr\u00f3ximo dia 17 de junho, em Kiev, o Metropolita\u00a0 Onofre de Kyiv, primaz da Igreja Ortodoxa da Ucr\u00e2nia (Patriarcado de Moscou), enviou aos representantes das autoridades municipais da capital ucraniana e&#8230;","og_url":"https:\/\/news.ecclesia.org.br\/?p=25298","og_site_name":"ECCLESIA NEWS","article_publisher":"https:\/\/www.facebook.com\/Ecclesia2025","article_published_time":"2018-06-14T00:14:27+00:00","article_modified_time":"2018-11-28T23:46:10+00:00","og_image":[{"width":594,"height":532,"url":"https:\/\/news.ecclesia.org.br\/wp-content\/uploads\/2018\/06\/metropolite-onuphre.jpg","type":"image\/jpeg"}],"author":"Pe. Andr\u00e9","twitter_card":"summary_large_image","twitter_creator":"@EcclesiaNews","twitter_site":"@EcclesiaNews","twitter_misc":{"Escrito por":"Pe. Andr\u00e9","Est. tempo de leitura":"2 minutos"},"schema":{"@context":"https:\/\/schema.org","@graph":[{"@type":"Article","@id":"https:\/\/news.ecclesia.org.br\/?p=25298#article","isPartOf":{"@id":"https:\/\/news.ecclesia.org.br\/?p=25298"},"author":{"name":"Pe. Andr\u00e9","@id":"https:\/\/news.ecclesia.org.br\/#\/schema\/person\/6f09597f025829745ba414a569f63758"},"headline":"Mensagem do primaz da Igreja Ortodoxa Ucraniana (Patriarcado de Moscou) sobre a \u00abmarcha pela igualdade\u00bbem Kiev","datePublished":"2018-06-14T00:14:27+00:00","dateModified":"2018-11-28T23:46:10+00:00","mainEntityOfPage":{"@id":"https:\/\/news.ecclesia.org.br\/?p=25298"},"wordCount":501,"commentCount":0,"publisher":{"@id":"https:\/\/news.ecclesia.org.br\/#organization"},"image":{"@id":"https:\/\/news.ecclesia.org.br\/?p=25298#primaryimage"},"thumbnailUrl":"https:\/\/news.ecclesia.org.br\/wp-content\/uploads\/2018\/06\/metropolite-onuphre.jpg","articleSection":["Mundo Ortodoxo"],"inLanguage":"pt-BR","potentialAction":[{"@type":"CommentAction","name":"Comment","target":["https:\/\/news.ecclesia.org.br\/?p=25298#respond"]}]},{"@type":"WebPage","@id":"https:\/\/news.ecclesia.org.br\/?p=25298","url":"https:\/\/news.ecclesia.org.br\/?p=25298","name":"Mensagem do primaz da Igreja Ortodoxa Ucraniana (Patriarcado de Moscou) sobre a \u00abmarcha pela igualdade\u00bbem Kiev | ECCLESIA NEWS","isPartOf":{"@id":"https:\/\/news.ecclesia.org.br\/#website"},"primaryImageOfPage":{"@id":"https:\/\/news.ecclesia.org.br\/?p=25298#primaryimage"},"image":{"@id":"https:\/\/news.ecclesia.org.br\/?p=25298#primaryimage"},"thumbnailUrl":"https:\/\/news.ecclesia.org.br\/wp-content\/uploads\/2018\/06\/metropolite-onuphre.jpg","datePublished":"2018-06-14T00:14:27+00:00","dateModified":"2018-11-28T23:46:10+00:00","breadcrumb":{"@id":"https:\/\/news.ecclesia.org.br\/?p=25298#breadcrumb"},"inLanguage":"pt-BR","potentialAction":[{"@type":"ReadAction","target":["https:\/\/news.ecclesia.org.br\/?p=25298"]}]},{"@type":"ImageObject","inLanguage":"pt-BR","@id":"https:\/\/news.ecclesia.org.br\/?p=25298#primaryimage","url":"https:\/\/news.ecclesia.org.br\/wp-content\/uploads\/2018\/06\/metropolite-onuphre.jpg","contentUrl":"https:\/\/news.ecclesia.org.br\/wp-content\/uploads\/2018\/06\/metropolite-onuphre.jpg","width":594,"height":532},{"@type":"BreadcrumbList","@id":"https:\/\/news.ecclesia.org.br\/?p=25298#breadcrumb","itemListElement":[{"@type":"ListItem","position":1,"name":"In\u00edcio","item":"https:\/\/news.ecclesia.org.br\/"},{"@type":"ListItem","position":2,"name":"Mensagem do primaz da Igreja Ortodoxa Ucraniana (Patriarcado de Moscou) sobre a \u00abmarcha pela igualdade\u00bbem Kiev"}]},{"@type":"WebSite","@id":"https:\/\/news.ecclesia.org.br\/#website","url":"https:\/\/news.ecclesia.org.br\/","name":"Ecclesia Brasil","description":"Desde 2003 onectando o Brasil ao mundo ortodoxo!","publisher":{"@id":"https:\/\/news.ecclesia.org.br\/#organization"},"alternateName":"Ecclesia","potentialAction":[{"@type":"SearchAction","target":{"@type":"EntryPoint","urlTemplate":"https:\/\/news.ecclesia.org.br\/?s={search_term_string}"},"query-input":{"@type":"PropertyValueSpecification","valueRequired":true,"valueName":"search_term_string"}}],"inLanguage":"pt-BR"},{"@type":"Organization","@id":"https:\/\/news.ecclesia.org.br\/#organization","name":"Sacra Arquidiocese de Buenos Aires e Am\u00e9rica do Sul | Patriarcado Ecum\u00eanico","alternateName":"News Ecclesia Brasil","url":"https:\/\/news.ecclesia.org.br\/","logo":{"@type":"ImageObject","inLanguage":"pt-BR","@id":"https:\/\/news.ecclesia.org.br\/#\/schema\/logo\/image\/","url":"https:\/\/news.ecclesia.org.br\/wp-content\/uploads\/2025\/05\/ecclesia2.png","contentUrl":"https:\/\/news.ecclesia.org.br\/wp-content\/uploads\/2025\/05\/ecclesia2.png","width":480,"height":120,"caption":"Sacra Arquidiocese de Buenos Aires e Am\u00e9rica do Sul | Patriarcado Ecum\u00eanico"},"image":{"@id":"https:\/\/news.ecclesia.org.br\/#\/schema\/logo\/image\/"},"sameAs":["https:\/\/www.facebook.com\/Ecclesia2025","https:\/\/x.com\/EcclesiaNews","https:\/\/br.pinterest.com\/ekklisia\/","https:\/\/www.youtube.com\/@EcclesiaBrasil"]},{"@type":"Person","@id":"https:\/\/news.ecclesia.org.br\/#\/schema\/person\/6f09597f025829745ba414a569f63758","name":"Pe. Andr\u00e9","image":{"@type":"ImageObject","inLanguage":"pt-BR","@id":"https:\/\/secure.gravatar.com\/avatar\/b4327cfa27e9799da239a26adcd534fc29cdc0c4a4a148eecbcfeb9b42c617ac?s=96&d=mm&r=g","url":"https:\/\/secure.gravatar.com\/avatar\/b4327cfa27e9799da239a26adcd534fc29cdc0c4a4a148eecbcfeb9b42c617ac?s=96&d=mm&r=g","contentUrl":"https:\/\/secure.gravatar.com\/avatar\/b4327cfa27e9799da239a26adcd534fc29cdc0c4a4a148eecbcfeb9b42c617ac?s=96&d=mm&r=g","caption":"Pe. Andr\u00e9"},"sameAs":["https:\/\/www.ecclesia.org.br"]}]}},"_links":{"self":[{"href":"https:\/\/news.ecclesia.org.br\/index.php?rest_route=\/wp\/v2\/posts\/25298","targetHints":{"allow":["GET"]}}],"collection":[{"href":"https:\/\/news.ecclesia.org.br\/index.php?rest_route=\/wp\/v2\/posts"}],"about":[{"href":"https:\/\/news.ecclesia.org.br\/index.php?rest_route=\/wp\/v2\/types\/post"}],"author":[{"embeddable":true,"href":"https:\/\/news.ecclesia.org.br\/index.php?rest_route=\/wp\/v2\/users\/1"}],"replies":[{"embeddable":true,"href":"https:\/\/news.ecclesia.org.br\/index.php?rest_route=%2Fwp%2Fv2%2Fcomments&post=25298"}],"version-history":[{"count":0,"href":"https:\/\/news.ecclesia.org.br\/index.php?rest_route=\/wp\/v2\/posts\/25298\/revisions"}],"wp:featuredmedia":[{"embeddable":true,"href":"https:\/\/news.ecclesia.org.br\/index.php?rest_route=\/wp\/v2\/media\/25301"}],"wp:attachment":[{"href":"https:\/\/news.ecclesia.org.br\/index.php?rest_route=%2Fwp%2Fv2%2Fmedia&parent=25298"}],"wp:term":[{"taxonomy":"category","embeddable":true,"href":"https:\/\/news.ecclesia.org.br\/index.php?rest_route=%2Fwp%2Fv2%2Fcategories&post=25298"},{"taxonomy":"post_tag","embeddable":true,"href":"https:\/\/news.ecclesia.org.br\/index.php?rest_route=%2Fwp%2Fv2%2Ftags&post=25298"}],"curies":[{"name":"wp","href":"https:\/\/api.w.org\/{rel}","templated":true}]}}