{"id":25292,"date":"2018-06-13T14:39:34","date_gmt":"2018-06-13T17:39:34","guid":{"rendered":"https:\/\/news.ecclesia.org.br\/?p=25292"},"modified":"2023-09-16T07:06:14","modified_gmt":"2023-09-16T10:06:14","slug":"uma-delegacao-da-assembleia-interparlamentar-da-ortodoxia-e-recebida-pelo-santo-sinodo-da-igreja-da-grecia","status":"publish","type":"post","link":"https:\/\/news.ecclesia.org.br\/?p=25292","title":{"rendered":"Uma delega\u00e7\u00e3o da Assembleia Interparlamentar da Ortodoxia \u00e9 recebida pelo Santo S\u00ednodo da Igreja da Gr\u00e9cia"},"content":{"rendered":"<p style=\"text-align: justify;\"><a href=\"https:\/\/news.ecclesia.org.br\/wp-content\/uploads\/2018\/06\/saint-synode-grec.jpg\"><img fetchpriority=\"high\" decoding=\"async\" class=\"alignleft size-medium wp-image-25294\" src=\"https:\/\/news.ecclesia.org.br\/wp-content\/uploads\/2018\/06\/saint-synode-grec-300x200.jpg\" alt=\"\" width=\"300\" height=\"200\" srcset=\"https:\/\/news.ecclesia.org.br\/wp-content\/uploads\/2018\/06\/saint-synode-grec-300x200.jpg 300w, https:\/\/news.ecclesia.org.br\/wp-content\/uploads\/2018\/06\/saint-synode-grec-768x513.jpg 768w, https:\/\/news.ecclesia.org.br\/wp-content\/uploads\/2018\/06\/saint-synode-grec-1024x684.jpg 1024w, https:\/\/news.ecclesia.org.br\/wp-content\/uploads\/2018\/06\/saint-synode-grec-600x401.jpg 600w, https:\/\/news.ecclesia.org.br\/wp-content\/uploads\/2018\/06\/saint-synode-grec-82x55.jpg 82w, https:\/\/news.ecclesia.org.br\/wp-content\/uploads\/2018\/06\/saint-synode-grec-60x40.jpg 60w, https:\/\/news.ecclesia.org.br\/wp-content\/uploads\/2018\/06\/saint-synode-grec-120x80.jpg 120w, https:\/\/news.ecclesia.org.br\/wp-content\/uploads\/2018\/06\/saint-synode-grec.jpg 1068w\" sizes=\"(max-width: 300px) 100vw, 300px\" \/><\/a>Em 7 de junho \u00faltimo, uma delega\u00e7\u00e3o da Assembl\u00e9ia Interparlamentar de Ortodoxia (IAO) reuniu-se com o Santo S\u00ednodo Permanente da Igreja da Gr\u00e9cia, em Atenas. O encontro aconteceu na sede do Santo S\u00ednodo durante a assembleia mensal regular, presidida pelo arcebispo Jer\u00f4nimo de Atenas. Por sua vez, a delega\u00e7\u00e3o do IAO estava presidida pelo seu Secret\u00e1rio-Geral, Dr. Andreas Michallidis e constitu\u00eda-se de Sergei Gavrilov, membro da Duma e presidente da delega\u00e7\u00e3o parlamentar da R\u00fassia para a CAE, membros da delega\u00e7\u00e3o parlamentar grega e assessores da IAO. O Santo S\u00ednodo foi informado sobre a atividade do IAO desde o 25\u00ba anivers\u00e1rio de sua exist\u00eancia. Seguiram-se trocas de pontos de vista, depois o Arcebispo Jer\u00f4nimo de Atenas anunciou que uma carta de felicita\u00e7\u00f5es seria redigida e enviada ao IAO &#8220;pois que a Assembleia Interparlamentar de Ortodoxia (IAO) \u00e9 a \u00fanica entidade interparlamentar que contribui para o reconhecimento e a promo\u00e7\u00e3o dos princ\u00edpios crist\u00e3os nos dom\u00ednios da pol\u00edtica e da vida parlamentar, l\u00e1 onde as leis e os decretos s\u00e3o escritos, e para a preserva\u00e7\u00e3o e a transmiss\u00e3o dos princ\u00edpios da identidade cultural e da personalidade dos crist\u00e3os ortodoxos&#8221;.<\/p>\n<hr \/>\n<p style=\"text-align: right;\">Fonte: <a href=\"https:\/\/orthodoxie.com\/une-delegation-de-lassemblee-interparlementaire-de-lorthodoxie-est-recue-par-le-saint-synode-de-leglise-de-grece\/\" target=\"_blank\" rel=\"noopener\">Orthodoxie.com<\/a><\/p>\n","protected":false},"excerpt":{"rendered":"<p>Em 7 de junho \u00faltimo, uma delega\u00e7\u00e3o da Assembl\u00e9ia Interparlamentar de Ortodoxia (IAO) reuniu-se com o Santo S\u00ednodo Permanente da Igreja da Gr\u00e9cia, em Atenas. O encontro aconteceu na sede do Santo S\u00ednodo durante a assembleia mensal regular, presidida pelo&#8230;<\/p>\n","protected":false},"author":1,"featured_media":25294,"comment_status":"open","ping_status":"open","sticky":false,"template":"","format":"standard","meta":{"_acf_changed":false,"footnotes":""},"categories":[2743,1],"tags":[],"class_list":["post-25292","post","type-post","status-publish","format-standard","has-post-thumbnail","hentry","category-grecia","category-news","entry","rows-excerpt"],"acf":[],"yoast_head":"<!-- This site is optimized with the Yoast SEO plugin v27.4 - https:\/\/yoast.com\/product\/yoast-seo-wordpress\/ -->\n<title>Uma delega\u00e7\u00e3o da Assembleia Interparlamentar da Ortodoxia \u00e9 recebida pelo Santo S\u00ednodo da Igreja da Gr\u00e9cia | ECCLESIA NEWS<\/title>\n<meta name=\"robots\" content=\"index, follow, max-snippet:-1, max-image-preview:large, max-video-preview:-1\" \/>\n<link rel=\"canonical\" href=\"https:\/\/news.ecclesia.org.br\/?p=25292\" \/>\n<meta property=\"og:locale\" content=\"pt_BR\" \/>\n<meta property=\"og:type\" content=\"article\" \/>\n<meta property=\"og:title\" content=\"Uma delega\u00e7\u00e3o da Assembleia Interparlamentar da Ortodoxia \u00e9 recebida pelo Santo S\u00ednodo da Igreja da Gr\u00e9cia | ECCLESIA NEWS\" \/>\n<meta property=\"og:description\" content=\"Em 7 de junho \u00faltimo, uma delega\u00e7\u00e3o da Assembl\u00e9ia Interparlamentar de Ortodoxia (IAO) reuniu-se com o Santo S\u00ednodo Permanente da Igreja da Gr\u00e9cia, em Atenas. O encontro aconteceu na sede do Santo S\u00ednodo durante a assembleia mensal regular, presidida pelo&#8230;\" \/>\n<meta property=\"og:url\" content=\"https:\/\/news.ecclesia.org.br\/?p=25292\" \/>\n<meta property=\"og:site_name\" content=\"ECCLESIA NEWS\" \/>\n<meta property=\"article:publisher\" content=\"https:\/\/www.facebook.com\/Ecclesia2025\" \/>\n<meta property=\"article:published_time\" content=\"2018-06-13T17:39:34+00:00\" \/>\n<meta property=\"article:modified_time\" content=\"2023-09-16T10:06:14+00:00\" \/>\n<meta property=\"og:image\" content=\"https:\/\/news.ecclesia.org.br\/wp-content\/uploads\/2018\/06\/saint-synode-grec.jpg\" \/>\n\t<meta property=\"og:image:width\" content=\"1068\" \/>\n\t<meta property=\"og:image:height\" content=\"713\" \/>\n\t<meta property=\"og:image:type\" content=\"image\/jpeg\" \/>\n<meta name=\"author\" content=\"Pe. Andr\u00e9\" \/>\n<meta name=\"twitter:card\" content=\"summary_large_image\" \/>\n<meta name=\"twitter:creator\" content=\"@EcclesiaNews\" \/>\n<meta name=\"twitter:site\" content=\"@EcclesiaNews\" \/>\n<meta name=\"twitter:label1\" content=\"Escrito por\" \/>\n\t<meta name=\"twitter:data1\" content=\"Pe. Andr\u00e9\" \/>\n\t<meta name=\"twitter:label2\" content=\"Est. tempo de leitura\" \/>\n\t<meta name=\"twitter:data2\" content=\"1 minuto\" \/>\n<script type=\"application\/ld+json\" class=\"yoast-schema-graph\">{\"@context\":\"https:\\\/\\\/schema.org\",\"@graph\":[{\"@type\":\"Article\",\"@id\":\"https:\\\/\\\/news.ecclesia.org.br\\\/?p=25292#article\",\"isPartOf\":{\"@id\":\"https:\\\/\\\/news.ecclesia.org.br\\\/?p=25292\"},\"author\":{\"name\":\"Pe. Andr\u00e9\",\"@id\":\"https:\\\/\\\/news.ecclesia.org.br\\\/#\\\/schema\\\/person\\\/6f09597f025829745ba414a569f63758\"},\"headline\":\"Uma delega\u00e7\u00e3o da Assembleia Interparlamentar da Ortodoxia \u00e9 recebida pelo Santo S\u00ednodo da Igreja da Gr\u00e9cia\",\"datePublished\":\"2018-06-13T17:39:34+00:00\",\"dateModified\":\"2023-09-16T10:06:14+00:00\",\"mainEntityOfPage\":{\"@id\":\"https:\\\/\\\/news.ecclesia.org.br\\\/?p=25292\"},\"wordCount\":231,\"commentCount\":0,\"publisher\":{\"@id\":\"https:\\\/\\\/news.ecclesia.org.br\\\/#organization\"},\"image\":{\"@id\":\"https:\\\/\\\/news.ecclesia.org.br\\\/?p=25292#primaryimage\"},\"thumbnailUrl\":\"https:\\\/\\\/news.ecclesia.org.br\\\/wp-content\\\/uploads\\\/2018\\\/06\\\/saint-synode-grec.jpg\",\"articleSection\":[\"Igreja da Gr\u00e9cia\",\"NEWS\"],\"inLanguage\":\"pt-BR\",\"potentialAction\":[{\"@type\":\"CommentAction\",\"name\":\"Comment\",\"target\":[\"https:\\\/\\\/news.ecclesia.org.br\\\/?p=25292#respond\"]}]},{\"@type\":\"WebPage\",\"@id\":\"https:\\\/\\\/news.ecclesia.org.br\\\/?p=25292\",\"url\":\"https:\\\/\\\/news.ecclesia.org.br\\\/?p=25292\",\"name\":\"Uma delega\u00e7\u00e3o da Assembleia Interparlamentar da Ortodoxia \u00e9 recebida pelo Santo S\u00ednodo da Igreja da Gr\u00e9cia | ECCLESIA NEWS\",\"isPartOf\":{\"@id\":\"https:\\\/\\\/news.ecclesia.org.br\\\/#website\"},\"primaryImageOfPage\":{\"@id\":\"https:\\\/\\\/news.ecclesia.org.br\\\/?p=25292#primaryimage\"},\"image\":{\"@id\":\"https:\\\/\\\/news.ecclesia.org.br\\\/?p=25292#primaryimage\"},\"thumbnailUrl\":\"https:\\\/\\\/news.ecclesia.org.br\\\/wp-content\\\/uploads\\\/2018\\\/06\\\/saint-synode-grec.jpg\",\"datePublished\":\"2018-06-13T17:39:34+00:00\",\"dateModified\":\"2023-09-16T10:06:14+00:00\",\"breadcrumb\":{\"@id\":\"https:\\\/\\\/news.ecclesia.org.br\\\/?p=25292#breadcrumb\"},\"inLanguage\":\"pt-BR\",\"potentialAction\":[{\"@type\":\"ReadAction\",\"target\":[\"https:\\\/\\\/news.ecclesia.org.br\\\/?p=25292\"]}]},{\"@type\":\"ImageObject\",\"inLanguage\":\"pt-BR\",\"@id\":\"https:\\\/\\\/news.ecclesia.org.br\\\/?p=25292#primaryimage\",\"url\":\"https:\\\/\\\/news.ecclesia.org.br\\\/wp-content\\\/uploads\\\/2018\\\/06\\\/saint-synode-grec.jpg\",\"contentUrl\":\"https:\\\/\\\/news.ecclesia.org.br\\\/wp-content\\\/uploads\\\/2018\\\/06\\\/saint-synode-grec.jpg\",\"width\":1068,\"height\":713},{\"@type\":\"BreadcrumbList\",\"@id\":\"https:\\\/\\\/news.ecclesia.org.br\\\/?p=25292#breadcrumb\",\"itemListElement\":[{\"@type\":\"ListItem\",\"position\":1,\"name\":\"In\u00edcio\",\"item\":\"https:\\\/\\\/news.ecclesia.org.br\\\/\"},{\"@type\":\"ListItem\",\"position\":2,\"name\":\"Uma delega\u00e7\u00e3o da Assembleia Interparlamentar da Ortodoxia \u00e9 recebida pelo Santo S\u00ednodo da Igreja da Gr\u00e9cia\"}]},{\"@type\":\"WebSite\",\"@id\":\"https:\\\/\\\/news.ecclesia.org.br\\\/#website\",\"url\":\"https:\\\/\\\/news.ecclesia.org.br\\\/\",\"name\":\"Ecclesia Brasil\",\"description\":\"Desde 2003 onectando o Brasil ao mundo ortodoxo!\",\"publisher\":{\"@id\":\"https:\\\/\\\/news.ecclesia.org.br\\\/#organization\"},\"alternateName\":\"Ecclesia\",\"potentialAction\":[{\"@type\":\"SearchAction\",\"target\":{\"@type\":\"EntryPoint\",\"urlTemplate\":\"https:\\\/\\\/news.ecclesia.org.br\\\/?s={search_term_string}\"},\"query-input\":{\"@type\":\"PropertyValueSpecification\",\"valueRequired\":true,\"valueName\":\"search_term_string\"}}],\"inLanguage\":\"pt-BR\"},{\"@type\":\"Organization\",\"@id\":\"https:\\\/\\\/news.ecclesia.org.br\\\/#organization\",\"name\":\"Sacra Arquidiocese de Buenos Aires e Am\u00e9rica do Sul | Patriarcado Ecum\u00eanico\",\"alternateName\":\"News Ecclesia Brasil\",\"url\":\"https:\\\/\\\/news.ecclesia.org.br\\\/\",\"logo\":{\"@type\":\"ImageObject\",\"inLanguage\":\"pt-BR\",\"@id\":\"https:\\\/\\\/news.ecclesia.org.br\\\/#\\\/schema\\\/logo\\\/image\\\/\",\"url\":\"https:\\\/\\\/news.ecclesia.org.br\\\/wp-content\\\/uploads\\\/2025\\\/05\\\/ecclesia2.png\",\"contentUrl\":\"https:\\\/\\\/news.ecclesia.org.br\\\/wp-content\\\/uploads\\\/2025\\\/05\\\/ecclesia2.png\",\"width\":480,\"height\":120,\"caption\":\"Sacra Arquidiocese de Buenos Aires e Am\u00e9rica do Sul | Patriarcado Ecum\u00eanico\"},\"image\":{\"@id\":\"https:\\\/\\\/news.ecclesia.org.br\\\/#\\\/schema\\\/logo\\\/image\\\/\"},\"sameAs\":[\"https:\\\/\\\/www.facebook.com\\\/Ecclesia2025\",\"https:\\\/\\\/x.com\\\/EcclesiaNews\",\"https:\\\/\\\/br.pinterest.com\\\/ekklisia\\\/\",\"https:\\\/\\\/www.youtube.com\\\/@EcclesiaBrasil\"]},{\"@type\":\"Person\",\"@id\":\"https:\\\/\\\/news.ecclesia.org.br\\\/#\\\/schema\\\/person\\\/6f09597f025829745ba414a569f63758\",\"name\":\"Pe. Andr\u00e9\",\"image\":{\"@type\":\"ImageObject\",\"inLanguage\":\"pt-BR\",\"@id\":\"https:\\\/\\\/secure.gravatar.com\\\/avatar\\\/b4327cfa27e9799da239a26adcd534fc29cdc0c4a4a148eecbcfeb9b42c617ac?s=96&d=mm&r=g\",\"url\":\"https:\\\/\\\/secure.gravatar.com\\\/avatar\\\/b4327cfa27e9799da239a26adcd534fc29cdc0c4a4a148eecbcfeb9b42c617ac?s=96&d=mm&r=g\",\"contentUrl\":\"https:\\\/\\\/secure.gravatar.com\\\/avatar\\\/b4327cfa27e9799da239a26adcd534fc29cdc0c4a4a148eecbcfeb9b42c617ac?s=96&d=mm&r=g\",\"caption\":\"Pe. Andr\u00e9\"},\"sameAs\":[\"https:\\\/\\\/www.ecclesia.org.br\"]}]}<\/script>\n<!-- \/ Yoast SEO plugin. -->","yoast_head_json":{"title":"Uma delega\u00e7\u00e3o da Assembleia Interparlamentar da Ortodoxia \u00e9 recebida pelo Santo S\u00ednodo da Igreja da Gr\u00e9cia | ECCLESIA NEWS","robots":{"index":"index","follow":"follow","max-snippet":"max-snippet:-1","max-image-preview":"max-image-preview:large","max-video-preview":"max-video-preview:-1"},"canonical":"https:\/\/news.ecclesia.org.br\/?p=25292","og_locale":"pt_BR","og_type":"article","og_title":"Uma delega\u00e7\u00e3o da Assembleia Interparlamentar da Ortodoxia \u00e9 recebida pelo Santo S\u00ednodo da Igreja da Gr\u00e9cia | ECCLESIA NEWS","og_description":"Em 7 de junho \u00faltimo, uma delega\u00e7\u00e3o da Assembl\u00e9ia Interparlamentar de Ortodoxia (IAO) reuniu-se com o Santo S\u00ednodo Permanente da Igreja da Gr\u00e9cia, em Atenas. O encontro aconteceu na sede do Santo S\u00ednodo durante a assembleia mensal regular, presidida pelo&#8230;","og_url":"https:\/\/news.ecclesia.org.br\/?p=25292","og_site_name":"ECCLESIA NEWS","article_publisher":"https:\/\/www.facebook.com\/Ecclesia2025","article_published_time":"2018-06-13T17:39:34+00:00","article_modified_time":"2023-09-16T10:06:14+00:00","og_image":[{"width":1068,"height":713,"url":"https:\/\/news.ecclesia.org.br\/wp-content\/uploads\/2018\/06\/saint-synode-grec.jpg","type":"image\/jpeg"}],"author":"Pe. Andr\u00e9","twitter_card":"summary_large_image","twitter_creator":"@EcclesiaNews","twitter_site":"@EcclesiaNews","twitter_misc":{"Escrito por":"Pe. Andr\u00e9","Est. tempo de leitura":"1 minuto"},"schema":{"@context":"https:\/\/schema.org","@graph":[{"@type":"Article","@id":"https:\/\/news.ecclesia.org.br\/?p=25292#article","isPartOf":{"@id":"https:\/\/news.ecclesia.org.br\/?p=25292"},"author":{"name":"Pe. Andr\u00e9","@id":"https:\/\/news.ecclesia.org.br\/#\/schema\/person\/6f09597f025829745ba414a569f63758"},"headline":"Uma delega\u00e7\u00e3o da Assembleia Interparlamentar da Ortodoxia \u00e9 recebida pelo Santo S\u00ednodo da Igreja da Gr\u00e9cia","datePublished":"2018-06-13T17:39:34+00:00","dateModified":"2023-09-16T10:06:14+00:00","mainEntityOfPage":{"@id":"https:\/\/news.ecclesia.org.br\/?p=25292"},"wordCount":231,"commentCount":0,"publisher":{"@id":"https:\/\/news.ecclesia.org.br\/#organization"},"image":{"@id":"https:\/\/news.ecclesia.org.br\/?p=25292#primaryimage"},"thumbnailUrl":"https:\/\/news.ecclesia.org.br\/wp-content\/uploads\/2018\/06\/saint-synode-grec.jpg","articleSection":["Igreja da Gr\u00e9cia","NEWS"],"inLanguage":"pt-BR","potentialAction":[{"@type":"CommentAction","name":"Comment","target":["https:\/\/news.ecclesia.org.br\/?p=25292#respond"]}]},{"@type":"WebPage","@id":"https:\/\/news.ecclesia.org.br\/?p=25292","url":"https:\/\/news.ecclesia.org.br\/?p=25292","name":"Uma delega\u00e7\u00e3o da Assembleia Interparlamentar da Ortodoxia \u00e9 recebida pelo Santo S\u00ednodo da Igreja da Gr\u00e9cia | ECCLESIA NEWS","isPartOf":{"@id":"https:\/\/news.ecclesia.org.br\/#website"},"primaryImageOfPage":{"@id":"https:\/\/news.ecclesia.org.br\/?p=25292#primaryimage"},"image":{"@id":"https:\/\/news.ecclesia.org.br\/?p=25292#primaryimage"},"thumbnailUrl":"https:\/\/news.ecclesia.org.br\/wp-content\/uploads\/2018\/06\/saint-synode-grec.jpg","datePublished":"2018-06-13T17:39:34+00:00","dateModified":"2023-09-16T10:06:14+00:00","breadcrumb":{"@id":"https:\/\/news.ecclesia.org.br\/?p=25292#breadcrumb"},"inLanguage":"pt-BR","potentialAction":[{"@type":"ReadAction","target":["https:\/\/news.ecclesia.org.br\/?p=25292"]}]},{"@type":"ImageObject","inLanguage":"pt-BR","@id":"https:\/\/news.ecclesia.org.br\/?p=25292#primaryimage","url":"https:\/\/news.ecclesia.org.br\/wp-content\/uploads\/2018\/06\/saint-synode-grec.jpg","contentUrl":"https:\/\/news.ecclesia.org.br\/wp-content\/uploads\/2018\/06\/saint-synode-grec.jpg","width":1068,"height":713},{"@type":"BreadcrumbList","@id":"https:\/\/news.ecclesia.org.br\/?p=25292#breadcrumb","itemListElement":[{"@type":"ListItem","position":1,"name":"In\u00edcio","item":"https:\/\/news.ecclesia.org.br\/"},{"@type":"ListItem","position":2,"name":"Uma delega\u00e7\u00e3o da Assembleia Interparlamentar da Ortodoxia \u00e9 recebida pelo Santo S\u00ednodo da Igreja da Gr\u00e9cia"}]},{"@type":"WebSite","@id":"https:\/\/news.ecclesia.org.br\/#website","url":"https:\/\/news.ecclesia.org.br\/","name":"Ecclesia Brasil","description":"Desde 2003 onectando o Brasil ao mundo ortodoxo!","publisher":{"@id":"https:\/\/news.ecclesia.org.br\/#organization"},"alternateName":"Ecclesia","potentialAction":[{"@type":"SearchAction","target":{"@type":"EntryPoint","urlTemplate":"https:\/\/news.ecclesia.org.br\/?s={search_term_string}"},"query-input":{"@type":"PropertyValueSpecification","valueRequired":true,"valueName":"search_term_string"}}],"inLanguage":"pt-BR"},{"@type":"Organization","@id":"https:\/\/news.ecclesia.org.br\/#organization","name":"Sacra Arquidiocese de Buenos Aires e Am\u00e9rica do Sul | Patriarcado Ecum\u00eanico","alternateName":"News Ecclesia Brasil","url":"https:\/\/news.ecclesia.org.br\/","logo":{"@type":"ImageObject","inLanguage":"pt-BR","@id":"https:\/\/news.ecclesia.org.br\/#\/schema\/logo\/image\/","url":"https:\/\/news.ecclesia.org.br\/wp-content\/uploads\/2025\/05\/ecclesia2.png","contentUrl":"https:\/\/news.ecclesia.org.br\/wp-content\/uploads\/2025\/05\/ecclesia2.png","width":480,"height":120,"caption":"Sacra Arquidiocese de Buenos Aires e Am\u00e9rica do Sul | Patriarcado Ecum\u00eanico"},"image":{"@id":"https:\/\/news.ecclesia.org.br\/#\/schema\/logo\/image\/"},"sameAs":["https:\/\/www.facebook.com\/Ecclesia2025","https:\/\/x.com\/EcclesiaNews","https:\/\/br.pinterest.com\/ekklisia\/","https:\/\/www.youtube.com\/@EcclesiaBrasil"]},{"@type":"Person","@id":"https:\/\/news.ecclesia.org.br\/#\/schema\/person\/6f09597f025829745ba414a569f63758","name":"Pe. Andr\u00e9","image":{"@type":"ImageObject","inLanguage":"pt-BR","@id":"https:\/\/secure.gravatar.com\/avatar\/b4327cfa27e9799da239a26adcd534fc29cdc0c4a4a148eecbcfeb9b42c617ac?s=96&d=mm&r=g","url":"https:\/\/secure.gravatar.com\/avatar\/b4327cfa27e9799da239a26adcd534fc29cdc0c4a4a148eecbcfeb9b42c617ac?s=96&d=mm&r=g","contentUrl":"https:\/\/secure.gravatar.com\/avatar\/b4327cfa27e9799da239a26adcd534fc29cdc0c4a4a148eecbcfeb9b42c617ac?s=96&d=mm&r=g","caption":"Pe. Andr\u00e9"},"sameAs":["https:\/\/www.ecclesia.org.br"]}]}},"_links":{"self":[{"href":"https:\/\/news.ecclesia.org.br\/index.php?rest_route=\/wp\/v2\/posts\/25292","targetHints":{"allow":["GET"]}}],"collection":[{"href":"https:\/\/news.ecclesia.org.br\/index.php?rest_route=\/wp\/v2\/posts"}],"about":[{"href":"https:\/\/news.ecclesia.org.br\/index.php?rest_route=\/wp\/v2\/types\/post"}],"author":[{"embeddable":true,"href":"https:\/\/news.ecclesia.org.br\/index.php?rest_route=\/wp\/v2\/users\/1"}],"replies":[{"embeddable":true,"href":"https:\/\/news.ecclesia.org.br\/index.php?rest_route=%2Fwp%2Fv2%2Fcomments&post=25292"}],"version-history":[{"count":1,"href":"https:\/\/news.ecclesia.org.br\/index.php?rest_route=\/wp\/v2\/posts\/25292\/revisions"}],"predecessor-version":[{"id":46055,"href":"https:\/\/news.ecclesia.org.br\/index.php?rest_route=\/wp\/v2\/posts\/25292\/revisions\/46055"}],"wp:featuredmedia":[{"embeddable":true,"href":"https:\/\/news.ecclesia.org.br\/index.php?rest_route=\/wp\/v2\/media\/25294"}],"wp:attachment":[{"href":"https:\/\/news.ecclesia.org.br\/index.php?rest_route=%2Fwp%2Fv2%2Fmedia&parent=25292"}],"wp:term":[{"taxonomy":"category","embeddable":true,"href":"https:\/\/news.ecclesia.org.br\/index.php?rest_route=%2Fwp%2Fv2%2Fcategories&post=25292"},{"taxonomy":"post_tag","embeddable":true,"href":"https:\/\/news.ecclesia.org.br\/index.php?rest_route=%2Fwp%2Fv2%2Ftags&post=25292"}],"curies":[{"name":"wp","href":"https:\/\/api.w.org\/{rel}","templated":true}]}}