{"id":25271,"date":"2018-06-11T13:29:34","date_gmt":"2018-06-11T13:29:34","guid":{"rendered":"https:\/\/news.ecclesia.org.br\/?p=25271"},"modified":"2018-06-11T13:39:45","modified_gmt":"2018-06-11T13:39:45","slug":"arquimandrita-abba-mina-dobzeu-repousa-no-senhor","status":"publish","type":"post","link":"https:\/\/news.ecclesia.org.br\/?p=25271","title":{"rendered":"Arquimandrita (Abba) Mina Dobzeu repousa no Senhor"},"content":{"rendered":"<p style=\"text-align: center;\"><div id=\"galleria-25271\"><a href=\"https:\/\/news.ecclesia.org.br\/wp-content\/uploads\/2018\/06\/anci\u00e3o-mina-1024x683.jpg\"><img decoding=\"async\" title=\"anci\u00e3o-mina\" alt=\"\" src=\"https:\/\/news.ecclesia.org.br\/wp-content\/uploads\/2018\/06\/anci\u00e3o-mina-83x55.jpg\" data-big=\"https:\/\/news.ecclesia.org.br\/wp-content\/uploads\/2018\/06\/anci\u00e3o-mina-1024x683.jpg\"><\/a><a href=\"https:\/\/news.ecclesia.org.br\/wp-content\/uploads\/2018\/06\/Arhim.-Mina-Dobzeu.x71918.jpg\"><img decoding=\"async\" title=\"Arhim.-Mina-Dobzeu.x71918\" alt=\"\" src=\"https:\/\/news.ecclesia.org.br\/wp-content\/uploads\/2018\/06\/Arhim.-Mina-Dobzeu.x71918-94x55.jpg\" data-big=\"https:\/\/news.ecclesia.org.br\/wp-content\/uploads\/2018\/06\/Arhim.-Mina-Dobzeu.x71918.jpg\"><\/a><\/div><\/p>\n<p style=\"text-align: justify;\">A diocese de Hu\u0219i anunciou o adormecimento no Senhor do arquimandrita Mina Dobzeu. Anci\u00e3o Mina foi um fiel confessor da f\u00e9 sob o regime comunista e o padre que batizou o famoso escritor judeu romeno Nicolae Steinhardt, convertido ao cristianismo na pris\u00e3o e que mais tarde se tornou monge.\u00a0Padre Mina adormeceu na \u00faltima quinta-feira, 7 de junho \u00e0s 14h15 em sua cela no Monast\u00e9rio dos Santos Ap\u00f3stolos Pedro e Paulo, em Hu\u015fi, informa o site da diocese.<\/p>\n<p style=\"text-align: justify;\">Pe. Mina Dobzeu nasceu em 5 de novembro de 1921 na aldeia de Groze\u0219ti, no condado de L\u0103pu\u0219na, na Bessar\u00e1bia, no Reino da Rom\u00eania (atual Rep\u00fablica da Mold\u00e1via).\u00a0Tornou-se novi\u00e7o no Monast\u00e9rio de H\u00e2ncu aos 13 anos; em 1948, foi tonsurado monge na Skete Br\u0103dice\u015fti e ordenado ao diaconado no final daquele mesmo ano. Em 1955 ele foi ordenado hieromonge. Em 1948-1949, foi preso por onze meses por protestar contra a retirada da educa\u00e7\u00e3o religiosa das escolas p\u00fablicas. Em 1959 foi demitido da Faculdade de Teologia Ortodoxa de Bucareste, banido\u00a0 de seu Monast\u00e9rio e condenado \u00e0 pris\u00e3o por sua atitude contr\u00e1ria ao Decreto 410\/1959 relativo \u00e0 supress\u00e3o dos Monast\u00e9rios e redu\u00e7\u00e3o da popula\u00e7\u00e3o mon\u00e1stica. Foi preso em Gala\u0163i, Jilava, Gherla e na col\u00f4nia Delta do Dan\u00fabio. Na pris\u00e3o Jilava, em 15 de mar\u00e7o de 1960, Padre Mina Dobzeu batizou na Igreja Ortodoxa o c\u00e9lebre erudito Nicolae Steinhardt, que mais tarde se tornaria o monge Nicolae (Delarohia ou Rohia), autor do famoso &#8220;Di\u00e1rio da Felicidade&#8221;.\u00a0\u00a0Nas pris\u00f5es comunistas, Padre Mina continuou a pregar a f\u00e9 ortodoxa sem se preocupar com os riscos, ensinando suas ora\u00e7\u00f5es aos colegas de cela. Isso muitas vezes lhe causou duras conseq\u00fc\u00eancias: \u2014 &#8220;Eu n\u00e3o estava com medo. Eu n\u00e3o desisti!&#8221; (Pe. Mina Dobzeu).<\/p>\n<blockquote>\n<p style=\"text-align: justify;\">Fui punido e preso em uma pris\u00e3o chamada Black Cell. Eu fiquei l\u00e1 por uma semana, em isolamento. N\u00e3o havia cadeira, havia muita umidade, \u00e1gua no ch\u00e3o, o ch\u00e3o era de cimento, e \u00e9 por isso que ficava acordado e de p\u00e9 o dia todo. Eles me davam comida uma vez por dia \u00e0s nove horas da noite, ap\u00f3s o que me traziam uma cama e \u00e0s cinco da manh\u00e3 eles a retiravam.<\/p>\n<\/blockquote>\n<p style=\"text-align: justify;\">Ele deixou a pris\u00e3o em 1964. Em 1969 ele foi chamado para servir a Igreja no Monast\u00e9rio dos Santos Ap\u00f3stolos Pedro e Paulo, em Hu\u015fi, onde foi abade entre 1978 e 1988. Em 1988, foi novamente detido por 8 meses por &#8220;rebeli\u00e3o e conspira\u00e7\u00e3o contra a seguran\u00e7a do Estado&#8221;, nomeadamente, por ter enviado sete cartas para Nicolae Ceausescu sobre sobre a moralidade do povo romeno e o ate\u00edsmo trazidos pelo comunismo.\u00a0 Ap\u00f3s o restabelecimento da diocese de Husi em 1996, foi nomeado consultor cultural e mission\u00e1rio. Em 2017, o Metropolita Te\u00f3fanes da Mold\u00e1via e Bucovina premiou o Padre Mina com a Cruz da Mold\u00e1via, a mais alta distin\u00e7\u00e3o da metr\u00f3pole da Mold\u00e1via e Bucovina.<\/p>\n<hr \/>\n<p style=\"text-align: right;\">Fonte: com informa\u00e7\u00f5es do Arquivo <a href=\"http:\/\/basilica.ro\/en\/archimandrite-mina-dobzeu-reposes-in-the-lord\/\" target=\"_blank\" rel=\"noopener\">Basilica.ro<\/a>\u00a0e <a href=\"https:\/\/orthodoxie.com\/\" target=\"_blank\" rel=\"noopener\">Orthodoxie.com<\/a><\/p>\n<p>&nbsp;<\/p>\n","protected":false},"excerpt":{"rendered":"<p>A diocese de Hu\u0219i anunciou o adormecimento no Senhor do arquimandrita Mina Dobzeu. Anci\u00e3o Mina foi um fiel confessor da f\u00e9 sob o regime comunista e o padre que batizou o famoso escritor judeu romeno Nicolae Steinhardt, convertido ao cristianismo&#8230;<\/p>\n","protected":false},"author":1,"featured_media":25275,"comment_status":"open","ping_status":"open","sticky":false,"template":"","format":"standard","meta":{"_acf_changed":false,"footnotes":""},"categories":[3,1],"tags":[],"class_list":["post-25271","post","type-post","status-publish","format-standard","has-post-thumbnail","hentry","category-mundo","category-news","entry","rows-excerpt"],"acf":[],"yoast_head":"<!-- This site is optimized with the Yoast SEO plugin v27.4 - https:\/\/yoast.com\/product\/yoast-seo-wordpress\/ -->\n<title>Arquimandrita (Abba) Mina Dobzeu repousa no Senhor | ECCLESIA NEWS<\/title>\n<meta name=\"robots\" content=\"index, follow, max-snippet:-1, max-image-preview:large, max-video-preview:-1\" \/>\n<link rel=\"canonical\" href=\"https:\/\/news.ecclesia.org.br\/?p=25271\" \/>\n<meta property=\"og:locale\" content=\"pt_BR\" \/>\n<meta property=\"og:type\" content=\"article\" \/>\n<meta property=\"og:title\" content=\"Arquimandrita (Abba) Mina Dobzeu repousa no Senhor | ECCLESIA NEWS\" \/>\n<meta property=\"og:description\" content=\"A diocese de Hu\u0219i anunciou o adormecimento no Senhor do arquimandrita Mina Dobzeu. Anci\u00e3o Mina foi um fiel confessor da f\u00e9 sob o regime comunista e o padre que batizou o famoso escritor judeu romeno Nicolae Steinhardt, convertido ao cristianismo&#8230;\" \/>\n<meta property=\"og:url\" content=\"https:\/\/news.ecclesia.org.br\/?p=25271\" \/>\n<meta property=\"og:site_name\" content=\"ECCLESIA NEWS\" \/>\n<meta property=\"article:publisher\" content=\"https:\/\/www.facebook.com\/Ecclesia2025\" \/>\n<meta property=\"article:published_time\" content=\"2018-06-11T13:29:34+00:00\" \/>\n<meta property=\"article:modified_time\" content=\"2018-06-11T13:39:45+00:00\" \/>\n<meta property=\"og:image\" content=\"https:\/\/news.ecclesia.org.br\/wp-content\/uploads\/2018\/06\/Arhim.-Mina-Dobzeu.x71918.jpg\" \/>\n\t<meta property=\"og:image:width\" content=\"907\" \/>\n\t<meta property=\"og:image:height\" content=\"532\" \/>\n\t<meta property=\"og:image:type\" content=\"image\/jpeg\" \/>\n<meta name=\"author\" content=\"Pe. Andr\u00e9\" \/>\n<meta name=\"twitter:card\" content=\"summary_large_image\" \/>\n<meta name=\"twitter:creator\" content=\"@EcclesiaNews\" \/>\n<meta name=\"twitter:site\" content=\"@EcclesiaNews\" \/>\n<meta name=\"twitter:label1\" content=\"Escrito por\" \/>\n\t<meta name=\"twitter:data1\" content=\"Pe. Andr\u00e9\" \/>\n\t<meta name=\"twitter:label2\" content=\"Est. tempo de leitura\" \/>\n\t<meta name=\"twitter:data2\" content=\"3 minutos\" \/>\n<script type=\"application\/ld+json\" class=\"yoast-schema-graph\">{\"@context\":\"https:\\\/\\\/schema.org\",\"@graph\":[{\"@type\":\"Article\",\"@id\":\"https:\\\/\\\/news.ecclesia.org.br\\\/?p=25271#article\",\"isPartOf\":{\"@id\":\"https:\\\/\\\/news.ecclesia.org.br\\\/?p=25271\"},\"author\":{\"name\":\"Pe. Andr\u00e9\",\"@id\":\"https:\\\/\\\/news.ecclesia.org.br\\\/#\\\/schema\\\/person\\\/6f09597f025829745ba414a569f63758\"},\"headline\":\"Arquimandrita (Abba) Mina Dobzeu repousa no Senhor\",\"datePublished\":\"2018-06-11T13:29:34+00:00\",\"dateModified\":\"2018-06-11T13:39:45+00:00\",\"mainEntityOfPage\":{\"@id\":\"https:\\\/\\\/news.ecclesia.org.br\\\/?p=25271\"},\"wordCount\":535,\"commentCount\":0,\"publisher\":{\"@id\":\"https:\\\/\\\/news.ecclesia.org.br\\\/#organization\"},\"image\":{\"@id\":\"https:\\\/\\\/news.ecclesia.org.br\\\/?p=25271#primaryimage\"},\"thumbnailUrl\":\"https:\\\/\\\/news.ecclesia.org.br\\\/wp-content\\\/uploads\\\/2018\\\/06\\\/Arhim.-Mina-Dobzeu.x71918.jpg\",\"articleSection\":[\"Mundo Ortodoxo\",\"NEWS\"],\"inLanguage\":\"pt-BR\",\"potentialAction\":[{\"@type\":\"CommentAction\",\"name\":\"Comment\",\"target\":[\"https:\\\/\\\/news.ecclesia.org.br\\\/?p=25271#respond\"]}]},{\"@type\":\"WebPage\",\"@id\":\"https:\\\/\\\/news.ecclesia.org.br\\\/?p=25271\",\"url\":\"https:\\\/\\\/news.ecclesia.org.br\\\/?p=25271\",\"name\":\"Arquimandrita (Abba) Mina Dobzeu repousa no Senhor | ECCLESIA NEWS\",\"isPartOf\":{\"@id\":\"https:\\\/\\\/news.ecclesia.org.br\\\/#website\"},\"primaryImageOfPage\":{\"@id\":\"https:\\\/\\\/news.ecclesia.org.br\\\/?p=25271#primaryimage\"},\"image\":{\"@id\":\"https:\\\/\\\/news.ecclesia.org.br\\\/?p=25271#primaryimage\"},\"thumbnailUrl\":\"https:\\\/\\\/news.ecclesia.org.br\\\/wp-content\\\/uploads\\\/2018\\\/06\\\/Arhim.-Mina-Dobzeu.x71918.jpg\",\"datePublished\":\"2018-06-11T13:29:34+00:00\",\"dateModified\":\"2018-06-11T13:39:45+00:00\",\"breadcrumb\":{\"@id\":\"https:\\\/\\\/news.ecclesia.org.br\\\/?p=25271#breadcrumb\"},\"inLanguage\":\"pt-BR\",\"potentialAction\":[{\"@type\":\"ReadAction\",\"target\":[\"https:\\\/\\\/news.ecclesia.org.br\\\/?p=25271\"]}]},{\"@type\":\"ImageObject\",\"inLanguage\":\"pt-BR\",\"@id\":\"https:\\\/\\\/news.ecclesia.org.br\\\/?p=25271#primaryimage\",\"url\":\"https:\\\/\\\/news.ecclesia.org.br\\\/wp-content\\\/uploads\\\/2018\\\/06\\\/Arhim.-Mina-Dobzeu.x71918.jpg\",\"contentUrl\":\"https:\\\/\\\/news.ecclesia.org.br\\\/wp-content\\\/uploads\\\/2018\\\/06\\\/Arhim.-Mina-Dobzeu.x71918.jpg\",\"width\":907,\"height\":532},{\"@type\":\"BreadcrumbList\",\"@id\":\"https:\\\/\\\/news.ecclesia.org.br\\\/?p=25271#breadcrumb\",\"itemListElement\":[{\"@type\":\"ListItem\",\"position\":1,\"name\":\"In\u00edcio\",\"item\":\"https:\\\/\\\/news.ecclesia.org.br\\\/\"},{\"@type\":\"ListItem\",\"position\":2,\"name\":\"Arquimandrita (Abba) Mina Dobzeu repousa no Senhor\"}]},{\"@type\":\"WebSite\",\"@id\":\"https:\\\/\\\/news.ecclesia.org.br\\\/#website\",\"url\":\"https:\\\/\\\/news.ecclesia.org.br\\\/\",\"name\":\"Ecclesia Brasil\",\"description\":\"Desde 2003 onectando o Brasil ao mundo ortodoxo!\",\"publisher\":{\"@id\":\"https:\\\/\\\/news.ecclesia.org.br\\\/#organization\"},\"alternateName\":\"Ecclesia\",\"potentialAction\":[{\"@type\":\"SearchAction\",\"target\":{\"@type\":\"EntryPoint\",\"urlTemplate\":\"https:\\\/\\\/news.ecclesia.org.br\\\/?s={search_term_string}\"},\"query-input\":{\"@type\":\"PropertyValueSpecification\",\"valueRequired\":true,\"valueName\":\"search_term_string\"}}],\"inLanguage\":\"pt-BR\"},{\"@type\":\"Organization\",\"@id\":\"https:\\\/\\\/news.ecclesia.org.br\\\/#organization\",\"name\":\"Sacra Arquidiocese de Buenos Aires e Am\u00e9rica do Sul | Patriarcado Ecum\u00eanico\",\"alternateName\":\"News Ecclesia Brasil\",\"url\":\"https:\\\/\\\/news.ecclesia.org.br\\\/\",\"logo\":{\"@type\":\"ImageObject\",\"inLanguage\":\"pt-BR\",\"@id\":\"https:\\\/\\\/news.ecclesia.org.br\\\/#\\\/schema\\\/logo\\\/image\\\/\",\"url\":\"https:\\\/\\\/news.ecclesia.org.br\\\/wp-content\\\/uploads\\\/2025\\\/05\\\/ecclesia2.png\",\"contentUrl\":\"https:\\\/\\\/news.ecclesia.org.br\\\/wp-content\\\/uploads\\\/2025\\\/05\\\/ecclesia2.png\",\"width\":480,\"height\":120,\"caption\":\"Sacra Arquidiocese de Buenos Aires e Am\u00e9rica do Sul | Patriarcado Ecum\u00eanico\"},\"image\":{\"@id\":\"https:\\\/\\\/news.ecclesia.org.br\\\/#\\\/schema\\\/logo\\\/image\\\/\"},\"sameAs\":[\"https:\\\/\\\/www.facebook.com\\\/Ecclesia2025\",\"https:\\\/\\\/x.com\\\/EcclesiaNews\",\"https:\\\/\\\/br.pinterest.com\\\/ekklisia\\\/\",\"https:\\\/\\\/www.youtube.com\\\/@EcclesiaBrasil\"]},{\"@type\":\"Person\",\"@id\":\"https:\\\/\\\/news.ecclesia.org.br\\\/#\\\/schema\\\/person\\\/6f09597f025829745ba414a569f63758\",\"name\":\"Pe. Andr\u00e9\",\"image\":{\"@type\":\"ImageObject\",\"inLanguage\":\"pt-BR\",\"@id\":\"https:\\\/\\\/secure.gravatar.com\\\/avatar\\\/b4327cfa27e9799da239a26adcd534fc29cdc0c4a4a148eecbcfeb9b42c617ac?s=96&d=mm&r=g\",\"url\":\"https:\\\/\\\/secure.gravatar.com\\\/avatar\\\/b4327cfa27e9799da239a26adcd534fc29cdc0c4a4a148eecbcfeb9b42c617ac?s=96&d=mm&r=g\",\"contentUrl\":\"https:\\\/\\\/secure.gravatar.com\\\/avatar\\\/b4327cfa27e9799da239a26adcd534fc29cdc0c4a4a148eecbcfeb9b42c617ac?s=96&d=mm&r=g\",\"caption\":\"Pe. Andr\u00e9\"},\"sameAs\":[\"https:\\\/\\\/www.ecclesia.org.br\"]}]}<\/script>\n<!-- \/ Yoast SEO plugin. -->","yoast_head_json":{"title":"Arquimandrita (Abba) Mina Dobzeu repousa no Senhor | ECCLESIA NEWS","robots":{"index":"index","follow":"follow","max-snippet":"max-snippet:-1","max-image-preview":"max-image-preview:large","max-video-preview":"max-video-preview:-1"},"canonical":"https:\/\/news.ecclesia.org.br\/?p=25271","og_locale":"pt_BR","og_type":"article","og_title":"Arquimandrita (Abba) Mina Dobzeu repousa no Senhor | ECCLESIA NEWS","og_description":"A diocese de Hu\u0219i anunciou o adormecimento no Senhor do arquimandrita Mina Dobzeu. Anci\u00e3o Mina foi um fiel confessor da f\u00e9 sob o regime comunista e o padre que batizou o famoso escritor judeu romeno Nicolae Steinhardt, convertido ao cristianismo&#8230;","og_url":"https:\/\/news.ecclesia.org.br\/?p=25271","og_site_name":"ECCLESIA NEWS","article_publisher":"https:\/\/www.facebook.com\/Ecclesia2025","article_published_time":"2018-06-11T13:29:34+00:00","article_modified_time":"2018-06-11T13:39:45+00:00","og_image":[{"width":907,"height":532,"url":"https:\/\/news.ecclesia.org.br\/wp-content\/uploads\/2018\/06\/Arhim.-Mina-Dobzeu.x71918.jpg","type":"image\/jpeg"}],"author":"Pe. Andr\u00e9","twitter_card":"summary_large_image","twitter_creator":"@EcclesiaNews","twitter_site":"@EcclesiaNews","twitter_misc":{"Escrito por":"Pe. Andr\u00e9","Est. tempo de leitura":"3 minutos"},"schema":{"@context":"https:\/\/schema.org","@graph":[{"@type":"Article","@id":"https:\/\/news.ecclesia.org.br\/?p=25271#article","isPartOf":{"@id":"https:\/\/news.ecclesia.org.br\/?p=25271"},"author":{"name":"Pe. Andr\u00e9","@id":"https:\/\/news.ecclesia.org.br\/#\/schema\/person\/6f09597f025829745ba414a569f63758"},"headline":"Arquimandrita (Abba) Mina Dobzeu repousa no Senhor","datePublished":"2018-06-11T13:29:34+00:00","dateModified":"2018-06-11T13:39:45+00:00","mainEntityOfPage":{"@id":"https:\/\/news.ecclesia.org.br\/?p=25271"},"wordCount":535,"commentCount":0,"publisher":{"@id":"https:\/\/news.ecclesia.org.br\/#organization"},"image":{"@id":"https:\/\/news.ecclesia.org.br\/?p=25271#primaryimage"},"thumbnailUrl":"https:\/\/news.ecclesia.org.br\/wp-content\/uploads\/2018\/06\/Arhim.-Mina-Dobzeu.x71918.jpg","articleSection":["Mundo Ortodoxo","NEWS"],"inLanguage":"pt-BR","potentialAction":[{"@type":"CommentAction","name":"Comment","target":["https:\/\/news.ecclesia.org.br\/?p=25271#respond"]}]},{"@type":"WebPage","@id":"https:\/\/news.ecclesia.org.br\/?p=25271","url":"https:\/\/news.ecclesia.org.br\/?p=25271","name":"Arquimandrita (Abba) Mina Dobzeu repousa no Senhor | ECCLESIA NEWS","isPartOf":{"@id":"https:\/\/news.ecclesia.org.br\/#website"},"primaryImageOfPage":{"@id":"https:\/\/news.ecclesia.org.br\/?p=25271#primaryimage"},"image":{"@id":"https:\/\/news.ecclesia.org.br\/?p=25271#primaryimage"},"thumbnailUrl":"https:\/\/news.ecclesia.org.br\/wp-content\/uploads\/2018\/06\/Arhim.-Mina-Dobzeu.x71918.jpg","datePublished":"2018-06-11T13:29:34+00:00","dateModified":"2018-06-11T13:39:45+00:00","breadcrumb":{"@id":"https:\/\/news.ecclesia.org.br\/?p=25271#breadcrumb"},"inLanguage":"pt-BR","potentialAction":[{"@type":"ReadAction","target":["https:\/\/news.ecclesia.org.br\/?p=25271"]}]},{"@type":"ImageObject","inLanguage":"pt-BR","@id":"https:\/\/news.ecclesia.org.br\/?p=25271#primaryimage","url":"https:\/\/news.ecclesia.org.br\/wp-content\/uploads\/2018\/06\/Arhim.-Mina-Dobzeu.x71918.jpg","contentUrl":"https:\/\/news.ecclesia.org.br\/wp-content\/uploads\/2018\/06\/Arhim.-Mina-Dobzeu.x71918.jpg","width":907,"height":532},{"@type":"BreadcrumbList","@id":"https:\/\/news.ecclesia.org.br\/?p=25271#breadcrumb","itemListElement":[{"@type":"ListItem","position":1,"name":"In\u00edcio","item":"https:\/\/news.ecclesia.org.br\/"},{"@type":"ListItem","position":2,"name":"Arquimandrita (Abba) Mina Dobzeu repousa no Senhor"}]},{"@type":"WebSite","@id":"https:\/\/news.ecclesia.org.br\/#website","url":"https:\/\/news.ecclesia.org.br\/","name":"Ecclesia Brasil","description":"Desde 2003 onectando o Brasil ao mundo ortodoxo!","publisher":{"@id":"https:\/\/news.ecclesia.org.br\/#organization"},"alternateName":"Ecclesia","potentialAction":[{"@type":"SearchAction","target":{"@type":"EntryPoint","urlTemplate":"https:\/\/news.ecclesia.org.br\/?s={search_term_string}"},"query-input":{"@type":"PropertyValueSpecification","valueRequired":true,"valueName":"search_term_string"}}],"inLanguage":"pt-BR"},{"@type":"Organization","@id":"https:\/\/news.ecclesia.org.br\/#organization","name":"Sacra Arquidiocese de Buenos Aires e Am\u00e9rica do Sul | Patriarcado Ecum\u00eanico","alternateName":"News Ecclesia Brasil","url":"https:\/\/news.ecclesia.org.br\/","logo":{"@type":"ImageObject","inLanguage":"pt-BR","@id":"https:\/\/news.ecclesia.org.br\/#\/schema\/logo\/image\/","url":"https:\/\/news.ecclesia.org.br\/wp-content\/uploads\/2025\/05\/ecclesia2.png","contentUrl":"https:\/\/news.ecclesia.org.br\/wp-content\/uploads\/2025\/05\/ecclesia2.png","width":480,"height":120,"caption":"Sacra Arquidiocese de Buenos Aires e Am\u00e9rica do Sul | Patriarcado Ecum\u00eanico"},"image":{"@id":"https:\/\/news.ecclesia.org.br\/#\/schema\/logo\/image\/"},"sameAs":["https:\/\/www.facebook.com\/Ecclesia2025","https:\/\/x.com\/EcclesiaNews","https:\/\/br.pinterest.com\/ekklisia\/","https:\/\/www.youtube.com\/@EcclesiaBrasil"]},{"@type":"Person","@id":"https:\/\/news.ecclesia.org.br\/#\/schema\/person\/6f09597f025829745ba414a569f63758","name":"Pe. Andr\u00e9","image":{"@type":"ImageObject","inLanguage":"pt-BR","@id":"https:\/\/secure.gravatar.com\/avatar\/b4327cfa27e9799da239a26adcd534fc29cdc0c4a4a148eecbcfeb9b42c617ac?s=96&d=mm&r=g","url":"https:\/\/secure.gravatar.com\/avatar\/b4327cfa27e9799da239a26adcd534fc29cdc0c4a4a148eecbcfeb9b42c617ac?s=96&d=mm&r=g","contentUrl":"https:\/\/secure.gravatar.com\/avatar\/b4327cfa27e9799da239a26adcd534fc29cdc0c4a4a148eecbcfeb9b42c617ac?s=96&d=mm&r=g","caption":"Pe. Andr\u00e9"},"sameAs":["https:\/\/www.ecclesia.org.br"]}]}},"_links":{"self":[{"href":"https:\/\/news.ecclesia.org.br\/index.php?rest_route=\/wp\/v2\/posts\/25271","targetHints":{"allow":["GET"]}}],"collection":[{"href":"https:\/\/news.ecclesia.org.br\/index.php?rest_route=\/wp\/v2\/posts"}],"about":[{"href":"https:\/\/news.ecclesia.org.br\/index.php?rest_route=\/wp\/v2\/types\/post"}],"author":[{"embeddable":true,"href":"https:\/\/news.ecclesia.org.br\/index.php?rest_route=\/wp\/v2\/users\/1"}],"replies":[{"embeddable":true,"href":"https:\/\/news.ecclesia.org.br\/index.php?rest_route=%2Fwp%2Fv2%2Fcomments&post=25271"}],"version-history":[{"count":0,"href":"https:\/\/news.ecclesia.org.br\/index.php?rest_route=\/wp\/v2\/posts\/25271\/revisions"}],"wp:featuredmedia":[{"embeddable":true,"href":"https:\/\/news.ecclesia.org.br\/index.php?rest_route=\/wp\/v2\/media\/25275"}],"wp:attachment":[{"href":"https:\/\/news.ecclesia.org.br\/index.php?rest_route=%2Fwp%2Fv2%2Fmedia&parent=25271"}],"wp:term":[{"taxonomy":"category","embeddable":true,"href":"https:\/\/news.ecclesia.org.br\/index.php?rest_route=%2Fwp%2Fv2%2Fcategories&post=25271"},{"taxonomy":"post_tag","embeddable":true,"href":"https:\/\/news.ecclesia.org.br\/index.php?rest_route=%2Fwp%2Fv2%2Ftags&post=25271"}],"curies":[{"name":"wp","href":"https:\/\/api.w.org\/{rel}","templated":true}]}}