{"id":25259,"date":"2018-06-10T00:36:41","date_gmt":"2018-06-10T00:36:41","guid":{"rendered":"https:\/\/news.ecclesia.org.br\/?p=25259"},"modified":"2018-06-10T01:22:48","modified_gmt":"2018-06-10T01:22:48","slug":"patriarca-ecumenico-em-hydra-grecia","status":"publish","type":"post","link":"https:\/\/news.ecclesia.org.br\/?p=25259","title":{"rendered":"Patriarca Ecum\u00eanico em Hydra (Gr\u00e9cia)"},"content":{"rendered":"<p style=\"text-align: justify;\"><div id=\"galleria-25259\"><a href=\"https:\/\/news.ecclesia.org.br\/wp-content\/uploads\/2018\/06\/001.jpg\"><img decoding=\"async\" title=\"001\" alt=\"\" src=\"https:\/\/news.ecclesia.org.br\/wp-content\/uploads\/2018\/06\/001-66x55.jpg\" data-big=\"https:\/\/news.ecclesia.org.br\/wp-content\/uploads\/2018\/06\/001.jpg\"><\/a><a href=\"https:\/\/news.ecclesia.org.br\/wp-content\/uploads\/2018\/06\/002.jpg\"><img decoding=\"async\" title=\"002\" alt=\"\" src=\"https:\/\/news.ecclesia.org.br\/wp-content\/uploads\/2018\/06\/002-75x55.jpg\" data-big=\"https:\/\/news.ecclesia.org.br\/wp-content\/uploads\/2018\/06\/002.jpg\"><\/a><a href=\"https:\/\/news.ecclesia.org.br\/wp-content\/uploads\/2018\/06\/003.jpg\"><img decoding=\"async\" title=\"003\" alt=\"\" src=\"https:\/\/news.ecclesia.org.br\/wp-content\/uploads\/2018\/06\/003-73x55.jpg\" data-big=\"https:\/\/news.ecclesia.org.br\/wp-content\/uploads\/2018\/06\/003.jpg\"><\/a><a href=\"https:\/\/news.ecclesia.org.br\/wp-content\/uploads\/2018\/06\/004.jpg\"><img decoding=\"async\" title=\"004\" alt=\"\" src=\"https:\/\/news.ecclesia.org.br\/wp-content\/uploads\/2018\/06\/004-82x55.jpg\" data-big=\"https:\/\/news.ecclesia.org.br\/wp-content\/uploads\/2018\/06\/004.jpg\"><\/a><a href=\"https:\/\/news.ecclesia.org.br\/wp-content\/uploads\/2018\/06\/005.jpg\"><img decoding=\"async\" title=\"005\" alt=\"\" src=\"https:\/\/news.ecclesia.org.br\/wp-content\/uploads\/2018\/06\/005-82x55.jpg\" data-big=\"https:\/\/news.ecclesia.org.br\/wp-content\/uploads\/2018\/06\/005.jpg\"><\/a><a href=\"https:\/\/news.ecclesia.org.br\/wp-content\/uploads\/2018\/06\/006.jpg\"><img decoding=\"async\" title=\"006\" alt=\"\" src=\"https:\/\/news.ecclesia.org.br\/wp-content\/uploads\/2018\/06\/006-82x55.jpg\" data-big=\"https:\/\/news.ecclesia.org.br\/wp-content\/uploads\/2018\/06\/006.jpg\"><\/a><a href=\"https:\/\/news.ecclesia.org.br\/wp-content\/uploads\/2018\/06\/007.jpg\"><img decoding=\"async\" title=\"007\" alt=\"\" src=\"https:\/\/news.ecclesia.org.br\/wp-content\/uploads\/2018\/06\/007-72x55.jpg\" data-big=\"https:\/\/news.ecclesia.org.br\/wp-content\/uploads\/2018\/06\/007.jpg\"><\/a><a href=\"https:\/\/news.ecclesia.org.br\/wp-content\/uploads\/2018\/06\/008.jpg\"><img decoding=\"async\" title=\"008\" alt=\"\" src=\"https:\/\/news.ecclesia.org.br\/wp-content\/uploads\/2018\/06\/008-83x55.jpg\" data-big=\"https:\/\/news.ecclesia.org.br\/wp-content\/uploads\/2018\/06\/008.jpg\"><\/a><\/div><\/p>\n<p style=\"text-align: justify;\">Hydra recebeu nesta quinta-feira, 7 de junho de 2018, mais uma vez, a visita de S. Santidade Bartolomeu I. A primeira visita do Patriarca Ecum\u00eanico \u00e0 ilha ocorreu em 19 de junho de 2014, oportunidade em que foi honrado com o t\u00edtulo de Cidad\u00e3o Honor\u00e1rio de Hidra, num evento ocorrido na cidade hist\u00f3rica. Esta segunda visita do Patriarca aconteceu no contexto do Simp\u00f3sio Ecol\u00f3gico Internacional \u00abPor uma \u00c1tica mais verde: a preserva\u00e7\u00e3o do planeta e a prote\u00e7\u00e3o de seus habitantes\u00bb, trascorrido de 5-8 de Junho de 2018, e cujo lan\u00e7amento se deu em Atenas, seguindo depois em Spetses e Hydra.\u00a0O Patriarca Ecum\u00eanico foi recepcionado em Hydra, por seu metropolita, Arcebispo\u00a0Efraim (de Hydra, Spetses e Egin), sua comitiva eclesi\u00e1stica e o povo da ilha. A recep\u00e7\u00e3o contou ainda com as presen\u00e7as dos prefeitos de Hydra e Spetses, membros do Conselho Municipal da Prefeitura de Hydra, da Pol\u00edcia do Porto, al\u00e9m de outras autoridades locais. Com a chegada do Patriarca Bartolomeu I e dos delegados do Simp\u00f3sio Ecol\u00f3gico no porto de Hydra, teve in\u00edcio um cortejo at\u00e9 a Catedral da Santa Ascens\u00e3o do Senhor de Hydra, onde o prefeito, Sr. C. Koukoudakis, presenteou o Patriarca com um \u00edcone de S\u00e3o Constantino do icon\u00f3grafo N. Asprouli. O Patriarca Ecum\u00eanico e os delegados do Simp\u00f3sio visitaram em seguida o Museu Eclesi\u00e1stico e, pouco depois das 16h teve in\u00edcio os trabalhos do Simp\u00f3sio Ecol\u00f3gico Internacional. No final da tarde do mesmo dia o Patriarca Ecum\u00eanico com sua comitiva deixaram a Ilha de Hydra.<\/p>\n<p style=\"text-align: justify;\">Durante a sess\u00e3o da manh\u00e3 de quinta-feira, 7 de junho, realizada em Spetses, foi discutida a rela\u00e7\u00e3o entre a economia e a prote\u00e7\u00e3o do meio ambiente. Os relatores, ilustres professores universit\u00e1rios e demais participantes, entre os quais religiosos e te\u00f3logos, cientistas e estudantes, representantes de organiza\u00e7\u00f5es ambientais, ativistas, jornalistas de todo o mundo e representantes da comunidade local, refletiram e debateram sobre uma\u00a0 \u00a0economia socialmente justa e ambientalmente sustent\u00e1vel. Entre outras coisas, ressaltou-se que o maior desafio \u00e9 o combate \u00e0s causas e conseq\u00fc\u00eancias das mudan\u00e7as clim\u00e1ticas e a ado\u00e7\u00e3o de formas mais equitativas de desenvolvimento social e econ\u00f4mico. Entre os palestrantes estava o Metropolita Jo\u00e3o de P\u00e9rgamo, te\u00f3logo e estudioso, que falou sobre a rela\u00e7\u00e3o entre teologia e ecologia, a import\u00e2ncia de refletir sobre como as pessoas podem contribuir para proteger o meio ambiente e toda a Cria\u00e7\u00e3o de Deus. Observou ainda o Metropolita que \u00e9 imperativo ao ser humano conter o consumo ego\u00edsta dos recursos naturais, percebendo que o mundo \u00e9 oferecido como um dom que deve ser protegido e cuidado.<\/p>\n<hr \/>\n<p style=\"text-align: right;\">Fonte: com informa\u00e7\u00f5es de <a href=\"http:\/\/fanarion.blogspot.com\/\" target=\"_blank\" rel=\"noopener\">Fanarion<\/a><\/p>\n","protected":false},"excerpt":{"rendered":"<p>Hydra recebeu nesta quinta-feira, 7 de junho de 2018, mais uma vez, a visita de S. Santidade Bartolomeu I. A primeira visita do Patriarca Ecum\u00eanico \u00e0 ilha ocorreu em 19 de junho de 2014, oportunidade em que foi honrado com&#8230;<\/p>\n","protected":false},"author":1,"featured_media":25267,"comment_status":"open","ping_status":"open","sticky":false,"template":"","format":"standard","meta":{"_acf_changed":false,"footnotes":""},"categories":[72],"tags":[],"class_list":["post-25259","post","type-post","status-publish","format-standard","has-post-thumbnail","hentry","category-patriarcado-ecumenico","entry","rows-excerpt"],"acf":[],"yoast_head":"<!-- This site is optimized with the Yoast SEO plugin v27.4 - https:\/\/yoast.com\/product\/yoast-seo-wordpress\/ -->\n<title>Patriarca Ecum\u00eanico em Hydra (Gr\u00e9cia) | ECCLESIA NEWS<\/title>\n<meta name=\"robots\" content=\"index, follow, max-snippet:-1, max-image-preview:large, max-video-preview:-1\" \/>\n<link rel=\"canonical\" href=\"https:\/\/news.ecclesia.org.br\/?p=25259\" \/>\n<meta property=\"og:locale\" content=\"pt_BR\" \/>\n<meta property=\"og:type\" content=\"article\" \/>\n<meta property=\"og:title\" content=\"Patriarca Ecum\u00eanico em Hydra (Gr\u00e9cia) | ECCLESIA NEWS\" \/>\n<meta property=\"og:description\" content=\"Hydra recebeu nesta quinta-feira, 7 de junho de 2018, mais uma vez, a visita de S. Santidade Bartolomeu I. A primeira visita do Patriarca Ecum\u00eanico \u00e0 ilha ocorreu em 19 de junho de 2014, oportunidade em que foi honrado com&#8230;\" \/>\n<meta property=\"og:url\" content=\"https:\/\/news.ecclesia.org.br\/?p=25259\" \/>\n<meta property=\"og:site_name\" content=\"ECCLESIA NEWS\" \/>\n<meta property=\"article:publisher\" content=\"https:\/\/www.facebook.com\/Ecclesia2025\" \/>\n<meta property=\"article:published_time\" content=\"2018-06-10T00:36:41+00:00\" \/>\n<meta property=\"article:modified_time\" content=\"2018-06-10T01:22:48+00:00\" \/>\n<meta property=\"og:image\" content=\"https:\/\/news.ecclesia.org.br\/wp-content\/uploads\/2018\/06\/008.jpg\" \/>\n\t<meta property=\"og:image:width\" content=\"640\" \/>\n\t<meta property=\"og:image:height\" content=\"426\" \/>\n\t<meta property=\"og:image:type\" content=\"image\/jpeg\" \/>\n<meta name=\"author\" content=\"Pe. Andr\u00e9\" \/>\n<meta name=\"twitter:card\" content=\"summary_large_image\" \/>\n<meta name=\"twitter:creator\" content=\"@EcclesiaNews\" \/>\n<meta name=\"twitter:site\" content=\"@EcclesiaNews\" \/>\n<meta name=\"twitter:label1\" content=\"Escrito por\" \/>\n\t<meta name=\"twitter:data1\" content=\"Pe. Andr\u00e9\" \/>\n\t<meta name=\"twitter:label2\" content=\"Est. tempo de leitura\" \/>\n\t<meta name=\"twitter:data2\" content=\"2 minutos\" \/>\n<script type=\"application\/ld+json\" class=\"yoast-schema-graph\">{\"@context\":\"https:\\\/\\\/schema.org\",\"@graph\":[{\"@type\":\"Article\",\"@id\":\"https:\\\/\\\/news.ecclesia.org.br\\\/?p=25259#article\",\"isPartOf\":{\"@id\":\"https:\\\/\\\/news.ecclesia.org.br\\\/?p=25259\"},\"author\":{\"name\":\"Pe. Andr\u00e9\",\"@id\":\"https:\\\/\\\/news.ecclesia.org.br\\\/#\\\/schema\\\/person\\\/6f09597f025829745ba414a569f63758\"},\"headline\":\"Patriarca Ecum\u00eanico em Hydra (Gr\u00e9cia)\",\"datePublished\":\"2018-06-10T00:36:41+00:00\",\"dateModified\":\"2018-06-10T01:22:48+00:00\",\"mainEntityOfPage\":{\"@id\":\"https:\\\/\\\/news.ecclesia.org.br\\\/?p=25259\"},\"wordCount\":479,\"commentCount\":0,\"publisher\":{\"@id\":\"https:\\\/\\\/news.ecclesia.org.br\\\/#organization\"},\"image\":{\"@id\":\"https:\\\/\\\/news.ecclesia.org.br\\\/?p=25259#primaryimage\"},\"thumbnailUrl\":\"https:\\\/\\\/news.ecclesia.org.br\\\/wp-content\\\/uploads\\\/2018\\\/06\\\/008.jpg\",\"articleSection\":[\"Patriarcado Ecum\u00eanico\"],\"inLanguage\":\"pt-BR\",\"potentialAction\":[{\"@type\":\"CommentAction\",\"name\":\"Comment\",\"target\":[\"https:\\\/\\\/news.ecclesia.org.br\\\/?p=25259#respond\"]}]},{\"@type\":\"WebPage\",\"@id\":\"https:\\\/\\\/news.ecclesia.org.br\\\/?p=25259\",\"url\":\"https:\\\/\\\/news.ecclesia.org.br\\\/?p=25259\",\"name\":\"Patriarca Ecum\u00eanico em Hydra (Gr\u00e9cia) | ECCLESIA NEWS\",\"isPartOf\":{\"@id\":\"https:\\\/\\\/news.ecclesia.org.br\\\/#website\"},\"primaryImageOfPage\":{\"@id\":\"https:\\\/\\\/news.ecclesia.org.br\\\/?p=25259#primaryimage\"},\"image\":{\"@id\":\"https:\\\/\\\/news.ecclesia.org.br\\\/?p=25259#primaryimage\"},\"thumbnailUrl\":\"https:\\\/\\\/news.ecclesia.org.br\\\/wp-content\\\/uploads\\\/2018\\\/06\\\/008.jpg\",\"datePublished\":\"2018-06-10T00:36:41+00:00\",\"dateModified\":\"2018-06-10T01:22:48+00:00\",\"breadcrumb\":{\"@id\":\"https:\\\/\\\/news.ecclesia.org.br\\\/?p=25259#breadcrumb\"},\"inLanguage\":\"pt-BR\",\"potentialAction\":[{\"@type\":\"ReadAction\",\"target\":[\"https:\\\/\\\/news.ecclesia.org.br\\\/?p=25259\"]}]},{\"@type\":\"ImageObject\",\"inLanguage\":\"pt-BR\",\"@id\":\"https:\\\/\\\/news.ecclesia.org.br\\\/?p=25259#primaryimage\",\"url\":\"https:\\\/\\\/news.ecclesia.org.br\\\/wp-content\\\/uploads\\\/2018\\\/06\\\/008.jpg\",\"contentUrl\":\"https:\\\/\\\/news.ecclesia.org.br\\\/wp-content\\\/uploads\\\/2018\\\/06\\\/008.jpg\",\"width\":640,\"height\":426},{\"@type\":\"BreadcrumbList\",\"@id\":\"https:\\\/\\\/news.ecclesia.org.br\\\/?p=25259#breadcrumb\",\"itemListElement\":[{\"@type\":\"ListItem\",\"position\":1,\"name\":\"In\u00edcio\",\"item\":\"https:\\\/\\\/news.ecclesia.org.br\\\/\"},{\"@type\":\"ListItem\",\"position\":2,\"name\":\"Patriarca Ecum\u00eanico em Hydra (Gr\u00e9cia)\"}]},{\"@type\":\"WebSite\",\"@id\":\"https:\\\/\\\/news.ecclesia.org.br\\\/#website\",\"url\":\"https:\\\/\\\/news.ecclesia.org.br\\\/\",\"name\":\"Ecclesia Brasil\",\"description\":\"Desde 2003 onectando o Brasil ao mundo ortodoxo!\",\"publisher\":{\"@id\":\"https:\\\/\\\/news.ecclesia.org.br\\\/#organization\"},\"alternateName\":\"Ecclesia\",\"potentialAction\":[{\"@type\":\"SearchAction\",\"target\":{\"@type\":\"EntryPoint\",\"urlTemplate\":\"https:\\\/\\\/news.ecclesia.org.br\\\/?s={search_term_string}\"},\"query-input\":{\"@type\":\"PropertyValueSpecification\",\"valueRequired\":true,\"valueName\":\"search_term_string\"}}],\"inLanguage\":\"pt-BR\"},{\"@type\":\"Organization\",\"@id\":\"https:\\\/\\\/news.ecclesia.org.br\\\/#organization\",\"name\":\"Sacra Arquidiocese de Buenos Aires e Am\u00e9rica do Sul | Patriarcado Ecum\u00eanico\",\"alternateName\":\"News Ecclesia Brasil\",\"url\":\"https:\\\/\\\/news.ecclesia.org.br\\\/\",\"logo\":{\"@type\":\"ImageObject\",\"inLanguage\":\"pt-BR\",\"@id\":\"https:\\\/\\\/news.ecclesia.org.br\\\/#\\\/schema\\\/logo\\\/image\\\/\",\"url\":\"https:\\\/\\\/news.ecclesia.org.br\\\/wp-content\\\/uploads\\\/2025\\\/05\\\/ecclesia2.png\",\"contentUrl\":\"https:\\\/\\\/news.ecclesia.org.br\\\/wp-content\\\/uploads\\\/2025\\\/05\\\/ecclesia2.png\",\"width\":480,\"height\":120,\"caption\":\"Sacra Arquidiocese de Buenos Aires e Am\u00e9rica do Sul | Patriarcado Ecum\u00eanico\"},\"image\":{\"@id\":\"https:\\\/\\\/news.ecclesia.org.br\\\/#\\\/schema\\\/logo\\\/image\\\/\"},\"sameAs\":[\"https:\\\/\\\/www.facebook.com\\\/Ecclesia2025\",\"https:\\\/\\\/x.com\\\/EcclesiaNews\",\"https:\\\/\\\/br.pinterest.com\\\/ekklisia\\\/\",\"https:\\\/\\\/www.youtube.com\\\/@EcclesiaBrasil\"]},{\"@type\":\"Person\",\"@id\":\"https:\\\/\\\/news.ecclesia.org.br\\\/#\\\/schema\\\/person\\\/6f09597f025829745ba414a569f63758\",\"name\":\"Pe. Andr\u00e9\",\"image\":{\"@type\":\"ImageObject\",\"inLanguage\":\"pt-BR\",\"@id\":\"https:\\\/\\\/secure.gravatar.com\\\/avatar\\\/b4327cfa27e9799da239a26adcd534fc29cdc0c4a4a148eecbcfeb9b42c617ac?s=96&d=mm&r=g\",\"url\":\"https:\\\/\\\/secure.gravatar.com\\\/avatar\\\/b4327cfa27e9799da239a26adcd534fc29cdc0c4a4a148eecbcfeb9b42c617ac?s=96&d=mm&r=g\",\"contentUrl\":\"https:\\\/\\\/secure.gravatar.com\\\/avatar\\\/b4327cfa27e9799da239a26adcd534fc29cdc0c4a4a148eecbcfeb9b42c617ac?s=96&d=mm&r=g\",\"caption\":\"Pe. Andr\u00e9\"},\"sameAs\":[\"https:\\\/\\\/www.ecclesia.org.br\"]}]}<\/script>\n<!-- \/ Yoast SEO plugin. -->","yoast_head_json":{"title":"Patriarca Ecum\u00eanico em Hydra (Gr\u00e9cia) | ECCLESIA NEWS","robots":{"index":"index","follow":"follow","max-snippet":"max-snippet:-1","max-image-preview":"max-image-preview:large","max-video-preview":"max-video-preview:-1"},"canonical":"https:\/\/news.ecclesia.org.br\/?p=25259","og_locale":"pt_BR","og_type":"article","og_title":"Patriarca Ecum\u00eanico em Hydra (Gr\u00e9cia) | ECCLESIA NEWS","og_description":"Hydra recebeu nesta quinta-feira, 7 de junho de 2018, mais uma vez, a visita de S. Santidade Bartolomeu I. A primeira visita do Patriarca Ecum\u00eanico \u00e0 ilha ocorreu em 19 de junho de 2014, oportunidade em que foi honrado com&#8230;","og_url":"https:\/\/news.ecclesia.org.br\/?p=25259","og_site_name":"ECCLESIA NEWS","article_publisher":"https:\/\/www.facebook.com\/Ecclesia2025","article_published_time":"2018-06-10T00:36:41+00:00","article_modified_time":"2018-06-10T01:22:48+00:00","og_image":[{"width":640,"height":426,"url":"https:\/\/news.ecclesia.org.br\/wp-content\/uploads\/2018\/06\/008.jpg","type":"image\/jpeg"}],"author":"Pe. Andr\u00e9","twitter_card":"summary_large_image","twitter_creator":"@EcclesiaNews","twitter_site":"@EcclesiaNews","twitter_misc":{"Escrito por":"Pe. Andr\u00e9","Est. tempo de leitura":"2 minutos"},"schema":{"@context":"https:\/\/schema.org","@graph":[{"@type":"Article","@id":"https:\/\/news.ecclesia.org.br\/?p=25259#article","isPartOf":{"@id":"https:\/\/news.ecclesia.org.br\/?p=25259"},"author":{"name":"Pe. Andr\u00e9","@id":"https:\/\/news.ecclesia.org.br\/#\/schema\/person\/6f09597f025829745ba414a569f63758"},"headline":"Patriarca Ecum\u00eanico em Hydra (Gr\u00e9cia)","datePublished":"2018-06-10T00:36:41+00:00","dateModified":"2018-06-10T01:22:48+00:00","mainEntityOfPage":{"@id":"https:\/\/news.ecclesia.org.br\/?p=25259"},"wordCount":479,"commentCount":0,"publisher":{"@id":"https:\/\/news.ecclesia.org.br\/#organization"},"image":{"@id":"https:\/\/news.ecclesia.org.br\/?p=25259#primaryimage"},"thumbnailUrl":"https:\/\/news.ecclesia.org.br\/wp-content\/uploads\/2018\/06\/008.jpg","articleSection":["Patriarcado Ecum\u00eanico"],"inLanguage":"pt-BR","potentialAction":[{"@type":"CommentAction","name":"Comment","target":["https:\/\/news.ecclesia.org.br\/?p=25259#respond"]}]},{"@type":"WebPage","@id":"https:\/\/news.ecclesia.org.br\/?p=25259","url":"https:\/\/news.ecclesia.org.br\/?p=25259","name":"Patriarca Ecum\u00eanico em Hydra (Gr\u00e9cia) | ECCLESIA NEWS","isPartOf":{"@id":"https:\/\/news.ecclesia.org.br\/#website"},"primaryImageOfPage":{"@id":"https:\/\/news.ecclesia.org.br\/?p=25259#primaryimage"},"image":{"@id":"https:\/\/news.ecclesia.org.br\/?p=25259#primaryimage"},"thumbnailUrl":"https:\/\/news.ecclesia.org.br\/wp-content\/uploads\/2018\/06\/008.jpg","datePublished":"2018-06-10T00:36:41+00:00","dateModified":"2018-06-10T01:22:48+00:00","breadcrumb":{"@id":"https:\/\/news.ecclesia.org.br\/?p=25259#breadcrumb"},"inLanguage":"pt-BR","potentialAction":[{"@type":"ReadAction","target":["https:\/\/news.ecclesia.org.br\/?p=25259"]}]},{"@type":"ImageObject","inLanguage":"pt-BR","@id":"https:\/\/news.ecclesia.org.br\/?p=25259#primaryimage","url":"https:\/\/news.ecclesia.org.br\/wp-content\/uploads\/2018\/06\/008.jpg","contentUrl":"https:\/\/news.ecclesia.org.br\/wp-content\/uploads\/2018\/06\/008.jpg","width":640,"height":426},{"@type":"BreadcrumbList","@id":"https:\/\/news.ecclesia.org.br\/?p=25259#breadcrumb","itemListElement":[{"@type":"ListItem","position":1,"name":"In\u00edcio","item":"https:\/\/news.ecclesia.org.br\/"},{"@type":"ListItem","position":2,"name":"Patriarca Ecum\u00eanico em Hydra (Gr\u00e9cia)"}]},{"@type":"WebSite","@id":"https:\/\/news.ecclesia.org.br\/#website","url":"https:\/\/news.ecclesia.org.br\/","name":"Ecclesia Brasil","description":"Desde 2003 onectando o Brasil ao mundo ortodoxo!","publisher":{"@id":"https:\/\/news.ecclesia.org.br\/#organization"},"alternateName":"Ecclesia","potentialAction":[{"@type":"SearchAction","target":{"@type":"EntryPoint","urlTemplate":"https:\/\/news.ecclesia.org.br\/?s={search_term_string}"},"query-input":{"@type":"PropertyValueSpecification","valueRequired":true,"valueName":"search_term_string"}}],"inLanguage":"pt-BR"},{"@type":"Organization","@id":"https:\/\/news.ecclesia.org.br\/#organization","name":"Sacra Arquidiocese de Buenos Aires e Am\u00e9rica do Sul | Patriarcado Ecum\u00eanico","alternateName":"News Ecclesia Brasil","url":"https:\/\/news.ecclesia.org.br\/","logo":{"@type":"ImageObject","inLanguage":"pt-BR","@id":"https:\/\/news.ecclesia.org.br\/#\/schema\/logo\/image\/","url":"https:\/\/news.ecclesia.org.br\/wp-content\/uploads\/2025\/05\/ecclesia2.png","contentUrl":"https:\/\/news.ecclesia.org.br\/wp-content\/uploads\/2025\/05\/ecclesia2.png","width":480,"height":120,"caption":"Sacra Arquidiocese de Buenos Aires e Am\u00e9rica do Sul | Patriarcado Ecum\u00eanico"},"image":{"@id":"https:\/\/news.ecclesia.org.br\/#\/schema\/logo\/image\/"},"sameAs":["https:\/\/www.facebook.com\/Ecclesia2025","https:\/\/x.com\/EcclesiaNews","https:\/\/br.pinterest.com\/ekklisia\/","https:\/\/www.youtube.com\/@EcclesiaBrasil"]},{"@type":"Person","@id":"https:\/\/news.ecclesia.org.br\/#\/schema\/person\/6f09597f025829745ba414a569f63758","name":"Pe. Andr\u00e9","image":{"@type":"ImageObject","inLanguage":"pt-BR","@id":"https:\/\/secure.gravatar.com\/avatar\/b4327cfa27e9799da239a26adcd534fc29cdc0c4a4a148eecbcfeb9b42c617ac?s=96&d=mm&r=g","url":"https:\/\/secure.gravatar.com\/avatar\/b4327cfa27e9799da239a26adcd534fc29cdc0c4a4a148eecbcfeb9b42c617ac?s=96&d=mm&r=g","contentUrl":"https:\/\/secure.gravatar.com\/avatar\/b4327cfa27e9799da239a26adcd534fc29cdc0c4a4a148eecbcfeb9b42c617ac?s=96&d=mm&r=g","caption":"Pe. Andr\u00e9"},"sameAs":["https:\/\/www.ecclesia.org.br"]}]}},"_links":{"self":[{"href":"https:\/\/news.ecclesia.org.br\/index.php?rest_route=\/wp\/v2\/posts\/25259","targetHints":{"allow":["GET"]}}],"collection":[{"href":"https:\/\/news.ecclesia.org.br\/index.php?rest_route=\/wp\/v2\/posts"}],"about":[{"href":"https:\/\/news.ecclesia.org.br\/index.php?rest_route=\/wp\/v2\/types\/post"}],"author":[{"embeddable":true,"href":"https:\/\/news.ecclesia.org.br\/index.php?rest_route=\/wp\/v2\/users\/1"}],"replies":[{"embeddable":true,"href":"https:\/\/news.ecclesia.org.br\/index.php?rest_route=%2Fwp%2Fv2%2Fcomments&post=25259"}],"version-history":[{"count":0,"href":"https:\/\/news.ecclesia.org.br\/index.php?rest_route=\/wp\/v2\/posts\/25259\/revisions"}],"wp:featuredmedia":[{"embeddable":true,"href":"https:\/\/news.ecclesia.org.br\/index.php?rest_route=\/wp\/v2\/media\/25267"}],"wp:attachment":[{"href":"https:\/\/news.ecclesia.org.br\/index.php?rest_route=%2Fwp%2Fv2%2Fmedia&parent=25259"}],"wp:term":[{"taxonomy":"category","embeddable":true,"href":"https:\/\/news.ecclesia.org.br\/index.php?rest_route=%2Fwp%2Fv2%2Fcategories&post=25259"},{"taxonomy":"post_tag","embeddable":true,"href":"https:\/\/news.ecclesia.org.br\/index.php?rest_route=%2Fwp%2Fv2%2Ftags&post=25259"}],"curies":[{"name":"wp","href":"https:\/\/api.w.org\/{rel}","templated":true}]}}