{"id":25172,"date":"2018-06-01T13:29:03","date_gmt":"2018-06-01T13:29:03","guid":{"rendered":"https:\/\/news.ecclesia.org.br\/?p=25172"},"modified":"2018-06-01T13:29:03","modified_gmt":"2018-06-01T13:29:03","slug":"papa-francisco-de-roma-ao-patriarca-cirillo-de-moscou-e-toda-a-russia-nao-vamos-permitir-divisoes","status":"publish","type":"post","link":"https:\/\/news.ecclesia.org.br\/?p=25172","title":{"rendered":"Papa Francisco de Roma ao Patriarca Cirillo, de Moscou e Toda a R\u00fassia: &#8220;n\u00e3o vamos permitir divis\u00f5es&#8221;"},"content":{"rendered":"<p style=\"text-align: justify;\">Papa Francisco de Roma recebeu o &#8220;ministro das Rela\u00e7\u00f5es Exteriores&#8221; de Cirillo, o Metropolita Hilarion, que anunciou a chegada em Roma no outono, de um \u00edcone, tal e como as rel\u00edquias de S\u00e3o Nicolau fez um &#8220;tour&#8221; pela R\u00fassia no ano passado.<\/p>\n<p style=\"text-align: justify;\">IACOPO SCARAMUZZI | CIDADE DO VATICANO &#8212; O Papa Francisco assegurou a uma delega\u00e7\u00e3o do Patriarcado de Moscou e de Toda a R\u00fassia que a Igreja Cat\u00f3lica n\u00e3o causar\u00e1 divis\u00f5es na ortodoxia.<\/p>\n<p style=\"text-align: justify;\"><a href=\"https:\/\/news.ecclesia.org.br\/wp-content\/uploads\/2018\/06\/francisco-de-roma-com-metrop-hilarion.jpg\"><img fetchpriority=\"high\" decoding=\"async\" class=\"alignleft size-medium wp-image-25173\" src=\"https:\/\/news.ecclesia.org.br\/wp-content\/uploads\/2018\/06\/francisco-de-roma-com-metrop-hilarion-300x169.jpg\" alt=\"\" width=\"300\" height=\"169\" srcset=\"https:\/\/news.ecclesia.org.br\/wp-content\/uploads\/2018\/06\/francisco-de-roma-com-metrop-hilarion-300x169.jpg 300w, https:\/\/news.ecclesia.org.br\/wp-content\/uploads\/2018\/06\/francisco-de-roma-com-metrop-hilarion-768x432.jpg 768w, https:\/\/news.ecclesia.org.br\/wp-content\/uploads\/2018\/06\/francisco-de-roma-com-metrop-hilarion.jpg 1024w, https:\/\/news.ecclesia.org.br\/wp-content\/uploads\/2018\/06\/francisco-de-roma-com-metrop-hilarion-600x338.jpg 600w, https:\/\/news.ecclesia.org.br\/wp-content\/uploads\/2018\/06\/francisco-de-roma-com-metrop-hilarion-98x55.jpg 98w\" sizes=\"(max-width: 300px) 100vw, 300px\" \/><\/a>Jorge Mario Bergoglio recebeu uma representa\u00e7\u00e3o de Moscou, liderada pelo Metropolita Hilarion de Volokolamsk, Chefe do Departamento de Rela\u00e7\u00f5es Exteriores do Patriarcado, antes da audi\u00eancia geral desta quarta-feira em S\u00e3o Pedro. Hilarion est\u00e1 em Roma para participar de uma reuni\u00e3o organizada pela Confer\u00eancia Episcopal Italiana (CEI), dedicado ao tema das peregrina\u00e7\u00f5es. Acompanhavam Hilarion, entre outros, o cardeal Walter Bassetti (presidente da CEI), Dom Ambrogio Spreafico (Presidente da Comiss\u00e3o para o Ecumenismo e Di\u00e1logo Inter-religioso), o Bispo de Lodi, Monsenhor Maurizio Malvestiti, e Pe. Bettega, diretor do departamento de ecumenismo e di\u00e1logo inter-religioso.<\/p>\n<p style=\"text-align: justify;\">O Departamento de Rela\u00e7\u00f5es Exteriores do Patriarcado (de Moscou) publicou hoje uma nota em que cita as palavras que o Papa falou durante a reuni\u00e3o. &#8220;Diante de voc\u00eas e, especialmente, para voc\u00ea, querido irm\u00e3o, gostaria de enfatizar mais uma vez que a Igreja Cat\u00f3lica n\u00e3o usar\u00e1 jamais de uma abordagem que cause divis\u00f5es. N\u00f3s n\u00e3o permitiremos isso. Eu n\u00e3o quero. Na R\u00fassia h\u00e1 um s\u00f3 Patriarcado: o seu. E n\u00f3s n\u00e3o vamos ter outro&#8221;, disse Francisco, conforme relatado por Moscou. O Papa tamb\u00e9m teria dito que \u00e9 inaceit\u00e1vel o &#8220;uniatismo&#8221; nas rela\u00e7\u00f5es entre cat\u00f3licos e ortodoxos, e teria indicado o di\u00e1logo fraterno como \u00fanico meio para alcan\u00e7ar uma unidade maior. &#8220;As igrejas cat\u00f3licas n\u00e3o deveriam interferir nos assuntos internos da Igreja Ortodoxa Russa, incluindo as quest\u00f5es pol\u00edticas&#8221;, teria dito o Papa, segundo a Delega\u00e7\u00e3o representada por Hilarion. \u00abEsta \u00e9 a minha posi\u00e7\u00e3o e a posi\u00e7\u00e3o da Santa S\u00e9 hoje. Aqueles que pensam diferentemente n\u00e3o obedecem a Santa S\u00e9\u00bb.<\/p>\n<p style=\"text-align: justify;\">(&#8230;)<\/p>\n<p style=\"text-align: justify;\">Hilarion, por sua vez, relembrou o sucesso da &#8220;tour&#8221; feito com as rel\u00edquias de S\u00e3o Nicolau, que viajou de Bari para a R\u00fassia no ano passado. O chefe do Departamento de Rela\u00e7\u00f5es Exteriores do Patriarca Kirill disse em particular que, no outono deste ano visitar\u00e1 Roma uma das rel\u00edquias mais importantes para a Igreja Ortodoxa Russa, o \u00edcone do Crujcificado, pintado por Dionisiy, um aluno de Andrey Rublev. \u00abDeixar\u00e1 a R\u00fassia pela primeira vez para ser exposta as olhos de milhares de peregrinos que visitam Roma. Ser\u00e3o tamb\u00e9m expostos na galeria de S\u00e3o Pedro (o bra\u00e7o de Carlo Magno, ndr.) cerca de vinte \u00edcones da cole\u00e7\u00e3o da Galeria Estatal Tretyakov. Segundo Hilarion, \u00abas peregrina\u00e7\u00f5es para visita a locais sagrados crist\u00e3os permitem conhecer as tradi\u00e7\u00f5es, a hist\u00f3ria e o patrim\u00f4nio art\u00edstico da Igreja e dos povos de outros pa\u00edses. E isso s\u00f3 pode ajudar a promover a compreens\u00e3o m\u00fatua, o di\u00e1logo ortodoxo-cat\u00f3lico e a paz internacional e inter-religiosa\u00bb.<\/p>\n<hr \/>\n<p style=\"text-align: right;\">Fonte: <a href=\"http:\/\/www.lastampa.it\/2018\/05\/31\/vaticaninsider\/el-papa-al-patriarcado-ruso-no-permitiremos-divisiones-LbtygNa8f4pSfvJFtzu5GO\/pagina.html\" target=\"_blank\" rel=\"noopener\">L&#8217;astampa.it<\/a><\/p>\n","protected":false},"excerpt":{"rendered":"<p>Papa Francisco de Roma recebeu o &#8220;ministro das Rela\u00e7\u00f5es Exteriores&#8221; de Cirillo, o Metropolita Hilarion, que anunciou a chegada em Roma no outono, de um \u00edcone, tal e como as rel\u00edquias de S\u00e3o Nicolau fez um &#8220;tour&#8221; pela R\u00fassia no&#8230;<\/p>\n","protected":false},"author":1,"featured_media":25173,"comment_status":"open","ping_status":"open","sticky":false,"template":"","format":"standard","meta":{"_acf_changed":false,"footnotes":""},"categories":[1],"tags":[],"class_list":["post-25172","post","type-post","status-publish","format-standard","has-post-thumbnail","hentry","category-news","entry","rows-excerpt"],"acf":[],"yoast_head":"<!-- This site is optimized with the Yoast SEO plugin v27.4 - https:\/\/yoast.com\/product\/yoast-seo-wordpress\/ -->\n<title>Papa Francisco de Roma ao Patriarca Cirillo, de Moscou e Toda a R\u00fassia: &quot;n\u00e3o vamos permitir divis\u00f5es&quot; | ECCLESIA NEWS<\/title>\n<meta name=\"robots\" content=\"index, follow, max-snippet:-1, max-image-preview:large, max-video-preview:-1\" \/>\n<link rel=\"canonical\" href=\"https:\/\/news.ecclesia.org.br\/?p=25172\" \/>\n<meta property=\"og:locale\" content=\"pt_BR\" \/>\n<meta property=\"og:type\" content=\"article\" \/>\n<meta property=\"og:title\" content=\"Papa Francisco de Roma ao Patriarca Cirillo, de Moscou e Toda a R\u00fassia: &quot;n\u00e3o vamos permitir divis\u00f5es&quot; | ECCLESIA NEWS\" \/>\n<meta property=\"og:description\" content=\"Papa Francisco de Roma recebeu o &#8220;ministro das Rela\u00e7\u00f5es Exteriores&#8221; de Cirillo, o Metropolita Hilarion, que anunciou a chegada em Roma no outono, de um \u00edcone, tal e como as rel\u00edquias de S\u00e3o Nicolau fez um &#8220;tour&#8221; pela R\u00fassia no&#8230;\" \/>\n<meta property=\"og:url\" content=\"https:\/\/news.ecclesia.org.br\/?p=25172\" \/>\n<meta property=\"og:site_name\" content=\"ECCLESIA NEWS\" \/>\n<meta property=\"article:publisher\" content=\"https:\/\/www.facebook.com\/Ecclesia2025\" \/>\n<meta property=\"article:published_time\" content=\"2018-06-01T13:29:03+00:00\" \/>\n<meta property=\"og:image\" content=\"https:\/\/news.ecclesia.org.br\/wp-content\/uploads\/2018\/06\/francisco-de-roma-com-metrop-hilarion.jpg\" \/>\n\t<meta property=\"og:image:width\" content=\"1024\" \/>\n\t<meta property=\"og:image:height\" content=\"576\" \/>\n\t<meta property=\"og:image:type\" content=\"image\/jpeg\" \/>\n<meta name=\"author\" content=\"Pe. Andr\u00e9\" \/>\n<meta name=\"twitter:card\" content=\"summary_large_image\" \/>\n<meta name=\"twitter:creator\" content=\"@EcclesiaNews\" \/>\n<meta name=\"twitter:site\" content=\"@EcclesiaNews\" \/>\n<meta name=\"twitter:label1\" content=\"Escrito por\" \/>\n\t<meta name=\"twitter:data1\" content=\"Pe. Andr\u00e9\" \/>\n\t<meta name=\"twitter:label2\" content=\"Est. tempo de leitura\" \/>\n\t<meta name=\"twitter:data2\" content=\"3 minutos\" \/>\n<script type=\"application\/ld+json\" class=\"yoast-schema-graph\">{\"@context\":\"https:\\\/\\\/schema.org\",\"@graph\":[{\"@type\":\"Article\",\"@id\":\"https:\\\/\\\/news.ecclesia.org.br\\\/?p=25172#article\",\"isPartOf\":{\"@id\":\"https:\\\/\\\/news.ecclesia.org.br\\\/?p=25172\"},\"author\":{\"name\":\"Pe. Andr\u00e9\",\"@id\":\"https:\\\/\\\/news.ecclesia.org.br\\\/#\\\/schema\\\/person\\\/6f09597f025829745ba414a569f63758\"},\"headline\":\"Papa Francisco de Roma ao Patriarca Cirillo, de Moscou e Toda a R\u00fassia: &#8220;n\u00e3o vamos permitir divis\u00f5es&#8221;\",\"datePublished\":\"2018-06-01T13:29:03+00:00\",\"mainEntityOfPage\":{\"@id\":\"https:\\\/\\\/news.ecclesia.org.br\\\/?p=25172\"},\"wordCount\":570,\"commentCount\":3,\"publisher\":{\"@id\":\"https:\\\/\\\/news.ecclesia.org.br\\\/#organization\"},\"image\":{\"@id\":\"https:\\\/\\\/news.ecclesia.org.br\\\/?p=25172#primaryimage\"},\"thumbnailUrl\":\"https:\\\/\\\/news.ecclesia.org.br\\\/wp-content\\\/uploads\\\/2018\\\/06\\\/francisco-de-roma-com-metrop-hilarion.jpg\",\"articleSection\":[\"NEWS\"],\"inLanguage\":\"pt-BR\",\"potentialAction\":[{\"@type\":\"CommentAction\",\"name\":\"Comment\",\"target\":[\"https:\\\/\\\/news.ecclesia.org.br\\\/?p=25172#respond\"]}]},{\"@type\":\"WebPage\",\"@id\":\"https:\\\/\\\/news.ecclesia.org.br\\\/?p=25172\",\"url\":\"https:\\\/\\\/news.ecclesia.org.br\\\/?p=25172\",\"name\":\"Papa Francisco de Roma ao Patriarca Cirillo, de Moscou e Toda a R\u00fassia: \\\"n\u00e3o vamos permitir divis\u00f5es\\\" | ECCLESIA NEWS\",\"isPartOf\":{\"@id\":\"https:\\\/\\\/news.ecclesia.org.br\\\/#website\"},\"primaryImageOfPage\":{\"@id\":\"https:\\\/\\\/news.ecclesia.org.br\\\/?p=25172#primaryimage\"},\"image\":{\"@id\":\"https:\\\/\\\/news.ecclesia.org.br\\\/?p=25172#primaryimage\"},\"thumbnailUrl\":\"https:\\\/\\\/news.ecclesia.org.br\\\/wp-content\\\/uploads\\\/2018\\\/06\\\/francisco-de-roma-com-metrop-hilarion.jpg\",\"datePublished\":\"2018-06-01T13:29:03+00:00\",\"breadcrumb\":{\"@id\":\"https:\\\/\\\/news.ecclesia.org.br\\\/?p=25172#breadcrumb\"},\"inLanguage\":\"pt-BR\",\"potentialAction\":[{\"@type\":\"ReadAction\",\"target\":[\"https:\\\/\\\/news.ecclesia.org.br\\\/?p=25172\"]}]},{\"@type\":\"ImageObject\",\"inLanguage\":\"pt-BR\",\"@id\":\"https:\\\/\\\/news.ecclesia.org.br\\\/?p=25172#primaryimage\",\"url\":\"https:\\\/\\\/news.ecclesia.org.br\\\/wp-content\\\/uploads\\\/2018\\\/06\\\/francisco-de-roma-com-metrop-hilarion.jpg\",\"contentUrl\":\"https:\\\/\\\/news.ecclesia.org.br\\\/wp-content\\\/uploads\\\/2018\\\/06\\\/francisco-de-roma-com-metrop-hilarion.jpg\",\"width\":1024,\"height\":576},{\"@type\":\"BreadcrumbList\",\"@id\":\"https:\\\/\\\/news.ecclesia.org.br\\\/?p=25172#breadcrumb\",\"itemListElement\":[{\"@type\":\"ListItem\",\"position\":1,\"name\":\"In\u00edcio\",\"item\":\"https:\\\/\\\/news.ecclesia.org.br\\\/\"},{\"@type\":\"ListItem\",\"position\":2,\"name\":\"Papa Francisco de Roma ao Patriarca Cirillo, de Moscou e Toda a R\u00fassia: &#8220;n\u00e3o vamos permitir divis\u00f5es&#8221;\"}]},{\"@type\":\"WebSite\",\"@id\":\"https:\\\/\\\/news.ecclesia.org.br\\\/#website\",\"url\":\"https:\\\/\\\/news.ecclesia.org.br\\\/\",\"name\":\"Ecclesia Brasil\",\"description\":\"Desde 2003 onectando o Brasil ao mundo ortodoxo!\",\"publisher\":{\"@id\":\"https:\\\/\\\/news.ecclesia.org.br\\\/#organization\"},\"alternateName\":\"Ecclesia\",\"potentialAction\":[{\"@type\":\"SearchAction\",\"target\":{\"@type\":\"EntryPoint\",\"urlTemplate\":\"https:\\\/\\\/news.ecclesia.org.br\\\/?s={search_term_string}\"},\"query-input\":{\"@type\":\"PropertyValueSpecification\",\"valueRequired\":true,\"valueName\":\"search_term_string\"}}],\"inLanguage\":\"pt-BR\"},{\"@type\":\"Organization\",\"@id\":\"https:\\\/\\\/news.ecclesia.org.br\\\/#organization\",\"name\":\"Sacra Arquidiocese de Buenos Aires e Am\u00e9rica do Sul | Patriarcado Ecum\u00eanico\",\"alternateName\":\"News Ecclesia Brasil\",\"url\":\"https:\\\/\\\/news.ecclesia.org.br\\\/\",\"logo\":{\"@type\":\"ImageObject\",\"inLanguage\":\"pt-BR\",\"@id\":\"https:\\\/\\\/news.ecclesia.org.br\\\/#\\\/schema\\\/logo\\\/image\\\/\",\"url\":\"https:\\\/\\\/news.ecclesia.org.br\\\/wp-content\\\/uploads\\\/2025\\\/05\\\/ecclesia2.png\",\"contentUrl\":\"https:\\\/\\\/news.ecclesia.org.br\\\/wp-content\\\/uploads\\\/2025\\\/05\\\/ecclesia2.png\",\"width\":480,\"height\":120,\"caption\":\"Sacra Arquidiocese de Buenos Aires e Am\u00e9rica do Sul | Patriarcado Ecum\u00eanico\"},\"image\":{\"@id\":\"https:\\\/\\\/news.ecclesia.org.br\\\/#\\\/schema\\\/logo\\\/image\\\/\"},\"sameAs\":[\"https:\\\/\\\/www.facebook.com\\\/Ecclesia2025\",\"https:\\\/\\\/x.com\\\/EcclesiaNews\",\"https:\\\/\\\/br.pinterest.com\\\/ekklisia\\\/\",\"https:\\\/\\\/www.youtube.com\\\/@EcclesiaBrasil\"]},{\"@type\":\"Person\",\"@id\":\"https:\\\/\\\/news.ecclesia.org.br\\\/#\\\/schema\\\/person\\\/6f09597f025829745ba414a569f63758\",\"name\":\"Pe. Andr\u00e9\",\"image\":{\"@type\":\"ImageObject\",\"inLanguage\":\"pt-BR\",\"@id\":\"https:\\\/\\\/secure.gravatar.com\\\/avatar\\\/b4327cfa27e9799da239a26adcd534fc29cdc0c4a4a148eecbcfeb9b42c617ac?s=96&d=mm&r=g\",\"url\":\"https:\\\/\\\/secure.gravatar.com\\\/avatar\\\/b4327cfa27e9799da239a26adcd534fc29cdc0c4a4a148eecbcfeb9b42c617ac?s=96&d=mm&r=g\",\"contentUrl\":\"https:\\\/\\\/secure.gravatar.com\\\/avatar\\\/b4327cfa27e9799da239a26adcd534fc29cdc0c4a4a148eecbcfeb9b42c617ac?s=96&d=mm&r=g\",\"caption\":\"Pe. Andr\u00e9\"},\"sameAs\":[\"https:\\\/\\\/www.ecclesia.org.br\"]}]}<\/script>\n<!-- \/ Yoast SEO plugin. -->","yoast_head_json":{"title":"Papa Francisco de Roma ao Patriarca Cirillo, de Moscou e Toda a R\u00fassia: \"n\u00e3o vamos permitir divis\u00f5es\" | ECCLESIA NEWS","robots":{"index":"index","follow":"follow","max-snippet":"max-snippet:-1","max-image-preview":"max-image-preview:large","max-video-preview":"max-video-preview:-1"},"canonical":"https:\/\/news.ecclesia.org.br\/?p=25172","og_locale":"pt_BR","og_type":"article","og_title":"Papa Francisco de Roma ao Patriarca Cirillo, de Moscou e Toda a R\u00fassia: \"n\u00e3o vamos permitir divis\u00f5es\" | ECCLESIA NEWS","og_description":"Papa Francisco de Roma recebeu o &#8220;ministro das Rela\u00e7\u00f5es Exteriores&#8221; de Cirillo, o Metropolita Hilarion, que anunciou a chegada em Roma no outono, de um \u00edcone, tal e como as rel\u00edquias de S\u00e3o Nicolau fez um &#8220;tour&#8221; pela R\u00fassia no&#8230;","og_url":"https:\/\/news.ecclesia.org.br\/?p=25172","og_site_name":"ECCLESIA NEWS","article_publisher":"https:\/\/www.facebook.com\/Ecclesia2025","article_published_time":"2018-06-01T13:29:03+00:00","og_image":[{"width":1024,"height":576,"url":"https:\/\/news.ecclesia.org.br\/wp-content\/uploads\/2018\/06\/francisco-de-roma-com-metrop-hilarion.jpg","type":"image\/jpeg"}],"author":"Pe. Andr\u00e9","twitter_card":"summary_large_image","twitter_creator":"@EcclesiaNews","twitter_site":"@EcclesiaNews","twitter_misc":{"Escrito por":"Pe. Andr\u00e9","Est. tempo de leitura":"3 minutos"},"schema":{"@context":"https:\/\/schema.org","@graph":[{"@type":"Article","@id":"https:\/\/news.ecclesia.org.br\/?p=25172#article","isPartOf":{"@id":"https:\/\/news.ecclesia.org.br\/?p=25172"},"author":{"name":"Pe. Andr\u00e9","@id":"https:\/\/news.ecclesia.org.br\/#\/schema\/person\/6f09597f025829745ba414a569f63758"},"headline":"Papa Francisco de Roma ao Patriarca Cirillo, de Moscou e Toda a R\u00fassia: &#8220;n\u00e3o vamos permitir divis\u00f5es&#8221;","datePublished":"2018-06-01T13:29:03+00:00","mainEntityOfPage":{"@id":"https:\/\/news.ecclesia.org.br\/?p=25172"},"wordCount":570,"commentCount":3,"publisher":{"@id":"https:\/\/news.ecclesia.org.br\/#organization"},"image":{"@id":"https:\/\/news.ecclesia.org.br\/?p=25172#primaryimage"},"thumbnailUrl":"https:\/\/news.ecclesia.org.br\/wp-content\/uploads\/2018\/06\/francisco-de-roma-com-metrop-hilarion.jpg","articleSection":["NEWS"],"inLanguage":"pt-BR","potentialAction":[{"@type":"CommentAction","name":"Comment","target":["https:\/\/news.ecclesia.org.br\/?p=25172#respond"]}]},{"@type":"WebPage","@id":"https:\/\/news.ecclesia.org.br\/?p=25172","url":"https:\/\/news.ecclesia.org.br\/?p=25172","name":"Papa Francisco de Roma ao Patriarca Cirillo, de Moscou e Toda a R\u00fassia: \"n\u00e3o vamos permitir divis\u00f5es\" | ECCLESIA NEWS","isPartOf":{"@id":"https:\/\/news.ecclesia.org.br\/#website"},"primaryImageOfPage":{"@id":"https:\/\/news.ecclesia.org.br\/?p=25172#primaryimage"},"image":{"@id":"https:\/\/news.ecclesia.org.br\/?p=25172#primaryimage"},"thumbnailUrl":"https:\/\/news.ecclesia.org.br\/wp-content\/uploads\/2018\/06\/francisco-de-roma-com-metrop-hilarion.jpg","datePublished":"2018-06-01T13:29:03+00:00","breadcrumb":{"@id":"https:\/\/news.ecclesia.org.br\/?p=25172#breadcrumb"},"inLanguage":"pt-BR","potentialAction":[{"@type":"ReadAction","target":["https:\/\/news.ecclesia.org.br\/?p=25172"]}]},{"@type":"ImageObject","inLanguage":"pt-BR","@id":"https:\/\/news.ecclesia.org.br\/?p=25172#primaryimage","url":"https:\/\/news.ecclesia.org.br\/wp-content\/uploads\/2018\/06\/francisco-de-roma-com-metrop-hilarion.jpg","contentUrl":"https:\/\/news.ecclesia.org.br\/wp-content\/uploads\/2018\/06\/francisco-de-roma-com-metrop-hilarion.jpg","width":1024,"height":576},{"@type":"BreadcrumbList","@id":"https:\/\/news.ecclesia.org.br\/?p=25172#breadcrumb","itemListElement":[{"@type":"ListItem","position":1,"name":"In\u00edcio","item":"https:\/\/news.ecclesia.org.br\/"},{"@type":"ListItem","position":2,"name":"Papa Francisco de Roma ao Patriarca Cirillo, de Moscou e Toda a R\u00fassia: &#8220;n\u00e3o vamos permitir divis\u00f5es&#8221;"}]},{"@type":"WebSite","@id":"https:\/\/news.ecclesia.org.br\/#website","url":"https:\/\/news.ecclesia.org.br\/","name":"Ecclesia Brasil","description":"Desde 2003 onectando o Brasil ao mundo ortodoxo!","publisher":{"@id":"https:\/\/news.ecclesia.org.br\/#organization"},"alternateName":"Ecclesia","potentialAction":[{"@type":"SearchAction","target":{"@type":"EntryPoint","urlTemplate":"https:\/\/news.ecclesia.org.br\/?s={search_term_string}"},"query-input":{"@type":"PropertyValueSpecification","valueRequired":true,"valueName":"search_term_string"}}],"inLanguage":"pt-BR"},{"@type":"Organization","@id":"https:\/\/news.ecclesia.org.br\/#organization","name":"Sacra Arquidiocese de Buenos Aires e Am\u00e9rica do Sul | Patriarcado Ecum\u00eanico","alternateName":"News Ecclesia Brasil","url":"https:\/\/news.ecclesia.org.br\/","logo":{"@type":"ImageObject","inLanguage":"pt-BR","@id":"https:\/\/news.ecclesia.org.br\/#\/schema\/logo\/image\/","url":"https:\/\/news.ecclesia.org.br\/wp-content\/uploads\/2025\/05\/ecclesia2.png","contentUrl":"https:\/\/news.ecclesia.org.br\/wp-content\/uploads\/2025\/05\/ecclesia2.png","width":480,"height":120,"caption":"Sacra Arquidiocese de Buenos Aires e Am\u00e9rica do Sul | Patriarcado Ecum\u00eanico"},"image":{"@id":"https:\/\/news.ecclesia.org.br\/#\/schema\/logo\/image\/"},"sameAs":["https:\/\/www.facebook.com\/Ecclesia2025","https:\/\/x.com\/EcclesiaNews","https:\/\/br.pinterest.com\/ekklisia\/","https:\/\/www.youtube.com\/@EcclesiaBrasil"]},{"@type":"Person","@id":"https:\/\/news.ecclesia.org.br\/#\/schema\/person\/6f09597f025829745ba414a569f63758","name":"Pe. Andr\u00e9","image":{"@type":"ImageObject","inLanguage":"pt-BR","@id":"https:\/\/secure.gravatar.com\/avatar\/b4327cfa27e9799da239a26adcd534fc29cdc0c4a4a148eecbcfeb9b42c617ac?s=96&d=mm&r=g","url":"https:\/\/secure.gravatar.com\/avatar\/b4327cfa27e9799da239a26adcd534fc29cdc0c4a4a148eecbcfeb9b42c617ac?s=96&d=mm&r=g","contentUrl":"https:\/\/secure.gravatar.com\/avatar\/b4327cfa27e9799da239a26adcd534fc29cdc0c4a4a148eecbcfeb9b42c617ac?s=96&d=mm&r=g","caption":"Pe. Andr\u00e9"},"sameAs":["https:\/\/www.ecclesia.org.br"]}]}},"_links":{"self":[{"href":"https:\/\/news.ecclesia.org.br\/index.php?rest_route=\/wp\/v2\/posts\/25172","targetHints":{"allow":["GET"]}}],"collection":[{"href":"https:\/\/news.ecclesia.org.br\/index.php?rest_route=\/wp\/v2\/posts"}],"about":[{"href":"https:\/\/news.ecclesia.org.br\/index.php?rest_route=\/wp\/v2\/types\/post"}],"author":[{"embeddable":true,"href":"https:\/\/news.ecclesia.org.br\/index.php?rest_route=\/wp\/v2\/users\/1"}],"replies":[{"embeddable":true,"href":"https:\/\/news.ecclesia.org.br\/index.php?rest_route=%2Fwp%2Fv2%2Fcomments&post=25172"}],"version-history":[{"count":0,"href":"https:\/\/news.ecclesia.org.br\/index.php?rest_route=\/wp\/v2\/posts\/25172\/revisions"}],"wp:featuredmedia":[{"embeddable":true,"href":"https:\/\/news.ecclesia.org.br\/index.php?rest_route=\/wp\/v2\/media\/25173"}],"wp:attachment":[{"href":"https:\/\/news.ecclesia.org.br\/index.php?rest_route=%2Fwp%2Fv2%2Fmedia&parent=25172"}],"wp:term":[{"taxonomy":"category","embeddable":true,"href":"https:\/\/news.ecclesia.org.br\/index.php?rest_route=%2Fwp%2Fv2%2Fcategories&post=25172"},{"taxonomy":"post_tag","embeddable":true,"href":"https:\/\/news.ecclesia.org.br\/index.php?rest_route=%2Fwp%2Fv2%2Ftags&post=25172"}],"curies":[{"name":"wp","href":"https:\/\/api.w.org\/{rel}","templated":true}]}}