{"id":25133,"date":"2018-05-26T16:24:59","date_gmt":"2018-05-26T16:24:59","guid":{"rendered":"https:\/\/news.ecclesia.org.br\/?p=25133"},"modified":"2020-09-18T10:56:12","modified_gmt":"2020-09-18T13:56:12","slug":"centesimus-annus-bartolomeu-i-defende-agenda-comum-diante-dos-desafios-atuais","status":"publish","type":"post","link":"https:\/\/news.ecclesia.org.br\/?p=25133","title":{"rendered":"Centesimus Annus: Bartolomeu I defende agenda comum diante dos desafios atuais"},"content":{"rendered":"<figure id=\"attachment_25135\" aria-describedby=\"caption-attachment-25135\" style=\"width: 300px\" class=\"wp-caption alignleft\"><a href=\"https:\/\/news.ecclesia.org.br\/wp-content\/uploads\/2018\/05\/bartolomeu-vaticano-2018-2.jpg\"><img fetchpriority=\"high\" decoding=\"async\" class=\"size-medium wp-image-25135\" src=\"https:\/\/news.ecclesia.org.br\/wp-content\/uploads\/2018\/05\/bartolomeu-vaticano-2018-2-300x169.jpg\" alt=\"\" width=\"300\" height=\"169\" srcset=\"https:\/\/news.ecclesia.org.br\/wp-content\/uploads\/2018\/05\/bartolomeu-vaticano-2018-2-300x169.jpg 300w, https:\/\/news.ecclesia.org.br\/wp-content\/uploads\/2018\/05\/bartolomeu-vaticano-2018-2-600x338.jpg 600w, https:\/\/news.ecclesia.org.br\/wp-content\/uploads\/2018\/05\/bartolomeu-vaticano-2018-2-98x55.jpg 98w, https:\/\/news.ecclesia.org.br\/wp-content\/uploads\/2018\/05\/bartolomeu-vaticano-2018-2.jpg 750w\" sizes=\"(max-width: 300px) 100vw, 300px\" \/><\/a><figcaption id=\"caption-attachment-25135\" class=\"wp-caption-text\">Papa Francisco e Bartolomeu I no Vaticano<\/figcaption><\/figure>\n<p style=\"text-align: justify;\">Falando na confer\u00eancia da Funda\u00e7\u00e3o Centesimus Annus &#8211; pro Pontifice, o Patriarca Ecum\u00eanico de Constantinopla concentrou-se nos problemas atuais nas \u00e1reas da economia e da ecologia, da ci\u00eancia e da tecnologia, da sociedade e da pol\u00edtica, e defendeu uma agenda comum entre as Igrejas para enfrentar os desafios contempor\u00e2neos.<\/p>\n<p style=\"text-align: justify;\">Cidade do Vaticano &#8212; N\u00e3o podemos ignorar a \u00ab&#8221;imensa crise de solidariedade&#8221; existente porque os problemas econ\u00f4micos e sociais afetam diretamente a \u201cexist\u00eancia\u201d e a \u201cdignidade\u201d dos \u200b\u200bseres humanos: \u00e9 necess\u00e1rio, portanto, \u201cuma agenda crist\u00e3 comum para o bem comum&#8221;\u00bb.<\/p>\n<p style=\"text-align: justify;\">Foi o que defendeu o Patriarca Ecum\u00eanico de Constantinopla, Bartolomeu I, ao pronunciar-se na manh\u00e3 deste s\u00e1bado na Sala Regia, no Vaticano, na Confer\u00eancia internacional \u201cDebate sobre novas pol\u00edticas e formas de vida na era digital\u201d, promovida pela Funda\u00e7\u00e3o Centesimus Annus &#8211; Pro Pontifice, por ocasi\u00e3o do 25\u00ba anivers\u00e1rio da sua cria\u00e7\u00e3o, ocorrida em 1993.<\/p>\n<h3 style=\"text-align: justify;\">N\u00f3s precisamos um do outro<\/h3>\n<p style=\"text-align: justify;\">Depois de ter sido recebido em audi\u00eancia privada pelo Papa Francisco, o Patriarca Ecum\u00eanico participou da sess\u00e3o de trabalhos presidida pelo secret\u00e1rio de Estado, Cardeal Pietro Parolin, ocasi\u00e3o em que expressou a convic\u00e7\u00e3o de que &#8220;ningu\u00e9m pode enfrentar sozinho&#8221; os problemas de hoje no campo da economia e da ecologia, da ci\u00eancia e da tecnologia, da sociedade e da pol\u00edtica.<\/p>\n<p style=\"text-align: justify;\">Em tal contexto, sublinhou, &#8220;precisamos uns dos outros&#8221;, ou seja, de uma &#8221;agenda comum, uma mobiliza\u00e7\u00e3o comum, esfor\u00e7os conjuntos e objetivos comuns&#8221;. E nesse esfor\u00e7o &#8220;a contribui\u00e7\u00e3o das nossas Igrejas&#8221;, Cat\u00f3lica e Ortodoxa, continua a ser &#8211; acrescentou \u2013 crucial, pois elas &#8220;conservaram valores elevados, precioso patrim\u00f4nio espiritual e moral e profundo conhecimento antropol\u00f3gico&#8221;.<\/p>\n<h3 style=\"text-align: justify;\">O que \u00e9 verdadeiramente crist\u00e3o \u00e9 essencialmente social<\/h3>\n<p style=\"text-align: justify;\">Dirigindo-se \u00e0 Funda\u00e7\u00e3o Centesimus Annus &#8211; Pro Pontifice, Bartolomeu I agradeceu pela &#8220;determina\u00e7\u00e3o em promover a Doutrina Social da Igreja Cat\u00f3lica&#8221; de acordo com os ensinamentos de S. Jo\u00e3o Paulo II: &#8220;o que \u00e9 verdadeiramente crist\u00e3o &#8211; ressaltou &#8211; \u00e9 essencialmente social&#8221;.<\/p>\n<p style=\"text-align: justify;\">As nossas Igrejas &#8211; continuou &#8211; promovendo &#8220;o conte\u00fado social do Evangelho&#8221;, resistem \u00e0s injusti\u00e7as e a todos os poderes que &#8220;amea\u00e7am a coes\u00e3o social&#8221;.<\/p>\n<p style=\"text-align: justify;\">A prop\u00f3sito do r\u00e1pido progresso da ci\u00eancia e tecnologia, o Patriarca observou como a tecnologia n\u00e3o est\u00e1 mais &#8220;a servi\u00e7o do homem&#8221;, mas \u00e9, pelo contr\u00e1rio, &#8220;a sua principal for\u00e7a motriz, que exige completa obedi\u00eancia, al\u00e9m de impor seus pr\u00f3prios princ\u00edpios em todos os aspectos da vida&#8221;. E expressou &#8220;preocupa\u00e7\u00e3o&#8221; em face de uma certa &#8220;autonomia&#8221; em rela\u00e7\u00e3o \u00e0s &#8220;necessidades vitais do ser humano.&#8221;<\/p>\n<p style=\"text-align: justify;\">No septuag\u00e9simo anivers\u00e1rio da Declara\u00e7\u00e3o Universal dos Direitos Humanos, de 1948, Bartolomeu I exorta a superar o &#8221;individualismo contempor\u00e2neo&#8221; para poder se olhar para uma \u201ccomunidade de pessoas\u201d segundo a comunh\u00e3o da Igreja, em que \u201cmente e cora\u00e7\u00e3o, f\u00e9 e conhecimento, liberdade e amor, indiv\u00edduo e sociedade, ser humano e o conjunto da Cria\u00e7\u00e3o est\u00e3o reconciliados&#8221;.<\/p>\n<hr>\n<p style=\"text-align: right;\">Fonte: <a href=\"https:\/\/www.vaticannews.va\/pt\/\" target=\"_blank\" rel=\"noopener noreferrer\">Vatican News<\/a><\/p>\n","protected":false},"excerpt":{"rendered":"<p>Falando na confer\u00eancia da Funda\u00e7\u00e3o Centesimus Annus &#8211; pro Pontifice, o Patriarca Ecum\u00eanico de Constantinopla concentrou-se nos problemas atuais nas \u00e1reas da economia e da ecologia, da ci\u00eancia e da tecnologia, da sociedade e da pol\u00edtica, e defendeu uma agenda&#8230;<\/p>\n","protected":false},"author":1,"featured_media":25134,"comment_status":"open","ping_status":"open","sticky":false,"template":"","format":"standard","meta":{"_acf_changed":false,"footnotes":""},"categories":[1,72],"tags":[],"class_list":["post-25133","post","type-post","status-publish","format-standard","has-post-thumbnail","hentry","category-news","category-patriarcado-ecumenico","entry","rows-excerpt"],"acf":[],"yoast_head":"<!-- This site is optimized with the Yoast SEO plugin v27.4 - https:\/\/yoast.com\/product\/yoast-seo-wordpress\/ -->\n<title>Centesimus Annus: Bartolomeu I defende agenda comum diante dos desafios atuais | ECCLESIA NEWS<\/title>\n<meta name=\"robots\" content=\"index, follow, max-snippet:-1, max-image-preview:large, max-video-preview:-1\" \/>\n<link rel=\"canonical\" href=\"https:\/\/news.ecclesia.org.br\/?p=25133\" \/>\n<meta property=\"og:locale\" content=\"pt_BR\" \/>\n<meta property=\"og:type\" content=\"article\" \/>\n<meta property=\"og:title\" content=\"Centesimus Annus: Bartolomeu I defende agenda comum diante dos desafios atuais | ECCLESIA NEWS\" \/>\n<meta property=\"og:description\" content=\"Falando na confer\u00eancia da Funda\u00e7\u00e3o Centesimus Annus &#8211; pro Pontifice, o Patriarca Ecum\u00eanico de Constantinopla concentrou-se nos problemas atuais nas \u00e1reas da economia e da ecologia, da ci\u00eancia e da tecnologia, da sociedade e da pol\u00edtica, e defendeu uma agenda&#8230;\" \/>\n<meta property=\"og:url\" content=\"https:\/\/news.ecclesia.org.br\/?p=25133\" \/>\n<meta property=\"og:site_name\" content=\"ECCLESIA NEWS\" \/>\n<meta property=\"article:publisher\" content=\"https:\/\/www.facebook.com\/Ecclesia2025\" \/>\n<meta property=\"article:published_time\" content=\"2018-05-26T16:24:59+00:00\" \/>\n<meta property=\"article:modified_time\" content=\"2020-09-18T13:56:12+00:00\" \/>\n<meta property=\"og:image\" content=\"https:\/\/news.ecclesia.org.br\/wp-content\/uploads\/2018\/05\/bartolomeu-vaticano-2018.jpg\" \/>\n\t<meta property=\"og:image:width\" content=\"750\" \/>\n\t<meta property=\"og:image:height\" content=\"422\" \/>\n\t<meta property=\"og:image:type\" content=\"image\/jpeg\" \/>\n<meta name=\"author\" content=\"Pe. Andr\u00e9\" \/>\n<meta name=\"twitter:card\" content=\"summary_large_image\" \/>\n<meta name=\"twitter:creator\" content=\"@EcclesiaNews\" \/>\n<meta name=\"twitter:site\" content=\"@EcclesiaNews\" \/>\n<meta name=\"twitter:label1\" content=\"Escrito por\" \/>\n\t<meta name=\"twitter:data1\" content=\"Pe. Andr\u00e9\" \/>\n\t<meta name=\"twitter:label2\" content=\"Est. tempo de leitura\" \/>\n\t<meta name=\"twitter:data2\" content=\"3 minutos\" \/>\n<script type=\"application\/ld+json\" class=\"yoast-schema-graph\">{\"@context\":\"https:\\\/\\\/schema.org\",\"@graph\":[{\"@type\":\"Article\",\"@id\":\"https:\\\/\\\/news.ecclesia.org.br\\\/?p=25133#article\",\"isPartOf\":{\"@id\":\"https:\\\/\\\/news.ecclesia.org.br\\\/?p=25133\"},\"author\":{\"name\":\"Pe. Andr\u00e9\",\"@id\":\"https:\\\/\\\/news.ecclesia.org.br\\\/#\\\/schema\\\/person\\\/6f09597f025829745ba414a569f63758\"},\"headline\":\"Centesimus Annus: Bartolomeu I defende agenda comum diante dos desafios atuais\",\"datePublished\":\"2018-05-26T16:24:59+00:00\",\"dateModified\":\"2020-09-18T13:56:12+00:00\",\"mainEntityOfPage\":{\"@id\":\"https:\\\/\\\/news.ecclesia.org.br\\\/?p=25133\"},\"wordCount\":542,\"commentCount\":1,\"publisher\":{\"@id\":\"https:\\\/\\\/news.ecclesia.org.br\\\/#organization\"},\"image\":{\"@id\":\"https:\\\/\\\/news.ecclesia.org.br\\\/?p=25133#primaryimage\"},\"thumbnailUrl\":\"https:\\\/\\\/news.ecclesia.org.br\\\/wp-content\\\/uploads\\\/2018\\\/05\\\/bartolomeu-vaticano-2018.jpg\",\"articleSection\":[\"NEWS\",\"Patriarcado Ecum\u00eanico\"],\"inLanguage\":\"pt-BR\",\"potentialAction\":[{\"@type\":\"CommentAction\",\"name\":\"Comment\",\"target\":[\"https:\\\/\\\/news.ecclesia.org.br\\\/?p=25133#respond\"]}]},{\"@type\":\"WebPage\",\"@id\":\"https:\\\/\\\/news.ecclesia.org.br\\\/?p=25133\",\"url\":\"https:\\\/\\\/news.ecclesia.org.br\\\/?p=25133\",\"name\":\"Centesimus Annus: Bartolomeu I defende agenda comum diante dos desafios atuais | ECCLESIA NEWS\",\"isPartOf\":{\"@id\":\"https:\\\/\\\/news.ecclesia.org.br\\\/#website\"},\"primaryImageOfPage\":{\"@id\":\"https:\\\/\\\/news.ecclesia.org.br\\\/?p=25133#primaryimage\"},\"image\":{\"@id\":\"https:\\\/\\\/news.ecclesia.org.br\\\/?p=25133#primaryimage\"},\"thumbnailUrl\":\"https:\\\/\\\/news.ecclesia.org.br\\\/wp-content\\\/uploads\\\/2018\\\/05\\\/bartolomeu-vaticano-2018.jpg\",\"datePublished\":\"2018-05-26T16:24:59+00:00\",\"dateModified\":\"2020-09-18T13:56:12+00:00\",\"breadcrumb\":{\"@id\":\"https:\\\/\\\/news.ecclesia.org.br\\\/?p=25133#breadcrumb\"},\"inLanguage\":\"pt-BR\",\"potentialAction\":[{\"@type\":\"ReadAction\",\"target\":[\"https:\\\/\\\/news.ecclesia.org.br\\\/?p=25133\"]}]},{\"@type\":\"ImageObject\",\"inLanguage\":\"pt-BR\",\"@id\":\"https:\\\/\\\/news.ecclesia.org.br\\\/?p=25133#primaryimage\",\"url\":\"https:\\\/\\\/news.ecclesia.org.br\\\/wp-content\\\/uploads\\\/2018\\\/05\\\/bartolomeu-vaticano-2018.jpg\",\"contentUrl\":\"https:\\\/\\\/news.ecclesia.org.br\\\/wp-content\\\/uploads\\\/2018\\\/05\\\/bartolomeu-vaticano-2018.jpg\",\"width\":750,\"height\":422,\"caption\":\"Papa Francisco e Bartolomeu I no Vaticano\"},{\"@type\":\"BreadcrumbList\",\"@id\":\"https:\\\/\\\/news.ecclesia.org.br\\\/?p=25133#breadcrumb\",\"itemListElement\":[{\"@type\":\"ListItem\",\"position\":1,\"name\":\"In\u00edcio\",\"item\":\"https:\\\/\\\/news.ecclesia.org.br\\\/\"},{\"@type\":\"ListItem\",\"position\":2,\"name\":\"Centesimus Annus: Bartolomeu I defende agenda comum diante dos desafios atuais\"}]},{\"@type\":\"WebSite\",\"@id\":\"https:\\\/\\\/news.ecclesia.org.br\\\/#website\",\"url\":\"https:\\\/\\\/news.ecclesia.org.br\\\/\",\"name\":\"Ecclesia Brasil\",\"description\":\"Desde 2003 onectando o Brasil ao mundo ortodoxo!\",\"publisher\":{\"@id\":\"https:\\\/\\\/news.ecclesia.org.br\\\/#organization\"},\"alternateName\":\"Ecclesia\",\"potentialAction\":[{\"@type\":\"SearchAction\",\"target\":{\"@type\":\"EntryPoint\",\"urlTemplate\":\"https:\\\/\\\/news.ecclesia.org.br\\\/?s={search_term_string}\"},\"query-input\":{\"@type\":\"PropertyValueSpecification\",\"valueRequired\":true,\"valueName\":\"search_term_string\"}}],\"inLanguage\":\"pt-BR\"},{\"@type\":\"Organization\",\"@id\":\"https:\\\/\\\/news.ecclesia.org.br\\\/#organization\",\"name\":\"Sacra Arquidiocese de Buenos Aires e Am\u00e9rica do Sul | Patriarcado Ecum\u00eanico\",\"alternateName\":\"News Ecclesia Brasil\",\"url\":\"https:\\\/\\\/news.ecclesia.org.br\\\/\",\"logo\":{\"@type\":\"ImageObject\",\"inLanguage\":\"pt-BR\",\"@id\":\"https:\\\/\\\/news.ecclesia.org.br\\\/#\\\/schema\\\/logo\\\/image\\\/\",\"url\":\"https:\\\/\\\/news.ecclesia.org.br\\\/wp-content\\\/uploads\\\/2025\\\/05\\\/ecclesia2.png\",\"contentUrl\":\"https:\\\/\\\/news.ecclesia.org.br\\\/wp-content\\\/uploads\\\/2025\\\/05\\\/ecclesia2.png\",\"width\":480,\"height\":120,\"caption\":\"Sacra Arquidiocese de Buenos Aires e Am\u00e9rica do Sul | Patriarcado Ecum\u00eanico\"},\"image\":{\"@id\":\"https:\\\/\\\/news.ecclesia.org.br\\\/#\\\/schema\\\/logo\\\/image\\\/\"},\"sameAs\":[\"https:\\\/\\\/www.facebook.com\\\/Ecclesia2025\",\"https:\\\/\\\/x.com\\\/EcclesiaNews\",\"https:\\\/\\\/br.pinterest.com\\\/ekklisia\\\/\",\"https:\\\/\\\/www.youtube.com\\\/@EcclesiaBrasil\"]},{\"@type\":\"Person\",\"@id\":\"https:\\\/\\\/news.ecclesia.org.br\\\/#\\\/schema\\\/person\\\/6f09597f025829745ba414a569f63758\",\"name\":\"Pe. Andr\u00e9\",\"image\":{\"@type\":\"ImageObject\",\"inLanguage\":\"pt-BR\",\"@id\":\"https:\\\/\\\/secure.gravatar.com\\\/avatar\\\/b4327cfa27e9799da239a26adcd534fc29cdc0c4a4a148eecbcfeb9b42c617ac?s=96&d=mm&r=g\",\"url\":\"https:\\\/\\\/secure.gravatar.com\\\/avatar\\\/b4327cfa27e9799da239a26adcd534fc29cdc0c4a4a148eecbcfeb9b42c617ac?s=96&d=mm&r=g\",\"contentUrl\":\"https:\\\/\\\/secure.gravatar.com\\\/avatar\\\/b4327cfa27e9799da239a26adcd534fc29cdc0c4a4a148eecbcfeb9b42c617ac?s=96&d=mm&r=g\",\"caption\":\"Pe. Andr\u00e9\"},\"sameAs\":[\"https:\\\/\\\/www.ecclesia.org.br\"]}]}<\/script>\n<!-- \/ Yoast SEO plugin. -->","yoast_head_json":{"title":"Centesimus Annus: Bartolomeu I defende agenda comum diante dos desafios atuais | ECCLESIA NEWS","robots":{"index":"index","follow":"follow","max-snippet":"max-snippet:-1","max-image-preview":"max-image-preview:large","max-video-preview":"max-video-preview:-1"},"canonical":"https:\/\/news.ecclesia.org.br\/?p=25133","og_locale":"pt_BR","og_type":"article","og_title":"Centesimus Annus: Bartolomeu I defende agenda comum diante dos desafios atuais | ECCLESIA NEWS","og_description":"Falando na confer\u00eancia da Funda\u00e7\u00e3o Centesimus Annus &#8211; pro Pontifice, o Patriarca Ecum\u00eanico de Constantinopla concentrou-se nos problemas atuais nas \u00e1reas da economia e da ecologia, da ci\u00eancia e da tecnologia, da sociedade e da pol\u00edtica, e defendeu uma agenda&#8230;","og_url":"https:\/\/news.ecclesia.org.br\/?p=25133","og_site_name":"ECCLESIA NEWS","article_publisher":"https:\/\/www.facebook.com\/Ecclesia2025","article_published_time":"2018-05-26T16:24:59+00:00","article_modified_time":"2020-09-18T13:56:12+00:00","og_image":[{"width":750,"height":422,"url":"https:\/\/news.ecclesia.org.br\/wp-content\/uploads\/2018\/05\/bartolomeu-vaticano-2018.jpg","type":"image\/jpeg"}],"author":"Pe. Andr\u00e9","twitter_card":"summary_large_image","twitter_creator":"@EcclesiaNews","twitter_site":"@EcclesiaNews","twitter_misc":{"Escrito por":"Pe. Andr\u00e9","Est. tempo de leitura":"3 minutos"},"schema":{"@context":"https:\/\/schema.org","@graph":[{"@type":"Article","@id":"https:\/\/news.ecclesia.org.br\/?p=25133#article","isPartOf":{"@id":"https:\/\/news.ecclesia.org.br\/?p=25133"},"author":{"name":"Pe. Andr\u00e9","@id":"https:\/\/news.ecclesia.org.br\/#\/schema\/person\/6f09597f025829745ba414a569f63758"},"headline":"Centesimus Annus: Bartolomeu I defende agenda comum diante dos desafios atuais","datePublished":"2018-05-26T16:24:59+00:00","dateModified":"2020-09-18T13:56:12+00:00","mainEntityOfPage":{"@id":"https:\/\/news.ecclesia.org.br\/?p=25133"},"wordCount":542,"commentCount":1,"publisher":{"@id":"https:\/\/news.ecclesia.org.br\/#organization"},"image":{"@id":"https:\/\/news.ecclesia.org.br\/?p=25133#primaryimage"},"thumbnailUrl":"https:\/\/news.ecclesia.org.br\/wp-content\/uploads\/2018\/05\/bartolomeu-vaticano-2018.jpg","articleSection":["NEWS","Patriarcado Ecum\u00eanico"],"inLanguage":"pt-BR","potentialAction":[{"@type":"CommentAction","name":"Comment","target":["https:\/\/news.ecclesia.org.br\/?p=25133#respond"]}]},{"@type":"WebPage","@id":"https:\/\/news.ecclesia.org.br\/?p=25133","url":"https:\/\/news.ecclesia.org.br\/?p=25133","name":"Centesimus Annus: Bartolomeu I defende agenda comum diante dos desafios atuais | ECCLESIA NEWS","isPartOf":{"@id":"https:\/\/news.ecclesia.org.br\/#website"},"primaryImageOfPage":{"@id":"https:\/\/news.ecclesia.org.br\/?p=25133#primaryimage"},"image":{"@id":"https:\/\/news.ecclesia.org.br\/?p=25133#primaryimage"},"thumbnailUrl":"https:\/\/news.ecclesia.org.br\/wp-content\/uploads\/2018\/05\/bartolomeu-vaticano-2018.jpg","datePublished":"2018-05-26T16:24:59+00:00","dateModified":"2020-09-18T13:56:12+00:00","breadcrumb":{"@id":"https:\/\/news.ecclesia.org.br\/?p=25133#breadcrumb"},"inLanguage":"pt-BR","potentialAction":[{"@type":"ReadAction","target":["https:\/\/news.ecclesia.org.br\/?p=25133"]}]},{"@type":"ImageObject","inLanguage":"pt-BR","@id":"https:\/\/news.ecclesia.org.br\/?p=25133#primaryimage","url":"https:\/\/news.ecclesia.org.br\/wp-content\/uploads\/2018\/05\/bartolomeu-vaticano-2018.jpg","contentUrl":"https:\/\/news.ecclesia.org.br\/wp-content\/uploads\/2018\/05\/bartolomeu-vaticano-2018.jpg","width":750,"height":422,"caption":"Papa Francisco e Bartolomeu I no Vaticano"},{"@type":"BreadcrumbList","@id":"https:\/\/news.ecclesia.org.br\/?p=25133#breadcrumb","itemListElement":[{"@type":"ListItem","position":1,"name":"In\u00edcio","item":"https:\/\/news.ecclesia.org.br\/"},{"@type":"ListItem","position":2,"name":"Centesimus Annus: Bartolomeu I defende agenda comum diante dos desafios atuais"}]},{"@type":"WebSite","@id":"https:\/\/news.ecclesia.org.br\/#website","url":"https:\/\/news.ecclesia.org.br\/","name":"Ecclesia Brasil","description":"Desde 2003 onectando o Brasil ao mundo ortodoxo!","publisher":{"@id":"https:\/\/news.ecclesia.org.br\/#organization"},"alternateName":"Ecclesia","potentialAction":[{"@type":"SearchAction","target":{"@type":"EntryPoint","urlTemplate":"https:\/\/news.ecclesia.org.br\/?s={search_term_string}"},"query-input":{"@type":"PropertyValueSpecification","valueRequired":true,"valueName":"search_term_string"}}],"inLanguage":"pt-BR"},{"@type":"Organization","@id":"https:\/\/news.ecclesia.org.br\/#organization","name":"Sacra Arquidiocese de Buenos Aires e Am\u00e9rica do Sul | Patriarcado Ecum\u00eanico","alternateName":"News Ecclesia Brasil","url":"https:\/\/news.ecclesia.org.br\/","logo":{"@type":"ImageObject","inLanguage":"pt-BR","@id":"https:\/\/news.ecclesia.org.br\/#\/schema\/logo\/image\/","url":"https:\/\/news.ecclesia.org.br\/wp-content\/uploads\/2025\/05\/ecclesia2.png","contentUrl":"https:\/\/news.ecclesia.org.br\/wp-content\/uploads\/2025\/05\/ecclesia2.png","width":480,"height":120,"caption":"Sacra Arquidiocese de Buenos Aires e Am\u00e9rica do Sul | Patriarcado Ecum\u00eanico"},"image":{"@id":"https:\/\/news.ecclesia.org.br\/#\/schema\/logo\/image\/"},"sameAs":["https:\/\/www.facebook.com\/Ecclesia2025","https:\/\/x.com\/EcclesiaNews","https:\/\/br.pinterest.com\/ekklisia\/","https:\/\/www.youtube.com\/@EcclesiaBrasil"]},{"@type":"Person","@id":"https:\/\/news.ecclesia.org.br\/#\/schema\/person\/6f09597f025829745ba414a569f63758","name":"Pe. Andr\u00e9","image":{"@type":"ImageObject","inLanguage":"pt-BR","@id":"https:\/\/secure.gravatar.com\/avatar\/b4327cfa27e9799da239a26adcd534fc29cdc0c4a4a148eecbcfeb9b42c617ac?s=96&d=mm&r=g","url":"https:\/\/secure.gravatar.com\/avatar\/b4327cfa27e9799da239a26adcd534fc29cdc0c4a4a148eecbcfeb9b42c617ac?s=96&d=mm&r=g","contentUrl":"https:\/\/secure.gravatar.com\/avatar\/b4327cfa27e9799da239a26adcd534fc29cdc0c4a4a148eecbcfeb9b42c617ac?s=96&d=mm&r=g","caption":"Pe. Andr\u00e9"},"sameAs":["https:\/\/www.ecclesia.org.br"]}]}},"_links":{"self":[{"href":"https:\/\/news.ecclesia.org.br\/index.php?rest_route=\/wp\/v2\/posts\/25133","targetHints":{"allow":["GET"]}}],"collection":[{"href":"https:\/\/news.ecclesia.org.br\/index.php?rest_route=\/wp\/v2\/posts"}],"about":[{"href":"https:\/\/news.ecclesia.org.br\/index.php?rest_route=\/wp\/v2\/types\/post"}],"author":[{"embeddable":true,"href":"https:\/\/news.ecclesia.org.br\/index.php?rest_route=\/wp\/v2\/users\/1"}],"replies":[{"embeddable":true,"href":"https:\/\/news.ecclesia.org.br\/index.php?rest_route=%2Fwp%2Fv2%2Fcomments&post=25133"}],"version-history":[{"count":1,"href":"https:\/\/news.ecclesia.org.br\/index.php?rest_route=\/wp\/v2\/posts\/25133\/revisions"}],"predecessor-version":[{"id":33955,"href":"https:\/\/news.ecclesia.org.br\/index.php?rest_route=\/wp\/v2\/posts\/25133\/revisions\/33955"}],"wp:featuredmedia":[{"embeddable":true,"href":"https:\/\/news.ecclesia.org.br\/index.php?rest_route=\/wp\/v2\/media\/25134"}],"wp:attachment":[{"href":"https:\/\/news.ecclesia.org.br\/index.php?rest_route=%2Fwp%2Fv2%2Fmedia&parent=25133"}],"wp:term":[{"taxonomy":"category","embeddable":true,"href":"https:\/\/news.ecclesia.org.br\/index.php?rest_route=%2Fwp%2Fv2%2Fcategories&post=25133"},{"taxonomy":"post_tag","embeddable":true,"href":"https:\/\/news.ecclesia.org.br\/index.php?rest_route=%2Fwp%2Fv2%2Ftags&post=25133"}],"curies":[{"name":"wp","href":"https:\/\/api.w.org\/{rel}","templated":true}]}}