{"id":25127,"date":"2018-05-25T13:34:30","date_gmt":"2018-05-25T13:34:30","guid":{"rendered":"https:\/\/news.ecclesia.org.br\/?p=25127"},"modified":"2018-05-25T13:35:01","modified_gmt":"2018-05-25T13:35:01","slug":"patriarca-ecumenico-bartolomeu-i-dialogo-e-a-unica-resposta-as-muitas-formas-de-fundamentalismo-que-mancham-de-sangue-muitas-regioes-do-mundo","status":"publish","type":"post","link":"https:\/\/news.ecclesia.org.br\/?p=25127","title":{"rendered":"Bartolomeu I: \u00abDi\u00e1logo \u00e9 a \u00fanica resposta \u00e0s muitas formas de fundamentalismo que mancham de sangue muitas regi\u00f5es do mundo\u00bb"},"content":{"rendered":"<p style=\"text-align: justify;\"><a href=\"https:\/\/news.ecclesia.org.br\/wp-content\/uploads\/2017\/09\/patriarca-bartolomeu-2.jpg\"><img fetchpriority=\"high\" decoding=\"async\" class=\"alignleft size-medium wp-image-23742\" src=\"https:\/\/news.ecclesia.org.br\/wp-content\/uploads\/2017\/09\/patriarca-bartolomeu-2-259x300.jpg\" alt=\"\" width=\"259\" height=\"300\" srcset=\"https:\/\/news.ecclesia.org.br\/wp-content\/uploads\/2017\/09\/patriarca-bartolomeu-2-259x300.jpg 259w, https:\/\/news.ecclesia.org.br\/wp-content\/uploads\/2017\/09\/patriarca-bartolomeu-2-600x694.jpg 600w, https:\/\/news.ecclesia.org.br\/wp-content\/uploads\/2017\/09\/patriarca-bartolomeu-2-48x55.jpg 48w, https:\/\/news.ecclesia.org.br\/wp-content\/uploads\/2017\/09\/patriarca-bartolomeu-2.jpg 638w\" sizes=\"(max-width: 259px) 100vw, 259px\" \/><\/a>24 de maio de 2018\u00a0\u00e0s 20:00 &#8212; \u00abO di\u00e1logo como um elemento fundante das rela\u00e7\u00f5es interpessoais que, por si, declinam em muitos ulteriores passos relacionais em dire\u00e7\u00e3o a todo conhecimento humano e a tudo mais que dele deriva\u00bb.\u00a0Palavras de Bartolomeu I, Patriarca Ecum\u00e9nico de Constantinopla, na interven\u00e7\u00e3o que realizou na noite desta quinta-feira, 24, durante o jantar na embaixada da Espanha junto \u00e0 Santa S\u00e9, como parte das iniciativas para o 25\u00ba anivers\u00e1rio da Funda\u00e7\u00e3o Centesimus Annus.\u00a0\u00abUm encontro fraterno que fortalece e refor\u00e7a la\u00e7os importantes que visam o di\u00e1logo entre Igrejas, religi\u00f5es, culturas, sociedades e povos.\u00a0O Patriarca reconheceu que hoje o mundo est\u00e1 \u00abcada vez mais oprimido pelo fundamentalismo ideol\u00f3gico, econ\u00f4mico e religioso, em que o ser humano j\u00e1 n\u00e3o \u00e9 mais o fim \u00faltimo de toda a\u00e7\u00e3o humana, mas objeto que sofre as consequ\u00eancias das mais terr\u00edveis formas de exclus\u00f5es\u00bb.\u00a0Assim, \u00abo di\u00e1logo continua a ser o \u00fanico elemento de inclus\u00e3o, gra\u00e7as ao qual as diverg\u00eancias, as dificuldades e incompreens\u00f5es podem ser superados\u00bb.\u00a0Bartolomeu recordou que \u00abnossas Igrejas nunca tiveram medo do di\u00e1logo, mesmo em momentos de confronto teol\u00f3gico ou cultural, em que parecia que o fundamentalismo de alguns poderia ter a \u00faltima palavra\u00bb.\u00a0Sempre manteve seu compromisso com o presente.\u00a0\u00abMesmo hoje, como igrejas crist\u00e3s, podemos juntos oferecer respostas \u00e0s m\u00faltiplas e graves crises globais, podemos abordar as quest\u00f5es de justi\u00e7a social, das migra\u00e7\u00f5es que ocorrem em muitas \u00e1reas do mundo, da paz continuamente amea\u00e7ada pelos interesses de uns poucos, da preserva\u00e7\u00e3o do meio-ambiente, que Deus nos deu \u00aba fim de que\u00bb pud\u00e9ssemos protege-lo e cuida-lo, e n\u00e3o para explora-lo, movidos pela gan\u00e2ncia insensata do consumo desenfreado\u00bb.<\/p>\n<hr \/>\n<p style=\"text-align: right;\">Com informa\u00e7\u00f5es da Ag\u00eancia (italiana) <a href=\"https:\/\/www.agensir.it\/\">SIR<\/a><\/p>\n","protected":false},"excerpt":{"rendered":"<p>24 de maio de 2018\u00a0\u00e0s 20:00 &#8212; \u00abO di\u00e1logo como um elemento fundante das rela\u00e7\u00f5es interpessoais que, por si, declinam em muitos ulteriores passos relacionais em dire\u00e7\u00e3o a todo conhecimento humano e a tudo mais que dele deriva\u00bb.\u00a0Palavras de Bartolomeu&#8230;<\/p>\n","protected":false},"author":1,"featured_media":23742,"comment_status":"open","ping_status":"open","sticky":false,"template":"","format":"standard","meta":{"_acf_changed":false,"footnotes":""},"categories":[1,72],"tags":[],"class_list":["post-25127","post","type-post","status-publish","format-standard","has-post-thumbnail","hentry","category-news","category-patriarcado-ecumenico","entry","rows-excerpt"],"acf":[],"yoast_head":"<!-- This site is optimized with the Yoast SEO plugin v27.4 - https:\/\/yoast.com\/product\/yoast-seo-wordpress\/ -->\n<title>Bartolomeu I: \u00abDi\u00e1logo \u00e9 a \u00fanica resposta \u00e0s muitas formas de fundamentalismo que mancham de sangue muitas regi\u00f5es do mundo\u00bb | ECCLESIA NEWS<\/title>\n<meta name=\"robots\" content=\"index, follow, max-snippet:-1, max-image-preview:large, max-video-preview:-1\" \/>\n<link rel=\"canonical\" href=\"https:\/\/news.ecclesia.org.br\/?p=25127\" \/>\n<meta property=\"og:locale\" content=\"pt_BR\" \/>\n<meta property=\"og:type\" content=\"article\" \/>\n<meta property=\"og:title\" content=\"Bartolomeu I: \u00abDi\u00e1logo \u00e9 a \u00fanica resposta \u00e0s muitas formas de fundamentalismo que mancham de sangue muitas regi\u00f5es do mundo\u00bb | ECCLESIA NEWS\" \/>\n<meta property=\"og:description\" content=\"24 de maio de 2018\u00a0\u00e0s 20:00 &#8212; \u00abO di\u00e1logo como um elemento fundante das rela\u00e7\u00f5es interpessoais que, por si, declinam em muitos ulteriores passos relacionais em dire\u00e7\u00e3o a todo conhecimento humano e a tudo mais que dele deriva\u00bb.\u00a0Palavras de Bartolomeu&#8230;\" \/>\n<meta property=\"og:url\" content=\"https:\/\/news.ecclesia.org.br\/?p=25127\" \/>\n<meta property=\"og:site_name\" content=\"ECCLESIA NEWS\" \/>\n<meta property=\"article:publisher\" content=\"https:\/\/www.facebook.com\/Ecclesia2025\" \/>\n<meta property=\"article:published_time\" content=\"2018-05-25T13:34:30+00:00\" \/>\n<meta property=\"article:modified_time\" content=\"2018-05-25T13:35:01+00:00\" \/>\n<meta property=\"og:image\" content=\"https:\/\/news.ecclesia.org.br\/wp-content\/uploads\/2017\/09\/patriarca-bartolomeu-2.jpg\" \/>\n\t<meta property=\"og:image:width\" content=\"638\" \/>\n\t<meta property=\"og:image:height\" content=\"738\" \/>\n\t<meta property=\"og:image:type\" content=\"image\/jpeg\" \/>\n<meta name=\"author\" content=\"Pe. Andr\u00e9\" \/>\n<meta name=\"twitter:card\" content=\"summary_large_image\" \/>\n<meta name=\"twitter:creator\" content=\"@EcclesiaNews\" \/>\n<meta name=\"twitter:site\" content=\"@EcclesiaNews\" \/>\n<meta name=\"twitter:label1\" content=\"Escrito por\" \/>\n\t<meta name=\"twitter:data1\" content=\"Pe. Andr\u00e9\" \/>\n\t<meta name=\"twitter:label2\" content=\"Est. tempo de leitura\" \/>\n\t<meta name=\"twitter:data2\" content=\"2 minutos\" \/>\n<script type=\"application\/ld+json\" class=\"yoast-schema-graph\">{\"@context\":\"https:\\\/\\\/schema.org\",\"@graph\":[{\"@type\":\"Article\",\"@id\":\"https:\\\/\\\/news.ecclesia.org.br\\\/?p=25127#article\",\"isPartOf\":{\"@id\":\"https:\\\/\\\/news.ecclesia.org.br\\\/?p=25127\"},\"author\":{\"name\":\"Pe. Andr\u00e9\",\"@id\":\"https:\\\/\\\/news.ecclesia.org.br\\\/#\\\/schema\\\/person\\\/6f09597f025829745ba414a569f63758\"},\"headline\":\"Bartolomeu I: \u00abDi\u00e1logo \u00e9 a \u00fanica resposta \u00e0s muitas formas de fundamentalismo que mancham de sangue muitas regi\u00f5es do mundo\u00bb\",\"datePublished\":\"2018-05-25T13:34:30+00:00\",\"dateModified\":\"2018-05-25T13:35:01+00:00\",\"mainEntityOfPage\":{\"@id\":\"https:\\\/\\\/news.ecclesia.org.br\\\/?p=25127\"},\"wordCount\":330,\"commentCount\":0,\"publisher\":{\"@id\":\"https:\\\/\\\/news.ecclesia.org.br\\\/#organization\"},\"image\":{\"@id\":\"https:\\\/\\\/news.ecclesia.org.br\\\/?p=25127#primaryimage\"},\"thumbnailUrl\":\"https:\\\/\\\/news.ecclesia.org.br\\\/wp-content\\\/uploads\\\/2017\\\/09\\\/patriarca-bartolomeu-2.jpg\",\"articleSection\":[\"NEWS\",\"Patriarcado Ecum\u00eanico\"],\"inLanguage\":\"pt-BR\",\"potentialAction\":[{\"@type\":\"CommentAction\",\"name\":\"Comment\",\"target\":[\"https:\\\/\\\/news.ecclesia.org.br\\\/?p=25127#respond\"]}]},{\"@type\":\"WebPage\",\"@id\":\"https:\\\/\\\/news.ecclesia.org.br\\\/?p=25127\",\"url\":\"https:\\\/\\\/news.ecclesia.org.br\\\/?p=25127\",\"name\":\"Bartolomeu I: \u00abDi\u00e1logo \u00e9 a \u00fanica resposta \u00e0s muitas formas de fundamentalismo que mancham de sangue muitas regi\u00f5es do mundo\u00bb | ECCLESIA NEWS\",\"isPartOf\":{\"@id\":\"https:\\\/\\\/news.ecclesia.org.br\\\/#website\"},\"primaryImageOfPage\":{\"@id\":\"https:\\\/\\\/news.ecclesia.org.br\\\/?p=25127#primaryimage\"},\"image\":{\"@id\":\"https:\\\/\\\/news.ecclesia.org.br\\\/?p=25127#primaryimage\"},\"thumbnailUrl\":\"https:\\\/\\\/news.ecclesia.org.br\\\/wp-content\\\/uploads\\\/2017\\\/09\\\/patriarca-bartolomeu-2.jpg\",\"datePublished\":\"2018-05-25T13:34:30+00:00\",\"dateModified\":\"2018-05-25T13:35:01+00:00\",\"breadcrumb\":{\"@id\":\"https:\\\/\\\/news.ecclesia.org.br\\\/?p=25127#breadcrumb\"},\"inLanguage\":\"pt-BR\",\"potentialAction\":[{\"@type\":\"ReadAction\",\"target\":[\"https:\\\/\\\/news.ecclesia.org.br\\\/?p=25127\"]}]},{\"@type\":\"ImageObject\",\"inLanguage\":\"pt-BR\",\"@id\":\"https:\\\/\\\/news.ecclesia.org.br\\\/?p=25127#primaryimage\",\"url\":\"https:\\\/\\\/news.ecclesia.org.br\\\/wp-content\\\/uploads\\\/2017\\\/09\\\/patriarca-bartolomeu-2.jpg\",\"contentUrl\":\"https:\\\/\\\/news.ecclesia.org.br\\\/wp-content\\\/uploads\\\/2017\\\/09\\\/patriarca-bartolomeu-2.jpg\",\"width\":638,\"height\":738},{\"@type\":\"BreadcrumbList\",\"@id\":\"https:\\\/\\\/news.ecclesia.org.br\\\/?p=25127#breadcrumb\",\"itemListElement\":[{\"@type\":\"ListItem\",\"position\":1,\"name\":\"In\u00edcio\",\"item\":\"https:\\\/\\\/news.ecclesia.org.br\\\/\"},{\"@type\":\"ListItem\",\"position\":2,\"name\":\"Bartolomeu I: \u00abDi\u00e1logo \u00e9 a \u00fanica resposta \u00e0s muitas formas de fundamentalismo que mancham de sangue muitas regi\u00f5es do mundo\u00bb\"}]},{\"@type\":\"WebSite\",\"@id\":\"https:\\\/\\\/news.ecclesia.org.br\\\/#website\",\"url\":\"https:\\\/\\\/news.ecclesia.org.br\\\/\",\"name\":\"Ecclesia Brasil\",\"description\":\"Desde 2003 onectando o Brasil ao mundo ortodoxo!\",\"publisher\":{\"@id\":\"https:\\\/\\\/news.ecclesia.org.br\\\/#organization\"},\"alternateName\":\"Ecclesia\",\"potentialAction\":[{\"@type\":\"SearchAction\",\"target\":{\"@type\":\"EntryPoint\",\"urlTemplate\":\"https:\\\/\\\/news.ecclesia.org.br\\\/?s={search_term_string}\"},\"query-input\":{\"@type\":\"PropertyValueSpecification\",\"valueRequired\":true,\"valueName\":\"search_term_string\"}}],\"inLanguage\":\"pt-BR\"},{\"@type\":\"Organization\",\"@id\":\"https:\\\/\\\/news.ecclesia.org.br\\\/#organization\",\"name\":\"Sacra Arquidiocese de Buenos Aires e Am\u00e9rica do Sul | Patriarcado Ecum\u00eanico\",\"alternateName\":\"News Ecclesia Brasil\",\"url\":\"https:\\\/\\\/news.ecclesia.org.br\\\/\",\"logo\":{\"@type\":\"ImageObject\",\"inLanguage\":\"pt-BR\",\"@id\":\"https:\\\/\\\/news.ecclesia.org.br\\\/#\\\/schema\\\/logo\\\/image\\\/\",\"url\":\"https:\\\/\\\/news.ecclesia.org.br\\\/wp-content\\\/uploads\\\/2025\\\/05\\\/ecclesia2.png\",\"contentUrl\":\"https:\\\/\\\/news.ecclesia.org.br\\\/wp-content\\\/uploads\\\/2025\\\/05\\\/ecclesia2.png\",\"width\":480,\"height\":120,\"caption\":\"Sacra Arquidiocese de Buenos Aires e Am\u00e9rica do Sul | Patriarcado Ecum\u00eanico\"},\"image\":{\"@id\":\"https:\\\/\\\/news.ecclesia.org.br\\\/#\\\/schema\\\/logo\\\/image\\\/\"},\"sameAs\":[\"https:\\\/\\\/www.facebook.com\\\/Ecclesia2025\",\"https:\\\/\\\/x.com\\\/EcclesiaNews\",\"https:\\\/\\\/br.pinterest.com\\\/ekklisia\\\/\",\"https:\\\/\\\/www.youtube.com\\\/@EcclesiaBrasil\"]},{\"@type\":\"Person\",\"@id\":\"https:\\\/\\\/news.ecclesia.org.br\\\/#\\\/schema\\\/person\\\/6f09597f025829745ba414a569f63758\",\"name\":\"Pe. Andr\u00e9\",\"image\":{\"@type\":\"ImageObject\",\"inLanguage\":\"pt-BR\",\"@id\":\"https:\\\/\\\/secure.gravatar.com\\\/avatar\\\/b4327cfa27e9799da239a26adcd534fc29cdc0c4a4a148eecbcfeb9b42c617ac?s=96&d=mm&r=g\",\"url\":\"https:\\\/\\\/secure.gravatar.com\\\/avatar\\\/b4327cfa27e9799da239a26adcd534fc29cdc0c4a4a148eecbcfeb9b42c617ac?s=96&d=mm&r=g\",\"contentUrl\":\"https:\\\/\\\/secure.gravatar.com\\\/avatar\\\/b4327cfa27e9799da239a26adcd534fc29cdc0c4a4a148eecbcfeb9b42c617ac?s=96&d=mm&r=g\",\"caption\":\"Pe. Andr\u00e9\"},\"sameAs\":[\"https:\\\/\\\/www.ecclesia.org.br\"]}]}<\/script>\n<!-- \/ Yoast SEO plugin. -->","yoast_head_json":{"title":"Bartolomeu I: \u00abDi\u00e1logo \u00e9 a \u00fanica resposta \u00e0s muitas formas de fundamentalismo que mancham de sangue muitas regi\u00f5es do mundo\u00bb | ECCLESIA NEWS","robots":{"index":"index","follow":"follow","max-snippet":"max-snippet:-1","max-image-preview":"max-image-preview:large","max-video-preview":"max-video-preview:-1"},"canonical":"https:\/\/news.ecclesia.org.br\/?p=25127","og_locale":"pt_BR","og_type":"article","og_title":"Bartolomeu I: \u00abDi\u00e1logo \u00e9 a \u00fanica resposta \u00e0s muitas formas de fundamentalismo que mancham de sangue muitas regi\u00f5es do mundo\u00bb | ECCLESIA NEWS","og_description":"24 de maio de 2018\u00a0\u00e0s 20:00 &#8212; \u00abO di\u00e1logo como um elemento fundante das rela\u00e7\u00f5es interpessoais que, por si, declinam em muitos ulteriores passos relacionais em dire\u00e7\u00e3o a todo conhecimento humano e a tudo mais que dele deriva\u00bb.\u00a0Palavras de Bartolomeu&#8230;","og_url":"https:\/\/news.ecclesia.org.br\/?p=25127","og_site_name":"ECCLESIA NEWS","article_publisher":"https:\/\/www.facebook.com\/Ecclesia2025","article_published_time":"2018-05-25T13:34:30+00:00","article_modified_time":"2018-05-25T13:35:01+00:00","og_image":[{"width":638,"height":738,"url":"https:\/\/news.ecclesia.org.br\/wp-content\/uploads\/2017\/09\/patriarca-bartolomeu-2.jpg","type":"image\/jpeg"}],"author":"Pe. Andr\u00e9","twitter_card":"summary_large_image","twitter_creator":"@EcclesiaNews","twitter_site":"@EcclesiaNews","twitter_misc":{"Escrito por":"Pe. Andr\u00e9","Est. tempo de leitura":"2 minutos"},"schema":{"@context":"https:\/\/schema.org","@graph":[{"@type":"Article","@id":"https:\/\/news.ecclesia.org.br\/?p=25127#article","isPartOf":{"@id":"https:\/\/news.ecclesia.org.br\/?p=25127"},"author":{"name":"Pe. Andr\u00e9","@id":"https:\/\/news.ecclesia.org.br\/#\/schema\/person\/6f09597f025829745ba414a569f63758"},"headline":"Bartolomeu I: \u00abDi\u00e1logo \u00e9 a \u00fanica resposta \u00e0s muitas formas de fundamentalismo que mancham de sangue muitas regi\u00f5es do mundo\u00bb","datePublished":"2018-05-25T13:34:30+00:00","dateModified":"2018-05-25T13:35:01+00:00","mainEntityOfPage":{"@id":"https:\/\/news.ecclesia.org.br\/?p=25127"},"wordCount":330,"commentCount":0,"publisher":{"@id":"https:\/\/news.ecclesia.org.br\/#organization"},"image":{"@id":"https:\/\/news.ecclesia.org.br\/?p=25127#primaryimage"},"thumbnailUrl":"https:\/\/news.ecclesia.org.br\/wp-content\/uploads\/2017\/09\/patriarca-bartolomeu-2.jpg","articleSection":["NEWS","Patriarcado Ecum\u00eanico"],"inLanguage":"pt-BR","potentialAction":[{"@type":"CommentAction","name":"Comment","target":["https:\/\/news.ecclesia.org.br\/?p=25127#respond"]}]},{"@type":"WebPage","@id":"https:\/\/news.ecclesia.org.br\/?p=25127","url":"https:\/\/news.ecclesia.org.br\/?p=25127","name":"Bartolomeu I: \u00abDi\u00e1logo \u00e9 a \u00fanica resposta \u00e0s muitas formas de fundamentalismo que mancham de sangue muitas regi\u00f5es do mundo\u00bb | ECCLESIA NEWS","isPartOf":{"@id":"https:\/\/news.ecclesia.org.br\/#website"},"primaryImageOfPage":{"@id":"https:\/\/news.ecclesia.org.br\/?p=25127#primaryimage"},"image":{"@id":"https:\/\/news.ecclesia.org.br\/?p=25127#primaryimage"},"thumbnailUrl":"https:\/\/news.ecclesia.org.br\/wp-content\/uploads\/2017\/09\/patriarca-bartolomeu-2.jpg","datePublished":"2018-05-25T13:34:30+00:00","dateModified":"2018-05-25T13:35:01+00:00","breadcrumb":{"@id":"https:\/\/news.ecclesia.org.br\/?p=25127#breadcrumb"},"inLanguage":"pt-BR","potentialAction":[{"@type":"ReadAction","target":["https:\/\/news.ecclesia.org.br\/?p=25127"]}]},{"@type":"ImageObject","inLanguage":"pt-BR","@id":"https:\/\/news.ecclesia.org.br\/?p=25127#primaryimage","url":"https:\/\/news.ecclesia.org.br\/wp-content\/uploads\/2017\/09\/patriarca-bartolomeu-2.jpg","contentUrl":"https:\/\/news.ecclesia.org.br\/wp-content\/uploads\/2017\/09\/patriarca-bartolomeu-2.jpg","width":638,"height":738},{"@type":"BreadcrumbList","@id":"https:\/\/news.ecclesia.org.br\/?p=25127#breadcrumb","itemListElement":[{"@type":"ListItem","position":1,"name":"In\u00edcio","item":"https:\/\/news.ecclesia.org.br\/"},{"@type":"ListItem","position":2,"name":"Bartolomeu I: \u00abDi\u00e1logo \u00e9 a \u00fanica resposta \u00e0s muitas formas de fundamentalismo que mancham de sangue muitas regi\u00f5es do mundo\u00bb"}]},{"@type":"WebSite","@id":"https:\/\/news.ecclesia.org.br\/#website","url":"https:\/\/news.ecclesia.org.br\/","name":"Ecclesia Brasil","description":"Desde 2003 onectando o Brasil ao mundo ortodoxo!","publisher":{"@id":"https:\/\/news.ecclesia.org.br\/#organization"},"alternateName":"Ecclesia","potentialAction":[{"@type":"SearchAction","target":{"@type":"EntryPoint","urlTemplate":"https:\/\/news.ecclesia.org.br\/?s={search_term_string}"},"query-input":{"@type":"PropertyValueSpecification","valueRequired":true,"valueName":"search_term_string"}}],"inLanguage":"pt-BR"},{"@type":"Organization","@id":"https:\/\/news.ecclesia.org.br\/#organization","name":"Sacra Arquidiocese de Buenos Aires e Am\u00e9rica do Sul | Patriarcado Ecum\u00eanico","alternateName":"News Ecclesia Brasil","url":"https:\/\/news.ecclesia.org.br\/","logo":{"@type":"ImageObject","inLanguage":"pt-BR","@id":"https:\/\/news.ecclesia.org.br\/#\/schema\/logo\/image\/","url":"https:\/\/news.ecclesia.org.br\/wp-content\/uploads\/2025\/05\/ecclesia2.png","contentUrl":"https:\/\/news.ecclesia.org.br\/wp-content\/uploads\/2025\/05\/ecclesia2.png","width":480,"height":120,"caption":"Sacra Arquidiocese de Buenos Aires e Am\u00e9rica do Sul | Patriarcado Ecum\u00eanico"},"image":{"@id":"https:\/\/news.ecclesia.org.br\/#\/schema\/logo\/image\/"},"sameAs":["https:\/\/www.facebook.com\/Ecclesia2025","https:\/\/x.com\/EcclesiaNews","https:\/\/br.pinterest.com\/ekklisia\/","https:\/\/www.youtube.com\/@EcclesiaBrasil"]},{"@type":"Person","@id":"https:\/\/news.ecclesia.org.br\/#\/schema\/person\/6f09597f025829745ba414a569f63758","name":"Pe. Andr\u00e9","image":{"@type":"ImageObject","inLanguage":"pt-BR","@id":"https:\/\/secure.gravatar.com\/avatar\/b4327cfa27e9799da239a26adcd534fc29cdc0c4a4a148eecbcfeb9b42c617ac?s=96&d=mm&r=g","url":"https:\/\/secure.gravatar.com\/avatar\/b4327cfa27e9799da239a26adcd534fc29cdc0c4a4a148eecbcfeb9b42c617ac?s=96&d=mm&r=g","contentUrl":"https:\/\/secure.gravatar.com\/avatar\/b4327cfa27e9799da239a26adcd534fc29cdc0c4a4a148eecbcfeb9b42c617ac?s=96&d=mm&r=g","caption":"Pe. Andr\u00e9"},"sameAs":["https:\/\/www.ecclesia.org.br"]}]}},"_links":{"self":[{"href":"https:\/\/news.ecclesia.org.br\/index.php?rest_route=\/wp\/v2\/posts\/25127","targetHints":{"allow":["GET"]}}],"collection":[{"href":"https:\/\/news.ecclesia.org.br\/index.php?rest_route=\/wp\/v2\/posts"}],"about":[{"href":"https:\/\/news.ecclesia.org.br\/index.php?rest_route=\/wp\/v2\/types\/post"}],"author":[{"embeddable":true,"href":"https:\/\/news.ecclesia.org.br\/index.php?rest_route=\/wp\/v2\/users\/1"}],"replies":[{"embeddable":true,"href":"https:\/\/news.ecclesia.org.br\/index.php?rest_route=%2Fwp%2Fv2%2Fcomments&post=25127"}],"version-history":[{"count":0,"href":"https:\/\/news.ecclesia.org.br\/index.php?rest_route=\/wp\/v2\/posts\/25127\/revisions"}],"wp:featuredmedia":[{"embeddable":true,"href":"https:\/\/news.ecclesia.org.br\/index.php?rest_route=\/wp\/v2\/media\/23742"}],"wp:attachment":[{"href":"https:\/\/news.ecclesia.org.br\/index.php?rest_route=%2Fwp%2Fv2%2Fmedia&parent=25127"}],"wp:term":[{"taxonomy":"category","embeddable":true,"href":"https:\/\/news.ecclesia.org.br\/index.php?rest_route=%2Fwp%2Fv2%2Fcategories&post=25127"},{"taxonomy":"post_tag","embeddable":true,"href":"https:\/\/news.ecclesia.org.br\/index.php?rest_route=%2Fwp%2Fv2%2Ftags&post=25127"}],"curies":[{"name":"wp","href":"https:\/\/api.w.org\/{rel}","templated":true}]}}