{"id":25109,"date":"2018-05-24T14:41:21","date_gmt":"2018-05-24T14:41:21","guid":{"rendered":"https:\/\/news.ecclesia.org.br\/2013\/?p=25109"},"modified":"2018-05-24T14:41:21","modified_gmt":"2018-05-24T14:41:21","slug":"mais-de-100-000-fazem-peregrinacao-para-venerar-sao-basilio-de-ostrog-no-dia-de-sua-festa","status":"publish","type":"post","link":"https:\/\/news.ecclesia.org.br\/?p=25109","title":{"rendered":"Mais de 100.000 fazem peregrina\u00e7\u00e3o para venerar S\u00e3o Bas\u00edlio de Ostrog, no dia de sua festa"},"content":{"rendered":"<p style=\"text-align: justify;\"><div id=\"galleria-25109\"><a href=\"https:\/\/news.ecclesia.org.br\/wp-content\/uploads\/2018\/05\/basilio-de-ostrog3.jpg\"><img decoding=\"async\" title=\"basilio-de-ostrog3\" alt=\"\" src=\"https:\/\/news.ecclesia.org.br\/wp-content\/uploads\/2018\/05\/basilio-de-ostrog3-86x55.jpg\" data-big=\"https:\/\/news.ecclesia.org.br\/wp-content\/uploads\/2018\/05\/basilio-de-ostrog3.jpg\"><\/a><a href=\"https:\/\/news.ecclesia.org.br\/wp-content\/uploads\/2018\/05\/basilio-de-ostrog4.jpg\"><img decoding=\"async\" title=\"basilio-de-ostrog4\" alt=\"\" src=\"https:\/\/news.ecclesia.org.br\/wp-content\/uploads\/2018\/05\/basilio-de-ostrog4-82x55.jpg\" data-big=\"https:\/\/news.ecclesia.org.br\/wp-content\/uploads\/2018\/05\/basilio-de-ostrog4.jpg\"><\/a><a href=\"https:\/\/news.ecclesia.org.br\/wp-content\/uploads\/2018\/05\/basilio-de-ostrog5.jpg\"><img decoding=\"async\" title=\"basilio-de-ostrog5\" alt=\"\" src=\"https:\/\/news.ecclesia.org.br\/wp-content\/uploads\/2018\/05\/basilio-de-ostrog5-81x55.jpg\" data-big=\"https:\/\/news.ecclesia.org.br\/wp-content\/uploads\/2018\/05\/basilio-de-ostrog5.jpg\"><\/a><a href=\"https:\/\/news.ecclesia.org.br\/wp-content\/uploads\/2018\/05\/basilio-de-ostrog6-1024x499.jpg\"><img decoding=\"async\" title=\"basilio-de-ostrog6\" alt=\"\" src=\"https:\/\/news.ecclesia.org.br\/wp-content\/uploads\/2018\/05\/basilio-de-ostrog6-113x55.jpg\" data-big=\"https:\/\/news.ecclesia.org.br\/wp-content\/uploads\/2018\/05\/basilio-de-ostrog6-1024x499.jpg\"><\/a><a href=\"https:\/\/news.ecclesia.org.br\/wp-content\/uploads\/2018\/05\/basilio-de-ostrog7.jpg\"><img decoding=\"async\" title=\"basilio-de-ostrog7\" alt=\"\" src=\"https:\/\/news.ecclesia.org.br\/wp-content\/uploads\/2018\/05\/basilio-de-ostrog7-79x55.jpg\" data-big=\"https:\/\/news.ecclesia.org.br\/wp-content\/uploads\/2018\/05\/basilio-de-ostrog7.jpg\"><\/a><\/div><\/p>\n<p style=\"text-align: justify;\">Niksic, Montenegro, 18 de maio de 2018 &#8212; A festa do santo ortodoxo mais reverenciado nos B\u00e1lc\u00e3s, S\u00e3o Bas\u00edlio de Ostrog, \u00e9 celebrada anualmente pelos fi\u00e9is de Montenegro, S\u00e9rvia, B\u00f3snia e Herzegovina e outros pa\u00edses, em 12 de maio. Este ano, mais de 100.000 fi\u00e9is ortodoxos fizeram uma peregrina\u00e7\u00e3o ao Mosteiro de Ostrog, fundado no s\u00e9culo XVII, para adorar a Deus e venerar as rel\u00edquias do santo. Todos os anos, s\u00e3o milhares os que fazem a peregrina\u00e7\u00e3o, subindo uma alta montanha at\u00e9 o monast\u00e9rio, e esperando em uma longa fila para venerar as rel\u00edquias de S\u00e3o Bas\u00edlio, depois de j\u00e1 terem viajado por v\u00e1rios dias.<\/p>\n<p style=\"text-align: justify;\">\u201cDesde a manh\u00e3 de sexta-feira, as rel\u00edquias foram veneradas por 700 a 1000 pessoas por hora, e no s\u00e1bado, dia de S\u00e3o Bas\u00edlio, o fluxo de pessoas era ainda maior. O n\u00famero total de peregrinos excedeu 100.000 \u201d, declarou o representante do mosteiro.<\/p>\n<p style=\"text-align: justify;\">SE. Amfilohije, Metropolita de Montenegro, disse que o fluxo de peregrinos \u00e9 um milagre de Deus, notando que as rel\u00edquias de S\u00e3o Bas\u00edlio foram removidas e retornaram ao monast\u00e9rio muitas vezes, e que milhares continuam a vir, apesar do per\u00edodo comunista que causou severos danos \u00e0 Igreja Ortodoxa. Observou ainda que monjas do monast\u00e9rio guatemalteco da Sant\u00edssima Trindade visitaram o Mosteiro de Ostrog pela primeira vez durante a peregrina\u00e7\u00e3o deste ano.<\/p>\n<p style=\"text-align: justify;\">O monast\u00e9rio \u00e9 visitado anualmente por cerca de 1 milh\u00e3o de pessoas &#8211; quase o dobro da popula\u00e7\u00e3o de toda Montenegro. A grande maioria dos peregrinos tem entre 14 e 18 anos de idade, chegando ao mosteiro para discernir seu caminho vocacional na vida.<\/p>\n<p style=\"text-align: justify;\">S\u00e3o Bas\u00edlio e seu mosteiro s\u00e3o o orgulho e a alegria dos crist\u00e3os ortodoxos s\u00e9rvios em Montenegro. Em uma declara\u00e7\u00e3o no site da Igreja S\u00e9rvia em Montenegro, Pe. Predrag Specanovic declarou: \u201cOutras cidades na Europa podem ter seus locais de peregrina\u00e7\u00e3o, mas apenas S\u00e3o Bas\u00edlio pode reunir um n\u00famero t\u00e3o grande de crentes de diferentes regi\u00f5es\u201d.<\/p>\n<p style=\"text-align: justify;\">O monast\u00e9rio foi fundado no s\u00e9culo XVII por S\u00e3o Bas\u00edlio de Ostrog, que morreu em 1671. Duas igrejas nas cavernas permanecem depois de um inc\u00eandio nos anos 1920, e s\u00e3o hoje as principais \u00e1reas do monast\u00e9rio. A igreja superior, dedicada \u00e0 Apresenta\u00e7\u00e3o do Senhor, fica a quase 3.000 p\u00e9s acima da encosta da montanha. A igreja inferior, da Sant\u00edssima Trindade, data de 1824.<\/p>\n<p style=\"text-align: right;\">Fonte:\u00a0<a href=\"http:\/\/orthochristian.com\/113025.html\" target=\"_blank\" rel=\"noopener\">Orthodox Christianity<\/a><\/p>\n<hr \/>\n<h2>S\u00e3o Bas\u00edlio, Bispo de Ostrog (\u2020 s\u00e9c. XVI)<\/h2>\n<p style=\"text-align: justify;\"><a href=\"https:\/\/news.ecclesia.org.br\/2013\/wp-content\/uploads\/2018\/05\/basilio-de-ostrog.jpg\"><img fetchpriority=\"high\" decoding=\"async\" class=\"alignleft size-medium wp-image-25110\" src=\"https:\/\/news.ecclesia.org.br\/2013\/wp-content\/uploads\/2018\/05\/basilio-de-ostrog-216x300.jpg\" alt=\"\" width=\"216\" height=\"300\" \/><\/a>Bas\u00edlio nasceu em Popova, uma aldeia da Hercegovina, de pais simples e tementes a Deus. Desde sua juventude nutria profundo amor para com a Igreja de Deus e, atingindo a maturidade, entrou para o Monast\u00e9rio da Dormi\u00e7\u00e3o (Assun\u00e7\u00e3o) da Sant\u00edssima M\u00e3e de Deus em Trebinje, e l\u00e1 recebeu a tonsura mon\u00e1stica. Como monge, sua fama rapidamente se espalhou por causa de sua vida asc\u00e9tica e rara genialidade. S\u00e3o Bas\u00edlio impunha-se pesadas mortifica\u00e7\u00f5es, intensificando gradativamente estes exerc\u00edcios. Mais tarde, contra a sua vontade, foi eleito e consagrado bispo de Zahumlje e Skenderia. Mesmo como hierarca seguiu vivendo no monast\u00e9rio Tvrdosh e de l\u00e1, como bom pastor, fortaleceu o seu rebanho na f\u00e9 ortodoxa, protegendo-os da crueldade dos turcos e das ast\u00facias dos latinos. Quando Tvrdosh foi destru\u00edda pelos turcos, pressionado fortemente por seus inimigos ele se mudou para Ostrog, onde viveu uma vida de muita austeridade asc\u00e9tica, protegendo seu rebanho por sua fervorosa e incessante ora\u00e7\u00e3o. Adormeceu pacificamente no Senhor no s\u00e9culo XVI. Seu corpo mant\u00e9m-se milagrosamente incorrupto at\u00e9 os dias atuais. Os Milagres no t\u00famulo de S\u00e3o Bas\u00edlio s\u00e3o in\u00fameros. Crist\u00e3os e mu\u00e7ulmanos encontram diante de suas rel\u00edquias, o al\u00edvio para as suas afli\u00e7\u00f5es e a cura das doen\u00e7as mais graves e. Uma grande romaria de fi\u00e9is acorrem anualmente em peregrina\u00e7\u00e3o ao local por ocasi\u00e3o da Festa de Pentecostes.<\/p>\n","protected":false},"excerpt":{"rendered":"<p>Niksic, Montenegro, 18 de maio de 2018 &#8212; A festa do santo ortodoxo mais reverenciado nos B\u00e1lc\u00e3s, S\u00e3o Bas\u00edlio de Ostrog, \u00e9 celebrada anualmente pelos fi\u00e9is de Montenegro, S\u00e9rvia, B\u00f3snia e Herzegovina e outros pa\u00edses, em 12 de maio. Este&#8230;<\/p>\n","protected":false},"author":1,"featured_media":25114,"comment_status":"open","ping_status":"open","sticky":false,"template":"","format":"standard","meta":{"_acf_changed":false,"footnotes":""},"categories":[1],"tags":[],"class_list":["post-25109","post","type-post","status-publish","format-standard","has-post-thumbnail","hentry","category-news","entry","rows-excerpt"],"acf":[],"yoast_head":"<!-- This site is optimized with the Yoast SEO plugin v27.4 - https:\/\/yoast.com\/product\/yoast-seo-wordpress\/ -->\n<title>Mais de 100.000 fazem peregrina\u00e7\u00e3o para venerar S\u00e3o Bas\u00edlio de Ostrog, no dia de sua festa | ECCLESIA NEWS<\/title>\n<meta name=\"robots\" content=\"index, follow, max-snippet:-1, max-image-preview:large, max-video-preview:-1\" \/>\n<link rel=\"canonical\" href=\"https:\/\/news.ecclesia.org.br\/?p=25109\" \/>\n<meta property=\"og:locale\" content=\"pt_BR\" \/>\n<meta property=\"og:type\" content=\"article\" \/>\n<meta property=\"og:title\" content=\"Mais de 100.000 fazem peregrina\u00e7\u00e3o para venerar S\u00e3o Bas\u00edlio de Ostrog, no dia de sua festa | ECCLESIA NEWS\" \/>\n<meta property=\"og:description\" content=\"Niksic, Montenegro, 18 de maio de 2018 &#8212; A festa do santo ortodoxo mais reverenciado nos B\u00e1lc\u00e3s, S\u00e3o Bas\u00edlio de Ostrog, \u00e9 celebrada anualmente pelos fi\u00e9is de Montenegro, S\u00e9rvia, B\u00f3snia e Herzegovina e outros pa\u00edses, em 12 de maio. Este&#8230;\" \/>\n<meta property=\"og:url\" content=\"https:\/\/news.ecclesia.org.br\/?p=25109\" \/>\n<meta property=\"og:site_name\" content=\"ECCLESIA NEWS\" \/>\n<meta property=\"article:publisher\" content=\"https:\/\/www.facebook.com\/Ecclesia2025\" \/>\n<meta property=\"article:published_time\" content=\"2018-05-24T14:41:21+00:00\" \/>\n<meta property=\"og:image\" content=\"https:\/\/news.ecclesia.org.br\/wp-content\/uploads\/2018\/05\/basilio-de-ostrog6.jpg\" \/>\n\t<meta property=\"og:image:width\" content=\"1068\" \/>\n\t<meta property=\"og:image:height\" content=\"520\" \/>\n\t<meta property=\"og:image:type\" content=\"image\/jpeg\" \/>\n<meta name=\"author\" content=\"Pe. Andr\u00e9\" \/>\n<meta name=\"twitter:card\" content=\"summary_large_image\" \/>\n<meta name=\"twitter:creator\" content=\"@EcclesiaNews\" \/>\n<meta name=\"twitter:site\" content=\"@EcclesiaNews\" \/>\n<meta name=\"twitter:label1\" content=\"Escrito por\" \/>\n\t<meta name=\"twitter:data1\" content=\"Pe. Andr\u00e9\" \/>\n\t<meta name=\"twitter:label2\" content=\"Est. tempo de leitura\" \/>\n\t<meta name=\"twitter:data2\" content=\"3 minutos\" \/>\n<script type=\"application\/ld+json\" class=\"yoast-schema-graph\">{\"@context\":\"https:\\\/\\\/schema.org\",\"@graph\":[{\"@type\":\"Article\",\"@id\":\"https:\\\/\\\/news.ecclesia.org.br\\\/?p=25109#article\",\"isPartOf\":{\"@id\":\"https:\\\/\\\/news.ecclesia.org.br\\\/?p=25109\"},\"author\":{\"name\":\"Pe. Andr\u00e9\",\"@id\":\"https:\\\/\\\/news.ecclesia.org.br\\\/#\\\/schema\\\/person\\\/6f09597f025829745ba414a569f63758\"},\"headline\":\"Mais de 100.000 fazem peregrina\u00e7\u00e3o para venerar S\u00e3o Bas\u00edlio de Ostrog, no dia de sua festa\",\"datePublished\":\"2018-05-24T14:41:21+00:00\",\"mainEntityOfPage\":{\"@id\":\"https:\\\/\\\/news.ecclesia.org.br\\\/?p=25109\"},\"wordCount\":708,\"commentCount\":0,\"publisher\":{\"@id\":\"https:\\\/\\\/news.ecclesia.org.br\\\/#organization\"},\"image\":{\"@id\":\"https:\\\/\\\/news.ecclesia.org.br\\\/?p=25109#primaryimage\"},\"thumbnailUrl\":\"https:\\\/\\\/news.ecclesia.org.br\\\/wp-content\\\/uploads\\\/2018\\\/05\\\/basilio-de-ostrog6.jpg\",\"articleSection\":[\"NEWS\"],\"inLanguage\":\"pt-BR\",\"potentialAction\":[{\"@type\":\"CommentAction\",\"name\":\"Comment\",\"target\":[\"https:\\\/\\\/news.ecclesia.org.br\\\/?p=25109#respond\"]}]},{\"@type\":\"WebPage\",\"@id\":\"https:\\\/\\\/news.ecclesia.org.br\\\/?p=25109\",\"url\":\"https:\\\/\\\/news.ecclesia.org.br\\\/?p=25109\",\"name\":\"Mais de 100.000 fazem peregrina\u00e7\u00e3o para venerar S\u00e3o Bas\u00edlio de Ostrog, no dia de sua festa | ECCLESIA NEWS\",\"isPartOf\":{\"@id\":\"https:\\\/\\\/news.ecclesia.org.br\\\/#website\"},\"primaryImageOfPage\":{\"@id\":\"https:\\\/\\\/news.ecclesia.org.br\\\/?p=25109#primaryimage\"},\"image\":{\"@id\":\"https:\\\/\\\/news.ecclesia.org.br\\\/?p=25109#primaryimage\"},\"thumbnailUrl\":\"https:\\\/\\\/news.ecclesia.org.br\\\/wp-content\\\/uploads\\\/2018\\\/05\\\/basilio-de-ostrog6.jpg\",\"datePublished\":\"2018-05-24T14:41:21+00:00\",\"breadcrumb\":{\"@id\":\"https:\\\/\\\/news.ecclesia.org.br\\\/?p=25109#breadcrumb\"},\"inLanguage\":\"pt-BR\",\"potentialAction\":[{\"@type\":\"ReadAction\",\"target\":[\"https:\\\/\\\/news.ecclesia.org.br\\\/?p=25109\"]}]},{\"@type\":\"ImageObject\",\"inLanguage\":\"pt-BR\",\"@id\":\"https:\\\/\\\/news.ecclesia.org.br\\\/?p=25109#primaryimage\",\"url\":\"https:\\\/\\\/news.ecclesia.org.br\\\/wp-content\\\/uploads\\\/2018\\\/05\\\/basilio-de-ostrog6.jpg\",\"contentUrl\":\"https:\\\/\\\/news.ecclesia.org.br\\\/wp-content\\\/uploads\\\/2018\\\/05\\\/basilio-de-ostrog6.jpg\",\"width\":1068,\"height\":520},{\"@type\":\"BreadcrumbList\",\"@id\":\"https:\\\/\\\/news.ecclesia.org.br\\\/?p=25109#breadcrumb\",\"itemListElement\":[{\"@type\":\"ListItem\",\"position\":1,\"name\":\"In\u00edcio\",\"item\":\"https:\\\/\\\/news.ecclesia.org.br\\\/\"},{\"@type\":\"ListItem\",\"position\":2,\"name\":\"Mais de 100.000 fazem peregrina\u00e7\u00e3o para venerar S\u00e3o Bas\u00edlio de Ostrog, no dia de sua festa\"}]},{\"@type\":\"WebSite\",\"@id\":\"https:\\\/\\\/news.ecclesia.org.br\\\/#website\",\"url\":\"https:\\\/\\\/news.ecclesia.org.br\\\/\",\"name\":\"Ecclesia Brasil\",\"description\":\"Desde 2003 onectando o Brasil ao mundo ortodoxo!\",\"publisher\":{\"@id\":\"https:\\\/\\\/news.ecclesia.org.br\\\/#organization\"},\"alternateName\":\"Ecclesia\",\"potentialAction\":[{\"@type\":\"SearchAction\",\"target\":{\"@type\":\"EntryPoint\",\"urlTemplate\":\"https:\\\/\\\/news.ecclesia.org.br\\\/?s={search_term_string}\"},\"query-input\":{\"@type\":\"PropertyValueSpecification\",\"valueRequired\":true,\"valueName\":\"search_term_string\"}}],\"inLanguage\":\"pt-BR\"},{\"@type\":\"Organization\",\"@id\":\"https:\\\/\\\/news.ecclesia.org.br\\\/#organization\",\"name\":\"Sacra Arquidiocese de Buenos Aires e Am\u00e9rica do Sul | Patriarcado Ecum\u00eanico\",\"alternateName\":\"News Ecclesia Brasil\",\"url\":\"https:\\\/\\\/news.ecclesia.org.br\\\/\",\"logo\":{\"@type\":\"ImageObject\",\"inLanguage\":\"pt-BR\",\"@id\":\"https:\\\/\\\/news.ecclesia.org.br\\\/#\\\/schema\\\/logo\\\/image\\\/\",\"url\":\"https:\\\/\\\/news.ecclesia.org.br\\\/wp-content\\\/uploads\\\/2025\\\/05\\\/ecclesia2.png\",\"contentUrl\":\"https:\\\/\\\/news.ecclesia.org.br\\\/wp-content\\\/uploads\\\/2025\\\/05\\\/ecclesia2.png\",\"width\":480,\"height\":120,\"caption\":\"Sacra Arquidiocese de Buenos Aires e Am\u00e9rica do Sul | Patriarcado Ecum\u00eanico\"},\"image\":{\"@id\":\"https:\\\/\\\/news.ecclesia.org.br\\\/#\\\/schema\\\/logo\\\/image\\\/\"},\"sameAs\":[\"https:\\\/\\\/www.facebook.com\\\/Ecclesia2025\",\"https:\\\/\\\/x.com\\\/EcclesiaNews\",\"https:\\\/\\\/br.pinterest.com\\\/ekklisia\\\/\",\"https:\\\/\\\/www.youtube.com\\\/@EcclesiaBrasil\"]},{\"@type\":\"Person\",\"@id\":\"https:\\\/\\\/news.ecclesia.org.br\\\/#\\\/schema\\\/person\\\/6f09597f025829745ba414a569f63758\",\"name\":\"Pe. Andr\u00e9\",\"image\":{\"@type\":\"ImageObject\",\"inLanguage\":\"pt-BR\",\"@id\":\"https:\\\/\\\/secure.gravatar.com\\\/avatar\\\/b4327cfa27e9799da239a26adcd534fc29cdc0c4a4a148eecbcfeb9b42c617ac?s=96&d=mm&r=g\",\"url\":\"https:\\\/\\\/secure.gravatar.com\\\/avatar\\\/b4327cfa27e9799da239a26adcd534fc29cdc0c4a4a148eecbcfeb9b42c617ac?s=96&d=mm&r=g\",\"contentUrl\":\"https:\\\/\\\/secure.gravatar.com\\\/avatar\\\/b4327cfa27e9799da239a26adcd534fc29cdc0c4a4a148eecbcfeb9b42c617ac?s=96&d=mm&r=g\",\"caption\":\"Pe. Andr\u00e9\"},\"sameAs\":[\"https:\\\/\\\/www.ecclesia.org.br\"]}]}<\/script>\n<!-- \/ Yoast SEO plugin. -->","yoast_head_json":{"title":"Mais de 100.000 fazem peregrina\u00e7\u00e3o para venerar S\u00e3o Bas\u00edlio de Ostrog, no dia de sua festa | ECCLESIA NEWS","robots":{"index":"index","follow":"follow","max-snippet":"max-snippet:-1","max-image-preview":"max-image-preview:large","max-video-preview":"max-video-preview:-1"},"canonical":"https:\/\/news.ecclesia.org.br\/?p=25109","og_locale":"pt_BR","og_type":"article","og_title":"Mais de 100.000 fazem peregrina\u00e7\u00e3o para venerar S\u00e3o Bas\u00edlio de Ostrog, no dia de sua festa | ECCLESIA NEWS","og_description":"Niksic, Montenegro, 18 de maio de 2018 &#8212; A festa do santo ortodoxo mais reverenciado nos B\u00e1lc\u00e3s, S\u00e3o Bas\u00edlio de Ostrog, \u00e9 celebrada anualmente pelos fi\u00e9is de Montenegro, S\u00e9rvia, B\u00f3snia e Herzegovina e outros pa\u00edses, em 12 de maio. Este&#8230;","og_url":"https:\/\/news.ecclesia.org.br\/?p=25109","og_site_name":"ECCLESIA NEWS","article_publisher":"https:\/\/www.facebook.com\/Ecclesia2025","article_published_time":"2018-05-24T14:41:21+00:00","og_image":[{"width":1068,"height":520,"url":"https:\/\/news.ecclesia.org.br\/wp-content\/uploads\/2018\/05\/basilio-de-ostrog6.jpg","type":"image\/jpeg"}],"author":"Pe. Andr\u00e9","twitter_card":"summary_large_image","twitter_creator":"@EcclesiaNews","twitter_site":"@EcclesiaNews","twitter_misc":{"Escrito por":"Pe. Andr\u00e9","Est. tempo de leitura":"3 minutos"},"schema":{"@context":"https:\/\/schema.org","@graph":[{"@type":"Article","@id":"https:\/\/news.ecclesia.org.br\/?p=25109#article","isPartOf":{"@id":"https:\/\/news.ecclesia.org.br\/?p=25109"},"author":{"name":"Pe. Andr\u00e9","@id":"https:\/\/news.ecclesia.org.br\/#\/schema\/person\/6f09597f025829745ba414a569f63758"},"headline":"Mais de 100.000 fazem peregrina\u00e7\u00e3o para venerar S\u00e3o Bas\u00edlio de Ostrog, no dia de sua festa","datePublished":"2018-05-24T14:41:21+00:00","mainEntityOfPage":{"@id":"https:\/\/news.ecclesia.org.br\/?p=25109"},"wordCount":708,"commentCount":0,"publisher":{"@id":"https:\/\/news.ecclesia.org.br\/#organization"},"image":{"@id":"https:\/\/news.ecclesia.org.br\/?p=25109#primaryimage"},"thumbnailUrl":"https:\/\/news.ecclesia.org.br\/wp-content\/uploads\/2018\/05\/basilio-de-ostrog6.jpg","articleSection":["NEWS"],"inLanguage":"pt-BR","potentialAction":[{"@type":"CommentAction","name":"Comment","target":["https:\/\/news.ecclesia.org.br\/?p=25109#respond"]}]},{"@type":"WebPage","@id":"https:\/\/news.ecclesia.org.br\/?p=25109","url":"https:\/\/news.ecclesia.org.br\/?p=25109","name":"Mais de 100.000 fazem peregrina\u00e7\u00e3o para venerar S\u00e3o Bas\u00edlio de Ostrog, no dia de sua festa | ECCLESIA NEWS","isPartOf":{"@id":"https:\/\/news.ecclesia.org.br\/#website"},"primaryImageOfPage":{"@id":"https:\/\/news.ecclesia.org.br\/?p=25109#primaryimage"},"image":{"@id":"https:\/\/news.ecclesia.org.br\/?p=25109#primaryimage"},"thumbnailUrl":"https:\/\/news.ecclesia.org.br\/wp-content\/uploads\/2018\/05\/basilio-de-ostrog6.jpg","datePublished":"2018-05-24T14:41:21+00:00","breadcrumb":{"@id":"https:\/\/news.ecclesia.org.br\/?p=25109#breadcrumb"},"inLanguage":"pt-BR","potentialAction":[{"@type":"ReadAction","target":["https:\/\/news.ecclesia.org.br\/?p=25109"]}]},{"@type":"ImageObject","inLanguage":"pt-BR","@id":"https:\/\/news.ecclesia.org.br\/?p=25109#primaryimage","url":"https:\/\/news.ecclesia.org.br\/wp-content\/uploads\/2018\/05\/basilio-de-ostrog6.jpg","contentUrl":"https:\/\/news.ecclesia.org.br\/wp-content\/uploads\/2018\/05\/basilio-de-ostrog6.jpg","width":1068,"height":520},{"@type":"BreadcrumbList","@id":"https:\/\/news.ecclesia.org.br\/?p=25109#breadcrumb","itemListElement":[{"@type":"ListItem","position":1,"name":"In\u00edcio","item":"https:\/\/news.ecclesia.org.br\/"},{"@type":"ListItem","position":2,"name":"Mais de 100.000 fazem peregrina\u00e7\u00e3o para venerar S\u00e3o Bas\u00edlio de Ostrog, no dia de sua festa"}]},{"@type":"WebSite","@id":"https:\/\/news.ecclesia.org.br\/#website","url":"https:\/\/news.ecclesia.org.br\/","name":"Ecclesia Brasil","description":"Desde 2003 onectando o Brasil ao mundo ortodoxo!","publisher":{"@id":"https:\/\/news.ecclesia.org.br\/#organization"},"alternateName":"Ecclesia","potentialAction":[{"@type":"SearchAction","target":{"@type":"EntryPoint","urlTemplate":"https:\/\/news.ecclesia.org.br\/?s={search_term_string}"},"query-input":{"@type":"PropertyValueSpecification","valueRequired":true,"valueName":"search_term_string"}}],"inLanguage":"pt-BR"},{"@type":"Organization","@id":"https:\/\/news.ecclesia.org.br\/#organization","name":"Sacra Arquidiocese de Buenos Aires e Am\u00e9rica do Sul | Patriarcado Ecum\u00eanico","alternateName":"News Ecclesia Brasil","url":"https:\/\/news.ecclesia.org.br\/","logo":{"@type":"ImageObject","inLanguage":"pt-BR","@id":"https:\/\/news.ecclesia.org.br\/#\/schema\/logo\/image\/","url":"https:\/\/news.ecclesia.org.br\/wp-content\/uploads\/2025\/05\/ecclesia2.png","contentUrl":"https:\/\/news.ecclesia.org.br\/wp-content\/uploads\/2025\/05\/ecclesia2.png","width":480,"height":120,"caption":"Sacra Arquidiocese de Buenos Aires e Am\u00e9rica do Sul | Patriarcado Ecum\u00eanico"},"image":{"@id":"https:\/\/news.ecclesia.org.br\/#\/schema\/logo\/image\/"},"sameAs":["https:\/\/www.facebook.com\/Ecclesia2025","https:\/\/x.com\/EcclesiaNews","https:\/\/br.pinterest.com\/ekklisia\/","https:\/\/www.youtube.com\/@EcclesiaBrasil"]},{"@type":"Person","@id":"https:\/\/news.ecclesia.org.br\/#\/schema\/person\/6f09597f025829745ba414a569f63758","name":"Pe. Andr\u00e9","image":{"@type":"ImageObject","inLanguage":"pt-BR","@id":"https:\/\/secure.gravatar.com\/avatar\/b4327cfa27e9799da239a26adcd534fc29cdc0c4a4a148eecbcfeb9b42c617ac?s=96&d=mm&r=g","url":"https:\/\/secure.gravatar.com\/avatar\/b4327cfa27e9799da239a26adcd534fc29cdc0c4a4a148eecbcfeb9b42c617ac?s=96&d=mm&r=g","contentUrl":"https:\/\/secure.gravatar.com\/avatar\/b4327cfa27e9799da239a26adcd534fc29cdc0c4a4a148eecbcfeb9b42c617ac?s=96&d=mm&r=g","caption":"Pe. Andr\u00e9"},"sameAs":["https:\/\/www.ecclesia.org.br"]}]}},"_links":{"self":[{"href":"https:\/\/news.ecclesia.org.br\/index.php?rest_route=\/wp\/v2\/posts\/25109","targetHints":{"allow":["GET"]}}],"collection":[{"href":"https:\/\/news.ecclesia.org.br\/index.php?rest_route=\/wp\/v2\/posts"}],"about":[{"href":"https:\/\/news.ecclesia.org.br\/index.php?rest_route=\/wp\/v2\/types\/post"}],"author":[{"embeddable":true,"href":"https:\/\/news.ecclesia.org.br\/index.php?rest_route=\/wp\/v2\/users\/1"}],"replies":[{"embeddable":true,"href":"https:\/\/news.ecclesia.org.br\/index.php?rest_route=%2Fwp%2Fv2%2Fcomments&post=25109"}],"version-history":[{"count":0,"href":"https:\/\/news.ecclesia.org.br\/index.php?rest_route=\/wp\/v2\/posts\/25109\/revisions"}],"wp:featuredmedia":[{"embeddable":true,"href":"https:\/\/news.ecclesia.org.br\/index.php?rest_route=\/wp\/v2\/media\/25114"}],"wp:attachment":[{"href":"https:\/\/news.ecclesia.org.br\/index.php?rest_route=%2Fwp%2Fv2%2Fmedia&parent=25109"}],"wp:term":[{"taxonomy":"category","embeddable":true,"href":"https:\/\/news.ecclesia.org.br\/index.php?rest_route=%2Fwp%2Fv2%2Fcategories&post=25109"},{"taxonomy":"post_tag","embeddable":true,"href":"https:\/\/news.ecclesia.org.br\/index.php?rest_route=%2Fwp%2Fv2%2Ftags&post=25109"}],"curies":[{"name":"wp","href":"https:\/\/api.w.org\/{rel}","templated":true}]}}