{"id":25051,"date":"2018-05-21T13:45:56","date_gmt":"2018-05-21T13:45:56","guid":{"rendered":"https:\/\/news.ecclesia.org.br\/2013\/?p=25051"},"modified":"2018-05-21T14:10:45","modified_gmt":"2018-05-21T14:10:45","slug":"canonizacao-de-abba-anciao-iakovos-tsalikis-ocorrera-no-inicio-de-junho-e-sera-presidida-pelo-patriarca-bartolomeu-e-pelo-arcebispo-jeronimo-da-grecia","status":"publish","type":"post","link":"https:\/\/news.ecclesia.org.br\/?p=25051","title":{"rendered":"Canoniza\u00e7\u00e3o de Abba (Anci\u00e3o) Iakovos (Tsalikis) ocorrer\u00e1 no in\u00edcio de junho e ser\u00e1 presidida pelo Patriarca Bartolomeu e pelo Arcebispo Jer\u00f4nimo da Gr\u00e9cia"},"content":{"rendered":"<p style=\"text-align: justify;\"><div id=\"galleria-25051\"><a href=\"https:\/\/news.ecclesia.org.br\/wp-content\/uploads\/2018\/05\/iakovos-tsalikis.jpg\"><img decoding=\"async\" title=\"iakovos-tsalikis\" alt=\"\" src=\"https:\/\/news.ecclesia.org.br\/wp-content\/uploads\/2018\/05\/iakovos-tsalikis-76x55.jpg\" data-big=\"https:\/\/news.ecclesia.org.br\/wp-content\/uploads\/2018\/05\/iakovos-tsalikis.jpg\"><\/a><a href=\"https:\/\/news.ecclesia.org.br\/wp-content\/uploads\/2018\/05\/iakovos-tsalikis2-1024x461.jpg\"><img decoding=\"async\" title=\"iakovos-tsalikis2\" alt=\"\" src=\"https:\/\/news.ecclesia.org.br\/wp-content\/uploads\/2018\/05\/iakovos-tsalikis2-122x55.jpg\" data-big=\"https:\/\/news.ecclesia.org.br\/wp-content\/uploads\/2018\/05\/iakovos-tsalikis2-1024x461.jpg\"><\/a><a href=\"https:\/\/news.ecclesia.org.br\/wp-content\/uploads\/2018\/05\/iakovos-tsalikis3.jpg\"><img decoding=\"async\" title=\"iakovos-tsalikis3\" alt=\"\" src=\"https:\/\/news.ecclesia.org.br\/wp-content\/uploads\/2018\/05\/iakovos-tsalikis3-92x55.jpg\" data-big=\"https:\/\/news.ecclesia.org.br\/wp-content\/uploads\/2018\/05\/iakovos-tsalikis3.jpg\"><\/a><a href=\"https:\/\/news.ecclesia.org.br\/wp-content\/uploads\/2018\/05\/iakovos-tsalikis4.jpg\"><img decoding=\"async\" title=\"iakovos-tsalikis4\" alt=\"\" src=\"https:\/\/news.ecclesia.org.br\/wp-content\/uploads\/2018\/05\/iakovos-tsalikis4-44x55.jpg\" data-big=\"https:\/\/news.ecclesia.org.br\/wp-content\/uploads\/2018\/05\/iakovos-tsalikis4.jpg\"><\/a><a href=\"https:\/\/news.ecclesia.org.br\/wp-content\/uploads\/2018\/05\/iakovos-tsalikis5.jpg\"><img decoding=\"async\" title=\"iakovos-tsalikis5\" alt=\"\" src=\"https:\/\/news.ecclesia.org.br\/wp-content\/uploads\/2018\/05\/iakovos-tsalikis5-77x55.jpg\" data-big=\"https:\/\/news.ecclesia.org.br\/wp-content\/uploads\/2018\/05\/iakovos-tsalikis5.jpg\"><\/a><a href=\"https:\/\/news.ecclesia.org.br\/wp-content\/uploads\/2018\/05\/iakovos-tsalikis6.jpg\"><img decoding=\"async\" title=\"iakovos-tsalikis6\" alt=\"\" src=\"https:\/\/news.ecclesia.org.br\/wp-content\/uploads\/2018\/05\/iakovos-tsalikis6-77x55.jpg\" data-big=\"https:\/\/news.ecclesia.org.br\/wp-content\/uploads\/2018\/05\/iakovos-tsalikis6.jpg\"><\/a><a href=\"https:\/\/news.ecclesia.org.br\/wp-content\/uploads\/2018\/05\/iakovos-tsalikis7.jpg\"><img decoding=\"async\" title=\"iakovos-tsalikis7\" alt=\"\" src=\"https:\/\/news.ecclesia.org.br\/wp-content\/uploads\/2018\/05\/iakovos-tsalikis7-69x55.jpg\" data-big=\"https:\/\/news.ecclesia.org.br\/wp-content\/uploads\/2018\/05\/iakovos-tsalikis7.jpg\"><\/a><a href=\"https:\/\/news.ecclesia.org.br\/wp-content\/uploads\/2018\/05\/iakovos-tsalikis8.jpg\"><img decoding=\"async\" title=\"iakovos-tsalikis8\" alt=\"\" src=\"https:\/\/news.ecclesia.org.br\/wp-content\/uploads\/2018\/05\/iakovos-tsalikis8-38x55.jpg\" data-big=\"https:\/\/news.ecclesia.org.br\/wp-content\/uploads\/2018\/05\/iakovos-tsalikis8.jpg\"><\/a><a href=\"https:\/\/news.ecclesia.org.br\/wp-content\/uploads\/2018\/05\/iakovos-tsalikis9.jpg\"><img decoding=\"async\" title=\"iakovos-tsalikis9\" alt=\"\" src=\"https:\/\/news.ecclesia.org.br\/wp-content\/uploads\/2018\/05\/iakovos-tsalikis9-80x55.jpg\" data-big=\"https:\/\/news.ecclesia.org.br\/wp-content\/uploads\/2018\/05\/iakovos-tsalikis9.jpg\"><\/a><a href=\"https:\/\/news.ecclesia.org.br\/wp-content\/uploads\/2018\/05\/iakovos-tsalikis10.jpg\"><img decoding=\"async\" title=\"iakovos-tsalikis10\" alt=\"\" src=\"https:\/\/news.ecclesia.org.br\/wp-content\/uploads\/2018\/05\/iakovos-tsalikis10-95x55.jpg\" data-big=\"https:\/\/news.ecclesia.org.br\/wp-content\/uploads\/2018\/05\/iakovos-tsalikis10.jpg\"><\/a><a href=\"https:\/\/news.ecclesia.org.br\/wp-content\/uploads\/2018\/05\/iakovos-tsalikis11.jpg\"><img decoding=\"async\" title=\"iakovos-tsalikis11\" alt=\"\" src=\"https:\/\/news.ecclesia.org.br\/wp-content\/uploads\/2018\/05\/iakovos-tsalikis11-78x55.jpg\" data-big=\"https:\/\/news.ecclesia.org.br\/wp-content\/uploads\/2018\/05\/iakovos-tsalikis11.jpg\"><\/a><\/div><\/p>\n<p style=\"text-align: justify;\">Evia, Gr\u00e9cia, 16 de maio de 2018 &#8212; A canoniza\u00e7\u00e3o de Abba Iakovos (Tsalikis) de \u00c9pia ser\u00e1 celebrada nos pr\u00f3ximos dias 2 e 3 de junho, no Monast\u00e9rio de S\u00e3o Davi, na ilha de Evia, onde S\u00e3o Iakovos praticou o ascetismo e servir como heg\u00fameno (abade) por muitos anos.<\/p>\n<p style=\"text-align: justify;\">Como previamente planejado, a celebra\u00e7\u00e3o seria realizada com a participa\u00e7\u00e3o de S. B. Jer\u00f4nimo de Atenas e Toda a Gr\u00e9cia e outros membros do Santo S\u00ednodo grego e, mais recentemente, anunciou-se que o Patriarca Ecum\u00eanico Bartolomeu I ir\u00e1 presidir a cerim\u00f4nia juntamente com o Arcebispo Jer\u00f4nimo, de acordo com o que relata o\u00a0<a href=\"http:\/\/afonit.info\/novosti\/novosti-afona\/v-iyune-sostoitsya-proslavlenie-v-like-svyatykh-startsa-iakova-tsalikisa-kotorogo-pochital-prp-paisij-svyatogorets\">Russian Athos<\/a>.<\/p>\n<p style=\"text-align: justify;\">O Bem-aventurado Abba Iakovos foi contado entre os santos pelo Santo S\u00ednodo do Patriarcado Ecum\u00eanico em sua sess\u00e3o de 27 de novembro de 2017. A iniciativa de sua canoniza\u00e7\u00e3o foi Santo S\u00ednodo da Igreja da Gr\u00e9cia que enviou o pedido e os documentos relacionados ao Patriarcado de Ecum\u00eanico de Constantinopla.<\/p>\n<p style=\"text-align: justify;\">Seu dia de festa foi estabelecido em 22 de novembro de acordo com o Novo Calend\u00e1rio.<\/p>\n<p style=\"text-align: justify;\">Espera-se que os dois Primazes se re\u00fanam na noite de 2 de junho para a celebra\u00e7\u00e3o da Vig\u00edlia (V\u00e9speras) na Igreja Matriz do Monast\u00e9rio de S\u00e3o Davi, quando ser\u00e1 feita a proclama\u00e7\u00e3o do Ato Sinodal do Patriarcado Ecum\u00eanico de Canoniza\u00e7\u00e3o de Abba Iakovos. No dia seguinte, Domingo de Todos os Santos, os Hierarcas presidir\u00e3o a Divina Liturgia da festa na Igreja do monast\u00e9rio.<\/p>\n<hr \/>\n<p style=\"text-align: right;\">Fonte: <a href=\"http:\/\/orthochristian.com\/112968.html\" target=\"_blank\" rel=\"noopener\">Orthodox Christianity\u00a0<\/a><br \/>\nFotos:\u00a0\u00a0<a href=\"http:\/\/afonit.info\/novosti\/novosti-afona\/v-iyune-sostoitsya-proslavlenie-v-like-svyatykh-startsa-iakova-tsalikisa-kotorogo-pochital-prp-paisij-svyatogorets\">Russian Athos<\/a>.<\/p>\n<p>&nbsp;<\/p>\n","protected":false},"excerpt":{"rendered":"<p>Evia, Gr\u00e9cia, 16 de maio de 2018 &#8212; A canoniza\u00e7\u00e3o de Abba Iakovos (Tsalikis) de \u00c9pia ser\u00e1 celebrada nos pr\u00f3ximos dias 2 e 3 de junho, no Monast\u00e9rio de S\u00e3o Davi, na ilha de Evia, onde S\u00e3o Iakovos praticou o&#8230;<\/p>\n","protected":false},"author":1,"featured_media":25055,"comment_status":"open","ping_status":"open","sticky":false,"template":"","format":"standard","meta":{"_acf_changed":false,"footnotes":""},"categories":[1,72],"tags":[],"class_list":["post-25051","post","type-post","status-publish","format-standard","has-post-thumbnail","hentry","category-news","category-patriarcado-ecumenico","entry","rows-excerpt"],"acf":[],"yoast_head":"<!-- This site is optimized with the Yoast SEO plugin v27.4 - https:\/\/yoast.com\/product\/yoast-seo-wordpress\/ -->\n<title>Canoniza\u00e7\u00e3o de Abba (Anci\u00e3o) Iakovos (Tsalikis) ocorrer\u00e1 no in\u00edcio de junho e ser\u00e1 presidida pelo Patriarca Bartolomeu e pelo Arcebispo Jer\u00f4nimo da Gr\u00e9cia | ECCLESIA NEWS<\/title>\n<meta name=\"robots\" content=\"index, follow, max-snippet:-1, max-image-preview:large, max-video-preview:-1\" \/>\n<link rel=\"canonical\" href=\"https:\/\/news.ecclesia.org.br\/?p=25051\" \/>\n<meta property=\"og:locale\" content=\"pt_BR\" \/>\n<meta property=\"og:type\" content=\"article\" \/>\n<meta property=\"og:title\" content=\"Canoniza\u00e7\u00e3o de Abba (Anci\u00e3o) Iakovos (Tsalikis) ocorrer\u00e1 no in\u00edcio de junho e ser\u00e1 presidida pelo Patriarca Bartolomeu e pelo Arcebispo Jer\u00f4nimo da Gr\u00e9cia | ECCLESIA NEWS\" \/>\n<meta property=\"og:description\" content=\"Evia, Gr\u00e9cia, 16 de maio de 2018 &#8212; A canoniza\u00e7\u00e3o de Abba Iakovos (Tsalikis) de \u00c9pia ser\u00e1 celebrada nos pr\u00f3ximos dias 2 e 3 de junho, no Monast\u00e9rio de S\u00e3o Davi, na ilha de Evia, onde S\u00e3o Iakovos praticou o&#8230;\" \/>\n<meta property=\"og:url\" content=\"https:\/\/news.ecclesia.org.br\/?p=25051\" \/>\n<meta property=\"og:site_name\" content=\"ECCLESIA NEWS\" \/>\n<meta property=\"article:publisher\" content=\"https:\/\/www.facebook.com\/Ecclesia2025\" \/>\n<meta property=\"article:published_time\" content=\"2018-05-21T13:45:56+00:00\" \/>\n<meta property=\"article:modified_time\" content=\"2018-05-21T14:10:45+00:00\" \/>\n<meta property=\"og:image\" content=\"https:\/\/news.ecclesia.org.br\/wp-content\/uploads\/2018\/05\/iakovos-tsalikis.jpg\" \/>\n\t<meta property=\"og:image:width\" content=\"800\" \/>\n\t<meta property=\"og:image:height\" content=\"579\" \/>\n\t<meta property=\"og:image:type\" content=\"image\/jpeg\" \/>\n<meta name=\"author\" content=\"Pe. Andr\u00e9\" \/>\n<meta name=\"twitter:card\" content=\"summary_large_image\" \/>\n<meta name=\"twitter:creator\" content=\"@EcclesiaNews\" \/>\n<meta name=\"twitter:site\" content=\"@EcclesiaNews\" \/>\n<meta name=\"twitter:label1\" content=\"Escrito por\" \/>\n\t<meta name=\"twitter:data1\" content=\"Pe. Andr\u00e9\" \/>\n\t<meta name=\"twitter:label2\" content=\"Est. tempo de leitura\" \/>\n\t<meta name=\"twitter:data2\" content=\"1 minuto\" \/>\n<script type=\"application\/ld+json\" class=\"yoast-schema-graph\">{\"@context\":\"https:\\\/\\\/schema.org\",\"@graph\":[{\"@type\":\"Article\",\"@id\":\"https:\\\/\\\/news.ecclesia.org.br\\\/?p=25051#article\",\"isPartOf\":{\"@id\":\"https:\\\/\\\/news.ecclesia.org.br\\\/?p=25051\"},\"author\":{\"name\":\"Pe. Andr\u00e9\",\"@id\":\"https:\\\/\\\/news.ecclesia.org.br\\\/#\\\/schema\\\/person\\\/6f09597f025829745ba414a569f63758\"},\"headline\":\"Canoniza\u00e7\u00e3o de Abba (Anci\u00e3o) Iakovos (Tsalikis) ocorrer\u00e1 no in\u00edcio de junho e ser\u00e1 presidida pelo Patriarca Bartolomeu e pelo Arcebispo Jer\u00f4nimo da Gr\u00e9cia\",\"datePublished\":\"2018-05-21T13:45:56+00:00\",\"dateModified\":\"2018-05-21T14:10:45+00:00\",\"mainEntityOfPage\":{\"@id\":\"https:\\\/\\\/news.ecclesia.org.br\\\/?p=25051\"},\"wordCount\":299,\"commentCount\":0,\"publisher\":{\"@id\":\"https:\\\/\\\/news.ecclesia.org.br\\\/#organization\"},\"image\":{\"@id\":\"https:\\\/\\\/news.ecclesia.org.br\\\/?p=25051#primaryimage\"},\"thumbnailUrl\":\"https:\\\/\\\/news.ecclesia.org.br\\\/wp-content\\\/uploads\\\/2018\\\/05\\\/iakovos-tsalikis.jpg\",\"articleSection\":[\"NEWS\",\"Patriarcado Ecum\u00eanico\"],\"inLanguage\":\"pt-BR\",\"potentialAction\":[{\"@type\":\"CommentAction\",\"name\":\"Comment\",\"target\":[\"https:\\\/\\\/news.ecclesia.org.br\\\/?p=25051#respond\"]}]},{\"@type\":\"WebPage\",\"@id\":\"https:\\\/\\\/news.ecclesia.org.br\\\/?p=25051\",\"url\":\"https:\\\/\\\/news.ecclesia.org.br\\\/?p=25051\",\"name\":\"Canoniza\u00e7\u00e3o de Abba (Anci\u00e3o) Iakovos (Tsalikis) ocorrer\u00e1 no in\u00edcio de junho e ser\u00e1 presidida pelo Patriarca Bartolomeu e pelo Arcebispo Jer\u00f4nimo da Gr\u00e9cia | ECCLESIA NEWS\",\"isPartOf\":{\"@id\":\"https:\\\/\\\/news.ecclesia.org.br\\\/#website\"},\"primaryImageOfPage\":{\"@id\":\"https:\\\/\\\/news.ecclesia.org.br\\\/?p=25051#primaryimage\"},\"image\":{\"@id\":\"https:\\\/\\\/news.ecclesia.org.br\\\/?p=25051#primaryimage\"},\"thumbnailUrl\":\"https:\\\/\\\/news.ecclesia.org.br\\\/wp-content\\\/uploads\\\/2018\\\/05\\\/iakovos-tsalikis.jpg\",\"datePublished\":\"2018-05-21T13:45:56+00:00\",\"dateModified\":\"2018-05-21T14:10:45+00:00\",\"breadcrumb\":{\"@id\":\"https:\\\/\\\/news.ecclesia.org.br\\\/?p=25051#breadcrumb\"},\"inLanguage\":\"pt-BR\",\"potentialAction\":[{\"@type\":\"ReadAction\",\"target\":[\"https:\\\/\\\/news.ecclesia.org.br\\\/?p=25051\"]}]},{\"@type\":\"ImageObject\",\"inLanguage\":\"pt-BR\",\"@id\":\"https:\\\/\\\/news.ecclesia.org.br\\\/?p=25051#primaryimage\",\"url\":\"https:\\\/\\\/news.ecclesia.org.br\\\/wp-content\\\/uploads\\\/2018\\\/05\\\/iakovos-tsalikis.jpg\",\"contentUrl\":\"https:\\\/\\\/news.ecclesia.org.br\\\/wp-content\\\/uploads\\\/2018\\\/05\\\/iakovos-tsalikis.jpg\",\"width\":800,\"height\":579},{\"@type\":\"BreadcrumbList\",\"@id\":\"https:\\\/\\\/news.ecclesia.org.br\\\/?p=25051#breadcrumb\",\"itemListElement\":[{\"@type\":\"ListItem\",\"position\":1,\"name\":\"In\u00edcio\",\"item\":\"https:\\\/\\\/news.ecclesia.org.br\\\/\"},{\"@type\":\"ListItem\",\"position\":2,\"name\":\"Canoniza\u00e7\u00e3o de Abba (Anci\u00e3o) Iakovos (Tsalikis) ocorrer\u00e1 no in\u00edcio de junho e ser\u00e1 presidida pelo Patriarca Bartolomeu e pelo Arcebispo Jer\u00f4nimo da Gr\u00e9cia\"}]},{\"@type\":\"WebSite\",\"@id\":\"https:\\\/\\\/news.ecclesia.org.br\\\/#website\",\"url\":\"https:\\\/\\\/news.ecclesia.org.br\\\/\",\"name\":\"Ecclesia Brasil\",\"description\":\"Desde 2003 onectando o Brasil ao mundo ortodoxo!\",\"publisher\":{\"@id\":\"https:\\\/\\\/news.ecclesia.org.br\\\/#organization\"},\"alternateName\":\"Ecclesia\",\"potentialAction\":[{\"@type\":\"SearchAction\",\"target\":{\"@type\":\"EntryPoint\",\"urlTemplate\":\"https:\\\/\\\/news.ecclesia.org.br\\\/?s={search_term_string}\"},\"query-input\":{\"@type\":\"PropertyValueSpecification\",\"valueRequired\":true,\"valueName\":\"search_term_string\"}}],\"inLanguage\":\"pt-BR\"},{\"@type\":\"Organization\",\"@id\":\"https:\\\/\\\/news.ecclesia.org.br\\\/#organization\",\"name\":\"Sacra Arquidiocese de Buenos Aires e Am\u00e9rica do Sul | Patriarcado Ecum\u00eanico\",\"alternateName\":\"News Ecclesia Brasil\",\"url\":\"https:\\\/\\\/news.ecclesia.org.br\\\/\",\"logo\":{\"@type\":\"ImageObject\",\"inLanguage\":\"pt-BR\",\"@id\":\"https:\\\/\\\/news.ecclesia.org.br\\\/#\\\/schema\\\/logo\\\/image\\\/\",\"url\":\"https:\\\/\\\/news.ecclesia.org.br\\\/wp-content\\\/uploads\\\/2025\\\/05\\\/ecclesia2.png\",\"contentUrl\":\"https:\\\/\\\/news.ecclesia.org.br\\\/wp-content\\\/uploads\\\/2025\\\/05\\\/ecclesia2.png\",\"width\":480,\"height\":120,\"caption\":\"Sacra Arquidiocese de Buenos Aires e Am\u00e9rica do Sul | Patriarcado Ecum\u00eanico\"},\"image\":{\"@id\":\"https:\\\/\\\/news.ecclesia.org.br\\\/#\\\/schema\\\/logo\\\/image\\\/\"},\"sameAs\":[\"https:\\\/\\\/www.facebook.com\\\/Ecclesia2025\",\"https:\\\/\\\/x.com\\\/EcclesiaNews\",\"https:\\\/\\\/br.pinterest.com\\\/ekklisia\\\/\",\"https:\\\/\\\/www.youtube.com\\\/@EcclesiaBrasil\"]},{\"@type\":\"Person\",\"@id\":\"https:\\\/\\\/news.ecclesia.org.br\\\/#\\\/schema\\\/person\\\/6f09597f025829745ba414a569f63758\",\"name\":\"Pe. Andr\u00e9\",\"image\":{\"@type\":\"ImageObject\",\"inLanguage\":\"pt-BR\",\"@id\":\"https:\\\/\\\/secure.gravatar.com\\\/avatar\\\/b4327cfa27e9799da239a26adcd534fc29cdc0c4a4a148eecbcfeb9b42c617ac?s=96&d=mm&r=g\",\"url\":\"https:\\\/\\\/secure.gravatar.com\\\/avatar\\\/b4327cfa27e9799da239a26adcd534fc29cdc0c4a4a148eecbcfeb9b42c617ac?s=96&d=mm&r=g\",\"contentUrl\":\"https:\\\/\\\/secure.gravatar.com\\\/avatar\\\/b4327cfa27e9799da239a26adcd534fc29cdc0c4a4a148eecbcfeb9b42c617ac?s=96&d=mm&r=g\",\"caption\":\"Pe. Andr\u00e9\"},\"sameAs\":[\"https:\\\/\\\/www.ecclesia.org.br\"]}]}<\/script>\n<!-- \/ Yoast SEO plugin. -->","yoast_head_json":{"title":"Canoniza\u00e7\u00e3o de Abba (Anci\u00e3o) Iakovos (Tsalikis) ocorrer\u00e1 no in\u00edcio de junho e ser\u00e1 presidida pelo Patriarca Bartolomeu e pelo Arcebispo Jer\u00f4nimo da Gr\u00e9cia | ECCLESIA NEWS","robots":{"index":"index","follow":"follow","max-snippet":"max-snippet:-1","max-image-preview":"max-image-preview:large","max-video-preview":"max-video-preview:-1"},"canonical":"https:\/\/news.ecclesia.org.br\/?p=25051","og_locale":"pt_BR","og_type":"article","og_title":"Canoniza\u00e7\u00e3o de Abba (Anci\u00e3o) Iakovos (Tsalikis) ocorrer\u00e1 no in\u00edcio de junho e ser\u00e1 presidida pelo Patriarca Bartolomeu e pelo Arcebispo Jer\u00f4nimo da Gr\u00e9cia | ECCLESIA NEWS","og_description":"Evia, Gr\u00e9cia, 16 de maio de 2018 &#8212; A canoniza\u00e7\u00e3o de Abba Iakovos (Tsalikis) de \u00c9pia ser\u00e1 celebrada nos pr\u00f3ximos dias 2 e 3 de junho, no Monast\u00e9rio de S\u00e3o Davi, na ilha de Evia, onde S\u00e3o Iakovos praticou o&#8230;","og_url":"https:\/\/news.ecclesia.org.br\/?p=25051","og_site_name":"ECCLESIA NEWS","article_publisher":"https:\/\/www.facebook.com\/Ecclesia2025","article_published_time":"2018-05-21T13:45:56+00:00","article_modified_time":"2018-05-21T14:10:45+00:00","og_image":[{"width":800,"height":579,"url":"https:\/\/news.ecclesia.org.br\/wp-content\/uploads\/2018\/05\/iakovos-tsalikis.jpg","type":"image\/jpeg"}],"author":"Pe. Andr\u00e9","twitter_card":"summary_large_image","twitter_creator":"@EcclesiaNews","twitter_site":"@EcclesiaNews","twitter_misc":{"Escrito por":"Pe. Andr\u00e9","Est. tempo de leitura":"1 minuto"},"schema":{"@context":"https:\/\/schema.org","@graph":[{"@type":"Article","@id":"https:\/\/news.ecclesia.org.br\/?p=25051#article","isPartOf":{"@id":"https:\/\/news.ecclesia.org.br\/?p=25051"},"author":{"name":"Pe. Andr\u00e9","@id":"https:\/\/news.ecclesia.org.br\/#\/schema\/person\/6f09597f025829745ba414a569f63758"},"headline":"Canoniza\u00e7\u00e3o de Abba (Anci\u00e3o) Iakovos (Tsalikis) ocorrer\u00e1 no in\u00edcio de junho e ser\u00e1 presidida pelo Patriarca Bartolomeu e pelo Arcebispo Jer\u00f4nimo da Gr\u00e9cia","datePublished":"2018-05-21T13:45:56+00:00","dateModified":"2018-05-21T14:10:45+00:00","mainEntityOfPage":{"@id":"https:\/\/news.ecclesia.org.br\/?p=25051"},"wordCount":299,"commentCount":0,"publisher":{"@id":"https:\/\/news.ecclesia.org.br\/#organization"},"image":{"@id":"https:\/\/news.ecclesia.org.br\/?p=25051#primaryimage"},"thumbnailUrl":"https:\/\/news.ecclesia.org.br\/wp-content\/uploads\/2018\/05\/iakovos-tsalikis.jpg","articleSection":["NEWS","Patriarcado Ecum\u00eanico"],"inLanguage":"pt-BR","potentialAction":[{"@type":"CommentAction","name":"Comment","target":["https:\/\/news.ecclesia.org.br\/?p=25051#respond"]}]},{"@type":"WebPage","@id":"https:\/\/news.ecclesia.org.br\/?p=25051","url":"https:\/\/news.ecclesia.org.br\/?p=25051","name":"Canoniza\u00e7\u00e3o de Abba (Anci\u00e3o) Iakovos (Tsalikis) ocorrer\u00e1 no in\u00edcio de junho e ser\u00e1 presidida pelo Patriarca Bartolomeu e pelo Arcebispo Jer\u00f4nimo da Gr\u00e9cia | ECCLESIA NEWS","isPartOf":{"@id":"https:\/\/news.ecclesia.org.br\/#website"},"primaryImageOfPage":{"@id":"https:\/\/news.ecclesia.org.br\/?p=25051#primaryimage"},"image":{"@id":"https:\/\/news.ecclesia.org.br\/?p=25051#primaryimage"},"thumbnailUrl":"https:\/\/news.ecclesia.org.br\/wp-content\/uploads\/2018\/05\/iakovos-tsalikis.jpg","datePublished":"2018-05-21T13:45:56+00:00","dateModified":"2018-05-21T14:10:45+00:00","breadcrumb":{"@id":"https:\/\/news.ecclesia.org.br\/?p=25051#breadcrumb"},"inLanguage":"pt-BR","potentialAction":[{"@type":"ReadAction","target":["https:\/\/news.ecclesia.org.br\/?p=25051"]}]},{"@type":"ImageObject","inLanguage":"pt-BR","@id":"https:\/\/news.ecclesia.org.br\/?p=25051#primaryimage","url":"https:\/\/news.ecclesia.org.br\/wp-content\/uploads\/2018\/05\/iakovos-tsalikis.jpg","contentUrl":"https:\/\/news.ecclesia.org.br\/wp-content\/uploads\/2018\/05\/iakovos-tsalikis.jpg","width":800,"height":579},{"@type":"BreadcrumbList","@id":"https:\/\/news.ecclesia.org.br\/?p=25051#breadcrumb","itemListElement":[{"@type":"ListItem","position":1,"name":"In\u00edcio","item":"https:\/\/news.ecclesia.org.br\/"},{"@type":"ListItem","position":2,"name":"Canoniza\u00e7\u00e3o de Abba (Anci\u00e3o) Iakovos (Tsalikis) ocorrer\u00e1 no in\u00edcio de junho e ser\u00e1 presidida pelo Patriarca Bartolomeu e pelo Arcebispo Jer\u00f4nimo da Gr\u00e9cia"}]},{"@type":"WebSite","@id":"https:\/\/news.ecclesia.org.br\/#website","url":"https:\/\/news.ecclesia.org.br\/","name":"Ecclesia Brasil","description":"Desde 2003 onectando o Brasil ao mundo ortodoxo!","publisher":{"@id":"https:\/\/news.ecclesia.org.br\/#organization"},"alternateName":"Ecclesia","potentialAction":[{"@type":"SearchAction","target":{"@type":"EntryPoint","urlTemplate":"https:\/\/news.ecclesia.org.br\/?s={search_term_string}"},"query-input":{"@type":"PropertyValueSpecification","valueRequired":true,"valueName":"search_term_string"}}],"inLanguage":"pt-BR"},{"@type":"Organization","@id":"https:\/\/news.ecclesia.org.br\/#organization","name":"Sacra Arquidiocese de Buenos Aires e Am\u00e9rica do Sul | Patriarcado Ecum\u00eanico","alternateName":"News Ecclesia Brasil","url":"https:\/\/news.ecclesia.org.br\/","logo":{"@type":"ImageObject","inLanguage":"pt-BR","@id":"https:\/\/news.ecclesia.org.br\/#\/schema\/logo\/image\/","url":"https:\/\/news.ecclesia.org.br\/wp-content\/uploads\/2025\/05\/ecclesia2.png","contentUrl":"https:\/\/news.ecclesia.org.br\/wp-content\/uploads\/2025\/05\/ecclesia2.png","width":480,"height":120,"caption":"Sacra Arquidiocese de Buenos Aires e Am\u00e9rica do Sul | Patriarcado Ecum\u00eanico"},"image":{"@id":"https:\/\/news.ecclesia.org.br\/#\/schema\/logo\/image\/"},"sameAs":["https:\/\/www.facebook.com\/Ecclesia2025","https:\/\/x.com\/EcclesiaNews","https:\/\/br.pinterest.com\/ekklisia\/","https:\/\/www.youtube.com\/@EcclesiaBrasil"]},{"@type":"Person","@id":"https:\/\/news.ecclesia.org.br\/#\/schema\/person\/6f09597f025829745ba414a569f63758","name":"Pe. Andr\u00e9","image":{"@type":"ImageObject","inLanguage":"pt-BR","@id":"https:\/\/secure.gravatar.com\/avatar\/b4327cfa27e9799da239a26adcd534fc29cdc0c4a4a148eecbcfeb9b42c617ac?s=96&d=mm&r=g","url":"https:\/\/secure.gravatar.com\/avatar\/b4327cfa27e9799da239a26adcd534fc29cdc0c4a4a148eecbcfeb9b42c617ac?s=96&d=mm&r=g","contentUrl":"https:\/\/secure.gravatar.com\/avatar\/b4327cfa27e9799da239a26adcd534fc29cdc0c4a4a148eecbcfeb9b42c617ac?s=96&d=mm&r=g","caption":"Pe. Andr\u00e9"},"sameAs":["https:\/\/www.ecclesia.org.br"]}]}},"_links":{"self":[{"href":"https:\/\/news.ecclesia.org.br\/index.php?rest_route=\/wp\/v2\/posts\/25051","targetHints":{"allow":["GET"]}}],"collection":[{"href":"https:\/\/news.ecclesia.org.br\/index.php?rest_route=\/wp\/v2\/posts"}],"about":[{"href":"https:\/\/news.ecclesia.org.br\/index.php?rest_route=\/wp\/v2\/types\/post"}],"author":[{"embeddable":true,"href":"https:\/\/news.ecclesia.org.br\/index.php?rest_route=\/wp\/v2\/users\/1"}],"replies":[{"embeddable":true,"href":"https:\/\/news.ecclesia.org.br\/index.php?rest_route=%2Fwp%2Fv2%2Fcomments&post=25051"}],"version-history":[{"count":0,"href":"https:\/\/news.ecclesia.org.br\/index.php?rest_route=\/wp\/v2\/posts\/25051\/revisions"}],"wp:featuredmedia":[{"embeddable":true,"href":"https:\/\/news.ecclesia.org.br\/index.php?rest_route=\/wp\/v2\/media\/25055"}],"wp:attachment":[{"href":"https:\/\/news.ecclesia.org.br\/index.php?rest_route=%2Fwp%2Fv2%2Fmedia&parent=25051"}],"wp:term":[{"taxonomy":"category","embeddable":true,"href":"https:\/\/news.ecclesia.org.br\/index.php?rest_route=%2Fwp%2Fv2%2Fcategories&post=25051"},{"taxonomy":"post_tag","embeddable":true,"href":"https:\/\/news.ecclesia.org.br\/index.php?rest_route=%2Fwp%2Fv2%2Ftags&post=25051"}],"curies":[{"name":"wp","href":"https:\/\/api.w.org\/{rel}","templated":true}]}}