{"id":25045,"date":"2018-05-17T18:37:44","date_gmt":"2018-05-17T18:37:44","guid":{"rendered":"https:\/\/news.ecclesia.org.br\/2013\/?p=25045"},"modified":"2018-05-17T18:44:28","modified_gmt":"2018-05-17T18:44:28","slug":"cuidar-ate-ao-fim-com-compaixao","status":"publish","type":"post","link":"https:\/\/news.ecclesia.org.br\/?p=25045","title":{"rendered":"&#8220;Cuidar at\u00e9 ao fim com compaix\u00e3o&#8221;."},"content":{"rendered":"<p style=\"text-align: justify;\">16 mai, 2018 &#8211; Oito religi\u00f5es subscrevem o documento assinado esta quarta-feira, em Portugal, numa tomada de posi\u00e7\u00e3o conjunta contra a eutan\u00e1sia.<\/p>\n<p style=\"text-align: justify;\"><a href=\"https:\/\/news.ecclesia.org.br\/2013\/wp-content\/uploads\/2018\/05\/declaracao-eutanasia-portugal.jpg\"><img fetchpriority=\"high\" decoding=\"async\" class=\"alignleft size-medium wp-image-25046\" src=\"https:\/\/news.ecclesia.org.br\/2013\/wp-content\/uploads\/2018\/05\/declaracao-eutanasia-portugal-300x168.jpg\" alt=\"\" width=\"300\" height=\"168\" srcset=\"https:\/\/news.ecclesia.org.br\/wp-content\/uploads\/2018\/05\/declaracao-eutanasia-portugal-300x168.jpg 300w, https:\/\/news.ecclesia.org.br\/wp-content\/uploads\/2018\/05\/declaracao-eutanasia-portugal-768x431.jpg 768w, https:\/\/news.ecclesia.org.br\/wp-content\/uploads\/2018\/05\/declaracao-eutanasia-portugal-600x336.jpg 600w, https:\/\/news.ecclesia.org.br\/wp-content\/uploads\/2018\/05\/declaracao-eutanasia-portugal-98x55.jpg 98w, https:\/\/news.ecclesia.org.br\/wp-content\/uploads\/2018\/05\/declaracao-eutanasia-portugal.jpg 840w\" sizes=\"(max-width: 300px) 100vw, 300px\" \/><\/a>Esta tomada de posi\u00e7\u00e3o foi assinada no final de uma confer\u00eancia sobre &#8220;Como cuidar com compaix\u00e3o&#8221;, organizada pelo Grupo de Trabalho Inter-Religioso para as quest\u00f5es de sa\u00fade, que teve lugar na Academia das Ci\u00eancias de Lisboa (&#8230;). O documento ser\u00e1 agora entregue na Presid\u00eancia da Rep\u00fablica e no Parlamento, antecipando a discuss\u00e3o e vota\u00e7\u00e3o de quatro projetos de lei, do PAN, PEV, BE e PS, sobre a morte assistida, agendada para o dia 29 de maio (&#8230;)<\/p>\n<p style=\"text-align: justify;\">As oito confiss\u00f5es religiosas &#8211; Alian\u00e7a Evang\u00e9lica Portuguesa, Comunidade Hindu de Portugal, Comunidade Isl\u00e2mica de Lisboa, Comunidade Israelita de Lisboa, Igreja Cat\u00f3lica, Igreja Ortodoxa, Patriarcado Ecum\u00e9nico de Constantinopla, Uni\u00e3o Budista Portuguesa e Uni\u00e3o Portuguesa dos Adventistas do S\u00e9timo Dia &#8211; &#8220;conscientes de que vivemos um momento de grande import\u00e2ncia para o nosso presente e o nosso futuro coletivo&#8221;, declararam defenderem com esta posi\u00e7\u00e3o &#8220;a dignidade daquele que sofre&#8221;, &#8220;uma sociedade misericordiosa e compassiva&#8221; e os &#8220;cuidados paliativos&#8221;, que s\u00e3o &#8220;uma exig\u00eancia inadi\u00e1vel&#8221;.<\/p>\n<p style=\"text-align: justify;\">No texto defendem que &#8220;cada ser humano \u00e9 \u00fanico e, como tal, insubstitu\u00edvel e necess\u00e1rio \u00e0 sociedade de que faz parte. (&#8230;) &#8220;, admitindo que &#8220;todo o sofrimento evit\u00e1vel deve ser evitado&#8221; e que &#8220;o car\u00e1ter dram\u00e1tico do sofrimento e a dificuldade de que se reveste a elabora\u00e7\u00e3o de um sentido de viver&#8221; n\u00e3o \u00e9 ignorado. Contudo, &#8220;a dignidade da pessoa n\u00e3o depende sen\u00e3o do facto da sua exist\u00eancia como sujeito humano e a autonomia pessoal n\u00e3o pode ser esvaziada do seu significado social.&#8221;<\/p>\n<p style=\"text-align: justify;\">Na defesa por uma sociedade compassiva, as confiss\u00f5es acreditam que &#8220;o sofrimento do fim de vida \u00e9, para cada pessoa um desafio espiritual e, para a sociedade, um desafio \u00e9tico&#8221;. E, hoje, &#8220;o morrer humano \u00e9 um dos \u00e2mbitos em que este desafio nos interpela. O que nos \u00e9 pedido n\u00e3o \u00e9 que desistamos daqueles que vivem o per\u00edodo terminal da vida, oferecendo-lhes a possibilidade legal da op\u00e7\u00e3o pela morte.&#8221; Esse, dizem, &#8220;\u00e9 o verdadeiro sofrimento intoler\u00e1vel, que cria condi\u00e7\u00f5es para o desejo de morrer&#8221;. O que &#8220;nos \u00e9 pedido \u00e9, pois, que nos comprometamos mais profundamente com os que vivem esta etapa, assumindo a exig\u00eancia de lhes oferecer a possibilidade de uma morte humanamente acompanhada.&#8221;<\/p>\n<p>Quanto aos cuidados paliativos, as comunidades religiosas dizem que estes &#8220;s\u00e3o a concretiza\u00e7\u00e3o mais completa desta resposta que o estado n\u00e3o pode deixar de dar, porque aliam a maior compet\u00eancia cient\u00edfica e t\u00e9cnica com a compet\u00eancia na compaix\u00e3o, ambas imprescind\u00edveis para cuidar de quem atravessa a fase final da vida.&#8221;<\/p>\n<hr \/>\n<h2>Declara\u00e7\u00e3o do Grupo de Trabalho Inter-religioso<\/h2>\n<p style=\"text-align: justify;\">O debate em curso na sociedade portuguesa sobre a realidade a que se tem chamado \u201cmorte assistida\u201d convoca todos a realizarem uma reflex\u00e3o e a oferecerem a sua contribui\u00e7\u00e3o para enriquecer um processo de di\u00e1logo que necessita da interven\u00e7\u00e3o da pluralidade dos atores sociais. As Tradi\u00e7\u00f5es religiosas s\u00e3o portadoras de uma mensagem sobre a vida e a morte do homem, bem como sobre o modelo de sociedade que constitu\u00edmos, e \u00e9 leg\u00edtimo e necess\u00e1rio que a apresentem, com humildade e liberdade.<\/p>\n<p style=\"text-align: justify;\">Agora que a Assembleia da Rep\u00fablica (Portuguesa) vai discutir e colocar em vota\u00e7\u00e3o propostas de uma eventual lei sobre a eutan\u00e1sia, n\u00f3s, as comunidades religiosas presentes em Portugal signat\u00e1rias, conscientes de que vivemos um momento de grande import\u00e2ncia para o nosso presente e o nosso futuro coletivo, declaramos:<\/p>\n<h3 style=\"text-align: justify;\">1. A dignidade daquele que sofre<\/h3>\n<p style=\"text-align: justify;\">Acreditamos que cada ser humano \u00e9 \u00fanico e, como tal, insubstitu\u00edvel e necess\u00e1rio \u00e0 sociedade de que faz parte, sujeito de uma dignidade intr\u00ednseca anterior a todo e qualquer crit\u00e9rio de qualidade de vida e de utilidade, at\u00e9 \u00e0 morte natural. A vida n\u00e3o s\u00f3 n\u00e3o perde dignidade quando se aproxima do seu termo, como a particular vulnerabilidade de que se reveste nesta etapa \u00e9, antes, um t\u00edtulo de especial dignidade que pede proximidade e cuidado.<\/p>\n<p style=\"text-align: justify;\">Assumimos que todo o sofrimento evit\u00e1vel deve ser evitado e, por isso, estamos gratos porque o desenvolvimento das ci\u00eancias m\u00e9dicas e farmacol\u00f3gicas alcan\u00e7ou um tal patamar de desenvolvimento que permite o eficaz al\u00edvio da dor e a promo\u00e7\u00e3o do bem-estar. Contudo, n\u00e3o ignoramos o car\u00e1cter dram\u00e1tico do sofrimento e a dificuldade de que se reveste a elabora\u00e7\u00e3o de um sentido para o viver. Sabemos que a religi\u00e3o oferece uma possibilidade de sentido a quem acredita, mas sabemos tamb\u00e9m, pela experi\u00eancia do acompanhamento de tantos que n\u00e3o s\u00e3o religiosos, que n\u00e3o depende de o ser a possibilidade de encontrar sentido para o pr\u00f3prio sofrimento. Com esses aprendemos, ali\u00e1s, que nesta tarefa reside uma das maiores realiza\u00e7\u00f5es da dignidade pessoal. A dignidade da pessoa n\u00e3o depende sen\u00e3o do fato da sua exist\u00eancia como sujeito humano e a autonomia pessoal n\u00e3o pode ser esvaziada do seu significado social.<\/p>\n<h3 style=\"text-align: left;\">2. Por uma sociedade misericordiosa e compassiva<\/h3>\n<p style=\"text-align: justify;\">O sofrimento do fim de vida \u00e9, para cada pessoa, um desafio espiritual e, para a sociedade, um desafio \u00e9tico. Comuns \u00e0s diferentes Tradi\u00e7\u00f5es religiosas, princ\u00edpios como a miseric\u00f3rdia e a compaix\u00e3o configuraram, ao longo da hist\u00f3ria da civiliza\u00e7\u00e3o, modelos sociais capazes de criar, em cada momento, modos precisos de acompanhar e cuidar os membros mais fr\u00e1geis da sociedade. Hoje, o morrer humano \u00e9 um dos \u00e2mbitos em que este desafio nos interpela. O que nos \u00e9 pedido n\u00e3o \u00e9 que desistamos daqueles que vivem o per\u00edodo terminal da vida, oferecendo-lhes a possibilidade legal da op\u00e7\u00e3o pela morte, \u00e0 qual pode conduzir a experi\u00eancia do sofrimento sem cuidados adequados. Esse \u00e9 o verdadeiro sofrimento intoler\u00e1vel, que cria condi\u00e7\u00f5es para o desejo de morrer. Nasce de uma sociedade que abandona, que se desumaniza, que se torna indiferente. Confirma-nos nesta convic\u00e7\u00e3o a experi\u00eancia de que quem se sente acompanhado n\u00e3o desespera perante a morte e n\u00e3o pede para morrer. O que nos \u00e9 pedido \u00e9, pois, que nos comprometamos mais profundamente com os que vivem esta etapa, assumindo a exig\u00eancia de lhes oferecer a possibilidade de uma morte humanamente acompanhada.<\/p>\n<h3 style=\"text-align: justify;\">3. Os Cuidados Paliativos, uma exig\u00eancia inadi\u00e1vel<\/h3>\n<p style=\"text-align: justify;\">Acreditamos que os cuidados paliativos s\u00e3o a concretiza\u00e7\u00e3o mais completa desta resposta que o Estado n\u00e3o pode deixar de dar, porque aliam a maior compet\u00eancia cient\u00edfica e t\u00e9cnica com a compet\u00eancia na compaix\u00e3o, ambas imprescind\u00edveis para cuidar de quem atravessa a fase final da vida. A verdadeira compaix\u00e3o n\u00e3o \u00e9 insistir em tratamentos f\u00fateis, na tentativa de prolongar a vida, mas ajudar a pessoa a viver o mais humanamente poss\u00edvel a pr\u00f3pria morte, respeitando a naturalidade desta. Os cuidados paliativos fazem-no, valorizando a pessoa at\u00e9 ao seu fim natural, aliviando o seu sofrimento e combatendo a solid\u00e3o pela presen\u00e7a da fam\u00edlia e de outros que lhe sejam significativos. Interpelamos a sociedade (portuguesa) para corresponder \u00e0 exig\u00eancia n\u00e3o mais adi\u00e1vel de estender a todos o acesso aos cuidados paliativos e assumimos a disponibilidade e a vontade de fazermos tudo o que esteja ao nosso alcance para participar neste verdadeiro des\u00edgnio nacional. E n\u00e3o podemos deixar de interrogar se a presente discuss\u00e3o, antes de realizado este investimento, n\u00e3o enfermar\u00e1 de falta de prop\u00f3sito.<\/p>\n<p style=\"text-align: justify;\">As Tradi\u00e7\u00f5es religiosas professam que a vida \u00e9 um dom precioso e, para as religi\u00f5es abra\u00e2micas, um dom de Deus e, como tal, se reveste de car\u00e1cter sagrado; mas este apenas confirma a sua dignidade natural, da qual derivam a sua inviolabilidade e indisponibilidade intr\u00ednsecas, que, portanto, n\u00e3o dependem da fundamenta\u00e7\u00e3o religiosa. Mas a religi\u00e3o confere \u00e0 vida um sentido, uma esperan\u00e7a, uma outra possibilidade de transcend\u00eancia. As sociedades precisam desta vis\u00e3o do humano ao lado de todas as outras.<\/p>\n<p style=\"text-align: justify;\">N\u00f3s, comunidades religiosas presentes em Portugal, acreditamos que a vida humana \u00e9 inviol\u00e1vel at\u00e9 \u00e0 morte natural e perfilhamos um modelo compassivo de sociedade e, por estas raz\u00f5es, em nome da humanidade e do futuro da comunidade humana, causa da religi\u00e3o, nos sentimos chamados a intervir no presente debate sobre a morte assistida, manifestando a nossa oposi\u00e7\u00e3o \u00e0 sua legaliza\u00e7\u00e3o em qualquer das suas formas, seja o suic\u00eddio assistido, seja a eutan\u00e1sia.<\/p>\n<p style=\"text-align: justify;\">Por isso assinamos em conjunto a presente Declara\u00e7\u00e3o.<\/p>\n<p style=\"text-align: justify;\">Lisboa, 16 de maio de 2018<\/p>\n<ul>\n<li>Alian\u00e7a Evang\u00e9lica Portuguesa |\u00a0Pastor Jorge Humberto, em representa\u00e7\u00e3o do Presidente da Alian\u00e7a Evang\u00e9lica Portuguesa, Dr. Pedro Calaim<\/li>\n<li>Comunidade Hindu Portuguesa |\u00a0Sr. Kiritkumar Bachu<\/li>\n<li>Comunidade Isl\u00e2mica de Lisboa |\u00a0Sheik David Munir<\/li>\n<li>Comunidade Israelita de Lisboa |\u00a0Rabino Natan Peres<\/li>\n<li>Igreja Cat\u00f3lica (Apost\u00f3lica Romana) |\u00a0Cardeal Patriarca D. Manuel Clemente<\/li>\n<li><strong>Patriarcado Ecum\u00eanico de Constantinopla |\u00a0Arcipreste Ivan Moody<\/strong><\/li>\n<li>Uni\u00e3o Budista Portuguesa |\u00a0Eng.\u00ba Diogo Lopes<\/li>\n<li>Uni\u00e3o Portuguesa dos Adventistas do S\u00e9timo Dia |\u00a0Pastor Ant\u00f3nio Carvalho, em representa\u00e7\u00e3o do Presidente da Uni\u00e3o Portuguesa dos Adventistas do S\u00e9timo Dia, Pastor Ant\u00f3nio Amorim<\/li>\n<\/ul>\n<p style=\"text-align: right;\"><a href=\"http:\/\/rr.sapo.pt\/noticia\/113416\/cuidar-ate-ao-fim-com-compaixao-leia-aqui-a-declaracao-conjunta-das-religioes\" target=\"_blank\" rel=\"noopener\">Fonte 1<\/a>\u00a0|\u00a0<a href=\"https:\/\/www.dn.pt\/portugal\/interior\/comunidades-religiosos-contra-a-eutanasia-9348002.html\" target=\"_blank\" rel=\"noopener\">Fonte 2<\/a><\/p>\n","protected":false},"excerpt":{"rendered":"<p>16 mai, 2018 &#8211; Oito religi\u00f5es subscrevem o documento assinado esta quarta-feira, em Portugal, numa tomada de posi\u00e7\u00e3o conjunta contra a eutan\u00e1sia. Esta tomada de posi\u00e7\u00e3o foi assinada no final de uma confer\u00eancia sobre &#8220;Como cuidar com compaix\u00e3o&#8221;, organizada pelo&#8230;<\/p>\n","protected":false},"author":1,"featured_media":25046,"comment_status":"open","ping_status":"open","sticky":false,"template":"","format":"standard","meta":{"_acf_changed":false,"footnotes":""},"categories":[1,72],"tags":[],"class_list":["post-25045","post","type-post","status-publish","format-standard","has-post-thumbnail","hentry","category-news","category-patriarcado-ecumenico","entry","rows-excerpt"],"acf":[],"yoast_head":"<!-- This site is optimized with the Yoast SEO plugin v27.4 - https:\/\/yoast.com\/product\/yoast-seo-wordpress\/ -->\n<title>&quot;Cuidar at\u00e9 ao fim com compaix\u00e3o&quot;. | ECCLESIA NEWS<\/title>\n<meta name=\"robots\" content=\"index, follow, max-snippet:-1, max-image-preview:large, max-video-preview:-1\" \/>\n<link rel=\"canonical\" href=\"https:\/\/news.ecclesia.org.br\/?p=25045\" \/>\n<meta property=\"og:locale\" content=\"pt_BR\" \/>\n<meta property=\"og:type\" content=\"article\" \/>\n<meta property=\"og:title\" content=\"&quot;Cuidar at\u00e9 ao fim com compaix\u00e3o&quot;. | ECCLESIA NEWS\" \/>\n<meta property=\"og:description\" content=\"16 mai, 2018 &#8211; Oito religi\u00f5es subscrevem o documento assinado esta quarta-feira, em Portugal, numa tomada de posi\u00e7\u00e3o conjunta contra a eutan\u00e1sia. Esta tomada de posi\u00e7\u00e3o foi assinada no final de uma confer\u00eancia sobre &#8220;Como cuidar com compaix\u00e3o&#8221;, organizada pelo&#8230;\" \/>\n<meta property=\"og:url\" content=\"https:\/\/news.ecclesia.org.br\/?p=25045\" \/>\n<meta property=\"og:site_name\" content=\"ECCLESIA NEWS\" \/>\n<meta property=\"article:publisher\" content=\"https:\/\/www.facebook.com\/Ecclesia2025\" \/>\n<meta property=\"article:published_time\" content=\"2018-05-17T18:37:44+00:00\" \/>\n<meta property=\"article:modified_time\" content=\"2018-05-17T18:44:28+00:00\" \/>\n<meta property=\"og:image\" content=\"https:\/\/news.ecclesia.org.br\/wp-content\/uploads\/2018\/05\/declaracao-eutanasia-portugal.jpg\" \/>\n\t<meta property=\"og:image:width\" content=\"840\" \/>\n\t<meta property=\"og:image:height\" content=\"471\" \/>\n\t<meta property=\"og:image:type\" content=\"image\/jpeg\" \/>\n<meta name=\"author\" content=\"Pe. Andr\u00e9\" \/>\n<meta name=\"twitter:card\" content=\"summary_large_image\" \/>\n<meta name=\"twitter:creator\" content=\"@EcclesiaNews\" \/>\n<meta name=\"twitter:site\" content=\"@EcclesiaNews\" \/>\n<meta name=\"twitter:label1\" content=\"Escrito por\" \/>\n\t<meta name=\"twitter:data1\" content=\"Pe. Andr\u00e9\" \/>\n\t<meta name=\"twitter:label2\" content=\"Est. tempo de leitura\" \/>\n\t<meta name=\"twitter:data2\" content=\"8 minutos\" \/>\n<script type=\"application\/ld+json\" class=\"yoast-schema-graph\">{\"@context\":\"https:\\\/\\\/schema.org\",\"@graph\":[{\"@type\":\"Article\",\"@id\":\"https:\\\/\\\/news.ecclesia.org.br\\\/?p=25045#article\",\"isPartOf\":{\"@id\":\"https:\\\/\\\/news.ecclesia.org.br\\\/?p=25045\"},\"author\":{\"name\":\"Pe. Andr\u00e9\",\"@id\":\"https:\\\/\\\/news.ecclesia.org.br\\\/#\\\/schema\\\/person\\\/6f09597f025829745ba414a569f63758\"},\"headline\":\"&#8220;Cuidar at\u00e9 ao fim com compaix\u00e3o&#8221;.\",\"datePublished\":\"2018-05-17T18:37:44+00:00\",\"dateModified\":\"2018-05-17T18:44:28+00:00\",\"mainEntityOfPage\":{\"@id\":\"https:\\\/\\\/news.ecclesia.org.br\\\/?p=25045\"},\"wordCount\":1566,\"commentCount\":0,\"publisher\":{\"@id\":\"https:\\\/\\\/news.ecclesia.org.br\\\/#organization\"},\"image\":{\"@id\":\"https:\\\/\\\/news.ecclesia.org.br\\\/?p=25045#primaryimage\"},\"thumbnailUrl\":\"https:\\\/\\\/news.ecclesia.org.br\\\/wp-content\\\/uploads\\\/2018\\\/05\\\/declaracao-eutanasia-portugal.jpg\",\"articleSection\":[\"NEWS\",\"Patriarcado Ecum\u00eanico\"],\"inLanguage\":\"pt-BR\",\"potentialAction\":[{\"@type\":\"CommentAction\",\"name\":\"Comment\",\"target\":[\"https:\\\/\\\/news.ecclesia.org.br\\\/?p=25045#respond\"]}]},{\"@type\":\"WebPage\",\"@id\":\"https:\\\/\\\/news.ecclesia.org.br\\\/?p=25045\",\"url\":\"https:\\\/\\\/news.ecclesia.org.br\\\/?p=25045\",\"name\":\"\\\"Cuidar at\u00e9 ao fim com compaix\u00e3o\\\". | ECCLESIA NEWS\",\"isPartOf\":{\"@id\":\"https:\\\/\\\/news.ecclesia.org.br\\\/#website\"},\"primaryImageOfPage\":{\"@id\":\"https:\\\/\\\/news.ecclesia.org.br\\\/?p=25045#primaryimage\"},\"image\":{\"@id\":\"https:\\\/\\\/news.ecclesia.org.br\\\/?p=25045#primaryimage\"},\"thumbnailUrl\":\"https:\\\/\\\/news.ecclesia.org.br\\\/wp-content\\\/uploads\\\/2018\\\/05\\\/declaracao-eutanasia-portugal.jpg\",\"datePublished\":\"2018-05-17T18:37:44+00:00\",\"dateModified\":\"2018-05-17T18:44:28+00:00\",\"breadcrumb\":{\"@id\":\"https:\\\/\\\/news.ecclesia.org.br\\\/?p=25045#breadcrumb\"},\"inLanguage\":\"pt-BR\",\"potentialAction\":[{\"@type\":\"ReadAction\",\"target\":[\"https:\\\/\\\/news.ecclesia.org.br\\\/?p=25045\"]}]},{\"@type\":\"ImageObject\",\"inLanguage\":\"pt-BR\",\"@id\":\"https:\\\/\\\/news.ecclesia.org.br\\\/?p=25045#primaryimage\",\"url\":\"https:\\\/\\\/news.ecclesia.org.br\\\/wp-content\\\/uploads\\\/2018\\\/05\\\/declaracao-eutanasia-portugal.jpg\",\"contentUrl\":\"https:\\\/\\\/news.ecclesia.org.br\\\/wp-content\\\/uploads\\\/2018\\\/05\\\/declaracao-eutanasia-portugal.jpg\",\"width\":840,\"height\":471},{\"@type\":\"BreadcrumbList\",\"@id\":\"https:\\\/\\\/news.ecclesia.org.br\\\/?p=25045#breadcrumb\",\"itemListElement\":[{\"@type\":\"ListItem\",\"position\":1,\"name\":\"In\u00edcio\",\"item\":\"https:\\\/\\\/news.ecclesia.org.br\\\/\"},{\"@type\":\"ListItem\",\"position\":2,\"name\":\"&#8220;Cuidar at\u00e9 ao fim com compaix\u00e3o&#8221;.\"}]},{\"@type\":\"WebSite\",\"@id\":\"https:\\\/\\\/news.ecclesia.org.br\\\/#website\",\"url\":\"https:\\\/\\\/news.ecclesia.org.br\\\/\",\"name\":\"Ecclesia Brasil\",\"description\":\"Desde 2003 onectando o Brasil ao mundo ortodoxo!\",\"publisher\":{\"@id\":\"https:\\\/\\\/news.ecclesia.org.br\\\/#organization\"},\"alternateName\":\"Ecclesia\",\"potentialAction\":[{\"@type\":\"SearchAction\",\"target\":{\"@type\":\"EntryPoint\",\"urlTemplate\":\"https:\\\/\\\/news.ecclesia.org.br\\\/?s={search_term_string}\"},\"query-input\":{\"@type\":\"PropertyValueSpecification\",\"valueRequired\":true,\"valueName\":\"search_term_string\"}}],\"inLanguage\":\"pt-BR\"},{\"@type\":\"Organization\",\"@id\":\"https:\\\/\\\/news.ecclesia.org.br\\\/#organization\",\"name\":\"Sacra Arquidiocese de Buenos Aires e Am\u00e9rica do Sul | Patriarcado Ecum\u00eanico\",\"alternateName\":\"News Ecclesia Brasil\",\"url\":\"https:\\\/\\\/news.ecclesia.org.br\\\/\",\"logo\":{\"@type\":\"ImageObject\",\"inLanguage\":\"pt-BR\",\"@id\":\"https:\\\/\\\/news.ecclesia.org.br\\\/#\\\/schema\\\/logo\\\/image\\\/\",\"url\":\"https:\\\/\\\/news.ecclesia.org.br\\\/wp-content\\\/uploads\\\/2025\\\/05\\\/ecclesia2.png\",\"contentUrl\":\"https:\\\/\\\/news.ecclesia.org.br\\\/wp-content\\\/uploads\\\/2025\\\/05\\\/ecclesia2.png\",\"width\":480,\"height\":120,\"caption\":\"Sacra Arquidiocese de Buenos Aires e Am\u00e9rica do Sul | Patriarcado Ecum\u00eanico\"},\"image\":{\"@id\":\"https:\\\/\\\/news.ecclesia.org.br\\\/#\\\/schema\\\/logo\\\/image\\\/\"},\"sameAs\":[\"https:\\\/\\\/www.facebook.com\\\/Ecclesia2025\",\"https:\\\/\\\/x.com\\\/EcclesiaNews\",\"https:\\\/\\\/br.pinterest.com\\\/ekklisia\\\/\",\"https:\\\/\\\/www.youtube.com\\\/@EcclesiaBrasil\"]},{\"@type\":\"Person\",\"@id\":\"https:\\\/\\\/news.ecclesia.org.br\\\/#\\\/schema\\\/person\\\/6f09597f025829745ba414a569f63758\",\"name\":\"Pe. Andr\u00e9\",\"image\":{\"@type\":\"ImageObject\",\"inLanguage\":\"pt-BR\",\"@id\":\"https:\\\/\\\/secure.gravatar.com\\\/avatar\\\/b4327cfa27e9799da239a26adcd534fc29cdc0c4a4a148eecbcfeb9b42c617ac?s=96&d=mm&r=g\",\"url\":\"https:\\\/\\\/secure.gravatar.com\\\/avatar\\\/b4327cfa27e9799da239a26adcd534fc29cdc0c4a4a148eecbcfeb9b42c617ac?s=96&d=mm&r=g\",\"contentUrl\":\"https:\\\/\\\/secure.gravatar.com\\\/avatar\\\/b4327cfa27e9799da239a26adcd534fc29cdc0c4a4a148eecbcfeb9b42c617ac?s=96&d=mm&r=g\",\"caption\":\"Pe. Andr\u00e9\"},\"sameAs\":[\"https:\\\/\\\/www.ecclesia.org.br\"]}]}<\/script>\n<!-- \/ Yoast SEO plugin. -->","yoast_head_json":{"title":"\"Cuidar at\u00e9 ao fim com compaix\u00e3o\". | ECCLESIA NEWS","robots":{"index":"index","follow":"follow","max-snippet":"max-snippet:-1","max-image-preview":"max-image-preview:large","max-video-preview":"max-video-preview:-1"},"canonical":"https:\/\/news.ecclesia.org.br\/?p=25045","og_locale":"pt_BR","og_type":"article","og_title":"\"Cuidar at\u00e9 ao fim com compaix\u00e3o\". | ECCLESIA NEWS","og_description":"16 mai, 2018 &#8211; Oito religi\u00f5es subscrevem o documento assinado esta quarta-feira, em Portugal, numa tomada de posi\u00e7\u00e3o conjunta contra a eutan\u00e1sia. Esta tomada de posi\u00e7\u00e3o foi assinada no final de uma confer\u00eancia sobre &#8220;Como cuidar com compaix\u00e3o&#8221;, organizada pelo&#8230;","og_url":"https:\/\/news.ecclesia.org.br\/?p=25045","og_site_name":"ECCLESIA NEWS","article_publisher":"https:\/\/www.facebook.com\/Ecclesia2025","article_published_time":"2018-05-17T18:37:44+00:00","article_modified_time":"2018-05-17T18:44:28+00:00","og_image":[{"width":840,"height":471,"url":"https:\/\/news.ecclesia.org.br\/wp-content\/uploads\/2018\/05\/declaracao-eutanasia-portugal.jpg","type":"image\/jpeg"}],"author":"Pe. Andr\u00e9","twitter_card":"summary_large_image","twitter_creator":"@EcclesiaNews","twitter_site":"@EcclesiaNews","twitter_misc":{"Escrito por":"Pe. Andr\u00e9","Est. tempo de leitura":"8 minutos"},"schema":{"@context":"https:\/\/schema.org","@graph":[{"@type":"Article","@id":"https:\/\/news.ecclesia.org.br\/?p=25045#article","isPartOf":{"@id":"https:\/\/news.ecclesia.org.br\/?p=25045"},"author":{"name":"Pe. Andr\u00e9","@id":"https:\/\/news.ecclesia.org.br\/#\/schema\/person\/6f09597f025829745ba414a569f63758"},"headline":"&#8220;Cuidar at\u00e9 ao fim com compaix\u00e3o&#8221;.","datePublished":"2018-05-17T18:37:44+00:00","dateModified":"2018-05-17T18:44:28+00:00","mainEntityOfPage":{"@id":"https:\/\/news.ecclesia.org.br\/?p=25045"},"wordCount":1566,"commentCount":0,"publisher":{"@id":"https:\/\/news.ecclesia.org.br\/#organization"},"image":{"@id":"https:\/\/news.ecclesia.org.br\/?p=25045#primaryimage"},"thumbnailUrl":"https:\/\/news.ecclesia.org.br\/wp-content\/uploads\/2018\/05\/declaracao-eutanasia-portugal.jpg","articleSection":["NEWS","Patriarcado Ecum\u00eanico"],"inLanguage":"pt-BR","potentialAction":[{"@type":"CommentAction","name":"Comment","target":["https:\/\/news.ecclesia.org.br\/?p=25045#respond"]}]},{"@type":"WebPage","@id":"https:\/\/news.ecclesia.org.br\/?p=25045","url":"https:\/\/news.ecclesia.org.br\/?p=25045","name":"\"Cuidar at\u00e9 ao fim com compaix\u00e3o\". | ECCLESIA NEWS","isPartOf":{"@id":"https:\/\/news.ecclesia.org.br\/#website"},"primaryImageOfPage":{"@id":"https:\/\/news.ecclesia.org.br\/?p=25045#primaryimage"},"image":{"@id":"https:\/\/news.ecclesia.org.br\/?p=25045#primaryimage"},"thumbnailUrl":"https:\/\/news.ecclesia.org.br\/wp-content\/uploads\/2018\/05\/declaracao-eutanasia-portugal.jpg","datePublished":"2018-05-17T18:37:44+00:00","dateModified":"2018-05-17T18:44:28+00:00","breadcrumb":{"@id":"https:\/\/news.ecclesia.org.br\/?p=25045#breadcrumb"},"inLanguage":"pt-BR","potentialAction":[{"@type":"ReadAction","target":["https:\/\/news.ecclesia.org.br\/?p=25045"]}]},{"@type":"ImageObject","inLanguage":"pt-BR","@id":"https:\/\/news.ecclesia.org.br\/?p=25045#primaryimage","url":"https:\/\/news.ecclesia.org.br\/wp-content\/uploads\/2018\/05\/declaracao-eutanasia-portugal.jpg","contentUrl":"https:\/\/news.ecclesia.org.br\/wp-content\/uploads\/2018\/05\/declaracao-eutanasia-portugal.jpg","width":840,"height":471},{"@type":"BreadcrumbList","@id":"https:\/\/news.ecclesia.org.br\/?p=25045#breadcrumb","itemListElement":[{"@type":"ListItem","position":1,"name":"In\u00edcio","item":"https:\/\/news.ecclesia.org.br\/"},{"@type":"ListItem","position":2,"name":"&#8220;Cuidar at\u00e9 ao fim com compaix\u00e3o&#8221;."}]},{"@type":"WebSite","@id":"https:\/\/news.ecclesia.org.br\/#website","url":"https:\/\/news.ecclesia.org.br\/","name":"Ecclesia Brasil","description":"Desde 2003 onectando o Brasil ao mundo ortodoxo!","publisher":{"@id":"https:\/\/news.ecclesia.org.br\/#organization"},"alternateName":"Ecclesia","potentialAction":[{"@type":"SearchAction","target":{"@type":"EntryPoint","urlTemplate":"https:\/\/news.ecclesia.org.br\/?s={search_term_string}"},"query-input":{"@type":"PropertyValueSpecification","valueRequired":true,"valueName":"search_term_string"}}],"inLanguage":"pt-BR"},{"@type":"Organization","@id":"https:\/\/news.ecclesia.org.br\/#organization","name":"Sacra Arquidiocese de Buenos Aires e Am\u00e9rica do Sul | Patriarcado Ecum\u00eanico","alternateName":"News Ecclesia Brasil","url":"https:\/\/news.ecclesia.org.br\/","logo":{"@type":"ImageObject","inLanguage":"pt-BR","@id":"https:\/\/news.ecclesia.org.br\/#\/schema\/logo\/image\/","url":"https:\/\/news.ecclesia.org.br\/wp-content\/uploads\/2025\/05\/ecclesia2.png","contentUrl":"https:\/\/news.ecclesia.org.br\/wp-content\/uploads\/2025\/05\/ecclesia2.png","width":480,"height":120,"caption":"Sacra Arquidiocese de Buenos Aires e Am\u00e9rica do Sul | Patriarcado Ecum\u00eanico"},"image":{"@id":"https:\/\/news.ecclesia.org.br\/#\/schema\/logo\/image\/"},"sameAs":["https:\/\/www.facebook.com\/Ecclesia2025","https:\/\/x.com\/EcclesiaNews","https:\/\/br.pinterest.com\/ekklisia\/","https:\/\/www.youtube.com\/@EcclesiaBrasil"]},{"@type":"Person","@id":"https:\/\/news.ecclesia.org.br\/#\/schema\/person\/6f09597f025829745ba414a569f63758","name":"Pe. Andr\u00e9","image":{"@type":"ImageObject","inLanguage":"pt-BR","@id":"https:\/\/secure.gravatar.com\/avatar\/b4327cfa27e9799da239a26adcd534fc29cdc0c4a4a148eecbcfeb9b42c617ac?s=96&d=mm&r=g","url":"https:\/\/secure.gravatar.com\/avatar\/b4327cfa27e9799da239a26adcd534fc29cdc0c4a4a148eecbcfeb9b42c617ac?s=96&d=mm&r=g","contentUrl":"https:\/\/secure.gravatar.com\/avatar\/b4327cfa27e9799da239a26adcd534fc29cdc0c4a4a148eecbcfeb9b42c617ac?s=96&d=mm&r=g","caption":"Pe. Andr\u00e9"},"sameAs":["https:\/\/www.ecclesia.org.br"]}]}},"_links":{"self":[{"href":"https:\/\/news.ecclesia.org.br\/index.php?rest_route=\/wp\/v2\/posts\/25045","targetHints":{"allow":["GET"]}}],"collection":[{"href":"https:\/\/news.ecclesia.org.br\/index.php?rest_route=\/wp\/v2\/posts"}],"about":[{"href":"https:\/\/news.ecclesia.org.br\/index.php?rest_route=\/wp\/v2\/types\/post"}],"author":[{"embeddable":true,"href":"https:\/\/news.ecclesia.org.br\/index.php?rest_route=\/wp\/v2\/users\/1"}],"replies":[{"embeddable":true,"href":"https:\/\/news.ecclesia.org.br\/index.php?rest_route=%2Fwp%2Fv2%2Fcomments&post=25045"}],"version-history":[{"count":0,"href":"https:\/\/news.ecclesia.org.br\/index.php?rest_route=\/wp\/v2\/posts\/25045\/revisions"}],"wp:featuredmedia":[{"embeddable":true,"href":"https:\/\/news.ecclesia.org.br\/index.php?rest_route=\/wp\/v2\/media\/25046"}],"wp:attachment":[{"href":"https:\/\/news.ecclesia.org.br\/index.php?rest_route=%2Fwp%2Fv2%2Fmedia&parent=25045"}],"wp:term":[{"taxonomy":"category","embeddable":true,"href":"https:\/\/news.ecclesia.org.br\/index.php?rest_route=%2Fwp%2Fv2%2Fcategories&post=25045"},{"taxonomy":"post_tag","embeddable":true,"href":"https:\/\/news.ecclesia.org.br\/index.php?rest_route=%2Fwp%2Fv2%2Ftags&post=25045"}],"curies":[{"name":"wp","href":"https:\/\/api.w.org\/{rel}","templated":true}]}}