{"id":25030,"date":"2018-05-17T13:39:55","date_gmt":"2018-05-17T13:39:55","guid":{"rendered":"https:\/\/news.ecclesia.org.br\/2013\/?p=25030"},"modified":"2018-05-17T17:32:56","modified_gmt":"2018-05-17T17:32:56","slug":"patriarca-bartolomeu-estamos-muito-otimistas-sobre-a-reabertura-iminente-do-instituto-teologico-halki","status":"publish","type":"post","link":"https:\/\/news.ecclesia.org.br\/?p=25030","title":{"rendered":"Patriarca Bartolomeu: &#8220;Estamos muito otimistas sobre a reabertura iminente do Instituto Teol\u00f3gico Halki&#8221;"},"content":{"rendered":"<p style=\"text-align: justify;\"><a href=\"https:\/\/news.ecclesia.org.br\/2013\/wp-content\/uploads\/2018\/05\/patriarca-bartolomeu.jpg\"><img fetchpriority=\"high\" decoding=\"async\" class=\"alignleft size-medium wp-image-25032\" src=\"https:\/\/news.ecclesia.org.br\/2013\/wp-content\/uploads\/2018\/05\/patriarca-bartolomeu-300x169.jpg\" alt=\"\" width=\"300\" height=\"169\" srcset=\"https:\/\/news.ecclesia.org.br\/wp-content\/uploads\/2018\/05\/patriarca-bartolomeu-300x169.jpg 300w, https:\/\/news.ecclesia.org.br\/wp-content\/uploads\/2018\/05\/patriarca-bartolomeu-768x432.jpg 768w, https:\/\/news.ecclesia.org.br\/wp-content\/uploads\/2018\/05\/patriarca-bartolomeu-600x338.jpg 600w, https:\/\/news.ecclesia.org.br\/wp-content\/uploads\/2018\/05\/patriarca-bartolomeu-98x55.jpg 98w, https:\/\/news.ecclesia.org.br\/wp-content\/uploads\/2018\/05\/patriarca-bartolomeu.jpg 800w\" sizes=\"(max-width: 300px) 100vw, 300px\" \/><\/a>O Patriarca Ecum\u00eanico Bartolomeu I , em entrevista ao jornal grego <em>Kosmos<\/em> da Austr\u00e1lia, expressou seu otimismo em rela\u00e7\u00e3o a reabertura da Instituto Halki de Teologia: &#8220;Penso que estamos no caminho certo e que n\u00e3o h\u00e1 raz\u00e3o para n\u00e3o esperar por sua iminente reabertura&#8221;, disse, baseando-se em garantias recebidas durante sua recente visita a Ancara, onde se encontrou com o Presidente da Turgia, R. T. Erntogan. &#8220;Naturalmente, nunca deveria ter sido fechada. Em quase 130 anos de funcionamento, Halki deu \u00e0 Igreja e \u00e0 sociedade homens graduados, s\u00e1bios e iluminados, que tanto serviram \u00e0 Igreja Ortodoxa, especialmente ao Patriarcado Ecum\u00eanico,\u00a0 como \u00e0 sociedade e a humanidade, com mente aberta e o mesmo esp\u00edrito que ainda hoje caracteriza o Patriarcado Ecum\u00eanico. Seu fechamento, pelo estado turco, foi uma grave injusti\u00e7a contra n\u00f3s. Quase 50 anos se passaram, 47 se quisermos ser precisos, durante os quais nossos esfor\u00e7os para reabrir o Instituto n\u00e3o foram bem-sucedidos. No entanto, ultimamente, nos tornamos muito otimistas quanto \u00e0 reabertura iminente do nosso Instituto, que me foi assegurado em Ancara alguns dias atr\u00e1s, enquanto visitava o Presidente, na presen\u00e7a do Ministro dos Neg\u00f3cios Estrangeiros. Ent\u00e3o, esperamos que voc\u00ea volte da Austr\u00e1lia em breve, com pelo menos uma pequena delega\u00e7\u00e3o, j\u00e1 que tamb\u00e9m o Arcebispo da Austr\u00e1lia \u00e9 formado pela Halki, para celebrar juntos o grande evento de sua reabertura. Espero que isso aconte\u00e7a antes do pr\u00f3ximo ano letivo. Em setembro, espero come\u00e7ar o novo ano letivo de 2018-2019, com professores, alunos, que dar\u00e3o nova vida e f\u00f4lego a este magn\u00edfico edif\u00edcio que permanece negligenciado, com sua rica biblioteca, hoje sem leitores e pesquisadores &#8220;.<\/p>\n<hr \/>\n<p style=\"text-align: right;\">Fonte: Com informa\u00e7\u00f5es e foto de <a href=\"http:\/\/www.amen.gr\/article\/vartholomaios-gia-xalki-eimaste-poly-aisiodoksoi-oti-epikeitai-i-epanaleitourgia-tis-sxolis\" target=\"_blank\" rel=\"noopener\">Amen.gr<\/a><\/p>\n","protected":false},"excerpt":{"rendered":"<p>O Patriarca Ecum\u00eanico Bartolomeu I , em entrevista ao jornal grego Kosmos da Austr\u00e1lia, expressou seu otimismo em rela\u00e7\u00e3o a reabertura da Instituto Halki de Teologia: &#8220;Penso que estamos no caminho certo e que n\u00e3o h\u00e1 raz\u00e3o para n\u00e3o esperar&#8230;<\/p>\n","protected":false},"author":1,"featured_media":25032,"comment_status":"open","ping_status":"open","sticky":false,"template":"","format":"standard","meta":{"_acf_changed":false,"footnotes":""},"categories":[1,72],"tags":[],"class_list":["post-25030","post","type-post","status-publish","format-standard","has-post-thumbnail","hentry","category-news","category-patriarcado-ecumenico","entry","rows-excerpt"],"acf":[],"yoast_head":"<!-- This site is optimized with the Yoast SEO plugin v27.4 - https:\/\/yoast.com\/product\/yoast-seo-wordpress\/ -->\n<title>Patriarca Bartolomeu: &quot;Estamos muito otimistas sobre a reabertura iminente do Instituto Teol\u00f3gico Halki&quot; | ECCLESIA NEWS<\/title>\n<meta name=\"robots\" content=\"index, follow, max-snippet:-1, max-image-preview:large, max-video-preview:-1\" \/>\n<link rel=\"canonical\" href=\"https:\/\/news.ecclesia.org.br\/?p=25030\" \/>\n<meta property=\"og:locale\" content=\"pt_BR\" \/>\n<meta property=\"og:type\" content=\"article\" \/>\n<meta property=\"og:title\" content=\"Patriarca Bartolomeu: &quot;Estamos muito otimistas sobre a reabertura iminente do Instituto Teol\u00f3gico Halki&quot; | ECCLESIA NEWS\" \/>\n<meta property=\"og:description\" content=\"O Patriarca Ecum\u00eanico Bartolomeu I , em entrevista ao jornal grego Kosmos da Austr\u00e1lia, expressou seu otimismo em rela\u00e7\u00e3o a reabertura da Instituto Halki de Teologia: &#8220;Penso que estamos no caminho certo e que n\u00e3o h\u00e1 raz\u00e3o para n\u00e3o esperar&#8230;\" \/>\n<meta property=\"og:url\" content=\"https:\/\/news.ecclesia.org.br\/?p=25030\" \/>\n<meta property=\"og:site_name\" content=\"ECCLESIA NEWS\" \/>\n<meta property=\"article:publisher\" content=\"https:\/\/www.facebook.com\/Ecclesia2025\" \/>\n<meta property=\"article:published_time\" content=\"2018-05-17T13:39:55+00:00\" \/>\n<meta property=\"article:modified_time\" content=\"2018-05-17T17:32:56+00:00\" \/>\n<meta property=\"og:image\" content=\"https:\/\/news.ecclesia.org.br\/wp-content\/uploads\/2018\/05\/patriarca-bartolomeu.jpg\" \/>\n\t<meta property=\"og:image:width\" content=\"800\" \/>\n\t<meta property=\"og:image:height\" content=\"450\" \/>\n\t<meta property=\"og:image:type\" content=\"image\/jpeg\" \/>\n<meta name=\"author\" content=\"Pe. Andr\u00e9\" \/>\n<meta name=\"twitter:card\" content=\"summary_large_image\" \/>\n<meta name=\"twitter:creator\" content=\"@EcclesiaNews\" \/>\n<meta name=\"twitter:site\" content=\"@EcclesiaNews\" \/>\n<meta name=\"twitter:label1\" content=\"Escrito por\" \/>\n\t<meta name=\"twitter:data1\" content=\"Pe. Andr\u00e9\" \/>\n\t<meta name=\"twitter:label2\" content=\"Est. tempo de leitura\" \/>\n\t<meta name=\"twitter:data2\" content=\"1 minuto\" \/>\n<script type=\"application\/ld+json\" class=\"yoast-schema-graph\">{\"@context\":\"https:\\\/\\\/schema.org\",\"@graph\":[{\"@type\":\"Article\",\"@id\":\"https:\\\/\\\/news.ecclesia.org.br\\\/?p=25030#article\",\"isPartOf\":{\"@id\":\"https:\\\/\\\/news.ecclesia.org.br\\\/?p=25030\"},\"author\":{\"name\":\"Pe. Andr\u00e9\",\"@id\":\"https:\\\/\\\/news.ecclesia.org.br\\\/#\\\/schema\\\/person\\\/6f09597f025829745ba414a569f63758\"},\"headline\":\"Patriarca Bartolomeu: &#8220;Estamos muito otimistas sobre a reabertura iminente do Instituto Teol\u00f3gico Halki&#8221;\",\"datePublished\":\"2018-05-17T13:39:55+00:00\",\"dateModified\":\"2018-05-17T17:32:56+00:00\",\"mainEntityOfPage\":{\"@id\":\"https:\\\/\\\/news.ecclesia.org.br\\\/?p=25030\"},\"wordCount\":308,\"commentCount\":0,\"publisher\":{\"@id\":\"https:\\\/\\\/news.ecclesia.org.br\\\/#organization\"},\"image\":{\"@id\":\"https:\\\/\\\/news.ecclesia.org.br\\\/?p=25030#primaryimage\"},\"thumbnailUrl\":\"https:\\\/\\\/news.ecclesia.org.br\\\/wp-content\\\/uploads\\\/2018\\\/05\\\/patriarca-bartolomeu.jpg\",\"articleSection\":[\"NEWS\",\"Patriarcado Ecum\u00eanico\"],\"inLanguage\":\"pt-BR\",\"potentialAction\":[{\"@type\":\"CommentAction\",\"name\":\"Comment\",\"target\":[\"https:\\\/\\\/news.ecclesia.org.br\\\/?p=25030#respond\"]}]},{\"@type\":\"WebPage\",\"@id\":\"https:\\\/\\\/news.ecclesia.org.br\\\/?p=25030\",\"url\":\"https:\\\/\\\/news.ecclesia.org.br\\\/?p=25030\",\"name\":\"Patriarca Bartolomeu: \\\"Estamos muito otimistas sobre a reabertura iminente do Instituto Teol\u00f3gico Halki\\\" | ECCLESIA NEWS\",\"isPartOf\":{\"@id\":\"https:\\\/\\\/news.ecclesia.org.br\\\/#website\"},\"primaryImageOfPage\":{\"@id\":\"https:\\\/\\\/news.ecclesia.org.br\\\/?p=25030#primaryimage\"},\"image\":{\"@id\":\"https:\\\/\\\/news.ecclesia.org.br\\\/?p=25030#primaryimage\"},\"thumbnailUrl\":\"https:\\\/\\\/news.ecclesia.org.br\\\/wp-content\\\/uploads\\\/2018\\\/05\\\/patriarca-bartolomeu.jpg\",\"datePublished\":\"2018-05-17T13:39:55+00:00\",\"dateModified\":\"2018-05-17T17:32:56+00:00\",\"breadcrumb\":{\"@id\":\"https:\\\/\\\/news.ecclesia.org.br\\\/?p=25030#breadcrumb\"},\"inLanguage\":\"pt-BR\",\"potentialAction\":[{\"@type\":\"ReadAction\",\"target\":[\"https:\\\/\\\/news.ecclesia.org.br\\\/?p=25030\"]}]},{\"@type\":\"ImageObject\",\"inLanguage\":\"pt-BR\",\"@id\":\"https:\\\/\\\/news.ecclesia.org.br\\\/?p=25030#primaryimage\",\"url\":\"https:\\\/\\\/news.ecclesia.org.br\\\/wp-content\\\/uploads\\\/2018\\\/05\\\/patriarca-bartolomeu.jpg\",\"contentUrl\":\"https:\\\/\\\/news.ecclesia.org.br\\\/wp-content\\\/uploads\\\/2018\\\/05\\\/patriarca-bartolomeu.jpg\",\"width\":800,\"height\":450},{\"@type\":\"BreadcrumbList\",\"@id\":\"https:\\\/\\\/news.ecclesia.org.br\\\/?p=25030#breadcrumb\",\"itemListElement\":[{\"@type\":\"ListItem\",\"position\":1,\"name\":\"In\u00edcio\",\"item\":\"https:\\\/\\\/news.ecclesia.org.br\\\/\"},{\"@type\":\"ListItem\",\"position\":2,\"name\":\"Patriarca Bartolomeu: &#8220;Estamos muito otimistas sobre a reabertura iminente do Instituto Teol\u00f3gico Halki&#8221;\"}]},{\"@type\":\"WebSite\",\"@id\":\"https:\\\/\\\/news.ecclesia.org.br\\\/#website\",\"url\":\"https:\\\/\\\/news.ecclesia.org.br\\\/\",\"name\":\"Ecclesia Brasil\",\"description\":\"Desde 2003 onectando o Brasil ao mundo ortodoxo!\",\"publisher\":{\"@id\":\"https:\\\/\\\/news.ecclesia.org.br\\\/#organization\"},\"alternateName\":\"Ecclesia\",\"potentialAction\":[{\"@type\":\"SearchAction\",\"target\":{\"@type\":\"EntryPoint\",\"urlTemplate\":\"https:\\\/\\\/news.ecclesia.org.br\\\/?s={search_term_string}\"},\"query-input\":{\"@type\":\"PropertyValueSpecification\",\"valueRequired\":true,\"valueName\":\"search_term_string\"}}],\"inLanguage\":\"pt-BR\"},{\"@type\":\"Organization\",\"@id\":\"https:\\\/\\\/news.ecclesia.org.br\\\/#organization\",\"name\":\"Sacra Arquidiocese de Buenos Aires e Am\u00e9rica do Sul | Patriarcado Ecum\u00eanico\",\"alternateName\":\"News Ecclesia Brasil\",\"url\":\"https:\\\/\\\/news.ecclesia.org.br\\\/\",\"logo\":{\"@type\":\"ImageObject\",\"inLanguage\":\"pt-BR\",\"@id\":\"https:\\\/\\\/news.ecclesia.org.br\\\/#\\\/schema\\\/logo\\\/image\\\/\",\"url\":\"https:\\\/\\\/news.ecclesia.org.br\\\/wp-content\\\/uploads\\\/2025\\\/05\\\/ecclesia2.png\",\"contentUrl\":\"https:\\\/\\\/news.ecclesia.org.br\\\/wp-content\\\/uploads\\\/2025\\\/05\\\/ecclesia2.png\",\"width\":480,\"height\":120,\"caption\":\"Sacra Arquidiocese de Buenos Aires e Am\u00e9rica do Sul | Patriarcado Ecum\u00eanico\"},\"image\":{\"@id\":\"https:\\\/\\\/news.ecclesia.org.br\\\/#\\\/schema\\\/logo\\\/image\\\/\"},\"sameAs\":[\"https:\\\/\\\/www.facebook.com\\\/Ecclesia2025\",\"https:\\\/\\\/x.com\\\/EcclesiaNews\",\"https:\\\/\\\/br.pinterest.com\\\/ekklisia\\\/\",\"https:\\\/\\\/www.youtube.com\\\/@EcclesiaBrasil\"]},{\"@type\":\"Person\",\"@id\":\"https:\\\/\\\/news.ecclesia.org.br\\\/#\\\/schema\\\/person\\\/6f09597f025829745ba414a569f63758\",\"name\":\"Pe. Andr\u00e9\",\"image\":{\"@type\":\"ImageObject\",\"inLanguage\":\"pt-BR\",\"@id\":\"https:\\\/\\\/secure.gravatar.com\\\/avatar\\\/b4327cfa27e9799da239a26adcd534fc29cdc0c4a4a148eecbcfeb9b42c617ac?s=96&d=mm&r=g\",\"url\":\"https:\\\/\\\/secure.gravatar.com\\\/avatar\\\/b4327cfa27e9799da239a26adcd534fc29cdc0c4a4a148eecbcfeb9b42c617ac?s=96&d=mm&r=g\",\"contentUrl\":\"https:\\\/\\\/secure.gravatar.com\\\/avatar\\\/b4327cfa27e9799da239a26adcd534fc29cdc0c4a4a148eecbcfeb9b42c617ac?s=96&d=mm&r=g\",\"caption\":\"Pe. Andr\u00e9\"},\"sameAs\":[\"https:\\\/\\\/www.ecclesia.org.br\"]}]}<\/script>\n<!-- \/ Yoast SEO plugin. -->","yoast_head_json":{"title":"Patriarca Bartolomeu: \"Estamos muito otimistas sobre a reabertura iminente do Instituto Teol\u00f3gico Halki\" | ECCLESIA NEWS","robots":{"index":"index","follow":"follow","max-snippet":"max-snippet:-1","max-image-preview":"max-image-preview:large","max-video-preview":"max-video-preview:-1"},"canonical":"https:\/\/news.ecclesia.org.br\/?p=25030","og_locale":"pt_BR","og_type":"article","og_title":"Patriarca Bartolomeu: \"Estamos muito otimistas sobre a reabertura iminente do Instituto Teol\u00f3gico Halki\" | ECCLESIA NEWS","og_description":"O Patriarca Ecum\u00eanico Bartolomeu I , em entrevista ao jornal grego Kosmos da Austr\u00e1lia, expressou seu otimismo em rela\u00e7\u00e3o a reabertura da Instituto Halki de Teologia: &#8220;Penso que estamos no caminho certo e que n\u00e3o h\u00e1 raz\u00e3o para n\u00e3o esperar&#8230;","og_url":"https:\/\/news.ecclesia.org.br\/?p=25030","og_site_name":"ECCLESIA NEWS","article_publisher":"https:\/\/www.facebook.com\/Ecclesia2025","article_published_time":"2018-05-17T13:39:55+00:00","article_modified_time":"2018-05-17T17:32:56+00:00","og_image":[{"width":800,"height":450,"url":"https:\/\/news.ecclesia.org.br\/wp-content\/uploads\/2018\/05\/patriarca-bartolomeu.jpg","type":"image\/jpeg"}],"author":"Pe. Andr\u00e9","twitter_card":"summary_large_image","twitter_creator":"@EcclesiaNews","twitter_site":"@EcclesiaNews","twitter_misc":{"Escrito por":"Pe. Andr\u00e9","Est. tempo de leitura":"1 minuto"},"schema":{"@context":"https:\/\/schema.org","@graph":[{"@type":"Article","@id":"https:\/\/news.ecclesia.org.br\/?p=25030#article","isPartOf":{"@id":"https:\/\/news.ecclesia.org.br\/?p=25030"},"author":{"name":"Pe. Andr\u00e9","@id":"https:\/\/news.ecclesia.org.br\/#\/schema\/person\/6f09597f025829745ba414a569f63758"},"headline":"Patriarca Bartolomeu: &#8220;Estamos muito otimistas sobre a reabertura iminente do Instituto Teol\u00f3gico Halki&#8221;","datePublished":"2018-05-17T13:39:55+00:00","dateModified":"2018-05-17T17:32:56+00:00","mainEntityOfPage":{"@id":"https:\/\/news.ecclesia.org.br\/?p=25030"},"wordCount":308,"commentCount":0,"publisher":{"@id":"https:\/\/news.ecclesia.org.br\/#organization"},"image":{"@id":"https:\/\/news.ecclesia.org.br\/?p=25030#primaryimage"},"thumbnailUrl":"https:\/\/news.ecclesia.org.br\/wp-content\/uploads\/2018\/05\/patriarca-bartolomeu.jpg","articleSection":["NEWS","Patriarcado Ecum\u00eanico"],"inLanguage":"pt-BR","potentialAction":[{"@type":"CommentAction","name":"Comment","target":["https:\/\/news.ecclesia.org.br\/?p=25030#respond"]}]},{"@type":"WebPage","@id":"https:\/\/news.ecclesia.org.br\/?p=25030","url":"https:\/\/news.ecclesia.org.br\/?p=25030","name":"Patriarca Bartolomeu: \"Estamos muito otimistas sobre a reabertura iminente do Instituto Teol\u00f3gico Halki\" | ECCLESIA NEWS","isPartOf":{"@id":"https:\/\/news.ecclesia.org.br\/#website"},"primaryImageOfPage":{"@id":"https:\/\/news.ecclesia.org.br\/?p=25030#primaryimage"},"image":{"@id":"https:\/\/news.ecclesia.org.br\/?p=25030#primaryimage"},"thumbnailUrl":"https:\/\/news.ecclesia.org.br\/wp-content\/uploads\/2018\/05\/patriarca-bartolomeu.jpg","datePublished":"2018-05-17T13:39:55+00:00","dateModified":"2018-05-17T17:32:56+00:00","breadcrumb":{"@id":"https:\/\/news.ecclesia.org.br\/?p=25030#breadcrumb"},"inLanguage":"pt-BR","potentialAction":[{"@type":"ReadAction","target":["https:\/\/news.ecclesia.org.br\/?p=25030"]}]},{"@type":"ImageObject","inLanguage":"pt-BR","@id":"https:\/\/news.ecclesia.org.br\/?p=25030#primaryimage","url":"https:\/\/news.ecclesia.org.br\/wp-content\/uploads\/2018\/05\/patriarca-bartolomeu.jpg","contentUrl":"https:\/\/news.ecclesia.org.br\/wp-content\/uploads\/2018\/05\/patriarca-bartolomeu.jpg","width":800,"height":450},{"@type":"BreadcrumbList","@id":"https:\/\/news.ecclesia.org.br\/?p=25030#breadcrumb","itemListElement":[{"@type":"ListItem","position":1,"name":"In\u00edcio","item":"https:\/\/news.ecclesia.org.br\/"},{"@type":"ListItem","position":2,"name":"Patriarca Bartolomeu: &#8220;Estamos muito otimistas sobre a reabertura iminente do Instituto Teol\u00f3gico Halki&#8221;"}]},{"@type":"WebSite","@id":"https:\/\/news.ecclesia.org.br\/#website","url":"https:\/\/news.ecclesia.org.br\/","name":"Ecclesia Brasil","description":"Desde 2003 onectando o Brasil ao mundo ortodoxo!","publisher":{"@id":"https:\/\/news.ecclesia.org.br\/#organization"},"alternateName":"Ecclesia","potentialAction":[{"@type":"SearchAction","target":{"@type":"EntryPoint","urlTemplate":"https:\/\/news.ecclesia.org.br\/?s={search_term_string}"},"query-input":{"@type":"PropertyValueSpecification","valueRequired":true,"valueName":"search_term_string"}}],"inLanguage":"pt-BR"},{"@type":"Organization","@id":"https:\/\/news.ecclesia.org.br\/#organization","name":"Sacra Arquidiocese de Buenos Aires e Am\u00e9rica do Sul | Patriarcado Ecum\u00eanico","alternateName":"News Ecclesia Brasil","url":"https:\/\/news.ecclesia.org.br\/","logo":{"@type":"ImageObject","inLanguage":"pt-BR","@id":"https:\/\/news.ecclesia.org.br\/#\/schema\/logo\/image\/","url":"https:\/\/news.ecclesia.org.br\/wp-content\/uploads\/2025\/05\/ecclesia2.png","contentUrl":"https:\/\/news.ecclesia.org.br\/wp-content\/uploads\/2025\/05\/ecclesia2.png","width":480,"height":120,"caption":"Sacra Arquidiocese de Buenos Aires e Am\u00e9rica do Sul | Patriarcado Ecum\u00eanico"},"image":{"@id":"https:\/\/news.ecclesia.org.br\/#\/schema\/logo\/image\/"},"sameAs":["https:\/\/www.facebook.com\/Ecclesia2025","https:\/\/x.com\/EcclesiaNews","https:\/\/br.pinterest.com\/ekklisia\/","https:\/\/www.youtube.com\/@EcclesiaBrasil"]},{"@type":"Person","@id":"https:\/\/news.ecclesia.org.br\/#\/schema\/person\/6f09597f025829745ba414a569f63758","name":"Pe. Andr\u00e9","image":{"@type":"ImageObject","inLanguage":"pt-BR","@id":"https:\/\/secure.gravatar.com\/avatar\/b4327cfa27e9799da239a26adcd534fc29cdc0c4a4a148eecbcfeb9b42c617ac?s=96&d=mm&r=g","url":"https:\/\/secure.gravatar.com\/avatar\/b4327cfa27e9799da239a26adcd534fc29cdc0c4a4a148eecbcfeb9b42c617ac?s=96&d=mm&r=g","contentUrl":"https:\/\/secure.gravatar.com\/avatar\/b4327cfa27e9799da239a26adcd534fc29cdc0c4a4a148eecbcfeb9b42c617ac?s=96&d=mm&r=g","caption":"Pe. Andr\u00e9"},"sameAs":["https:\/\/www.ecclesia.org.br"]}]}},"_links":{"self":[{"href":"https:\/\/news.ecclesia.org.br\/index.php?rest_route=\/wp\/v2\/posts\/25030","targetHints":{"allow":["GET"]}}],"collection":[{"href":"https:\/\/news.ecclesia.org.br\/index.php?rest_route=\/wp\/v2\/posts"}],"about":[{"href":"https:\/\/news.ecclesia.org.br\/index.php?rest_route=\/wp\/v2\/types\/post"}],"author":[{"embeddable":true,"href":"https:\/\/news.ecclesia.org.br\/index.php?rest_route=\/wp\/v2\/users\/1"}],"replies":[{"embeddable":true,"href":"https:\/\/news.ecclesia.org.br\/index.php?rest_route=%2Fwp%2Fv2%2Fcomments&post=25030"}],"version-history":[{"count":0,"href":"https:\/\/news.ecclesia.org.br\/index.php?rest_route=\/wp\/v2\/posts\/25030\/revisions"}],"wp:featuredmedia":[{"embeddable":true,"href":"https:\/\/news.ecclesia.org.br\/index.php?rest_route=\/wp\/v2\/media\/25032"}],"wp:attachment":[{"href":"https:\/\/news.ecclesia.org.br\/index.php?rest_route=%2Fwp%2Fv2%2Fmedia&parent=25030"}],"wp:term":[{"taxonomy":"category","embeddable":true,"href":"https:\/\/news.ecclesia.org.br\/index.php?rest_route=%2Fwp%2Fv2%2Fcategories&post=25030"},{"taxonomy":"post_tag","embeddable":true,"href":"https:\/\/news.ecclesia.org.br\/index.php?rest_route=%2Fwp%2Fv2%2Ftags&post=25030"}],"curies":[{"name":"wp","href":"https:\/\/api.w.org\/{rel}","templated":true}]}}