{"id":25018,"date":"2018-05-11T17:24:52","date_gmt":"2018-05-11T17:24:52","guid":{"rendered":"https:\/\/news.ecclesia.org.br\/2013\/?p=25018"},"modified":"2018-05-11T17:30:21","modified_gmt":"2018-05-11T17:30:21","slug":"unidade-nao-significa-uniformidade-audiencia-ao-metropolita-das-terras-tchecas-e-eslovaquia","status":"publish","type":"post","link":"https:\/\/news.ecclesia.org.br\/?p=25018","title":{"rendered":"&#8220;Unidade n\u00e3o significa uniformidade&#8221;. Audi\u00eancia ao Metropolita das Terras Tchecas e Eslov\u00e1quia"},"content":{"rendered":"<p style=\"text-align: justify;\"><strong>Ao t\u00e9rmino do encontro com o Primaz da Igreja das Terras Tchecas e Eslovacas, o Papa Francisco invocou a intercess\u00e3o dos Ap\u00f3stolos dos Eslavos,\u00a0\u201cOs Santos Cirilo e Met\u00f3dio: verdadeiros precursores do ecumenismo\u201d, \u201cpara que, um dia, se possa chegar \u00e0 plena unidade da Igreja\u201d.<\/strong><\/p>\n<figure id=\"attachment_25019\" aria-describedby=\"caption-attachment-25019\" style=\"width: 200px\" class=\"wp-caption alignleft\"><a href=\"https:\/\/news.ecclesia.org.br\/2013\/wp-content\/uploads\/2018\/05\/54325250.jpg\"><img fetchpriority=\"high\" decoding=\"async\" class=\"wp-image-25019 size-medium\" src=\"https:\/\/news.ecclesia.org.br\/2013\/wp-content\/uploads\/2018\/05\/54325250-200x300.jpg\" alt=\"\" width=\"200\" height=\"300\" srcset=\"https:\/\/news.ecclesia.org.br\/wp-content\/uploads\/2018\/05\/54325250-200x300.jpg 200w, https:\/\/news.ecclesia.org.br\/wp-content\/uploads\/2018\/05\/54325250-37x55.jpg 37w, https:\/\/news.ecclesia.org.br\/wp-content\/uploads\/2018\/05\/54325250.jpg 532w\" sizes=\"(max-width: 200px) 100vw, 200px\" \/><\/a><figcaption id=\"caption-attachment-25019\" class=\"wp-caption-text\">Foto de folheto disponibilizado pela Sala de Imprensa do Vaticano mostra o encontro do Papa Francisco com o Metropolita Rastislav, chefe da Igreja Ortodoxa das Rep\u00fablicas Checa e Eslovaca, durante uma audi\u00eancia no Vaticano, 11 de maio de 2018.<\/figcaption><\/figure>\n<p style=\"text-align: justify;\">O Papa Francisco de Roma recebeu, na manh\u00e3 deste s\u00e1bado S. B. Rastislav, Metropolita das Terras Tchecas e da Eslov\u00e1quia, acompanhado de uma delega\u00e7\u00e3o. Em seu discurso que concede, pela primeira vez ao Primaz da Igreja Ortodoxa das Terras Tchecas e Eslov\u00e1quia, o Papa expressou satisfa\u00e7\u00e3o pela sua presen\u00e7a e encontro pessoal. Francisco iniciou seu pronunciamento com as palavras do Ap\u00f3stolo Paulo: \u201cBusquemos o que contribui para a paz e para a edifica\u00e7\u00e3o m\u00fatua\u201d. Por isso, disse o Papa, \u201cbendigamos ao Senhor pelos la\u00e7os espirituais que nos acomunam e que nos animam a prosseguir na edifica\u00e7\u00e3o m\u00fatua e na busca comum da paz, dom do Senhor\u201d. Neste sentido, o Papa compartilhou, fraternalmente, tr\u00eas aspectos sobre a figura de S\u00e3o Cirilo e Met\u00f3dio, Ap\u00f3stolo dos Eslavos, que desempenharam sua miss\u00e3o, precisamente em terras eslavas. Antes de tudo, segundo a tradi\u00e7\u00e3o, afirmou Francisco, os irm\u00e3os Cirilo e Met\u00f3dio, provenientes de Tessal\u00f4nica, Gr\u00e9cia, levaram ao Papa Adriano II as rel\u00edquias de S\u00e3o Clemente, um dos primeiros Bispos de Roma, morto no ex\u00edlio sob o imp\u00e9rio de Trajano. Este gesto dos irm\u00e3os gregos lembra que n\u00f3s crist\u00e3os herdamos, juntos, um imenso patrim\u00f4nio comum de santidade.<\/p>\n<p style=\"text-align: justify;\">Foram tantas as testemunhas e m\u00e1rtires, que, no passado, professaram a f\u00e9 em Jesus, como S\u00e3o Clemente e os que sofreram pela persegui\u00e7\u00e3o ate\u00edsta em suas terras! N\u00e3o obstante, ainda hoje, muitos irm\u00e3os e irm\u00e3s s\u00e3o perseguidos por causa do Evangelho; eles representam uma urgente advert\u00eancia para n\u00f3s e nos interpelam a buscar uma maior unidade.<\/p>\n<p style=\"text-align: justify;\">O segundo aspecto que o Papa compartilhou \u00e9 \u201ca rela\u00e7\u00e3o existente entre evangeliza\u00e7\u00e3o e cultura\u201d, transmitidas pelos Ap\u00f3stolos dos Eslavos. Com efeito, ambos os irm\u00e3os tiveram a coragem de traduzir a mensagem evang\u00e9lica em uma l\u00edngua acess\u00edvel aos povos eslavos. Assim, eles encarnaram o Evangelho naquela cultura, dando-lhe maior impulso.<\/p>\n<p style=\"text-align: justify;\">O apostolado dos Santos Cirilo e Met\u00f3dio \u2013 proclamados co-padroeiros da Europa por S\u00e3o Jo\u00e3o Paulo II \u2013 permanece, para todos n\u00f3s, um modelo de evangeliza\u00e7\u00e3o. A escuta ao Esp\u00edrito sempre inspira novas e corajosas formas de evangelizar nossos contempor\u00e2neos, sobretudo os que vivem em ambientes de seculariza\u00e7\u00e3o e indiferen\u00e7a.<\/p>\n<p style=\"text-align: justify;\">Por fim, como terceiro aspecto, o Papa recordou que \u201cos Santos Cirilo e Met\u00f3dio conseguiram superar, na \u00e9poca, as divis\u00f5es existentes entre as comunidades crist\u00e3s de culturas e tradi\u00e7\u00f5es diferentes\u201d. Neste sentido, eles podem ser considerados \u201cverdadeiros precursores do ecumenismo\u201d e, por conseguinte, nos recordam que \u201cunidade n\u00e3o significa uniformidade, mas reconcilia\u00e7\u00e3o as diversidades no Esp\u00edrito\u201d. Por isso, o Papa expressou seu aug\u00fario de que \u201co testemunho dos Santos Cirilo e Met\u00f3dio possam acompanhar-nos ao longo do caminho rumo \u00e0 plena unidade, estimulando-nos a viver a diversidade na comunh\u00e3o e a n\u00e3o desanimar-nos no nosso percurso, segundo a vontade do Senhor\u201d.<\/p>\n<p style=\"text-align: justify;\">Ao t\u00e9rmino do seu discurso ao Primaz da Igreja das Terras Tchecas e Eslovacas, o Papa Francisco invocou a intercess\u00e3o dos Ap\u00f3stolos dos Eslavos \u201cpara que, um dia, se possa chegar \u00e0 plena unidade da Igreja\u201d.<\/p>\n<hr \/>\n<p style=\"text-align: right;\">Fonte: <a href=\"https:\/\/www.vaticannews.va\/pt\/papa\/news\/2018-05\/audiencia-metropolita-terras-tchecas-eslovaquia-santo-padre.html\" target=\"_blank\" rel=\"noopener\">Vatican News<\/a> | Foto: <a href=\"http:\/\/www.epa.eu\/religion-photos\/churches-organisations-photos\/head-of-the-orthodox-church-at-the-vatican-photos-54325250\" target=\"_blank\" rel=\"noopener\">EPA<\/a><\/p>\n","protected":false},"excerpt":{"rendered":"<p>Ao t\u00e9rmino do encontro com o Primaz da Igreja das Terras Tchecas e Eslovacas, o Papa Francisco invocou a intercess\u00e3o dos Ap\u00f3stolos dos Eslavos,\u00a0\u201cOs Santos Cirilo e Met\u00f3dio: verdadeiros precursores do ecumenismo\u201d, \u201cpara que, um dia, se possa chegar \u00e0&#8230;<\/p>\n","protected":false},"author":1,"featured_media":25019,"comment_status":"open","ping_status":"open","sticky":false,"template":"","format":"standard","meta":{"_acf_changed":false,"footnotes":""},"categories":[3],"tags":[],"class_list":["post-25018","post","type-post","status-publish","format-standard","has-post-thumbnail","hentry","category-mundo","entry","rows-excerpt"],"acf":[],"yoast_head":"<!-- This site is optimized with the Yoast SEO plugin v27.4 - https:\/\/yoast.com\/product\/yoast-seo-wordpress\/ -->\n<title>&quot;Unidade n\u00e3o significa uniformidade&quot;. Audi\u00eancia ao Metropolita das Terras Tchecas e Eslov\u00e1quia | ECCLESIA NEWS<\/title>\n<meta name=\"robots\" content=\"index, follow, max-snippet:-1, max-image-preview:large, max-video-preview:-1\" \/>\n<link rel=\"canonical\" href=\"https:\/\/news.ecclesia.org.br\/?p=25018\" \/>\n<meta property=\"og:locale\" content=\"pt_BR\" \/>\n<meta property=\"og:type\" content=\"article\" \/>\n<meta property=\"og:title\" content=\"&quot;Unidade n\u00e3o significa uniformidade&quot;. Audi\u00eancia ao Metropolita das Terras Tchecas e Eslov\u00e1quia | ECCLESIA NEWS\" \/>\n<meta property=\"og:description\" content=\"Ao t\u00e9rmino do encontro com o Primaz da Igreja das Terras Tchecas e Eslovacas, o Papa Francisco invocou a intercess\u00e3o dos Ap\u00f3stolos dos Eslavos,\u00a0\u201cOs Santos Cirilo e Met\u00f3dio: verdadeiros precursores do ecumenismo\u201d, \u201cpara que, um dia, se possa chegar \u00e0&#8230;\" \/>\n<meta property=\"og:url\" content=\"https:\/\/news.ecclesia.org.br\/?p=25018\" \/>\n<meta property=\"og:site_name\" content=\"ECCLESIA NEWS\" \/>\n<meta property=\"article:publisher\" content=\"https:\/\/www.facebook.com\/Ecclesia2025\" \/>\n<meta property=\"article:published_time\" content=\"2018-05-11T17:24:52+00:00\" \/>\n<meta property=\"article:modified_time\" content=\"2018-05-11T17:30:21+00:00\" \/>\n<meta property=\"og:image\" content=\"https:\/\/news.ecclesia.org.br\/wp-content\/uploads\/2018\/05\/54325250.jpg\" \/>\n\t<meta property=\"og:image:width\" content=\"532\" \/>\n\t<meta property=\"og:image:height\" content=\"800\" \/>\n\t<meta property=\"og:image:type\" content=\"image\/jpeg\" \/>\n<meta name=\"author\" content=\"Pe. Andr\u00e9\" \/>\n<meta name=\"twitter:card\" content=\"summary_large_image\" \/>\n<meta name=\"twitter:creator\" content=\"@EcclesiaNews\" \/>\n<meta name=\"twitter:site\" content=\"@EcclesiaNews\" \/>\n<meta name=\"twitter:label1\" content=\"Escrito por\" \/>\n\t<meta name=\"twitter:data1\" content=\"Pe. Andr\u00e9\" \/>\n\t<meta name=\"twitter:label2\" content=\"Est. tempo de leitura\" \/>\n\t<meta name=\"twitter:data2\" content=\"3 minutos\" \/>\n<script type=\"application\/ld+json\" class=\"yoast-schema-graph\">{\"@context\":\"https:\\\/\\\/schema.org\",\"@graph\":[{\"@type\":\"Article\",\"@id\":\"https:\\\/\\\/news.ecclesia.org.br\\\/?p=25018#article\",\"isPartOf\":{\"@id\":\"https:\\\/\\\/news.ecclesia.org.br\\\/?p=25018\"},\"author\":{\"name\":\"Pe. Andr\u00e9\",\"@id\":\"https:\\\/\\\/news.ecclesia.org.br\\\/#\\\/schema\\\/person\\\/6f09597f025829745ba414a569f63758\"},\"headline\":\"&#8220;Unidade n\u00e3o significa uniformidade&#8221;. Audi\u00eancia ao Metropolita das Terras Tchecas e Eslov\u00e1quia\",\"datePublished\":\"2018-05-11T17:24:52+00:00\",\"dateModified\":\"2018-05-11T17:30:21+00:00\",\"mainEntityOfPage\":{\"@id\":\"https:\\\/\\\/news.ecclesia.org.br\\\/?p=25018\"},\"wordCount\":663,\"commentCount\":0,\"publisher\":{\"@id\":\"https:\\\/\\\/news.ecclesia.org.br\\\/#organization\"},\"image\":{\"@id\":\"https:\\\/\\\/news.ecclesia.org.br\\\/?p=25018#primaryimage\"},\"thumbnailUrl\":\"https:\\\/\\\/news.ecclesia.org.br\\\/wp-content\\\/uploads\\\/2018\\\/05\\\/54325250.jpg\",\"articleSection\":[\"Mundo Ortodoxo\"],\"inLanguage\":\"pt-BR\",\"potentialAction\":[{\"@type\":\"CommentAction\",\"name\":\"Comment\",\"target\":[\"https:\\\/\\\/news.ecclesia.org.br\\\/?p=25018#respond\"]}]},{\"@type\":\"WebPage\",\"@id\":\"https:\\\/\\\/news.ecclesia.org.br\\\/?p=25018\",\"url\":\"https:\\\/\\\/news.ecclesia.org.br\\\/?p=25018\",\"name\":\"\\\"Unidade n\u00e3o significa uniformidade\\\". Audi\u00eancia ao Metropolita das Terras Tchecas e Eslov\u00e1quia | ECCLESIA NEWS\",\"isPartOf\":{\"@id\":\"https:\\\/\\\/news.ecclesia.org.br\\\/#website\"},\"primaryImageOfPage\":{\"@id\":\"https:\\\/\\\/news.ecclesia.org.br\\\/?p=25018#primaryimage\"},\"image\":{\"@id\":\"https:\\\/\\\/news.ecclesia.org.br\\\/?p=25018#primaryimage\"},\"thumbnailUrl\":\"https:\\\/\\\/news.ecclesia.org.br\\\/wp-content\\\/uploads\\\/2018\\\/05\\\/54325250.jpg\",\"datePublished\":\"2018-05-11T17:24:52+00:00\",\"dateModified\":\"2018-05-11T17:30:21+00:00\",\"breadcrumb\":{\"@id\":\"https:\\\/\\\/news.ecclesia.org.br\\\/?p=25018#breadcrumb\"},\"inLanguage\":\"pt-BR\",\"potentialAction\":[{\"@type\":\"ReadAction\",\"target\":[\"https:\\\/\\\/news.ecclesia.org.br\\\/?p=25018\"]}]},{\"@type\":\"ImageObject\",\"inLanguage\":\"pt-BR\",\"@id\":\"https:\\\/\\\/news.ecclesia.org.br\\\/?p=25018#primaryimage\",\"url\":\"https:\\\/\\\/news.ecclesia.org.br\\\/wp-content\\\/uploads\\\/2018\\\/05\\\/54325250.jpg\",\"contentUrl\":\"https:\\\/\\\/news.ecclesia.org.br\\\/wp-content\\\/uploads\\\/2018\\\/05\\\/54325250.jpg\",\"width\":532,\"height\":800,\"caption\":\"epa06727822 A handout photo made available by the Vatican Press Office shows Pope Francis (R) meeting with Metropolitan Rastislav (L), head of the Orthodox Church in the Czech and Slovak Republics, during an audience at the Vatican, 11 May 2018. EPA-EFE\\\/VATICAN MEDIA HANDOUT HANDOUT EDITORIAL USE ONLY\\\/NO SALES\"},{\"@type\":\"BreadcrumbList\",\"@id\":\"https:\\\/\\\/news.ecclesia.org.br\\\/?p=25018#breadcrumb\",\"itemListElement\":[{\"@type\":\"ListItem\",\"position\":1,\"name\":\"In\u00edcio\",\"item\":\"https:\\\/\\\/news.ecclesia.org.br\\\/\"},{\"@type\":\"ListItem\",\"position\":2,\"name\":\"&#8220;Unidade n\u00e3o significa uniformidade&#8221;. Audi\u00eancia ao Metropolita das Terras Tchecas e Eslov\u00e1quia\"}]},{\"@type\":\"WebSite\",\"@id\":\"https:\\\/\\\/news.ecclesia.org.br\\\/#website\",\"url\":\"https:\\\/\\\/news.ecclesia.org.br\\\/\",\"name\":\"Ecclesia Brasil\",\"description\":\"Desde 2003 onectando o Brasil ao mundo ortodoxo!\",\"publisher\":{\"@id\":\"https:\\\/\\\/news.ecclesia.org.br\\\/#organization\"},\"alternateName\":\"Ecclesia\",\"potentialAction\":[{\"@type\":\"SearchAction\",\"target\":{\"@type\":\"EntryPoint\",\"urlTemplate\":\"https:\\\/\\\/news.ecclesia.org.br\\\/?s={search_term_string}\"},\"query-input\":{\"@type\":\"PropertyValueSpecification\",\"valueRequired\":true,\"valueName\":\"search_term_string\"}}],\"inLanguage\":\"pt-BR\"},{\"@type\":\"Organization\",\"@id\":\"https:\\\/\\\/news.ecclesia.org.br\\\/#organization\",\"name\":\"Sacra Arquidiocese de Buenos Aires e Am\u00e9rica do Sul | Patriarcado Ecum\u00eanico\",\"alternateName\":\"News Ecclesia Brasil\",\"url\":\"https:\\\/\\\/news.ecclesia.org.br\\\/\",\"logo\":{\"@type\":\"ImageObject\",\"inLanguage\":\"pt-BR\",\"@id\":\"https:\\\/\\\/news.ecclesia.org.br\\\/#\\\/schema\\\/logo\\\/image\\\/\",\"url\":\"https:\\\/\\\/news.ecclesia.org.br\\\/wp-content\\\/uploads\\\/2025\\\/05\\\/ecclesia2.png\",\"contentUrl\":\"https:\\\/\\\/news.ecclesia.org.br\\\/wp-content\\\/uploads\\\/2025\\\/05\\\/ecclesia2.png\",\"width\":480,\"height\":120,\"caption\":\"Sacra Arquidiocese de Buenos Aires e Am\u00e9rica do Sul | Patriarcado Ecum\u00eanico\"},\"image\":{\"@id\":\"https:\\\/\\\/news.ecclesia.org.br\\\/#\\\/schema\\\/logo\\\/image\\\/\"},\"sameAs\":[\"https:\\\/\\\/www.facebook.com\\\/Ecclesia2025\",\"https:\\\/\\\/x.com\\\/EcclesiaNews\",\"https:\\\/\\\/br.pinterest.com\\\/ekklisia\\\/\",\"https:\\\/\\\/www.youtube.com\\\/@EcclesiaBrasil\"]},{\"@type\":\"Person\",\"@id\":\"https:\\\/\\\/news.ecclesia.org.br\\\/#\\\/schema\\\/person\\\/6f09597f025829745ba414a569f63758\",\"name\":\"Pe. Andr\u00e9\",\"image\":{\"@type\":\"ImageObject\",\"inLanguage\":\"pt-BR\",\"@id\":\"https:\\\/\\\/secure.gravatar.com\\\/avatar\\\/b4327cfa27e9799da239a26adcd534fc29cdc0c4a4a148eecbcfeb9b42c617ac?s=96&d=mm&r=g\",\"url\":\"https:\\\/\\\/secure.gravatar.com\\\/avatar\\\/b4327cfa27e9799da239a26adcd534fc29cdc0c4a4a148eecbcfeb9b42c617ac?s=96&d=mm&r=g\",\"contentUrl\":\"https:\\\/\\\/secure.gravatar.com\\\/avatar\\\/b4327cfa27e9799da239a26adcd534fc29cdc0c4a4a148eecbcfeb9b42c617ac?s=96&d=mm&r=g\",\"caption\":\"Pe. Andr\u00e9\"},\"sameAs\":[\"https:\\\/\\\/www.ecclesia.org.br\"]}]}<\/script>\n<!-- \/ Yoast SEO plugin. -->","yoast_head_json":{"title":"\"Unidade n\u00e3o significa uniformidade\". Audi\u00eancia ao Metropolita das Terras Tchecas e Eslov\u00e1quia | ECCLESIA NEWS","robots":{"index":"index","follow":"follow","max-snippet":"max-snippet:-1","max-image-preview":"max-image-preview:large","max-video-preview":"max-video-preview:-1"},"canonical":"https:\/\/news.ecclesia.org.br\/?p=25018","og_locale":"pt_BR","og_type":"article","og_title":"\"Unidade n\u00e3o significa uniformidade\". Audi\u00eancia ao Metropolita das Terras Tchecas e Eslov\u00e1quia | ECCLESIA NEWS","og_description":"Ao t\u00e9rmino do encontro com o Primaz da Igreja das Terras Tchecas e Eslovacas, o Papa Francisco invocou a intercess\u00e3o dos Ap\u00f3stolos dos Eslavos,\u00a0\u201cOs Santos Cirilo e Met\u00f3dio: verdadeiros precursores do ecumenismo\u201d, \u201cpara que, um dia, se possa chegar \u00e0&#8230;","og_url":"https:\/\/news.ecclesia.org.br\/?p=25018","og_site_name":"ECCLESIA NEWS","article_publisher":"https:\/\/www.facebook.com\/Ecclesia2025","article_published_time":"2018-05-11T17:24:52+00:00","article_modified_time":"2018-05-11T17:30:21+00:00","og_image":[{"width":532,"height":800,"url":"https:\/\/news.ecclesia.org.br\/wp-content\/uploads\/2018\/05\/54325250.jpg","type":"image\/jpeg"}],"author":"Pe. Andr\u00e9","twitter_card":"summary_large_image","twitter_creator":"@EcclesiaNews","twitter_site":"@EcclesiaNews","twitter_misc":{"Escrito por":"Pe. Andr\u00e9","Est. tempo de leitura":"3 minutos"},"schema":{"@context":"https:\/\/schema.org","@graph":[{"@type":"Article","@id":"https:\/\/news.ecclesia.org.br\/?p=25018#article","isPartOf":{"@id":"https:\/\/news.ecclesia.org.br\/?p=25018"},"author":{"name":"Pe. Andr\u00e9","@id":"https:\/\/news.ecclesia.org.br\/#\/schema\/person\/6f09597f025829745ba414a569f63758"},"headline":"&#8220;Unidade n\u00e3o significa uniformidade&#8221;. Audi\u00eancia ao Metropolita das Terras Tchecas e Eslov\u00e1quia","datePublished":"2018-05-11T17:24:52+00:00","dateModified":"2018-05-11T17:30:21+00:00","mainEntityOfPage":{"@id":"https:\/\/news.ecclesia.org.br\/?p=25018"},"wordCount":663,"commentCount":0,"publisher":{"@id":"https:\/\/news.ecclesia.org.br\/#organization"},"image":{"@id":"https:\/\/news.ecclesia.org.br\/?p=25018#primaryimage"},"thumbnailUrl":"https:\/\/news.ecclesia.org.br\/wp-content\/uploads\/2018\/05\/54325250.jpg","articleSection":["Mundo Ortodoxo"],"inLanguage":"pt-BR","potentialAction":[{"@type":"CommentAction","name":"Comment","target":["https:\/\/news.ecclesia.org.br\/?p=25018#respond"]}]},{"@type":"WebPage","@id":"https:\/\/news.ecclesia.org.br\/?p=25018","url":"https:\/\/news.ecclesia.org.br\/?p=25018","name":"\"Unidade n\u00e3o significa uniformidade\". Audi\u00eancia ao Metropolita das Terras Tchecas e Eslov\u00e1quia | ECCLESIA NEWS","isPartOf":{"@id":"https:\/\/news.ecclesia.org.br\/#website"},"primaryImageOfPage":{"@id":"https:\/\/news.ecclesia.org.br\/?p=25018#primaryimage"},"image":{"@id":"https:\/\/news.ecclesia.org.br\/?p=25018#primaryimage"},"thumbnailUrl":"https:\/\/news.ecclesia.org.br\/wp-content\/uploads\/2018\/05\/54325250.jpg","datePublished":"2018-05-11T17:24:52+00:00","dateModified":"2018-05-11T17:30:21+00:00","breadcrumb":{"@id":"https:\/\/news.ecclesia.org.br\/?p=25018#breadcrumb"},"inLanguage":"pt-BR","potentialAction":[{"@type":"ReadAction","target":["https:\/\/news.ecclesia.org.br\/?p=25018"]}]},{"@type":"ImageObject","inLanguage":"pt-BR","@id":"https:\/\/news.ecclesia.org.br\/?p=25018#primaryimage","url":"https:\/\/news.ecclesia.org.br\/wp-content\/uploads\/2018\/05\/54325250.jpg","contentUrl":"https:\/\/news.ecclesia.org.br\/wp-content\/uploads\/2018\/05\/54325250.jpg","width":532,"height":800,"caption":"epa06727822 A handout photo made available by the Vatican Press Office shows Pope Francis (R) meeting with Metropolitan Rastislav (L), head of the Orthodox Church in the Czech and Slovak Republics, during an audience at the Vatican, 11 May 2018. EPA-EFE\/VATICAN MEDIA HANDOUT HANDOUT EDITORIAL USE ONLY\/NO SALES"},{"@type":"BreadcrumbList","@id":"https:\/\/news.ecclesia.org.br\/?p=25018#breadcrumb","itemListElement":[{"@type":"ListItem","position":1,"name":"In\u00edcio","item":"https:\/\/news.ecclesia.org.br\/"},{"@type":"ListItem","position":2,"name":"&#8220;Unidade n\u00e3o significa uniformidade&#8221;. Audi\u00eancia ao Metropolita das Terras Tchecas e Eslov\u00e1quia"}]},{"@type":"WebSite","@id":"https:\/\/news.ecclesia.org.br\/#website","url":"https:\/\/news.ecclesia.org.br\/","name":"Ecclesia Brasil","description":"Desde 2003 onectando o Brasil ao mundo ortodoxo!","publisher":{"@id":"https:\/\/news.ecclesia.org.br\/#organization"},"alternateName":"Ecclesia","potentialAction":[{"@type":"SearchAction","target":{"@type":"EntryPoint","urlTemplate":"https:\/\/news.ecclesia.org.br\/?s={search_term_string}"},"query-input":{"@type":"PropertyValueSpecification","valueRequired":true,"valueName":"search_term_string"}}],"inLanguage":"pt-BR"},{"@type":"Organization","@id":"https:\/\/news.ecclesia.org.br\/#organization","name":"Sacra Arquidiocese de Buenos Aires e Am\u00e9rica do Sul | Patriarcado Ecum\u00eanico","alternateName":"News Ecclesia Brasil","url":"https:\/\/news.ecclesia.org.br\/","logo":{"@type":"ImageObject","inLanguage":"pt-BR","@id":"https:\/\/news.ecclesia.org.br\/#\/schema\/logo\/image\/","url":"https:\/\/news.ecclesia.org.br\/wp-content\/uploads\/2025\/05\/ecclesia2.png","contentUrl":"https:\/\/news.ecclesia.org.br\/wp-content\/uploads\/2025\/05\/ecclesia2.png","width":480,"height":120,"caption":"Sacra Arquidiocese de Buenos Aires e Am\u00e9rica do Sul | Patriarcado Ecum\u00eanico"},"image":{"@id":"https:\/\/news.ecclesia.org.br\/#\/schema\/logo\/image\/"},"sameAs":["https:\/\/www.facebook.com\/Ecclesia2025","https:\/\/x.com\/EcclesiaNews","https:\/\/br.pinterest.com\/ekklisia\/","https:\/\/www.youtube.com\/@EcclesiaBrasil"]},{"@type":"Person","@id":"https:\/\/news.ecclesia.org.br\/#\/schema\/person\/6f09597f025829745ba414a569f63758","name":"Pe. Andr\u00e9","image":{"@type":"ImageObject","inLanguage":"pt-BR","@id":"https:\/\/secure.gravatar.com\/avatar\/b4327cfa27e9799da239a26adcd534fc29cdc0c4a4a148eecbcfeb9b42c617ac?s=96&d=mm&r=g","url":"https:\/\/secure.gravatar.com\/avatar\/b4327cfa27e9799da239a26adcd534fc29cdc0c4a4a148eecbcfeb9b42c617ac?s=96&d=mm&r=g","contentUrl":"https:\/\/secure.gravatar.com\/avatar\/b4327cfa27e9799da239a26adcd534fc29cdc0c4a4a148eecbcfeb9b42c617ac?s=96&d=mm&r=g","caption":"Pe. Andr\u00e9"},"sameAs":["https:\/\/www.ecclesia.org.br"]}]}},"_links":{"self":[{"href":"https:\/\/news.ecclesia.org.br\/index.php?rest_route=\/wp\/v2\/posts\/25018","targetHints":{"allow":["GET"]}}],"collection":[{"href":"https:\/\/news.ecclesia.org.br\/index.php?rest_route=\/wp\/v2\/posts"}],"about":[{"href":"https:\/\/news.ecclesia.org.br\/index.php?rest_route=\/wp\/v2\/types\/post"}],"author":[{"embeddable":true,"href":"https:\/\/news.ecclesia.org.br\/index.php?rest_route=\/wp\/v2\/users\/1"}],"replies":[{"embeddable":true,"href":"https:\/\/news.ecclesia.org.br\/index.php?rest_route=%2Fwp%2Fv2%2Fcomments&post=25018"}],"version-history":[{"count":0,"href":"https:\/\/news.ecclesia.org.br\/index.php?rest_route=\/wp\/v2\/posts\/25018\/revisions"}],"wp:featuredmedia":[{"embeddable":true,"href":"https:\/\/news.ecclesia.org.br\/index.php?rest_route=\/wp\/v2\/media\/25019"}],"wp:attachment":[{"href":"https:\/\/news.ecclesia.org.br\/index.php?rest_route=%2Fwp%2Fv2%2Fmedia&parent=25018"}],"wp:term":[{"taxonomy":"category","embeddable":true,"href":"https:\/\/news.ecclesia.org.br\/index.php?rest_route=%2Fwp%2Fv2%2Fcategories&post=25018"},{"taxonomy":"post_tag","embeddable":true,"href":"https:\/\/news.ecclesia.org.br\/index.php?rest_route=%2Fwp%2Fv2%2Ftags&post=25018"}],"curies":[{"name":"wp","href":"https:\/\/api.w.org\/{rel}","templated":true}]}}