{"id":24999,"date":"2018-05-07T17:38:25","date_gmt":"2018-05-07T17:38:25","guid":{"rendered":"https:\/\/news.ecclesia.org.br\/2013\/?p=24999"},"modified":"2020-06-13T13:23:27","modified_gmt":"2020-06-13T13:23:27","slug":"o-forum-velhos-problemas-no-novo-mundo-teve-inicio-no-ultimo-sabado-05-05-em-buenos-aires-e-prossegue-ate-a-proxima-terca-feira-08-05","status":"publish","type":"post","link":"https:\/\/news.ecclesia.org.br\/?p=24999","title":{"rendered":"Papa Francisco envia mensagem de v\u00eddeo ao 2\u00ba F\u00f3rum \u201cVelhos problemas no novo mundo\u201d, organizado em Buenos Aires, pela Arquidiocese Ortodoxa Grega"},"content":{"rendered":"<p style=\"text-align: justify;\"><strong>O f\u00f3rum \u201cVelhos problemas no novo mundo\u201d teve in\u00edcio no \u00faltimo s\u00e1bado (05\/05), em Buenos Aires, e prossegue at\u00e9 a pr\u00f3xima ter\u00e7a-feira (08\/05).<\/strong><\/p>\n<p style=\"text-align: justify;\"><a href=\"https:\/\/news.ecclesia.org.br\/2013\/wp-content\/uploads\/2018\/05\/programa.jpg\"><img fetchpriority=\"high\" decoding=\"async\" class=\"alignleft size-medium wp-image-25001\" src=\"https:\/\/news.ecclesia.org.br\/2013\/wp-content\/uploads\/2018\/05\/programa-212x300.jpg\" alt=\"\" width=\"212\" height=\"300\" srcset=\"https:\/\/news.ecclesia.org.br\/wp-content\/uploads\/2018\/05\/programa-212x300.jpg 212w, https:\/\/news.ecclesia.org.br\/wp-content\/uploads\/2018\/05\/programa-600x848.jpg 600w, https:\/\/news.ecclesia.org.br\/wp-content\/uploads\/2018\/05\/programa-39x55.jpg 39w, https:\/\/news.ecclesia.org.br\/wp-content\/uploads\/2018\/05\/programa.jpg 679w\" sizes=\"(max-width: 212px) 100vw, 212px\" \/><\/a>O Papa Francisco enviou uma mensagem de v\u00eddeo, nesta segunda-feira (07\/05), ao 2\u00ba F\u00f3rum Internacional sobre as formas modernas de escravid\u00e3o intitulado \u201cVelhos problemas no novo mundo\u201d, organizado em Buenos Aires, pela arquidiocese ortodoxa, guiada pelo Metropolita TARASIOS, e pelo Instituto Ortodoxo \u201cPatriarca Aten\u00e1goras\u201d de Berkley, Calif\u00f3rnia, com o patroc\u00ednio do Patriarcado Ecum\u00eanico de Constantinopla. O f\u00f3rum teve in\u00edcio no \u00faltimo s\u00e1bado (05\/05) e prossegue at\u00e9 a pr\u00f3xima ter\u00e7a-feira (08\/05).<\/p>\n<p style=\"text-align: justify;\">O objetivo do encontro \u00e9 reunir profissionais pol\u00edticos, te\u00f3logos e estudiosos provenientes da Am\u00e9rica Latina e outras regi\u00f5es, para dar continuidade \u00e0 conversa iniciada no primeiro f\u00f3rum, incluindo outras quest\u00f5es como sa\u00fade p\u00fablica, tecnologia e comunidades vulner\u00e1veis.<\/p>\n<p style=\"text-align: justify;\">O Papa inicia a mensagem esclarecendo que \u201ca escravid\u00e3o n\u00e3o \u00e9 algo de outros tempos \u2013 mas tem profundas ra\u00edzes e se manifesta ainda hoje de v\u00e1rias formas: tr\u00e1fico de seres humanos, explora\u00e7\u00e3o do trabalho por meio de d\u00edvidas, explora\u00e7\u00e3o de crian\u00e7as, explora\u00e7\u00e3o sexual e trabalho dom\u00e9stico for\u00e7ado s\u00e3o algumas das muitas formas. Cada uma delas \u00e9 mais grave e desumana que a outra\u201d.<\/p>\n<p style=\"text-align: justify;\">Segundo algumas estat\u00edsticas recentes, \u201catualmente existem mais de 40 milh\u00f5es de pessoas, homens, mas principalmente mulheres e crian\u00e7as, em situa\u00e7\u00e3o de escravid\u00e3o\u201d.<\/p>\n<p style=\"text-align: justify;\">Para o Papa Francisco nossa primeira grande tarefa, \u201c\u00e9 conhecer o tema, ningu\u00e9m pode ficar indiferente e, de algum modo, c\u00famplice desse crime contra a humanidade&#8221;.<\/p>\n<blockquote>\n<p style=\"text-align: justify;\">&#8220;H\u00e1 alguns que, estando diretamente envolvidos em organiza\u00e7\u00f5es criminosas, n\u00e3o querem que se fale sobre isso, simplesmente porque obt\u00eam altos benef\u00edcios gra\u00e7as \u00e0s novas formas de escravid\u00e3o.&#8221;<\/p>\n<\/blockquote>\n<p style=\"text-align: right;\"><a href=\"https:\/\/media.vaticannews.va\/media\/audio\/s1\/2018\/5\/7\/17\/134422522_F134422522.mp3\" target=\"_blank\" rel=\"noopener noreferrer\">Ou\u00e7a a mensagem do Papa!<\/a><\/p>\n<blockquote>\n<figure id=\"attachment_25000\" aria-describedby=\"caption-attachment-25000\" style=\"width: 300px\" class=\"wp-caption alignleft\"><a href=\"https:\/\/news.ecclesia.org.br\/2013\/wp-content\/uploads\/2018\/05\/papa-francisco.jpg\"><img decoding=\"async\" class=\"size-medium wp-image-25000\" src=\"https:\/\/news.ecclesia.org.br\/2013\/wp-content\/uploads\/2018\/05\/papa-francisco-300x168.jpg\" alt=\"\" width=\"300\" height=\"168\" srcset=\"https:\/\/news.ecclesia.org.br\/wp-content\/uploads\/2018\/05\/papa-francisco-300x168.jpg 300w, https:\/\/news.ecclesia.org.br\/wp-content\/uploads\/2018\/05\/papa-francisco-600x337.jpg 600w, https:\/\/news.ecclesia.org.br\/wp-content\/uploads\/2018\/05\/papa-francisco-98x55.jpg 98w, https:\/\/news.ecclesia.org.br\/wp-content\/uploads\/2018\/05\/papa-francisco.jpg 750w\" sizes=\"(max-width: 300px) 100vw, 300px\" \/><\/a><figcaption id=\"caption-attachment-25000\" class=\"wp-caption-text\">Papa: escravid\u00e3o n\u00e3o \u00e9 algo de outros tempos<\/figcaption><\/figure>\n<p style=\"text-align: justify;\">&#8220;H\u00e1 tamb\u00e9m aqueles que, apesar de conhecerem o problema, n\u00e3o querem falar porque est\u00e3o ali onde termina a &#8216;cadeia de consumo&#8217;, como consumidores dos &#8216;servi\u00e7os&#8217; que oferecem homens, mulheres e crian\u00e7as que se tornaram escravos. N\u00e3o podemos nos distrair: todos somos chamados a sair de todas as formas de hipocrisia, enfrentando a realidade. O problema n\u00e3o est\u00e1 nas cal\u00e7adas diante de n\u00f3s: o problema nos envolve. N\u00e3o podemos olhar para outro lado e declarar a nossa ignor\u00e2ncia ou nossa inoc\u00eancia.&#8221;<\/p>\n<\/blockquote>\n<p>Francisco prossegue:<\/p>\n<blockquote><p>\u201cA segunda tarefa \u00e9 agir em favor dos que se tornaram escravos: defender seus direitos, impedir que os corruptos e os criminosos escapem da justi\u00e7a e mantenham o controle sobre as pessoas escravizadas\u201d.<\/p><\/blockquote>\n<h2>Situa\u00e7\u00e3o Social<\/h2>\n<p style=\"text-align: justify;\">Falando da situa\u00e7\u00e3o social o Papa diz que \u201cn\u00e3o s\u00e3o suficientes pol\u00edticas de Governos e Organismos Internacionais para o combate da explora\u00e7\u00e3o de seres humanos, se as causas n\u00e3o forem enfrentadas&#8221;, ou seja, &#8220;as ra\u00edzes mais profundas do problema\u201d.<\/p>\n<blockquote>\n<p style=\"text-align: justify;\">&#8220;Quando os pa\u00edses vivem a pobreza extrema, viol\u00eancia e corrup\u00e7\u00e3o, nem a economia, nem o quadro legislativo e nem as infraestruturas de base s\u00e3o eficazes. N\u00e3o conseguem garantir a seguran\u00e7a, os bens e os direitos essenciais. Deste modo, \u00e9 mais f\u00e1cil que os autores desses crimes continuem agindo na impunidade total&#8221;.<\/p>\n<p style=\"text-align: justify;\">&#8220;H\u00e1 um dado sociol\u00f3gico: o crime organizado e o tr\u00e1fico ilegal de seres humanos escolhem as v\u00edtimas dentre as pessoas que hoje possuem meios escassos de subsist\u00eancia e menos esperan\u00e7a pelo futuro&#8221;. Elas est\u00e3o &#8220;entre os mais pobres, marginalizados e descartados\u201d.<\/p>\n<p style=\"text-align: justify;\">\u201cA resposta de base \u00e9 criar oportunidades para um desenvolvimento humano integral, iniciando com a educa\u00e7\u00e3o de qualidade: este \u00e9 o ponto chave [\u2026] Educa\u00e7\u00e3o e trabalho\u201d.<\/p>\n<\/blockquote>\n<h2 style=\"text-align: justify;\">O que fazer<\/h2>\n<p style=\"text-align: justify;\">Para realizar este imenso trabalho, o Papa convida a todos: &#8220;\u00e9 preciso um esfor\u00e7o comum e global por parte de todos os membros da sociedade\u201d. E prossegue: \u201ca Igreja deve se comprometer nessa tarefa [\u2026]. N\u00f3s crist\u00e3os, todos juntos, somos chamados a desenvolver cada vez mais uma maior colabora\u00e7\u00e3o para superar as desigualdades e discrimina\u00e7\u00f5es\u201d, que \u00e9 exatamente o que propicia a escravid\u00e3o. &#8220;Juntos podemos construir uma sociedade renovada e orientada \u00e0 liberdade, \u00e0 justi\u00e7a e \u00e0 paz\u201d, concluiu o Papa na mensagem de v\u00eddeo.<\/p>\n<h2 style=\"text-align: justify;\">F\u00f3rum precedente<\/h2>\n<p style=\"text-align: justify;\">O f\u00f3rum precedente realizou-se, em Istambul, na Turquia, nos dias 6 e 7 de fevereiro de 2017, gra\u00e7as \u00e0 colabora\u00e7\u00e3o entre o Patriarca Ecum\u00eanico Bartolomeu I e o arcebispo de Cantu\u00e1ria, Justin Welby, Primaz da Comunh\u00e3o Anglicana.<\/p>\n<p style=\"text-align: justify;\">No final do encontro, centrado no flagelo do tr\u00e1fico de seres humanos, Bartolomeu e Welby assinaram uma declara\u00e7\u00e3o conjunta, expressando o compromisso comum para erradicar todas as formas de escravid\u00e3o moderna.<\/p>\n<hr \/>\n<p style=\"text-align: right;\">Fonte: <a href=\"https:\/\/www.vaticannews.va\/pt\/papa\/news\/2018-05\/papa-escravidao-moderna-forum-internacional.html\" target=\"_blank\" rel=\"noopener noreferrer\">Vatican News<\/a><\/p>\n","protected":false},"excerpt":{"rendered":"<p>O f\u00f3rum \u201cVelhos problemas no novo mundo\u201d teve in\u00edcio no \u00faltimo s\u00e1bado (05\/05), em Buenos Aires, e prossegue at\u00e9 a pr\u00f3xima ter\u00e7a-feira (08\/05). O Papa Francisco enviou uma mensagem de v\u00eddeo, nesta segunda-feira (07\/05), ao 2\u00ba F\u00f3rum Internacional sobre as&#8230;<\/p>\n","protected":false},"author":1,"featured_media":25000,"comment_status":"open","ping_status":"open","sticky":false,"template":"","format":"standard","meta":{"_acf_changed":false,"footnotes":""},"categories":[40],"tags":[],"class_list":["post-24999","post","type-post","status-publish","format-standard","has-post-thumbnail","hentry","category-arquidiocese-de-buenos-aires-e-america-do-sul","entry","rows-excerpt"],"acf":[],"yoast_head":"<!-- This site is optimized with the Yoast SEO plugin v27.4 - https:\/\/yoast.com\/product\/yoast-seo-wordpress\/ -->\n<title>Papa Francisco envia mensagem de v\u00eddeo ao 2\u00ba F\u00f3rum \u201cVelhos problemas no novo mundo\u201d, organizado em Buenos Aires, pela Arquidiocese Ortodoxa Grega | ECCLESIA NEWS<\/title>\n<meta name=\"robots\" content=\"index, follow, max-snippet:-1, max-image-preview:large, max-video-preview:-1\" \/>\n<link rel=\"canonical\" href=\"https:\/\/news.ecclesia.org.br\/?p=24999\" \/>\n<meta property=\"og:locale\" content=\"pt_BR\" \/>\n<meta property=\"og:type\" content=\"article\" \/>\n<meta property=\"og:title\" content=\"Papa Francisco envia mensagem de v\u00eddeo ao 2\u00ba F\u00f3rum \u201cVelhos problemas no novo mundo\u201d, organizado em Buenos Aires, pela Arquidiocese Ortodoxa Grega | ECCLESIA NEWS\" \/>\n<meta property=\"og:description\" content=\"O f\u00f3rum \u201cVelhos problemas no novo mundo\u201d teve in\u00edcio no \u00faltimo s\u00e1bado (05\/05), em Buenos Aires, e prossegue at\u00e9 a pr\u00f3xima ter\u00e7a-feira (08\/05). O Papa Francisco enviou uma mensagem de v\u00eddeo, nesta segunda-feira (07\/05), ao 2\u00ba F\u00f3rum Internacional sobre as&#8230;\" \/>\n<meta property=\"og:url\" content=\"https:\/\/news.ecclesia.org.br\/?p=24999\" \/>\n<meta property=\"og:site_name\" content=\"ECCLESIA NEWS\" \/>\n<meta property=\"article:publisher\" content=\"https:\/\/www.facebook.com\/Ecclesia2025\" \/>\n<meta property=\"article:published_time\" content=\"2018-05-07T17:38:25+00:00\" \/>\n<meta property=\"article:modified_time\" content=\"2020-06-13T13:23:27+00:00\" \/>\n<meta property=\"og:image\" content=\"https:\/\/news.ecclesia.org.br\/wp-content\/uploads\/2018\/05\/papa-francisco.jpg\" \/>\n\t<meta property=\"og:image:width\" content=\"750\" \/>\n\t<meta property=\"og:image:height\" content=\"421\" \/>\n\t<meta property=\"og:image:type\" content=\"image\/jpeg\" \/>\n<meta name=\"author\" content=\"Pe. Andr\u00e9\" \/>\n<meta name=\"twitter:card\" content=\"summary_large_image\" \/>\n<meta name=\"twitter:creator\" content=\"@EcclesiaNews\" \/>\n<meta name=\"twitter:site\" content=\"@EcclesiaNews\" \/>\n<meta name=\"twitter:label1\" content=\"Escrito por\" \/>\n\t<meta name=\"twitter:data1\" content=\"Pe. Andr\u00e9\" \/>\n\t<meta name=\"twitter:label2\" content=\"Est. tempo de leitura\" \/>\n\t<meta name=\"twitter:data2\" content=\"4 minutos\" \/>\n<script type=\"application\/ld+json\" class=\"yoast-schema-graph\">{\"@context\":\"https:\\\/\\\/schema.org\",\"@graph\":[{\"@type\":\"Article\",\"@id\":\"https:\\\/\\\/news.ecclesia.org.br\\\/?p=24999#article\",\"isPartOf\":{\"@id\":\"https:\\\/\\\/news.ecclesia.org.br\\\/?p=24999\"},\"author\":{\"name\":\"Pe. Andr\u00e9\",\"@id\":\"https:\\\/\\\/news.ecclesia.org.br\\\/#\\\/schema\\\/person\\\/6f09597f025829745ba414a569f63758\"},\"headline\":\"Papa Francisco envia mensagem de v\u00eddeo ao 2\u00ba F\u00f3rum \u201cVelhos problemas no novo mundo\u201d, organizado em Buenos Aires, pela Arquidiocese Ortodoxa Grega\",\"datePublished\":\"2018-05-07T17:38:25+00:00\",\"dateModified\":\"2020-06-13T13:23:27+00:00\",\"mainEntityOfPage\":{\"@id\":\"https:\\\/\\\/news.ecclesia.org.br\\\/?p=24999\"},\"wordCount\":828,\"commentCount\":0,\"publisher\":{\"@id\":\"https:\\\/\\\/news.ecclesia.org.br\\\/#organization\"},\"image\":{\"@id\":\"https:\\\/\\\/news.ecclesia.org.br\\\/?p=24999#primaryimage\"},\"thumbnailUrl\":\"https:\\\/\\\/news.ecclesia.org.br\\\/wp-content\\\/uploads\\\/2018\\\/05\\\/papa-francisco.jpg\",\"articleSection\":[\"Arquidiocese de Buenos Aires e Am\u00e9rica do Sul\"],\"inLanguage\":\"pt-BR\",\"potentialAction\":[{\"@type\":\"CommentAction\",\"name\":\"Comment\",\"target\":[\"https:\\\/\\\/news.ecclesia.org.br\\\/?p=24999#respond\"]}]},{\"@type\":\"WebPage\",\"@id\":\"https:\\\/\\\/news.ecclesia.org.br\\\/?p=24999\",\"url\":\"https:\\\/\\\/news.ecclesia.org.br\\\/?p=24999\",\"name\":\"Papa Francisco envia mensagem de v\u00eddeo ao 2\u00ba F\u00f3rum \u201cVelhos problemas no novo mundo\u201d, organizado em Buenos Aires, pela Arquidiocese Ortodoxa Grega | ECCLESIA NEWS\",\"isPartOf\":{\"@id\":\"https:\\\/\\\/news.ecclesia.org.br\\\/#website\"},\"primaryImageOfPage\":{\"@id\":\"https:\\\/\\\/news.ecclesia.org.br\\\/?p=24999#primaryimage\"},\"image\":{\"@id\":\"https:\\\/\\\/news.ecclesia.org.br\\\/?p=24999#primaryimage\"},\"thumbnailUrl\":\"https:\\\/\\\/news.ecclesia.org.br\\\/wp-content\\\/uploads\\\/2018\\\/05\\\/papa-francisco.jpg\",\"datePublished\":\"2018-05-07T17:38:25+00:00\",\"dateModified\":\"2020-06-13T13:23:27+00:00\",\"breadcrumb\":{\"@id\":\"https:\\\/\\\/news.ecclesia.org.br\\\/?p=24999#breadcrumb\"},\"inLanguage\":\"pt-BR\",\"potentialAction\":[{\"@type\":\"ReadAction\",\"target\":[\"https:\\\/\\\/news.ecclesia.org.br\\\/?p=24999\"]}]},{\"@type\":\"ImageObject\",\"inLanguage\":\"pt-BR\",\"@id\":\"https:\\\/\\\/news.ecclesia.org.br\\\/?p=24999#primaryimage\",\"url\":\"https:\\\/\\\/news.ecclesia.org.br\\\/wp-content\\\/uploads\\\/2018\\\/05\\\/papa-francisco.jpg\",\"contentUrl\":\"https:\\\/\\\/news.ecclesia.org.br\\\/wp-content\\\/uploads\\\/2018\\\/05\\\/papa-francisco.jpg\",\"width\":750,\"height\":421,\"caption\":\"Papa: escravid\u00e3o n\u00e3o \u00e9 algo de outros tempos\"},{\"@type\":\"BreadcrumbList\",\"@id\":\"https:\\\/\\\/news.ecclesia.org.br\\\/?p=24999#breadcrumb\",\"itemListElement\":[{\"@type\":\"ListItem\",\"position\":1,\"name\":\"In\u00edcio\",\"item\":\"https:\\\/\\\/news.ecclesia.org.br\\\/\"},{\"@type\":\"ListItem\",\"position\":2,\"name\":\"Papa Francisco envia mensagem de v\u00eddeo ao 2\u00ba F\u00f3rum \u201cVelhos problemas no novo mundo\u201d, organizado em Buenos Aires, pela Arquidiocese Ortodoxa Grega\"}]},{\"@type\":\"WebSite\",\"@id\":\"https:\\\/\\\/news.ecclesia.org.br\\\/#website\",\"url\":\"https:\\\/\\\/news.ecclesia.org.br\\\/\",\"name\":\"Ecclesia Brasil\",\"description\":\"Desde 2003 onectando o Brasil ao mundo ortodoxo!\",\"publisher\":{\"@id\":\"https:\\\/\\\/news.ecclesia.org.br\\\/#organization\"},\"alternateName\":\"Ecclesia\",\"potentialAction\":[{\"@type\":\"SearchAction\",\"target\":{\"@type\":\"EntryPoint\",\"urlTemplate\":\"https:\\\/\\\/news.ecclesia.org.br\\\/?s={search_term_string}\"},\"query-input\":{\"@type\":\"PropertyValueSpecification\",\"valueRequired\":true,\"valueName\":\"search_term_string\"}}],\"inLanguage\":\"pt-BR\"},{\"@type\":\"Organization\",\"@id\":\"https:\\\/\\\/news.ecclesia.org.br\\\/#organization\",\"name\":\"Sacra Arquidiocese de Buenos Aires e Am\u00e9rica do Sul | Patriarcado Ecum\u00eanico\",\"alternateName\":\"News Ecclesia Brasil\",\"url\":\"https:\\\/\\\/news.ecclesia.org.br\\\/\",\"logo\":{\"@type\":\"ImageObject\",\"inLanguage\":\"pt-BR\",\"@id\":\"https:\\\/\\\/news.ecclesia.org.br\\\/#\\\/schema\\\/logo\\\/image\\\/\",\"url\":\"https:\\\/\\\/news.ecclesia.org.br\\\/wp-content\\\/uploads\\\/2025\\\/05\\\/ecclesia2.png\",\"contentUrl\":\"https:\\\/\\\/news.ecclesia.org.br\\\/wp-content\\\/uploads\\\/2025\\\/05\\\/ecclesia2.png\",\"width\":480,\"height\":120,\"caption\":\"Sacra Arquidiocese de Buenos Aires e Am\u00e9rica do Sul | Patriarcado Ecum\u00eanico\"},\"image\":{\"@id\":\"https:\\\/\\\/news.ecclesia.org.br\\\/#\\\/schema\\\/logo\\\/image\\\/\"},\"sameAs\":[\"https:\\\/\\\/www.facebook.com\\\/Ecclesia2025\",\"https:\\\/\\\/x.com\\\/EcclesiaNews\",\"https:\\\/\\\/br.pinterest.com\\\/ekklisia\\\/\",\"https:\\\/\\\/www.youtube.com\\\/@EcclesiaBrasil\"]},{\"@type\":\"Person\",\"@id\":\"https:\\\/\\\/news.ecclesia.org.br\\\/#\\\/schema\\\/person\\\/6f09597f025829745ba414a569f63758\",\"name\":\"Pe. Andr\u00e9\",\"image\":{\"@type\":\"ImageObject\",\"inLanguage\":\"pt-BR\",\"@id\":\"https:\\\/\\\/secure.gravatar.com\\\/avatar\\\/b4327cfa27e9799da239a26adcd534fc29cdc0c4a4a148eecbcfeb9b42c617ac?s=96&d=mm&r=g\",\"url\":\"https:\\\/\\\/secure.gravatar.com\\\/avatar\\\/b4327cfa27e9799da239a26adcd534fc29cdc0c4a4a148eecbcfeb9b42c617ac?s=96&d=mm&r=g\",\"contentUrl\":\"https:\\\/\\\/secure.gravatar.com\\\/avatar\\\/b4327cfa27e9799da239a26adcd534fc29cdc0c4a4a148eecbcfeb9b42c617ac?s=96&d=mm&r=g\",\"caption\":\"Pe. Andr\u00e9\"},\"sameAs\":[\"https:\\\/\\\/www.ecclesia.org.br\"]}]}<\/script>\n<!-- \/ Yoast SEO plugin. -->","yoast_head_json":{"title":"Papa Francisco envia mensagem de v\u00eddeo ao 2\u00ba F\u00f3rum \u201cVelhos problemas no novo mundo\u201d, organizado em Buenos Aires, pela Arquidiocese Ortodoxa Grega | ECCLESIA NEWS","robots":{"index":"index","follow":"follow","max-snippet":"max-snippet:-1","max-image-preview":"max-image-preview:large","max-video-preview":"max-video-preview:-1"},"canonical":"https:\/\/news.ecclesia.org.br\/?p=24999","og_locale":"pt_BR","og_type":"article","og_title":"Papa Francisco envia mensagem de v\u00eddeo ao 2\u00ba F\u00f3rum \u201cVelhos problemas no novo mundo\u201d, organizado em Buenos Aires, pela Arquidiocese Ortodoxa Grega | ECCLESIA NEWS","og_description":"O f\u00f3rum \u201cVelhos problemas no novo mundo\u201d teve in\u00edcio no \u00faltimo s\u00e1bado (05\/05), em Buenos Aires, e prossegue at\u00e9 a pr\u00f3xima ter\u00e7a-feira (08\/05). O Papa Francisco enviou uma mensagem de v\u00eddeo, nesta segunda-feira (07\/05), ao 2\u00ba F\u00f3rum Internacional sobre as&#8230;","og_url":"https:\/\/news.ecclesia.org.br\/?p=24999","og_site_name":"ECCLESIA NEWS","article_publisher":"https:\/\/www.facebook.com\/Ecclesia2025","article_published_time":"2018-05-07T17:38:25+00:00","article_modified_time":"2020-06-13T13:23:27+00:00","og_image":[{"width":750,"height":421,"url":"https:\/\/news.ecclesia.org.br\/wp-content\/uploads\/2018\/05\/papa-francisco.jpg","type":"image\/jpeg"}],"author":"Pe. Andr\u00e9","twitter_card":"summary_large_image","twitter_creator":"@EcclesiaNews","twitter_site":"@EcclesiaNews","twitter_misc":{"Escrito por":"Pe. Andr\u00e9","Est. tempo de leitura":"4 minutos"},"schema":{"@context":"https:\/\/schema.org","@graph":[{"@type":"Article","@id":"https:\/\/news.ecclesia.org.br\/?p=24999#article","isPartOf":{"@id":"https:\/\/news.ecclesia.org.br\/?p=24999"},"author":{"name":"Pe. Andr\u00e9","@id":"https:\/\/news.ecclesia.org.br\/#\/schema\/person\/6f09597f025829745ba414a569f63758"},"headline":"Papa Francisco envia mensagem de v\u00eddeo ao 2\u00ba F\u00f3rum \u201cVelhos problemas no novo mundo\u201d, organizado em Buenos Aires, pela Arquidiocese Ortodoxa Grega","datePublished":"2018-05-07T17:38:25+00:00","dateModified":"2020-06-13T13:23:27+00:00","mainEntityOfPage":{"@id":"https:\/\/news.ecclesia.org.br\/?p=24999"},"wordCount":828,"commentCount":0,"publisher":{"@id":"https:\/\/news.ecclesia.org.br\/#organization"},"image":{"@id":"https:\/\/news.ecclesia.org.br\/?p=24999#primaryimage"},"thumbnailUrl":"https:\/\/news.ecclesia.org.br\/wp-content\/uploads\/2018\/05\/papa-francisco.jpg","articleSection":["Arquidiocese de Buenos Aires e Am\u00e9rica do Sul"],"inLanguage":"pt-BR","potentialAction":[{"@type":"CommentAction","name":"Comment","target":["https:\/\/news.ecclesia.org.br\/?p=24999#respond"]}]},{"@type":"WebPage","@id":"https:\/\/news.ecclesia.org.br\/?p=24999","url":"https:\/\/news.ecclesia.org.br\/?p=24999","name":"Papa Francisco envia mensagem de v\u00eddeo ao 2\u00ba F\u00f3rum \u201cVelhos problemas no novo mundo\u201d, organizado em Buenos Aires, pela Arquidiocese Ortodoxa Grega | ECCLESIA NEWS","isPartOf":{"@id":"https:\/\/news.ecclesia.org.br\/#website"},"primaryImageOfPage":{"@id":"https:\/\/news.ecclesia.org.br\/?p=24999#primaryimage"},"image":{"@id":"https:\/\/news.ecclesia.org.br\/?p=24999#primaryimage"},"thumbnailUrl":"https:\/\/news.ecclesia.org.br\/wp-content\/uploads\/2018\/05\/papa-francisco.jpg","datePublished":"2018-05-07T17:38:25+00:00","dateModified":"2020-06-13T13:23:27+00:00","breadcrumb":{"@id":"https:\/\/news.ecclesia.org.br\/?p=24999#breadcrumb"},"inLanguage":"pt-BR","potentialAction":[{"@type":"ReadAction","target":["https:\/\/news.ecclesia.org.br\/?p=24999"]}]},{"@type":"ImageObject","inLanguage":"pt-BR","@id":"https:\/\/news.ecclesia.org.br\/?p=24999#primaryimage","url":"https:\/\/news.ecclesia.org.br\/wp-content\/uploads\/2018\/05\/papa-francisco.jpg","contentUrl":"https:\/\/news.ecclesia.org.br\/wp-content\/uploads\/2018\/05\/papa-francisco.jpg","width":750,"height":421,"caption":"Papa: escravid\u00e3o n\u00e3o \u00e9 algo de outros tempos"},{"@type":"BreadcrumbList","@id":"https:\/\/news.ecclesia.org.br\/?p=24999#breadcrumb","itemListElement":[{"@type":"ListItem","position":1,"name":"In\u00edcio","item":"https:\/\/news.ecclesia.org.br\/"},{"@type":"ListItem","position":2,"name":"Papa Francisco envia mensagem de v\u00eddeo ao 2\u00ba F\u00f3rum \u201cVelhos problemas no novo mundo\u201d, organizado em Buenos Aires, pela Arquidiocese Ortodoxa Grega"}]},{"@type":"WebSite","@id":"https:\/\/news.ecclesia.org.br\/#website","url":"https:\/\/news.ecclesia.org.br\/","name":"Ecclesia Brasil","description":"Desde 2003 onectando o Brasil ao mundo ortodoxo!","publisher":{"@id":"https:\/\/news.ecclesia.org.br\/#organization"},"alternateName":"Ecclesia","potentialAction":[{"@type":"SearchAction","target":{"@type":"EntryPoint","urlTemplate":"https:\/\/news.ecclesia.org.br\/?s={search_term_string}"},"query-input":{"@type":"PropertyValueSpecification","valueRequired":true,"valueName":"search_term_string"}}],"inLanguage":"pt-BR"},{"@type":"Organization","@id":"https:\/\/news.ecclesia.org.br\/#organization","name":"Sacra Arquidiocese de Buenos Aires e Am\u00e9rica do Sul | Patriarcado Ecum\u00eanico","alternateName":"News Ecclesia Brasil","url":"https:\/\/news.ecclesia.org.br\/","logo":{"@type":"ImageObject","inLanguage":"pt-BR","@id":"https:\/\/news.ecclesia.org.br\/#\/schema\/logo\/image\/","url":"https:\/\/news.ecclesia.org.br\/wp-content\/uploads\/2025\/05\/ecclesia2.png","contentUrl":"https:\/\/news.ecclesia.org.br\/wp-content\/uploads\/2025\/05\/ecclesia2.png","width":480,"height":120,"caption":"Sacra Arquidiocese de Buenos Aires e Am\u00e9rica do Sul | Patriarcado Ecum\u00eanico"},"image":{"@id":"https:\/\/news.ecclesia.org.br\/#\/schema\/logo\/image\/"},"sameAs":["https:\/\/www.facebook.com\/Ecclesia2025","https:\/\/x.com\/EcclesiaNews","https:\/\/br.pinterest.com\/ekklisia\/","https:\/\/www.youtube.com\/@EcclesiaBrasil"]},{"@type":"Person","@id":"https:\/\/news.ecclesia.org.br\/#\/schema\/person\/6f09597f025829745ba414a569f63758","name":"Pe. Andr\u00e9","image":{"@type":"ImageObject","inLanguage":"pt-BR","@id":"https:\/\/secure.gravatar.com\/avatar\/b4327cfa27e9799da239a26adcd534fc29cdc0c4a4a148eecbcfeb9b42c617ac?s=96&d=mm&r=g","url":"https:\/\/secure.gravatar.com\/avatar\/b4327cfa27e9799da239a26adcd534fc29cdc0c4a4a148eecbcfeb9b42c617ac?s=96&d=mm&r=g","contentUrl":"https:\/\/secure.gravatar.com\/avatar\/b4327cfa27e9799da239a26adcd534fc29cdc0c4a4a148eecbcfeb9b42c617ac?s=96&d=mm&r=g","caption":"Pe. Andr\u00e9"},"sameAs":["https:\/\/www.ecclesia.org.br"]}]}},"_links":{"self":[{"href":"https:\/\/news.ecclesia.org.br\/index.php?rest_route=\/wp\/v2\/posts\/24999","targetHints":{"allow":["GET"]}}],"collection":[{"href":"https:\/\/news.ecclesia.org.br\/index.php?rest_route=\/wp\/v2\/posts"}],"about":[{"href":"https:\/\/news.ecclesia.org.br\/index.php?rest_route=\/wp\/v2\/types\/post"}],"author":[{"embeddable":true,"href":"https:\/\/news.ecclesia.org.br\/index.php?rest_route=\/wp\/v2\/users\/1"}],"replies":[{"embeddable":true,"href":"https:\/\/news.ecclesia.org.br\/index.php?rest_route=%2Fwp%2Fv2%2Fcomments&post=24999"}],"version-history":[{"count":0,"href":"https:\/\/news.ecclesia.org.br\/index.php?rest_route=\/wp\/v2\/posts\/24999\/revisions"}],"wp:featuredmedia":[{"embeddable":true,"href":"https:\/\/news.ecclesia.org.br\/index.php?rest_route=\/wp\/v2\/media\/25000"}],"wp:attachment":[{"href":"https:\/\/news.ecclesia.org.br\/index.php?rest_route=%2Fwp%2Fv2%2Fmedia&parent=24999"}],"wp:term":[{"taxonomy":"category","embeddable":true,"href":"https:\/\/news.ecclesia.org.br\/index.php?rest_route=%2Fwp%2Fv2%2Fcategories&post=24999"},{"taxonomy":"post_tag","embeddable":true,"href":"https:\/\/news.ecclesia.org.br\/index.php?rest_route=%2Fwp%2Fv2%2Ftags&post=24999"}],"curies":[{"name":"wp","href":"https:\/\/api.w.org\/{rel}","templated":true}]}}