{"id":24993,"date":"2018-05-03T13:12:27","date_gmt":"2018-05-03T13:12:27","guid":{"rendered":"https:\/\/news.ecclesia.org.br\/2013\/?p=24993"},"modified":"2018-05-03T13:14:09","modified_gmt":"2018-05-03T13:14:09","slug":"concluidos-os-trabalhos-do-santo-sinodo-do-patriarcado-de-antioquia-que-se-reuniu-no-monasterio-de-balamand","status":"publish","type":"post","link":"https:\/\/news.ecclesia.org.br\/?p=24993","title":{"rendered":"Conclu\u00eddos os trabalhos do Santo S\u00ednodo do Patriarcado de Antioquia que se reuniu no Monast\u00e9rio de Balamand"},"content":{"rendered":"<p style=\"text-align: right;\">por Jivko Panev<\/p>\n<figure id=\"attachment_24994\" aria-describedby=\"caption-attachment-24994\" style=\"width: 300px\" class=\"wp-caption alignleft\"><a href=\"https:\/\/news.ecclesia.org.br\/2013\/wp-content\/uploads\/2018\/05\/saint-synode-antioche.jpg\"><img decoding=\"async\" class=\"size-medium wp-image-24994\" src=\"https:\/\/news.ecclesia.org.br\/2013\/wp-content\/uploads\/2018\/05\/saint-synode-antioche-300x157.jpg\" alt=\"\" width=\"300\" height=\"157\" srcset=\"https:\/\/news.ecclesia.org.br\/wp-content\/uploads\/2018\/05\/saint-synode-antioche-300x157.jpg 300w, https:\/\/news.ecclesia.org.br\/wp-content\/uploads\/2018\/05\/saint-synode-antioche-768x402.jpg 768w, https:\/\/news.ecclesia.org.br\/wp-content\/uploads\/2018\/05\/saint-synode-antioche-1024x536.jpg 1024w, https:\/\/news.ecclesia.org.br\/wp-content\/uploads\/2018\/05\/saint-synode-antioche-600x314.jpg 600w, https:\/\/news.ecclesia.org.br\/wp-content\/uploads\/2018\/05\/saint-synode-antioche-105x55.jpg 105w, https:\/\/news.ecclesia.org.br\/wp-content\/uploads\/2018\/05\/saint-synode-antioche.jpg 1068w\" sizes=\"(max-width: 300px) 100vw, 300px\" \/><\/a><figcaption id=\"caption-attachment-24994\" class=\"wp-caption-text\">Santo S\u00ednodo da Igreja de Antioquia<\/figcaption><\/figure>\n<p style=\"text-align: justify;\">2 de maio de 2018 &#8212; Conclu\u00eddos os trabalhos do Santo S\u00ednodo do Patriarcado de Antioquia, que se reuniu sob a presid\u00eancia do Patriarca Jo\u00e3o X no Monast\u00e9rio de Balamand. O Patriarcado de Antioquia, durante os trabalhos, procedeu \u00e0 elei\u00e7\u00e3o de bispos e metropolitas e examinou a situa\u00e7\u00e3o prevalecente na S\u00edria e no Oriente M\u00e9dio. O Santo S\u00ednodo expressou novamente seu forte protesto sobre a quest\u00e3o do Qatar. &#8220;O Patriarca de Antioquia sofre por causa da intrus\u00e3o e do estabelecimento de uma igreja do Patriarcado de Jerusal\u00e9m no \u00e2mbito da jurisdi\u00e7\u00e3o can\u00f4nica do Patriarca [de Antioquia, ndt] no Qatar&#8221;, diz o Santo S\u00ednodo da Igreja de Antioquia. Nesta contexto, o Patriarcado de Antioquia pede a unanimidade das Igrejas para a resolu\u00e7\u00e3o do problema, a fim de preservar a unidade contra novas fragmenta\u00e7\u00f5es e divis\u00f5es. Al\u00e9m disso, o Santo S\u00ednodo apela a todos pela liberta\u00e7\u00e3o dos metropolitas de Alepo sequestrados, para que possam voltar para as suas casas. &#8220;Cinco anos se passaram desde o sequestro do Metropolita Paulo de Alepo e do bispo siro-jacobita Jo\u00e3o. Isto constitui um crime vergonhoso contra a civiliza\u00e7\u00e3o e os direitos humanos. O objetivo do sequestro \u00e9 a erradica\u00e7\u00e3o do cristianismo na S\u00edria e no Oriente, bem como a intimida\u00e7\u00e3o dos crist\u00e3os&#8221;, disse o Patriarca Jo\u00e3o de Antioquia. Vale a pena mencionar que o Santo S\u00ednodo do Patriarcado de Antioquia condena as a\u00e7\u00f5es de Israel em conex\u00e3o com a recente agress\u00e3o contra o povo da Palestina. &#8220;O Santo S\u00ednodo do Patriarcado de Antioquia exprime a sua solidariedade com o povo palestino e condena os massacres cometidos pelas autoridades israelenses contra civis desarmados e crian\u00e7as&#8221;, diz o comunicado do Patriarcado de Antioquia, que acrescenta: &#8220;N\u00e3o podemos esquecer a hist\u00f3ria, ou seja, que Jerusal\u00e9m, para crist\u00e3os e mu\u00e7ulmanos, constitui a capital leg\u00edtima da Palestina&#8221;. Finalmente, o Santo S\u00ednodo enfatiza novamente que reza pela paz e para que se ponha fim aos combates na S\u00edria.<\/p>\n<hr \/>\n<p style=\"text-align: right;\">Fonte: <a href=\"https:\/\/orthodoxie.com\/reunion-du-saint-synode-du-patriarcat-dantioche\/?goal=0_9357f9bbb5-395947c936-64820487&amp;mc_cid=395947c936&amp;mc_eid=337873e3c4\" target=\"_blank\" rel=\"noopener\">Orthodoxie.com<\/a><\/p>\n","protected":false},"excerpt":{"rendered":"<p>por Jivko Panev 2 de maio de 2018 &#8212; Conclu\u00eddos os trabalhos do Santo S\u00ednodo do Patriarcado de Antioquia, que se reuniu sob a presid\u00eancia do Patriarca Jo\u00e3o X no Monast\u00e9rio de Balamand. O Patriarcado de Antioquia, durante os trabalhos,&#8230;<\/p>\n","protected":false},"author":1,"featured_media":24994,"comment_status":"open","ping_status":"open","sticky":false,"template":"","format":"standard","meta":{"_acf_changed":false,"footnotes":""},"categories":[3,1],"tags":[],"class_list":["post-24993","post","type-post","status-publish","format-standard","has-post-thumbnail","hentry","category-mundo","category-news","entry","rows-excerpt"],"acf":[],"yoast_head":"<!-- This site is optimized with the Yoast SEO plugin v27.4 - https:\/\/yoast.com\/product\/yoast-seo-wordpress\/ -->\n<title>Conclu\u00eddos os trabalhos do Santo S\u00ednodo do Patriarcado de Antioquia que se reuniu no Monast\u00e9rio de Balamand | ECCLESIA NEWS<\/title>\n<meta name=\"robots\" content=\"index, follow, max-snippet:-1, max-image-preview:large, max-video-preview:-1\" \/>\n<link rel=\"canonical\" href=\"https:\/\/news.ecclesia.org.br\/?p=24993\" \/>\n<meta property=\"og:locale\" content=\"pt_BR\" \/>\n<meta property=\"og:type\" content=\"article\" \/>\n<meta property=\"og:title\" content=\"Conclu\u00eddos os trabalhos do Santo S\u00ednodo do Patriarcado de Antioquia que se reuniu no Monast\u00e9rio de Balamand | ECCLESIA NEWS\" \/>\n<meta property=\"og:description\" content=\"por Jivko Panev 2 de maio de 2018 &#8212; Conclu\u00eddos os trabalhos do Santo S\u00ednodo do Patriarcado de Antioquia, que se reuniu sob a presid\u00eancia do Patriarca Jo\u00e3o X no Monast\u00e9rio de Balamand. O Patriarcado de Antioquia, durante os trabalhos,&#8230;\" \/>\n<meta property=\"og:url\" content=\"https:\/\/news.ecclesia.org.br\/?p=24993\" \/>\n<meta property=\"og:site_name\" content=\"ECCLESIA NEWS\" \/>\n<meta property=\"article:publisher\" content=\"https:\/\/www.facebook.com\/Ecclesia2025\" \/>\n<meta property=\"article:published_time\" content=\"2018-05-03T13:12:27+00:00\" \/>\n<meta property=\"article:modified_time\" content=\"2018-05-03T13:14:09+00:00\" \/>\n<meta property=\"og:image\" content=\"https:\/\/news.ecclesia.org.br\/wp-content\/uploads\/2018\/05\/saint-synode-antioche.jpg\" \/>\n\t<meta property=\"og:image:width\" content=\"1068\" \/>\n\t<meta property=\"og:image:height\" content=\"559\" \/>\n\t<meta property=\"og:image:type\" content=\"image\/jpeg\" \/>\n<meta name=\"author\" content=\"Pe. Andr\u00e9\" \/>\n<meta name=\"twitter:card\" content=\"summary_large_image\" \/>\n<meta name=\"twitter:creator\" content=\"@EcclesiaNews\" \/>\n<meta name=\"twitter:site\" content=\"@EcclesiaNews\" \/>\n<meta name=\"twitter:label1\" content=\"Escrito por\" \/>\n\t<meta name=\"twitter:data1\" content=\"Pe. Andr\u00e9\" \/>\n\t<meta name=\"twitter:label2\" content=\"Est. tempo de leitura\" \/>\n\t<meta name=\"twitter:data2\" content=\"2 minutos\" \/>\n<script type=\"application\/ld+json\" class=\"yoast-schema-graph\">{\"@context\":\"https:\\\/\\\/schema.org\",\"@graph\":[{\"@type\":\"Article\",\"@id\":\"https:\\\/\\\/news.ecclesia.org.br\\\/?p=24993#article\",\"isPartOf\":{\"@id\":\"https:\\\/\\\/news.ecclesia.org.br\\\/?p=24993\"},\"author\":{\"name\":\"Pe. Andr\u00e9\",\"@id\":\"https:\\\/\\\/news.ecclesia.org.br\\\/#\\\/schema\\\/person\\\/6f09597f025829745ba414a569f63758\"},\"headline\":\"Conclu\u00eddos os trabalhos do Santo S\u00ednodo do Patriarcado de Antioquia que se reuniu no Monast\u00e9rio de Balamand\",\"datePublished\":\"2018-05-03T13:12:27+00:00\",\"dateModified\":\"2018-05-03T13:14:09+00:00\",\"mainEntityOfPage\":{\"@id\":\"https:\\\/\\\/news.ecclesia.org.br\\\/?p=24993\"},\"wordCount\":395,\"commentCount\":0,\"publisher\":{\"@id\":\"https:\\\/\\\/news.ecclesia.org.br\\\/#organization\"},\"image\":{\"@id\":\"https:\\\/\\\/news.ecclesia.org.br\\\/?p=24993#primaryimage\"},\"thumbnailUrl\":\"https:\\\/\\\/news.ecclesia.org.br\\\/wp-content\\\/uploads\\\/2018\\\/05\\\/saint-synode-antioche.jpg\",\"articleSection\":[\"Mundo Ortodoxo\",\"NEWS\"],\"inLanguage\":\"pt-BR\",\"potentialAction\":[{\"@type\":\"CommentAction\",\"name\":\"Comment\",\"target\":[\"https:\\\/\\\/news.ecclesia.org.br\\\/?p=24993#respond\"]}]},{\"@type\":\"WebPage\",\"@id\":\"https:\\\/\\\/news.ecclesia.org.br\\\/?p=24993\",\"url\":\"https:\\\/\\\/news.ecclesia.org.br\\\/?p=24993\",\"name\":\"Conclu\u00eddos os trabalhos do Santo S\u00ednodo do Patriarcado de Antioquia que se reuniu no Monast\u00e9rio de Balamand | ECCLESIA NEWS\",\"isPartOf\":{\"@id\":\"https:\\\/\\\/news.ecclesia.org.br\\\/#website\"},\"primaryImageOfPage\":{\"@id\":\"https:\\\/\\\/news.ecclesia.org.br\\\/?p=24993#primaryimage\"},\"image\":{\"@id\":\"https:\\\/\\\/news.ecclesia.org.br\\\/?p=24993#primaryimage\"},\"thumbnailUrl\":\"https:\\\/\\\/news.ecclesia.org.br\\\/wp-content\\\/uploads\\\/2018\\\/05\\\/saint-synode-antioche.jpg\",\"datePublished\":\"2018-05-03T13:12:27+00:00\",\"dateModified\":\"2018-05-03T13:14:09+00:00\",\"breadcrumb\":{\"@id\":\"https:\\\/\\\/news.ecclesia.org.br\\\/?p=24993#breadcrumb\"},\"inLanguage\":\"pt-BR\",\"potentialAction\":[{\"@type\":\"ReadAction\",\"target\":[\"https:\\\/\\\/news.ecclesia.org.br\\\/?p=24993\"]}]},{\"@type\":\"ImageObject\",\"inLanguage\":\"pt-BR\",\"@id\":\"https:\\\/\\\/news.ecclesia.org.br\\\/?p=24993#primaryimage\",\"url\":\"https:\\\/\\\/news.ecclesia.org.br\\\/wp-content\\\/uploads\\\/2018\\\/05\\\/saint-synode-antioche.jpg\",\"contentUrl\":\"https:\\\/\\\/news.ecclesia.org.br\\\/wp-content\\\/uploads\\\/2018\\\/05\\\/saint-synode-antioche.jpg\",\"width\":1068,\"height\":559,\"caption\":\"Santo S\u00ednodo da Igreja de Antioquia\"},{\"@type\":\"BreadcrumbList\",\"@id\":\"https:\\\/\\\/news.ecclesia.org.br\\\/?p=24993#breadcrumb\",\"itemListElement\":[{\"@type\":\"ListItem\",\"position\":1,\"name\":\"In\u00edcio\",\"item\":\"https:\\\/\\\/news.ecclesia.org.br\\\/\"},{\"@type\":\"ListItem\",\"position\":2,\"name\":\"Conclu\u00eddos os trabalhos do Santo S\u00ednodo do Patriarcado de Antioquia que se reuniu no Monast\u00e9rio de Balamand\"}]},{\"@type\":\"WebSite\",\"@id\":\"https:\\\/\\\/news.ecclesia.org.br\\\/#website\",\"url\":\"https:\\\/\\\/news.ecclesia.org.br\\\/\",\"name\":\"Ecclesia Brasil\",\"description\":\"Desde 2003 onectando o Brasil ao mundo ortodoxo!\",\"publisher\":{\"@id\":\"https:\\\/\\\/news.ecclesia.org.br\\\/#organization\"},\"alternateName\":\"Ecclesia\",\"potentialAction\":[{\"@type\":\"SearchAction\",\"target\":{\"@type\":\"EntryPoint\",\"urlTemplate\":\"https:\\\/\\\/news.ecclesia.org.br\\\/?s={search_term_string}\"},\"query-input\":{\"@type\":\"PropertyValueSpecification\",\"valueRequired\":true,\"valueName\":\"search_term_string\"}}],\"inLanguage\":\"pt-BR\"},{\"@type\":\"Organization\",\"@id\":\"https:\\\/\\\/news.ecclesia.org.br\\\/#organization\",\"name\":\"Sacra Arquidiocese de Buenos Aires e Am\u00e9rica do Sul | Patriarcado Ecum\u00eanico\",\"alternateName\":\"News Ecclesia Brasil\",\"url\":\"https:\\\/\\\/news.ecclesia.org.br\\\/\",\"logo\":{\"@type\":\"ImageObject\",\"inLanguage\":\"pt-BR\",\"@id\":\"https:\\\/\\\/news.ecclesia.org.br\\\/#\\\/schema\\\/logo\\\/image\\\/\",\"url\":\"https:\\\/\\\/news.ecclesia.org.br\\\/wp-content\\\/uploads\\\/2025\\\/05\\\/ecclesia2.png\",\"contentUrl\":\"https:\\\/\\\/news.ecclesia.org.br\\\/wp-content\\\/uploads\\\/2025\\\/05\\\/ecclesia2.png\",\"width\":480,\"height\":120,\"caption\":\"Sacra Arquidiocese de Buenos Aires e Am\u00e9rica do Sul | Patriarcado Ecum\u00eanico\"},\"image\":{\"@id\":\"https:\\\/\\\/news.ecclesia.org.br\\\/#\\\/schema\\\/logo\\\/image\\\/\"},\"sameAs\":[\"https:\\\/\\\/www.facebook.com\\\/Ecclesia2025\",\"https:\\\/\\\/x.com\\\/EcclesiaNews\",\"https:\\\/\\\/br.pinterest.com\\\/ekklisia\\\/\",\"https:\\\/\\\/www.youtube.com\\\/@EcclesiaBrasil\"]},{\"@type\":\"Person\",\"@id\":\"https:\\\/\\\/news.ecclesia.org.br\\\/#\\\/schema\\\/person\\\/6f09597f025829745ba414a569f63758\",\"name\":\"Pe. Andr\u00e9\",\"image\":{\"@type\":\"ImageObject\",\"inLanguage\":\"pt-BR\",\"@id\":\"https:\\\/\\\/secure.gravatar.com\\\/avatar\\\/b4327cfa27e9799da239a26adcd534fc29cdc0c4a4a148eecbcfeb9b42c617ac?s=96&d=mm&r=g\",\"url\":\"https:\\\/\\\/secure.gravatar.com\\\/avatar\\\/b4327cfa27e9799da239a26adcd534fc29cdc0c4a4a148eecbcfeb9b42c617ac?s=96&d=mm&r=g\",\"contentUrl\":\"https:\\\/\\\/secure.gravatar.com\\\/avatar\\\/b4327cfa27e9799da239a26adcd534fc29cdc0c4a4a148eecbcfeb9b42c617ac?s=96&d=mm&r=g\",\"caption\":\"Pe. Andr\u00e9\"},\"sameAs\":[\"https:\\\/\\\/www.ecclesia.org.br\"]}]}<\/script>\n<!-- \/ Yoast SEO plugin. -->","yoast_head_json":{"title":"Conclu\u00eddos os trabalhos do Santo S\u00ednodo do Patriarcado de Antioquia que se reuniu no Monast\u00e9rio de Balamand | ECCLESIA NEWS","robots":{"index":"index","follow":"follow","max-snippet":"max-snippet:-1","max-image-preview":"max-image-preview:large","max-video-preview":"max-video-preview:-1"},"canonical":"https:\/\/news.ecclesia.org.br\/?p=24993","og_locale":"pt_BR","og_type":"article","og_title":"Conclu\u00eddos os trabalhos do Santo S\u00ednodo do Patriarcado de Antioquia que se reuniu no Monast\u00e9rio de Balamand | ECCLESIA NEWS","og_description":"por Jivko Panev 2 de maio de 2018 &#8212; Conclu\u00eddos os trabalhos do Santo S\u00ednodo do Patriarcado de Antioquia, que se reuniu sob a presid\u00eancia do Patriarca Jo\u00e3o X no Monast\u00e9rio de Balamand. O Patriarcado de Antioquia, durante os trabalhos,&#8230;","og_url":"https:\/\/news.ecclesia.org.br\/?p=24993","og_site_name":"ECCLESIA NEWS","article_publisher":"https:\/\/www.facebook.com\/Ecclesia2025","article_published_time":"2018-05-03T13:12:27+00:00","article_modified_time":"2018-05-03T13:14:09+00:00","og_image":[{"width":1068,"height":559,"url":"https:\/\/news.ecclesia.org.br\/wp-content\/uploads\/2018\/05\/saint-synode-antioche.jpg","type":"image\/jpeg"}],"author":"Pe. Andr\u00e9","twitter_card":"summary_large_image","twitter_creator":"@EcclesiaNews","twitter_site":"@EcclesiaNews","twitter_misc":{"Escrito por":"Pe. Andr\u00e9","Est. tempo de leitura":"2 minutos"},"schema":{"@context":"https:\/\/schema.org","@graph":[{"@type":"Article","@id":"https:\/\/news.ecclesia.org.br\/?p=24993#article","isPartOf":{"@id":"https:\/\/news.ecclesia.org.br\/?p=24993"},"author":{"name":"Pe. Andr\u00e9","@id":"https:\/\/news.ecclesia.org.br\/#\/schema\/person\/6f09597f025829745ba414a569f63758"},"headline":"Conclu\u00eddos os trabalhos do Santo S\u00ednodo do Patriarcado de Antioquia que se reuniu no Monast\u00e9rio de Balamand","datePublished":"2018-05-03T13:12:27+00:00","dateModified":"2018-05-03T13:14:09+00:00","mainEntityOfPage":{"@id":"https:\/\/news.ecclesia.org.br\/?p=24993"},"wordCount":395,"commentCount":0,"publisher":{"@id":"https:\/\/news.ecclesia.org.br\/#organization"},"image":{"@id":"https:\/\/news.ecclesia.org.br\/?p=24993#primaryimage"},"thumbnailUrl":"https:\/\/news.ecclesia.org.br\/wp-content\/uploads\/2018\/05\/saint-synode-antioche.jpg","articleSection":["Mundo Ortodoxo","NEWS"],"inLanguage":"pt-BR","potentialAction":[{"@type":"CommentAction","name":"Comment","target":["https:\/\/news.ecclesia.org.br\/?p=24993#respond"]}]},{"@type":"WebPage","@id":"https:\/\/news.ecclesia.org.br\/?p=24993","url":"https:\/\/news.ecclesia.org.br\/?p=24993","name":"Conclu\u00eddos os trabalhos do Santo S\u00ednodo do Patriarcado de Antioquia que se reuniu no Monast\u00e9rio de Balamand | ECCLESIA NEWS","isPartOf":{"@id":"https:\/\/news.ecclesia.org.br\/#website"},"primaryImageOfPage":{"@id":"https:\/\/news.ecclesia.org.br\/?p=24993#primaryimage"},"image":{"@id":"https:\/\/news.ecclesia.org.br\/?p=24993#primaryimage"},"thumbnailUrl":"https:\/\/news.ecclesia.org.br\/wp-content\/uploads\/2018\/05\/saint-synode-antioche.jpg","datePublished":"2018-05-03T13:12:27+00:00","dateModified":"2018-05-03T13:14:09+00:00","breadcrumb":{"@id":"https:\/\/news.ecclesia.org.br\/?p=24993#breadcrumb"},"inLanguage":"pt-BR","potentialAction":[{"@type":"ReadAction","target":["https:\/\/news.ecclesia.org.br\/?p=24993"]}]},{"@type":"ImageObject","inLanguage":"pt-BR","@id":"https:\/\/news.ecclesia.org.br\/?p=24993#primaryimage","url":"https:\/\/news.ecclesia.org.br\/wp-content\/uploads\/2018\/05\/saint-synode-antioche.jpg","contentUrl":"https:\/\/news.ecclesia.org.br\/wp-content\/uploads\/2018\/05\/saint-synode-antioche.jpg","width":1068,"height":559,"caption":"Santo S\u00ednodo da Igreja de Antioquia"},{"@type":"BreadcrumbList","@id":"https:\/\/news.ecclesia.org.br\/?p=24993#breadcrumb","itemListElement":[{"@type":"ListItem","position":1,"name":"In\u00edcio","item":"https:\/\/news.ecclesia.org.br\/"},{"@type":"ListItem","position":2,"name":"Conclu\u00eddos os trabalhos do Santo S\u00ednodo do Patriarcado de Antioquia que se reuniu no Monast\u00e9rio de Balamand"}]},{"@type":"WebSite","@id":"https:\/\/news.ecclesia.org.br\/#website","url":"https:\/\/news.ecclesia.org.br\/","name":"Ecclesia Brasil","description":"Desde 2003 onectando o Brasil ao mundo ortodoxo!","publisher":{"@id":"https:\/\/news.ecclesia.org.br\/#organization"},"alternateName":"Ecclesia","potentialAction":[{"@type":"SearchAction","target":{"@type":"EntryPoint","urlTemplate":"https:\/\/news.ecclesia.org.br\/?s={search_term_string}"},"query-input":{"@type":"PropertyValueSpecification","valueRequired":true,"valueName":"search_term_string"}}],"inLanguage":"pt-BR"},{"@type":"Organization","@id":"https:\/\/news.ecclesia.org.br\/#organization","name":"Sacra Arquidiocese de Buenos Aires e Am\u00e9rica do Sul | Patriarcado Ecum\u00eanico","alternateName":"News Ecclesia Brasil","url":"https:\/\/news.ecclesia.org.br\/","logo":{"@type":"ImageObject","inLanguage":"pt-BR","@id":"https:\/\/news.ecclesia.org.br\/#\/schema\/logo\/image\/","url":"https:\/\/news.ecclesia.org.br\/wp-content\/uploads\/2025\/05\/ecclesia2.png","contentUrl":"https:\/\/news.ecclesia.org.br\/wp-content\/uploads\/2025\/05\/ecclesia2.png","width":480,"height":120,"caption":"Sacra Arquidiocese de Buenos Aires e Am\u00e9rica do Sul | Patriarcado Ecum\u00eanico"},"image":{"@id":"https:\/\/news.ecclesia.org.br\/#\/schema\/logo\/image\/"},"sameAs":["https:\/\/www.facebook.com\/Ecclesia2025","https:\/\/x.com\/EcclesiaNews","https:\/\/br.pinterest.com\/ekklisia\/","https:\/\/www.youtube.com\/@EcclesiaBrasil"]},{"@type":"Person","@id":"https:\/\/news.ecclesia.org.br\/#\/schema\/person\/6f09597f025829745ba414a569f63758","name":"Pe. Andr\u00e9","image":{"@type":"ImageObject","inLanguage":"pt-BR","@id":"https:\/\/secure.gravatar.com\/avatar\/b4327cfa27e9799da239a26adcd534fc29cdc0c4a4a148eecbcfeb9b42c617ac?s=96&d=mm&r=g","url":"https:\/\/secure.gravatar.com\/avatar\/b4327cfa27e9799da239a26adcd534fc29cdc0c4a4a148eecbcfeb9b42c617ac?s=96&d=mm&r=g","contentUrl":"https:\/\/secure.gravatar.com\/avatar\/b4327cfa27e9799da239a26adcd534fc29cdc0c4a4a148eecbcfeb9b42c617ac?s=96&d=mm&r=g","caption":"Pe. Andr\u00e9"},"sameAs":["https:\/\/www.ecclesia.org.br"]}]}},"_links":{"self":[{"href":"https:\/\/news.ecclesia.org.br\/index.php?rest_route=\/wp\/v2\/posts\/24993","targetHints":{"allow":["GET"]}}],"collection":[{"href":"https:\/\/news.ecclesia.org.br\/index.php?rest_route=\/wp\/v2\/posts"}],"about":[{"href":"https:\/\/news.ecclesia.org.br\/index.php?rest_route=\/wp\/v2\/types\/post"}],"author":[{"embeddable":true,"href":"https:\/\/news.ecclesia.org.br\/index.php?rest_route=\/wp\/v2\/users\/1"}],"replies":[{"embeddable":true,"href":"https:\/\/news.ecclesia.org.br\/index.php?rest_route=%2Fwp%2Fv2%2Fcomments&post=24993"}],"version-history":[{"count":0,"href":"https:\/\/news.ecclesia.org.br\/index.php?rest_route=\/wp\/v2\/posts\/24993\/revisions"}],"wp:featuredmedia":[{"embeddable":true,"href":"https:\/\/news.ecclesia.org.br\/index.php?rest_route=\/wp\/v2\/media\/24994"}],"wp:attachment":[{"href":"https:\/\/news.ecclesia.org.br\/index.php?rest_route=%2Fwp%2Fv2%2Fmedia&parent=24993"}],"wp:term":[{"taxonomy":"category","embeddable":true,"href":"https:\/\/news.ecclesia.org.br\/index.php?rest_route=%2Fwp%2Fv2%2Fcategories&post=24993"},{"taxonomy":"post_tag","embeddable":true,"href":"https:\/\/news.ecclesia.org.br\/index.php?rest_route=%2Fwp%2Fv2%2Ftags&post=24993"}],"curies":[{"name":"wp","href":"https:\/\/api.w.org\/{rel}","templated":true}]}}