{"id":24979,"date":"2016-11-21T17:34:19","date_gmt":"2016-11-21T17:34:19","guid":{"rendered":"https:\/\/news.ecclesia.org.br\/2013\/?p=24979"},"modified":"2018-04-21T17:35:55","modified_gmt":"2018-04-21T17:35:55","slug":"icone-ortodoxo-contra-o-aborto","status":"publish","type":"post","link":"https:\/\/news.ecclesia.org.br\/?p=24979","title":{"rendered":"\u00cdcone ortodoxo contra o aborto"},"content":{"rendered":"<p>ECCLESIA<br \/>\nIgreja e Sociedade<br \/>\nCi\u00eancia e \u00c9tica<br \/>\nVida Ortodoxa<\/p>\n<p>Publicado em: 30 de novembro de 2016 \u00e0s 17:11<\/p>\n<p style=\"text-align: right;\">Por: Alexandre Semedo<!-- #EndLibraryItem --><\/p>\n<figure id=\"attachment_22814\" aria-describedby=\"caption-attachment-22814\" style=\"width: 150px\" class=\"wp-caption alignleft\"><a href=\"https:\/\/news.ecclesia.org.br\/2013\/wp-content\/uploads\/2016\/11\/aborto_detalhe1.jpg\"><img decoding=\"async\" class=\"wp-image-22814 size-thumbnail\" src=\"https:\/\/news.ecclesia.org.br\/2013\/wp-content\/uploads\/2016\/11\/aborto_detalhe1-150x150.jpg\" alt=\"M\u00e3e de Deus \u00abGalaktotrophousa\u00bb (amamentando)\" width=\"150\" height=\"150\" \/><\/a><figcaption id=\"caption-attachment-22814\" class=\"wp-caption-text\">M\u00e3e de Deus \u00abGalaktotrophousa\u00bb (amamentando)<\/figcaption><\/figure>\n<p class=\"geral_texto\" style=\"text-align: justify;\">Comecemos por sua parte esquerda, cujas cores de fundo s\u00e3o mais claras (em contraste bastante evidente com a parte direita, com cores escuras representando as trevas, o mal e a morte).<\/p>\n<p class=\"geral_texto\" style=\"text-align: justify;\">Jesus Cristo, vencedor da morte, surge protegendo e aben\u00e7oando, abaixo dele, uma fam\u00edlia crist\u00e3 (\u00e9 de se notar os trajes modernos que vestem). Fam\u00edlia, ali\u00e1s, numerosa (pai, m\u00e3e e seis filhos)<\/p>\n<p class=\"geral_texto\" style=\"text-align: justify;\"><a href=\"https:\/\/news.ecclesia.org.br\/2013\/wp-content\/uploads\/2016\/11\/aborto_detalhe.jpg\"><img decoding=\"async\" class=\"alignright wp-image-22812 size-thumbnail\" src=\"https:\/\/news.ecclesia.org.br\/2013\/wp-content\/uploads\/2016\/11\/aborto_detalhe-150x150.jpg\" alt=\"aborto_detalhe\" width=\"150\" height=\"150\" \/><\/a>O pai carrega um dos filhos (como S\u00e3o Jos\u00e9, que carrega o Menino Deus, tradicional imagem da iconografia crist\u00e3) e traz o alimento da fam\u00edlia na m\u00e3o esquerda. A m\u00e3e embala o filho ainda beb\u00ea e alimenta uma outra crian\u00e7a. S\u00e3o figuras tradicionais do pai e da m\u00e3e crist\u00e3os, essencial para o desenvolvimento dos filhos.<\/p>\n<p class=\"geral_texto\" style=\"text-align: justify;\">Acima da fam\u00edlia crist\u00e3, surge a Sagrada Fam\u00edlia de Nazar\u00e9. Maria carrega, em seu colo, o Senhor Deus, nascido de seu pur\u00edssimo ventre. S\u00e3o Jos\u00e9, por sua vez, carrega uma crian\u00e7a envolta em panos brancos, s\u00edmbolo, na iconografia tradicional, da alma das crian\u00e7as inocentes assassinadas.<\/p>\n<figure id=\"attachment_22824\" aria-describedby=\"caption-attachment-22824\" style=\"width: 150px\" class=\"wp-caption alignleft\"><a href=\"https:\/\/news.ecclesia.org.br\/2013\/wp-content\/uploads\/2016\/11\/aborto_detalhe10.jpg\"><img decoding=\"async\" class=\"wp-image-22824 size-thumbnail\" src=\"https:\/\/news.ecclesia.org.br\/2013\/wp-content\/uploads\/2016\/11\/aborto_detalhe10-150x150.jpg\" alt=\"Pesonifica\u00e7\u00e3o da \u00abCrueldade\u00bb, \u00abFutilidade\u00bb, \u00abIndiferen\u00e7a\u00bb e \u00abLux\u00faria\u00bb (de baixo para cima)\" width=\"150\" height=\"150\" \/><\/a><figcaption id=\"caption-attachment-22824\" class=\"wp-caption-text\">Pesonifica\u00e7\u00e3o da \u00abCrueldade\u00bb, \u00abFutilidade\u00bb, \u00abIndiferen\u00e7a\u00bb e \u00abLux\u00faria\u00bb (de baixo para cima)<\/figcaption><\/figure>\n<p class=\"geral_texto\" style=\"text-align: justify;\">Abaixo da fam\u00edlia crist\u00e3, numa imagem bastante contundente, temos a \u00abArrependida\u00bb, isto \u00e9, a m\u00e3e que, tendo cometido o monstruoso crime do aborto, chora, agora, o filho que ela pr\u00f3pria matou. Veste-se de vermelho, o que representa o sangue inocente por ela derramado.<\/p>\n<p class=\"geral_texto\" style=\"text-align: justify;\">Na parte esquerda inferior, h\u00e1 a figura da m\u00e3e solteira. De um lado, ela pecou e consentiu em rela\u00e7\u00f5es pr\u00e9-nupciais (talvez, seja por isto que parte de sua vestimenta \u00e9 vermelha, cor da lux\u00faria), mas, por outro lado, manteve-se firme frente \u00e0 tenta\u00e7\u00e3o de abortar e, agora, carrega (n\u00e3o sem o aux\u00edlio de Deus) a Cruz de ser m\u00e3e sem a ajuda e o suporte de um esposo. Cruz esta que, se bem vivida, ser\u00e1 sua porta de entrada para o c\u00e9u depois que findar sua peregrina\u00e7\u00e3o terrestre.<\/p>\n<p class=\"geral_texto\" style=\"text-align: justify;\">Passemos, agora, \u00e0s trevas!<\/p>\n<figure id=\"attachment_22826\" aria-describedby=\"caption-attachment-22826\" style=\"width: 150px\" class=\"wp-caption alignright\"><a href=\"https:\/\/news.ecclesia.org.br\/2013\/wp-content\/uploads\/2016\/11\/aborto_detalhe11.jpg\"><img loading=\"lazy\" decoding=\"async\" class=\"size-thumbnail wp-image-22826\" src=\"https:\/\/news.ecclesia.org.br\/2013\/wp-content\/uploads\/2016\/11\/aborto_detalhe11-150x150.jpg\" alt=\"O \u00abM\u00e9dico\u00bb, que deveria usar seus talentos para salvar vidas, colocando-se a servi\u00e7o, direto ou indireto, do aborto, est\u00e3o a servi\u00e7o direto de Satan\u00e1s. \" width=\"150\" height=\"150\" \/><\/a><figcaption id=\"caption-attachment-22826\" class=\"wp-caption-text\">O \u00abM\u00e9dico\u00bb, que deveria usar seus talentos para salvar vidas, colocando-se a servi\u00e7o, direto ou indireto, do aborto, est\u00e3o a servi\u00e7o direto de Satan\u00e1s.<\/figcaption><\/figure>\n<p class=\"geral_texto\" style=\"text-align: justify;\">Na parte direita do \u00edcone, vemos sentada, num trono vermelho, uma rainha, chamada de \u00abNova Herodes.\u00bb \u00c9 o pr\u00f3prio aborto personificado, que, como o Herodes o fez outrora, promove a matan\u00e7a dos inocentes no mundo moderno. Ela espezinha e massacra v\u00e1rios beb\u00eas e recebe ainda outros (todos em posi\u00e7\u00e3o fetal) que as mulheres lhe oferecem.<\/p>\n<p class=\"geral_texto\" style=\"text-align: justify;\">Estas mulheres est\u00e3o \u00e0 sua frente e personificam (de baixo para cima) a crueldade, a futilidade, a indiferen\u00e7a e a lux\u00faria, sem as quais a monstruosidade do aborto n\u00e3o ocorreria.<\/p>\n<figure id=\"attachment_22820\" aria-describedby=\"caption-attachment-22820\" style=\"width: 150px\" class=\"wp-caption alignleft\"><a href=\"https:\/\/news.ecclesia.org.br\/2013\/wp-content\/uploads\/2016\/11\/aborto_detalhe8.jpg\"><img loading=\"lazy\" decoding=\"async\" class=\"size-thumbnail wp-image-22820\" src=\"https:\/\/news.ecclesia.org.br\/2013\/wp-content\/uploads\/2016\/11\/aborto_detalhe8-150x150.jpg\" alt=\"\u00abA M\u00e3e Solteira\u00bb - a que se manteve firme dinate da tenta\u00e7\u00e3o de abortar e, agora, carrega (n\u00e3o sem o aux\u00edlio de Deus) a Cruz de ser m\u00e3e sem a ajuda e o suporte de um esposo\" width=\"150\" height=\"150\" \/><\/a><figcaption id=\"caption-attachment-22820\" class=\"wp-caption-text\">\u00abA M\u00e3e Solteira\u00bb &#8211; a que se manteve firme dinate da tenta\u00e7\u00e3o de abortar e, agora, carrega (n\u00e3o sem o aux\u00edlio de Deus) a Cruz de ser m\u00e3e sem a ajuda e o suporte de um esposo<\/figcaption><\/figure>\n<p class=\"geral_texto\" style=\"text-align: justify;\">Ao fundo, vemos um \u00abm\u00e9dico\u00bb. No original, a palavra \u00e9 tamb\u00e9m grafada entre aspas, pois, sob a apar\u00eancia de um m\u00e9dico (que deveria usar seus talentos apenas para salvar vidas), encontra-se um assassino frio, que passa uma espada no ventre de um beb\u00ea indefeso. Se o leitor reparar bem, seu bolso est\u00e1 cheio de dinheiro, pois se enriquece com a matan\u00e7a que ele pr\u00f3prio promove. Ao fundo, a imagem de um drag\u00e3o, a Antiga Serpente, o chamado Diabo ou Satan\u00e1s, que, sedutor do mundo inteiro, seduz o \u00abm\u00e9dico\u00bb, colocando-o ao seu servi\u00e7o. Pois, todos os que se colocam a servi\u00e7o, direto ou indireto, do aborto, est\u00e3o a servi\u00e7o direto de Satan\u00e1s.<\/p>\n<p class=\"geral_texto\" style=\"text-align: justify;\">Que deles (e de todos n\u00f3s) o Senhor Deus tenha piedade.<\/p>\n<figure id=\"attachment_22811\" aria-describedby=\"caption-attachment-22811\" style=\"width: 640px\" class=\"wp-caption aligncenter\"><a href=\"https:\/\/news.ecclesia.org.br\/2013\/wp-content\/uploads\/2016\/11\/aborto.jpg\"><img loading=\"lazy\" decoding=\"async\" class=\"wp-image-22811\" src=\"https:\/\/news.ecclesia.org.br\/2013\/wp-content\/uploads\/2016\/11\/aborto-1024x724.jpg\" alt=\"\u00abJesus Cristo protegendo e aben\u00e7oando uma fam\u00edlia crist\u00e3\u00bb\" width=\"640\" height=\"452\" \/><\/a><figcaption id=\"caption-attachment-22811\" class=\"wp-caption-text\">\u00abJesus Cristo protegendo e aben\u00e7oando uma fam\u00edlia crist\u00e3\u00bb<\/figcaption><\/figure>\n<p class=\"geral_texto\" style=\"text-align: justify;\">\n","protected":false},"excerpt":{"rendered":"<p>ECCLESIA Igreja e Sociedade Ci\u00eancia e \u00c9tica Vida Ortodoxa Publicado em: 30 de novembro de 2016 \u00e0s 17:11 Por: Alexandre Semedo Comecemos por sua parte esquerda, cujas cores de fundo s\u00e3o mais claras (em contraste bastante evidente com a parte&#8230;<\/p>\n","protected":false},"author":1,"featured_media":0,"comment_status":"open","ping_status":"open","sticky":false,"template":"","format":"standard","meta":{"_acf_changed":false,"footnotes":""},"categories":[1],"tags":[],"class_list":["post-24979","post","type-post","status-publish","format-standard","hentry","category-news","entry","rows-excerpt"],"acf":[],"yoast_head":"<!-- This site is optimized with the Yoast SEO plugin v27.5 - https:\/\/yoast.com\/product\/yoast-seo-wordpress\/ -->\n<title>\u00cdcone ortodoxo contra o aborto | ECCLESIA NEWS<\/title>\n<meta name=\"robots\" content=\"index, follow, max-snippet:-1, max-image-preview:large, max-video-preview:-1\" \/>\n<link rel=\"canonical\" href=\"https:\/\/news.ecclesia.org.br\/?p=24979\" \/>\n<meta property=\"og:locale\" content=\"pt_BR\" \/>\n<meta property=\"og:type\" content=\"article\" \/>\n<meta property=\"og:title\" content=\"\u00cdcone ortodoxo contra o aborto | ECCLESIA NEWS\" \/>\n<meta property=\"og:description\" content=\"ECCLESIA Igreja e Sociedade Ci\u00eancia e \u00c9tica Vida Ortodoxa Publicado em: 30 de novembro de 2016 \u00e0s 17:11 Por: Alexandre Semedo Comecemos por sua parte esquerda, cujas cores de fundo s\u00e3o mais claras (em contraste bastante evidente com a parte&#8230;\" \/>\n<meta property=\"og:url\" content=\"https:\/\/news.ecclesia.org.br\/?p=24979\" \/>\n<meta property=\"og:site_name\" content=\"ECCLESIA NEWS\" \/>\n<meta property=\"article:publisher\" content=\"https:\/\/www.facebook.com\/Ecclesia2025\" \/>\n<meta property=\"article:published_time\" content=\"2016-11-21T17:34:19+00:00\" \/>\n<meta property=\"article:modified_time\" content=\"2018-04-21T17:35:55+00:00\" \/>\n<meta property=\"og:image\" content=\"https:\/\/news.ecclesia.org.br\/2013\/wp-content\/uploads\/2016\/11\/aborto_detalhe1-150x150.jpg\" \/>\n<meta name=\"author\" content=\"Pe. Andr\u00e9\" \/>\n<meta name=\"twitter:card\" content=\"summary_large_image\" \/>\n<meta name=\"twitter:creator\" content=\"@EcclesiaNews\" \/>\n<meta name=\"twitter:site\" content=\"@EcclesiaNews\" \/>\n<meta name=\"twitter:label1\" content=\"Escrito por\" \/>\n\t<meta name=\"twitter:data1\" content=\"Pe. Andr\u00e9\" \/>\n\t<meta name=\"twitter:label2\" content=\"Est. tempo de leitura\" \/>\n\t<meta name=\"twitter:data2\" content=\"4 minutos\" \/>\n<script type=\"application\/ld+json\" class=\"yoast-schema-graph\">{\"@context\":\"https:\\\/\\\/schema.org\",\"@graph\":[{\"@type\":\"Article\",\"@id\":\"https:\\\/\\\/news.ecclesia.org.br\\\/?p=24979#article\",\"isPartOf\":{\"@id\":\"https:\\\/\\\/news.ecclesia.org.br\\\/?p=24979\"},\"author\":{\"name\":\"Pe. Andr\u00e9\",\"@id\":\"https:\\\/\\\/news.ecclesia.org.br\\\/#\\\/schema\\\/person\\\/6f09597f025829745ba414a569f63758\"},\"headline\":\"\u00cdcone ortodoxo contra o aborto\",\"datePublished\":\"2016-11-21T17:34:19+00:00\",\"dateModified\":\"2018-04-21T17:35:55+00:00\",\"mainEntityOfPage\":{\"@id\":\"https:\\\/\\\/news.ecclesia.org.br\\\/?p=24979\"},\"wordCount\":715,\"commentCount\":0,\"publisher\":{\"@id\":\"https:\\\/\\\/news.ecclesia.org.br\\\/#organization\"},\"image\":{\"@id\":\"https:\\\/\\\/news.ecclesia.org.br\\\/?p=24979#primaryimage\"},\"thumbnailUrl\":\"https:\\\/\\\/news.ecclesia.org.br\\\/2013\\\/wp-content\\\/uploads\\\/2016\\\/11\\\/aborto_detalhe1-150x150.jpg\",\"articleSection\":[\"NEWS\"],\"inLanguage\":\"pt-BR\",\"potentialAction\":[{\"@type\":\"CommentAction\",\"name\":\"Comment\",\"target\":[\"https:\\\/\\\/news.ecclesia.org.br\\\/?p=24979#respond\"]}]},{\"@type\":\"WebPage\",\"@id\":\"https:\\\/\\\/news.ecclesia.org.br\\\/?p=24979\",\"url\":\"https:\\\/\\\/news.ecclesia.org.br\\\/?p=24979\",\"name\":\"\u00cdcone ortodoxo contra o aborto | ECCLESIA NEWS\",\"isPartOf\":{\"@id\":\"https:\\\/\\\/news.ecclesia.org.br\\\/#website\"},\"primaryImageOfPage\":{\"@id\":\"https:\\\/\\\/news.ecclesia.org.br\\\/?p=24979#primaryimage\"},\"image\":{\"@id\":\"https:\\\/\\\/news.ecclesia.org.br\\\/?p=24979#primaryimage\"},\"thumbnailUrl\":\"https:\\\/\\\/news.ecclesia.org.br\\\/2013\\\/wp-content\\\/uploads\\\/2016\\\/11\\\/aborto_detalhe1-150x150.jpg\",\"datePublished\":\"2016-11-21T17:34:19+00:00\",\"dateModified\":\"2018-04-21T17:35:55+00:00\",\"breadcrumb\":{\"@id\":\"https:\\\/\\\/news.ecclesia.org.br\\\/?p=24979#breadcrumb\"},\"inLanguage\":\"pt-BR\",\"potentialAction\":[{\"@type\":\"ReadAction\",\"target\":[\"https:\\\/\\\/news.ecclesia.org.br\\\/?p=24979\"]}]},{\"@type\":\"ImageObject\",\"inLanguage\":\"pt-BR\",\"@id\":\"https:\\\/\\\/news.ecclesia.org.br\\\/?p=24979#primaryimage\",\"url\":\"\",\"contentUrl\":\"\"},{\"@type\":\"BreadcrumbList\",\"@id\":\"https:\\\/\\\/news.ecclesia.org.br\\\/?p=24979#breadcrumb\",\"itemListElement\":[{\"@type\":\"ListItem\",\"position\":1,\"name\":\"In\u00edcio\",\"item\":\"https:\\\/\\\/news.ecclesia.org.br\\\/\"},{\"@type\":\"ListItem\",\"position\":2,\"name\":\"\u00cdcone ortodoxo contra o aborto\"}]},{\"@type\":\"WebSite\",\"@id\":\"https:\\\/\\\/news.ecclesia.org.br\\\/#website\",\"url\":\"https:\\\/\\\/news.ecclesia.org.br\\\/\",\"name\":\"Ecclesia Brasil\",\"description\":\"Desde 2003 onectando o Brasil ao mundo ortodoxo!\",\"publisher\":{\"@id\":\"https:\\\/\\\/news.ecclesia.org.br\\\/#organization\"},\"alternateName\":\"Ecclesia\",\"potentialAction\":[{\"@type\":\"SearchAction\",\"target\":{\"@type\":\"EntryPoint\",\"urlTemplate\":\"https:\\\/\\\/news.ecclesia.org.br\\\/?s={search_term_string}\"},\"query-input\":{\"@type\":\"PropertyValueSpecification\",\"valueRequired\":true,\"valueName\":\"search_term_string\"}}],\"inLanguage\":\"pt-BR\"},{\"@type\":\"Organization\",\"@id\":\"https:\\\/\\\/news.ecclesia.org.br\\\/#organization\",\"name\":\"Sacra Arquidiocese de Buenos Aires e Am\u00e9rica do Sul | Patriarcado Ecum\u00eanico\",\"alternateName\":\"News Ecclesia Brasil\",\"url\":\"https:\\\/\\\/news.ecclesia.org.br\\\/\",\"logo\":{\"@type\":\"ImageObject\",\"inLanguage\":\"pt-BR\",\"@id\":\"https:\\\/\\\/news.ecclesia.org.br\\\/#\\\/schema\\\/logo\\\/image\\\/\",\"url\":\"https:\\\/\\\/news.ecclesia.org.br\\\/wp-content\\\/uploads\\\/2025\\\/05\\\/ecclesia2.png\",\"contentUrl\":\"https:\\\/\\\/news.ecclesia.org.br\\\/wp-content\\\/uploads\\\/2025\\\/05\\\/ecclesia2.png\",\"width\":480,\"height\":120,\"caption\":\"Sacra Arquidiocese de Buenos Aires e Am\u00e9rica do Sul | Patriarcado Ecum\u00eanico\"},\"image\":{\"@id\":\"https:\\\/\\\/news.ecclesia.org.br\\\/#\\\/schema\\\/logo\\\/image\\\/\"},\"sameAs\":[\"https:\\\/\\\/www.facebook.com\\\/Ecclesia2025\",\"https:\\\/\\\/x.com\\\/EcclesiaNews\",\"https:\\\/\\\/br.pinterest.com\\\/ekklisia\\\/\",\"https:\\\/\\\/www.youtube.com\\\/@EcclesiaBrasil\"]},{\"@type\":\"Person\",\"@id\":\"https:\\\/\\\/news.ecclesia.org.br\\\/#\\\/schema\\\/person\\\/6f09597f025829745ba414a569f63758\",\"name\":\"Pe. Andr\u00e9\",\"image\":{\"@type\":\"ImageObject\",\"inLanguage\":\"pt-BR\",\"@id\":\"https:\\\/\\\/secure.gravatar.com\\\/avatar\\\/b4327cfa27e9799da239a26adcd534fc29cdc0c4a4a148eecbcfeb9b42c617ac?s=96&d=mm&r=g\",\"url\":\"https:\\\/\\\/secure.gravatar.com\\\/avatar\\\/b4327cfa27e9799da239a26adcd534fc29cdc0c4a4a148eecbcfeb9b42c617ac?s=96&d=mm&r=g\",\"contentUrl\":\"https:\\\/\\\/secure.gravatar.com\\\/avatar\\\/b4327cfa27e9799da239a26adcd534fc29cdc0c4a4a148eecbcfeb9b42c617ac?s=96&d=mm&r=g\",\"caption\":\"Pe. Andr\u00e9\"},\"sameAs\":[\"https:\\\/\\\/www.ecclesia.org.br\"]}]}<\/script>\n<!-- \/ Yoast SEO plugin. -->","yoast_head_json":{"title":"\u00cdcone ortodoxo contra o aborto | ECCLESIA NEWS","robots":{"index":"index","follow":"follow","max-snippet":"max-snippet:-1","max-image-preview":"max-image-preview:large","max-video-preview":"max-video-preview:-1"},"canonical":"https:\/\/news.ecclesia.org.br\/?p=24979","og_locale":"pt_BR","og_type":"article","og_title":"\u00cdcone ortodoxo contra o aborto | ECCLESIA NEWS","og_description":"ECCLESIA Igreja e Sociedade Ci\u00eancia e \u00c9tica Vida Ortodoxa Publicado em: 30 de novembro de 2016 \u00e0s 17:11 Por: Alexandre Semedo Comecemos por sua parte esquerda, cujas cores de fundo s\u00e3o mais claras (em contraste bastante evidente com a parte&#8230;","og_url":"https:\/\/news.ecclesia.org.br\/?p=24979","og_site_name":"ECCLESIA NEWS","article_publisher":"https:\/\/www.facebook.com\/Ecclesia2025","article_published_time":"2016-11-21T17:34:19+00:00","article_modified_time":"2018-04-21T17:35:55+00:00","og_image":[{"url":"https:\/\/news.ecclesia.org.br\/2013\/wp-content\/uploads\/2016\/11\/aborto_detalhe1-150x150.jpg","type":"","width":"","height":""}],"author":"Pe. Andr\u00e9","twitter_card":"summary_large_image","twitter_creator":"@EcclesiaNews","twitter_site":"@EcclesiaNews","twitter_misc":{"Escrito por":"Pe. Andr\u00e9","Est. tempo de leitura":"4 minutos"},"schema":{"@context":"https:\/\/schema.org","@graph":[{"@type":"Article","@id":"https:\/\/news.ecclesia.org.br\/?p=24979#article","isPartOf":{"@id":"https:\/\/news.ecclesia.org.br\/?p=24979"},"author":{"name":"Pe. Andr\u00e9","@id":"https:\/\/news.ecclesia.org.br\/#\/schema\/person\/6f09597f025829745ba414a569f63758"},"headline":"\u00cdcone ortodoxo contra o aborto","datePublished":"2016-11-21T17:34:19+00:00","dateModified":"2018-04-21T17:35:55+00:00","mainEntityOfPage":{"@id":"https:\/\/news.ecclesia.org.br\/?p=24979"},"wordCount":715,"commentCount":0,"publisher":{"@id":"https:\/\/news.ecclesia.org.br\/#organization"},"image":{"@id":"https:\/\/news.ecclesia.org.br\/?p=24979#primaryimage"},"thumbnailUrl":"https:\/\/news.ecclesia.org.br\/2013\/wp-content\/uploads\/2016\/11\/aborto_detalhe1-150x150.jpg","articleSection":["NEWS"],"inLanguage":"pt-BR","potentialAction":[{"@type":"CommentAction","name":"Comment","target":["https:\/\/news.ecclesia.org.br\/?p=24979#respond"]}]},{"@type":"WebPage","@id":"https:\/\/news.ecclesia.org.br\/?p=24979","url":"https:\/\/news.ecclesia.org.br\/?p=24979","name":"\u00cdcone ortodoxo contra o aborto | ECCLESIA NEWS","isPartOf":{"@id":"https:\/\/news.ecclesia.org.br\/#website"},"primaryImageOfPage":{"@id":"https:\/\/news.ecclesia.org.br\/?p=24979#primaryimage"},"image":{"@id":"https:\/\/news.ecclesia.org.br\/?p=24979#primaryimage"},"thumbnailUrl":"https:\/\/news.ecclesia.org.br\/2013\/wp-content\/uploads\/2016\/11\/aborto_detalhe1-150x150.jpg","datePublished":"2016-11-21T17:34:19+00:00","dateModified":"2018-04-21T17:35:55+00:00","breadcrumb":{"@id":"https:\/\/news.ecclesia.org.br\/?p=24979#breadcrumb"},"inLanguage":"pt-BR","potentialAction":[{"@type":"ReadAction","target":["https:\/\/news.ecclesia.org.br\/?p=24979"]}]},{"@type":"ImageObject","inLanguage":"pt-BR","@id":"https:\/\/news.ecclesia.org.br\/?p=24979#primaryimage","url":"","contentUrl":""},{"@type":"BreadcrumbList","@id":"https:\/\/news.ecclesia.org.br\/?p=24979#breadcrumb","itemListElement":[{"@type":"ListItem","position":1,"name":"In\u00edcio","item":"https:\/\/news.ecclesia.org.br\/"},{"@type":"ListItem","position":2,"name":"\u00cdcone ortodoxo contra o aborto"}]},{"@type":"WebSite","@id":"https:\/\/news.ecclesia.org.br\/#website","url":"https:\/\/news.ecclesia.org.br\/","name":"Ecclesia Brasil","description":"Desde 2003 onectando o Brasil ao mundo ortodoxo!","publisher":{"@id":"https:\/\/news.ecclesia.org.br\/#organization"},"alternateName":"Ecclesia","potentialAction":[{"@type":"SearchAction","target":{"@type":"EntryPoint","urlTemplate":"https:\/\/news.ecclesia.org.br\/?s={search_term_string}"},"query-input":{"@type":"PropertyValueSpecification","valueRequired":true,"valueName":"search_term_string"}}],"inLanguage":"pt-BR"},{"@type":"Organization","@id":"https:\/\/news.ecclesia.org.br\/#organization","name":"Sacra Arquidiocese de Buenos Aires e Am\u00e9rica do Sul | Patriarcado Ecum\u00eanico","alternateName":"News Ecclesia Brasil","url":"https:\/\/news.ecclesia.org.br\/","logo":{"@type":"ImageObject","inLanguage":"pt-BR","@id":"https:\/\/news.ecclesia.org.br\/#\/schema\/logo\/image\/","url":"https:\/\/news.ecclesia.org.br\/wp-content\/uploads\/2025\/05\/ecclesia2.png","contentUrl":"https:\/\/news.ecclesia.org.br\/wp-content\/uploads\/2025\/05\/ecclesia2.png","width":480,"height":120,"caption":"Sacra Arquidiocese de Buenos Aires e Am\u00e9rica do Sul | Patriarcado Ecum\u00eanico"},"image":{"@id":"https:\/\/news.ecclesia.org.br\/#\/schema\/logo\/image\/"},"sameAs":["https:\/\/www.facebook.com\/Ecclesia2025","https:\/\/x.com\/EcclesiaNews","https:\/\/br.pinterest.com\/ekklisia\/","https:\/\/www.youtube.com\/@EcclesiaBrasil"]},{"@type":"Person","@id":"https:\/\/news.ecclesia.org.br\/#\/schema\/person\/6f09597f025829745ba414a569f63758","name":"Pe. Andr\u00e9","image":{"@type":"ImageObject","inLanguage":"pt-BR","@id":"https:\/\/secure.gravatar.com\/avatar\/b4327cfa27e9799da239a26adcd534fc29cdc0c4a4a148eecbcfeb9b42c617ac?s=96&d=mm&r=g","url":"https:\/\/secure.gravatar.com\/avatar\/b4327cfa27e9799da239a26adcd534fc29cdc0c4a4a148eecbcfeb9b42c617ac?s=96&d=mm&r=g","contentUrl":"https:\/\/secure.gravatar.com\/avatar\/b4327cfa27e9799da239a26adcd534fc29cdc0c4a4a148eecbcfeb9b42c617ac?s=96&d=mm&r=g","caption":"Pe. Andr\u00e9"},"sameAs":["https:\/\/www.ecclesia.org.br"]}]}},"_links":{"self":[{"href":"https:\/\/news.ecclesia.org.br\/index.php?rest_route=\/wp\/v2\/posts\/24979","targetHints":{"allow":["GET"]}}],"collection":[{"href":"https:\/\/news.ecclesia.org.br\/index.php?rest_route=\/wp\/v2\/posts"}],"about":[{"href":"https:\/\/news.ecclesia.org.br\/index.php?rest_route=\/wp\/v2\/types\/post"}],"author":[{"embeddable":true,"href":"https:\/\/news.ecclesia.org.br\/index.php?rest_route=\/wp\/v2\/users\/1"}],"replies":[{"embeddable":true,"href":"https:\/\/news.ecclesia.org.br\/index.php?rest_route=%2Fwp%2Fv2%2Fcomments&post=24979"}],"version-history":[{"count":0,"href":"https:\/\/news.ecclesia.org.br\/index.php?rest_route=\/wp\/v2\/posts\/24979\/revisions"}],"wp:attachment":[{"href":"https:\/\/news.ecclesia.org.br\/index.php?rest_route=%2Fwp%2Fv2%2Fmedia&parent=24979"}],"wp:term":[{"taxonomy":"category","embeddable":true,"href":"https:\/\/news.ecclesia.org.br\/index.php?rest_route=%2Fwp%2Fv2%2Fcategories&post=24979"},{"taxonomy":"post_tag","embeddable":true,"href":"https:\/\/news.ecclesia.org.br\/index.php?rest_route=%2Fwp%2Fv2%2Ftags&post=24979"}],"curies":[{"name":"wp","href":"https:\/\/api.w.org\/{rel}","templated":true}]}}