{"id":24977,"date":"2015-06-26T17:29:39","date_gmt":"2015-06-26T17:29:39","guid":{"rendered":"https:\/\/news.ecclesia.org.br\/2013\/?p=24977"},"modified":"2018-04-21T17:31:57","modified_gmt":"2018-04-21T17:31:57","slug":"a-plena-comunhao-com-a-igreja-ortodoxa-e-uma-das-minhas-principais-preocupacoes","status":"publish","type":"post","link":"https:\/\/news.ecclesia.org.br\/?p=24977","title":{"rendered":"\u00abA PLENA COMUNH\u00c3O COM A IGREJA ORTODOXA \u00c9 UMA DAS MINHAS PRINCIPAIS PREOCUPA\u00c7\u00d5ES\u00bb"},"content":{"rendered":"<h5 style=\"text-align: justify;\">O Papa recebeu a Delega\u00e7\u00e3o do Patriarcado Ecum\u00eanico de Constantinopla, que chegou, como de tradi\u00e7\u00e3o, a Roma por ocasi\u00e3o da solenidade dos Santos Ap\u00f3stolos Pedro e Paulo.<\/h5>\n<p style=\"text-align: justify;\"><a href=\"https:\/\/news.ecclesia.org.br\/2013\/wp-content\/uploads\/2015\/06\/390-610x401-1.jpg\" rel=\"attachment wp-att-7585\"><img fetchpriority=\"high\" decoding=\"async\" class=\"alignleft size-medium wp-image-7585\" src=\"https:\/\/news.ecclesia.org.br\/2013\/wp-content\/uploads\/2015\/06\/390-610x401-1-300x197.jpg\" alt=\"390-610x401\" width=\"300\" height=\"197\" srcset=\"https:\/\/news.ecclesia.org.br\/wp-content\/uploads\/2015\/06\/390-610x401-1-300x197.jpg 300w, https:\/\/news.ecclesia.org.br\/wp-content\/uploads\/2015\/06\/390-610x401-1-84x55.jpg 84w, https:\/\/news.ecclesia.org.br\/wp-content\/uploads\/2015\/06\/390-610x401-1-60x40.jpg 60w, https:\/\/news.ecclesia.org.br\/wp-content\/uploads\/2015\/06\/390-610x401-1-120x80.jpg 120w, https:\/\/news.ecclesia.org.br\/wp-content\/uploads\/2015\/06\/390-610x401-1.jpg 610w\" sizes=\"(max-width: 300px) 100vw, 300px\" \/><\/a>Alcan\u00e7ar a plena comunh\u00e3o entre cat\u00f3licos e ortodoxos, disse o Papa Francisco, \u00abrepresenta uma de minhas principais preocupa\u00e7\u00f5es, pela qual nunca deixo de rezar a Deus. Portanto, desejo que possam multiplicar-se as ocasi\u00f5es de encontro, de interc\u00e2mbio e de colabora\u00e7\u00e3o entre os fi\u00e9is cat\u00f3licos e ortodoxos, de modo que, aprofundando o conhecimento e a estima rec\u00edprocas, sejamos capazes de superar todo preconceito e incompreens\u00e3o, legado de uma longa separa\u00e7\u00e3o, e afrontar, na verdade, por\u00e9m com esp\u00edrito fraterno, as dificuldades que ainda existem\u00bb.<\/p>\n<p style=\"text-align: justify;\">Nesta manh\u00e3 o Papa pronunciou um breve discurso perante os membros da Delega\u00e7\u00e3o do Patriarcado Ecum\u00eanico de Constantinopla, que veio, como \u00e9 de tradi\u00e7\u00e3o, a Roma por ocasi\u00e3o da solenidade dos Santos Ap\u00f3stolos Pedro e Paulo. Liderava a Delega\u00e7\u00e3o enviada por Sua Santidade o Patriarca Ecum\u00eanico Bartolomeu I, Sua Emin\u00eancia Ioannis (Zizioulas), Metropolita de P\u00e9rgamo, e com ele sua Emin\u00eancia M\u00e1ximos, metropolitana de Silyvria e o reverendo padre Heikki Hutten, da Igreja Ortodoxa da Finl\u00e2ndia.<\/p>\n<p style=\"text-align: justify;\">Depois de recordar com gratid\u00e3o \u00aba calorosa acolhida que me foi reservada no Fanar, meu amado irm\u00e3o Bartolomeu, o clero e os fi\u00e9is do Patriarcado ecum\u00eanico, por ocasi\u00e3o da festa de Santo Andr\u00e9\u00bb, em novembro do ano passado, o Papa quis insistir em seu apoio ao \u00abprecioso\u00bb trabalho da Comiss\u00e3o Mista Internacional para o di\u00e1logo teol\u00f3gico entre a Igreja Cat\u00f3lica e a Igreja Ortodoxa.<\/p>\n<p style=\"text-align: justify;\">Observou ainda o Pont\u00edfice que:<\/p>\n<blockquote>\n<p style=\"text-align: justify;\">\u00abProblemas que se pode encontrar no caminho do di\u00e1logo teol\u00f3gico n\u00e3o devem induzir ao des\u00e2nimo ou resigna\u00e7\u00e3o\u00bb. O atento exame sobre como se articulam na vida da igreja, o princ\u00edpio da sinodalidade e o servi\u00e7o daquele que preside, oferecer\u00e1 uma contribui\u00e7\u00e3o significativa para o progresso das rela\u00e7\u00f5es entre nossas igrejas\u00bb.<\/p>\n<\/blockquote>\n<p style=\"text-align: justify;\">E, enquanto assegurou sua ora\u00e7\u00e3o pelo S\u00ednodo Pan-Ortodoxo, disse que tamb\u00e9m confia nas ora\u00e7\u00f5es dos ortodoxos pela Assembleia Ordin\u00e1ria do S\u00ednodo dos Bispos da Igreja Cat\u00f3lica, sobre o tema da fam\u00edlia, que se realizar\u00e1 no Vaticano no m\u00eas de outubro e em que, lembrou, \u00abEsperamos a participa\u00e7\u00e3o de um Delegado fraterno do Patriarcado Ecum\u00eanico\u00bb.<\/p>\n<hr \/>\n<p style=\"text-align: right;\">Fonte: <a href=\"http:\/\/vaticaninsider.lastampa.it\/es\/vaticano\/dettagliospain\/articolo\/ecumenismo-ecumenism-ecumenismo-42024\/\" target=\"_blank\" rel=\"noopener\">Vatican Insider<\/a><br \/>\nTrad. por Pe. Andr\u00e9<\/p>\n","protected":false},"excerpt":{"rendered":"<p>O Papa recebeu a Delega\u00e7\u00e3o do Patriarcado Ecum\u00eanico de Constantinopla, que chegou, como de tradi\u00e7\u00e3o, a Roma por ocasi\u00e3o da solenidade dos Santos Ap\u00f3stolos Pedro e Paulo. Alcan\u00e7ar a plena comunh\u00e3o entre cat\u00f3licos e ortodoxos, disse o Papa Francisco, \u00abrepresenta&#8230;<\/p>\n","protected":false},"author":1,"featured_media":7585,"comment_status":"open","ping_status":"open","sticky":false,"template":"","format":"standard","meta":{"_acf_changed":false,"footnotes":""},"categories":[3,72],"tags":[],"class_list":["post-24977","post","type-post","status-publish","format-standard","has-post-thumbnail","hentry","category-mundo","category-patriarcado-ecumenico","entry","rows-excerpt"],"acf":[],"yoast_head":"<!-- This site is optimized with the Yoast SEO plugin v27.4 - https:\/\/yoast.com\/product\/yoast-seo-wordpress\/ -->\n<title>\u00abA PLENA COMUNH\u00c3O COM A IGREJA ORTODOXA \u00c9 UMA DAS MINHAS PRINCIPAIS PREOCUPA\u00c7\u00d5ES\u00bb | ECCLESIA NEWS<\/title>\n<meta name=\"robots\" content=\"index, follow, max-snippet:-1, max-image-preview:large, max-video-preview:-1\" \/>\n<link rel=\"canonical\" href=\"https:\/\/news.ecclesia.org.br\/?p=24977\" \/>\n<meta property=\"og:locale\" content=\"pt_BR\" \/>\n<meta property=\"og:type\" content=\"article\" \/>\n<meta property=\"og:title\" content=\"\u00abA PLENA COMUNH\u00c3O COM A IGREJA ORTODOXA \u00c9 UMA DAS MINHAS PRINCIPAIS PREOCUPA\u00c7\u00d5ES\u00bb | ECCLESIA NEWS\" \/>\n<meta property=\"og:description\" content=\"O Papa recebeu a Delega\u00e7\u00e3o do Patriarcado Ecum\u00eanico de Constantinopla, que chegou, como de tradi\u00e7\u00e3o, a Roma por ocasi\u00e3o da solenidade dos Santos Ap\u00f3stolos Pedro e Paulo. Alcan\u00e7ar a plena comunh\u00e3o entre cat\u00f3licos e ortodoxos, disse o Papa Francisco, \u00abrepresenta&#8230;\" \/>\n<meta property=\"og:url\" content=\"https:\/\/news.ecclesia.org.br\/?p=24977\" \/>\n<meta property=\"og:site_name\" content=\"ECCLESIA NEWS\" \/>\n<meta property=\"article:publisher\" content=\"https:\/\/www.facebook.com\/Ecclesia2025\" \/>\n<meta property=\"article:published_time\" content=\"2015-06-26T17:29:39+00:00\" \/>\n<meta property=\"article:modified_time\" content=\"2018-04-21T17:31:57+00:00\" \/>\n<meta property=\"og:image\" content=\"https:\/\/news.ecclesia.org.br\/wp-content\/uploads\/2015\/06\/390-610x401-1.jpg\" \/>\n\t<meta property=\"og:image:width\" content=\"610\" \/>\n\t<meta property=\"og:image:height\" content=\"401\" \/>\n\t<meta property=\"og:image:type\" content=\"image\/jpeg\" \/>\n<meta name=\"author\" content=\"Pe. Andr\u00e9\" \/>\n<meta name=\"twitter:card\" content=\"summary_large_image\" \/>\n<meta name=\"twitter:creator\" content=\"@EcclesiaNews\" \/>\n<meta name=\"twitter:site\" content=\"@EcclesiaNews\" \/>\n<meta name=\"twitter:label1\" content=\"Escrito por\" \/>\n\t<meta name=\"twitter:data1\" content=\"Pe. Andr\u00e9\" \/>\n\t<meta name=\"twitter:label2\" content=\"Est. tempo de leitura\" \/>\n\t<meta name=\"twitter:data2\" content=\"2 minutos\" \/>\n<script type=\"application\/ld+json\" class=\"yoast-schema-graph\">{\"@context\":\"https:\\\/\\\/schema.org\",\"@graph\":[{\"@type\":\"Article\",\"@id\":\"https:\\\/\\\/news.ecclesia.org.br\\\/?p=24977#article\",\"isPartOf\":{\"@id\":\"https:\\\/\\\/news.ecclesia.org.br\\\/?p=24977\"},\"author\":{\"name\":\"Pe. Andr\u00e9\",\"@id\":\"https:\\\/\\\/news.ecclesia.org.br\\\/#\\\/schema\\\/person\\\/6f09597f025829745ba414a569f63758\"},\"headline\":\"\u00abA PLENA COMUNH\u00c3O COM A IGREJA ORTODOXA \u00c9 UMA DAS MINHAS PRINCIPAIS PREOCUPA\u00c7\u00d5ES\u00bb\",\"datePublished\":\"2015-06-26T17:29:39+00:00\",\"dateModified\":\"2018-04-21T17:31:57+00:00\",\"mainEntityOfPage\":{\"@id\":\"https:\\\/\\\/news.ecclesia.org.br\\\/?p=24977\"},\"wordCount\":438,\"commentCount\":0,\"publisher\":{\"@id\":\"https:\\\/\\\/news.ecclesia.org.br\\\/#organization\"},\"image\":{\"@id\":\"https:\\\/\\\/news.ecclesia.org.br\\\/?p=24977#primaryimage\"},\"thumbnailUrl\":\"https:\\\/\\\/news.ecclesia.org.br\\\/wp-content\\\/uploads\\\/2015\\\/06\\\/390-610x401-1.jpg\",\"articleSection\":[\"Mundo Ortodoxo\",\"Patriarcado Ecum\u00eanico\"],\"inLanguage\":\"pt-BR\",\"potentialAction\":[{\"@type\":\"CommentAction\",\"name\":\"Comment\",\"target\":[\"https:\\\/\\\/news.ecclesia.org.br\\\/?p=24977#respond\"]}]},{\"@type\":\"WebPage\",\"@id\":\"https:\\\/\\\/news.ecclesia.org.br\\\/?p=24977\",\"url\":\"https:\\\/\\\/news.ecclesia.org.br\\\/?p=24977\",\"name\":\"\u00abA PLENA COMUNH\u00c3O COM A IGREJA ORTODOXA \u00c9 UMA DAS MINHAS PRINCIPAIS PREOCUPA\u00c7\u00d5ES\u00bb | ECCLESIA NEWS\",\"isPartOf\":{\"@id\":\"https:\\\/\\\/news.ecclesia.org.br\\\/#website\"},\"primaryImageOfPage\":{\"@id\":\"https:\\\/\\\/news.ecclesia.org.br\\\/?p=24977#primaryimage\"},\"image\":{\"@id\":\"https:\\\/\\\/news.ecclesia.org.br\\\/?p=24977#primaryimage\"},\"thumbnailUrl\":\"https:\\\/\\\/news.ecclesia.org.br\\\/wp-content\\\/uploads\\\/2015\\\/06\\\/390-610x401-1.jpg\",\"datePublished\":\"2015-06-26T17:29:39+00:00\",\"dateModified\":\"2018-04-21T17:31:57+00:00\",\"breadcrumb\":{\"@id\":\"https:\\\/\\\/news.ecclesia.org.br\\\/?p=24977#breadcrumb\"},\"inLanguage\":\"pt-BR\",\"potentialAction\":[{\"@type\":\"ReadAction\",\"target\":[\"https:\\\/\\\/news.ecclesia.org.br\\\/?p=24977\"]}]},{\"@type\":\"ImageObject\",\"inLanguage\":\"pt-BR\",\"@id\":\"https:\\\/\\\/news.ecclesia.org.br\\\/?p=24977#primaryimage\",\"url\":\"https:\\\/\\\/news.ecclesia.org.br\\\/wp-content\\\/uploads\\\/2015\\\/06\\\/390-610x401-1.jpg\",\"contentUrl\":\"https:\\\/\\\/news.ecclesia.org.br\\\/wp-content\\\/uploads\\\/2015\\\/06\\\/390-610x401-1.jpg\",\"width\":610,\"height\":401},{\"@type\":\"BreadcrumbList\",\"@id\":\"https:\\\/\\\/news.ecclesia.org.br\\\/?p=24977#breadcrumb\",\"itemListElement\":[{\"@type\":\"ListItem\",\"position\":1,\"name\":\"In\u00edcio\",\"item\":\"https:\\\/\\\/news.ecclesia.org.br\\\/\"},{\"@type\":\"ListItem\",\"position\":2,\"name\":\"\u00abA PLENA COMUNH\u00c3O COM A IGREJA ORTODOXA \u00c9 UMA DAS MINHAS PRINCIPAIS PREOCUPA\u00c7\u00d5ES\u00bb\"}]},{\"@type\":\"WebSite\",\"@id\":\"https:\\\/\\\/news.ecclesia.org.br\\\/#website\",\"url\":\"https:\\\/\\\/news.ecclesia.org.br\\\/\",\"name\":\"Ecclesia Brasil\",\"description\":\"Desde 2003 onectando o Brasil ao mundo ortodoxo!\",\"publisher\":{\"@id\":\"https:\\\/\\\/news.ecclesia.org.br\\\/#organization\"},\"alternateName\":\"Ecclesia\",\"potentialAction\":[{\"@type\":\"SearchAction\",\"target\":{\"@type\":\"EntryPoint\",\"urlTemplate\":\"https:\\\/\\\/news.ecclesia.org.br\\\/?s={search_term_string}\"},\"query-input\":{\"@type\":\"PropertyValueSpecification\",\"valueRequired\":true,\"valueName\":\"search_term_string\"}}],\"inLanguage\":\"pt-BR\"},{\"@type\":\"Organization\",\"@id\":\"https:\\\/\\\/news.ecclesia.org.br\\\/#organization\",\"name\":\"Sacra Arquidiocese de Buenos Aires e Am\u00e9rica do Sul | Patriarcado Ecum\u00eanico\",\"alternateName\":\"News Ecclesia Brasil\",\"url\":\"https:\\\/\\\/news.ecclesia.org.br\\\/\",\"logo\":{\"@type\":\"ImageObject\",\"inLanguage\":\"pt-BR\",\"@id\":\"https:\\\/\\\/news.ecclesia.org.br\\\/#\\\/schema\\\/logo\\\/image\\\/\",\"url\":\"https:\\\/\\\/news.ecclesia.org.br\\\/wp-content\\\/uploads\\\/2025\\\/05\\\/ecclesia2.png\",\"contentUrl\":\"https:\\\/\\\/news.ecclesia.org.br\\\/wp-content\\\/uploads\\\/2025\\\/05\\\/ecclesia2.png\",\"width\":480,\"height\":120,\"caption\":\"Sacra Arquidiocese de Buenos Aires e Am\u00e9rica do Sul | Patriarcado Ecum\u00eanico\"},\"image\":{\"@id\":\"https:\\\/\\\/news.ecclesia.org.br\\\/#\\\/schema\\\/logo\\\/image\\\/\"},\"sameAs\":[\"https:\\\/\\\/www.facebook.com\\\/Ecclesia2025\",\"https:\\\/\\\/x.com\\\/EcclesiaNews\",\"https:\\\/\\\/br.pinterest.com\\\/ekklisia\\\/\",\"https:\\\/\\\/www.youtube.com\\\/@EcclesiaBrasil\"]},{\"@type\":\"Person\",\"@id\":\"https:\\\/\\\/news.ecclesia.org.br\\\/#\\\/schema\\\/person\\\/6f09597f025829745ba414a569f63758\",\"name\":\"Pe. Andr\u00e9\",\"image\":{\"@type\":\"ImageObject\",\"inLanguage\":\"pt-BR\",\"@id\":\"https:\\\/\\\/secure.gravatar.com\\\/avatar\\\/b4327cfa27e9799da239a26adcd534fc29cdc0c4a4a148eecbcfeb9b42c617ac?s=96&d=mm&r=g\",\"url\":\"https:\\\/\\\/secure.gravatar.com\\\/avatar\\\/b4327cfa27e9799da239a26adcd534fc29cdc0c4a4a148eecbcfeb9b42c617ac?s=96&d=mm&r=g\",\"contentUrl\":\"https:\\\/\\\/secure.gravatar.com\\\/avatar\\\/b4327cfa27e9799da239a26adcd534fc29cdc0c4a4a148eecbcfeb9b42c617ac?s=96&d=mm&r=g\",\"caption\":\"Pe. Andr\u00e9\"},\"sameAs\":[\"https:\\\/\\\/www.ecclesia.org.br\"]}]}<\/script>\n<!-- \/ Yoast SEO plugin. -->","yoast_head_json":{"title":"\u00abA PLENA COMUNH\u00c3O COM A IGREJA ORTODOXA \u00c9 UMA DAS MINHAS PRINCIPAIS PREOCUPA\u00c7\u00d5ES\u00bb | ECCLESIA NEWS","robots":{"index":"index","follow":"follow","max-snippet":"max-snippet:-1","max-image-preview":"max-image-preview:large","max-video-preview":"max-video-preview:-1"},"canonical":"https:\/\/news.ecclesia.org.br\/?p=24977","og_locale":"pt_BR","og_type":"article","og_title":"\u00abA PLENA COMUNH\u00c3O COM A IGREJA ORTODOXA \u00c9 UMA DAS MINHAS PRINCIPAIS PREOCUPA\u00c7\u00d5ES\u00bb | ECCLESIA NEWS","og_description":"O Papa recebeu a Delega\u00e7\u00e3o do Patriarcado Ecum\u00eanico de Constantinopla, que chegou, como de tradi\u00e7\u00e3o, a Roma por ocasi\u00e3o da solenidade dos Santos Ap\u00f3stolos Pedro e Paulo. Alcan\u00e7ar a plena comunh\u00e3o entre cat\u00f3licos e ortodoxos, disse o Papa Francisco, \u00abrepresenta&#8230;","og_url":"https:\/\/news.ecclesia.org.br\/?p=24977","og_site_name":"ECCLESIA NEWS","article_publisher":"https:\/\/www.facebook.com\/Ecclesia2025","article_published_time":"2015-06-26T17:29:39+00:00","article_modified_time":"2018-04-21T17:31:57+00:00","og_image":[{"width":610,"height":401,"url":"https:\/\/news.ecclesia.org.br\/wp-content\/uploads\/2015\/06\/390-610x401-1.jpg","type":"image\/jpeg"}],"author":"Pe. Andr\u00e9","twitter_card":"summary_large_image","twitter_creator":"@EcclesiaNews","twitter_site":"@EcclesiaNews","twitter_misc":{"Escrito por":"Pe. Andr\u00e9","Est. tempo de leitura":"2 minutos"},"schema":{"@context":"https:\/\/schema.org","@graph":[{"@type":"Article","@id":"https:\/\/news.ecclesia.org.br\/?p=24977#article","isPartOf":{"@id":"https:\/\/news.ecclesia.org.br\/?p=24977"},"author":{"name":"Pe. Andr\u00e9","@id":"https:\/\/news.ecclesia.org.br\/#\/schema\/person\/6f09597f025829745ba414a569f63758"},"headline":"\u00abA PLENA COMUNH\u00c3O COM A IGREJA ORTODOXA \u00c9 UMA DAS MINHAS PRINCIPAIS PREOCUPA\u00c7\u00d5ES\u00bb","datePublished":"2015-06-26T17:29:39+00:00","dateModified":"2018-04-21T17:31:57+00:00","mainEntityOfPage":{"@id":"https:\/\/news.ecclesia.org.br\/?p=24977"},"wordCount":438,"commentCount":0,"publisher":{"@id":"https:\/\/news.ecclesia.org.br\/#organization"},"image":{"@id":"https:\/\/news.ecclesia.org.br\/?p=24977#primaryimage"},"thumbnailUrl":"https:\/\/news.ecclesia.org.br\/wp-content\/uploads\/2015\/06\/390-610x401-1.jpg","articleSection":["Mundo Ortodoxo","Patriarcado Ecum\u00eanico"],"inLanguage":"pt-BR","potentialAction":[{"@type":"CommentAction","name":"Comment","target":["https:\/\/news.ecclesia.org.br\/?p=24977#respond"]}]},{"@type":"WebPage","@id":"https:\/\/news.ecclesia.org.br\/?p=24977","url":"https:\/\/news.ecclesia.org.br\/?p=24977","name":"\u00abA PLENA COMUNH\u00c3O COM A IGREJA ORTODOXA \u00c9 UMA DAS MINHAS PRINCIPAIS PREOCUPA\u00c7\u00d5ES\u00bb | ECCLESIA NEWS","isPartOf":{"@id":"https:\/\/news.ecclesia.org.br\/#website"},"primaryImageOfPage":{"@id":"https:\/\/news.ecclesia.org.br\/?p=24977#primaryimage"},"image":{"@id":"https:\/\/news.ecclesia.org.br\/?p=24977#primaryimage"},"thumbnailUrl":"https:\/\/news.ecclesia.org.br\/wp-content\/uploads\/2015\/06\/390-610x401-1.jpg","datePublished":"2015-06-26T17:29:39+00:00","dateModified":"2018-04-21T17:31:57+00:00","breadcrumb":{"@id":"https:\/\/news.ecclesia.org.br\/?p=24977#breadcrumb"},"inLanguage":"pt-BR","potentialAction":[{"@type":"ReadAction","target":["https:\/\/news.ecclesia.org.br\/?p=24977"]}]},{"@type":"ImageObject","inLanguage":"pt-BR","@id":"https:\/\/news.ecclesia.org.br\/?p=24977#primaryimage","url":"https:\/\/news.ecclesia.org.br\/wp-content\/uploads\/2015\/06\/390-610x401-1.jpg","contentUrl":"https:\/\/news.ecclesia.org.br\/wp-content\/uploads\/2015\/06\/390-610x401-1.jpg","width":610,"height":401},{"@type":"BreadcrumbList","@id":"https:\/\/news.ecclesia.org.br\/?p=24977#breadcrumb","itemListElement":[{"@type":"ListItem","position":1,"name":"In\u00edcio","item":"https:\/\/news.ecclesia.org.br\/"},{"@type":"ListItem","position":2,"name":"\u00abA PLENA COMUNH\u00c3O COM A IGREJA ORTODOXA \u00c9 UMA DAS MINHAS PRINCIPAIS PREOCUPA\u00c7\u00d5ES\u00bb"}]},{"@type":"WebSite","@id":"https:\/\/news.ecclesia.org.br\/#website","url":"https:\/\/news.ecclesia.org.br\/","name":"Ecclesia Brasil","description":"Desde 2003 onectando o Brasil ao mundo ortodoxo!","publisher":{"@id":"https:\/\/news.ecclesia.org.br\/#organization"},"alternateName":"Ecclesia","potentialAction":[{"@type":"SearchAction","target":{"@type":"EntryPoint","urlTemplate":"https:\/\/news.ecclesia.org.br\/?s={search_term_string}"},"query-input":{"@type":"PropertyValueSpecification","valueRequired":true,"valueName":"search_term_string"}}],"inLanguage":"pt-BR"},{"@type":"Organization","@id":"https:\/\/news.ecclesia.org.br\/#organization","name":"Sacra Arquidiocese de Buenos Aires e Am\u00e9rica do Sul | Patriarcado Ecum\u00eanico","alternateName":"News Ecclesia Brasil","url":"https:\/\/news.ecclesia.org.br\/","logo":{"@type":"ImageObject","inLanguage":"pt-BR","@id":"https:\/\/news.ecclesia.org.br\/#\/schema\/logo\/image\/","url":"https:\/\/news.ecclesia.org.br\/wp-content\/uploads\/2025\/05\/ecclesia2.png","contentUrl":"https:\/\/news.ecclesia.org.br\/wp-content\/uploads\/2025\/05\/ecclesia2.png","width":480,"height":120,"caption":"Sacra Arquidiocese de Buenos Aires e Am\u00e9rica do Sul | Patriarcado Ecum\u00eanico"},"image":{"@id":"https:\/\/news.ecclesia.org.br\/#\/schema\/logo\/image\/"},"sameAs":["https:\/\/www.facebook.com\/Ecclesia2025","https:\/\/x.com\/EcclesiaNews","https:\/\/br.pinterest.com\/ekklisia\/","https:\/\/www.youtube.com\/@EcclesiaBrasil"]},{"@type":"Person","@id":"https:\/\/news.ecclesia.org.br\/#\/schema\/person\/6f09597f025829745ba414a569f63758","name":"Pe. Andr\u00e9","image":{"@type":"ImageObject","inLanguage":"pt-BR","@id":"https:\/\/secure.gravatar.com\/avatar\/b4327cfa27e9799da239a26adcd534fc29cdc0c4a4a148eecbcfeb9b42c617ac?s=96&d=mm&r=g","url":"https:\/\/secure.gravatar.com\/avatar\/b4327cfa27e9799da239a26adcd534fc29cdc0c4a4a148eecbcfeb9b42c617ac?s=96&d=mm&r=g","contentUrl":"https:\/\/secure.gravatar.com\/avatar\/b4327cfa27e9799da239a26adcd534fc29cdc0c4a4a148eecbcfeb9b42c617ac?s=96&d=mm&r=g","caption":"Pe. Andr\u00e9"},"sameAs":["https:\/\/www.ecclesia.org.br"]}]}},"_links":{"self":[{"href":"https:\/\/news.ecclesia.org.br\/index.php?rest_route=\/wp\/v2\/posts\/24977","targetHints":{"allow":["GET"]}}],"collection":[{"href":"https:\/\/news.ecclesia.org.br\/index.php?rest_route=\/wp\/v2\/posts"}],"about":[{"href":"https:\/\/news.ecclesia.org.br\/index.php?rest_route=\/wp\/v2\/types\/post"}],"author":[{"embeddable":true,"href":"https:\/\/news.ecclesia.org.br\/index.php?rest_route=\/wp\/v2\/users\/1"}],"replies":[{"embeddable":true,"href":"https:\/\/news.ecclesia.org.br\/index.php?rest_route=%2Fwp%2Fv2%2Fcomments&post=24977"}],"version-history":[{"count":0,"href":"https:\/\/news.ecclesia.org.br\/index.php?rest_route=\/wp\/v2\/posts\/24977\/revisions"}],"wp:featuredmedia":[{"embeddable":true,"href":"https:\/\/news.ecclesia.org.br\/index.php?rest_route=\/wp\/v2\/media\/7585"}],"wp:attachment":[{"href":"https:\/\/news.ecclesia.org.br\/index.php?rest_route=%2Fwp%2Fv2%2Fmedia&parent=24977"}],"wp:term":[{"taxonomy":"category","embeddable":true,"href":"https:\/\/news.ecclesia.org.br\/index.php?rest_route=%2Fwp%2Fv2%2Fcategories&post=24977"},{"taxonomy":"post_tag","embeddable":true,"href":"https:\/\/news.ecclesia.org.br\/index.php?rest_route=%2Fwp%2Fv2%2Ftags&post=24977"}],"curies":[{"name":"wp","href":"https:\/\/api.w.org\/{rel}","templated":true}]}}