{"id":24971,"date":"2018-04-19T18:21:57","date_gmt":"2018-04-19T18:21:57","guid":{"rendered":"https:\/\/news.ecclesia.org.br\/2013\/?p=24971"},"modified":"2018-04-19T22:51:02","modified_gmt":"2018-04-19T22:51:02","slug":"cmi-reitera-o-seu-apelo-a-um-sessar-fogo-na-siria","status":"publish","type":"post","link":"https:\/\/news.ecclesia.org.br\/?p=24971","title":{"rendered":"CMI reitera o seu apelo a um sessar fogo na S\u00edria"},"content":{"rendered":"<figure id=\"attachment_24972\" aria-describedby=\"caption-attachment-24972\" style=\"width: 300px\" class=\"wp-caption alignleft\"><a href=\"https:\/\/news.ecclesia.org.br\/2013\/wp-content\/uploads\/2018\/04\/CMI.jpg\"><img fetchpriority=\"high\" decoding=\"async\" class=\"size-medium wp-image-24972\" src=\"https:\/\/news.ecclesia.org.br\/2013\/wp-content\/uploads\/2018\/04\/CMI-300x195.jpg\" alt=\"\" width=\"300\" height=\"195\" srcset=\"https:\/\/news.ecclesia.org.br\/wp-content\/uploads\/2018\/04\/CMI-300x195.jpg 300w, https:\/\/news.ecclesia.org.br\/wp-content\/uploads\/2018\/04\/CMI-768x500.jpg 768w, https:\/\/news.ecclesia.org.br\/wp-content\/uploads\/2018\/04\/CMI-600x391.jpg 600w, https:\/\/news.ecclesia.org.br\/wp-content\/uploads\/2018\/04\/CMI-84x55.jpg 84w, https:\/\/news.ecclesia.org.br\/wp-content\/uploads\/2018\/04\/CMI-60x40.jpg 60w, https:\/\/news.ecclesia.org.br\/wp-content\/uploads\/2018\/04\/CMI.jpg 800w\" sizes=\"(max-width: 300px) 100vw, 300px\" \/><\/a><figcaption id=\"caption-attachment-24972\" class=\"wp-caption-text\">Foto: Peter Williams\/WCC<\/figcaption><\/figure>\n<p style=\"text-align: justify;\">16 de abril de 2018 \u2014 Num comunicado datado de 16 de abril, o Conselho Mundial de Igrejas (CMI) instou a comunidade internacional a encontrar uma solu\u00e7\u00e3o para quebrar o ciclo da viol\u00eancia na S\u00edria. A declara\u00e7\u00e3o vem dois dias depois que os Estados Unidos da Am\u00e9rica, Fran\u00e7a e Reino Unido realizaram ataques com m\u00edsseis, ap\u00f3s um suposto ataque com armas qu\u00edmicas por parte do governo s\u00edrio.<\/p>\n<p style=\"text-align: justify;\">&#8220;Uma paz justa e sustent\u00e1vel para todos os s\u00edrios s\u00f3 pode ser alcan\u00e7ada atrav\u00e9s de uma solu\u00e7\u00e3o pol\u00edtica&#8221;, diz a declara\u00e7\u00e3o do CMI. &#8220;\u00c9 intoler\u00e1vel que ainda se estejam cometendo atrocidades contra a popula\u00e7\u00e3o civil. Em v\u00e1rias ocasi\u00f5es, o Conselho de Seguran\u00e7a das Na\u00e7\u00f5es Unidas n\u00e3o conseguiu adotar medidas suficientemente contundentes e coerentes para p\u00f4r fim a essas atrocidades, implementar um cessar-fogo duradouro, garantir o respeito ao direito internacional e a responsabiliza\u00e7\u00e3o de todos aqueles que cometeram crimes de guerra e crimes contra a humanidade, em particular, o uso de armas qu\u00edmicas &#8220;.<\/p>\n<p style=\"text-align: justify;\">Ante o recrudescimento do conflito, o CMI reiterou seus apelos anteriores a um cessar-fogo imediato, o acesso humanit\u00e1rio incondicional a todas as regi\u00f5es da S\u00edria, o compromisso de todas as partes de respeitar o direito internacional e de buscar a paz atrav\u00e9s do di\u00e1logo e de um processo pol\u00edtico \u2014 e n\u00e3o atrav\u00e9s da for\u00e7a armada \u2014, a retomada do processo de paz de Genebra conduzido pela ONU e o pronto retorno em condi\u00e7\u00f5es de seguran\u00e7a e dignidade para todos os civis que foram deslocadas pela for\u00e7a de suas casas e terras.<\/p>\n<p style=\"text-align: justify;\">&#8220;As igrejas membros do CMI na S\u00edria e na regi\u00e3o ter\u00e3o um papel importante, sarando as mem\u00f3rias feridas e unindo os s\u00edrios em torno de uma hist\u00f3ria comum, para a preserva\u00e7\u00e3o da rica diversidade da S\u00edria e a restaura\u00e7\u00e3o de sua coes\u00e3o social&#8221;. Nesse sentido, o WCC garante \u00e0s igrejas da S\u00edria que a fam\u00edlia ecum\u00eanica ir\u00e1 acompanh\u00e1-los e a todo o povo s\u00edrio nesse caminho, em seus esfor\u00e7os por uma paz justa e pela e dignidade humana&#8221;.<\/p>\n<p>Fonte: <a href=\"https:\/\/www.oikoumene.org\/es\/\" target=\"_blank\" rel=\"noopener\">CMI<\/a><\/p>\n<hr \/>\n<ol style=\"text-align: justify;\">\n<li><a href=\"https:\/\/www.oikoumene.org\/es\/resources\/documents\/general-secretary\/statement-on-situation-in-syria\/\" target=\"_blank\" rel=\"noopener\">Declaraci\u00f3n del CMI sobre Siria, 16 de abril de 2018<\/a><\/li>\n<li><a href=\"https:\/\/www.oikoumene.org\/es\/press-centre\/en\/resources\/documents\/statement-of-the-wcc-general-secretary-on-syria-26-february-2018\" target=\"_blank\" rel=\"noopener\">Declaraci\u00f3n del CMI sobre Siria, 26 de febrero de 2018 (disponible en ingl\u00e9s y en \u00e1rabe)<\/a><\/li>\n<\/ol>\n","protected":false},"excerpt":{"rendered":"<p>16 de abril de 2018 \u2014 Num comunicado datado de 16 de abril, o Conselho Mundial de Igrejas (CMI) instou a comunidade internacional a encontrar uma solu\u00e7\u00e3o para quebrar o ciclo da viol\u00eancia na S\u00edria. A declara\u00e7\u00e3o vem dois dias&#8230;<\/p>\n","protected":false},"author":1,"featured_media":24972,"comment_status":"open","ping_status":"open","sticky":false,"template":"","format":"standard","meta":{"_acf_changed":false,"footnotes":""},"categories":[1],"tags":[],"class_list":["post-24971","post","type-post","status-publish","format-standard","has-post-thumbnail","hentry","category-news","entry","rows-excerpt"],"acf":[],"yoast_head":"<!-- This site is optimized with the Yoast SEO plugin v27.4 - https:\/\/yoast.com\/product\/yoast-seo-wordpress\/ -->\n<title>CMI reitera o seu apelo a um sessar fogo na S\u00edria | ECCLESIA NEWS<\/title>\n<meta name=\"robots\" content=\"index, follow, max-snippet:-1, max-image-preview:large, max-video-preview:-1\" \/>\n<link rel=\"canonical\" href=\"https:\/\/news.ecclesia.org.br\/?p=24971\" \/>\n<meta property=\"og:locale\" content=\"pt_BR\" \/>\n<meta property=\"og:type\" content=\"article\" \/>\n<meta property=\"og:title\" content=\"CMI reitera o seu apelo a um sessar fogo na S\u00edria | ECCLESIA NEWS\" \/>\n<meta property=\"og:description\" content=\"16 de abril de 2018 \u2014 Num comunicado datado de 16 de abril, o Conselho Mundial de Igrejas (CMI) instou a comunidade internacional a encontrar uma solu\u00e7\u00e3o para quebrar o ciclo da viol\u00eancia na S\u00edria. A declara\u00e7\u00e3o vem dois dias&#8230;\" \/>\n<meta property=\"og:url\" content=\"https:\/\/news.ecclesia.org.br\/?p=24971\" \/>\n<meta property=\"og:site_name\" content=\"ECCLESIA NEWS\" \/>\n<meta property=\"article:publisher\" content=\"https:\/\/www.facebook.com\/Ecclesia2025\" \/>\n<meta property=\"article:published_time\" content=\"2018-04-19T18:21:57+00:00\" \/>\n<meta property=\"article:modified_time\" content=\"2018-04-19T22:51:02+00:00\" \/>\n<meta property=\"og:image\" content=\"https:\/\/news.ecclesia.org.br\/wp-content\/uploads\/2018\/04\/CMI.jpg\" \/>\n\t<meta property=\"og:image:width\" content=\"800\" \/>\n\t<meta property=\"og:image:height\" content=\"521\" \/>\n\t<meta property=\"og:image:type\" content=\"image\/jpeg\" \/>\n<meta name=\"author\" content=\"Pe. Andr\u00e9\" \/>\n<meta name=\"twitter:card\" content=\"summary_large_image\" \/>\n<meta name=\"twitter:creator\" content=\"@EcclesiaNews\" \/>\n<meta name=\"twitter:site\" content=\"@EcclesiaNews\" \/>\n<meta name=\"twitter:label1\" content=\"Escrito por\" \/>\n\t<meta name=\"twitter:data1\" content=\"Pe. Andr\u00e9\" \/>\n\t<meta name=\"twitter:label2\" content=\"Est. tempo de leitura\" \/>\n\t<meta name=\"twitter:data2\" content=\"2 minutos\" \/>\n<script type=\"application\/ld+json\" class=\"yoast-schema-graph\">{\"@context\":\"https:\\\/\\\/schema.org\",\"@graph\":[{\"@type\":\"Article\",\"@id\":\"https:\\\/\\\/news.ecclesia.org.br\\\/?p=24971#article\",\"isPartOf\":{\"@id\":\"https:\\\/\\\/news.ecclesia.org.br\\\/?p=24971\"},\"author\":{\"name\":\"Pe. Andr\u00e9\",\"@id\":\"https:\\\/\\\/news.ecclesia.org.br\\\/#\\\/schema\\\/person\\\/6f09597f025829745ba414a569f63758\"},\"headline\":\"CMI reitera o seu apelo a um sessar fogo na S\u00edria\",\"datePublished\":\"2018-04-19T18:21:57+00:00\",\"dateModified\":\"2018-04-19T22:51:02+00:00\",\"mainEntityOfPage\":{\"@id\":\"https:\\\/\\\/news.ecclesia.org.br\\\/?p=24971\"},\"wordCount\":427,\"commentCount\":0,\"publisher\":{\"@id\":\"https:\\\/\\\/news.ecclesia.org.br\\\/#organization\"},\"image\":{\"@id\":\"https:\\\/\\\/news.ecclesia.org.br\\\/?p=24971#primaryimage\"},\"thumbnailUrl\":\"https:\\\/\\\/news.ecclesia.org.br\\\/wp-content\\\/uploads\\\/2018\\\/04\\\/CMI.jpg\",\"articleSection\":[\"NEWS\"],\"inLanguage\":\"pt-BR\",\"potentialAction\":[{\"@type\":\"CommentAction\",\"name\":\"Comment\",\"target\":[\"https:\\\/\\\/news.ecclesia.org.br\\\/?p=24971#respond\"]}]},{\"@type\":\"WebPage\",\"@id\":\"https:\\\/\\\/news.ecclesia.org.br\\\/?p=24971\",\"url\":\"https:\\\/\\\/news.ecclesia.org.br\\\/?p=24971\",\"name\":\"CMI reitera o seu apelo a um sessar fogo na S\u00edria | ECCLESIA NEWS\",\"isPartOf\":{\"@id\":\"https:\\\/\\\/news.ecclesia.org.br\\\/#website\"},\"primaryImageOfPage\":{\"@id\":\"https:\\\/\\\/news.ecclesia.org.br\\\/?p=24971#primaryimage\"},\"image\":{\"@id\":\"https:\\\/\\\/news.ecclesia.org.br\\\/?p=24971#primaryimage\"},\"thumbnailUrl\":\"https:\\\/\\\/news.ecclesia.org.br\\\/wp-content\\\/uploads\\\/2018\\\/04\\\/CMI.jpg\",\"datePublished\":\"2018-04-19T18:21:57+00:00\",\"dateModified\":\"2018-04-19T22:51:02+00:00\",\"breadcrumb\":{\"@id\":\"https:\\\/\\\/news.ecclesia.org.br\\\/?p=24971#breadcrumb\"},\"inLanguage\":\"pt-BR\",\"potentialAction\":[{\"@type\":\"ReadAction\",\"target\":[\"https:\\\/\\\/news.ecclesia.org.br\\\/?p=24971\"]}]},{\"@type\":\"ImageObject\",\"inLanguage\":\"pt-BR\",\"@id\":\"https:\\\/\\\/news.ecclesia.org.br\\\/?p=24971#primaryimage\",\"url\":\"https:\\\/\\\/news.ecclesia.org.br\\\/wp-content\\\/uploads\\\/2018\\\/04\\\/CMI.jpg\",\"contentUrl\":\"https:\\\/\\\/news.ecclesia.org.br\\\/wp-content\\\/uploads\\\/2018\\\/04\\\/CMI.jpg\",\"width\":800,\"height\":521,\"caption\":\"Foto: Peter Williams\\\/WCC\"},{\"@type\":\"BreadcrumbList\",\"@id\":\"https:\\\/\\\/news.ecclesia.org.br\\\/?p=24971#breadcrumb\",\"itemListElement\":[{\"@type\":\"ListItem\",\"position\":1,\"name\":\"In\u00edcio\",\"item\":\"https:\\\/\\\/news.ecclesia.org.br\\\/\"},{\"@type\":\"ListItem\",\"position\":2,\"name\":\"CMI reitera o seu apelo a um sessar fogo na S\u00edria\"}]},{\"@type\":\"WebSite\",\"@id\":\"https:\\\/\\\/news.ecclesia.org.br\\\/#website\",\"url\":\"https:\\\/\\\/news.ecclesia.org.br\\\/\",\"name\":\"Ecclesia Brasil\",\"description\":\"Desde 2003 onectando o Brasil ao mundo ortodoxo!\",\"publisher\":{\"@id\":\"https:\\\/\\\/news.ecclesia.org.br\\\/#organization\"},\"alternateName\":\"Ecclesia\",\"potentialAction\":[{\"@type\":\"SearchAction\",\"target\":{\"@type\":\"EntryPoint\",\"urlTemplate\":\"https:\\\/\\\/news.ecclesia.org.br\\\/?s={search_term_string}\"},\"query-input\":{\"@type\":\"PropertyValueSpecification\",\"valueRequired\":true,\"valueName\":\"search_term_string\"}}],\"inLanguage\":\"pt-BR\"},{\"@type\":\"Organization\",\"@id\":\"https:\\\/\\\/news.ecclesia.org.br\\\/#organization\",\"name\":\"Sacra Arquidiocese de Buenos Aires e Am\u00e9rica do Sul | Patriarcado Ecum\u00eanico\",\"alternateName\":\"News Ecclesia Brasil\",\"url\":\"https:\\\/\\\/news.ecclesia.org.br\\\/\",\"logo\":{\"@type\":\"ImageObject\",\"inLanguage\":\"pt-BR\",\"@id\":\"https:\\\/\\\/news.ecclesia.org.br\\\/#\\\/schema\\\/logo\\\/image\\\/\",\"url\":\"https:\\\/\\\/news.ecclesia.org.br\\\/wp-content\\\/uploads\\\/2025\\\/05\\\/ecclesia2.png\",\"contentUrl\":\"https:\\\/\\\/news.ecclesia.org.br\\\/wp-content\\\/uploads\\\/2025\\\/05\\\/ecclesia2.png\",\"width\":480,\"height\":120,\"caption\":\"Sacra Arquidiocese de Buenos Aires e Am\u00e9rica do Sul | Patriarcado Ecum\u00eanico\"},\"image\":{\"@id\":\"https:\\\/\\\/news.ecclesia.org.br\\\/#\\\/schema\\\/logo\\\/image\\\/\"},\"sameAs\":[\"https:\\\/\\\/www.facebook.com\\\/Ecclesia2025\",\"https:\\\/\\\/x.com\\\/EcclesiaNews\",\"https:\\\/\\\/br.pinterest.com\\\/ekklisia\\\/\",\"https:\\\/\\\/www.youtube.com\\\/@EcclesiaBrasil\"]},{\"@type\":\"Person\",\"@id\":\"https:\\\/\\\/news.ecclesia.org.br\\\/#\\\/schema\\\/person\\\/6f09597f025829745ba414a569f63758\",\"name\":\"Pe. Andr\u00e9\",\"image\":{\"@type\":\"ImageObject\",\"inLanguage\":\"pt-BR\",\"@id\":\"https:\\\/\\\/secure.gravatar.com\\\/avatar\\\/b4327cfa27e9799da239a26adcd534fc29cdc0c4a4a148eecbcfeb9b42c617ac?s=96&d=mm&r=g\",\"url\":\"https:\\\/\\\/secure.gravatar.com\\\/avatar\\\/b4327cfa27e9799da239a26adcd534fc29cdc0c4a4a148eecbcfeb9b42c617ac?s=96&d=mm&r=g\",\"contentUrl\":\"https:\\\/\\\/secure.gravatar.com\\\/avatar\\\/b4327cfa27e9799da239a26adcd534fc29cdc0c4a4a148eecbcfeb9b42c617ac?s=96&d=mm&r=g\",\"caption\":\"Pe. Andr\u00e9\"},\"sameAs\":[\"https:\\\/\\\/www.ecclesia.org.br\"]}]}<\/script>\n<!-- \/ Yoast SEO plugin. -->","yoast_head_json":{"title":"CMI reitera o seu apelo a um sessar fogo na S\u00edria | ECCLESIA NEWS","robots":{"index":"index","follow":"follow","max-snippet":"max-snippet:-1","max-image-preview":"max-image-preview:large","max-video-preview":"max-video-preview:-1"},"canonical":"https:\/\/news.ecclesia.org.br\/?p=24971","og_locale":"pt_BR","og_type":"article","og_title":"CMI reitera o seu apelo a um sessar fogo na S\u00edria | ECCLESIA NEWS","og_description":"16 de abril de 2018 \u2014 Num comunicado datado de 16 de abril, o Conselho Mundial de Igrejas (CMI) instou a comunidade internacional a encontrar uma solu\u00e7\u00e3o para quebrar o ciclo da viol\u00eancia na S\u00edria. A declara\u00e7\u00e3o vem dois dias&#8230;","og_url":"https:\/\/news.ecclesia.org.br\/?p=24971","og_site_name":"ECCLESIA NEWS","article_publisher":"https:\/\/www.facebook.com\/Ecclesia2025","article_published_time":"2018-04-19T18:21:57+00:00","article_modified_time":"2018-04-19T22:51:02+00:00","og_image":[{"width":800,"height":521,"url":"https:\/\/news.ecclesia.org.br\/wp-content\/uploads\/2018\/04\/CMI.jpg","type":"image\/jpeg"}],"author":"Pe. Andr\u00e9","twitter_card":"summary_large_image","twitter_creator":"@EcclesiaNews","twitter_site":"@EcclesiaNews","twitter_misc":{"Escrito por":"Pe. Andr\u00e9","Est. tempo de leitura":"2 minutos"},"schema":{"@context":"https:\/\/schema.org","@graph":[{"@type":"Article","@id":"https:\/\/news.ecclesia.org.br\/?p=24971#article","isPartOf":{"@id":"https:\/\/news.ecclesia.org.br\/?p=24971"},"author":{"name":"Pe. Andr\u00e9","@id":"https:\/\/news.ecclesia.org.br\/#\/schema\/person\/6f09597f025829745ba414a569f63758"},"headline":"CMI reitera o seu apelo a um sessar fogo na S\u00edria","datePublished":"2018-04-19T18:21:57+00:00","dateModified":"2018-04-19T22:51:02+00:00","mainEntityOfPage":{"@id":"https:\/\/news.ecclesia.org.br\/?p=24971"},"wordCount":427,"commentCount":0,"publisher":{"@id":"https:\/\/news.ecclesia.org.br\/#organization"},"image":{"@id":"https:\/\/news.ecclesia.org.br\/?p=24971#primaryimage"},"thumbnailUrl":"https:\/\/news.ecclesia.org.br\/wp-content\/uploads\/2018\/04\/CMI.jpg","articleSection":["NEWS"],"inLanguage":"pt-BR","potentialAction":[{"@type":"CommentAction","name":"Comment","target":["https:\/\/news.ecclesia.org.br\/?p=24971#respond"]}]},{"@type":"WebPage","@id":"https:\/\/news.ecclesia.org.br\/?p=24971","url":"https:\/\/news.ecclesia.org.br\/?p=24971","name":"CMI reitera o seu apelo a um sessar fogo na S\u00edria | ECCLESIA NEWS","isPartOf":{"@id":"https:\/\/news.ecclesia.org.br\/#website"},"primaryImageOfPage":{"@id":"https:\/\/news.ecclesia.org.br\/?p=24971#primaryimage"},"image":{"@id":"https:\/\/news.ecclesia.org.br\/?p=24971#primaryimage"},"thumbnailUrl":"https:\/\/news.ecclesia.org.br\/wp-content\/uploads\/2018\/04\/CMI.jpg","datePublished":"2018-04-19T18:21:57+00:00","dateModified":"2018-04-19T22:51:02+00:00","breadcrumb":{"@id":"https:\/\/news.ecclesia.org.br\/?p=24971#breadcrumb"},"inLanguage":"pt-BR","potentialAction":[{"@type":"ReadAction","target":["https:\/\/news.ecclesia.org.br\/?p=24971"]}]},{"@type":"ImageObject","inLanguage":"pt-BR","@id":"https:\/\/news.ecclesia.org.br\/?p=24971#primaryimage","url":"https:\/\/news.ecclesia.org.br\/wp-content\/uploads\/2018\/04\/CMI.jpg","contentUrl":"https:\/\/news.ecclesia.org.br\/wp-content\/uploads\/2018\/04\/CMI.jpg","width":800,"height":521,"caption":"Foto: Peter Williams\/WCC"},{"@type":"BreadcrumbList","@id":"https:\/\/news.ecclesia.org.br\/?p=24971#breadcrumb","itemListElement":[{"@type":"ListItem","position":1,"name":"In\u00edcio","item":"https:\/\/news.ecclesia.org.br\/"},{"@type":"ListItem","position":2,"name":"CMI reitera o seu apelo a um sessar fogo na S\u00edria"}]},{"@type":"WebSite","@id":"https:\/\/news.ecclesia.org.br\/#website","url":"https:\/\/news.ecclesia.org.br\/","name":"Ecclesia Brasil","description":"Desde 2003 onectando o Brasil ao mundo ortodoxo!","publisher":{"@id":"https:\/\/news.ecclesia.org.br\/#organization"},"alternateName":"Ecclesia","potentialAction":[{"@type":"SearchAction","target":{"@type":"EntryPoint","urlTemplate":"https:\/\/news.ecclesia.org.br\/?s={search_term_string}"},"query-input":{"@type":"PropertyValueSpecification","valueRequired":true,"valueName":"search_term_string"}}],"inLanguage":"pt-BR"},{"@type":"Organization","@id":"https:\/\/news.ecclesia.org.br\/#organization","name":"Sacra Arquidiocese de Buenos Aires e Am\u00e9rica do Sul | Patriarcado Ecum\u00eanico","alternateName":"News Ecclesia Brasil","url":"https:\/\/news.ecclesia.org.br\/","logo":{"@type":"ImageObject","inLanguage":"pt-BR","@id":"https:\/\/news.ecclesia.org.br\/#\/schema\/logo\/image\/","url":"https:\/\/news.ecclesia.org.br\/wp-content\/uploads\/2025\/05\/ecclesia2.png","contentUrl":"https:\/\/news.ecclesia.org.br\/wp-content\/uploads\/2025\/05\/ecclesia2.png","width":480,"height":120,"caption":"Sacra Arquidiocese de Buenos Aires e Am\u00e9rica do Sul | Patriarcado Ecum\u00eanico"},"image":{"@id":"https:\/\/news.ecclesia.org.br\/#\/schema\/logo\/image\/"},"sameAs":["https:\/\/www.facebook.com\/Ecclesia2025","https:\/\/x.com\/EcclesiaNews","https:\/\/br.pinterest.com\/ekklisia\/","https:\/\/www.youtube.com\/@EcclesiaBrasil"]},{"@type":"Person","@id":"https:\/\/news.ecclesia.org.br\/#\/schema\/person\/6f09597f025829745ba414a569f63758","name":"Pe. Andr\u00e9","image":{"@type":"ImageObject","inLanguage":"pt-BR","@id":"https:\/\/secure.gravatar.com\/avatar\/b4327cfa27e9799da239a26adcd534fc29cdc0c4a4a148eecbcfeb9b42c617ac?s=96&d=mm&r=g","url":"https:\/\/secure.gravatar.com\/avatar\/b4327cfa27e9799da239a26adcd534fc29cdc0c4a4a148eecbcfeb9b42c617ac?s=96&d=mm&r=g","contentUrl":"https:\/\/secure.gravatar.com\/avatar\/b4327cfa27e9799da239a26adcd534fc29cdc0c4a4a148eecbcfeb9b42c617ac?s=96&d=mm&r=g","caption":"Pe. Andr\u00e9"},"sameAs":["https:\/\/www.ecclesia.org.br"]}]}},"_links":{"self":[{"href":"https:\/\/news.ecclesia.org.br\/index.php?rest_route=\/wp\/v2\/posts\/24971","targetHints":{"allow":["GET"]}}],"collection":[{"href":"https:\/\/news.ecclesia.org.br\/index.php?rest_route=\/wp\/v2\/posts"}],"about":[{"href":"https:\/\/news.ecclesia.org.br\/index.php?rest_route=\/wp\/v2\/types\/post"}],"author":[{"embeddable":true,"href":"https:\/\/news.ecclesia.org.br\/index.php?rest_route=\/wp\/v2\/users\/1"}],"replies":[{"embeddable":true,"href":"https:\/\/news.ecclesia.org.br\/index.php?rest_route=%2Fwp%2Fv2%2Fcomments&post=24971"}],"version-history":[{"count":0,"href":"https:\/\/news.ecclesia.org.br\/index.php?rest_route=\/wp\/v2\/posts\/24971\/revisions"}],"wp:featuredmedia":[{"embeddable":true,"href":"https:\/\/news.ecclesia.org.br\/index.php?rest_route=\/wp\/v2\/media\/24972"}],"wp:attachment":[{"href":"https:\/\/news.ecclesia.org.br\/index.php?rest_route=%2Fwp%2Fv2%2Fmedia&parent=24971"}],"wp:term":[{"taxonomy":"category","embeddable":true,"href":"https:\/\/news.ecclesia.org.br\/index.php?rest_route=%2Fwp%2Fv2%2Fcategories&post=24971"},{"taxonomy":"post_tag","embeddable":true,"href":"https:\/\/news.ecclesia.org.br\/index.php?rest_route=%2Fwp%2Fv2%2Ftags&post=24971"}],"curies":[{"name":"wp","href":"https:\/\/api.w.org\/{rel}","templated":true}]}}