{"id":24937,"date":"2018-04-10T19:07:50","date_gmt":"2018-04-10T19:07:50","guid":{"rendered":"https:\/\/news.ecclesia.org.br\/2013\/?p=24937"},"modified":"2020-09-22T11:47:43","modified_gmt":"2020-09-22T14:47:43","slug":"homilia-catequetica-para-a-pascoa-de-2018-de-s-s-bartolomeu-i-patriarca-ecumenico","status":"publish","type":"post","link":"https:\/\/news.ecclesia.org.br\/?p=24937","title":{"rendered":"Homilia Catequ\u00e9tica para a P\u00e1scoa de 2018 de S. S. Bartolomeu I, Patriarca Ecum\u00eanico"},"content":{"rendered":"\n<p class=\"has-text-align-center\">BARTOLOMEU,&nbsp;PELA MISERIC\u00d3RDIA DE DEUS<br>ARCEBISPO DE CONSTANTINOPLA-NOVA ROMA<br>E PATRIARCA ECUM\u00caNICO<\/p>\n\n\n\n<p class=\"has-text-align-center\">A TODA A PLENITUDE DA IGREJA,<br>A GRA\u00c7A, A PAZ E A MISERIC\u00d3RDIA DE CRISTO<br>GLORIOSAMENTE RESSUSCITADO.<\/p>\n\n\n\n<p>Queridos e vener\u00e1veis irm\u00e3os hierarcas e Filhos amados no Senhor,<\/p>\n\n\n\n<p>A experi\u00eancia da ressurrei\u00e7\u00e3o de Cristo, da suprema vit\u00f3ria salvadora da vida sobre a morte, \u00e9 o n\u00facleo da f\u00e9, do culto divino, do ethos e da cultura do povo ortodoxo de Deus, portador do nome de Cristo.<\/p>\n\n\n\n<p>A vida dos fi\u00e9is ortodoxos, em todas as suas manifesta\u00e7\u00f5es e dimens\u00f5es, \u00e9 envolvida e nutrida pela f\u00e9 na Ressurrei\u00e7\u00e3o, e constitui uma p\u00e1scoa cotidiana. Esta experi\u00eancia pascal n\u00e3o \u00e9 simplesmente uma lembran\u00e7a da Ressurrei\u00e7\u00e3o do Senhor, mas tamb\u00e9m uma participa\u00e7\u00e3o em nossa pr\u00f3pria renova\u00e7\u00e3o (modo de exist\u00eancia) e uma convic\u00e7\u00e3o inabal\u00e1vel sobre a perfei\u00e7\u00e3o escatol\u00f3gica de todas as coisas.<\/p>\n\n\n\n<p>Em especial na Liturgia Eucar\u00edstica, que est\u00e1 indissoluvelmente vinculada \u00e0 \u201cassembleia\u201d e ao \u201cdia escolhido e santo\u201d do domingo, a Igreja Ortodoxa celebra esta participa\u00e7\u00e3o existencial na Ressurrei\u00e7\u00e3o de Cristo e a antecipa\u00e7\u00e3o experiencial (degusta\u00e7\u00e3o) das b\u00ean\u00e7\u00e3os do Reino de Deus.<\/p>\n\n\n\n<p>\u00c9 impressionante o car\u00e1ter pascal e festivo da Divina Eucaristia, sempre celebrada em um clima de j\u00fabilo e alegria expressando a renova\u00e7\u00e3o final de todos os seres, a realiza\u00e7\u00e3o da alegria, a plenitude da vida e a superabund\u00e2ncia futura do amor e do conhecimento.<\/p>\n\n\n\n<p>Trata-se da vis\u00e3o redentora do presente \u00e0 luz das \u00daltimas Coisas e do caminho din\u00e2mico em dire\u00e7\u00e3o ao Reino. Trata-se da rela\u00e7\u00e3o indissol\u00favel e do entrela\u00e7amento entre a presen\u00e7a e a natureza escatol\u00f3gica de nossa salva\u00e7\u00e3o e a transfigura\u00e7\u00e3o do mundo em Cristo, que d\u00e1 \u00e0 vida eclesi\u00e1stica um dinamismo \u00fanico e serve aos fi\u00e9is como est\u00edmulo a um bom testemunho no mundo.<\/p>\n\n\n\n<p>O fiel ortodoxo tem uma raz\u00e3o especial e uma forte motiva\u00e7\u00e3o para lutar contra o mal social, pois vive intensamente a ant\u00edtese entre as Coisas \u00daltimas e cada evento hist\u00f3rico em particular. Do ponto de vista ortodoxo, o servi\u00e7o filantr\u00f3pico e a ajuda ao irm\u00e3o privado do necess\u00e1rio, &#8211; de acordo com as palavras do Senhor: \u201csempre que o fizestes a um destes meus irm\u00e3os, mesmo dos mais pequeninos, a mim o fizestes\u201d (Mt 25:40), e o amor tang\u00edvel do Bom Samaritano (Lc 10: 30-37), assim como, de acordo com o Paterikon que diz \u201cTome por teu pr\u00f3ximo todos os necessitados e, prontamente, v\u00e1 em seu aux\u00edlio\u201d (Isidoro de Pelusa) &#8211; constituem uma consequ\u00eancia e uma express\u00e3o do ethos eucar\u00edstico da Igreja, uma revela\u00e7\u00e3o de que o amor \u00e9 a quintess\u00eancia experiencial da vida em Cristo, tanto na vida presente como no Reino dos C\u00e9us.<\/p>\n\n\n\n<p>\u00c9 neste contexto tamb\u00e9m que devemos entender que a vida lit\u00fargica na Igreja Ortodoxa \u00e9 movida pela experi\u00eancia da \u201cSalva\u00e7\u00e3o comum\u201d, do dom da \u201cLiberdade comum\u201d e do \u201cReino comum\u201d, bem como da expectativa da \u201ccomum Ressurrei\u00e7\u00e3o\u201d. O que prevalece \u00e9 o \u201cn\u00f3s\u201d, a comunidade de vida, a co-participa\u00e7\u00e3o e a co-exist\u00eancia, bem como a identidade santificante da liberdade em Cristo atrav\u00e9s do amor sacrificial e doxol\u00f3gico.<\/p>\n\n\n\n<p>Tal \u00e9 a mensagem inspiradora do esplendoroso \u00edcone da Ressurrei\u00e7\u00e3o na descida de Cristo aos Infernos. O Senhor da Gl\u00f3ria, descendo \u00e0s profundezas da terra, quebrando as portas do Hades, surge vitorioso e resplandecente da tumba, e n\u00e3o s\u00f3 ostentando a bandeira da vit\u00f3ria, mas ressurgindo com Ad\u00e3o e Eva, elevando-os consigo, segurando-os firmemente e apoiando-os e, neles, a humanidade inteira e toda a cria\u00e7\u00e3o.<\/p>\n\n\n\n<p>O Evangelho da Ressurrei\u00e7\u00e3o, desta \u201cfesta de todos\u201d, da aboli\u00e7\u00e3o do poder da morte pelo Amor todo-poderoso, ressoa hoje em uma sociedade repleta de injusti\u00e7a social, de redu\u00e7\u00e3o da pessoa humana, num mundo que se assemelha a um G\u00f3lgota universal de refugiados com milhares de pequenos inocentes. Das profundezas, anuncia que, diante de Deus, a vida humana tem valor absoluto. Proclama que os sofrimentos e prova\u00e7\u00f5es, a Cruz e o G\u00f3lgota, n\u00e3o t\u00eam a palavra final. \u00c9 imposs\u00edvel que os crucificadores triunfem sobre suas tr\u00e1gicas v\u00edtimas. Na Igreja Ortodoxa, a Cruz est\u00e1 no centro da piedade; no entanto, n\u00e3o \u00e9 a realidade \u00faltima que determina o ponto final de orienta\u00e7\u00e3o na vida da Igreja. O significado essencial da Cruz \u00e9 que ela constitui caminho para a Ressurrei\u00e7\u00e3o, para a plenitude de nossa f\u00e9. Sobre este fundamento \u00e9 que os crist\u00e3os ortodoxos proclamam: \u201cEis que, pela cruz, a alegria chegou a todo o mundo\u201d.<\/p>\n\n\n\n<p>\u00c9 caracter\u00edstico que na Igreja Ortodoxa, o Servi\u00e7o da Paix\u00e3o n\u00e3o \u00e9 angustiante; em vez disso, \u00e9 uma mescla de Cruz e Ressurrei\u00e7\u00e3o, uma vez que a Paix\u00e3o \u00e9 sempre abordada e experimentada atrav\u00e9s da Ressurrei\u00e7\u00e3o, que \u00e9 o nosso \u201clavacro da tristeza\u201d. Para a sensibilidade ortodoxa, a conex\u00e3o duradoura da Cruz e da Ressurrei\u00e7\u00e3o \u00e9 incompat\u00edvel com todas as formas de fuga esot\u00e9rica para qualquer falso misticismo ou autocomplacente pietismo que, em geral, tendem a ser indiferentes aos infort\u00fanios e desventuras da humanidade na hist\u00f3ria.<\/p>\n\n\n\n<p>A mensagem da Cruz e da Ressurrei\u00e7\u00e3o encontra-se em nossa \u00e9poca, tamb\u00e9m face a face, tanto com a arrogante auto-exalta\u00e7\u00e3o do homem secularizado de hoje, racionalista, persuadido pelo poder excessivo da ci\u00eancia, focado em si mesmo e apegado \u00e0s coisas terrenas e ef\u00eameras, o homem privado do desejo de eternidade, mas tamb\u00e9m com a repulsa a toda Divina Economia da Encarna\u00e7\u00e3o e ao \u201cesc\u00e2ndalo\u201d da Cruz, em nome de uma absoluta transcend\u00eancia de Deus e da dist\u00e2ncia intranspon\u00edvel entre o c\u00e9u e a terra.<\/p>\n\n\n\n<p>Em todas estas coisas, honorabil\u00edssimos irm\u00e3os e amados filhos e filhas no Senhor, n\u00f3s fi\u00e9is ortodoxos, cheios da experi\u00eancia da luminosa Ressurrei\u00e7\u00e3o, recebemos luz da Luz sem ocaso, e damos gra\u00e7as por todas as coisas, mantendo nossa mente nas coisas do Alto e j\u00e1 possuindo, desde agora, o penhor e a garantia do cumprimento escatol\u00f3gico da Economia Divina, enquanto proclamamos em assembleia: &#8220;Cristo Ressuscitou!&#8221;.<\/p>\n\n\n\n<p>Portanto, suplicando para que o Senhor nosso, que sofreu foi sepultado e ressuscitou, ilumine nossas mentes e cora\u00e7\u00f5es ao longo de toda a nossa vida, guiando nossos passos em dire\u00e7\u00e3o a toda boa a\u00e7\u00e3o e fortalecendo seu povo no testemunho do Evangelho do Amor \u201cat\u00e9 os confins da terra\u201d (At 1: 8) para a gl\u00f3ria de seu nome que \u00e9 \u201cacima de todos os nomes\u201d.<\/p>\n\n\n\n<p>No Fanar, Santa P\u00e1scoa 2018<\/p>\n\n\n\n<p>\u2020 Bartolomeu de Constantinopla<br>Fervoroso suplicante de todos v\u00f3s diante de Cristo ressuscitado.<\/p>\n\n\n\n<hr class=\"wp-block-separator\"\/>\n\n\n\n<p class=\"has-text-align-right\">Tradu\u00e7\u00e3o: Pe. Andr\u00e9 Sperandio<br>S\u00e3o Jos\u00e9, SC (Brasil)<\/p>\n","protected":false},"excerpt":{"rendered":"<p>BARTOLOMEU,&nbsp;PELA MISERIC\u00d3RDIA DE DEUSARCEBISPO DE CONSTANTINOPLA-NOVA ROMAE PATRIARCA ECUM\u00caNICO A TODA A PLENITUDE DA IGREJA,A GRA\u00c7A, A PAZ E A MISERIC\u00d3RDIA DE CRISTOGLORIOSAMENTE RESSUSCITADO. Queridos e vener\u00e1veis irm\u00e3os hierarcas e Filhos amados no Senhor, A experi\u00eancia da ressurrei\u00e7\u00e3o de Cristo,&#8230;<\/p>\n","protected":false},"author":1,"featured_media":24938,"comment_status":"open","ping_status":"open","sticky":false,"template":"","format":"standard","meta":{"_acf_changed":false,"footnotes":""},"categories":[40,72],"tags":[],"class_list":["post-24937","post","type-post","status-publish","format-standard","has-post-thumbnail","hentry","category-arquidiocese-de-buenos-aires-e-america-do-sul","category-patriarcado-ecumenico","entry","rows-excerpt"],"acf":[],"yoast_head":"<!-- This site is optimized with the Yoast SEO plugin v27.4 - https:\/\/yoast.com\/product\/yoast-seo-wordpress\/ -->\n<title>Homilia Catequ\u00e9tica para a P\u00e1scoa de 2018 de S. S. Bartolomeu I, Patriarca Ecum\u00eanico | ECCLESIA NEWS<\/title>\n<meta name=\"robots\" content=\"index, follow, max-snippet:-1, max-image-preview:large, max-video-preview:-1\" \/>\n<link rel=\"canonical\" href=\"https:\/\/news.ecclesia.org.br\/?p=24937\" \/>\n<meta property=\"og:locale\" content=\"pt_BR\" \/>\n<meta property=\"og:type\" content=\"article\" \/>\n<meta property=\"og:title\" content=\"Homilia Catequ\u00e9tica para a P\u00e1scoa de 2018 de S. S. Bartolomeu I, Patriarca Ecum\u00eanico | ECCLESIA NEWS\" \/>\n<meta property=\"og:description\" content=\"BARTOLOMEU,&nbsp;PELA MISERIC\u00d3RDIA DE DEUSARCEBISPO DE CONSTANTINOPLA-NOVA ROMAE PATRIARCA ECUM\u00caNICO A TODA A PLENITUDE DA IGREJA,A GRA\u00c7A, A PAZ E A MISERIC\u00d3RDIA DE CRISTOGLORIOSAMENTE RESSUSCITADO. Queridos e vener\u00e1veis irm\u00e3os hierarcas e Filhos amados no Senhor, A experi\u00eancia da ressurrei\u00e7\u00e3o de Cristo,&#8230;\" \/>\n<meta property=\"og:url\" content=\"https:\/\/news.ecclesia.org.br\/?p=24937\" \/>\n<meta property=\"og:site_name\" content=\"ECCLESIA NEWS\" \/>\n<meta property=\"article:publisher\" content=\"https:\/\/www.facebook.com\/Ecclesia2025\" \/>\n<meta property=\"article:published_time\" content=\"2018-04-10T19:07:50+00:00\" \/>\n<meta property=\"article:modified_time\" content=\"2020-09-22T14:47:43+00:00\" \/>\n<meta property=\"og:image\" content=\"https:\/\/news.ecclesia.org.br\/wp-content\/uploads\/2018\/04\/mensagem-pascal-patriarca-bartolomeu.jpeg\" \/>\n\t<meta property=\"og:image:width\" content=\"1600\" \/>\n\t<meta property=\"og:image:height\" content=\"899\" \/>\n\t<meta property=\"og:image:type\" content=\"image\/jpeg\" \/>\n<meta name=\"author\" content=\"Pe. Andr\u00e9\" \/>\n<meta name=\"twitter:card\" content=\"summary_large_image\" \/>\n<meta name=\"twitter:creator\" content=\"@EcclesiaNews\" \/>\n<meta name=\"twitter:site\" content=\"@EcclesiaNews\" \/>\n<meta name=\"twitter:label1\" content=\"Escrito por\" \/>\n\t<meta name=\"twitter:data1\" content=\"Pe. Andr\u00e9\" \/>\n\t<meta name=\"twitter:label2\" content=\"Est. tempo de leitura\" \/>\n\t<meta name=\"twitter:data2\" content=\"6 minutos\" \/>\n<script type=\"application\/ld+json\" class=\"yoast-schema-graph\">{\"@context\":\"https:\\\/\\\/schema.org\",\"@graph\":[{\"@type\":\"Article\",\"@id\":\"https:\\\/\\\/news.ecclesia.org.br\\\/?p=24937#article\",\"isPartOf\":{\"@id\":\"https:\\\/\\\/news.ecclesia.org.br\\\/?p=24937\"},\"author\":{\"name\":\"Pe. Andr\u00e9\",\"@id\":\"https:\\\/\\\/news.ecclesia.org.br\\\/#\\\/schema\\\/person\\\/6f09597f025829745ba414a569f63758\"},\"headline\":\"Homilia Catequ\u00e9tica para a P\u00e1scoa de 2018 de S. S. Bartolomeu I, Patriarca Ecum\u00eanico\",\"datePublished\":\"2018-04-10T19:07:50+00:00\",\"dateModified\":\"2020-09-22T14:47:43+00:00\",\"mainEntityOfPage\":{\"@id\":\"https:\\\/\\\/news.ecclesia.org.br\\\/?p=24937\"},\"wordCount\":1168,\"commentCount\":0,\"publisher\":{\"@id\":\"https:\\\/\\\/news.ecclesia.org.br\\\/#organization\"},\"image\":{\"@id\":\"https:\\\/\\\/news.ecclesia.org.br\\\/?p=24937#primaryimage\"},\"thumbnailUrl\":\"https:\\\/\\\/news.ecclesia.org.br\\\/wp-content\\\/uploads\\\/2018\\\/04\\\/mensagem-pascal-patriarca-bartolomeu.jpeg\",\"articleSection\":[\"Arquidiocese de Buenos Aires e Am\u00e9rica do Sul\",\"Patriarcado Ecum\u00eanico\"],\"inLanguage\":\"pt-BR\",\"potentialAction\":[{\"@type\":\"CommentAction\",\"name\":\"Comment\",\"target\":[\"https:\\\/\\\/news.ecclesia.org.br\\\/?p=24937#respond\"]}]},{\"@type\":\"WebPage\",\"@id\":\"https:\\\/\\\/news.ecclesia.org.br\\\/?p=24937\",\"url\":\"https:\\\/\\\/news.ecclesia.org.br\\\/?p=24937\",\"name\":\"Homilia Catequ\u00e9tica para a P\u00e1scoa de 2018 de S. S. Bartolomeu I, Patriarca Ecum\u00eanico | ECCLESIA NEWS\",\"isPartOf\":{\"@id\":\"https:\\\/\\\/news.ecclesia.org.br\\\/#website\"},\"primaryImageOfPage\":{\"@id\":\"https:\\\/\\\/news.ecclesia.org.br\\\/?p=24937#primaryimage\"},\"image\":{\"@id\":\"https:\\\/\\\/news.ecclesia.org.br\\\/?p=24937#primaryimage\"},\"thumbnailUrl\":\"https:\\\/\\\/news.ecclesia.org.br\\\/wp-content\\\/uploads\\\/2018\\\/04\\\/mensagem-pascal-patriarca-bartolomeu.jpeg\",\"datePublished\":\"2018-04-10T19:07:50+00:00\",\"dateModified\":\"2020-09-22T14:47:43+00:00\",\"breadcrumb\":{\"@id\":\"https:\\\/\\\/news.ecclesia.org.br\\\/?p=24937#breadcrumb\"},\"inLanguage\":\"pt-BR\",\"potentialAction\":[{\"@type\":\"ReadAction\",\"target\":[\"https:\\\/\\\/news.ecclesia.org.br\\\/?p=24937\"]}]},{\"@type\":\"ImageObject\",\"inLanguage\":\"pt-BR\",\"@id\":\"https:\\\/\\\/news.ecclesia.org.br\\\/?p=24937#primaryimage\",\"url\":\"https:\\\/\\\/news.ecclesia.org.br\\\/wp-content\\\/uploads\\\/2018\\\/04\\\/mensagem-pascal-patriarca-bartolomeu.jpeg\",\"contentUrl\":\"https:\\\/\\\/news.ecclesia.org.br\\\/wp-content\\\/uploads\\\/2018\\\/04\\\/mensagem-pascal-patriarca-bartolomeu.jpeg\",\"width\":1600,\"height\":899},{\"@type\":\"BreadcrumbList\",\"@id\":\"https:\\\/\\\/news.ecclesia.org.br\\\/?p=24937#breadcrumb\",\"itemListElement\":[{\"@type\":\"ListItem\",\"position\":1,\"name\":\"In\u00edcio\",\"item\":\"https:\\\/\\\/news.ecclesia.org.br\\\/\"},{\"@type\":\"ListItem\",\"position\":2,\"name\":\"Homilia Catequ\u00e9tica para a P\u00e1scoa de 2018 de S. S. Bartolomeu I, Patriarca Ecum\u00eanico\"}]},{\"@type\":\"WebSite\",\"@id\":\"https:\\\/\\\/news.ecclesia.org.br\\\/#website\",\"url\":\"https:\\\/\\\/news.ecclesia.org.br\\\/\",\"name\":\"Ecclesia Brasil\",\"description\":\"Desde 2003 onectando o Brasil ao mundo ortodoxo!\",\"publisher\":{\"@id\":\"https:\\\/\\\/news.ecclesia.org.br\\\/#organization\"},\"alternateName\":\"Ecclesia\",\"potentialAction\":[{\"@type\":\"SearchAction\",\"target\":{\"@type\":\"EntryPoint\",\"urlTemplate\":\"https:\\\/\\\/news.ecclesia.org.br\\\/?s={search_term_string}\"},\"query-input\":{\"@type\":\"PropertyValueSpecification\",\"valueRequired\":true,\"valueName\":\"search_term_string\"}}],\"inLanguage\":\"pt-BR\"},{\"@type\":\"Organization\",\"@id\":\"https:\\\/\\\/news.ecclesia.org.br\\\/#organization\",\"name\":\"Sacra Arquidiocese de Buenos Aires e Am\u00e9rica do Sul | Patriarcado Ecum\u00eanico\",\"alternateName\":\"News Ecclesia Brasil\",\"url\":\"https:\\\/\\\/news.ecclesia.org.br\\\/\",\"logo\":{\"@type\":\"ImageObject\",\"inLanguage\":\"pt-BR\",\"@id\":\"https:\\\/\\\/news.ecclesia.org.br\\\/#\\\/schema\\\/logo\\\/image\\\/\",\"url\":\"https:\\\/\\\/news.ecclesia.org.br\\\/wp-content\\\/uploads\\\/2025\\\/05\\\/ecclesia2.png\",\"contentUrl\":\"https:\\\/\\\/news.ecclesia.org.br\\\/wp-content\\\/uploads\\\/2025\\\/05\\\/ecclesia2.png\",\"width\":480,\"height\":120,\"caption\":\"Sacra Arquidiocese de Buenos Aires e Am\u00e9rica do Sul | Patriarcado Ecum\u00eanico\"},\"image\":{\"@id\":\"https:\\\/\\\/news.ecclesia.org.br\\\/#\\\/schema\\\/logo\\\/image\\\/\"},\"sameAs\":[\"https:\\\/\\\/www.facebook.com\\\/Ecclesia2025\",\"https:\\\/\\\/x.com\\\/EcclesiaNews\",\"https:\\\/\\\/br.pinterest.com\\\/ekklisia\\\/\",\"https:\\\/\\\/www.youtube.com\\\/@EcclesiaBrasil\"]},{\"@type\":\"Person\",\"@id\":\"https:\\\/\\\/news.ecclesia.org.br\\\/#\\\/schema\\\/person\\\/6f09597f025829745ba414a569f63758\",\"name\":\"Pe. Andr\u00e9\",\"image\":{\"@type\":\"ImageObject\",\"inLanguage\":\"pt-BR\",\"@id\":\"https:\\\/\\\/secure.gravatar.com\\\/avatar\\\/b4327cfa27e9799da239a26adcd534fc29cdc0c4a4a148eecbcfeb9b42c617ac?s=96&d=mm&r=g\",\"url\":\"https:\\\/\\\/secure.gravatar.com\\\/avatar\\\/b4327cfa27e9799da239a26adcd534fc29cdc0c4a4a148eecbcfeb9b42c617ac?s=96&d=mm&r=g\",\"contentUrl\":\"https:\\\/\\\/secure.gravatar.com\\\/avatar\\\/b4327cfa27e9799da239a26adcd534fc29cdc0c4a4a148eecbcfeb9b42c617ac?s=96&d=mm&r=g\",\"caption\":\"Pe. Andr\u00e9\"},\"sameAs\":[\"https:\\\/\\\/www.ecclesia.org.br\"]}]}<\/script>\n<!-- \/ Yoast SEO plugin. -->","yoast_head_json":{"title":"Homilia Catequ\u00e9tica para a P\u00e1scoa de 2018 de S. S. Bartolomeu I, Patriarca Ecum\u00eanico | ECCLESIA NEWS","robots":{"index":"index","follow":"follow","max-snippet":"max-snippet:-1","max-image-preview":"max-image-preview:large","max-video-preview":"max-video-preview:-1"},"canonical":"https:\/\/news.ecclesia.org.br\/?p=24937","og_locale":"pt_BR","og_type":"article","og_title":"Homilia Catequ\u00e9tica para a P\u00e1scoa de 2018 de S. S. Bartolomeu I, Patriarca Ecum\u00eanico | ECCLESIA NEWS","og_description":"BARTOLOMEU,&nbsp;PELA MISERIC\u00d3RDIA DE DEUSARCEBISPO DE CONSTANTINOPLA-NOVA ROMAE PATRIARCA ECUM\u00caNICO A TODA A PLENITUDE DA IGREJA,A GRA\u00c7A, A PAZ E A MISERIC\u00d3RDIA DE CRISTOGLORIOSAMENTE RESSUSCITADO. Queridos e vener\u00e1veis irm\u00e3os hierarcas e Filhos amados no Senhor, A experi\u00eancia da ressurrei\u00e7\u00e3o de Cristo,&#8230;","og_url":"https:\/\/news.ecclesia.org.br\/?p=24937","og_site_name":"ECCLESIA NEWS","article_publisher":"https:\/\/www.facebook.com\/Ecclesia2025","article_published_time":"2018-04-10T19:07:50+00:00","article_modified_time":"2020-09-22T14:47:43+00:00","og_image":[{"width":1600,"height":899,"url":"https:\/\/news.ecclesia.org.br\/wp-content\/uploads\/2018\/04\/mensagem-pascal-patriarca-bartolomeu.jpeg","type":"image\/jpeg"}],"author":"Pe. Andr\u00e9","twitter_card":"summary_large_image","twitter_creator":"@EcclesiaNews","twitter_site":"@EcclesiaNews","twitter_misc":{"Escrito por":"Pe. Andr\u00e9","Est. tempo de leitura":"6 minutos"},"schema":{"@context":"https:\/\/schema.org","@graph":[{"@type":"Article","@id":"https:\/\/news.ecclesia.org.br\/?p=24937#article","isPartOf":{"@id":"https:\/\/news.ecclesia.org.br\/?p=24937"},"author":{"name":"Pe. Andr\u00e9","@id":"https:\/\/news.ecclesia.org.br\/#\/schema\/person\/6f09597f025829745ba414a569f63758"},"headline":"Homilia Catequ\u00e9tica para a P\u00e1scoa de 2018 de S. S. Bartolomeu I, Patriarca Ecum\u00eanico","datePublished":"2018-04-10T19:07:50+00:00","dateModified":"2020-09-22T14:47:43+00:00","mainEntityOfPage":{"@id":"https:\/\/news.ecclesia.org.br\/?p=24937"},"wordCount":1168,"commentCount":0,"publisher":{"@id":"https:\/\/news.ecclesia.org.br\/#organization"},"image":{"@id":"https:\/\/news.ecclesia.org.br\/?p=24937#primaryimage"},"thumbnailUrl":"https:\/\/news.ecclesia.org.br\/wp-content\/uploads\/2018\/04\/mensagem-pascal-patriarca-bartolomeu.jpeg","articleSection":["Arquidiocese de Buenos Aires e Am\u00e9rica do Sul","Patriarcado Ecum\u00eanico"],"inLanguage":"pt-BR","potentialAction":[{"@type":"CommentAction","name":"Comment","target":["https:\/\/news.ecclesia.org.br\/?p=24937#respond"]}]},{"@type":"WebPage","@id":"https:\/\/news.ecclesia.org.br\/?p=24937","url":"https:\/\/news.ecclesia.org.br\/?p=24937","name":"Homilia Catequ\u00e9tica para a P\u00e1scoa de 2018 de S. S. Bartolomeu I, Patriarca Ecum\u00eanico | ECCLESIA NEWS","isPartOf":{"@id":"https:\/\/news.ecclesia.org.br\/#website"},"primaryImageOfPage":{"@id":"https:\/\/news.ecclesia.org.br\/?p=24937#primaryimage"},"image":{"@id":"https:\/\/news.ecclesia.org.br\/?p=24937#primaryimage"},"thumbnailUrl":"https:\/\/news.ecclesia.org.br\/wp-content\/uploads\/2018\/04\/mensagem-pascal-patriarca-bartolomeu.jpeg","datePublished":"2018-04-10T19:07:50+00:00","dateModified":"2020-09-22T14:47:43+00:00","breadcrumb":{"@id":"https:\/\/news.ecclesia.org.br\/?p=24937#breadcrumb"},"inLanguage":"pt-BR","potentialAction":[{"@type":"ReadAction","target":["https:\/\/news.ecclesia.org.br\/?p=24937"]}]},{"@type":"ImageObject","inLanguage":"pt-BR","@id":"https:\/\/news.ecclesia.org.br\/?p=24937#primaryimage","url":"https:\/\/news.ecclesia.org.br\/wp-content\/uploads\/2018\/04\/mensagem-pascal-patriarca-bartolomeu.jpeg","contentUrl":"https:\/\/news.ecclesia.org.br\/wp-content\/uploads\/2018\/04\/mensagem-pascal-patriarca-bartolomeu.jpeg","width":1600,"height":899},{"@type":"BreadcrumbList","@id":"https:\/\/news.ecclesia.org.br\/?p=24937#breadcrumb","itemListElement":[{"@type":"ListItem","position":1,"name":"In\u00edcio","item":"https:\/\/news.ecclesia.org.br\/"},{"@type":"ListItem","position":2,"name":"Homilia Catequ\u00e9tica para a P\u00e1scoa de 2018 de S. S. Bartolomeu I, Patriarca Ecum\u00eanico"}]},{"@type":"WebSite","@id":"https:\/\/news.ecclesia.org.br\/#website","url":"https:\/\/news.ecclesia.org.br\/","name":"Ecclesia Brasil","description":"Desde 2003 onectando o Brasil ao mundo ortodoxo!","publisher":{"@id":"https:\/\/news.ecclesia.org.br\/#organization"},"alternateName":"Ecclesia","potentialAction":[{"@type":"SearchAction","target":{"@type":"EntryPoint","urlTemplate":"https:\/\/news.ecclesia.org.br\/?s={search_term_string}"},"query-input":{"@type":"PropertyValueSpecification","valueRequired":true,"valueName":"search_term_string"}}],"inLanguage":"pt-BR"},{"@type":"Organization","@id":"https:\/\/news.ecclesia.org.br\/#organization","name":"Sacra Arquidiocese de Buenos Aires e Am\u00e9rica do Sul | Patriarcado Ecum\u00eanico","alternateName":"News Ecclesia Brasil","url":"https:\/\/news.ecclesia.org.br\/","logo":{"@type":"ImageObject","inLanguage":"pt-BR","@id":"https:\/\/news.ecclesia.org.br\/#\/schema\/logo\/image\/","url":"https:\/\/news.ecclesia.org.br\/wp-content\/uploads\/2025\/05\/ecclesia2.png","contentUrl":"https:\/\/news.ecclesia.org.br\/wp-content\/uploads\/2025\/05\/ecclesia2.png","width":480,"height":120,"caption":"Sacra Arquidiocese de Buenos Aires e Am\u00e9rica do Sul | Patriarcado Ecum\u00eanico"},"image":{"@id":"https:\/\/news.ecclesia.org.br\/#\/schema\/logo\/image\/"},"sameAs":["https:\/\/www.facebook.com\/Ecclesia2025","https:\/\/x.com\/EcclesiaNews","https:\/\/br.pinterest.com\/ekklisia\/","https:\/\/www.youtube.com\/@EcclesiaBrasil"]},{"@type":"Person","@id":"https:\/\/news.ecclesia.org.br\/#\/schema\/person\/6f09597f025829745ba414a569f63758","name":"Pe. Andr\u00e9","image":{"@type":"ImageObject","inLanguage":"pt-BR","@id":"https:\/\/secure.gravatar.com\/avatar\/b4327cfa27e9799da239a26adcd534fc29cdc0c4a4a148eecbcfeb9b42c617ac?s=96&d=mm&r=g","url":"https:\/\/secure.gravatar.com\/avatar\/b4327cfa27e9799da239a26adcd534fc29cdc0c4a4a148eecbcfeb9b42c617ac?s=96&d=mm&r=g","contentUrl":"https:\/\/secure.gravatar.com\/avatar\/b4327cfa27e9799da239a26adcd534fc29cdc0c4a4a148eecbcfeb9b42c617ac?s=96&d=mm&r=g","caption":"Pe. Andr\u00e9"},"sameAs":["https:\/\/www.ecclesia.org.br"]}]}},"_links":{"self":[{"href":"https:\/\/news.ecclesia.org.br\/index.php?rest_route=\/wp\/v2\/posts\/24937","targetHints":{"allow":["GET"]}}],"collection":[{"href":"https:\/\/news.ecclesia.org.br\/index.php?rest_route=\/wp\/v2\/posts"}],"about":[{"href":"https:\/\/news.ecclesia.org.br\/index.php?rest_route=\/wp\/v2\/types\/post"}],"author":[{"embeddable":true,"href":"https:\/\/news.ecclesia.org.br\/index.php?rest_route=\/wp\/v2\/users\/1"}],"replies":[{"embeddable":true,"href":"https:\/\/news.ecclesia.org.br\/index.php?rest_route=%2Fwp%2Fv2%2Fcomments&post=24937"}],"version-history":[{"count":3,"href":"https:\/\/news.ecclesia.org.br\/index.php?rest_route=\/wp\/v2\/posts\/24937\/revisions"}],"predecessor-version":[{"id":34005,"href":"https:\/\/news.ecclesia.org.br\/index.php?rest_route=\/wp\/v2\/posts\/24937\/revisions\/34005"}],"wp:featuredmedia":[{"embeddable":true,"href":"https:\/\/news.ecclesia.org.br\/index.php?rest_route=\/wp\/v2\/media\/24938"}],"wp:attachment":[{"href":"https:\/\/news.ecclesia.org.br\/index.php?rest_route=%2Fwp%2Fv2%2Fmedia&parent=24937"}],"wp:term":[{"taxonomy":"category","embeddable":true,"href":"https:\/\/news.ecclesia.org.br\/index.php?rest_route=%2Fwp%2Fv2%2Fcategories&post=24937"},{"taxonomy":"post_tag","embeddable":true,"href":"https:\/\/news.ecclesia.org.br\/index.php?rest_route=%2Fwp%2Fv2%2Ftags&post=24937"}],"curies":[{"name":"wp","href":"https:\/\/api.w.org\/{rel}","templated":true}]}}