{"id":24928,"date":"2018-04-04T17:44:48","date_gmt":"2018-04-04T17:44:48","guid":{"rendered":"https:\/\/news.ecclesia.org.br\/2013\/?p=24928"},"modified":"2018-04-04T17:49:17","modified_gmt":"2018-04-04T17:49:17","slug":"bartolomeu-ao-clero-de-roma-unidade-de-nossas-igrejas-nao-para","status":"publish","type":"post","link":"https:\/\/news.ecclesia.org.br\/?p=24928","title":{"rendered":"Bartolomeu ao clero de Roma: unidade de nossas Igrejas n\u00e3o para"},"content":{"rendered":"<figure id=\"attachment_23663\" aria-describedby=\"caption-attachment-23663\" style=\"width: 300px\" class=\"wp-caption alignleft\"><a href=\"https:\/\/news.ecclesia.org.br\/2013\/wp-content\/uploads\/2017\/07\/patriarca-bartolomeu.jpg\"><img fetchpriority=\"high\" decoding=\"async\" class=\"size-medium wp-image-23663\" src=\"https:\/\/news.ecclesia.org.br\/2013\/wp-content\/uploads\/2017\/07\/patriarca-bartolomeu-300x199.jpg\" alt=\"\" width=\"300\" height=\"199\" srcset=\"https:\/\/news.ecclesia.org.br\/wp-content\/uploads\/2017\/07\/patriarca-bartolomeu-300x199.jpg 300w, https:\/\/news.ecclesia.org.br\/wp-content\/uploads\/2017\/07\/patriarca-bartolomeu-768x509.jpg 768w, https:\/\/news.ecclesia.org.br\/wp-content\/uploads\/2017\/07\/patriarca-bartolomeu-600x398.jpg 600w, https:\/\/news.ecclesia.org.br\/wp-content\/uploads\/2017\/07\/patriarca-bartolomeu-83x55.jpg 83w, https:\/\/news.ecclesia.org.br\/wp-content\/uploads\/2017\/07\/patriarca-bartolomeu-60x40.jpg 60w, https:\/\/news.ecclesia.org.br\/wp-content\/uploads\/2017\/07\/patriarca-bartolomeu-120x80.jpg 120w, https:\/\/news.ecclesia.org.br\/wp-content\/uploads\/2017\/07\/patriarca-bartolomeu.jpg 900w\" sizes=\"(max-width: 300px) 100vw, 300px\" \/><\/a><figcaption id=\"caption-attachment-23663\" class=\"wp-caption-text\">S. Santidade Bartolomeu I, Patriarca Ecum\u00eanico.<\/figcaption><\/figure>\n<p style=\"text-align: justify;\">&#8220;Uma profunda comunh\u00e3o de prop\u00f3sitos nos uniu desde a sua elei\u00e7\u00e3o, prosseguiu fecunda nestes cinco anos de seu pontificado e nos uniu em v\u00e1rios eventos e momentos&#8221;, disse Bartolomeu I a prop\u00f3sito do Papa Francisco.<\/p>\n<blockquote>\n<p style=\"text-align: justify;\">\u201cMesmo devagar e \u00e0s vezes com dificuldade, o caminho rumo \u00e0 unidade de nossas Igrejas Santas n\u00e3o para, porque Deus quer assim e porque devemos ser suas testemunhas neste mundo que n\u00e3o tem interesse por Ele.\u201d<\/p>\n<\/blockquote>\n<p style=\"text-align: justify;\">Foi o que disse, nesta ter\u00e7a-feira (03\/04), o Patriarca Ecum\u00eanico de Constantinopla, Bartolomeu I, recebendo, em Istambul, na Turquia, o vig\u00e1rio do Papa Francisco para a Diocese de Roma, Dom Angelo De Donatis, e setenta sacerdotes dessa diocese que est\u00e3o fazendo uma peregrina\u00e7\u00e3o pela Turquia, com um grupo de peregrinos da Opera Romana Pellegrinaggi.<\/p>\n<p style=\"text-align: justify;\">O Patriarca falou sobre a diferente data da P\u00e1scoa entre a Igreja Cat\u00f3lica e Ortodoxa: \u201cDesde o s\u00e9culo XVI, a dist\u00e2ncia entre o calend\u00e1rio juliano e o calend\u00e1rio gregoriano levou a uma diferencia\u00e7\u00e3o da data da P\u00e1scoa.\u201d<\/p>\n<blockquote>\n<p style=\"text-align: justify;\">\u201cEstamos certos de que quando os tempos forem maduros, as nossas Igrejas saber\u00e3o com humildade e disponibilidade colocar em pr\u00e1tica um projeto comum e ouvir o convite de S\u00e3o Paulo, como um grito que ressoa, urgente hoje, num mundo globalizado e midi\u00e1tico: &#8216;De fato, Cristo, nossa p\u00e1scoa, foi imolado. Portanto, celebremos a festa\u201d (1 Cor. 5, 7-8).<\/p>\n<p style=\"text-align: justify;\">\u201cVoc\u00eas vieram de Roma onde h\u00e1 o bispo, o nosso amado Irm\u00e3o Papa Francisco. Uma profunda comunh\u00e3o de prop\u00f3sitos nos uniu desde a sua elei\u00e7\u00e3o, prosseguiu fecunda nestes cinco anos de seu pontificado e nos uniu em v\u00e1rios eventos e momentos.\u201d<\/p>\n<\/blockquote>\n<p style=\"text-align: justify;\">Segundo a Ag\u00eancia Sir, Dom De Donatis disse a Bartolomeu I que se encontrou no \u00faltimo domingo com o Papa Francisco que lhe disse levar suas sauda\u00e7\u00f5es ao patriarca.<\/p>\n<blockquote><p>\u201cEstamos felizes de estar aqui, hoje. Para n\u00f3s \u00e9 uma grande alegria. Voltamos sempre de bom grado para despertar esta mem\u00f3ria espiritual que faz bem ao caminho de sequela de Jesus Cristo.\u201d<\/p>\n<hr \/>\n<p style=\"text-align: right;\">Fonte: <a href=\"http:\/\/www.vaticannews.va\/pt\/igreja\/news\/2018-04\/bartolomeu-ao-clero-de-roma--unidade-de-nossas-igrejas-nao-para.html\" target=\"_blank\" rel=\"noopener\">Vatican News<\/a><\/p>\n<\/blockquote>\n","protected":false},"excerpt":{"rendered":"<p>&#8220;Uma profunda comunh\u00e3o de prop\u00f3sitos nos uniu desde a sua elei\u00e7\u00e3o, prosseguiu fecunda nestes cinco anos de seu pontificado e nos uniu em v\u00e1rios eventos e momentos&#8221;, disse Bartolomeu I a prop\u00f3sito do Papa Francisco. \u201cMesmo devagar e \u00e0s vezes&#8230;<\/p>\n","protected":false},"author":1,"featured_media":8259,"comment_status":"open","ping_status":"open","sticky":false,"template":"","format":"standard","meta":{"_acf_changed":false,"footnotes":""},"categories":[72],"tags":[],"class_list":["post-24928","post","type-post","status-publish","format-standard","has-post-thumbnail","hentry","category-patriarcado-ecumenico","entry","rows-excerpt"],"acf":[],"yoast_head":"<!-- This site is optimized with the Yoast SEO plugin v27.4 - https:\/\/yoast.com\/product\/yoast-seo-wordpress\/ -->\n<title>Bartolomeu ao clero de Roma: unidade de nossas Igrejas n\u00e3o para | ECCLESIA NEWS<\/title>\n<meta name=\"robots\" content=\"index, follow, max-snippet:-1, max-image-preview:large, max-video-preview:-1\" \/>\n<link rel=\"canonical\" href=\"https:\/\/news.ecclesia.org.br\/?p=24928\" \/>\n<meta property=\"og:locale\" content=\"pt_BR\" \/>\n<meta property=\"og:type\" content=\"article\" \/>\n<meta property=\"og:title\" content=\"Bartolomeu ao clero de Roma: unidade de nossas Igrejas n\u00e3o para | ECCLESIA NEWS\" \/>\n<meta property=\"og:description\" content=\"&#8220;Uma profunda comunh\u00e3o de prop\u00f3sitos nos uniu desde a sua elei\u00e7\u00e3o, prosseguiu fecunda nestes cinco anos de seu pontificado e nos uniu em v\u00e1rios eventos e momentos&#8221;, disse Bartolomeu I a prop\u00f3sito do Papa Francisco. \u201cMesmo devagar e \u00e0s vezes&#8230;\" \/>\n<meta property=\"og:url\" content=\"https:\/\/news.ecclesia.org.br\/?p=24928\" \/>\n<meta property=\"og:site_name\" content=\"ECCLESIA NEWS\" \/>\n<meta property=\"article:publisher\" content=\"https:\/\/www.facebook.com\/Ecclesia2025\" \/>\n<meta property=\"article:published_time\" content=\"2018-04-04T17:44:48+00:00\" \/>\n<meta property=\"article:modified_time\" content=\"2018-04-04T17:49:17+00:00\" \/>\n<meta property=\"og:image\" content=\"https:\/\/news.ecclesia.org.br\/wp-content\/uploads\/2015\/10\/papa-patriarca-1.jpg\" \/>\n\t<meta property=\"og:image:width\" content=\"640\" \/>\n\t<meta property=\"og:image:height\" content=\"453\" \/>\n\t<meta property=\"og:image:type\" content=\"image\/jpeg\" \/>\n<meta name=\"author\" content=\"Pe. Andr\u00e9\" \/>\n<meta name=\"twitter:card\" content=\"summary_large_image\" \/>\n<meta name=\"twitter:creator\" content=\"@EcclesiaNews\" \/>\n<meta name=\"twitter:site\" content=\"@EcclesiaNews\" \/>\n<meta name=\"twitter:label1\" content=\"Escrito por\" \/>\n\t<meta name=\"twitter:data1\" content=\"Pe. Andr\u00e9\" \/>\n\t<meta name=\"twitter:label2\" content=\"Est. tempo de leitura\" \/>\n\t<meta name=\"twitter:data2\" content=\"2 minutos\" \/>\n<script type=\"application\/ld+json\" class=\"yoast-schema-graph\">{\"@context\":\"https:\\\/\\\/schema.org\",\"@graph\":[{\"@type\":\"Article\",\"@id\":\"https:\\\/\\\/news.ecclesia.org.br\\\/?p=24928#article\",\"isPartOf\":{\"@id\":\"https:\\\/\\\/news.ecclesia.org.br\\\/?p=24928\"},\"author\":{\"name\":\"Pe. Andr\u00e9\",\"@id\":\"https:\\\/\\\/news.ecclesia.org.br\\\/#\\\/schema\\\/person\\\/6f09597f025829745ba414a569f63758\"},\"headline\":\"Bartolomeu ao clero de Roma: unidade de nossas Igrejas n\u00e3o para\",\"datePublished\":\"2018-04-04T17:44:48+00:00\",\"dateModified\":\"2018-04-04T17:49:17+00:00\",\"mainEntityOfPage\":{\"@id\":\"https:\\\/\\\/news.ecclesia.org.br\\\/?p=24928\"},\"wordCount\":380,\"commentCount\":1,\"publisher\":{\"@id\":\"https:\\\/\\\/news.ecclesia.org.br\\\/#organization\"},\"image\":{\"@id\":\"https:\\\/\\\/news.ecclesia.org.br\\\/?p=24928#primaryimage\"},\"thumbnailUrl\":\"https:\\\/\\\/news.ecclesia.org.br\\\/wp-content\\\/uploads\\\/2015\\\/10\\\/papa-patriarca-1.jpg\",\"articleSection\":[\"Patriarcado Ecum\u00eanico\"],\"inLanguage\":\"pt-BR\",\"potentialAction\":[{\"@type\":\"CommentAction\",\"name\":\"Comment\",\"target\":[\"https:\\\/\\\/news.ecclesia.org.br\\\/?p=24928#respond\"]}]},{\"@type\":\"WebPage\",\"@id\":\"https:\\\/\\\/news.ecclesia.org.br\\\/?p=24928\",\"url\":\"https:\\\/\\\/news.ecclesia.org.br\\\/?p=24928\",\"name\":\"Bartolomeu ao clero de Roma: unidade de nossas Igrejas n\u00e3o para | ECCLESIA NEWS\",\"isPartOf\":{\"@id\":\"https:\\\/\\\/news.ecclesia.org.br\\\/#website\"},\"primaryImageOfPage\":{\"@id\":\"https:\\\/\\\/news.ecclesia.org.br\\\/?p=24928#primaryimage\"},\"image\":{\"@id\":\"https:\\\/\\\/news.ecclesia.org.br\\\/?p=24928#primaryimage\"},\"thumbnailUrl\":\"https:\\\/\\\/news.ecclesia.org.br\\\/wp-content\\\/uploads\\\/2015\\\/10\\\/papa-patriarca-1.jpg\",\"datePublished\":\"2018-04-04T17:44:48+00:00\",\"dateModified\":\"2018-04-04T17:49:17+00:00\",\"breadcrumb\":{\"@id\":\"https:\\\/\\\/news.ecclesia.org.br\\\/?p=24928#breadcrumb\"},\"inLanguage\":\"pt-BR\",\"potentialAction\":[{\"@type\":\"ReadAction\",\"target\":[\"https:\\\/\\\/news.ecclesia.org.br\\\/?p=24928\"]}]},{\"@type\":\"ImageObject\",\"inLanguage\":\"pt-BR\",\"@id\":\"https:\\\/\\\/news.ecclesia.org.br\\\/?p=24928#primaryimage\",\"url\":\"https:\\\/\\\/news.ecclesia.org.br\\\/wp-content\\\/uploads\\\/2015\\\/10\\\/papa-patriarca-1.jpg\",\"contentUrl\":\"https:\\\/\\\/news.ecclesia.org.br\\\/wp-content\\\/uploads\\\/2015\\\/10\\\/papa-patriarca-1.jpg\",\"width\":640,\"height\":453},{\"@type\":\"BreadcrumbList\",\"@id\":\"https:\\\/\\\/news.ecclesia.org.br\\\/?p=24928#breadcrumb\",\"itemListElement\":[{\"@type\":\"ListItem\",\"position\":1,\"name\":\"In\u00edcio\",\"item\":\"https:\\\/\\\/news.ecclesia.org.br\\\/\"},{\"@type\":\"ListItem\",\"position\":2,\"name\":\"Bartolomeu ao clero de Roma: unidade de nossas Igrejas n\u00e3o para\"}]},{\"@type\":\"WebSite\",\"@id\":\"https:\\\/\\\/news.ecclesia.org.br\\\/#website\",\"url\":\"https:\\\/\\\/news.ecclesia.org.br\\\/\",\"name\":\"Ecclesia Brasil\",\"description\":\"Desde 2003 onectando o Brasil ao mundo ortodoxo!\",\"publisher\":{\"@id\":\"https:\\\/\\\/news.ecclesia.org.br\\\/#organization\"},\"alternateName\":\"Ecclesia\",\"potentialAction\":[{\"@type\":\"SearchAction\",\"target\":{\"@type\":\"EntryPoint\",\"urlTemplate\":\"https:\\\/\\\/news.ecclesia.org.br\\\/?s={search_term_string}\"},\"query-input\":{\"@type\":\"PropertyValueSpecification\",\"valueRequired\":true,\"valueName\":\"search_term_string\"}}],\"inLanguage\":\"pt-BR\"},{\"@type\":\"Organization\",\"@id\":\"https:\\\/\\\/news.ecclesia.org.br\\\/#organization\",\"name\":\"Sacra Arquidiocese de Buenos Aires e Am\u00e9rica do Sul | Patriarcado Ecum\u00eanico\",\"alternateName\":\"News Ecclesia Brasil\",\"url\":\"https:\\\/\\\/news.ecclesia.org.br\\\/\",\"logo\":{\"@type\":\"ImageObject\",\"inLanguage\":\"pt-BR\",\"@id\":\"https:\\\/\\\/news.ecclesia.org.br\\\/#\\\/schema\\\/logo\\\/image\\\/\",\"url\":\"https:\\\/\\\/news.ecclesia.org.br\\\/wp-content\\\/uploads\\\/2025\\\/05\\\/ecclesia2.png\",\"contentUrl\":\"https:\\\/\\\/news.ecclesia.org.br\\\/wp-content\\\/uploads\\\/2025\\\/05\\\/ecclesia2.png\",\"width\":480,\"height\":120,\"caption\":\"Sacra Arquidiocese de Buenos Aires e Am\u00e9rica do Sul | Patriarcado Ecum\u00eanico\"},\"image\":{\"@id\":\"https:\\\/\\\/news.ecclesia.org.br\\\/#\\\/schema\\\/logo\\\/image\\\/\"},\"sameAs\":[\"https:\\\/\\\/www.facebook.com\\\/Ecclesia2025\",\"https:\\\/\\\/x.com\\\/EcclesiaNews\",\"https:\\\/\\\/br.pinterest.com\\\/ekklisia\\\/\",\"https:\\\/\\\/www.youtube.com\\\/@EcclesiaBrasil\"]},{\"@type\":\"Person\",\"@id\":\"https:\\\/\\\/news.ecclesia.org.br\\\/#\\\/schema\\\/person\\\/6f09597f025829745ba414a569f63758\",\"name\":\"Pe. Andr\u00e9\",\"image\":{\"@type\":\"ImageObject\",\"inLanguage\":\"pt-BR\",\"@id\":\"https:\\\/\\\/secure.gravatar.com\\\/avatar\\\/b4327cfa27e9799da239a26adcd534fc29cdc0c4a4a148eecbcfeb9b42c617ac?s=96&d=mm&r=g\",\"url\":\"https:\\\/\\\/secure.gravatar.com\\\/avatar\\\/b4327cfa27e9799da239a26adcd534fc29cdc0c4a4a148eecbcfeb9b42c617ac?s=96&d=mm&r=g\",\"contentUrl\":\"https:\\\/\\\/secure.gravatar.com\\\/avatar\\\/b4327cfa27e9799da239a26adcd534fc29cdc0c4a4a148eecbcfeb9b42c617ac?s=96&d=mm&r=g\",\"caption\":\"Pe. Andr\u00e9\"},\"sameAs\":[\"https:\\\/\\\/www.ecclesia.org.br\"]}]}<\/script>\n<!-- \/ Yoast SEO plugin. -->","yoast_head_json":{"title":"Bartolomeu ao clero de Roma: unidade de nossas Igrejas n\u00e3o para | ECCLESIA NEWS","robots":{"index":"index","follow":"follow","max-snippet":"max-snippet:-1","max-image-preview":"max-image-preview:large","max-video-preview":"max-video-preview:-1"},"canonical":"https:\/\/news.ecclesia.org.br\/?p=24928","og_locale":"pt_BR","og_type":"article","og_title":"Bartolomeu ao clero de Roma: unidade de nossas Igrejas n\u00e3o para | ECCLESIA NEWS","og_description":"&#8220;Uma profunda comunh\u00e3o de prop\u00f3sitos nos uniu desde a sua elei\u00e7\u00e3o, prosseguiu fecunda nestes cinco anos de seu pontificado e nos uniu em v\u00e1rios eventos e momentos&#8221;, disse Bartolomeu I a prop\u00f3sito do Papa Francisco. \u201cMesmo devagar e \u00e0s vezes&#8230;","og_url":"https:\/\/news.ecclesia.org.br\/?p=24928","og_site_name":"ECCLESIA NEWS","article_publisher":"https:\/\/www.facebook.com\/Ecclesia2025","article_published_time":"2018-04-04T17:44:48+00:00","article_modified_time":"2018-04-04T17:49:17+00:00","og_image":[{"width":640,"height":453,"url":"https:\/\/news.ecclesia.org.br\/wp-content\/uploads\/2015\/10\/papa-patriarca-1.jpg","type":"image\/jpeg"}],"author":"Pe. Andr\u00e9","twitter_card":"summary_large_image","twitter_creator":"@EcclesiaNews","twitter_site":"@EcclesiaNews","twitter_misc":{"Escrito por":"Pe. Andr\u00e9","Est. tempo de leitura":"2 minutos"},"schema":{"@context":"https:\/\/schema.org","@graph":[{"@type":"Article","@id":"https:\/\/news.ecclesia.org.br\/?p=24928#article","isPartOf":{"@id":"https:\/\/news.ecclesia.org.br\/?p=24928"},"author":{"name":"Pe. Andr\u00e9","@id":"https:\/\/news.ecclesia.org.br\/#\/schema\/person\/6f09597f025829745ba414a569f63758"},"headline":"Bartolomeu ao clero de Roma: unidade de nossas Igrejas n\u00e3o para","datePublished":"2018-04-04T17:44:48+00:00","dateModified":"2018-04-04T17:49:17+00:00","mainEntityOfPage":{"@id":"https:\/\/news.ecclesia.org.br\/?p=24928"},"wordCount":380,"commentCount":1,"publisher":{"@id":"https:\/\/news.ecclesia.org.br\/#organization"},"image":{"@id":"https:\/\/news.ecclesia.org.br\/?p=24928#primaryimage"},"thumbnailUrl":"https:\/\/news.ecclesia.org.br\/wp-content\/uploads\/2015\/10\/papa-patriarca-1.jpg","articleSection":["Patriarcado Ecum\u00eanico"],"inLanguage":"pt-BR","potentialAction":[{"@type":"CommentAction","name":"Comment","target":["https:\/\/news.ecclesia.org.br\/?p=24928#respond"]}]},{"@type":"WebPage","@id":"https:\/\/news.ecclesia.org.br\/?p=24928","url":"https:\/\/news.ecclesia.org.br\/?p=24928","name":"Bartolomeu ao clero de Roma: unidade de nossas Igrejas n\u00e3o para | ECCLESIA NEWS","isPartOf":{"@id":"https:\/\/news.ecclesia.org.br\/#website"},"primaryImageOfPage":{"@id":"https:\/\/news.ecclesia.org.br\/?p=24928#primaryimage"},"image":{"@id":"https:\/\/news.ecclesia.org.br\/?p=24928#primaryimage"},"thumbnailUrl":"https:\/\/news.ecclesia.org.br\/wp-content\/uploads\/2015\/10\/papa-patriarca-1.jpg","datePublished":"2018-04-04T17:44:48+00:00","dateModified":"2018-04-04T17:49:17+00:00","breadcrumb":{"@id":"https:\/\/news.ecclesia.org.br\/?p=24928#breadcrumb"},"inLanguage":"pt-BR","potentialAction":[{"@type":"ReadAction","target":["https:\/\/news.ecclesia.org.br\/?p=24928"]}]},{"@type":"ImageObject","inLanguage":"pt-BR","@id":"https:\/\/news.ecclesia.org.br\/?p=24928#primaryimage","url":"https:\/\/news.ecclesia.org.br\/wp-content\/uploads\/2015\/10\/papa-patriarca-1.jpg","contentUrl":"https:\/\/news.ecclesia.org.br\/wp-content\/uploads\/2015\/10\/papa-patriarca-1.jpg","width":640,"height":453},{"@type":"BreadcrumbList","@id":"https:\/\/news.ecclesia.org.br\/?p=24928#breadcrumb","itemListElement":[{"@type":"ListItem","position":1,"name":"In\u00edcio","item":"https:\/\/news.ecclesia.org.br\/"},{"@type":"ListItem","position":2,"name":"Bartolomeu ao clero de Roma: unidade de nossas Igrejas n\u00e3o para"}]},{"@type":"WebSite","@id":"https:\/\/news.ecclesia.org.br\/#website","url":"https:\/\/news.ecclesia.org.br\/","name":"Ecclesia Brasil","description":"Desde 2003 onectando o Brasil ao mundo ortodoxo!","publisher":{"@id":"https:\/\/news.ecclesia.org.br\/#organization"},"alternateName":"Ecclesia","potentialAction":[{"@type":"SearchAction","target":{"@type":"EntryPoint","urlTemplate":"https:\/\/news.ecclesia.org.br\/?s={search_term_string}"},"query-input":{"@type":"PropertyValueSpecification","valueRequired":true,"valueName":"search_term_string"}}],"inLanguage":"pt-BR"},{"@type":"Organization","@id":"https:\/\/news.ecclesia.org.br\/#organization","name":"Sacra Arquidiocese de Buenos Aires e Am\u00e9rica do Sul | Patriarcado Ecum\u00eanico","alternateName":"News Ecclesia Brasil","url":"https:\/\/news.ecclesia.org.br\/","logo":{"@type":"ImageObject","inLanguage":"pt-BR","@id":"https:\/\/news.ecclesia.org.br\/#\/schema\/logo\/image\/","url":"https:\/\/news.ecclesia.org.br\/wp-content\/uploads\/2025\/05\/ecclesia2.png","contentUrl":"https:\/\/news.ecclesia.org.br\/wp-content\/uploads\/2025\/05\/ecclesia2.png","width":480,"height":120,"caption":"Sacra Arquidiocese de Buenos Aires e Am\u00e9rica do Sul | Patriarcado Ecum\u00eanico"},"image":{"@id":"https:\/\/news.ecclesia.org.br\/#\/schema\/logo\/image\/"},"sameAs":["https:\/\/www.facebook.com\/Ecclesia2025","https:\/\/x.com\/EcclesiaNews","https:\/\/br.pinterest.com\/ekklisia\/","https:\/\/www.youtube.com\/@EcclesiaBrasil"]},{"@type":"Person","@id":"https:\/\/news.ecclesia.org.br\/#\/schema\/person\/6f09597f025829745ba414a569f63758","name":"Pe. Andr\u00e9","image":{"@type":"ImageObject","inLanguage":"pt-BR","@id":"https:\/\/secure.gravatar.com\/avatar\/b4327cfa27e9799da239a26adcd534fc29cdc0c4a4a148eecbcfeb9b42c617ac?s=96&d=mm&r=g","url":"https:\/\/secure.gravatar.com\/avatar\/b4327cfa27e9799da239a26adcd534fc29cdc0c4a4a148eecbcfeb9b42c617ac?s=96&d=mm&r=g","contentUrl":"https:\/\/secure.gravatar.com\/avatar\/b4327cfa27e9799da239a26adcd534fc29cdc0c4a4a148eecbcfeb9b42c617ac?s=96&d=mm&r=g","caption":"Pe. Andr\u00e9"},"sameAs":["https:\/\/www.ecclesia.org.br"]}]}},"_links":{"self":[{"href":"https:\/\/news.ecclesia.org.br\/index.php?rest_route=\/wp\/v2\/posts\/24928","targetHints":{"allow":["GET"]}}],"collection":[{"href":"https:\/\/news.ecclesia.org.br\/index.php?rest_route=\/wp\/v2\/posts"}],"about":[{"href":"https:\/\/news.ecclesia.org.br\/index.php?rest_route=\/wp\/v2\/types\/post"}],"author":[{"embeddable":true,"href":"https:\/\/news.ecclesia.org.br\/index.php?rest_route=\/wp\/v2\/users\/1"}],"replies":[{"embeddable":true,"href":"https:\/\/news.ecclesia.org.br\/index.php?rest_route=%2Fwp%2Fv2%2Fcomments&post=24928"}],"version-history":[{"count":0,"href":"https:\/\/news.ecclesia.org.br\/index.php?rest_route=\/wp\/v2\/posts\/24928\/revisions"}],"wp:featuredmedia":[{"embeddable":true,"href":"https:\/\/news.ecclesia.org.br\/index.php?rest_route=\/wp\/v2\/media\/8259"}],"wp:attachment":[{"href":"https:\/\/news.ecclesia.org.br\/index.php?rest_route=%2Fwp%2Fv2%2Fmedia&parent=24928"}],"wp:term":[{"taxonomy":"category","embeddable":true,"href":"https:\/\/news.ecclesia.org.br\/index.php?rest_route=%2Fwp%2Fv2%2Fcategories&post=24928"},{"taxonomy":"post_tag","embeddable":true,"href":"https:\/\/news.ecclesia.org.br\/index.php?rest_route=%2Fwp%2Fv2%2Ftags&post=24928"}],"curies":[{"name":"wp","href":"https:\/\/api.w.org\/{rel}","templated":true}]}}