{"id":24920,"date":"2018-03-25T19:11:40","date_gmt":"2018-03-25T22:11:40","guid":{"rendered":"https:\/\/news.ecclesia.org.br\/2013\/?p=24920"},"modified":"2023-09-16T07:06:24","modified_gmt":"2023-09-16T10:06:24","slug":"grecia-comemora-sua-data-nacional-da-independencia","status":"publish","type":"post","link":"https:\/\/news.ecclesia.org.br\/?p=24920","title":{"rendered":"25 de Mar\u00e7o de 2018: Gr\u00e9cia comemora sua Data Nacional da Independ\u00eancia"},"content":{"rendered":"<h4><a href=\"https:\/\/news.ecclesia.org.br\/2013\/wp-content\/uploads\/2018\/03\/25-de-marco-de-1821-independencia-da-grecia_1902965.jpg\"><img fetchpriority=\"high\" decoding=\"async\" class=\"aligncenter wp-image-24922 size-full\" src=\"https:\/\/news.ecclesia.org.br\/2013\/wp-content\/uploads\/2018\/03\/25-de-marco-de-1821-independencia-da-grecia_1902965.jpg\" alt=\"\" width=\"696\" height=\"306\" srcset=\"https:\/\/news.ecclesia.org.br\/wp-content\/uploads\/2018\/03\/25-de-marco-de-1821-independencia-da-grecia_1902965.jpg 696w, https:\/\/news.ecclesia.org.br\/wp-content\/uploads\/2018\/03\/25-de-marco-de-1821-independencia-da-grecia_1902965-300x132.jpg 300w, https:\/\/news.ecclesia.org.br\/wp-content\/uploads\/2018\/03\/25-de-marco-de-1821-independencia-da-grecia_1902965-600x264.jpg 600w, https:\/\/news.ecclesia.org.br\/wp-content\/uploads\/2018\/03\/25-de-marco-de-1821-independencia-da-grecia_1902965-125x55.jpg 125w\" sizes=\"(max-width: 696px) 100vw, 696px\" \/><\/a><\/h4>\n<h4>Liberdade ou morte! 25 de mar\u00e7o de 1821 \u00e9 a data nacional de independ\u00eancia da Gr\u00e9cia.<\/h4>\n<p style=\"text-align: right;\">Autor do artigo: Max Goniadis<br \/>\n(Revisado por Edimarcio Augusto Monteiro)<\/p>\n<p style=\"text-align: justify;\">Quem ama a Gr\u00e9cia ou que j\u00e1 teve a oportunidade maravilhosa de ir nesse pa\u00eds, talvez n\u00e3o conhe\u00e7a as p\u00e1ginas da hist\u00f3ria de muitos do povo grego que deram o seu sangue e vidas, literalmente falando, para que a na\u00e7\u00e3o se tornasse independente debaixo do jugo assassino do poderoso Imp\u00e9rio Otomano, hoje Turquia.<\/p>\n<p style=\"text-align: justify;\">A denominada guerra de independ\u00eancia da Gr\u00e9cia ou Revolu\u00e7\u00e3o Grega foi levada adiante pelos hel\u00eanicos frente aos otomanos com o \u00fanico intuito de dar uma raz\u00e3o as suas vidas, a saber, a independ\u00eancia desse pequeno pa\u00eds do Sudeste europeu.<\/p>\n<p style=\"text-align: justify;\">Depois de muitos anos de severos combates em que os gregos tiveram o apoio de outras na\u00e7\u00f5es da Europa, a independ\u00eancia foi institu\u00edda na forma do Tratado de Constantinopla, promulgado em julho do ano de 1832.<\/p>\n<p style=\"text-align: justify;\">Vale frisar de que o povo da Gr\u00e9cia passou a ser o primeiro que conseguiu estabelecer um Estado soberano contra o Imp\u00e9rio Otomano.<\/p>\n<p style=\"text-align: justify;\">A data nacional de independ\u00eancia da Rep\u00fablica Hel\u00eanica instaurada foi 25 de mar\u00e7o de 1821. Todo dia 25 de mar\u00e7o, que ser\u00e1 neste domingo (neste ano de 2018), o fato hist\u00f3rico \u00e9 lembrado como feriado nacional na Gr\u00e9cia e lembrado pelos gregos presentes nos quatro cantos do mundo.<\/p>\n<h2 style=\"text-align: justify;\">Contexto pol\u00edtico, econ\u00f4mico e cultural<\/h2>\n<p style=\"text-align: justify;\">No que diz respeito \u00e0 atmosfera pol\u00edtica da \u00e9poca, vale frisar de que a queda de Constantinopla, em 1453, com a posterior derrubada das cidades de Trapezounda e Mistra, em 1461, determinaram o t\u00e9rmino da soberania dos gregos ao longo de quatro s\u00e9culos naquela parte do globo. A partir de ent\u00e3o, os otomanos, \u00e0 exce\u00e7\u00e3o das ilhas do Mar J\u00f4nico e da pen\u00ednsula grega de Mani, controlaram completamente o restante da Gr\u00e9cia.<\/p>\n<p style=\"text-align: justify;\"><strong>O povo grego at\u00e9 conseguiu salvaguardar as suas tradi\u00e7\u00f5es e culturas, gra\u00e7as principalmente ao empenho da Igreja Ortodoxa Grega<\/strong>, mas nada al\u00e9m disso, sendo tratado como escravos pelos opressores, sem nenhum direito por mais b\u00e1sico que fosse. Por outro lado, durante os s\u00e9culos XVIII e XIX, a na\u00e7\u00e3o hel\u00eanica oprimida e outros pa\u00edses na Europa serviram como palco para o florescimento do nacionalismo grego na forma de revolu\u00e7\u00f5es e armas.<\/p>\n<p style=\"text-align: justify;\">A luta pela independ\u00eancia da Gr\u00e9cia come\u00e7ou a conquistar apoio n\u00e3o somente dos filelenos (amigos ou simpatizantes dos gregos) ocidentais da Europa. Por\u00e9m, tamb\u00e9m de in\u00fameros mercadores gregos, que se encontravam disseminados pela Europa Ocidental e pela R\u00fassia.<\/p>\n<h2 style=\"text-align: justify;\">Consequ\u00eancias da revolu\u00e7\u00e3o<\/h2>\n<p style=\"text-align: justify;\">Muito embora a Gr\u00e9cia tenha logrado \u00eaxito em se libertar de exatos 400 anos do dom\u00ednio assassino dos otomanos, a revolu\u00e7\u00e3o grega n\u00e3o conseguiu estabelecer as melhores das condi\u00e7\u00f5es de vida no pa\u00eds hel\u00eanico imediatamente. Tanto \u00e9 assim que a Gr\u00e3-Bretanha, R\u00fassia e Fran\u00e7a insistiam em reivindicar por mais influ\u00eancia no campo pol\u00edtico dos gregos.<\/p>\n<p style=\"text-align: justify;\">A Gr\u00e9cia do p\u00f3s-guerra estava repleta de refugiados e enormes propriedades turcas em solo grego no completo estado de abandono, da\u00ed a reforma agr\u00e1ria ser uma necessidade imediata. \u00c9 importante que se diga que mais jovem na\u00e7\u00e3o europeia possu\u00eda menos 800 mil indiv\u00edduos, ou seja, menos do que um ter\u00e7o dos 2,5 milh\u00f5es de habitantes gregos por ocasi\u00e3o do auge do Imp\u00e9rio Otomano.<\/p>\n<p style=\"text-align: justify;\">A ironia hist\u00f3rica \u00e9 que os gregos escravizados foram encarados com a sua liberta\u00e7\u00e3o como traidores no Imp\u00e9rio Otomano, sobretudo pela numerosa popula\u00e7\u00e3o mu\u00e7ulmana ou os fanariotas, como eram assim chamados, os quais possu\u00edam cargos muito importantes no Imp\u00e9rio Otomano.<\/p>\n<p style=\"text-align: justify;\">Obviamente que os gregos em geral viam os fanariotas como espi\u00f5es ou suspeitos remanescentes do Imp\u00e9rio Otomano. J\u00e1 em Constantinopla e nos demais territ\u00f3rios otomanos, locais em que os mercadores e banqueiros gregos detinham forte influ\u00eancia, ocorreram a transi\u00e7\u00e3o por banqueiros da Arm\u00eania e mercadores da Bulg\u00e1ria.<\/p>\n<p style=\"text-align: justify;\">Do ponto de vista a longo prazo, a revolu\u00e7\u00e3o grega funcionou como o estopim para a ru\u00edna do Imp\u00e9rio Otomano, pois <strong>pela primeira vez um povo autodenominado crist\u00e3o conseguiu enxotar na base de muito sangue a domina\u00e7\u00e3o turca, estabelecendo um Estado realmente livre e soberano, o qual foi logo reconhecido por toda a Europa.<\/strong><\/p>\n<h2>Hino Nacional da Gr\u00e9cia cantado, legendado e traduzido<\/h2>\n<p><iframe src=\"https:\/\/www.youtube.com\/embed\/sdKLFZ8IL1o\" width=\"560\" height=\"315\" frameborder=\"0\" allowfullscreen=\"allowfullscreen\"><\/iframe><\/p>\n<hr \/>\n<p style=\"text-align: right;\">Fonte: <a href=\"https:\/\/br.blastingnews.com\/concursos\/2018\/03\/caixa-economica-federal-anuncia-concurso-para-estagiarios-002428175.html\" target=\"_blank\" rel=\"noopener\">Blastingnews.com<\/a><\/p>\n","protected":false},"excerpt":{"rendered":"<p>Liberdade ou morte! 25 de mar\u00e7o de 1821 \u00e9 a data nacional de independ\u00eancia da Gr\u00e9cia. Autor do artigo: Max Goniadis (Revisado por Edimarcio Augusto Monteiro) Quem ama a Gr\u00e9cia ou que j\u00e1 teve a oportunidade maravilhosa de ir nesse&#8230;<\/p>\n","protected":false},"author":1,"featured_media":24921,"comment_status":"open","ping_status":"open","sticky":false,"template":"","format":"standard","meta":{"_acf_changed":false,"footnotes":""},"categories":[2743,1],"tags":[],"class_list":["post-24920","post","type-post","status-publish","format-standard","has-post-thumbnail","hentry","category-grecia","category-news","entry","rows-excerpt"],"acf":[],"yoast_head":"<!-- This site is optimized with the Yoast SEO plugin v27.4 - https:\/\/yoast.com\/product\/yoast-seo-wordpress\/ -->\n<title>25 de Mar\u00e7o de 2018: Gr\u00e9cia comemora sua Data Nacional da Independ\u00eancia | ECCLESIA NEWS<\/title>\n<meta name=\"robots\" content=\"index, follow, max-snippet:-1, max-image-preview:large, max-video-preview:-1\" \/>\n<link rel=\"canonical\" href=\"https:\/\/news.ecclesia.org.br\/?p=24920\" \/>\n<meta property=\"og:locale\" content=\"pt_BR\" \/>\n<meta property=\"og:type\" content=\"article\" \/>\n<meta property=\"og:title\" content=\"25 de Mar\u00e7o de 2018: Gr\u00e9cia comemora sua Data Nacional da Independ\u00eancia | ECCLESIA NEWS\" \/>\n<meta property=\"og:description\" content=\"Liberdade ou morte! 25 de mar\u00e7o de 1821 \u00e9 a data nacional de independ\u00eancia da Gr\u00e9cia. Autor do artigo: Max Goniadis (Revisado por Edimarcio Augusto Monteiro) Quem ama a Gr\u00e9cia ou que j\u00e1 teve a oportunidade maravilhosa de ir nesse&#8230;\" \/>\n<meta property=\"og:url\" content=\"https:\/\/news.ecclesia.org.br\/?p=24920\" \/>\n<meta property=\"og:site_name\" content=\"ECCLESIA NEWS\" \/>\n<meta property=\"article:publisher\" content=\"https:\/\/www.facebook.com\/Ecclesia2025\" \/>\n<meta property=\"article:published_time\" content=\"2018-03-25T22:11:40+00:00\" \/>\n<meta property=\"article:modified_time\" content=\"2023-09-16T10:06:24+00:00\" \/>\n<meta property=\"og:image\" content=\"https:\/\/news.ecclesia.org.br\/wp-content\/uploads\/2018\/03\/25-de-marco-de-1821-independencia-da-grecia.jpg\" \/>\n\t<meta property=\"og:image:width\" content=\"1280\" \/>\n\t<meta property=\"og:image:height\" content=\"853\" \/>\n\t<meta property=\"og:image:type\" content=\"image\/jpeg\" \/>\n<meta name=\"author\" content=\"Pe. Andr\u00e9\" \/>\n<meta name=\"twitter:card\" content=\"summary_large_image\" \/>\n<meta name=\"twitter:creator\" content=\"@EcclesiaNews\" \/>\n<meta name=\"twitter:site\" content=\"@EcclesiaNews\" \/>\n<meta name=\"twitter:label1\" content=\"Escrito por\" \/>\n\t<meta name=\"twitter:data1\" content=\"Pe. Andr\u00e9\" \/>\n\t<meta name=\"twitter:label2\" content=\"Est. tempo de leitura\" \/>\n\t<meta name=\"twitter:data2\" content=\"4 minutos\" \/>\n<script type=\"application\/ld+json\" class=\"yoast-schema-graph\">{\"@context\":\"https:\\\/\\\/schema.org\",\"@graph\":[{\"@type\":\"Article\",\"@id\":\"https:\\\/\\\/news.ecclesia.org.br\\\/?p=24920#article\",\"isPartOf\":{\"@id\":\"https:\\\/\\\/news.ecclesia.org.br\\\/?p=24920\"},\"author\":{\"name\":\"Pe. Andr\u00e9\",\"@id\":\"https:\\\/\\\/news.ecclesia.org.br\\\/#\\\/schema\\\/person\\\/6f09597f025829745ba414a569f63758\"},\"headline\":\"25 de Mar\u00e7o de 2018: Gr\u00e9cia comemora sua Data Nacional da Independ\u00eancia\",\"datePublished\":\"2018-03-25T22:11:40+00:00\",\"dateModified\":\"2023-09-16T10:06:24+00:00\",\"mainEntityOfPage\":{\"@id\":\"https:\\\/\\\/news.ecclesia.org.br\\\/?p=24920\"},\"wordCount\":778,\"commentCount\":0,\"publisher\":{\"@id\":\"https:\\\/\\\/news.ecclesia.org.br\\\/#organization\"},\"image\":{\"@id\":\"https:\\\/\\\/news.ecclesia.org.br\\\/?p=24920#primaryimage\"},\"thumbnailUrl\":\"https:\\\/\\\/news.ecclesia.org.br\\\/wp-content\\\/uploads\\\/2018\\\/03\\\/25-de-marco-de-1821-independencia-da-grecia.jpg\",\"articleSection\":[\"Igreja da Gr\u00e9cia\",\"NEWS\"],\"inLanguage\":\"pt-BR\",\"potentialAction\":[{\"@type\":\"CommentAction\",\"name\":\"Comment\",\"target\":[\"https:\\\/\\\/news.ecclesia.org.br\\\/?p=24920#respond\"]}]},{\"@type\":\"WebPage\",\"@id\":\"https:\\\/\\\/news.ecclesia.org.br\\\/?p=24920\",\"url\":\"https:\\\/\\\/news.ecclesia.org.br\\\/?p=24920\",\"name\":\"25 de Mar\u00e7o de 2018: Gr\u00e9cia comemora sua Data Nacional da Independ\u00eancia | ECCLESIA NEWS\",\"isPartOf\":{\"@id\":\"https:\\\/\\\/news.ecclesia.org.br\\\/#website\"},\"primaryImageOfPage\":{\"@id\":\"https:\\\/\\\/news.ecclesia.org.br\\\/?p=24920#primaryimage\"},\"image\":{\"@id\":\"https:\\\/\\\/news.ecclesia.org.br\\\/?p=24920#primaryimage\"},\"thumbnailUrl\":\"https:\\\/\\\/news.ecclesia.org.br\\\/wp-content\\\/uploads\\\/2018\\\/03\\\/25-de-marco-de-1821-independencia-da-grecia.jpg\",\"datePublished\":\"2018-03-25T22:11:40+00:00\",\"dateModified\":\"2023-09-16T10:06:24+00:00\",\"breadcrumb\":{\"@id\":\"https:\\\/\\\/news.ecclesia.org.br\\\/?p=24920#breadcrumb\"},\"inLanguage\":\"pt-BR\",\"potentialAction\":[{\"@type\":\"ReadAction\",\"target\":[\"https:\\\/\\\/news.ecclesia.org.br\\\/?p=24920\"]}]},{\"@type\":\"ImageObject\",\"inLanguage\":\"pt-BR\",\"@id\":\"https:\\\/\\\/news.ecclesia.org.br\\\/?p=24920#primaryimage\",\"url\":\"https:\\\/\\\/news.ecclesia.org.br\\\/wp-content\\\/uploads\\\/2018\\\/03\\\/25-de-marco-de-1821-independencia-da-grecia.jpg\",\"contentUrl\":\"https:\\\/\\\/news.ecclesia.org.br\\\/wp-content\\\/uploads\\\/2018\\\/03\\\/25-de-marco-de-1821-independencia-da-grecia.jpg\",\"width\":1280,\"height\":853},{\"@type\":\"BreadcrumbList\",\"@id\":\"https:\\\/\\\/news.ecclesia.org.br\\\/?p=24920#breadcrumb\",\"itemListElement\":[{\"@type\":\"ListItem\",\"position\":1,\"name\":\"In\u00edcio\",\"item\":\"https:\\\/\\\/news.ecclesia.org.br\\\/\"},{\"@type\":\"ListItem\",\"position\":2,\"name\":\"25 de Mar\u00e7o de 2018: Gr\u00e9cia comemora sua Data Nacional da Independ\u00eancia\"}]},{\"@type\":\"WebSite\",\"@id\":\"https:\\\/\\\/news.ecclesia.org.br\\\/#website\",\"url\":\"https:\\\/\\\/news.ecclesia.org.br\\\/\",\"name\":\"Ecclesia Brasil\",\"description\":\"Desde 2003 onectando o Brasil ao mundo ortodoxo!\",\"publisher\":{\"@id\":\"https:\\\/\\\/news.ecclesia.org.br\\\/#organization\"},\"alternateName\":\"Ecclesia\",\"potentialAction\":[{\"@type\":\"SearchAction\",\"target\":{\"@type\":\"EntryPoint\",\"urlTemplate\":\"https:\\\/\\\/news.ecclesia.org.br\\\/?s={search_term_string}\"},\"query-input\":{\"@type\":\"PropertyValueSpecification\",\"valueRequired\":true,\"valueName\":\"search_term_string\"}}],\"inLanguage\":\"pt-BR\"},{\"@type\":\"Organization\",\"@id\":\"https:\\\/\\\/news.ecclesia.org.br\\\/#organization\",\"name\":\"Sacra Arquidiocese de Buenos Aires e Am\u00e9rica do Sul | Patriarcado Ecum\u00eanico\",\"alternateName\":\"News Ecclesia Brasil\",\"url\":\"https:\\\/\\\/news.ecclesia.org.br\\\/\",\"logo\":{\"@type\":\"ImageObject\",\"inLanguage\":\"pt-BR\",\"@id\":\"https:\\\/\\\/news.ecclesia.org.br\\\/#\\\/schema\\\/logo\\\/image\\\/\",\"url\":\"https:\\\/\\\/news.ecclesia.org.br\\\/wp-content\\\/uploads\\\/2025\\\/05\\\/ecclesia2.png\",\"contentUrl\":\"https:\\\/\\\/news.ecclesia.org.br\\\/wp-content\\\/uploads\\\/2025\\\/05\\\/ecclesia2.png\",\"width\":480,\"height\":120,\"caption\":\"Sacra Arquidiocese de Buenos Aires e Am\u00e9rica do Sul | Patriarcado Ecum\u00eanico\"},\"image\":{\"@id\":\"https:\\\/\\\/news.ecclesia.org.br\\\/#\\\/schema\\\/logo\\\/image\\\/\"},\"sameAs\":[\"https:\\\/\\\/www.facebook.com\\\/Ecclesia2025\",\"https:\\\/\\\/x.com\\\/EcclesiaNews\",\"https:\\\/\\\/br.pinterest.com\\\/ekklisia\\\/\",\"https:\\\/\\\/www.youtube.com\\\/@EcclesiaBrasil\"]},{\"@type\":\"Person\",\"@id\":\"https:\\\/\\\/news.ecclesia.org.br\\\/#\\\/schema\\\/person\\\/6f09597f025829745ba414a569f63758\",\"name\":\"Pe. Andr\u00e9\",\"image\":{\"@type\":\"ImageObject\",\"inLanguage\":\"pt-BR\",\"@id\":\"https:\\\/\\\/secure.gravatar.com\\\/avatar\\\/b4327cfa27e9799da239a26adcd534fc29cdc0c4a4a148eecbcfeb9b42c617ac?s=96&d=mm&r=g\",\"url\":\"https:\\\/\\\/secure.gravatar.com\\\/avatar\\\/b4327cfa27e9799da239a26adcd534fc29cdc0c4a4a148eecbcfeb9b42c617ac?s=96&d=mm&r=g\",\"contentUrl\":\"https:\\\/\\\/secure.gravatar.com\\\/avatar\\\/b4327cfa27e9799da239a26adcd534fc29cdc0c4a4a148eecbcfeb9b42c617ac?s=96&d=mm&r=g\",\"caption\":\"Pe. Andr\u00e9\"},\"sameAs\":[\"https:\\\/\\\/www.ecclesia.org.br\"]}]}<\/script>\n<!-- \/ Yoast SEO plugin. -->","yoast_head_json":{"title":"25 de Mar\u00e7o de 2018: Gr\u00e9cia comemora sua Data Nacional da Independ\u00eancia | ECCLESIA NEWS","robots":{"index":"index","follow":"follow","max-snippet":"max-snippet:-1","max-image-preview":"max-image-preview:large","max-video-preview":"max-video-preview:-1"},"canonical":"https:\/\/news.ecclesia.org.br\/?p=24920","og_locale":"pt_BR","og_type":"article","og_title":"25 de Mar\u00e7o de 2018: Gr\u00e9cia comemora sua Data Nacional da Independ\u00eancia | ECCLESIA NEWS","og_description":"Liberdade ou morte! 25 de mar\u00e7o de 1821 \u00e9 a data nacional de independ\u00eancia da Gr\u00e9cia. Autor do artigo: Max Goniadis (Revisado por Edimarcio Augusto Monteiro) Quem ama a Gr\u00e9cia ou que j\u00e1 teve a oportunidade maravilhosa de ir nesse&#8230;","og_url":"https:\/\/news.ecclesia.org.br\/?p=24920","og_site_name":"ECCLESIA NEWS","article_publisher":"https:\/\/www.facebook.com\/Ecclesia2025","article_published_time":"2018-03-25T22:11:40+00:00","article_modified_time":"2023-09-16T10:06:24+00:00","og_image":[{"width":1280,"height":853,"url":"https:\/\/news.ecclesia.org.br\/wp-content\/uploads\/2018\/03\/25-de-marco-de-1821-independencia-da-grecia.jpg","type":"image\/jpeg"}],"author":"Pe. Andr\u00e9","twitter_card":"summary_large_image","twitter_creator":"@EcclesiaNews","twitter_site":"@EcclesiaNews","twitter_misc":{"Escrito por":"Pe. Andr\u00e9","Est. tempo de leitura":"4 minutos"},"schema":{"@context":"https:\/\/schema.org","@graph":[{"@type":"Article","@id":"https:\/\/news.ecclesia.org.br\/?p=24920#article","isPartOf":{"@id":"https:\/\/news.ecclesia.org.br\/?p=24920"},"author":{"name":"Pe. Andr\u00e9","@id":"https:\/\/news.ecclesia.org.br\/#\/schema\/person\/6f09597f025829745ba414a569f63758"},"headline":"25 de Mar\u00e7o de 2018: Gr\u00e9cia comemora sua Data Nacional da Independ\u00eancia","datePublished":"2018-03-25T22:11:40+00:00","dateModified":"2023-09-16T10:06:24+00:00","mainEntityOfPage":{"@id":"https:\/\/news.ecclesia.org.br\/?p=24920"},"wordCount":778,"commentCount":0,"publisher":{"@id":"https:\/\/news.ecclesia.org.br\/#organization"},"image":{"@id":"https:\/\/news.ecclesia.org.br\/?p=24920#primaryimage"},"thumbnailUrl":"https:\/\/news.ecclesia.org.br\/wp-content\/uploads\/2018\/03\/25-de-marco-de-1821-independencia-da-grecia.jpg","articleSection":["Igreja da Gr\u00e9cia","NEWS"],"inLanguage":"pt-BR","potentialAction":[{"@type":"CommentAction","name":"Comment","target":["https:\/\/news.ecclesia.org.br\/?p=24920#respond"]}]},{"@type":"WebPage","@id":"https:\/\/news.ecclesia.org.br\/?p=24920","url":"https:\/\/news.ecclesia.org.br\/?p=24920","name":"25 de Mar\u00e7o de 2018: Gr\u00e9cia comemora sua Data Nacional da Independ\u00eancia | ECCLESIA NEWS","isPartOf":{"@id":"https:\/\/news.ecclesia.org.br\/#website"},"primaryImageOfPage":{"@id":"https:\/\/news.ecclesia.org.br\/?p=24920#primaryimage"},"image":{"@id":"https:\/\/news.ecclesia.org.br\/?p=24920#primaryimage"},"thumbnailUrl":"https:\/\/news.ecclesia.org.br\/wp-content\/uploads\/2018\/03\/25-de-marco-de-1821-independencia-da-grecia.jpg","datePublished":"2018-03-25T22:11:40+00:00","dateModified":"2023-09-16T10:06:24+00:00","breadcrumb":{"@id":"https:\/\/news.ecclesia.org.br\/?p=24920#breadcrumb"},"inLanguage":"pt-BR","potentialAction":[{"@type":"ReadAction","target":["https:\/\/news.ecclesia.org.br\/?p=24920"]}]},{"@type":"ImageObject","inLanguage":"pt-BR","@id":"https:\/\/news.ecclesia.org.br\/?p=24920#primaryimage","url":"https:\/\/news.ecclesia.org.br\/wp-content\/uploads\/2018\/03\/25-de-marco-de-1821-independencia-da-grecia.jpg","contentUrl":"https:\/\/news.ecclesia.org.br\/wp-content\/uploads\/2018\/03\/25-de-marco-de-1821-independencia-da-grecia.jpg","width":1280,"height":853},{"@type":"BreadcrumbList","@id":"https:\/\/news.ecclesia.org.br\/?p=24920#breadcrumb","itemListElement":[{"@type":"ListItem","position":1,"name":"In\u00edcio","item":"https:\/\/news.ecclesia.org.br\/"},{"@type":"ListItem","position":2,"name":"25 de Mar\u00e7o de 2018: Gr\u00e9cia comemora sua Data Nacional da Independ\u00eancia"}]},{"@type":"WebSite","@id":"https:\/\/news.ecclesia.org.br\/#website","url":"https:\/\/news.ecclesia.org.br\/","name":"Ecclesia Brasil","description":"Desde 2003 onectando o Brasil ao mundo ortodoxo!","publisher":{"@id":"https:\/\/news.ecclesia.org.br\/#organization"},"alternateName":"Ecclesia","potentialAction":[{"@type":"SearchAction","target":{"@type":"EntryPoint","urlTemplate":"https:\/\/news.ecclesia.org.br\/?s={search_term_string}"},"query-input":{"@type":"PropertyValueSpecification","valueRequired":true,"valueName":"search_term_string"}}],"inLanguage":"pt-BR"},{"@type":"Organization","@id":"https:\/\/news.ecclesia.org.br\/#organization","name":"Sacra Arquidiocese de Buenos Aires e Am\u00e9rica do Sul | Patriarcado Ecum\u00eanico","alternateName":"News Ecclesia Brasil","url":"https:\/\/news.ecclesia.org.br\/","logo":{"@type":"ImageObject","inLanguage":"pt-BR","@id":"https:\/\/news.ecclesia.org.br\/#\/schema\/logo\/image\/","url":"https:\/\/news.ecclesia.org.br\/wp-content\/uploads\/2025\/05\/ecclesia2.png","contentUrl":"https:\/\/news.ecclesia.org.br\/wp-content\/uploads\/2025\/05\/ecclesia2.png","width":480,"height":120,"caption":"Sacra Arquidiocese de Buenos Aires e Am\u00e9rica do Sul | Patriarcado Ecum\u00eanico"},"image":{"@id":"https:\/\/news.ecclesia.org.br\/#\/schema\/logo\/image\/"},"sameAs":["https:\/\/www.facebook.com\/Ecclesia2025","https:\/\/x.com\/EcclesiaNews","https:\/\/br.pinterest.com\/ekklisia\/","https:\/\/www.youtube.com\/@EcclesiaBrasil"]},{"@type":"Person","@id":"https:\/\/news.ecclesia.org.br\/#\/schema\/person\/6f09597f025829745ba414a569f63758","name":"Pe. Andr\u00e9","image":{"@type":"ImageObject","inLanguage":"pt-BR","@id":"https:\/\/secure.gravatar.com\/avatar\/b4327cfa27e9799da239a26adcd534fc29cdc0c4a4a148eecbcfeb9b42c617ac?s=96&d=mm&r=g","url":"https:\/\/secure.gravatar.com\/avatar\/b4327cfa27e9799da239a26adcd534fc29cdc0c4a4a148eecbcfeb9b42c617ac?s=96&d=mm&r=g","contentUrl":"https:\/\/secure.gravatar.com\/avatar\/b4327cfa27e9799da239a26adcd534fc29cdc0c4a4a148eecbcfeb9b42c617ac?s=96&d=mm&r=g","caption":"Pe. Andr\u00e9"},"sameAs":["https:\/\/www.ecclesia.org.br"]}]}},"_links":{"self":[{"href":"https:\/\/news.ecclesia.org.br\/index.php?rest_route=\/wp\/v2\/posts\/24920","targetHints":{"allow":["GET"]}}],"collection":[{"href":"https:\/\/news.ecclesia.org.br\/index.php?rest_route=\/wp\/v2\/posts"}],"about":[{"href":"https:\/\/news.ecclesia.org.br\/index.php?rest_route=\/wp\/v2\/types\/post"}],"author":[{"embeddable":true,"href":"https:\/\/news.ecclesia.org.br\/index.php?rest_route=\/wp\/v2\/users\/1"}],"replies":[{"embeddable":true,"href":"https:\/\/news.ecclesia.org.br\/index.php?rest_route=%2Fwp%2Fv2%2Fcomments&post=24920"}],"version-history":[{"count":1,"href":"https:\/\/news.ecclesia.org.br\/index.php?rest_route=\/wp\/v2\/posts\/24920\/revisions"}],"predecessor-version":[{"id":46056,"href":"https:\/\/news.ecclesia.org.br\/index.php?rest_route=\/wp\/v2\/posts\/24920\/revisions\/46056"}],"wp:featuredmedia":[{"embeddable":true,"href":"https:\/\/news.ecclesia.org.br\/index.php?rest_route=\/wp\/v2\/media\/24921"}],"wp:attachment":[{"href":"https:\/\/news.ecclesia.org.br\/index.php?rest_route=%2Fwp%2Fv2%2Fmedia&parent=24920"}],"wp:term":[{"taxonomy":"category","embeddable":true,"href":"https:\/\/news.ecclesia.org.br\/index.php?rest_route=%2Fwp%2Fv2%2Fcategories&post=24920"},{"taxonomy":"post_tag","embeddable":true,"href":"https:\/\/news.ecclesia.org.br\/index.php?rest_route=%2Fwp%2Fv2%2Ftags&post=24920"}],"curies":[{"name":"wp","href":"https:\/\/api.w.org\/{rel}","templated":true}]}}