{"id":24905,"date":"2018-03-23T15:17:10","date_gmt":"2018-03-23T15:17:10","guid":{"rendered":"https:\/\/news.ecclesia.org.br\/2013\/?p=24905"},"modified":"2020-05-31T18:48:20","modified_gmt":"2020-05-31T18:48:20","slug":"antropologia-crista-ortodoxa-paul-evdokimov","status":"publish","type":"post","link":"https:\/\/news.ecclesia.org.br\/?p=24905","title":{"rendered":"Antropologia crist\u00e3 ortodoxa: Paul Evdokimov"},"content":{"rendered":"<h2>A enfermidade e a cura<\/h2>\n<p style=\"text-align: justify;\"><a href=\"https:\/\/news.ecclesia.org.br\/2013\/wp-content\/uploads\/2012\/08\/transfiguracao1.jpg\"><img fetchpriority=\"high\" decoding=\"async\" class=\"alignleft size-medium wp-image-9403\" src=\"https:\/\/news.ecclesia.org.br\/2013\/wp-content\/uploads\/2012\/08\/transfiguracao1-300x286.jpg\" alt=\"\" width=\"300\" height=\"286\" \/><\/a>Antes da queda, a vida animal era exterior ao ser espiritual do homem; aberta e voltada para ele, mantinha-se na expectativa de sua pr\u00f3pria espiritualiza\u00e7\u00e3o-humaniza\u00e7\u00e3o (Ad\u00e3o \u201cdando nome\u201d aos seres e \u00e0s coisas) A queda nos sentidos precipita os acontecimentos e acrescenta ao ser humano a vida animal. Os Padres orientais explicam que \u00e9 o homem espiritual \u00e0 imagem de Deus, o ser sobrenaturalmente natural que \u00e9 primordial e normativo, e que o \u201chomem simplesmente natural\u201d \u00e9 acrescentado por acidente. O biol\u00f3gico-animal aparece como estranho \u00e0 verdadeira natureza do homem, porque ele se encontra assumido antes de sua espiritualiza\u00e7\u00e3o, antes que o homem tivesse chegado ao poder e ao dom\u00ednio do espiritual sobre o material. O erro vem de identifica\u00e7\u00e3o prematura, precoce. Clemente de Alexandria, por exemplo, v\u00ea o pecado original no fato de \u201cnossos antepassados terem-se dado \u00e0 procria\u00e7\u00e3o antes do termo\u201d. Boa em si, a natureza animal, devido \u00e0 pervers\u00e3o da hierarquia dos valores, constitui ent\u00e3o decad\u00eancia para o homem. \u201cNada h\u00e1 de mal nas coisas, n\u00e3o fosse o seu mau uso que prov\u00e9m da desordem do esp\u00edrito\u201d. \u201cN\u00e3o \u00e9 o desejo, mas determinado desejo (concupisc\u00eancia) que \u00e9 mau\u201d. \u00c9 a faculdade axiol\u00f3gica de aprecia\u00e7\u00e3o, o esp\u00edrito de discernimento que \u00e9 atingido: \u201cFora de Deus, a raz\u00e3o torna-se semelhante ao animal e aos dem\u00f4nios e, afastada de sua natureza, deseja o que lhe \u00e9 estranho\u201d.<\/p>\n<p style=\"text-align: justify;\">A ascese aspira \u00e0 verdadeira natureza, \u00e0 \u201cpaix\u00e3o impass\u00edvel\u201d Sua luta nunca \u00e9 contra a carne, mas contra as pervers\u00f5es dela, contra a concupisc\u00eancia ileg\u00edtima que \u00e9 contra a natureza. A fonte, o espiritual, est\u00e1 envenenada, visto a norma ontol\u00f3gica ser transgredida pelo esp\u00edrito. Para s\u00e3o Greg\u00f3rio Palamas, as paix\u00f5es que v\u00eam da natureza s\u00e3o as menos graves, exprimem apenas o peso da mat\u00e9ria devido ao malogro de sua espiritualiza\u00e7\u00e3o. A fonte do mal situa-se na duplicidade do cora\u00e7\u00e3o onde o mal e o bem encontram-se, singularmente, lado a lado \u201cf\u00e1brica da justi\u00e7a e da iniq\u00fcidade\u201d. Em fun\u00e7\u00e3o da \u201cImagem\u201d, o homem sempre procura o absoluto, mas a \u201csemelhan\u00e7a\u201d, fora de Cristo, fica inoperante, o pecado perverte a intencionalidade da alma e esta procurar\u00e1 o absoluto nos \u00eddolos, matar\u00e1 sua sede nas miragens, sem poder ascender a Deus. A gra\u00e7a, reduzida ao estado potencial, detida em sua efus\u00e3o, s\u00f3 pode atingir o homem pela via sobrenatural &#8211; sobrenatural, n\u00e3o em rela\u00e7\u00e3o a sua verdadeira natureza, mas em rela\u00e7\u00e3o a seu estado doentio de pecado. A verdade do homem \u00e9 anterior a sua duplicidade; volta a ser dominante, desde que o homem seja colocado em Cristo. A vis\u00e3o \u201cde baixo\u201d deve ser completada pela vis\u00e3o \u201cdo alto\u201d que mostra ser o pecado secund\u00e1rio, como toda nega\u00e7\u00e3o. Mal algum poder\u00e1 jamais apagar o mist\u00e9rio inicial do homem, pois nada existe que possa apagar nele a marca indel\u00e9vel de Deus.<\/p>\n<p style=\"text-align: justify;\">A patr\u00edstica real\u00e7a o papel da primeira destina\u00e7\u00e3o: \u201cPelo Cristo, a integridade de nossa natureza \u00e9 restaurada\u201d porque ele \u201crepresenta em figura (arqu\u00e9tipo) o que n\u00f3s somos\u201d e, inversamente, em Cristo, tornamo-nos semelhantes a ele. Os sacramentos refazem a natureza inicial do homem, sua integridade ad\u00e2mica; o Esp\u00edrito Santo a n\u00f3s \u00e9 restitu\u00eddo na sagra\u00e7\u00e3o batismal e na un\u00e7\u00e3o crismal. A penit\u00eancia \u00e9 tratamento terap\u00eautico de purifica\u00e7\u00e3o e a eucaristia introduz o fermento de imortalidade e de incorruptibilidade. O pr\u00f3prio poder da ressurrei\u00e7\u00e3o une-se \u00e0 natureza humana. Podemos dizer que a vida asc\u00e9tica e m\u00edstica \u00e9 a tomada de consci\u00eancia cada vez mais plenificada da vida sacramental. Sua descri\u00e7\u00e3o cl\u00e1ssica sob a mesma imagem, das n\u00fapcias m\u00edsticas, mostra a id\u00eantica natureza de ambas.<\/p>\n<hr \/>\n<p style=\"text-align: right;\"><a href=\"https:\/\/www.ecclesia.com.br\/biblioteca\/teologia\/evdokimov-a-antropologia.html#1\" target=\"_blank\" rel=\"noopener noreferrer\">Leia todo este cap\u00edtulo aqui&#8230;<\/a><\/p>\n","protected":false},"excerpt":{"rendered":"<p>A enfermidade e a cura Antes da queda, a vida animal era exterior ao ser espiritual do homem; aberta e voltada para ele, mantinha-se na expectativa de sua pr\u00f3pria espiritualiza\u00e7\u00e3o-humaniza\u00e7\u00e3o (Ad\u00e3o \u201cdando nome\u201d aos seres e \u00e0s coisas) A queda&#8230;<\/p>\n","protected":false},"author":1,"featured_media":0,"comment_status":"open","ping_status":"open","sticky":false,"template":"","format":"standard","meta":{"_acf_changed":false,"footnotes":""},"categories":[1],"tags":[],"class_list":["post-24905","post","type-post","status-publish","format-standard","hentry","category-news","entry","rows-excerpt"],"acf":[],"yoast_head":"<!-- This site is optimized with the Yoast SEO plugin v27.4 - https:\/\/yoast.com\/product\/yoast-seo-wordpress\/ -->\n<title>Antropologia crist\u00e3 ortodoxa: Paul Evdokimov | ECCLESIA NEWS<\/title>\n<meta name=\"robots\" content=\"index, follow, max-snippet:-1, max-image-preview:large, max-video-preview:-1\" \/>\n<link rel=\"canonical\" href=\"https:\/\/news.ecclesia.org.br\/?p=24905\" \/>\n<meta property=\"og:locale\" content=\"pt_BR\" \/>\n<meta property=\"og:type\" content=\"article\" \/>\n<meta property=\"og:title\" content=\"Antropologia crist\u00e3 ortodoxa: Paul Evdokimov | ECCLESIA NEWS\" \/>\n<meta property=\"og:description\" content=\"A enfermidade e a cura Antes da queda, a vida animal era exterior ao ser espiritual do homem; aberta e voltada para ele, mantinha-se na expectativa de sua pr\u00f3pria espiritualiza\u00e7\u00e3o-humaniza\u00e7\u00e3o (Ad\u00e3o \u201cdando nome\u201d aos seres e \u00e0s coisas) A queda&#8230;\" \/>\n<meta property=\"og:url\" content=\"https:\/\/news.ecclesia.org.br\/?p=24905\" \/>\n<meta property=\"og:site_name\" content=\"ECCLESIA NEWS\" \/>\n<meta property=\"article:publisher\" content=\"https:\/\/www.facebook.com\/Ecclesia2025\" \/>\n<meta property=\"article:published_time\" content=\"2018-03-23T15:17:10+00:00\" \/>\n<meta property=\"article:modified_time\" content=\"2020-05-31T18:48:20+00:00\" \/>\n<meta property=\"og:image\" content=\"https:\/\/news.ecclesia.org.br\/2013\/wp-content\/uploads\/2012\/08\/transfiguracao1-300x286.jpg\" \/>\n<meta name=\"author\" content=\"Pe. Andr\u00e9\" \/>\n<meta name=\"twitter:card\" content=\"summary_large_image\" \/>\n<meta name=\"twitter:creator\" content=\"@EcclesiaNews\" \/>\n<meta name=\"twitter:site\" content=\"@EcclesiaNews\" \/>\n<meta name=\"twitter:label1\" content=\"Escrito por\" \/>\n\t<meta name=\"twitter:data1\" content=\"Pe. Andr\u00e9\" \/>\n\t<meta name=\"twitter:label2\" content=\"Est. tempo de leitura\" \/>\n\t<meta name=\"twitter:data2\" content=\"3 minutos\" \/>\n<script type=\"application\/ld+json\" class=\"yoast-schema-graph\">{\"@context\":\"https:\\\/\\\/schema.org\",\"@graph\":[{\"@type\":\"Article\",\"@id\":\"https:\\\/\\\/news.ecclesia.org.br\\\/?p=24905#article\",\"isPartOf\":{\"@id\":\"https:\\\/\\\/news.ecclesia.org.br\\\/?p=24905\"},\"author\":{\"name\":\"Pe. Andr\u00e9\",\"@id\":\"https:\\\/\\\/news.ecclesia.org.br\\\/#\\\/schema\\\/person\\\/6f09597f025829745ba414a569f63758\"},\"headline\":\"Antropologia crist\u00e3 ortodoxa: Paul Evdokimov\",\"datePublished\":\"2018-03-23T15:17:10+00:00\",\"dateModified\":\"2020-05-31T18:48:20+00:00\",\"mainEntityOfPage\":{\"@id\":\"https:\\\/\\\/news.ecclesia.org.br\\\/?p=24905\"},\"wordCount\":658,\"commentCount\":0,\"publisher\":{\"@id\":\"https:\\\/\\\/news.ecclesia.org.br\\\/#organization\"},\"image\":{\"@id\":\"https:\\\/\\\/news.ecclesia.org.br\\\/?p=24905#primaryimage\"},\"thumbnailUrl\":\"https:\\\/\\\/news.ecclesia.org.br\\\/2013\\\/wp-content\\\/uploads\\\/2012\\\/08\\\/transfiguracao1-300x286.jpg\",\"articleSection\":[\"NEWS\"],\"inLanguage\":\"pt-BR\",\"potentialAction\":[{\"@type\":\"CommentAction\",\"name\":\"Comment\",\"target\":[\"https:\\\/\\\/news.ecclesia.org.br\\\/?p=24905#respond\"]}]},{\"@type\":\"WebPage\",\"@id\":\"https:\\\/\\\/news.ecclesia.org.br\\\/?p=24905\",\"url\":\"https:\\\/\\\/news.ecclesia.org.br\\\/?p=24905\",\"name\":\"Antropologia crist\u00e3 ortodoxa: Paul Evdokimov | ECCLESIA NEWS\",\"isPartOf\":{\"@id\":\"https:\\\/\\\/news.ecclesia.org.br\\\/#website\"},\"primaryImageOfPage\":{\"@id\":\"https:\\\/\\\/news.ecclesia.org.br\\\/?p=24905#primaryimage\"},\"image\":{\"@id\":\"https:\\\/\\\/news.ecclesia.org.br\\\/?p=24905#primaryimage\"},\"thumbnailUrl\":\"https:\\\/\\\/news.ecclesia.org.br\\\/2013\\\/wp-content\\\/uploads\\\/2012\\\/08\\\/transfiguracao1-300x286.jpg\",\"datePublished\":\"2018-03-23T15:17:10+00:00\",\"dateModified\":\"2020-05-31T18:48:20+00:00\",\"breadcrumb\":{\"@id\":\"https:\\\/\\\/news.ecclesia.org.br\\\/?p=24905#breadcrumb\"},\"inLanguage\":\"pt-BR\",\"potentialAction\":[{\"@type\":\"ReadAction\",\"target\":[\"https:\\\/\\\/news.ecclesia.org.br\\\/?p=24905\"]}]},{\"@type\":\"ImageObject\",\"inLanguage\":\"pt-BR\",\"@id\":\"https:\\\/\\\/news.ecclesia.org.br\\\/?p=24905#primaryimage\",\"url\":\"\",\"contentUrl\":\"\"},{\"@type\":\"BreadcrumbList\",\"@id\":\"https:\\\/\\\/news.ecclesia.org.br\\\/?p=24905#breadcrumb\",\"itemListElement\":[{\"@type\":\"ListItem\",\"position\":1,\"name\":\"In\u00edcio\",\"item\":\"https:\\\/\\\/news.ecclesia.org.br\\\/\"},{\"@type\":\"ListItem\",\"position\":2,\"name\":\"Antropologia crist\u00e3 ortodoxa: Paul Evdokimov\"}]},{\"@type\":\"WebSite\",\"@id\":\"https:\\\/\\\/news.ecclesia.org.br\\\/#website\",\"url\":\"https:\\\/\\\/news.ecclesia.org.br\\\/\",\"name\":\"Ecclesia Brasil\",\"description\":\"Desde 2003 onectando o Brasil ao mundo ortodoxo!\",\"publisher\":{\"@id\":\"https:\\\/\\\/news.ecclesia.org.br\\\/#organization\"},\"alternateName\":\"Ecclesia\",\"potentialAction\":[{\"@type\":\"SearchAction\",\"target\":{\"@type\":\"EntryPoint\",\"urlTemplate\":\"https:\\\/\\\/news.ecclesia.org.br\\\/?s={search_term_string}\"},\"query-input\":{\"@type\":\"PropertyValueSpecification\",\"valueRequired\":true,\"valueName\":\"search_term_string\"}}],\"inLanguage\":\"pt-BR\"},{\"@type\":\"Organization\",\"@id\":\"https:\\\/\\\/news.ecclesia.org.br\\\/#organization\",\"name\":\"Sacra Arquidiocese de Buenos Aires e Am\u00e9rica do Sul | Patriarcado Ecum\u00eanico\",\"alternateName\":\"News Ecclesia Brasil\",\"url\":\"https:\\\/\\\/news.ecclesia.org.br\\\/\",\"logo\":{\"@type\":\"ImageObject\",\"inLanguage\":\"pt-BR\",\"@id\":\"https:\\\/\\\/news.ecclesia.org.br\\\/#\\\/schema\\\/logo\\\/image\\\/\",\"url\":\"https:\\\/\\\/news.ecclesia.org.br\\\/wp-content\\\/uploads\\\/2025\\\/05\\\/ecclesia2.png\",\"contentUrl\":\"https:\\\/\\\/news.ecclesia.org.br\\\/wp-content\\\/uploads\\\/2025\\\/05\\\/ecclesia2.png\",\"width\":480,\"height\":120,\"caption\":\"Sacra Arquidiocese de Buenos Aires e Am\u00e9rica do Sul | Patriarcado Ecum\u00eanico\"},\"image\":{\"@id\":\"https:\\\/\\\/news.ecclesia.org.br\\\/#\\\/schema\\\/logo\\\/image\\\/\"},\"sameAs\":[\"https:\\\/\\\/www.facebook.com\\\/Ecclesia2025\",\"https:\\\/\\\/x.com\\\/EcclesiaNews\",\"https:\\\/\\\/br.pinterest.com\\\/ekklisia\\\/\",\"https:\\\/\\\/www.youtube.com\\\/@EcclesiaBrasil\"]},{\"@type\":\"Person\",\"@id\":\"https:\\\/\\\/news.ecclesia.org.br\\\/#\\\/schema\\\/person\\\/6f09597f025829745ba414a569f63758\",\"name\":\"Pe. Andr\u00e9\",\"image\":{\"@type\":\"ImageObject\",\"inLanguage\":\"pt-BR\",\"@id\":\"https:\\\/\\\/secure.gravatar.com\\\/avatar\\\/b4327cfa27e9799da239a26adcd534fc29cdc0c4a4a148eecbcfeb9b42c617ac?s=96&d=mm&r=g\",\"url\":\"https:\\\/\\\/secure.gravatar.com\\\/avatar\\\/b4327cfa27e9799da239a26adcd534fc29cdc0c4a4a148eecbcfeb9b42c617ac?s=96&d=mm&r=g\",\"contentUrl\":\"https:\\\/\\\/secure.gravatar.com\\\/avatar\\\/b4327cfa27e9799da239a26adcd534fc29cdc0c4a4a148eecbcfeb9b42c617ac?s=96&d=mm&r=g\",\"caption\":\"Pe. Andr\u00e9\"},\"sameAs\":[\"https:\\\/\\\/www.ecclesia.org.br\"]}]}<\/script>\n<!-- \/ Yoast SEO plugin. -->","yoast_head_json":{"title":"Antropologia crist\u00e3 ortodoxa: Paul Evdokimov | ECCLESIA NEWS","robots":{"index":"index","follow":"follow","max-snippet":"max-snippet:-1","max-image-preview":"max-image-preview:large","max-video-preview":"max-video-preview:-1"},"canonical":"https:\/\/news.ecclesia.org.br\/?p=24905","og_locale":"pt_BR","og_type":"article","og_title":"Antropologia crist\u00e3 ortodoxa: Paul Evdokimov | ECCLESIA NEWS","og_description":"A enfermidade e a cura Antes da queda, a vida animal era exterior ao ser espiritual do homem; aberta e voltada para ele, mantinha-se na expectativa de sua pr\u00f3pria espiritualiza\u00e7\u00e3o-humaniza\u00e7\u00e3o (Ad\u00e3o \u201cdando nome\u201d aos seres e \u00e0s coisas) A queda&#8230;","og_url":"https:\/\/news.ecclesia.org.br\/?p=24905","og_site_name":"ECCLESIA NEWS","article_publisher":"https:\/\/www.facebook.com\/Ecclesia2025","article_published_time":"2018-03-23T15:17:10+00:00","article_modified_time":"2020-05-31T18:48:20+00:00","og_image":[{"url":"https:\/\/news.ecclesia.org.br\/2013\/wp-content\/uploads\/2012\/08\/transfiguracao1-300x286.jpg","type":"","width":"","height":""}],"author":"Pe. Andr\u00e9","twitter_card":"summary_large_image","twitter_creator":"@EcclesiaNews","twitter_site":"@EcclesiaNews","twitter_misc":{"Escrito por":"Pe. Andr\u00e9","Est. tempo de leitura":"3 minutos"},"schema":{"@context":"https:\/\/schema.org","@graph":[{"@type":"Article","@id":"https:\/\/news.ecclesia.org.br\/?p=24905#article","isPartOf":{"@id":"https:\/\/news.ecclesia.org.br\/?p=24905"},"author":{"name":"Pe. Andr\u00e9","@id":"https:\/\/news.ecclesia.org.br\/#\/schema\/person\/6f09597f025829745ba414a569f63758"},"headline":"Antropologia crist\u00e3 ortodoxa: Paul Evdokimov","datePublished":"2018-03-23T15:17:10+00:00","dateModified":"2020-05-31T18:48:20+00:00","mainEntityOfPage":{"@id":"https:\/\/news.ecclesia.org.br\/?p=24905"},"wordCount":658,"commentCount":0,"publisher":{"@id":"https:\/\/news.ecclesia.org.br\/#organization"},"image":{"@id":"https:\/\/news.ecclesia.org.br\/?p=24905#primaryimage"},"thumbnailUrl":"https:\/\/news.ecclesia.org.br\/2013\/wp-content\/uploads\/2012\/08\/transfiguracao1-300x286.jpg","articleSection":["NEWS"],"inLanguage":"pt-BR","potentialAction":[{"@type":"CommentAction","name":"Comment","target":["https:\/\/news.ecclesia.org.br\/?p=24905#respond"]}]},{"@type":"WebPage","@id":"https:\/\/news.ecclesia.org.br\/?p=24905","url":"https:\/\/news.ecclesia.org.br\/?p=24905","name":"Antropologia crist\u00e3 ortodoxa: Paul Evdokimov | ECCLESIA NEWS","isPartOf":{"@id":"https:\/\/news.ecclesia.org.br\/#website"},"primaryImageOfPage":{"@id":"https:\/\/news.ecclesia.org.br\/?p=24905#primaryimage"},"image":{"@id":"https:\/\/news.ecclesia.org.br\/?p=24905#primaryimage"},"thumbnailUrl":"https:\/\/news.ecclesia.org.br\/2013\/wp-content\/uploads\/2012\/08\/transfiguracao1-300x286.jpg","datePublished":"2018-03-23T15:17:10+00:00","dateModified":"2020-05-31T18:48:20+00:00","breadcrumb":{"@id":"https:\/\/news.ecclesia.org.br\/?p=24905#breadcrumb"},"inLanguage":"pt-BR","potentialAction":[{"@type":"ReadAction","target":["https:\/\/news.ecclesia.org.br\/?p=24905"]}]},{"@type":"ImageObject","inLanguage":"pt-BR","@id":"https:\/\/news.ecclesia.org.br\/?p=24905#primaryimage","url":"","contentUrl":""},{"@type":"BreadcrumbList","@id":"https:\/\/news.ecclesia.org.br\/?p=24905#breadcrumb","itemListElement":[{"@type":"ListItem","position":1,"name":"In\u00edcio","item":"https:\/\/news.ecclesia.org.br\/"},{"@type":"ListItem","position":2,"name":"Antropologia crist\u00e3 ortodoxa: Paul Evdokimov"}]},{"@type":"WebSite","@id":"https:\/\/news.ecclesia.org.br\/#website","url":"https:\/\/news.ecclesia.org.br\/","name":"Ecclesia Brasil","description":"Desde 2003 onectando o Brasil ao mundo ortodoxo!","publisher":{"@id":"https:\/\/news.ecclesia.org.br\/#organization"},"alternateName":"Ecclesia","potentialAction":[{"@type":"SearchAction","target":{"@type":"EntryPoint","urlTemplate":"https:\/\/news.ecclesia.org.br\/?s={search_term_string}"},"query-input":{"@type":"PropertyValueSpecification","valueRequired":true,"valueName":"search_term_string"}}],"inLanguage":"pt-BR"},{"@type":"Organization","@id":"https:\/\/news.ecclesia.org.br\/#organization","name":"Sacra Arquidiocese de Buenos Aires e Am\u00e9rica do Sul | Patriarcado Ecum\u00eanico","alternateName":"News Ecclesia Brasil","url":"https:\/\/news.ecclesia.org.br\/","logo":{"@type":"ImageObject","inLanguage":"pt-BR","@id":"https:\/\/news.ecclesia.org.br\/#\/schema\/logo\/image\/","url":"https:\/\/news.ecclesia.org.br\/wp-content\/uploads\/2025\/05\/ecclesia2.png","contentUrl":"https:\/\/news.ecclesia.org.br\/wp-content\/uploads\/2025\/05\/ecclesia2.png","width":480,"height":120,"caption":"Sacra Arquidiocese de Buenos Aires e Am\u00e9rica do Sul | Patriarcado Ecum\u00eanico"},"image":{"@id":"https:\/\/news.ecclesia.org.br\/#\/schema\/logo\/image\/"},"sameAs":["https:\/\/www.facebook.com\/Ecclesia2025","https:\/\/x.com\/EcclesiaNews","https:\/\/br.pinterest.com\/ekklisia\/","https:\/\/www.youtube.com\/@EcclesiaBrasil"]},{"@type":"Person","@id":"https:\/\/news.ecclesia.org.br\/#\/schema\/person\/6f09597f025829745ba414a569f63758","name":"Pe. Andr\u00e9","image":{"@type":"ImageObject","inLanguage":"pt-BR","@id":"https:\/\/secure.gravatar.com\/avatar\/b4327cfa27e9799da239a26adcd534fc29cdc0c4a4a148eecbcfeb9b42c617ac?s=96&d=mm&r=g","url":"https:\/\/secure.gravatar.com\/avatar\/b4327cfa27e9799da239a26adcd534fc29cdc0c4a4a148eecbcfeb9b42c617ac?s=96&d=mm&r=g","contentUrl":"https:\/\/secure.gravatar.com\/avatar\/b4327cfa27e9799da239a26adcd534fc29cdc0c4a4a148eecbcfeb9b42c617ac?s=96&d=mm&r=g","caption":"Pe. Andr\u00e9"},"sameAs":["https:\/\/www.ecclesia.org.br"]}]}},"_links":{"self":[{"href":"https:\/\/news.ecclesia.org.br\/index.php?rest_route=\/wp\/v2\/posts\/24905","targetHints":{"allow":["GET"]}}],"collection":[{"href":"https:\/\/news.ecclesia.org.br\/index.php?rest_route=\/wp\/v2\/posts"}],"about":[{"href":"https:\/\/news.ecclesia.org.br\/index.php?rest_route=\/wp\/v2\/types\/post"}],"author":[{"embeddable":true,"href":"https:\/\/news.ecclesia.org.br\/index.php?rest_route=\/wp\/v2\/users\/1"}],"replies":[{"embeddable":true,"href":"https:\/\/news.ecclesia.org.br\/index.php?rest_route=%2Fwp%2Fv2%2Fcomments&post=24905"}],"version-history":[{"count":0,"href":"https:\/\/news.ecclesia.org.br\/index.php?rest_route=\/wp\/v2\/posts\/24905\/revisions"}],"wp:attachment":[{"href":"https:\/\/news.ecclesia.org.br\/index.php?rest_route=%2Fwp%2Fv2%2Fmedia&parent=24905"}],"wp:term":[{"taxonomy":"category","embeddable":true,"href":"https:\/\/news.ecclesia.org.br\/index.php?rest_route=%2Fwp%2Fv2%2Fcategories&post=24905"},{"taxonomy":"post_tag","embeddable":true,"href":"https:\/\/news.ecclesia.org.br\/index.php?rest_route=%2Fwp%2Fv2%2Ftags&post=24905"}],"curies":[{"name":"wp","href":"https:\/\/api.w.org\/{rel}","templated":true}]}}