{"id":24902,"date":"2018-02-28T21:53:58","date_gmt":"2018-02-28T21:53:58","guid":{"rendered":"https:\/\/news.ecclesia.org.br\/2013\/?p=24902"},"modified":"2018-03-18T21:57:00","modified_gmt":"2018-03-18T21:57:00","slug":"igreja-do-santo-sepulcro-na-terra-santa-permanece-fechada","status":"publish","type":"post","link":"https:\/\/news.ecclesia.org.br\/?p=24902","title":{"rendered":"Igreja do Santo Sepulcro, na Terra Santa, permanece fechada"},"content":{"rendered":"<figure id=\"attachment_24877\" aria-describedby=\"caption-attachment-24877\" style=\"width: 300px\" class=\"wp-caption alignleft\"><a href=\"https:\/\/news.ecclesia.org.br\/2013\/wp-content\/uploads\/2018\/02\/santo-sepulcro.jpg\"><img fetchpriority=\"high\" decoding=\"async\" class=\"size-medium wp-image-24877\" src=\"https:\/\/news.ecclesia.org.br\/2013\/wp-content\/uploads\/2018\/02\/santo-sepulcro-300x200.jpg\" alt=\"\" width=\"300\" height=\"200\" srcset=\"https:\/\/news.ecclesia.org.br\/wp-content\/uploads\/2018\/02\/santo-sepulcro-300x200.jpg 300w, https:\/\/news.ecclesia.org.br\/wp-content\/uploads\/2018\/02\/santo-sepulcro-600x400.jpg 600w, https:\/\/news.ecclesia.org.br\/wp-content\/uploads\/2018\/02\/santo-sepulcro-83x55.jpg 83w, https:\/\/news.ecclesia.org.br\/wp-content\/uploads\/2018\/02\/santo-sepulcro-60x40.jpg 60w, https:\/\/news.ecclesia.org.br\/wp-content\/uploads\/2018\/02\/santo-sepulcro-120x80.jpg 120w, https:\/\/news.ecclesia.org.br\/wp-content\/uploads\/2018\/02\/santo-sepulcro.jpg 680w\" sizes=\"(max-width: 300px) 100vw, 300px\" \/><\/a><figcaption id=\"caption-attachment-24877\" class=\"wp-caption-text\">Fi\u00e9is ajoelham e rezam ap\u00f3s o fechamento das portas da Igreja do Santo Sepulcro, em Jerusal\u00e9m &#8211; 25\/02\/2018 (Amir Cohen\/Reuters)<\/figcaption><\/figure>\n<p style=\"text-align: justify;\"><strong>Os l\u00edderes das Igrejas, greco-ortodoxa,\u00a0cat\u00f3lica e arm\u00eania tomaram a decis\u00e3o em protesto por &#8216;campanha anticrist\u00e3&#8217; do munic\u00edpio de Jerusal\u00e9m.<\/strong><\/p>\n<p style=\"text-align: justify;\">Cidade do Vaticano &#8212; (<a href=\"http:\/\/www.vaticannews.va\/pt\/igreja\/news\/2018-02\/santo-sepulcro-fechado-.html\" target=\"_blank\" rel=\"noopener\">Vatican News<\/a>) A igreja do Santo Sepulcro, em Jerusal\u00e9m, est\u00e1 interditada por tempo indeterminado desde domingo (25\/02), quando foi divulgada uma declara\u00e7\u00e3o conjunta assinada pelo cust\u00f3dio da Terra Santa, o franciscano Francesco Patton, o Patriarca Ortodoxo de Jerusal\u00e9m, Te\u00f3filo III, e o Patriarca arm\u00eanio de Jerusal\u00e9m, Nourhan Manougian, que administram o santu\u00e1rio.<\/p>\n<p style=\"text-align: justify;\">A igreja est\u00e1 localizada na Cidade Velha de Jerusal\u00e9m Oriental, a parte palestina da cidade sagrada que Israel ocupa h\u00e1 50 anos e cuja anexa\u00e7\u00e3o \u00e9 considerada ilegal pela comunidade internacional.<\/p>\n<h3 style=\"text-align: left;\">Campanha anticrist\u00e3<\/h3>\n<p style=\"text-align: justify;\">Os l\u00edderes das Igrejas greco-ortodoxa,\u00a0cat\u00f3lica e arm\u00eania afirmam, em comunicado, que acompanham com grande preocupa\u00e7\u00e3o a campanha contra as Igrejas e comunidades crist\u00e3s na Terra Santa.<\/p>\n<p style=\"text-align: justify;\">Alegam que esta campanha sistem\u00e1tica e ofensiva alcan\u00e7ou n\u00edveis sem precedentes quando o munic\u00edpio de Jerusal\u00e9m emitiu notas de cobran\u00e7a de impostos de algumas propriedades das Igrejas consideradas como \u2018comerciais\u2019, j\u00e1 que n\u00e3o seriam locais de culto ou educa\u00e7\u00e3o religiosa, mas que recebem atividades comerciais que geram renda.<\/p>\n<p style=\"text-align: justify;\">Tamb\u00e9m protestam contra uma proposta de lei israelense que, afirmam, atacaria seus direitos de propriedade em Jerusal\u00e9m.<\/p>\n<h3 style=\"text-align: justify;\">O comunicado<\/h3>\n<blockquote>\n<p style=\"text-align: justify;\">\u201cTal medida \u00e9 contr\u00e1ria \u00e0 hist\u00f3rica posi\u00e7\u00e3o das Igrejas e suas rela\u00e7\u00f5es com as autoridades civis na cidade santa. S\u00e3o a\u00e7\u00f5es que infringem os acordos existentes e obriga\u00e7\u00f5es internacionais e aparentemente s\u00e3o uma tentativa de enfraquecer a presen\u00e7a crist\u00e3 em Jerusal\u00e9m\u201d, consta no comunicado.<\/p>\n<p style=\"text-align: justify;\">\u201cAs principais v\u00edtimas s\u00e3o as fam\u00edlias pobres que ficar\u00e3o sem casa e alimentos, al\u00e9m das crian\u00e7as que n\u00e3o poder\u00e3o frequentar as aulas\u201d.<\/p>\n<p style=\"text-align: justify;\">&#8220;Esta lei detest\u00e1vel (&#8230;) tornaria poss\u00edvel a expropria\u00e7\u00e3o de propriedades da igreja&#8221;, afirma um comunicado divulgado no domingo.<\/p>\n<p style=\"text-align: justify;\">&#8220;Nos recorda as leis similares adotadas contra os judeus durante o per\u00edodo mais obscuro na Europa&#8221;, advertiram os l\u00edderes crist\u00e3os.<\/p>\n<\/blockquote>\n","protected":false},"excerpt":{"rendered":"<p>Os l\u00edderes das Igrejas, greco-ortodoxa,\u00a0cat\u00f3lica e arm\u00eania tomaram a decis\u00e3o em protesto por &#8216;campanha anticrist\u00e3&#8217; do munic\u00edpio de Jerusal\u00e9m. Cidade do Vaticano &#8212; (Vatican News) A igreja do Santo Sepulcro, em Jerusal\u00e9m, est\u00e1 interditada por tempo indeterminado desde domingo (25\/02),&#8230;<\/p>\n","protected":false},"author":1,"featured_media":24877,"comment_status":"open","ping_status":"open","sticky":false,"template":"","format":"standard","meta":{"_acf_changed":false,"footnotes":""},"categories":[3,1],"tags":[],"class_list":["post-24902","post","type-post","status-publish","format-standard","has-post-thumbnail","hentry","category-mundo","category-news","entry","rows-excerpt"],"acf":[],"yoast_head":"<!-- This site is optimized with the Yoast SEO plugin v27.4 - https:\/\/yoast.com\/product\/yoast-seo-wordpress\/ -->\n<title>Igreja do Santo Sepulcro, na Terra Santa, permanece fechada | ECCLESIA NEWS<\/title>\n<meta name=\"robots\" content=\"index, follow, max-snippet:-1, max-image-preview:large, max-video-preview:-1\" \/>\n<link rel=\"canonical\" href=\"https:\/\/news.ecclesia.org.br\/?p=24902\" \/>\n<meta property=\"og:locale\" content=\"pt_BR\" \/>\n<meta property=\"og:type\" content=\"article\" \/>\n<meta property=\"og:title\" content=\"Igreja do Santo Sepulcro, na Terra Santa, permanece fechada | ECCLESIA NEWS\" \/>\n<meta property=\"og:description\" content=\"Os l\u00edderes das Igrejas, greco-ortodoxa,\u00a0cat\u00f3lica e arm\u00eania tomaram a decis\u00e3o em protesto por &#8216;campanha anticrist\u00e3&#8217; do munic\u00edpio de Jerusal\u00e9m. Cidade do Vaticano &#8212; (Vatican News) A igreja do Santo Sepulcro, em Jerusal\u00e9m, est\u00e1 interditada por tempo indeterminado desde domingo (25\/02),&#8230;\" \/>\n<meta property=\"og:url\" content=\"https:\/\/news.ecclesia.org.br\/?p=24902\" \/>\n<meta property=\"og:site_name\" content=\"ECCLESIA NEWS\" \/>\n<meta property=\"article:publisher\" content=\"https:\/\/www.facebook.com\/Ecclesia2025\" \/>\n<meta property=\"article:published_time\" content=\"2018-02-28T21:53:58+00:00\" \/>\n<meta property=\"article:modified_time\" content=\"2018-03-18T21:57:00+00:00\" \/>\n<meta property=\"og:image\" content=\"https:\/\/news.ecclesia.org.br\/wp-content\/uploads\/2018\/02\/santo-sepulcro.jpg\" \/>\n\t<meta property=\"og:image:width\" content=\"680\" \/>\n\t<meta property=\"og:image:height\" content=\"453\" \/>\n\t<meta property=\"og:image:type\" content=\"image\/jpeg\" \/>\n<meta name=\"author\" content=\"Pe. Andr\u00e9\" \/>\n<meta name=\"twitter:card\" content=\"summary_large_image\" \/>\n<meta name=\"twitter:creator\" content=\"@EcclesiaNews\" \/>\n<meta name=\"twitter:site\" content=\"@EcclesiaNews\" \/>\n<meta name=\"twitter:label1\" content=\"Escrito por\" \/>\n\t<meta name=\"twitter:data1\" content=\"Pe. Andr\u00e9\" \/>\n\t<meta name=\"twitter:label2\" content=\"Est. tempo de leitura\" \/>\n\t<meta name=\"twitter:data2\" content=\"2 minutos\" \/>\n<script type=\"application\/ld+json\" class=\"yoast-schema-graph\">{\"@context\":\"https:\\\/\\\/schema.org\",\"@graph\":[{\"@type\":\"Article\",\"@id\":\"https:\\\/\\\/news.ecclesia.org.br\\\/?p=24902#article\",\"isPartOf\":{\"@id\":\"https:\\\/\\\/news.ecclesia.org.br\\\/?p=24902\"},\"author\":{\"name\":\"Pe. Andr\u00e9\",\"@id\":\"https:\\\/\\\/news.ecclesia.org.br\\\/#\\\/schema\\\/person\\\/6f09597f025829745ba414a569f63758\"},\"headline\":\"Igreja do Santo Sepulcro, na Terra Santa, permanece fechada\",\"datePublished\":\"2018-02-28T21:53:58+00:00\",\"dateModified\":\"2018-03-18T21:57:00+00:00\",\"mainEntityOfPage\":{\"@id\":\"https:\\\/\\\/news.ecclesia.org.br\\\/?p=24902\"},\"wordCount\":395,\"commentCount\":0,\"publisher\":{\"@id\":\"https:\\\/\\\/news.ecclesia.org.br\\\/#organization\"},\"image\":{\"@id\":\"https:\\\/\\\/news.ecclesia.org.br\\\/?p=24902#primaryimage\"},\"thumbnailUrl\":\"https:\\\/\\\/news.ecclesia.org.br\\\/wp-content\\\/uploads\\\/2018\\\/02\\\/santo-sepulcro.jpg\",\"articleSection\":[\"Mundo Ortodoxo\",\"NEWS\"],\"inLanguage\":\"pt-BR\",\"potentialAction\":[{\"@type\":\"CommentAction\",\"name\":\"Comment\",\"target\":[\"https:\\\/\\\/news.ecclesia.org.br\\\/?p=24902#respond\"]}]},{\"@type\":\"WebPage\",\"@id\":\"https:\\\/\\\/news.ecclesia.org.br\\\/?p=24902\",\"url\":\"https:\\\/\\\/news.ecclesia.org.br\\\/?p=24902\",\"name\":\"Igreja do Santo Sepulcro, na Terra Santa, permanece fechada | ECCLESIA NEWS\",\"isPartOf\":{\"@id\":\"https:\\\/\\\/news.ecclesia.org.br\\\/#website\"},\"primaryImageOfPage\":{\"@id\":\"https:\\\/\\\/news.ecclesia.org.br\\\/?p=24902#primaryimage\"},\"image\":{\"@id\":\"https:\\\/\\\/news.ecclesia.org.br\\\/?p=24902#primaryimage\"},\"thumbnailUrl\":\"https:\\\/\\\/news.ecclesia.org.br\\\/wp-content\\\/uploads\\\/2018\\\/02\\\/santo-sepulcro.jpg\",\"datePublished\":\"2018-02-28T21:53:58+00:00\",\"dateModified\":\"2018-03-18T21:57:00+00:00\",\"breadcrumb\":{\"@id\":\"https:\\\/\\\/news.ecclesia.org.br\\\/?p=24902#breadcrumb\"},\"inLanguage\":\"pt-BR\",\"potentialAction\":[{\"@type\":\"ReadAction\",\"target\":[\"https:\\\/\\\/news.ecclesia.org.br\\\/?p=24902\"]}]},{\"@type\":\"ImageObject\",\"inLanguage\":\"pt-BR\",\"@id\":\"https:\\\/\\\/news.ecclesia.org.br\\\/?p=24902#primaryimage\",\"url\":\"https:\\\/\\\/news.ecclesia.org.br\\\/wp-content\\\/uploads\\\/2018\\\/02\\\/santo-sepulcro.jpg\",\"contentUrl\":\"https:\\\/\\\/news.ecclesia.org.br\\\/wp-content\\\/uploads\\\/2018\\\/02\\\/santo-sepulcro.jpg\",\"width\":680,\"height\":453,\"caption\":\"Fi\u00e9is ajoelham e rezam ap\u00f3s o fechamento das portas da Igreja do Santo Sepulcro, em Jerusal\u00e9m - 25\\\/02\\\/2018 (Amir Cohen\\\/Reuters)\"},{\"@type\":\"BreadcrumbList\",\"@id\":\"https:\\\/\\\/news.ecclesia.org.br\\\/?p=24902#breadcrumb\",\"itemListElement\":[{\"@type\":\"ListItem\",\"position\":1,\"name\":\"In\u00edcio\",\"item\":\"https:\\\/\\\/news.ecclesia.org.br\\\/\"},{\"@type\":\"ListItem\",\"position\":2,\"name\":\"Igreja do Santo Sepulcro, na Terra Santa, permanece fechada\"}]},{\"@type\":\"WebSite\",\"@id\":\"https:\\\/\\\/news.ecclesia.org.br\\\/#website\",\"url\":\"https:\\\/\\\/news.ecclesia.org.br\\\/\",\"name\":\"Ecclesia Brasil\",\"description\":\"Desde 2003 onectando o Brasil ao mundo ortodoxo!\",\"publisher\":{\"@id\":\"https:\\\/\\\/news.ecclesia.org.br\\\/#organization\"},\"alternateName\":\"Ecclesia\",\"potentialAction\":[{\"@type\":\"SearchAction\",\"target\":{\"@type\":\"EntryPoint\",\"urlTemplate\":\"https:\\\/\\\/news.ecclesia.org.br\\\/?s={search_term_string}\"},\"query-input\":{\"@type\":\"PropertyValueSpecification\",\"valueRequired\":true,\"valueName\":\"search_term_string\"}}],\"inLanguage\":\"pt-BR\"},{\"@type\":\"Organization\",\"@id\":\"https:\\\/\\\/news.ecclesia.org.br\\\/#organization\",\"name\":\"Sacra Arquidiocese de Buenos Aires e Am\u00e9rica do Sul | Patriarcado Ecum\u00eanico\",\"alternateName\":\"News Ecclesia Brasil\",\"url\":\"https:\\\/\\\/news.ecclesia.org.br\\\/\",\"logo\":{\"@type\":\"ImageObject\",\"inLanguage\":\"pt-BR\",\"@id\":\"https:\\\/\\\/news.ecclesia.org.br\\\/#\\\/schema\\\/logo\\\/image\\\/\",\"url\":\"https:\\\/\\\/news.ecclesia.org.br\\\/wp-content\\\/uploads\\\/2025\\\/05\\\/ecclesia2.png\",\"contentUrl\":\"https:\\\/\\\/news.ecclesia.org.br\\\/wp-content\\\/uploads\\\/2025\\\/05\\\/ecclesia2.png\",\"width\":480,\"height\":120,\"caption\":\"Sacra Arquidiocese de Buenos Aires e Am\u00e9rica do Sul | Patriarcado Ecum\u00eanico\"},\"image\":{\"@id\":\"https:\\\/\\\/news.ecclesia.org.br\\\/#\\\/schema\\\/logo\\\/image\\\/\"},\"sameAs\":[\"https:\\\/\\\/www.facebook.com\\\/Ecclesia2025\",\"https:\\\/\\\/x.com\\\/EcclesiaNews\",\"https:\\\/\\\/br.pinterest.com\\\/ekklisia\\\/\",\"https:\\\/\\\/www.youtube.com\\\/@EcclesiaBrasil\"]},{\"@type\":\"Person\",\"@id\":\"https:\\\/\\\/news.ecclesia.org.br\\\/#\\\/schema\\\/person\\\/6f09597f025829745ba414a569f63758\",\"name\":\"Pe. Andr\u00e9\",\"image\":{\"@type\":\"ImageObject\",\"inLanguage\":\"pt-BR\",\"@id\":\"https:\\\/\\\/secure.gravatar.com\\\/avatar\\\/b4327cfa27e9799da239a26adcd534fc29cdc0c4a4a148eecbcfeb9b42c617ac?s=96&d=mm&r=g\",\"url\":\"https:\\\/\\\/secure.gravatar.com\\\/avatar\\\/b4327cfa27e9799da239a26adcd534fc29cdc0c4a4a148eecbcfeb9b42c617ac?s=96&d=mm&r=g\",\"contentUrl\":\"https:\\\/\\\/secure.gravatar.com\\\/avatar\\\/b4327cfa27e9799da239a26adcd534fc29cdc0c4a4a148eecbcfeb9b42c617ac?s=96&d=mm&r=g\",\"caption\":\"Pe. Andr\u00e9\"},\"sameAs\":[\"https:\\\/\\\/www.ecclesia.org.br\"]}]}<\/script>\n<!-- \/ Yoast SEO plugin. -->","yoast_head_json":{"title":"Igreja do Santo Sepulcro, na Terra Santa, permanece fechada | ECCLESIA NEWS","robots":{"index":"index","follow":"follow","max-snippet":"max-snippet:-1","max-image-preview":"max-image-preview:large","max-video-preview":"max-video-preview:-1"},"canonical":"https:\/\/news.ecclesia.org.br\/?p=24902","og_locale":"pt_BR","og_type":"article","og_title":"Igreja do Santo Sepulcro, na Terra Santa, permanece fechada | ECCLESIA NEWS","og_description":"Os l\u00edderes das Igrejas, greco-ortodoxa,\u00a0cat\u00f3lica e arm\u00eania tomaram a decis\u00e3o em protesto por &#8216;campanha anticrist\u00e3&#8217; do munic\u00edpio de Jerusal\u00e9m. Cidade do Vaticano &#8212; (Vatican News) A igreja do Santo Sepulcro, em Jerusal\u00e9m, est\u00e1 interditada por tempo indeterminado desde domingo (25\/02),&#8230;","og_url":"https:\/\/news.ecclesia.org.br\/?p=24902","og_site_name":"ECCLESIA NEWS","article_publisher":"https:\/\/www.facebook.com\/Ecclesia2025","article_published_time":"2018-02-28T21:53:58+00:00","article_modified_time":"2018-03-18T21:57:00+00:00","og_image":[{"width":680,"height":453,"url":"https:\/\/news.ecclesia.org.br\/wp-content\/uploads\/2018\/02\/santo-sepulcro.jpg","type":"image\/jpeg"}],"author":"Pe. Andr\u00e9","twitter_card":"summary_large_image","twitter_creator":"@EcclesiaNews","twitter_site":"@EcclesiaNews","twitter_misc":{"Escrito por":"Pe. Andr\u00e9","Est. tempo de leitura":"2 minutos"},"schema":{"@context":"https:\/\/schema.org","@graph":[{"@type":"Article","@id":"https:\/\/news.ecclesia.org.br\/?p=24902#article","isPartOf":{"@id":"https:\/\/news.ecclesia.org.br\/?p=24902"},"author":{"name":"Pe. Andr\u00e9","@id":"https:\/\/news.ecclesia.org.br\/#\/schema\/person\/6f09597f025829745ba414a569f63758"},"headline":"Igreja do Santo Sepulcro, na Terra Santa, permanece fechada","datePublished":"2018-02-28T21:53:58+00:00","dateModified":"2018-03-18T21:57:00+00:00","mainEntityOfPage":{"@id":"https:\/\/news.ecclesia.org.br\/?p=24902"},"wordCount":395,"commentCount":0,"publisher":{"@id":"https:\/\/news.ecclesia.org.br\/#organization"},"image":{"@id":"https:\/\/news.ecclesia.org.br\/?p=24902#primaryimage"},"thumbnailUrl":"https:\/\/news.ecclesia.org.br\/wp-content\/uploads\/2018\/02\/santo-sepulcro.jpg","articleSection":["Mundo Ortodoxo","NEWS"],"inLanguage":"pt-BR","potentialAction":[{"@type":"CommentAction","name":"Comment","target":["https:\/\/news.ecclesia.org.br\/?p=24902#respond"]}]},{"@type":"WebPage","@id":"https:\/\/news.ecclesia.org.br\/?p=24902","url":"https:\/\/news.ecclesia.org.br\/?p=24902","name":"Igreja do Santo Sepulcro, na Terra Santa, permanece fechada | ECCLESIA NEWS","isPartOf":{"@id":"https:\/\/news.ecclesia.org.br\/#website"},"primaryImageOfPage":{"@id":"https:\/\/news.ecclesia.org.br\/?p=24902#primaryimage"},"image":{"@id":"https:\/\/news.ecclesia.org.br\/?p=24902#primaryimage"},"thumbnailUrl":"https:\/\/news.ecclesia.org.br\/wp-content\/uploads\/2018\/02\/santo-sepulcro.jpg","datePublished":"2018-02-28T21:53:58+00:00","dateModified":"2018-03-18T21:57:00+00:00","breadcrumb":{"@id":"https:\/\/news.ecclesia.org.br\/?p=24902#breadcrumb"},"inLanguage":"pt-BR","potentialAction":[{"@type":"ReadAction","target":["https:\/\/news.ecclesia.org.br\/?p=24902"]}]},{"@type":"ImageObject","inLanguage":"pt-BR","@id":"https:\/\/news.ecclesia.org.br\/?p=24902#primaryimage","url":"https:\/\/news.ecclesia.org.br\/wp-content\/uploads\/2018\/02\/santo-sepulcro.jpg","contentUrl":"https:\/\/news.ecclesia.org.br\/wp-content\/uploads\/2018\/02\/santo-sepulcro.jpg","width":680,"height":453,"caption":"Fi\u00e9is ajoelham e rezam ap\u00f3s o fechamento das portas da Igreja do Santo Sepulcro, em Jerusal\u00e9m - 25\/02\/2018 (Amir Cohen\/Reuters)"},{"@type":"BreadcrumbList","@id":"https:\/\/news.ecclesia.org.br\/?p=24902#breadcrumb","itemListElement":[{"@type":"ListItem","position":1,"name":"In\u00edcio","item":"https:\/\/news.ecclesia.org.br\/"},{"@type":"ListItem","position":2,"name":"Igreja do Santo Sepulcro, na Terra Santa, permanece fechada"}]},{"@type":"WebSite","@id":"https:\/\/news.ecclesia.org.br\/#website","url":"https:\/\/news.ecclesia.org.br\/","name":"Ecclesia Brasil","description":"Desde 2003 onectando o Brasil ao mundo ortodoxo!","publisher":{"@id":"https:\/\/news.ecclesia.org.br\/#organization"},"alternateName":"Ecclesia","potentialAction":[{"@type":"SearchAction","target":{"@type":"EntryPoint","urlTemplate":"https:\/\/news.ecclesia.org.br\/?s={search_term_string}"},"query-input":{"@type":"PropertyValueSpecification","valueRequired":true,"valueName":"search_term_string"}}],"inLanguage":"pt-BR"},{"@type":"Organization","@id":"https:\/\/news.ecclesia.org.br\/#organization","name":"Sacra Arquidiocese de Buenos Aires e Am\u00e9rica do Sul | Patriarcado Ecum\u00eanico","alternateName":"News Ecclesia Brasil","url":"https:\/\/news.ecclesia.org.br\/","logo":{"@type":"ImageObject","inLanguage":"pt-BR","@id":"https:\/\/news.ecclesia.org.br\/#\/schema\/logo\/image\/","url":"https:\/\/news.ecclesia.org.br\/wp-content\/uploads\/2025\/05\/ecclesia2.png","contentUrl":"https:\/\/news.ecclesia.org.br\/wp-content\/uploads\/2025\/05\/ecclesia2.png","width":480,"height":120,"caption":"Sacra Arquidiocese de Buenos Aires e Am\u00e9rica do Sul | Patriarcado Ecum\u00eanico"},"image":{"@id":"https:\/\/news.ecclesia.org.br\/#\/schema\/logo\/image\/"},"sameAs":["https:\/\/www.facebook.com\/Ecclesia2025","https:\/\/x.com\/EcclesiaNews","https:\/\/br.pinterest.com\/ekklisia\/","https:\/\/www.youtube.com\/@EcclesiaBrasil"]},{"@type":"Person","@id":"https:\/\/news.ecclesia.org.br\/#\/schema\/person\/6f09597f025829745ba414a569f63758","name":"Pe. Andr\u00e9","image":{"@type":"ImageObject","inLanguage":"pt-BR","@id":"https:\/\/secure.gravatar.com\/avatar\/b4327cfa27e9799da239a26adcd534fc29cdc0c4a4a148eecbcfeb9b42c617ac?s=96&d=mm&r=g","url":"https:\/\/secure.gravatar.com\/avatar\/b4327cfa27e9799da239a26adcd534fc29cdc0c4a4a148eecbcfeb9b42c617ac?s=96&d=mm&r=g","contentUrl":"https:\/\/secure.gravatar.com\/avatar\/b4327cfa27e9799da239a26adcd534fc29cdc0c4a4a148eecbcfeb9b42c617ac?s=96&d=mm&r=g","caption":"Pe. Andr\u00e9"},"sameAs":["https:\/\/www.ecclesia.org.br"]}]}},"_links":{"self":[{"href":"https:\/\/news.ecclesia.org.br\/index.php?rest_route=\/wp\/v2\/posts\/24902","targetHints":{"allow":["GET"]}}],"collection":[{"href":"https:\/\/news.ecclesia.org.br\/index.php?rest_route=\/wp\/v2\/posts"}],"about":[{"href":"https:\/\/news.ecclesia.org.br\/index.php?rest_route=\/wp\/v2\/types\/post"}],"author":[{"embeddable":true,"href":"https:\/\/news.ecclesia.org.br\/index.php?rest_route=\/wp\/v2\/users\/1"}],"replies":[{"embeddable":true,"href":"https:\/\/news.ecclesia.org.br\/index.php?rest_route=%2Fwp%2Fv2%2Fcomments&post=24902"}],"version-history":[{"count":0,"href":"https:\/\/news.ecclesia.org.br\/index.php?rest_route=\/wp\/v2\/posts\/24902\/revisions"}],"wp:featuredmedia":[{"embeddable":true,"href":"https:\/\/news.ecclesia.org.br\/index.php?rest_route=\/wp\/v2\/media\/24877"}],"wp:attachment":[{"href":"https:\/\/news.ecclesia.org.br\/index.php?rest_route=%2Fwp%2Fv2%2Fmedia&parent=24902"}],"wp:term":[{"taxonomy":"category","embeddable":true,"href":"https:\/\/news.ecclesia.org.br\/index.php?rest_route=%2Fwp%2Fv2%2Fcategories&post=24902"},{"taxonomy":"post_tag","embeddable":true,"href":"https:\/\/news.ecclesia.org.br\/index.php?rest_route=%2Fwp%2Fv2%2Ftags&post=24902"}],"curies":[{"name":"wp","href":"https:\/\/api.w.org\/{rel}","templated":true}]}}