{"id":24899,"date":"2016-08-05T21:50:03","date_gmt":"2016-08-05T21:50:03","guid":{"rendered":"https:\/\/news.ecclesia.org.br\/2013\/?p=24899"},"modified":"2020-05-31T18:48:20","modified_gmt":"2020-05-31T18:48:20","slug":"24899","status":"publish","type":"post","link":"https:\/\/news.ecclesia.org.br\/?p=24899","title":{"rendered":"Viacheslav Ivanov: A aceita\u00e7\u00e3o m\u00edstica da Provid\u00eancia"},"content":{"rendered":"<p style=\"text-align: justify;\">O poeta e pensador russo Viacheslav Ivanov viveu em Roma no s\u00e9culo XIX (1866-1949). As pinturas cl\u00e1ssicas dos mestres italianos lhe eram bem familiares e frequentemente meditava sobre o seu significado espiritual. Assim, viu em tr\u00eas c\u00e9lebres obras destes mestres os s\u00edmbolos do progresso espiritual na atitude crist\u00e3 diante do mal: o <em>Ju\u00edzo Final<\/em>, de Michelangelo na Capela Sistina; a <em>Transfigura\u00e7\u00e3o<\/em> de Rafael, nos Museus do Vaticano, e <em>A \u00daltima Ceia<\/em> de Leonardo da Vinci, em Mil\u00e3o.<\/p>\n<p style=\"text-align: justify;\">O que Michelangelo pintou era, para Ivanov, a express\u00e3o caracter\u00edstica de uma alma jovem e de sentimentos nobres. Ao encontrar-se com o mal, ressurge com entusiasmo e pensa destruir todos os malvados e mant\u00ea-los longe do espa\u00e7o pr\u00f3prio da exist\u00eancia. Assim retrata <a href=\"https:\/\/news.ecclesia.org.br\/2013\/wp-content\/uploads\/2016\/08\/Michelangelo-juizo-final2.jpg\" target=\"_blank\" rel=\"noopener noreferrer\"><strong>o Cristo do Ju\u00edzo Final<\/strong><\/a> da Capela Sistina: com gesto atl\u00e9tico <a href=\"https:\/\/news.ecclesia.org.br\/2013\/wp-content\/uploads\/2016\/08\/Michelangelo-Cristo_Juiz.jpg\" target=\"_blank\" rel=\"noopener noreferrer\">afasta os pecadores e os envia para o fogo do inferno<\/a>. Mas esse entusiasmo juvenil pela luta contra o mal vai se arrefecendo com a idade. A debilidade alcan\u00e7a o homem que vai se enfraquecendo enquanto o mal parece crescer.<\/p>\n<figure id=\"attachment_21607\" aria-describedby=\"caption-attachment-21607\" style=\"width: 640px\" class=\"wp-caption aligncenter\"><a href=\"https:\/\/news.ecclesia.org.br\/2013\/wp-content\/uploads\/2016\/08\/Michelangelo-Juizo-Final.jpg\" target=\"_blank\" rel=\"noopener noreferrer\"><img fetchpriority=\"high\" decoding=\"async\" class=\"wp-image-21607\" src=\"https:\/\/news.ecclesia.org.br\/2013\/wp-content\/uploads\/2016\/08\/Michelangelo-Juizo-Final-272x300.jpg\" alt=\"\" width=\"640\" height=\"705\" \/><\/a><figcaption id=\"caption-attachment-21607\" class=\"wp-caption-text\">Por Michelangelo &#8211; See below., Dom\u00ednio p\u00fablico<\/figcaption><\/figure>\n<p style=\"text-align: justify;\">Raphael pintou a <em>Transfigura\u00e7\u00e3o<\/em> de Cristo sobre o Monte Tabor em dois n\u00edveis: no plano inferior, os fariseus tentam condenar, causar a morte \u00e0 \u00a0mulher culpada de adult\u00e9rio, certos de que assim est\u00e3o a erradicar o pecado do mundo.<\/p>\n<figure id=\"attachment_21605\" aria-describedby=\"caption-attachment-21605\" style=\"width: 640px\" class=\"wp-caption aligncenter\"><a href=\"https:\/\/news.ecclesia.org.br\/2013\/wp-content\/uploads\/2016\/08\/Transfiguracao-Raphael.jpg\" target=\"_blank\" rel=\"noopener noreferrer\"><img decoding=\"async\" class=\"wp-image-21605\" src=\"https:\/\/news.ecclesia.org.br\/2013\/wp-content\/uploads\/2016\/08\/Transfiguracao-Raphael-199x300.jpg\" alt=\"Por Rafael Sanzio - Downloaded from Artist Hideout, Dom\u00ednio p\u00fablico, https:\/\/commons.wikimedia.org\/w\/index.php?curid=379381\" width=\"640\" height=\"965\" \/><\/a><figcaption id=\"caption-attachment-21605\" class=\"wp-caption-text\">Por Rafael Sanzio &#8211; Downloaded from Artist Hideout, Dom\u00ednio p\u00fablico, https:\/\/commons.wikimedia.org\/w\/index.php?curid=379381<\/figcaption><\/figure>\n<p style=\"text-align: justify;\">Os tr\u00eas ap\u00f3stolos, por\u00e9m, subiram a montanha e desfrutam da vis\u00e3o m\u00edstica do mundo glorioso, celestial. Ou seja, crescendo, o homem se reconcilia com a exist\u00eancia do mal presente neste mundo e se consola com a esperan\u00e7a do mundo futuro. Esta parece ser a atitude dos verdadeiros crentes e, ainda assim, n\u00e3o \u00e9 o mais elevado grau da perfei\u00e7\u00e3o.<\/p>\n<figure id=\"attachment_21600\" aria-describedby=\"caption-attachment-21600\" style=\"width: 640px\" class=\"wp-caption aligncenter\"><a href=\"https:\/\/news.ecclesia.org.br\/2013\/wp-content\/uploads\/2016\/08\/Leonardo-da-Vinci-ultima-ceia.jpg\" target=\"_blank\" rel=\"noopener noreferrer\"><img decoding=\"async\" class=\"wp-image-21600\" src=\"https:\/\/news.ecclesia.org.br\/2013\/wp-content\/uploads\/2016\/08\/Leonardo-da-Vinci-ultima-ceia-300x156.jpg\" alt=\"Por Leonardo da Vinci - Unknown, Public Domain, https:\/\/commons.wikimedia.org\/w\/index.php?curid=24759\" width=\"640\" height=\"334\" \/><\/a><figcaption id=\"caption-attachment-21600\" class=\"wp-caption-text\">Por Leonardo da Vinci &#8211; Unknown, Public Domain, https:\/\/commons.wikimedia.org\/w\/index.php?curid=24759<\/figcaption><\/figure>\n<p style=\"text-align: justify;\">Leonardo da Vinci apresenta a cena da <em>\u00daltima Ceia<\/em>, precisamente naquele momento em que Jesus anuncia que um dos seus, eleito como amigo, ir\u00e1 tra\u00ed-lo. Os ap\u00f3stolos saltam, querendo saber quem \u00e9 para destru\u00ed-lo. Jesus, pelo contr\u00e1rio, inclina a cabe\u00e7a, aceitando a vontade do Pai, sabendo que mesmo este ato trai\u00e7oeiro, p\u00e9rfido, ir\u00e1 servir como um fio para as <strong>p\u00e9rolas do colar das grandes obras do amor divino<\/strong>.<\/p>\n<hr \/>\n<p>Extra\u00eddo da obra \u00abLa Sant\u00edsima Trinidad: nuestra vida, camino y destino\u00bb, cardeal tcheco Tom\u00e1\u0161 \u0160pidl\u00edk (Boskovice, 1919 &#8211; Roma, 2010).<\/p>\n<p>&nbsp;<\/p>\n<p>ECCLESIA<br \/>\nCultura e arte<br \/>\nM\u00edstica e Espiritualidade<\/p>\n","protected":false},"excerpt":{"rendered":"<p>O poeta e pensador russo Viacheslav Ivanov viveu em Roma no s\u00e9culo XIX (1866-1949). As pinturas cl\u00e1ssicas dos mestres italianos lhe eram bem familiares e frequentemente meditava sobre o seu significado espiritual. Assim, viu em tr\u00eas c\u00e9lebres obras destes mestres&#8230;<\/p>\n","protected":false},"author":1,"featured_media":0,"comment_status":"open","ping_status":"open","sticky":false,"template":"","format":"standard","meta":{"_acf_changed":false,"footnotes":""},"categories":[1],"tags":[],"class_list":["post-24899","post","type-post","status-publish","format-standard","hentry","category-news","entry","rows-excerpt"],"acf":[],"yoast_head":"<!-- This site is optimized with the Yoast SEO plugin v27.5 - https:\/\/yoast.com\/product\/yoast-seo-wordpress\/ -->\n<title>Viacheslav Ivanov: A aceita\u00e7\u00e3o m\u00edstica da Provid\u00eancia | ECCLESIA NEWS<\/title>\n<meta name=\"robots\" content=\"index, follow, max-snippet:-1, max-image-preview:large, max-video-preview:-1\" \/>\n<link rel=\"canonical\" href=\"https:\/\/news.ecclesia.org.br\/?p=24899\" \/>\n<meta property=\"og:locale\" content=\"pt_BR\" \/>\n<meta property=\"og:type\" content=\"article\" \/>\n<meta property=\"og:title\" content=\"Viacheslav Ivanov: A aceita\u00e7\u00e3o m\u00edstica da Provid\u00eancia | ECCLESIA NEWS\" \/>\n<meta property=\"og:description\" content=\"O poeta e pensador russo Viacheslav Ivanov viveu em Roma no s\u00e9culo XIX (1866-1949). As pinturas cl\u00e1ssicas dos mestres italianos lhe eram bem familiares e frequentemente meditava sobre o seu significado espiritual. Assim, viu em tr\u00eas c\u00e9lebres obras destes mestres&#8230;\" \/>\n<meta property=\"og:url\" content=\"https:\/\/news.ecclesia.org.br\/?p=24899\" \/>\n<meta property=\"og:site_name\" content=\"ECCLESIA NEWS\" \/>\n<meta property=\"article:publisher\" content=\"https:\/\/www.facebook.com\/Ecclesia2025\" \/>\n<meta property=\"article:published_time\" content=\"2016-08-05T21:50:03+00:00\" \/>\n<meta property=\"article:modified_time\" content=\"2020-05-31T18:48:20+00:00\" \/>\n<meta property=\"og:image\" content=\"https:\/\/news.ecclesia.org.br\/2013\/wp-content\/uploads\/2016\/08\/Michelangelo-Juizo-Final-272x300.jpg\" \/>\n<meta name=\"author\" content=\"Pe. Andr\u00e9\" \/>\n<meta name=\"twitter:card\" content=\"summary_large_image\" \/>\n<meta name=\"twitter:creator\" content=\"@EcclesiaNews\" \/>\n<meta name=\"twitter:site\" content=\"@EcclesiaNews\" \/>\n<meta name=\"twitter:label1\" content=\"Escrito por\" \/>\n\t<meta name=\"twitter:data1\" content=\"Pe. Andr\u00e9\" \/>\n\t<meta name=\"twitter:label2\" content=\"Est. tempo de leitura\" \/>\n\t<meta name=\"twitter:data2\" content=\"2 minutos\" \/>\n<script type=\"application\/ld+json\" class=\"yoast-schema-graph\">{\"@context\":\"https:\\\/\\\/schema.org\",\"@graph\":[{\"@type\":\"Article\",\"@id\":\"https:\\\/\\\/news.ecclesia.org.br\\\/?p=24899#article\",\"isPartOf\":{\"@id\":\"https:\\\/\\\/news.ecclesia.org.br\\\/?p=24899\"},\"author\":{\"name\":\"Pe. Andr\u00e9\",\"@id\":\"https:\\\/\\\/news.ecclesia.org.br\\\/#\\\/schema\\\/person\\\/6f09597f025829745ba414a569f63758\"},\"headline\":\"Viacheslav Ivanov: A aceita\u00e7\u00e3o m\u00edstica da Provid\u00eancia\",\"datePublished\":\"2016-08-05T21:50:03+00:00\",\"dateModified\":\"2020-05-31T18:48:20+00:00\",\"mainEntityOfPage\":{\"@id\":\"https:\\\/\\\/news.ecclesia.org.br\\\/?p=24899\"},\"wordCount\":477,\"commentCount\":0,\"publisher\":{\"@id\":\"https:\\\/\\\/news.ecclesia.org.br\\\/#organization\"},\"image\":{\"@id\":\"https:\\\/\\\/news.ecclesia.org.br\\\/?p=24899#primaryimage\"},\"thumbnailUrl\":\"https:\\\/\\\/news.ecclesia.org.br\\\/2013\\\/wp-content\\\/uploads\\\/2016\\\/08\\\/Michelangelo-Juizo-Final-272x300.jpg\",\"articleSection\":[\"NEWS\"],\"inLanguage\":\"pt-BR\",\"potentialAction\":[{\"@type\":\"CommentAction\",\"name\":\"Comment\",\"target\":[\"https:\\\/\\\/news.ecclesia.org.br\\\/?p=24899#respond\"]}]},{\"@type\":\"WebPage\",\"@id\":\"https:\\\/\\\/news.ecclesia.org.br\\\/?p=24899\",\"url\":\"https:\\\/\\\/news.ecclesia.org.br\\\/?p=24899\",\"name\":\"Viacheslav Ivanov: A aceita\u00e7\u00e3o m\u00edstica da Provid\u00eancia | ECCLESIA NEWS\",\"isPartOf\":{\"@id\":\"https:\\\/\\\/news.ecclesia.org.br\\\/#website\"},\"primaryImageOfPage\":{\"@id\":\"https:\\\/\\\/news.ecclesia.org.br\\\/?p=24899#primaryimage\"},\"image\":{\"@id\":\"https:\\\/\\\/news.ecclesia.org.br\\\/?p=24899#primaryimage\"},\"thumbnailUrl\":\"https:\\\/\\\/news.ecclesia.org.br\\\/2013\\\/wp-content\\\/uploads\\\/2016\\\/08\\\/Michelangelo-Juizo-Final-272x300.jpg\",\"datePublished\":\"2016-08-05T21:50:03+00:00\",\"dateModified\":\"2020-05-31T18:48:20+00:00\",\"breadcrumb\":{\"@id\":\"https:\\\/\\\/news.ecclesia.org.br\\\/?p=24899#breadcrumb\"},\"inLanguage\":\"pt-BR\",\"potentialAction\":[{\"@type\":\"ReadAction\",\"target\":[\"https:\\\/\\\/news.ecclesia.org.br\\\/?p=24899\"]}]},{\"@type\":\"ImageObject\",\"inLanguage\":\"pt-BR\",\"@id\":\"https:\\\/\\\/news.ecclesia.org.br\\\/?p=24899#primaryimage\",\"url\":\"\",\"contentUrl\":\"\"},{\"@type\":\"BreadcrumbList\",\"@id\":\"https:\\\/\\\/news.ecclesia.org.br\\\/?p=24899#breadcrumb\",\"itemListElement\":[{\"@type\":\"ListItem\",\"position\":1,\"name\":\"In\u00edcio\",\"item\":\"https:\\\/\\\/news.ecclesia.org.br\\\/\"},{\"@type\":\"ListItem\",\"position\":2,\"name\":\"Viacheslav Ivanov: A aceita\u00e7\u00e3o m\u00edstica da Provid\u00eancia\"}]},{\"@type\":\"WebSite\",\"@id\":\"https:\\\/\\\/news.ecclesia.org.br\\\/#website\",\"url\":\"https:\\\/\\\/news.ecclesia.org.br\\\/\",\"name\":\"Ecclesia Brasil\",\"description\":\"Desde 2003 onectando o Brasil ao mundo ortodoxo!\",\"publisher\":{\"@id\":\"https:\\\/\\\/news.ecclesia.org.br\\\/#organization\"},\"alternateName\":\"Ecclesia\",\"potentialAction\":[{\"@type\":\"SearchAction\",\"target\":{\"@type\":\"EntryPoint\",\"urlTemplate\":\"https:\\\/\\\/news.ecclesia.org.br\\\/?s={search_term_string}\"},\"query-input\":{\"@type\":\"PropertyValueSpecification\",\"valueRequired\":true,\"valueName\":\"search_term_string\"}}],\"inLanguage\":\"pt-BR\"},{\"@type\":\"Organization\",\"@id\":\"https:\\\/\\\/news.ecclesia.org.br\\\/#organization\",\"name\":\"Sacra Arquidiocese de Buenos Aires e Am\u00e9rica do Sul | Patriarcado Ecum\u00eanico\",\"alternateName\":\"News Ecclesia Brasil\",\"url\":\"https:\\\/\\\/news.ecclesia.org.br\\\/\",\"logo\":{\"@type\":\"ImageObject\",\"inLanguage\":\"pt-BR\",\"@id\":\"https:\\\/\\\/news.ecclesia.org.br\\\/#\\\/schema\\\/logo\\\/image\\\/\",\"url\":\"https:\\\/\\\/news.ecclesia.org.br\\\/wp-content\\\/uploads\\\/2025\\\/05\\\/ecclesia2.png\",\"contentUrl\":\"https:\\\/\\\/news.ecclesia.org.br\\\/wp-content\\\/uploads\\\/2025\\\/05\\\/ecclesia2.png\",\"width\":480,\"height\":120,\"caption\":\"Sacra Arquidiocese de Buenos Aires e Am\u00e9rica do Sul | Patriarcado Ecum\u00eanico\"},\"image\":{\"@id\":\"https:\\\/\\\/news.ecclesia.org.br\\\/#\\\/schema\\\/logo\\\/image\\\/\"},\"sameAs\":[\"https:\\\/\\\/www.facebook.com\\\/Ecclesia2025\",\"https:\\\/\\\/x.com\\\/EcclesiaNews\",\"https:\\\/\\\/br.pinterest.com\\\/ekklisia\\\/\",\"https:\\\/\\\/www.youtube.com\\\/@EcclesiaBrasil\"]},{\"@type\":\"Person\",\"@id\":\"https:\\\/\\\/news.ecclesia.org.br\\\/#\\\/schema\\\/person\\\/6f09597f025829745ba414a569f63758\",\"name\":\"Pe. Andr\u00e9\",\"image\":{\"@type\":\"ImageObject\",\"inLanguage\":\"pt-BR\",\"@id\":\"https:\\\/\\\/secure.gravatar.com\\\/avatar\\\/b4327cfa27e9799da239a26adcd534fc29cdc0c4a4a148eecbcfeb9b42c617ac?s=96&d=mm&r=g\",\"url\":\"https:\\\/\\\/secure.gravatar.com\\\/avatar\\\/b4327cfa27e9799da239a26adcd534fc29cdc0c4a4a148eecbcfeb9b42c617ac?s=96&d=mm&r=g\",\"contentUrl\":\"https:\\\/\\\/secure.gravatar.com\\\/avatar\\\/b4327cfa27e9799da239a26adcd534fc29cdc0c4a4a148eecbcfeb9b42c617ac?s=96&d=mm&r=g\",\"caption\":\"Pe. Andr\u00e9\"},\"sameAs\":[\"https:\\\/\\\/www.ecclesia.org.br\"]}]}<\/script>\n<!-- \/ Yoast SEO plugin. -->","yoast_head_json":{"title":"Viacheslav Ivanov: A aceita\u00e7\u00e3o m\u00edstica da Provid\u00eancia | ECCLESIA NEWS","robots":{"index":"index","follow":"follow","max-snippet":"max-snippet:-1","max-image-preview":"max-image-preview:large","max-video-preview":"max-video-preview:-1"},"canonical":"https:\/\/news.ecclesia.org.br\/?p=24899","og_locale":"pt_BR","og_type":"article","og_title":"Viacheslav Ivanov: A aceita\u00e7\u00e3o m\u00edstica da Provid\u00eancia | ECCLESIA NEWS","og_description":"O poeta e pensador russo Viacheslav Ivanov viveu em Roma no s\u00e9culo XIX (1866-1949). As pinturas cl\u00e1ssicas dos mestres italianos lhe eram bem familiares e frequentemente meditava sobre o seu significado espiritual. Assim, viu em tr\u00eas c\u00e9lebres obras destes mestres&#8230;","og_url":"https:\/\/news.ecclesia.org.br\/?p=24899","og_site_name":"ECCLESIA NEWS","article_publisher":"https:\/\/www.facebook.com\/Ecclesia2025","article_published_time":"2016-08-05T21:50:03+00:00","article_modified_time":"2020-05-31T18:48:20+00:00","og_image":[{"url":"https:\/\/news.ecclesia.org.br\/2013\/wp-content\/uploads\/2016\/08\/Michelangelo-Juizo-Final-272x300.jpg","type":"","width":"","height":""}],"author":"Pe. Andr\u00e9","twitter_card":"summary_large_image","twitter_creator":"@EcclesiaNews","twitter_site":"@EcclesiaNews","twitter_misc":{"Escrito por":"Pe. Andr\u00e9","Est. tempo de leitura":"2 minutos"},"schema":{"@context":"https:\/\/schema.org","@graph":[{"@type":"Article","@id":"https:\/\/news.ecclesia.org.br\/?p=24899#article","isPartOf":{"@id":"https:\/\/news.ecclesia.org.br\/?p=24899"},"author":{"name":"Pe. Andr\u00e9","@id":"https:\/\/news.ecclesia.org.br\/#\/schema\/person\/6f09597f025829745ba414a569f63758"},"headline":"Viacheslav Ivanov: A aceita\u00e7\u00e3o m\u00edstica da Provid\u00eancia","datePublished":"2016-08-05T21:50:03+00:00","dateModified":"2020-05-31T18:48:20+00:00","mainEntityOfPage":{"@id":"https:\/\/news.ecclesia.org.br\/?p=24899"},"wordCount":477,"commentCount":0,"publisher":{"@id":"https:\/\/news.ecclesia.org.br\/#organization"},"image":{"@id":"https:\/\/news.ecclesia.org.br\/?p=24899#primaryimage"},"thumbnailUrl":"https:\/\/news.ecclesia.org.br\/2013\/wp-content\/uploads\/2016\/08\/Michelangelo-Juizo-Final-272x300.jpg","articleSection":["NEWS"],"inLanguage":"pt-BR","potentialAction":[{"@type":"CommentAction","name":"Comment","target":["https:\/\/news.ecclesia.org.br\/?p=24899#respond"]}]},{"@type":"WebPage","@id":"https:\/\/news.ecclesia.org.br\/?p=24899","url":"https:\/\/news.ecclesia.org.br\/?p=24899","name":"Viacheslav Ivanov: A aceita\u00e7\u00e3o m\u00edstica da Provid\u00eancia | ECCLESIA NEWS","isPartOf":{"@id":"https:\/\/news.ecclesia.org.br\/#website"},"primaryImageOfPage":{"@id":"https:\/\/news.ecclesia.org.br\/?p=24899#primaryimage"},"image":{"@id":"https:\/\/news.ecclesia.org.br\/?p=24899#primaryimage"},"thumbnailUrl":"https:\/\/news.ecclesia.org.br\/2013\/wp-content\/uploads\/2016\/08\/Michelangelo-Juizo-Final-272x300.jpg","datePublished":"2016-08-05T21:50:03+00:00","dateModified":"2020-05-31T18:48:20+00:00","breadcrumb":{"@id":"https:\/\/news.ecclesia.org.br\/?p=24899#breadcrumb"},"inLanguage":"pt-BR","potentialAction":[{"@type":"ReadAction","target":["https:\/\/news.ecclesia.org.br\/?p=24899"]}]},{"@type":"ImageObject","inLanguage":"pt-BR","@id":"https:\/\/news.ecclesia.org.br\/?p=24899#primaryimage","url":"","contentUrl":""},{"@type":"BreadcrumbList","@id":"https:\/\/news.ecclesia.org.br\/?p=24899#breadcrumb","itemListElement":[{"@type":"ListItem","position":1,"name":"In\u00edcio","item":"https:\/\/news.ecclesia.org.br\/"},{"@type":"ListItem","position":2,"name":"Viacheslav Ivanov: A aceita\u00e7\u00e3o m\u00edstica da Provid\u00eancia"}]},{"@type":"WebSite","@id":"https:\/\/news.ecclesia.org.br\/#website","url":"https:\/\/news.ecclesia.org.br\/","name":"Ecclesia Brasil","description":"Desde 2003 onectando o Brasil ao mundo ortodoxo!","publisher":{"@id":"https:\/\/news.ecclesia.org.br\/#organization"},"alternateName":"Ecclesia","potentialAction":[{"@type":"SearchAction","target":{"@type":"EntryPoint","urlTemplate":"https:\/\/news.ecclesia.org.br\/?s={search_term_string}"},"query-input":{"@type":"PropertyValueSpecification","valueRequired":true,"valueName":"search_term_string"}}],"inLanguage":"pt-BR"},{"@type":"Organization","@id":"https:\/\/news.ecclesia.org.br\/#organization","name":"Sacra Arquidiocese de Buenos Aires e Am\u00e9rica do Sul | Patriarcado Ecum\u00eanico","alternateName":"News Ecclesia Brasil","url":"https:\/\/news.ecclesia.org.br\/","logo":{"@type":"ImageObject","inLanguage":"pt-BR","@id":"https:\/\/news.ecclesia.org.br\/#\/schema\/logo\/image\/","url":"https:\/\/news.ecclesia.org.br\/wp-content\/uploads\/2025\/05\/ecclesia2.png","contentUrl":"https:\/\/news.ecclesia.org.br\/wp-content\/uploads\/2025\/05\/ecclesia2.png","width":480,"height":120,"caption":"Sacra Arquidiocese de Buenos Aires e Am\u00e9rica do Sul | Patriarcado Ecum\u00eanico"},"image":{"@id":"https:\/\/news.ecclesia.org.br\/#\/schema\/logo\/image\/"},"sameAs":["https:\/\/www.facebook.com\/Ecclesia2025","https:\/\/x.com\/EcclesiaNews","https:\/\/br.pinterest.com\/ekklisia\/","https:\/\/www.youtube.com\/@EcclesiaBrasil"]},{"@type":"Person","@id":"https:\/\/news.ecclesia.org.br\/#\/schema\/person\/6f09597f025829745ba414a569f63758","name":"Pe. Andr\u00e9","image":{"@type":"ImageObject","inLanguage":"pt-BR","@id":"https:\/\/secure.gravatar.com\/avatar\/b4327cfa27e9799da239a26adcd534fc29cdc0c4a4a148eecbcfeb9b42c617ac?s=96&d=mm&r=g","url":"https:\/\/secure.gravatar.com\/avatar\/b4327cfa27e9799da239a26adcd534fc29cdc0c4a4a148eecbcfeb9b42c617ac?s=96&d=mm&r=g","contentUrl":"https:\/\/secure.gravatar.com\/avatar\/b4327cfa27e9799da239a26adcd534fc29cdc0c4a4a148eecbcfeb9b42c617ac?s=96&d=mm&r=g","caption":"Pe. Andr\u00e9"},"sameAs":["https:\/\/www.ecclesia.org.br"]}]}},"_links":{"self":[{"href":"https:\/\/news.ecclesia.org.br\/index.php?rest_route=\/wp\/v2\/posts\/24899","targetHints":{"allow":["GET"]}}],"collection":[{"href":"https:\/\/news.ecclesia.org.br\/index.php?rest_route=\/wp\/v2\/posts"}],"about":[{"href":"https:\/\/news.ecclesia.org.br\/index.php?rest_route=\/wp\/v2\/types\/post"}],"author":[{"embeddable":true,"href":"https:\/\/news.ecclesia.org.br\/index.php?rest_route=\/wp\/v2\/users\/1"}],"replies":[{"embeddable":true,"href":"https:\/\/news.ecclesia.org.br\/index.php?rest_route=%2Fwp%2Fv2%2Fcomments&post=24899"}],"version-history":[{"count":0,"href":"https:\/\/news.ecclesia.org.br\/index.php?rest_route=\/wp\/v2\/posts\/24899\/revisions"}],"wp:attachment":[{"href":"https:\/\/news.ecclesia.org.br\/index.php?rest_route=%2Fwp%2Fv2%2Fmedia&parent=24899"}],"wp:term":[{"taxonomy":"category","embeddable":true,"href":"https:\/\/news.ecclesia.org.br\/index.php?rest_route=%2Fwp%2Fv2%2Fcategories&post=24899"},{"taxonomy":"post_tag","embeddable":true,"href":"https:\/\/news.ecclesia.org.br\/index.php?rest_route=%2Fwp%2Fv2%2Ftags&post=24899"}],"curies":[{"name":"wp","href":"https:\/\/api.w.org\/{rel}","templated":true}]}}