{"id":24893,"date":"2018-03-18T21:43:24","date_gmt":"2018-03-18T21:43:24","guid":{"rendered":"https:\/\/news.ecclesia.org.br\/2013\/?p=24893"},"modified":"2018-03-18T21:45:56","modified_gmt":"2018-03-18T21:45:56","slug":"morre-na-franca-veronica-lossky-viuva-do-arcipreste-nicolas-lossky","status":"publish","type":"post","link":"https:\/\/news.ecclesia.org.br\/?p=24893","title":{"rendered":"Morre na Fran\u00e7a Ver\u00f4nica Lossky, vi\u00fava do Arcipreste\u00a0Nicolas Lossky"},"content":{"rendered":"<figure id=\"attachment_24894\" aria-describedby=\"caption-attachment-24894\" style=\"width: 300px\" class=\"wp-caption alignleft\"><a href=\"https:\/\/news.ecclesia.org.br\/2013\/wp-content\/uploads\/2018\/03\/veronique-lossky.jpg\"><img fetchpriority=\"high\" decoding=\"async\" class=\"wp-image-24894 size-medium\" src=\"https:\/\/news.ecclesia.org.br\/2013\/wp-content\/uploads\/2018\/03\/veronique-lossky-300x203.jpg\" alt=\"\" width=\"300\" height=\"203\" srcset=\"https:\/\/news.ecclesia.org.br\/wp-content\/uploads\/2018\/03\/veronique-lossky-300x203.jpg 300w, https:\/\/news.ecclesia.org.br\/wp-content\/uploads\/2018\/03\/veronique-lossky-768x518.jpg 768w, https:\/\/news.ecclesia.org.br\/wp-content\/uploads\/2018\/03\/veronique-lossky-600x405.jpg 600w, https:\/\/news.ecclesia.org.br\/wp-content\/uploads\/2018\/03\/veronique-lossky-81x55.jpg 81w, https:\/\/news.ecclesia.org.br\/wp-content\/uploads\/2018\/03\/veronique-lossky-445x300.jpg 445w, https:\/\/news.ecclesia.org.br\/wp-content\/uploads\/2018\/03\/veronique-lossky-60x40.jpg 60w, https:\/\/news.ecclesia.org.br\/wp-content\/uploads\/2018\/03\/veronique-lossky-120x80.jpg 120w, https:\/\/news.ecclesia.org.br\/wp-content\/uploads\/2018\/03\/veronique-lossky.jpg 1000w\" sizes=\"(max-width: 300px) 100vw, 300px\" \/><\/a><figcaption id=\"caption-attachment-24894\" class=\"wp-caption-text\">Ver\u00f4nica Lossky<\/figcaption><\/figure>\n<p style=\"text-align: justify;\">Ver\u00f4nica Lossky, vi\u00fava do Arcipreste\u00a0Nicolas Lossky, adormeceu em Cristo neste s\u00e1bado, 17 de mar\u00e7o de 2018.\u00a0Nascida em Paris em 1931, era de uma fam\u00edlia russa da primeira emigra\u00e7\u00e3o, neta de um sacerdote ortodoxo.\u00a0Professora em\u00e9rita da Universidade de Paris IV-Sorbonne, formada em russo e eslavo, primeiro no ambiente familiar, depois no <em>Lyceum Russo<\/em> em Paris, na Sorbonne e em Oxford (Inglaterra).\u00a0Era casada com o\u00a0\u00a0Padre Nicolas Lossky\u00a0, m\u00e3e de 4 filhos, incluindo Andr\u00e9 Lossky, professor de teologia.<\/p>\n<p style=\"text-align: justify;\">Doutora em Letras, especializado em estudos sobre poesia moderna russa e emigra\u00e7\u00e3o russa na Fran\u00e7a, autora de v\u00e1rios livros e numerosos artigos: sobre Marina Tsvetaieva, Anna Akhmatova, poesia russa, emigra\u00e7\u00e3o russa na Fran\u00e7a, \u00a0vida ortodoxa na di\u00e1spora, o lugar das mulheres na Igreja Ortodoxa, a fam\u00edlia etc.\u00a0Organizadora de confer\u00eancias acad\u00eamicas, participou\u00a0 em trabalhos conjuntos, incluindo um em curso (Dicion\u00e1rio Biogr\u00e1fico de Emigra\u00e7\u00e3o Russa na Fran\u00e7a de 1920 a 2000\u00a0, Volume 1 publicado em 2008), e v\u00e1rias tradu\u00e7\u00f5es romanescas (inglesas) ou liter\u00e1rias (em russo e franc\u00eas), autora de obras publicadas na R\u00fassia, Inglaterra, Estados Unidos, tendo desenvolvido ainda v\u00e1rias outras atividades liter\u00e1rias e paroquiais.<\/p>\n<h3 style=\"text-align: justify;\">Que sua mem\u00f3ria seja eterna!<\/h3>\n<hr \/>\n<p style=\"text-align: right;\">Fonte: <a href=\"https:\/\/orthodoxie.com\/veronique-lossky-est-decedee\/\" target=\"_blank\" rel=\"noopener\">Orthodoxie.com<\/a><\/p>\n","protected":false},"excerpt":{"rendered":"<p>Ver\u00f4nica Lossky, vi\u00fava do Arcipreste\u00a0Nicolas Lossky, adormeceu em Cristo neste s\u00e1bado, 17 de mar\u00e7o de 2018.\u00a0Nascida em Paris em 1931, era de uma fam\u00edlia russa da primeira emigra\u00e7\u00e3o, neta de um sacerdote ortodoxo.\u00a0Professora em\u00e9rita da Universidade de Paris IV-Sorbonne, formada&#8230;<\/p>\n","protected":false},"author":1,"featured_media":24894,"comment_status":"open","ping_status":"open","sticky":false,"template":"","format":"standard","meta":{"_acf_changed":false,"footnotes":""},"categories":[1],"tags":[],"class_list":["post-24893","post","type-post","status-publish","format-standard","has-post-thumbnail","hentry","category-news","entry","rows-excerpt"],"acf":[],"yoast_head":"<!-- This site is optimized with the Yoast SEO plugin v27.4 - https:\/\/yoast.com\/product\/yoast-seo-wordpress\/ -->\n<title>Morre na Fran\u00e7a Ver\u00f4nica Lossky, vi\u00fava do Arcipreste\u00a0Nicolas Lossky | ECCLESIA NEWS<\/title>\n<meta name=\"robots\" content=\"index, follow, max-snippet:-1, max-image-preview:large, max-video-preview:-1\" \/>\n<link rel=\"canonical\" href=\"https:\/\/news.ecclesia.org.br\/?p=24893\" \/>\n<meta property=\"og:locale\" content=\"pt_BR\" \/>\n<meta property=\"og:type\" content=\"article\" \/>\n<meta property=\"og:title\" content=\"Morre na Fran\u00e7a Ver\u00f4nica Lossky, vi\u00fava do Arcipreste\u00a0Nicolas Lossky | ECCLESIA NEWS\" \/>\n<meta property=\"og:description\" content=\"Ver\u00f4nica Lossky, vi\u00fava do Arcipreste\u00a0Nicolas Lossky, adormeceu em Cristo neste s\u00e1bado, 17 de mar\u00e7o de 2018.\u00a0Nascida em Paris em 1931, era de uma fam\u00edlia russa da primeira emigra\u00e7\u00e3o, neta de um sacerdote ortodoxo.\u00a0Professora em\u00e9rita da Universidade de Paris IV-Sorbonne, formada&#8230;\" \/>\n<meta property=\"og:url\" content=\"https:\/\/news.ecclesia.org.br\/?p=24893\" \/>\n<meta property=\"og:site_name\" content=\"ECCLESIA NEWS\" \/>\n<meta property=\"article:publisher\" content=\"https:\/\/www.facebook.com\/Ecclesia2025\" \/>\n<meta property=\"article:published_time\" content=\"2018-03-18T21:43:24+00:00\" \/>\n<meta property=\"article:modified_time\" content=\"2018-03-18T21:45:56+00:00\" \/>\n<meta property=\"og:image\" content=\"https:\/\/news.ecclesia.org.br\/wp-content\/uploads\/2018\/03\/veronique-lossky.jpg\" \/>\n\t<meta property=\"og:image:width\" content=\"1000\" \/>\n\t<meta property=\"og:image:height\" content=\"675\" \/>\n\t<meta property=\"og:image:type\" content=\"image\/jpeg\" \/>\n<meta name=\"author\" content=\"Pe. Andr\u00e9\" \/>\n<meta name=\"twitter:card\" content=\"summary_large_image\" \/>\n<meta name=\"twitter:creator\" content=\"@EcclesiaNews\" \/>\n<meta name=\"twitter:site\" content=\"@EcclesiaNews\" \/>\n<meta name=\"twitter:label1\" content=\"Escrito por\" \/>\n\t<meta name=\"twitter:data1\" content=\"Pe. Andr\u00e9\" \/>\n\t<meta name=\"twitter:label2\" content=\"Est. tempo de leitura\" \/>\n\t<meta name=\"twitter:data2\" content=\"1 minuto\" \/>\n<script type=\"application\/ld+json\" class=\"yoast-schema-graph\">{\"@context\":\"https:\\\/\\\/schema.org\",\"@graph\":[{\"@type\":\"Article\",\"@id\":\"https:\\\/\\\/news.ecclesia.org.br\\\/?p=24893#article\",\"isPartOf\":{\"@id\":\"https:\\\/\\\/news.ecclesia.org.br\\\/?p=24893\"},\"author\":{\"name\":\"Pe. Andr\u00e9\",\"@id\":\"https:\\\/\\\/news.ecclesia.org.br\\\/#\\\/schema\\\/person\\\/6f09597f025829745ba414a569f63758\"},\"headline\":\"Morre na Fran\u00e7a Ver\u00f4nica Lossky, vi\u00fava do Arcipreste\u00a0Nicolas Lossky\",\"datePublished\":\"2018-03-18T21:43:24+00:00\",\"dateModified\":\"2018-03-18T21:45:56+00:00\",\"mainEntityOfPage\":{\"@id\":\"https:\\\/\\\/news.ecclesia.org.br\\\/?p=24893\"},\"wordCount\":236,\"commentCount\":0,\"publisher\":{\"@id\":\"https:\\\/\\\/news.ecclesia.org.br\\\/#organization\"},\"image\":{\"@id\":\"https:\\\/\\\/news.ecclesia.org.br\\\/?p=24893#primaryimage\"},\"thumbnailUrl\":\"https:\\\/\\\/news.ecclesia.org.br\\\/wp-content\\\/uploads\\\/2018\\\/03\\\/veronique-lossky.jpg\",\"articleSection\":[\"NEWS\"],\"inLanguage\":\"pt-BR\",\"potentialAction\":[{\"@type\":\"CommentAction\",\"name\":\"Comment\",\"target\":[\"https:\\\/\\\/news.ecclesia.org.br\\\/?p=24893#respond\"]}]},{\"@type\":\"WebPage\",\"@id\":\"https:\\\/\\\/news.ecclesia.org.br\\\/?p=24893\",\"url\":\"https:\\\/\\\/news.ecclesia.org.br\\\/?p=24893\",\"name\":\"Morre na Fran\u00e7a Ver\u00f4nica Lossky, vi\u00fava do Arcipreste\u00a0Nicolas Lossky | ECCLESIA NEWS\",\"isPartOf\":{\"@id\":\"https:\\\/\\\/news.ecclesia.org.br\\\/#website\"},\"primaryImageOfPage\":{\"@id\":\"https:\\\/\\\/news.ecclesia.org.br\\\/?p=24893#primaryimage\"},\"image\":{\"@id\":\"https:\\\/\\\/news.ecclesia.org.br\\\/?p=24893#primaryimage\"},\"thumbnailUrl\":\"https:\\\/\\\/news.ecclesia.org.br\\\/wp-content\\\/uploads\\\/2018\\\/03\\\/veronique-lossky.jpg\",\"datePublished\":\"2018-03-18T21:43:24+00:00\",\"dateModified\":\"2018-03-18T21:45:56+00:00\",\"breadcrumb\":{\"@id\":\"https:\\\/\\\/news.ecclesia.org.br\\\/?p=24893#breadcrumb\"},\"inLanguage\":\"pt-BR\",\"potentialAction\":[{\"@type\":\"ReadAction\",\"target\":[\"https:\\\/\\\/news.ecclesia.org.br\\\/?p=24893\"]}]},{\"@type\":\"ImageObject\",\"inLanguage\":\"pt-BR\",\"@id\":\"https:\\\/\\\/news.ecclesia.org.br\\\/?p=24893#primaryimage\",\"url\":\"https:\\\/\\\/news.ecclesia.org.br\\\/wp-content\\\/uploads\\\/2018\\\/03\\\/veronique-lossky.jpg\",\"contentUrl\":\"https:\\\/\\\/news.ecclesia.org.br\\\/wp-content\\\/uploads\\\/2018\\\/03\\\/veronique-lossky.jpg\",\"width\":1000,\"height\":675},{\"@type\":\"BreadcrumbList\",\"@id\":\"https:\\\/\\\/news.ecclesia.org.br\\\/?p=24893#breadcrumb\",\"itemListElement\":[{\"@type\":\"ListItem\",\"position\":1,\"name\":\"In\u00edcio\",\"item\":\"https:\\\/\\\/news.ecclesia.org.br\\\/\"},{\"@type\":\"ListItem\",\"position\":2,\"name\":\"Morre na Fran\u00e7a Ver\u00f4nica Lossky, vi\u00fava do Arcipreste\u00a0Nicolas Lossky\"}]},{\"@type\":\"WebSite\",\"@id\":\"https:\\\/\\\/news.ecclesia.org.br\\\/#website\",\"url\":\"https:\\\/\\\/news.ecclesia.org.br\\\/\",\"name\":\"Ecclesia Brasil\",\"description\":\"Desde 2003 onectando o Brasil ao mundo ortodoxo!\",\"publisher\":{\"@id\":\"https:\\\/\\\/news.ecclesia.org.br\\\/#organization\"},\"alternateName\":\"Ecclesia\",\"potentialAction\":[{\"@type\":\"SearchAction\",\"target\":{\"@type\":\"EntryPoint\",\"urlTemplate\":\"https:\\\/\\\/news.ecclesia.org.br\\\/?s={search_term_string}\"},\"query-input\":{\"@type\":\"PropertyValueSpecification\",\"valueRequired\":true,\"valueName\":\"search_term_string\"}}],\"inLanguage\":\"pt-BR\"},{\"@type\":\"Organization\",\"@id\":\"https:\\\/\\\/news.ecclesia.org.br\\\/#organization\",\"name\":\"Sacra Arquidiocese de Buenos Aires e Am\u00e9rica do Sul | Patriarcado Ecum\u00eanico\",\"alternateName\":\"News Ecclesia Brasil\",\"url\":\"https:\\\/\\\/news.ecclesia.org.br\\\/\",\"logo\":{\"@type\":\"ImageObject\",\"inLanguage\":\"pt-BR\",\"@id\":\"https:\\\/\\\/news.ecclesia.org.br\\\/#\\\/schema\\\/logo\\\/image\\\/\",\"url\":\"https:\\\/\\\/news.ecclesia.org.br\\\/wp-content\\\/uploads\\\/2025\\\/05\\\/ecclesia2.png\",\"contentUrl\":\"https:\\\/\\\/news.ecclesia.org.br\\\/wp-content\\\/uploads\\\/2025\\\/05\\\/ecclesia2.png\",\"width\":480,\"height\":120,\"caption\":\"Sacra Arquidiocese de Buenos Aires e Am\u00e9rica do Sul | Patriarcado Ecum\u00eanico\"},\"image\":{\"@id\":\"https:\\\/\\\/news.ecclesia.org.br\\\/#\\\/schema\\\/logo\\\/image\\\/\"},\"sameAs\":[\"https:\\\/\\\/www.facebook.com\\\/Ecclesia2025\",\"https:\\\/\\\/x.com\\\/EcclesiaNews\",\"https:\\\/\\\/br.pinterest.com\\\/ekklisia\\\/\",\"https:\\\/\\\/www.youtube.com\\\/@EcclesiaBrasil\"]},{\"@type\":\"Person\",\"@id\":\"https:\\\/\\\/news.ecclesia.org.br\\\/#\\\/schema\\\/person\\\/6f09597f025829745ba414a569f63758\",\"name\":\"Pe. Andr\u00e9\",\"image\":{\"@type\":\"ImageObject\",\"inLanguage\":\"pt-BR\",\"@id\":\"https:\\\/\\\/secure.gravatar.com\\\/avatar\\\/b4327cfa27e9799da239a26adcd534fc29cdc0c4a4a148eecbcfeb9b42c617ac?s=96&d=mm&r=g\",\"url\":\"https:\\\/\\\/secure.gravatar.com\\\/avatar\\\/b4327cfa27e9799da239a26adcd534fc29cdc0c4a4a148eecbcfeb9b42c617ac?s=96&d=mm&r=g\",\"contentUrl\":\"https:\\\/\\\/secure.gravatar.com\\\/avatar\\\/b4327cfa27e9799da239a26adcd534fc29cdc0c4a4a148eecbcfeb9b42c617ac?s=96&d=mm&r=g\",\"caption\":\"Pe. Andr\u00e9\"},\"sameAs\":[\"https:\\\/\\\/www.ecclesia.org.br\"]}]}<\/script>\n<!-- \/ Yoast SEO plugin. -->","yoast_head_json":{"title":"Morre na Fran\u00e7a Ver\u00f4nica Lossky, vi\u00fava do Arcipreste\u00a0Nicolas Lossky | ECCLESIA NEWS","robots":{"index":"index","follow":"follow","max-snippet":"max-snippet:-1","max-image-preview":"max-image-preview:large","max-video-preview":"max-video-preview:-1"},"canonical":"https:\/\/news.ecclesia.org.br\/?p=24893","og_locale":"pt_BR","og_type":"article","og_title":"Morre na Fran\u00e7a Ver\u00f4nica Lossky, vi\u00fava do Arcipreste\u00a0Nicolas Lossky | ECCLESIA NEWS","og_description":"Ver\u00f4nica Lossky, vi\u00fava do Arcipreste\u00a0Nicolas Lossky, adormeceu em Cristo neste s\u00e1bado, 17 de mar\u00e7o de 2018.\u00a0Nascida em Paris em 1931, era de uma fam\u00edlia russa da primeira emigra\u00e7\u00e3o, neta de um sacerdote ortodoxo.\u00a0Professora em\u00e9rita da Universidade de Paris IV-Sorbonne, formada&#8230;","og_url":"https:\/\/news.ecclesia.org.br\/?p=24893","og_site_name":"ECCLESIA NEWS","article_publisher":"https:\/\/www.facebook.com\/Ecclesia2025","article_published_time":"2018-03-18T21:43:24+00:00","article_modified_time":"2018-03-18T21:45:56+00:00","og_image":[{"width":1000,"height":675,"url":"https:\/\/news.ecclesia.org.br\/wp-content\/uploads\/2018\/03\/veronique-lossky.jpg","type":"image\/jpeg"}],"author":"Pe. Andr\u00e9","twitter_card":"summary_large_image","twitter_creator":"@EcclesiaNews","twitter_site":"@EcclesiaNews","twitter_misc":{"Escrito por":"Pe. Andr\u00e9","Est. tempo de leitura":"1 minuto"},"schema":{"@context":"https:\/\/schema.org","@graph":[{"@type":"Article","@id":"https:\/\/news.ecclesia.org.br\/?p=24893#article","isPartOf":{"@id":"https:\/\/news.ecclesia.org.br\/?p=24893"},"author":{"name":"Pe. Andr\u00e9","@id":"https:\/\/news.ecclesia.org.br\/#\/schema\/person\/6f09597f025829745ba414a569f63758"},"headline":"Morre na Fran\u00e7a Ver\u00f4nica Lossky, vi\u00fava do Arcipreste\u00a0Nicolas Lossky","datePublished":"2018-03-18T21:43:24+00:00","dateModified":"2018-03-18T21:45:56+00:00","mainEntityOfPage":{"@id":"https:\/\/news.ecclesia.org.br\/?p=24893"},"wordCount":236,"commentCount":0,"publisher":{"@id":"https:\/\/news.ecclesia.org.br\/#organization"},"image":{"@id":"https:\/\/news.ecclesia.org.br\/?p=24893#primaryimage"},"thumbnailUrl":"https:\/\/news.ecclesia.org.br\/wp-content\/uploads\/2018\/03\/veronique-lossky.jpg","articleSection":["NEWS"],"inLanguage":"pt-BR","potentialAction":[{"@type":"CommentAction","name":"Comment","target":["https:\/\/news.ecclesia.org.br\/?p=24893#respond"]}]},{"@type":"WebPage","@id":"https:\/\/news.ecclesia.org.br\/?p=24893","url":"https:\/\/news.ecclesia.org.br\/?p=24893","name":"Morre na Fran\u00e7a Ver\u00f4nica Lossky, vi\u00fava do Arcipreste\u00a0Nicolas Lossky | ECCLESIA NEWS","isPartOf":{"@id":"https:\/\/news.ecclesia.org.br\/#website"},"primaryImageOfPage":{"@id":"https:\/\/news.ecclesia.org.br\/?p=24893#primaryimage"},"image":{"@id":"https:\/\/news.ecclesia.org.br\/?p=24893#primaryimage"},"thumbnailUrl":"https:\/\/news.ecclesia.org.br\/wp-content\/uploads\/2018\/03\/veronique-lossky.jpg","datePublished":"2018-03-18T21:43:24+00:00","dateModified":"2018-03-18T21:45:56+00:00","breadcrumb":{"@id":"https:\/\/news.ecclesia.org.br\/?p=24893#breadcrumb"},"inLanguage":"pt-BR","potentialAction":[{"@type":"ReadAction","target":["https:\/\/news.ecclesia.org.br\/?p=24893"]}]},{"@type":"ImageObject","inLanguage":"pt-BR","@id":"https:\/\/news.ecclesia.org.br\/?p=24893#primaryimage","url":"https:\/\/news.ecclesia.org.br\/wp-content\/uploads\/2018\/03\/veronique-lossky.jpg","contentUrl":"https:\/\/news.ecclesia.org.br\/wp-content\/uploads\/2018\/03\/veronique-lossky.jpg","width":1000,"height":675},{"@type":"BreadcrumbList","@id":"https:\/\/news.ecclesia.org.br\/?p=24893#breadcrumb","itemListElement":[{"@type":"ListItem","position":1,"name":"In\u00edcio","item":"https:\/\/news.ecclesia.org.br\/"},{"@type":"ListItem","position":2,"name":"Morre na Fran\u00e7a Ver\u00f4nica Lossky, vi\u00fava do Arcipreste\u00a0Nicolas Lossky"}]},{"@type":"WebSite","@id":"https:\/\/news.ecclesia.org.br\/#website","url":"https:\/\/news.ecclesia.org.br\/","name":"Ecclesia Brasil","description":"Desde 2003 onectando o Brasil ao mundo ortodoxo!","publisher":{"@id":"https:\/\/news.ecclesia.org.br\/#organization"},"alternateName":"Ecclesia","potentialAction":[{"@type":"SearchAction","target":{"@type":"EntryPoint","urlTemplate":"https:\/\/news.ecclesia.org.br\/?s={search_term_string}"},"query-input":{"@type":"PropertyValueSpecification","valueRequired":true,"valueName":"search_term_string"}}],"inLanguage":"pt-BR"},{"@type":"Organization","@id":"https:\/\/news.ecclesia.org.br\/#organization","name":"Sacra Arquidiocese de Buenos Aires e Am\u00e9rica do Sul | Patriarcado Ecum\u00eanico","alternateName":"News Ecclesia Brasil","url":"https:\/\/news.ecclesia.org.br\/","logo":{"@type":"ImageObject","inLanguage":"pt-BR","@id":"https:\/\/news.ecclesia.org.br\/#\/schema\/logo\/image\/","url":"https:\/\/news.ecclesia.org.br\/wp-content\/uploads\/2025\/05\/ecclesia2.png","contentUrl":"https:\/\/news.ecclesia.org.br\/wp-content\/uploads\/2025\/05\/ecclesia2.png","width":480,"height":120,"caption":"Sacra Arquidiocese de Buenos Aires e Am\u00e9rica do Sul | Patriarcado Ecum\u00eanico"},"image":{"@id":"https:\/\/news.ecclesia.org.br\/#\/schema\/logo\/image\/"},"sameAs":["https:\/\/www.facebook.com\/Ecclesia2025","https:\/\/x.com\/EcclesiaNews","https:\/\/br.pinterest.com\/ekklisia\/","https:\/\/www.youtube.com\/@EcclesiaBrasil"]},{"@type":"Person","@id":"https:\/\/news.ecclesia.org.br\/#\/schema\/person\/6f09597f025829745ba414a569f63758","name":"Pe. Andr\u00e9","image":{"@type":"ImageObject","inLanguage":"pt-BR","@id":"https:\/\/secure.gravatar.com\/avatar\/b4327cfa27e9799da239a26adcd534fc29cdc0c4a4a148eecbcfeb9b42c617ac?s=96&d=mm&r=g","url":"https:\/\/secure.gravatar.com\/avatar\/b4327cfa27e9799da239a26adcd534fc29cdc0c4a4a148eecbcfeb9b42c617ac?s=96&d=mm&r=g","contentUrl":"https:\/\/secure.gravatar.com\/avatar\/b4327cfa27e9799da239a26adcd534fc29cdc0c4a4a148eecbcfeb9b42c617ac?s=96&d=mm&r=g","caption":"Pe. Andr\u00e9"},"sameAs":["https:\/\/www.ecclesia.org.br"]}]}},"_links":{"self":[{"href":"https:\/\/news.ecclesia.org.br\/index.php?rest_route=\/wp\/v2\/posts\/24893","targetHints":{"allow":["GET"]}}],"collection":[{"href":"https:\/\/news.ecclesia.org.br\/index.php?rest_route=\/wp\/v2\/posts"}],"about":[{"href":"https:\/\/news.ecclesia.org.br\/index.php?rest_route=\/wp\/v2\/types\/post"}],"author":[{"embeddable":true,"href":"https:\/\/news.ecclesia.org.br\/index.php?rest_route=\/wp\/v2\/users\/1"}],"replies":[{"embeddable":true,"href":"https:\/\/news.ecclesia.org.br\/index.php?rest_route=%2Fwp%2Fv2%2Fcomments&post=24893"}],"version-history":[{"count":0,"href":"https:\/\/news.ecclesia.org.br\/index.php?rest_route=\/wp\/v2\/posts\/24893\/revisions"}],"wp:featuredmedia":[{"embeddable":true,"href":"https:\/\/news.ecclesia.org.br\/index.php?rest_route=\/wp\/v2\/media\/24894"}],"wp:attachment":[{"href":"https:\/\/news.ecclesia.org.br\/index.php?rest_route=%2Fwp%2Fv2%2Fmedia&parent=24893"}],"wp:term":[{"taxonomy":"category","embeddable":true,"href":"https:\/\/news.ecclesia.org.br\/index.php?rest_route=%2Fwp%2Fv2%2Fcategories&post=24893"},{"taxonomy":"post_tag","embeddable":true,"href":"https:\/\/news.ecclesia.org.br\/index.php?rest_route=%2Fwp%2Fv2%2Ftags&post=24893"}],"curies":[{"name":"wp","href":"https:\/\/api.w.org\/{rel}","templated":true}]}}