{"id":24889,"date":"2018-03-10T01:10:31","date_gmt":"2018-03-10T01:10:31","guid":{"rendered":"https:\/\/news.ecclesia.org.br\/2013\/?p=24889"},"modified":"2021-07-22T19:52:26","modified_gmt":"2021-07-22T22:52:26","slug":"patriarca-ecumenico-bartolomeu-i-envia-mensagem-para-a-conferencia-sobre-missao-mundial-e-evangelismo-na-tanzania","status":"publish","type":"post","link":"https:\/\/news.ecclesia.org.br\/?p=24889","title":{"rendered":"Patriarca Ecum\u00eanico Bartolomeu I envia mensagem para a Confer\u00eancia sobre Miss\u00e3o Mundial e Evangelismo na Tanz\u00e2nia"},"content":{"rendered":"<p style=\"text-align: justify;\">3\/09\/2018 &#8212;&nbsp;A <em>Confer\u00eancia sobre Miss\u00e3o Mundial e Evangelismo<\/em>, organizada pelo Conselho Mundial de Igrejas (CMI), com o tema <strong><em>&#8220;Movendo-se no Esp\u00edrito: Chamado a transformar o Discipulado&#8221;<\/em><\/strong>, teve in\u00edcio ontem, 08 de mar\u00e7o de 2018, reunindo representantes&nbsp; das igrejas Protestantes, Ortodoxas, Cat\u00f3lica-romana, Evang\u00e9licas, Pentecostais e outras Institui\u00e7\u00f5es Africanas.<\/p>\n<p style=\"text-align: justify;\">Numa mensagem de v\u00eddeo para a confer\u00eancia, o Patriarca Ecum\u00eanico Bartolomeu I disse que: &#8220;Apesar de todos os desafios e dificuldades vivenciados no passado pelo Continente Africano, nos encontramos hoje cercados por uma vibrante comunidade africana, dan\u00e7ando e cantando na alegria da ressurrei\u00e7\u00e3o, marchando para frente no ritmo do Esp\u00edrito Santo, celebrando a emancipa\u00e7\u00e3o da humanidade&#8221;.<\/p>\n<p><iframe src=\"https:\/\/www.youtube.com\/embed\/3y-agBPxnv0\" width=\"560\" height=\"315\" frameborder=\"0\" allowfullscreen=\"allowfullscreen\"><\/iframe><\/p>\n<hr>\n<p style=\"text-align: right;\">Fonte: <a href=\"http:\/\/fanarion.blogspot.com.br\/\" target=\"_blank\" rel=\"noopener noreferrer\">\u03a6\u03c9\u03c2 \u03a6\u03b1\u03bd\u03b1\u03c1\u03af\u03bf\u03c5<\/a><\/p>\n","protected":false},"excerpt":{"rendered":"<p>3\/09\/2018 &#8212;&nbsp;A Confer\u00eancia sobre Miss\u00e3o Mundial e Evangelismo, organizada pelo Conselho Mundial de Igrejas (CMI), com o tema &#8220;Movendo-se no Esp\u00edrito: Chamado a transformar o Discipulado&#8221;, teve in\u00edcio ontem, 08 de mar\u00e7o de 2018, reunindo representantes&nbsp; das igrejas Protestantes, Ortodoxas,&#8230;<\/p>\n","protected":false},"author":1,"featured_media":24890,"comment_status":"open","ping_status":"open","sticky":false,"template":"","format":"standard","meta":{"_acf_changed":false,"footnotes":""},"categories":[1,72],"tags":[],"class_list":["post-24889","post","type-post","status-publish","format-standard","has-post-thumbnail","hentry","category-news","category-patriarcado-ecumenico","entry","rows-excerpt"],"acf":[],"yoast_head":"<!-- This site is optimized with the Yoast SEO plugin v27.4 - https:\/\/yoast.com\/product\/yoast-seo-wordpress\/ -->\n<title>Patriarca Ecum\u00eanico Bartolomeu I envia mensagem para a Confer\u00eancia sobre Miss\u00e3o Mundial e Evangelismo na Tanz\u00e2nia | ECCLESIA NEWS<\/title>\n<meta name=\"robots\" content=\"index, follow, max-snippet:-1, max-image-preview:large, max-video-preview:-1\" \/>\n<link rel=\"canonical\" href=\"https:\/\/news.ecclesia.org.br\/?p=24889\" \/>\n<meta property=\"og:locale\" content=\"pt_BR\" \/>\n<meta property=\"og:type\" content=\"article\" \/>\n<meta property=\"og:title\" content=\"Patriarca Ecum\u00eanico Bartolomeu I envia mensagem para a Confer\u00eancia sobre Miss\u00e3o Mundial e Evangelismo na Tanz\u00e2nia | ECCLESIA NEWS\" \/>\n<meta property=\"og:description\" content=\"3\/09\/2018 &#8212;&nbsp;A Confer\u00eancia sobre Miss\u00e3o Mundial e Evangelismo, organizada pelo Conselho Mundial de Igrejas (CMI), com o tema &#8220;Movendo-se no Esp\u00edrito: Chamado a transformar o Discipulado&#8221;, teve in\u00edcio ontem, 08 de mar\u00e7o de 2018, reunindo representantes&nbsp; das igrejas Protestantes, Ortodoxas,&#8230;\" \/>\n<meta property=\"og:url\" content=\"https:\/\/news.ecclesia.org.br\/?p=24889\" \/>\n<meta property=\"og:site_name\" content=\"ECCLESIA NEWS\" \/>\n<meta property=\"article:publisher\" content=\"https:\/\/www.facebook.com\/Ecclesia2025\" \/>\n<meta property=\"article:published_time\" content=\"2018-03-10T01:10:31+00:00\" \/>\n<meta property=\"article:modified_time\" content=\"2021-07-22T22:52:26+00:00\" \/>\n<meta property=\"og:image\" content=\"https:\/\/news.ecclesia.org.br\/wp-content\/uploads\/2018\/03\/PhotoByAlbinHillert_20170424_AHP_8175.jpg\" \/>\n\t<meta property=\"og:image:width\" content=\"640\" \/>\n\t<meta property=\"og:image:height\" content=\"428\" \/>\n\t<meta property=\"og:image:type\" content=\"image\/jpeg\" \/>\n<meta name=\"author\" content=\"Pe. Andr\u00e9\" \/>\n<meta name=\"twitter:card\" content=\"summary_large_image\" \/>\n<meta name=\"twitter:creator\" content=\"@EcclesiaNews\" \/>\n<meta name=\"twitter:site\" content=\"@EcclesiaNews\" \/>\n<meta name=\"twitter:label1\" content=\"Escrito por\" \/>\n\t<meta name=\"twitter:data1\" content=\"Pe. Andr\u00e9\" \/>\n\t<meta name=\"twitter:label2\" content=\"Est. tempo de leitura\" \/>\n\t<meta name=\"twitter:data2\" content=\"1 minuto\" \/>\n<script type=\"application\/ld+json\" class=\"yoast-schema-graph\">{\"@context\":\"https:\\\/\\\/schema.org\",\"@graph\":[{\"@type\":\"Article\",\"@id\":\"https:\\\/\\\/news.ecclesia.org.br\\\/?p=24889#article\",\"isPartOf\":{\"@id\":\"https:\\\/\\\/news.ecclesia.org.br\\\/?p=24889\"},\"author\":{\"name\":\"Pe. Andr\u00e9\",\"@id\":\"https:\\\/\\\/news.ecclesia.org.br\\\/#\\\/schema\\\/person\\\/6f09597f025829745ba414a569f63758\"},\"headline\":\"Patriarca Ecum\u00eanico Bartolomeu I envia mensagem para a Confer\u00eancia sobre Miss\u00e3o Mundial e Evangelismo na Tanz\u00e2nia\",\"datePublished\":\"2018-03-10T01:10:31+00:00\",\"dateModified\":\"2021-07-22T22:52:26+00:00\",\"mainEntityOfPage\":{\"@id\":\"https:\\\/\\\/news.ecclesia.org.br\\\/?p=24889\"},\"wordCount\":139,\"commentCount\":0,\"publisher\":{\"@id\":\"https:\\\/\\\/news.ecclesia.org.br\\\/#organization\"},\"image\":{\"@id\":\"https:\\\/\\\/news.ecclesia.org.br\\\/?p=24889#primaryimage\"},\"thumbnailUrl\":\"https:\\\/\\\/news.ecclesia.org.br\\\/wp-content\\\/uploads\\\/2018\\\/03\\\/PhotoByAlbinHillert_20170424_AHP_8175.jpg\",\"articleSection\":[\"NEWS\",\"Patriarcado Ecum\u00eanico\"],\"inLanguage\":\"pt-BR\",\"potentialAction\":[{\"@type\":\"CommentAction\",\"name\":\"Comment\",\"target\":[\"https:\\\/\\\/news.ecclesia.org.br\\\/?p=24889#respond\"]}]},{\"@type\":\"WebPage\",\"@id\":\"https:\\\/\\\/news.ecclesia.org.br\\\/?p=24889\",\"url\":\"https:\\\/\\\/news.ecclesia.org.br\\\/?p=24889\",\"name\":\"Patriarca Ecum\u00eanico Bartolomeu I envia mensagem para a Confer\u00eancia sobre Miss\u00e3o Mundial e Evangelismo na Tanz\u00e2nia | ECCLESIA NEWS\",\"isPartOf\":{\"@id\":\"https:\\\/\\\/news.ecclesia.org.br\\\/#website\"},\"primaryImageOfPage\":{\"@id\":\"https:\\\/\\\/news.ecclesia.org.br\\\/?p=24889#primaryimage\"},\"image\":{\"@id\":\"https:\\\/\\\/news.ecclesia.org.br\\\/?p=24889#primaryimage\"},\"thumbnailUrl\":\"https:\\\/\\\/news.ecclesia.org.br\\\/wp-content\\\/uploads\\\/2018\\\/03\\\/PhotoByAlbinHillert_20170424_AHP_8175.jpg\",\"datePublished\":\"2018-03-10T01:10:31+00:00\",\"dateModified\":\"2021-07-22T22:52:26+00:00\",\"breadcrumb\":{\"@id\":\"https:\\\/\\\/news.ecclesia.org.br\\\/?p=24889#breadcrumb\"},\"inLanguage\":\"pt-BR\",\"potentialAction\":[{\"@type\":\"ReadAction\",\"target\":[\"https:\\\/\\\/news.ecclesia.org.br\\\/?p=24889\"]}]},{\"@type\":\"ImageObject\",\"inLanguage\":\"pt-BR\",\"@id\":\"https:\\\/\\\/news.ecclesia.org.br\\\/?p=24889#primaryimage\",\"url\":\"https:\\\/\\\/news.ecclesia.org.br\\\/wp-content\\\/uploads\\\/2018\\\/03\\\/PhotoByAlbinHillert_20170424_AHP_8175.jpg\",\"contentUrl\":\"https:\\\/\\\/news.ecclesia.org.br\\\/wp-content\\\/uploads\\\/2018\\\/03\\\/PhotoByAlbinHillert_20170424_AHP_8175.jpg\",\"width\":640,\"height\":428,\"caption\":\"The Ecumenical Patriarch, His All Holiness Bartholomew I, delivered a public address at the Ecumenical Centre in Geneva on 24 April as part of his official visit to Switzerland on the occasion of the 25th anniversary of his enthronement as Ecumenical Patriarch and the 50th anniversary of the Orthodox Centre of the Ecumenical Patriarchate in Chamb\u00e9sy.\"},{\"@type\":\"BreadcrumbList\",\"@id\":\"https:\\\/\\\/news.ecclesia.org.br\\\/?p=24889#breadcrumb\",\"itemListElement\":[{\"@type\":\"ListItem\",\"position\":1,\"name\":\"In\u00edcio\",\"item\":\"https:\\\/\\\/news.ecclesia.org.br\\\/\"},{\"@type\":\"ListItem\",\"position\":2,\"name\":\"Patriarca Ecum\u00eanico Bartolomeu I envia mensagem para a Confer\u00eancia sobre Miss\u00e3o Mundial e Evangelismo na Tanz\u00e2nia\"}]},{\"@type\":\"WebSite\",\"@id\":\"https:\\\/\\\/news.ecclesia.org.br\\\/#website\",\"url\":\"https:\\\/\\\/news.ecclesia.org.br\\\/\",\"name\":\"Ecclesia Brasil\",\"description\":\"Desde 2003 onectando o Brasil ao mundo ortodoxo!\",\"publisher\":{\"@id\":\"https:\\\/\\\/news.ecclesia.org.br\\\/#organization\"},\"alternateName\":\"Ecclesia\",\"potentialAction\":[{\"@type\":\"SearchAction\",\"target\":{\"@type\":\"EntryPoint\",\"urlTemplate\":\"https:\\\/\\\/news.ecclesia.org.br\\\/?s={search_term_string}\"},\"query-input\":{\"@type\":\"PropertyValueSpecification\",\"valueRequired\":true,\"valueName\":\"search_term_string\"}}],\"inLanguage\":\"pt-BR\"},{\"@type\":\"Organization\",\"@id\":\"https:\\\/\\\/news.ecclesia.org.br\\\/#organization\",\"name\":\"Sacra Arquidiocese de Buenos Aires e Am\u00e9rica do Sul | Patriarcado Ecum\u00eanico\",\"alternateName\":\"News Ecclesia Brasil\",\"url\":\"https:\\\/\\\/news.ecclesia.org.br\\\/\",\"logo\":{\"@type\":\"ImageObject\",\"inLanguage\":\"pt-BR\",\"@id\":\"https:\\\/\\\/news.ecclesia.org.br\\\/#\\\/schema\\\/logo\\\/image\\\/\",\"url\":\"https:\\\/\\\/news.ecclesia.org.br\\\/wp-content\\\/uploads\\\/2025\\\/05\\\/ecclesia2.png\",\"contentUrl\":\"https:\\\/\\\/news.ecclesia.org.br\\\/wp-content\\\/uploads\\\/2025\\\/05\\\/ecclesia2.png\",\"width\":480,\"height\":120,\"caption\":\"Sacra Arquidiocese de Buenos Aires e Am\u00e9rica do Sul | Patriarcado Ecum\u00eanico\"},\"image\":{\"@id\":\"https:\\\/\\\/news.ecclesia.org.br\\\/#\\\/schema\\\/logo\\\/image\\\/\"},\"sameAs\":[\"https:\\\/\\\/www.facebook.com\\\/Ecclesia2025\",\"https:\\\/\\\/x.com\\\/EcclesiaNews\",\"https:\\\/\\\/br.pinterest.com\\\/ekklisia\\\/\",\"https:\\\/\\\/www.youtube.com\\\/@EcclesiaBrasil\"]},{\"@type\":\"Person\",\"@id\":\"https:\\\/\\\/news.ecclesia.org.br\\\/#\\\/schema\\\/person\\\/6f09597f025829745ba414a569f63758\",\"name\":\"Pe. Andr\u00e9\",\"image\":{\"@type\":\"ImageObject\",\"inLanguage\":\"pt-BR\",\"@id\":\"https:\\\/\\\/secure.gravatar.com\\\/avatar\\\/b4327cfa27e9799da239a26adcd534fc29cdc0c4a4a148eecbcfeb9b42c617ac?s=96&d=mm&r=g\",\"url\":\"https:\\\/\\\/secure.gravatar.com\\\/avatar\\\/b4327cfa27e9799da239a26adcd534fc29cdc0c4a4a148eecbcfeb9b42c617ac?s=96&d=mm&r=g\",\"contentUrl\":\"https:\\\/\\\/secure.gravatar.com\\\/avatar\\\/b4327cfa27e9799da239a26adcd534fc29cdc0c4a4a148eecbcfeb9b42c617ac?s=96&d=mm&r=g\",\"caption\":\"Pe. Andr\u00e9\"},\"sameAs\":[\"https:\\\/\\\/www.ecclesia.org.br\"]}]}<\/script>\n<!-- \/ Yoast SEO plugin. -->","yoast_head_json":{"title":"Patriarca Ecum\u00eanico Bartolomeu I envia mensagem para a Confer\u00eancia sobre Miss\u00e3o Mundial e Evangelismo na Tanz\u00e2nia | ECCLESIA NEWS","robots":{"index":"index","follow":"follow","max-snippet":"max-snippet:-1","max-image-preview":"max-image-preview:large","max-video-preview":"max-video-preview:-1"},"canonical":"https:\/\/news.ecclesia.org.br\/?p=24889","og_locale":"pt_BR","og_type":"article","og_title":"Patriarca Ecum\u00eanico Bartolomeu I envia mensagem para a Confer\u00eancia sobre Miss\u00e3o Mundial e Evangelismo na Tanz\u00e2nia | ECCLESIA NEWS","og_description":"3\/09\/2018 &#8212;&nbsp;A Confer\u00eancia sobre Miss\u00e3o Mundial e Evangelismo, organizada pelo Conselho Mundial de Igrejas (CMI), com o tema &#8220;Movendo-se no Esp\u00edrito: Chamado a transformar o Discipulado&#8221;, teve in\u00edcio ontem, 08 de mar\u00e7o de 2018, reunindo representantes&nbsp; das igrejas Protestantes, Ortodoxas,&#8230;","og_url":"https:\/\/news.ecclesia.org.br\/?p=24889","og_site_name":"ECCLESIA NEWS","article_publisher":"https:\/\/www.facebook.com\/Ecclesia2025","article_published_time":"2018-03-10T01:10:31+00:00","article_modified_time":"2021-07-22T22:52:26+00:00","og_image":[{"width":640,"height":428,"url":"https:\/\/news.ecclesia.org.br\/wp-content\/uploads\/2018\/03\/PhotoByAlbinHillert_20170424_AHP_8175.jpg","type":"image\/jpeg"}],"author":"Pe. Andr\u00e9","twitter_card":"summary_large_image","twitter_creator":"@EcclesiaNews","twitter_site":"@EcclesiaNews","twitter_misc":{"Escrito por":"Pe. Andr\u00e9","Est. tempo de leitura":"1 minuto"},"schema":{"@context":"https:\/\/schema.org","@graph":[{"@type":"Article","@id":"https:\/\/news.ecclesia.org.br\/?p=24889#article","isPartOf":{"@id":"https:\/\/news.ecclesia.org.br\/?p=24889"},"author":{"name":"Pe. Andr\u00e9","@id":"https:\/\/news.ecclesia.org.br\/#\/schema\/person\/6f09597f025829745ba414a569f63758"},"headline":"Patriarca Ecum\u00eanico Bartolomeu I envia mensagem para a Confer\u00eancia sobre Miss\u00e3o Mundial e Evangelismo na Tanz\u00e2nia","datePublished":"2018-03-10T01:10:31+00:00","dateModified":"2021-07-22T22:52:26+00:00","mainEntityOfPage":{"@id":"https:\/\/news.ecclesia.org.br\/?p=24889"},"wordCount":139,"commentCount":0,"publisher":{"@id":"https:\/\/news.ecclesia.org.br\/#organization"},"image":{"@id":"https:\/\/news.ecclesia.org.br\/?p=24889#primaryimage"},"thumbnailUrl":"https:\/\/news.ecclesia.org.br\/wp-content\/uploads\/2018\/03\/PhotoByAlbinHillert_20170424_AHP_8175.jpg","articleSection":["NEWS","Patriarcado Ecum\u00eanico"],"inLanguage":"pt-BR","potentialAction":[{"@type":"CommentAction","name":"Comment","target":["https:\/\/news.ecclesia.org.br\/?p=24889#respond"]}]},{"@type":"WebPage","@id":"https:\/\/news.ecclesia.org.br\/?p=24889","url":"https:\/\/news.ecclesia.org.br\/?p=24889","name":"Patriarca Ecum\u00eanico Bartolomeu I envia mensagem para a Confer\u00eancia sobre Miss\u00e3o Mundial e Evangelismo na Tanz\u00e2nia | ECCLESIA NEWS","isPartOf":{"@id":"https:\/\/news.ecclesia.org.br\/#website"},"primaryImageOfPage":{"@id":"https:\/\/news.ecclesia.org.br\/?p=24889#primaryimage"},"image":{"@id":"https:\/\/news.ecclesia.org.br\/?p=24889#primaryimage"},"thumbnailUrl":"https:\/\/news.ecclesia.org.br\/wp-content\/uploads\/2018\/03\/PhotoByAlbinHillert_20170424_AHP_8175.jpg","datePublished":"2018-03-10T01:10:31+00:00","dateModified":"2021-07-22T22:52:26+00:00","breadcrumb":{"@id":"https:\/\/news.ecclesia.org.br\/?p=24889#breadcrumb"},"inLanguage":"pt-BR","potentialAction":[{"@type":"ReadAction","target":["https:\/\/news.ecclesia.org.br\/?p=24889"]}]},{"@type":"ImageObject","inLanguage":"pt-BR","@id":"https:\/\/news.ecclesia.org.br\/?p=24889#primaryimage","url":"https:\/\/news.ecclesia.org.br\/wp-content\/uploads\/2018\/03\/PhotoByAlbinHillert_20170424_AHP_8175.jpg","contentUrl":"https:\/\/news.ecclesia.org.br\/wp-content\/uploads\/2018\/03\/PhotoByAlbinHillert_20170424_AHP_8175.jpg","width":640,"height":428,"caption":"The Ecumenical Patriarch, His All Holiness Bartholomew I, delivered a public address at the Ecumenical Centre in Geneva on 24 April as part of his official visit to Switzerland on the occasion of the 25th anniversary of his enthronement as Ecumenical Patriarch and the 50th anniversary of the Orthodox Centre of the Ecumenical Patriarchate in Chamb\u00e9sy."},{"@type":"BreadcrumbList","@id":"https:\/\/news.ecclesia.org.br\/?p=24889#breadcrumb","itemListElement":[{"@type":"ListItem","position":1,"name":"In\u00edcio","item":"https:\/\/news.ecclesia.org.br\/"},{"@type":"ListItem","position":2,"name":"Patriarca Ecum\u00eanico Bartolomeu I envia mensagem para a Confer\u00eancia sobre Miss\u00e3o Mundial e Evangelismo na Tanz\u00e2nia"}]},{"@type":"WebSite","@id":"https:\/\/news.ecclesia.org.br\/#website","url":"https:\/\/news.ecclesia.org.br\/","name":"Ecclesia Brasil","description":"Desde 2003 onectando o Brasil ao mundo ortodoxo!","publisher":{"@id":"https:\/\/news.ecclesia.org.br\/#organization"},"alternateName":"Ecclesia","potentialAction":[{"@type":"SearchAction","target":{"@type":"EntryPoint","urlTemplate":"https:\/\/news.ecclesia.org.br\/?s={search_term_string}"},"query-input":{"@type":"PropertyValueSpecification","valueRequired":true,"valueName":"search_term_string"}}],"inLanguage":"pt-BR"},{"@type":"Organization","@id":"https:\/\/news.ecclesia.org.br\/#organization","name":"Sacra Arquidiocese de Buenos Aires e Am\u00e9rica do Sul | Patriarcado Ecum\u00eanico","alternateName":"News Ecclesia Brasil","url":"https:\/\/news.ecclesia.org.br\/","logo":{"@type":"ImageObject","inLanguage":"pt-BR","@id":"https:\/\/news.ecclesia.org.br\/#\/schema\/logo\/image\/","url":"https:\/\/news.ecclesia.org.br\/wp-content\/uploads\/2025\/05\/ecclesia2.png","contentUrl":"https:\/\/news.ecclesia.org.br\/wp-content\/uploads\/2025\/05\/ecclesia2.png","width":480,"height":120,"caption":"Sacra Arquidiocese de Buenos Aires e Am\u00e9rica do Sul | Patriarcado Ecum\u00eanico"},"image":{"@id":"https:\/\/news.ecclesia.org.br\/#\/schema\/logo\/image\/"},"sameAs":["https:\/\/www.facebook.com\/Ecclesia2025","https:\/\/x.com\/EcclesiaNews","https:\/\/br.pinterest.com\/ekklisia\/","https:\/\/www.youtube.com\/@EcclesiaBrasil"]},{"@type":"Person","@id":"https:\/\/news.ecclesia.org.br\/#\/schema\/person\/6f09597f025829745ba414a569f63758","name":"Pe. Andr\u00e9","image":{"@type":"ImageObject","inLanguage":"pt-BR","@id":"https:\/\/secure.gravatar.com\/avatar\/b4327cfa27e9799da239a26adcd534fc29cdc0c4a4a148eecbcfeb9b42c617ac?s=96&d=mm&r=g","url":"https:\/\/secure.gravatar.com\/avatar\/b4327cfa27e9799da239a26adcd534fc29cdc0c4a4a148eecbcfeb9b42c617ac?s=96&d=mm&r=g","contentUrl":"https:\/\/secure.gravatar.com\/avatar\/b4327cfa27e9799da239a26adcd534fc29cdc0c4a4a148eecbcfeb9b42c617ac?s=96&d=mm&r=g","caption":"Pe. Andr\u00e9"},"sameAs":["https:\/\/www.ecclesia.org.br"]}]}},"_links":{"self":[{"href":"https:\/\/news.ecclesia.org.br\/index.php?rest_route=\/wp\/v2\/posts\/24889","targetHints":{"allow":["GET"]}}],"collection":[{"href":"https:\/\/news.ecclesia.org.br\/index.php?rest_route=\/wp\/v2\/posts"}],"about":[{"href":"https:\/\/news.ecclesia.org.br\/index.php?rest_route=\/wp\/v2\/types\/post"}],"author":[{"embeddable":true,"href":"https:\/\/news.ecclesia.org.br\/index.php?rest_route=\/wp\/v2\/users\/1"}],"replies":[{"embeddable":true,"href":"https:\/\/news.ecclesia.org.br\/index.php?rest_route=%2Fwp%2Fv2%2Fcomments&post=24889"}],"version-history":[{"count":1,"href":"https:\/\/news.ecclesia.org.br\/index.php?rest_route=\/wp\/v2\/posts\/24889\/revisions"}],"predecessor-version":[{"id":33958,"href":"https:\/\/news.ecclesia.org.br\/index.php?rest_route=\/wp\/v2\/posts\/24889\/revisions\/33958"}],"wp:featuredmedia":[{"embeddable":true,"href":"https:\/\/news.ecclesia.org.br\/index.php?rest_route=\/wp\/v2\/media\/24890"}],"wp:attachment":[{"href":"https:\/\/news.ecclesia.org.br\/index.php?rest_route=%2Fwp%2Fv2%2Fmedia&parent=24889"}],"wp:term":[{"taxonomy":"category","embeddable":true,"href":"https:\/\/news.ecclesia.org.br\/index.php?rest_route=%2Fwp%2Fv2%2Fcategories&post=24889"},{"taxonomy":"post_tag","embeddable":true,"href":"https:\/\/news.ecclesia.org.br\/index.php?rest_route=%2Fwp%2Fv2%2Ftags&post=24889"}],"curies":[{"name":"wp","href":"https:\/\/api.w.org\/{rel}","templated":true}]}}