{"id":24885,"date":"2018-03-08T18:07:35","date_gmt":"2018-03-08T18:07:35","guid":{"rendered":"https:\/\/news.ecclesia.org.br\/2013\/?p=24885"},"modified":"2021-07-22T19:52:26","modified_gmt":"2021-07-22T22:52:26","slug":"patriarca-ecumenico-bartolomeu-i-retornar-a-uma-visao-integral-de-nossa-vida","status":"publish","type":"post","link":"https:\/\/news.ecclesia.org.br\/?p=24885","title":{"rendered":"Patriarca Ecum\u00eanico Bartolomeu I: &#8220;retornar a uma vis\u00e3o integral de nossa vida&#8221;"},"content":{"rendered":"<p style=\"text-align: justify;\"><strong><a href=\"https:\/\/news.ecclesia.org.br\/2013\/wp-content\/uploads\/2018\/03\/unnamed.jpg\"><img fetchpriority=\"high\" decoding=\"async\" class=\"alignleft wp-image-24886 size-medium\" src=\"https:\/\/news.ecclesia.org.br\/2013\/wp-content\/uploads\/2018\/03\/unnamed-200x300.jpg\" alt=\"\" width=\"200\" height=\"300\" srcset=\"https:\/\/news.ecclesia.org.br\/wp-content\/uploads\/2018\/03\/unnamed-200x300.jpg 200w, https:\/\/news.ecclesia.org.br\/wp-content\/uploads\/2018\/03\/unnamed-600x900.jpg 600w, https:\/\/news.ecclesia.org.br\/wp-content\/uploads\/2018\/03\/unnamed-37x55.jpg 37w, https:\/\/news.ecclesia.org.br\/wp-content\/uploads\/2018\/03\/unnamed.jpg 640w\" sizes=\"(max-width: 200px) 100vw, 200px\" \/><\/a>\u201cA convers\u00e3o \u00e9 mais que corre\u00e7\u00e3o e o arrependimento n\u00e3o \u00e9 um simples remorso. Ambos pedem para unificar as partes separadas de nosso cora\u00e7\u00e3o e de nossa vida [&#8230;]\u201d, observou o Patriarca.<\/strong><\/p>\n<blockquote>\n<p style=\"text-align: justify;\">\u201cN\u00e3o podem existir duas maneiras de se comportar\u201d, disse o Patriarca, segundo o qual prega\u00e7\u00e3o e pr\u00e1tica \u201cn\u00e3o podem ser desconectadas\u201d.<\/p>\n<p style=\"text-align: justify;\">\u201cN\u00e3o podemos separar a maneira em que tratamos o ambiente natural do modo como nos relacionamos com os nossos irm\u00e3os e irm\u00e3s. \u00c9 tr\u00e1gico que isolamos os v\u00e1rios aspectos de nossa vida para justificar os nossos comportamentos contradit\u00f3rios\u201d.<\/p>\n<\/blockquote>\n<p style=\"text-align: justify;\">Foi o que disse o Patriarca Ecum\u00eanico de Constantinopla, Bartolomeu I, na mensagem de v\u00eddeo aos participantes da confer\u00eancia internacional \u201cUma radical convers\u00e3o ecol\u00f3gica depois da <em>Laudato S\u00ec<\/em>. Pela descoberta do valor intr\u00ednseco de todas as Criaturas, Humanas e n\u00e3o-Humanas\u201d, iniciada no dia 07 de mar\u00e7o, na Pontif\u00edcia Universidade Gregoriana, em Roma.<\/p>\n<p style=\"text-align: justify;\">Recordando o compromisso comum e intensificado nos \u00faltimos anos com o \u201cirm\u00e3o\u201d Papa Francisco ao sublinhar \u201ca liga\u00e7\u00e3o forte entre todas as criaturas de Deus\u201d, Bartolomeu I lembrou a Mensagem Conjunta de 01 de setembro passado, que convida ao reconhecimento e respeito por toda pessoa e por todos os seres vivos, sublinhando a \u201cdimens\u00e3o do pecado\u201d ligada ao abuso da cria\u00e7\u00e3o e \u00e0 explora\u00e7\u00e3o dos seres humanos.<\/p>\n<blockquote>\n<p style=\"text-align: justify;\">\u201cA convers\u00e3o, como arrependimento ou metanoia, exige o retorno a uma vis\u00e3o integral de nossa vida. N\u00e3o podem existir duas maneiras de se comportar\u201d segundo o qual prega\u00e7\u00e3o e pr\u00e1tica \u201cn\u00e3o podem ser desconectadas\u201d.<\/p>\n<p style=\"text-align: justify;\">\u201cHoje, sabemos do pre\u00e7o alto pago por toda a cria\u00e7\u00e3o quando o nosso discurso pol\u00edtico est\u00e1 em conflito com as nossas intercess\u00f5es de ora\u00e7\u00e3o e quando os nossos interesses espirituais est\u00e3o em conflito com os nossos investimentos econ\u00f4micos\u201d.<\/p>\n<p style=\"text-align: justify;\">\u201cA convers\u00e3o \u00e9 mais que corre\u00e7\u00e3o e o arrependimento n\u00e3o \u00e9 um simples remorso. Ambos pedem para unificar as partes separadas de nosso cora\u00e7\u00e3o e de nossa vida para parar de \u2018servir dois patr\u00f5es\u2019\u201d.<\/p>\n<p style=\"text-align: justify;\">Concluiu Bartolomeu I.<\/p>\n<\/blockquote>\n<p style=\"text-align: right;\"><strong>Vatican News<\/strong><\/p>\n","protected":false},"excerpt":{"rendered":"<p>\u201cA convers\u00e3o \u00e9 mais que corre\u00e7\u00e3o e o arrependimento n\u00e3o \u00e9 um simples remorso. Ambos pedem para unificar as partes separadas de nosso cora\u00e7\u00e3o e de nossa vida [&#8230;]\u201d, observou o Patriarca. \u201cN\u00e3o podem existir duas maneiras de se comportar\u201d,&#8230;<\/p>\n","protected":false},"author":1,"featured_media":24886,"comment_status":"open","ping_status":"open","sticky":false,"template":"","format":"standard","meta":{"_acf_changed":false,"footnotes":""},"categories":[1,72],"tags":[],"class_list":["post-24885","post","type-post","status-publish","format-standard","has-post-thumbnail","hentry","category-news","category-patriarcado-ecumenico","entry","rows-excerpt"],"acf":[],"yoast_head":"<!-- This site is optimized with the Yoast SEO plugin v27.4 - https:\/\/yoast.com\/product\/yoast-seo-wordpress\/ -->\n<title>Patriarca Ecum\u00eanico Bartolomeu I: &quot;retornar a uma vis\u00e3o integral de nossa vida&quot; | ECCLESIA NEWS<\/title>\n<meta name=\"robots\" content=\"index, follow, max-snippet:-1, max-image-preview:large, max-video-preview:-1\" \/>\n<link rel=\"canonical\" href=\"https:\/\/news.ecclesia.org.br\/?p=24885\" \/>\n<meta property=\"og:locale\" content=\"pt_BR\" \/>\n<meta property=\"og:type\" content=\"article\" \/>\n<meta property=\"og:title\" content=\"Patriarca Ecum\u00eanico Bartolomeu I: &quot;retornar a uma vis\u00e3o integral de nossa vida&quot; | ECCLESIA NEWS\" \/>\n<meta property=\"og:description\" content=\"\u201cA convers\u00e3o \u00e9 mais que corre\u00e7\u00e3o e o arrependimento n\u00e3o \u00e9 um simples remorso. Ambos pedem para unificar as partes separadas de nosso cora\u00e7\u00e3o e de nossa vida [&#8230;]\u201d, observou o Patriarca. \u201cN\u00e3o podem existir duas maneiras de se comportar\u201d,&#8230;\" \/>\n<meta property=\"og:url\" content=\"https:\/\/news.ecclesia.org.br\/?p=24885\" \/>\n<meta property=\"og:site_name\" content=\"ECCLESIA NEWS\" \/>\n<meta property=\"article:publisher\" content=\"https:\/\/www.facebook.com\/Ecclesia2025\" \/>\n<meta property=\"article:published_time\" content=\"2018-03-08T18:07:35+00:00\" \/>\n<meta property=\"article:modified_time\" content=\"2021-07-22T22:52:26+00:00\" \/>\n<meta property=\"og:image\" content=\"https:\/\/news.ecclesia.org.br\/wp-content\/uploads\/2018\/03\/unnamed.jpg\" \/>\n\t<meta property=\"og:image:width\" content=\"640\" \/>\n\t<meta property=\"og:image:height\" content=\"960\" \/>\n\t<meta property=\"og:image:type\" content=\"image\/jpeg\" \/>\n<meta name=\"author\" content=\"Pe. Andr\u00e9\" \/>\n<meta name=\"twitter:card\" content=\"summary_large_image\" \/>\n<meta name=\"twitter:creator\" content=\"@EcclesiaNews\" \/>\n<meta name=\"twitter:site\" content=\"@EcclesiaNews\" \/>\n<meta name=\"twitter:label1\" content=\"Escrito por\" \/>\n\t<meta name=\"twitter:data1\" content=\"Pe. Andr\u00e9\" \/>\n\t<meta name=\"twitter:label2\" content=\"Est. tempo de leitura\" \/>\n\t<meta name=\"twitter:data2\" content=\"2 minutos\" \/>\n<script type=\"application\/ld+json\" class=\"yoast-schema-graph\">{\"@context\":\"https:\\\/\\\/schema.org\",\"@graph\":[{\"@type\":\"Article\",\"@id\":\"https:\\\/\\\/news.ecclesia.org.br\\\/?p=24885#article\",\"isPartOf\":{\"@id\":\"https:\\\/\\\/news.ecclesia.org.br\\\/?p=24885\"},\"author\":{\"name\":\"Pe. Andr\u00e9\",\"@id\":\"https:\\\/\\\/news.ecclesia.org.br\\\/#\\\/schema\\\/person\\\/6f09597f025829745ba414a569f63758\"},\"headline\":\"Patriarca Ecum\u00eanico Bartolomeu I: &#8220;retornar a uma vis\u00e3o integral de nossa vida&#8221;\",\"datePublished\":\"2018-03-08T18:07:35+00:00\",\"dateModified\":\"2021-07-22T22:52:26+00:00\",\"mainEntityOfPage\":{\"@id\":\"https:\\\/\\\/news.ecclesia.org.br\\\/?p=24885\"},\"wordCount\":372,\"commentCount\":0,\"publisher\":{\"@id\":\"https:\\\/\\\/news.ecclesia.org.br\\\/#organization\"},\"image\":{\"@id\":\"https:\\\/\\\/news.ecclesia.org.br\\\/?p=24885#primaryimage\"},\"thumbnailUrl\":\"https:\\\/\\\/news.ecclesia.org.br\\\/wp-content\\\/uploads\\\/2018\\\/03\\\/unnamed.jpg\",\"articleSection\":[\"NEWS\",\"Patriarcado Ecum\u00eanico\"],\"inLanguage\":\"pt-BR\",\"potentialAction\":[{\"@type\":\"CommentAction\",\"name\":\"Comment\",\"target\":[\"https:\\\/\\\/news.ecclesia.org.br\\\/?p=24885#respond\"]}]},{\"@type\":\"WebPage\",\"@id\":\"https:\\\/\\\/news.ecclesia.org.br\\\/?p=24885\",\"url\":\"https:\\\/\\\/news.ecclesia.org.br\\\/?p=24885\",\"name\":\"Patriarca Ecum\u00eanico Bartolomeu I: \\\"retornar a uma vis\u00e3o integral de nossa vida\\\" | ECCLESIA NEWS\",\"isPartOf\":{\"@id\":\"https:\\\/\\\/news.ecclesia.org.br\\\/#website\"},\"primaryImageOfPage\":{\"@id\":\"https:\\\/\\\/news.ecclesia.org.br\\\/?p=24885#primaryimage\"},\"image\":{\"@id\":\"https:\\\/\\\/news.ecclesia.org.br\\\/?p=24885#primaryimage\"},\"thumbnailUrl\":\"https:\\\/\\\/news.ecclesia.org.br\\\/wp-content\\\/uploads\\\/2018\\\/03\\\/unnamed.jpg\",\"datePublished\":\"2018-03-08T18:07:35+00:00\",\"dateModified\":\"2021-07-22T22:52:26+00:00\",\"breadcrumb\":{\"@id\":\"https:\\\/\\\/news.ecclesia.org.br\\\/?p=24885#breadcrumb\"},\"inLanguage\":\"pt-BR\",\"potentialAction\":[{\"@type\":\"ReadAction\",\"target\":[\"https:\\\/\\\/news.ecclesia.org.br\\\/?p=24885\"]}]},{\"@type\":\"ImageObject\",\"inLanguage\":\"pt-BR\",\"@id\":\"https:\\\/\\\/news.ecclesia.org.br\\\/?p=24885#primaryimage\",\"url\":\"https:\\\/\\\/news.ecclesia.org.br\\\/wp-content\\\/uploads\\\/2018\\\/03\\\/unnamed.jpg\",\"contentUrl\":\"https:\\\/\\\/news.ecclesia.org.br\\\/wp-content\\\/uploads\\\/2018\\\/03\\\/unnamed.jpg\",\"width\":640,\"height\":960},{\"@type\":\"BreadcrumbList\",\"@id\":\"https:\\\/\\\/news.ecclesia.org.br\\\/?p=24885#breadcrumb\",\"itemListElement\":[{\"@type\":\"ListItem\",\"position\":1,\"name\":\"In\u00edcio\",\"item\":\"https:\\\/\\\/news.ecclesia.org.br\\\/\"},{\"@type\":\"ListItem\",\"position\":2,\"name\":\"Patriarca Ecum\u00eanico Bartolomeu I: &#8220;retornar a uma vis\u00e3o integral de nossa vida&#8221;\"}]},{\"@type\":\"WebSite\",\"@id\":\"https:\\\/\\\/news.ecclesia.org.br\\\/#website\",\"url\":\"https:\\\/\\\/news.ecclesia.org.br\\\/\",\"name\":\"Ecclesia Brasil\",\"description\":\"Desde 2003 onectando o Brasil ao mundo ortodoxo!\",\"publisher\":{\"@id\":\"https:\\\/\\\/news.ecclesia.org.br\\\/#organization\"},\"alternateName\":\"Ecclesia\",\"potentialAction\":[{\"@type\":\"SearchAction\",\"target\":{\"@type\":\"EntryPoint\",\"urlTemplate\":\"https:\\\/\\\/news.ecclesia.org.br\\\/?s={search_term_string}\"},\"query-input\":{\"@type\":\"PropertyValueSpecification\",\"valueRequired\":true,\"valueName\":\"search_term_string\"}}],\"inLanguage\":\"pt-BR\"},{\"@type\":\"Organization\",\"@id\":\"https:\\\/\\\/news.ecclesia.org.br\\\/#organization\",\"name\":\"Sacra Arquidiocese de Buenos Aires e Am\u00e9rica do Sul | Patriarcado Ecum\u00eanico\",\"alternateName\":\"News Ecclesia Brasil\",\"url\":\"https:\\\/\\\/news.ecclesia.org.br\\\/\",\"logo\":{\"@type\":\"ImageObject\",\"inLanguage\":\"pt-BR\",\"@id\":\"https:\\\/\\\/news.ecclesia.org.br\\\/#\\\/schema\\\/logo\\\/image\\\/\",\"url\":\"https:\\\/\\\/news.ecclesia.org.br\\\/wp-content\\\/uploads\\\/2025\\\/05\\\/ecclesia2.png\",\"contentUrl\":\"https:\\\/\\\/news.ecclesia.org.br\\\/wp-content\\\/uploads\\\/2025\\\/05\\\/ecclesia2.png\",\"width\":480,\"height\":120,\"caption\":\"Sacra Arquidiocese de Buenos Aires e Am\u00e9rica do Sul | Patriarcado Ecum\u00eanico\"},\"image\":{\"@id\":\"https:\\\/\\\/news.ecclesia.org.br\\\/#\\\/schema\\\/logo\\\/image\\\/\"},\"sameAs\":[\"https:\\\/\\\/www.facebook.com\\\/Ecclesia2025\",\"https:\\\/\\\/x.com\\\/EcclesiaNews\",\"https:\\\/\\\/br.pinterest.com\\\/ekklisia\\\/\",\"https:\\\/\\\/www.youtube.com\\\/@EcclesiaBrasil\"]},{\"@type\":\"Person\",\"@id\":\"https:\\\/\\\/news.ecclesia.org.br\\\/#\\\/schema\\\/person\\\/6f09597f025829745ba414a569f63758\",\"name\":\"Pe. Andr\u00e9\",\"image\":{\"@type\":\"ImageObject\",\"inLanguage\":\"pt-BR\",\"@id\":\"https:\\\/\\\/secure.gravatar.com\\\/avatar\\\/b4327cfa27e9799da239a26adcd534fc29cdc0c4a4a148eecbcfeb9b42c617ac?s=96&d=mm&r=g\",\"url\":\"https:\\\/\\\/secure.gravatar.com\\\/avatar\\\/b4327cfa27e9799da239a26adcd534fc29cdc0c4a4a148eecbcfeb9b42c617ac?s=96&d=mm&r=g\",\"contentUrl\":\"https:\\\/\\\/secure.gravatar.com\\\/avatar\\\/b4327cfa27e9799da239a26adcd534fc29cdc0c4a4a148eecbcfeb9b42c617ac?s=96&d=mm&r=g\",\"caption\":\"Pe. Andr\u00e9\"},\"sameAs\":[\"https:\\\/\\\/www.ecclesia.org.br\"]}]}<\/script>\n<!-- \/ Yoast SEO plugin. -->","yoast_head_json":{"title":"Patriarca Ecum\u00eanico Bartolomeu I: \"retornar a uma vis\u00e3o integral de nossa vida\" | ECCLESIA NEWS","robots":{"index":"index","follow":"follow","max-snippet":"max-snippet:-1","max-image-preview":"max-image-preview:large","max-video-preview":"max-video-preview:-1"},"canonical":"https:\/\/news.ecclesia.org.br\/?p=24885","og_locale":"pt_BR","og_type":"article","og_title":"Patriarca Ecum\u00eanico Bartolomeu I: \"retornar a uma vis\u00e3o integral de nossa vida\" | ECCLESIA NEWS","og_description":"\u201cA convers\u00e3o \u00e9 mais que corre\u00e7\u00e3o e o arrependimento n\u00e3o \u00e9 um simples remorso. Ambos pedem para unificar as partes separadas de nosso cora\u00e7\u00e3o e de nossa vida [&#8230;]\u201d, observou o Patriarca. \u201cN\u00e3o podem existir duas maneiras de se comportar\u201d,&#8230;","og_url":"https:\/\/news.ecclesia.org.br\/?p=24885","og_site_name":"ECCLESIA NEWS","article_publisher":"https:\/\/www.facebook.com\/Ecclesia2025","article_published_time":"2018-03-08T18:07:35+00:00","article_modified_time":"2021-07-22T22:52:26+00:00","og_image":[{"width":640,"height":960,"url":"https:\/\/news.ecclesia.org.br\/wp-content\/uploads\/2018\/03\/unnamed.jpg","type":"image\/jpeg"}],"author":"Pe. Andr\u00e9","twitter_card":"summary_large_image","twitter_creator":"@EcclesiaNews","twitter_site":"@EcclesiaNews","twitter_misc":{"Escrito por":"Pe. Andr\u00e9","Est. tempo de leitura":"2 minutos"},"schema":{"@context":"https:\/\/schema.org","@graph":[{"@type":"Article","@id":"https:\/\/news.ecclesia.org.br\/?p=24885#article","isPartOf":{"@id":"https:\/\/news.ecclesia.org.br\/?p=24885"},"author":{"name":"Pe. Andr\u00e9","@id":"https:\/\/news.ecclesia.org.br\/#\/schema\/person\/6f09597f025829745ba414a569f63758"},"headline":"Patriarca Ecum\u00eanico Bartolomeu I: &#8220;retornar a uma vis\u00e3o integral de nossa vida&#8221;","datePublished":"2018-03-08T18:07:35+00:00","dateModified":"2021-07-22T22:52:26+00:00","mainEntityOfPage":{"@id":"https:\/\/news.ecclesia.org.br\/?p=24885"},"wordCount":372,"commentCount":0,"publisher":{"@id":"https:\/\/news.ecclesia.org.br\/#organization"},"image":{"@id":"https:\/\/news.ecclesia.org.br\/?p=24885#primaryimage"},"thumbnailUrl":"https:\/\/news.ecclesia.org.br\/wp-content\/uploads\/2018\/03\/unnamed.jpg","articleSection":["NEWS","Patriarcado Ecum\u00eanico"],"inLanguage":"pt-BR","potentialAction":[{"@type":"CommentAction","name":"Comment","target":["https:\/\/news.ecclesia.org.br\/?p=24885#respond"]}]},{"@type":"WebPage","@id":"https:\/\/news.ecclesia.org.br\/?p=24885","url":"https:\/\/news.ecclesia.org.br\/?p=24885","name":"Patriarca Ecum\u00eanico Bartolomeu I: \"retornar a uma vis\u00e3o integral de nossa vida\" | ECCLESIA NEWS","isPartOf":{"@id":"https:\/\/news.ecclesia.org.br\/#website"},"primaryImageOfPage":{"@id":"https:\/\/news.ecclesia.org.br\/?p=24885#primaryimage"},"image":{"@id":"https:\/\/news.ecclesia.org.br\/?p=24885#primaryimage"},"thumbnailUrl":"https:\/\/news.ecclesia.org.br\/wp-content\/uploads\/2018\/03\/unnamed.jpg","datePublished":"2018-03-08T18:07:35+00:00","dateModified":"2021-07-22T22:52:26+00:00","breadcrumb":{"@id":"https:\/\/news.ecclesia.org.br\/?p=24885#breadcrumb"},"inLanguage":"pt-BR","potentialAction":[{"@type":"ReadAction","target":["https:\/\/news.ecclesia.org.br\/?p=24885"]}]},{"@type":"ImageObject","inLanguage":"pt-BR","@id":"https:\/\/news.ecclesia.org.br\/?p=24885#primaryimage","url":"https:\/\/news.ecclesia.org.br\/wp-content\/uploads\/2018\/03\/unnamed.jpg","contentUrl":"https:\/\/news.ecclesia.org.br\/wp-content\/uploads\/2018\/03\/unnamed.jpg","width":640,"height":960},{"@type":"BreadcrumbList","@id":"https:\/\/news.ecclesia.org.br\/?p=24885#breadcrumb","itemListElement":[{"@type":"ListItem","position":1,"name":"In\u00edcio","item":"https:\/\/news.ecclesia.org.br\/"},{"@type":"ListItem","position":2,"name":"Patriarca Ecum\u00eanico Bartolomeu I: &#8220;retornar a uma vis\u00e3o integral de nossa vida&#8221;"}]},{"@type":"WebSite","@id":"https:\/\/news.ecclesia.org.br\/#website","url":"https:\/\/news.ecclesia.org.br\/","name":"Ecclesia Brasil","description":"Desde 2003 onectando o Brasil ao mundo ortodoxo!","publisher":{"@id":"https:\/\/news.ecclesia.org.br\/#organization"},"alternateName":"Ecclesia","potentialAction":[{"@type":"SearchAction","target":{"@type":"EntryPoint","urlTemplate":"https:\/\/news.ecclesia.org.br\/?s={search_term_string}"},"query-input":{"@type":"PropertyValueSpecification","valueRequired":true,"valueName":"search_term_string"}}],"inLanguage":"pt-BR"},{"@type":"Organization","@id":"https:\/\/news.ecclesia.org.br\/#organization","name":"Sacra Arquidiocese de Buenos Aires e Am\u00e9rica do Sul | Patriarcado Ecum\u00eanico","alternateName":"News Ecclesia Brasil","url":"https:\/\/news.ecclesia.org.br\/","logo":{"@type":"ImageObject","inLanguage":"pt-BR","@id":"https:\/\/news.ecclesia.org.br\/#\/schema\/logo\/image\/","url":"https:\/\/news.ecclesia.org.br\/wp-content\/uploads\/2025\/05\/ecclesia2.png","contentUrl":"https:\/\/news.ecclesia.org.br\/wp-content\/uploads\/2025\/05\/ecclesia2.png","width":480,"height":120,"caption":"Sacra Arquidiocese de Buenos Aires e Am\u00e9rica do Sul | Patriarcado Ecum\u00eanico"},"image":{"@id":"https:\/\/news.ecclesia.org.br\/#\/schema\/logo\/image\/"},"sameAs":["https:\/\/www.facebook.com\/Ecclesia2025","https:\/\/x.com\/EcclesiaNews","https:\/\/br.pinterest.com\/ekklisia\/","https:\/\/www.youtube.com\/@EcclesiaBrasil"]},{"@type":"Person","@id":"https:\/\/news.ecclesia.org.br\/#\/schema\/person\/6f09597f025829745ba414a569f63758","name":"Pe. Andr\u00e9","image":{"@type":"ImageObject","inLanguage":"pt-BR","@id":"https:\/\/secure.gravatar.com\/avatar\/b4327cfa27e9799da239a26adcd534fc29cdc0c4a4a148eecbcfeb9b42c617ac?s=96&d=mm&r=g","url":"https:\/\/secure.gravatar.com\/avatar\/b4327cfa27e9799da239a26adcd534fc29cdc0c4a4a148eecbcfeb9b42c617ac?s=96&d=mm&r=g","contentUrl":"https:\/\/secure.gravatar.com\/avatar\/b4327cfa27e9799da239a26adcd534fc29cdc0c4a4a148eecbcfeb9b42c617ac?s=96&d=mm&r=g","caption":"Pe. Andr\u00e9"},"sameAs":["https:\/\/www.ecclesia.org.br"]}]}},"_links":{"self":[{"href":"https:\/\/news.ecclesia.org.br\/index.php?rest_route=\/wp\/v2\/posts\/24885","targetHints":{"allow":["GET"]}}],"collection":[{"href":"https:\/\/news.ecclesia.org.br\/index.php?rest_route=\/wp\/v2\/posts"}],"about":[{"href":"https:\/\/news.ecclesia.org.br\/index.php?rest_route=\/wp\/v2\/types\/post"}],"author":[{"embeddable":true,"href":"https:\/\/news.ecclesia.org.br\/index.php?rest_route=\/wp\/v2\/users\/1"}],"replies":[{"embeddable":true,"href":"https:\/\/news.ecclesia.org.br\/index.php?rest_route=%2Fwp%2Fv2%2Fcomments&post=24885"}],"version-history":[{"count":1,"href":"https:\/\/news.ecclesia.org.br\/index.php?rest_route=\/wp\/v2\/posts\/24885\/revisions"}],"predecessor-version":[{"id":33957,"href":"https:\/\/news.ecclesia.org.br\/index.php?rest_route=\/wp\/v2\/posts\/24885\/revisions\/33957"}],"wp:featuredmedia":[{"embeddable":true,"href":"https:\/\/news.ecclesia.org.br\/index.php?rest_route=\/wp\/v2\/media\/24886"}],"wp:attachment":[{"href":"https:\/\/news.ecclesia.org.br\/index.php?rest_route=%2Fwp%2Fv2%2Fmedia&parent=24885"}],"wp:term":[{"taxonomy":"category","embeddable":true,"href":"https:\/\/news.ecclesia.org.br\/index.php?rest_route=%2Fwp%2Fv2%2Fcategories&post=24885"},{"taxonomy":"post_tag","embeddable":true,"href":"https:\/\/news.ecclesia.org.br\/index.php?rest_route=%2Fwp%2Fv2%2Ftags&post=24885"}],"curies":[{"name":"wp","href":"https:\/\/api.w.org\/{rel}","templated":true}]}}