{"id":24880,"date":"2018-03-03T13:11:35","date_gmt":"2018-03-03T13:11:35","guid":{"rendered":"https:\/\/news.ecclesia.org.br\/2013\/?p=24880"},"modified":"2018-03-03T13:14:22","modified_gmt":"2018-03-03T13:14:22","slug":"lideres-religiosos-arabes-criam-a-primeira-plataforma-de-coesao-social","status":"publish","type":"post","link":"https:\/\/news.ecclesia.org.br\/?p=24880","title":{"rendered":"L\u00edderes religiosos \u00e1rabes criam a primeira plataforma de coes\u00e3o social"},"content":{"rendered":"<figure id=\"attachment_24882\" aria-describedby=\"caption-attachment-24882\" style=\"width: 700px\" class=\"wp-caption aligncenter\"><a href=\"https:\/\/news.ecclesia.org.br\/2013\/wp-content\/uploads\/2018\/03\/discurso-inaugural-patriarca1.jpg\"><img fetchpriority=\"high\" decoding=\"async\" class=\"wp-image-24882\" src=\"https:\/\/news.ecclesia.org.br\/2013\/wp-content\/uploads\/2018\/03\/discurso-inaugural-patriarca1.jpg\" alt=\"\" width=\"700\" height=\"304\" srcset=\"https:\/\/news.ecclesia.org.br\/wp-content\/uploads\/2018\/03\/discurso-inaugural-patriarca1.jpg 800w, https:\/\/news.ecclesia.org.br\/wp-content\/uploads\/2018\/03\/discurso-inaugural-patriarca1-300x130.jpg 300w, https:\/\/news.ecclesia.org.br\/wp-content\/uploads\/2018\/03\/discurso-inaugural-patriarca1-768x333.jpg 768w, https:\/\/news.ecclesia.org.br\/wp-content\/uploads\/2018\/03\/discurso-inaugural-patriarca1-600x260.jpg 600w, https:\/\/news.ecclesia.org.br\/wp-content\/uploads\/2018\/03\/discurso-inaugural-patriarca1-127x55.jpg 127w\" sizes=\"(max-width: 700px) 100vw, 700px\" \/><\/a><figcaption id=\"caption-attachment-24882\" class=\"wp-caption-text\">Discurso inaugural de Sua Santidade o Patriarca Ecum\u00eanico Bartolomeu I. Fotografia: Marianne Ejdersten \/ CMI<\/figcaption><\/figure>\n<p style=\"text-align: justify;\"><strong>26 de fevereiro de 2018 <\/strong><em>(da v<\/em><em>ers\u00e3o em espanhol publicada em:\u00a0<\/em>01 de mar\u00e7o de 2018 &#8212;\u00a0<strong>O \u201cDi\u00e1logo Interreligioso para a Paz, a Promo\u00e7\u00e3o da Coexist\u00eancia Pac\u00edfica e a Cidadania Comum\u201d realizado em Viena, em 26 de fevereiro, lan\u00e7a o primeiro plano de a\u00e7\u00e3o conjunto para que os l\u00edderes religiosos \u00e1rabes mostrem o caminho para reparar as divis\u00f5es criadas por extremistas e reconstruir a coes\u00e3o social e a cidadania comum na regi\u00e3o \u00e1rabe.<\/strong><\/p>\n<p style=\"text-align: justify;\">A plataforma ser\u00e1 o primeiro de seu tipo para os l\u00edderes das comunidades crist\u00e3s e mu\u00e7ulmanas da regi\u00e3o, um espa\u00e7o onde possam cooperar para promover conjuntamente os melhores interesses de todos os habitantes da regi\u00e3o.\u00a0Os l\u00edderes religiosos e os decisores pol\u00edticos consideram essencial esta institui\u00e7\u00e3o;\u00a0a aus\u00eancia de uma plataforma como essa \u00e9 um obst\u00e1culo para o di\u00e1logo inter-religioso sustentado.<\/p>\n<p style=\"text-align: justify;\">Mais de duzentos l\u00edderes religiosos, decisores pol\u00edticos, acad\u00eamicos e representantes de organiza\u00e7\u00f5es internacionais e da sociedade civil participam da confer\u00eancia, incluindo l\u00edderes do Pontif\u00edcio Conselho para o Di\u00e1logo Interreligioso, a Liga Mundial Mu\u00e7ulmana e a Igreja Evang\u00e9lica do Egito.<\/p>\n<p style=\"text-align: justify;\">A confer\u00eancia est\u00e1 sendo organizada pelo Centro Internacional de Di\u00e1logo (KAICIID), com sede em Viena, e representa um marco no programa do KAICIID para promover a coes\u00e3o social e a conviv\u00eancia pac\u00edfica na regi\u00e3o \u00e1rabe.<\/p>\n<h2 style=\"text-align: justify;\">O Patriarca Ecum\u00eanico BARTOLOMEU I FAZ o discurso inaugural<\/h2>\n<p style=\"text-align: justify;\">Em seu discurso inaugural, Sua Santidade o Patriarca Ecum\u00eanico Bartolomeu I enviou sauda\u00e7\u00f5es e agradeceu aos que viajaram por ocasi\u00e3o desta importante iniciativa hist\u00f3rica.\u00a0\u201c\u00c9 realmente uma grande alegria para n\u00f3s ter aqui tantos incans\u00e1veis \u200b\u200btrabalhadores da paz, que viajaram para Viena esta semana para participar desta confer\u00eancia e para enfrentar as amea\u00e7as crescentes que afetam a dignidade humana, a compreens\u00e3o e, abertura e paz no mundo de hoje\u201d, disse ele.\u00a0\u201cQue nosso trabalho aqui d\u00ea frutos durante esse per\u00edodo confuso e dif\u00edcil de nossa hist\u00f3ria\u201d.<\/p>\n<p style=\"text-align: justify;\">Apesar de d\u00e9cadas de luta pelos direitos humanos, muitos governos em todo o mundo continuam a promulgar leis discriminat\u00f3rias e usar a for\u00e7a para reprimir e negar a liberdade de religi\u00e3o ou cren\u00e7a de seus cidad\u00e3os. Prosseguiu Bartolomeu.<\/p>\n<p style=\"text-align: justify;\">\u201cNos \u00faltimos anos, a porcentagem de pa\u00edses com altos ou muito altos n\u00edveis de hostilidade social contra grupos religiosos minorit\u00e1rios aumentou constantemente em todo o planeta\u201d, disse ele.\u00a0\u201cA situa\u00e7\u00e3o em muitas partes do mundo est\u00e1 longe de ser ideal\u201d.<\/p>\n<p style=\"text-align: justify;\">O contributo da religi\u00e3o \u00e9 essencial para superar a crise global, concluiu.<\/p>\n<p style=\"text-align: justify;\">\u201cO amor supera a capacidade humana.\u00a0\u00c9 um presente divino\u201d, disse ele.\u00a0\u201cPortanto, acreditamos firmemente que alcan\u00e7ar isso requer muito mais do que nossa resposta humana espont\u00e2nea.\u00a0Isso requer algo muito maior do que a nossa simples vontade de seguir o convite de Deus.\u00a0Isso implica uma resposta cont\u00ednua ao longo da vida, um compromisso atrav\u00e9s da f\u00e9, ora\u00e7\u00e3o, luta espiritual;\u00a0em outras palavras, atrav\u00e9s da religi\u00e3o\u201d.<\/p>\n<p style=\"text-align: justify;\">Durante o evento, tamb\u00e9m discursaram na abertura S. E. Faisal Bin Abdulrahman Bin Muaammar, secret\u00e1rio-geral da KAICIID;\u00a0S. E. Dr. Michael Linhart, Secret\u00e1rio Geral de Rela\u00e7\u00f5es Exteriores da Rep\u00fablica da \u00c1ustria;\u00a0S. E. Nizar Madani, Ministro de Estado dos Neg\u00f3cios Estrangeiros do Reino da Ar\u00e1bia Saudita;\u00a0S. E. Bel\u00e9n Alfaro, embaixador em miss\u00e3o especial para a Alian\u00e7a das Civiliza\u00e7\u00f5es e para o Di\u00e1logo Interreligioso;\u00a0e Sua Emin\u00eancia, o cardeal Jean-Louis Tauran, presidente do Pontif\u00edcio Conselho para o Di\u00e1logo Inter-religioso.<\/p>\n<hr \/>\n<p style=\"text-align: right;\">FONTE: <a href=\"http:\/\/www.oikoumene.org\/es\/press-centre\/news\/arab-religious-leaders-create-first-ever-platform-for-social-cohesion\" target=\"_blank\" rel=\"noopener\">CMI<\/a><\/p>\n","protected":false},"excerpt":{"rendered":"<p>26 de fevereiro de 2018 (da vers\u00e3o em espanhol publicada em:\u00a001 de mar\u00e7o de 2018 &#8212;\u00a0O \u201cDi\u00e1logo Interreligioso para a Paz, a Promo\u00e7\u00e3o da Coexist\u00eancia Pac\u00edfica e a Cidadania Comum\u201d realizado em Viena, em 26 de fevereiro, lan\u00e7a o primeiro&#8230;<\/p>\n","protected":false},"author":1,"featured_media":24881,"comment_status":"open","ping_status":"open","sticky":false,"template":"","format":"standard","meta":{"_acf_changed":false,"footnotes":""},"categories":[1,72],"tags":[],"class_list":["post-24880","post","type-post","status-publish","format-standard","has-post-thumbnail","hentry","category-news","category-patriarcado-ecumenico","entry","rows-excerpt"],"acf":[],"yoast_head":"<!-- This site is optimized with the Yoast SEO plugin v27.4 - https:\/\/yoast.com\/product\/yoast-seo-wordpress\/ -->\n<title>L\u00edderes religiosos \u00e1rabes criam a primeira plataforma de coes\u00e3o social | ECCLESIA NEWS<\/title>\n<meta name=\"robots\" content=\"index, follow, max-snippet:-1, max-image-preview:large, max-video-preview:-1\" \/>\n<link rel=\"canonical\" href=\"https:\/\/news.ecclesia.org.br\/?p=24880\" \/>\n<meta property=\"og:locale\" content=\"pt_BR\" \/>\n<meta property=\"og:type\" content=\"article\" \/>\n<meta property=\"og:title\" content=\"L\u00edderes religiosos \u00e1rabes criam a primeira plataforma de coes\u00e3o social | ECCLESIA NEWS\" \/>\n<meta property=\"og:description\" content=\"26 de fevereiro de 2018 (da vers\u00e3o em espanhol publicada em:\u00a001 de mar\u00e7o de 2018 &#8212;\u00a0O \u201cDi\u00e1logo Interreligioso para a Paz, a Promo\u00e7\u00e3o da Coexist\u00eancia Pac\u00edfica e a Cidadania Comum\u201d realizado em Viena, em 26 de fevereiro, lan\u00e7a o primeiro&#8230;\" \/>\n<meta property=\"og:url\" content=\"https:\/\/news.ecclesia.org.br\/?p=24880\" \/>\n<meta property=\"og:site_name\" content=\"ECCLESIA NEWS\" \/>\n<meta property=\"article:publisher\" content=\"https:\/\/www.facebook.com\/Ecclesia2025\" \/>\n<meta property=\"article:published_time\" content=\"2018-03-03T13:11:35+00:00\" \/>\n<meta property=\"article:modified_time\" content=\"2018-03-03T13:14:22+00:00\" \/>\n<meta property=\"og:image\" content=\"https:\/\/news.ecclesia.org.br\/wp-content\/uploads\/2018\/03\/discurso-inaugural-patriarca.jpg\" \/>\n\t<meta property=\"og:image:width\" content=\"1018\" \/>\n\t<meta property=\"og:image:height\" content=\"648\" \/>\n\t<meta property=\"og:image:type\" content=\"image\/jpeg\" \/>\n<meta name=\"author\" content=\"Pe. Andr\u00e9\" \/>\n<meta name=\"twitter:card\" content=\"summary_large_image\" \/>\n<meta name=\"twitter:creator\" content=\"@EcclesiaNews\" \/>\n<meta name=\"twitter:site\" content=\"@EcclesiaNews\" \/>\n<meta name=\"twitter:label1\" content=\"Escrito por\" \/>\n\t<meta name=\"twitter:data1\" content=\"Pe. Andr\u00e9\" \/>\n\t<meta name=\"twitter:label2\" content=\"Est. tempo de leitura\" \/>\n\t<meta name=\"twitter:data2\" content=\"3 minutos\" \/>\n<script type=\"application\/ld+json\" class=\"yoast-schema-graph\">{\"@context\":\"https:\\\/\\\/schema.org\",\"@graph\":[{\"@type\":\"Article\",\"@id\":\"https:\\\/\\\/news.ecclesia.org.br\\\/?p=24880#article\",\"isPartOf\":{\"@id\":\"https:\\\/\\\/news.ecclesia.org.br\\\/?p=24880\"},\"author\":{\"name\":\"Pe. Andr\u00e9\",\"@id\":\"https:\\\/\\\/news.ecclesia.org.br\\\/#\\\/schema\\\/person\\\/6f09597f025829745ba414a569f63758\"},\"headline\":\"L\u00edderes religiosos \u00e1rabes criam a primeira plataforma de coes\u00e3o social\",\"datePublished\":\"2018-03-03T13:11:35+00:00\",\"dateModified\":\"2018-03-03T13:14:22+00:00\",\"mainEntityOfPage\":{\"@id\":\"https:\\\/\\\/news.ecclesia.org.br\\\/?p=24880\"},\"wordCount\":654,\"commentCount\":0,\"publisher\":{\"@id\":\"https:\\\/\\\/news.ecclesia.org.br\\\/#organization\"},\"image\":{\"@id\":\"https:\\\/\\\/news.ecclesia.org.br\\\/?p=24880#primaryimage\"},\"thumbnailUrl\":\"https:\\\/\\\/news.ecclesia.org.br\\\/wp-content\\\/uploads\\\/2018\\\/03\\\/discurso-inaugural-patriarca.jpg\",\"articleSection\":[\"NEWS\",\"Patriarcado Ecum\u00eanico\"],\"inLanguage\":\"pt-BR\",\"potentialAction\":[{\"@type\":\"CommentAction\",\"name\":\"Comment\",\"target\":[\"https:\\\/\\\/news.ecclesia.org.br\\\/?p=24880#respond\"]}]},{\"@type\":\"WebPage\",\"@id\":\"https:\\\/\\\/news.ecclesia.org.br\\\/?p=24880\",\"url\":\"https:\\\/\\\/news.ecclesia.org.br\\\/?p=24880\",\"name\":\"L\u00edderes religiosos \u00e1rabes criam a primeira plataforma de coes\u00e3o social | ECCLESIA NEWS\",\"isPartOf\":{\"@id\":\"https:\\\/\\\/news.ecclesia.org.br\\\/#website\"},\"primaryImageOfPage\":{\"@id\":\"https:\\\/\\\/news.ecclesia.org.br\\\/?p=24880#primaryimage\"},\"image\":{\"@id\":\"https:\\\/\\\/news.ecclesia.org.br\\\/?p=24880#primaryimage\"},\"thumbnailUrl\":\"https:\\\/\\\/news.ecclesia.org.br\\\/wp-content\\\/uploads\\\/2018\\\/03\\\/discurso-inaugural-patriarca.jpg\",\"datePublished\":\"2018-03-03T13:11:35+00:00\",\"dateModified\":\"2018-03-03T13:14:22+00:00\",\"breadcrumb\":{\"@id\":\"https:\\\/\\\/news.ecclesia.org.br\\\/?p=24880#breadcrumb\"},\"inLanguage\":\"pt-BR\",\"potentialAction\":[{\"@type\":\"ReadAction\",\"target\":[\"https:\\\/\\\/news.ecclesia.org.br\\\/?p=24880\"]}]},{\"@type\":\"ImageObject\",\"inLanguage\":\"pt-BR\",\"@id\":\"https:\\\/\\\/news.ecclesia.org.br\\\/?p=24880#primaryimage\",\"url\":\"https:\\\/\\\/news.ecclesia.org.br\\\/wp-content\\\/uploads\\\/2018\\\/03\\\/discurso-inaugural-patriarca.jpg\",\"contentUrl\":\"https:\\\/\\\/news.ecclesia.org.br\\\/wp-content\\\/uploads\\\/2018\\\/03\\\/discurso-inaugural-patriarca.jpg\",\"width\":1018,\"height\":648,\"caption\":\"Discurso inaugural de Sua Santidade o Patriarca Ecum\u00eanico Bartolomeu I. Fotografia: Marianne Ejdersten \\\/ CMI\"},{\"@type\":\"BreadcrumbList\",\"@id\":\"https:\\\/\\\/news.ecclesia.org.br\\\/?p=24880#breadcrumb\",\"itemListElement\":[{\"@type\":\"ListItem\",\"position\":1,\"name\":\"In\u00edcio\",\"item\":\"https:\\\/\\\/news.ecclesia.org.br\\\/\"},{\"@type\":\"ListItem\",\"position\":2,\"name\":\"L\u00edderes religiosos \u00e1rabes criam a primeira plataforma de coes\u00e3o social\"}]},{\"@type\":\"WebSite\",\"@id\":\"https:\\\/\\\/news.ecclesia.org.br\\\/#website\",\"url\":\"https:\\\/\\\/news.ecclesia.org.br\\\/\",\"name\":\"Ecclesia Brasil\",\"description\":\"Desde 2003 onectando o Brasil ao mundo ortodoxo!\",\"publisher\":{\"@id\":\"https:\\\/\\\/news.ecclesia.org.br\\\/#organization\"},\"alternateName\":\"Ecclesia\",\"potentialAction\":[{\"@type\":\"SearchAction\",\"target\":{\"@type\":\"EntryPoint\",\"urlTemplate\":\"https:\\\/\\\/news.ecclesia.org.br\\\/?s={search_term_string}\"},\"query-input\":{\"@type\":\"PropertyValueSpecification\",\"valueRequired\":true,\"valueName\":\"search_term_string\"}}],\"inLanguage\":\"pt-BR\"},{\"@type\":\"Organization\",\"@id\":\"https:\\\/\\\/news.ecclesia.org.br\\\/#organization\",\"name\":\"Sacra Arquidiocese de Buenos Aires e Am\u00e9rica do Sul | Patriarcado Ecum\u00eanico\",\"alternateName\":\"News Ecclesia Brasil\",\"url\":\"https:\\\/\\\/news.ecclesia.org.br\\\/\",\"logo\":{\"@type\":\"ImageObject\",\"inLanguage\":\"pt-BR\",\"@id\":\"https:\\\/\\\/news.ecclesia.org.br\\\/#\\\/schema\\\/logo\\\/image\\\/\",\"url\":\"https:\\\/\\\/news.ecclesia.org.br\\\/wp-content\\\/uploads\\\/2025\\\/05\\\/ecclesia2.png\",\"contentUrl\":\"https:\\\/\\\/news.ecclesia.org.br\\\/wp-content\\\/uploads\\\/2025\\\/05\\\/ecclesia2.png\",\"width\":480,\"height\":120,\"caption\":\"Sacra Arquidiocese de Buenos Aires e Am\u00e9rica do Sul | Patriarcado Ecum\u00eanico\"},\"image\":{\"@id\":\"https:\\\/\\\/news.ecclesia.org.br\\\/#\\\/schema\\\/logo\\\/image\\\/\"},\"sameAs\":[\"https:\\\/\\\/www.facebook.com\\\/Ecclesia2025\",\"https:\\\/\\\/x.com\\\/EcclesiaNews\",\"https:\\\/\\\/br.pinterest.com\\\/ekklisia\\\/\",\"https:\\\/\\\/www.youtube.com\\\/@EcclesiaBrasil\"]},{\"@type\":\"Person\",\"@id\":\"https:\\\/\\\/news.ecclesia.org.br\\\/#\\\/schema\\\/person\\\/6f09597f025829745ba414a569f63758\",\"name\":\"Pe. Andr\u00e9\",\"image\":{\"@type\":\"ImageObject\",\"inLanguage\":\"pt-BR\",\"@id\":\"https:\\\/\\\/secure.gravatar.com\\\/avatar\\\/b4327cfa27e9799da239a26adcd534fc29cdc0c4a4a148eecbcfeb9b42c617ac?s=96&d=mm&r=g\",\"url\":\"https:\\\/\\\/secure.gravatar.com\\\/avatar\\\/b4327cfa27e9799da239a26adcd534fc29cdc0c4a4a148eecbcfeb9b42c617ac?s=96&d=mm&r=g\",\"contentUrl\":\"https:\\\/\\\/secure.gravatar.com\\\/avatar\\\/b4327cfa27e9799da239a26adcd534fc29cdc0c4a4a148eecbcfeb9b42c617ac?s=96&d=mm&r=g\",\"caption\":\"Pe. Andr\u00e9\"},\"sameAs\":[\"https:\\\/\\\/www.ecclesia.org.br\"]}]}<\/script>\n<!-- \/ Yoast SEO plugin. -->","yoast_head_json":{"title":"L\u00edderes religiosos \u00e1rabes criam a primeira plataforma de coes\u00e3o social | ECCLESIA NEWS","robots":{"index":"index","follow":"follow","max-snippet":"max-snippet:-1","max-image-preview":"max-image-preview:large","max-video-preview":"max-video-preview:-1"},"canonical":"https:\/\/news.ecclesia.org.br\/?p=24880","og_locale":"pt_BR","og_type":"article","og_title":"L\u00edderes religiosos \u00e1rabes criam a primeira plataforma de coes\u00e3o social | ECCLESIA NEWS","og_description":"26 de fevereiro de 2018 (da vers\u00e3o em espanhol publicada em:\u00a001 de mar\u00e7o de 2018 &#8212;\u00a0O \u201cDi\u00e1logo Interreligioso para a Paz, a Promo\u00e7\u00e3o da Coexist\u00eancia Pac\u00edfica e a Cidadania Comum\u201d realizado em Viena, em 26 de fevereiro, lan\u00e7a o primeiro&#8230;","og_url":"https:\/\/news.ecclesia.org.br\/?p=24880","og_site_name":"ECCLESIA NEWS","article_publisher":"https:\/\/www.facebook.com\/Ecclesia2025","article_published_time":"2018-03-03T13:11:35+00:00","article_modified_time":"2018-03-03T13:14:22+00:00","og_image":[{"width":1018,"height":648,"url":"https:\/\/news.ecclesia.org.br\/wp-content\/uploads\/2018\/03\/discurso-inaugural-patriarca.jpg","type":"image\/jpeg"}],"author":"Pe. Andr\u00e9","twitter_card":"summary_large_image","twitter_creator":"@EcclesiaNews","twitter_site":"@EcclesiaNews","twitter_misc":{"Escrito por":"Pe. Andr\u00e9","Est. tempo de leitura":"3 minutos"},"schema":{"@context":"https:\/\/schema.org","@graph":[{"@type":"Article","@id":"https:\/\/news.ecclesia.org.br\/?p=24880#article","isPartOf":{"@id":"https:\/\/news.ecclesia.org.br\/?p=24880"},"author":{"name":"Pe. Andr\u00e9","@id":"https:\/\/news.ecclesia.org.br\/#\/schema\/person\/6f09597f025829745ba414a569f63758"},"headline":"L\u00edderes religiosos \u00e1rabes criam a primeira plataforma de coes\u00e3o social","datePublished":"2018-03-03T13:11:35+00:00","dateModified":"2018-03-03T13:14:22+00:00","mainEntityOfPage":{"@id":"https:\/\/news.ecclesia.org.br\/?p=24880"},"wordCount":654,"commentCount":0,"publisher":{"@id":"https:\/\/news.ecclesia.org.br\/#organization"},"image":{"@id":"https:\/\/news.ecclesia.org.br\/?p=24880#primaryimage"},"thumbnailUrl":"https:\/\/news.ecclesia.org.br\/wp-content\/uploads\/2018\/03\/discurso-inaugural-patriarca.jpg","articleSection":["NEWS","Patriarcado Ecum\u00eanico"],"inLanguage":"pt-BR","potentialAction":[{"@type":"CommentAction","name":"Comment","target":["https:\/\/news.ecclesia.org.br\/?p=24880#respond"]}]},{"@type":"WebPage","@id":"https:\/\/news.ecclesia.org.br\/?p=24880","url":"https:\/\/news.ecclesia.org.br\/?p=24880","name":"L\u00edderes religiosos \u00e1rabes criam a primeira plataforma de coes\u00e3o social | ECCLESIA NEWS","isPartOf":{"@id":"https:\/\/news.ecclesia.org.br\/#website"},"primaryImageOfPage":{"@id":"https:\/\/news.ecclesia.org.br\/?p=24880#primaryimage"},"image":{"@id":"https:\/\/news.ecclesia.org.br\/?p=24880#primaryimage"},"thumbnailUrl":"https:\/\/news.ecclesia.org.br\/wp-content\/uploads\/2018\/03\/discurso-inaugural-patriarca.jpg","datePublished":"2018-03-03T13:11:35+00:00","dateModified":"2018-03-03T13:14:22+00:00","breadcrumb":{"@id":"https:\/\/news.ecclesia.org.br\/?p=24880#breadcrumb"},"inLanguage":"pt-BR","potentialAction":[{"@type":"ReadAction","target":["https:\/\/news.ecclesia.org.br\/?p=24880"]}]},{"@type":"ImageObject","inLanguage":"pt-BR","@id":"https:\/\/news.ecclesia.org.br\/?p=24880#primaryimage","url":"https:\/\/news.ecclesia.org.br\/wp-content\/uploads\/2018\/03\/discurso-inaugural-patriarca.jpg","contentUrl":"https:\/\/news.ecclesia.org.br\/wp-content\/uploads\/2018\/03\/discurso-inaugural-patriarca.jpg","width":1018,"height":648,"caption":"Discurso inaugural de Sua Santidade o Patriarca Ecum\u00eanico Bartolomeu I. Fotografia: Marianne Ejdersten \/ CMI"},{"@type":"BreadcrumbList","@id":"https:\/\/news.ecclesia.org.br\/?p=24880#breadcrumb","itemListElement":[{"@type":"ListItem","position":1,"name":"In\u00edcio","item":"https:\/\/news.ecclesia.org.br\/"},{"@type":"ListItem","position":2,"name":"L\u00edderes religiosos \u00e1rabes criam a primeira plataforma de coes\u00e3o social"}]},{"@type":"WebSite","@id":"https:\/\/news.ecclesia.org.br\/#website","url":"https:\/\/news.ecclesia.org.br\/","name":"Ecclesia Brasil","description":"Desde 2003 onectando o Brasil ao mundo ortodoxo!","publisher":{"@id":"https:\/\/news.ecclesia.org.br\/#organization"},"alternateName":"Ecclesia","potentialAction":[{"@type":"SearchAction","target":{"@type":"EntryPoint","urlTemplate":"https:\/\/news.ecclesia.org.br\/?s={search_term_string}"},"query-input":{"@type":"PropertyValueSpecification","valueRequired":true,"valueName":"search_term_string"}}],"inLanguage":"pt-BR"},{"@type":"Organization","@id":"https:\/\/news.ecclesia.org.br\/#organization","name":"Sacra Arquidiocese de Buenos Aires e Am\u00e9rica do Sul | Patriarcado Ecum\u00eanico","alternateName":"News Ecclesia Brasil","url":"https:\/\/news.ecclesia.org.br\/","logo":{"@type":"ImageObject","inLanguage":"pt-BR","@id":"https:\/\/news.ecclesia.org.br\/#\/schema\/logo\/image\/","url":"https:\/\/news.ecclesia.org.br\/wp-content\/uploads\/2025\/05\/ecclesia2.png","contentUrl":"https:\/\/news.ecclesia.org.br\/wp-content\/uploads\/2025\/05\/ecclesia2.png","width":480,"height":120,"caption":"Sacra Arquidiocese de Buenos Aires e Am\u00e9rica do Sul | Patriarcado Ecum\u00eanico"},"image":{"@id":"https:\/\/news.ecclesia.org.br\/#\/schema\/logo\/image\/"},"sameAs":["https:\/\/www.facebook.com\/Ecclesia2025","https:\/\/x.com\/EcclesiaNews","https:\/\/br.pinterest.com\/ekklisia\/","https:\/\/www.youtube.com\/@EcclesiaBrasil"]},{"@type":"Person","@id":"https:\/\/news.ecclesia.org.br\/#\/schema\/person\/6f09597f025829745ba414a569f63758","name":"Pe. Andr\u00e9","image":{"@type":"ImageObject","inLanguage":"pt-BR","@id":"https:\/\/secure.gravatar.com\/avatar\/b4327cfa27e9799da239a26adcd534fc29cdc0c4a4a148eecbcfeb9b42c617ac?s=96&d=mm&r=g","url":"https:\/\/secure.gravatar.com\/avatar\/b4327cfa27e9799da239a26adcd534fc29cdc0c4a4a148eecbcfeb9b42c617ac?s=96&d=mm&r=g","contentUrl":"https:\/\/secure.gravatar.com\/avatar\/b4327cfa27e9799da239a26adcd534fc29cdc0c4a4a148eecbcfeb9b42c617ac?s=96&d=mm&r=g","caption":"Pe. Andr\u00e9"},"sameAs":["https:\/\/www.ecclesia.org.br"]}]}},"_links":{"self":[{"href":"https:\/\/news.ecclesia.org.br\/index.php?rest_route=\/wp\/v2\/posts\/24880","targetHints":{"allow":["GET"]}}],"collection":[{"href":"https:\/\/news.ecclesia.org.br\/index.php?rest_route=\/wp\/v2\/posts"}],"about":[{"href":"https:\/\/news.ecclesia.org.br\/index.php?rest_route=\/wp\/v2\/types\/post"}],"author":[{"embeddable":true,"href":"https:\/\/news.ecclesia.org.br\/index.php?rest_route=\/wp\/v2\/users\/1"}],"replies":[{"embeddable":true,"href":"https:\/\/news.ecclesia.org.br\/index.php?rest_route=%2Fwp%2Fv2%2Fcomments&post=24880"}],"version-history":[{"count":0,"href":"https:\/\/news.ecclesia.org.br\/index.php?rest_route=\/wp\/v2\/posts\/24880\/revisions"}],"wp:featuredmedia":[{"embeddable":true,"href":"https:\/\/news.ecclesia.org.br\/index.php?rest_route=\/wp\/v2\/media\/24881"}],"wp:attachment":[{"href":"https:\/\/news.ecclesia.org.br\/index.php?rest_route=%2Fwp%2Fv2%2Fmedia&parent=24880"}],"wp:term":[{"taxonomy":"category","embeddable":true,"href":"https:\/\/news.ecclesia.org.br\/index.php?rest_route=%2Fwp%2Fv2%2Fcategories&post=24880"},{"taxonomy":"post_tag","embeddable":true,"href":"https:\/\/news.ecclesia.org.br\/index.php?rest_route=%2Fwp%2Fv2%2Ftags&post=24880"}],"curies":[{"name":"wp","href":"https:\/\/api.w.org\/{rel}","templated":true}]}}