{"id":24871,"date":"2018-02-18T22:06:47","date_gmt":"2018-02-18T22:06:47","guid":{"rendered":"https:\/\/news.ecclesia.org.br\/2013\/?p=24871"},"modified":"2018-02-18T22:08:11","modified_gmt":"2018-02-18T22:08:11","slug":"as-sete-semanas-da-quaresma-enfatizam-a-justica-da-agua-na-america-latina","status":"publish","type":"post","link":"https:\/\/news.ecclesia.org.br\/?p=24871","title":{"rendered":"As sete semanas da Quaresma enfatizam a justi\u00e7a da \u00e1gua na Am\u00e9rica Latina"},"content":{"rendered":"<p style=\"text-align: right;\">Vers\u00e3o em espanhol publicada em 13\/2\/2018<\/p>\n<figure id=\"attachment_24872\" aria-describedby=\"caption-attachment-24872\" style=\"width: 300px\" class=\"wp-caption alignleft\"><a href=\"https:\/\/news.ecclesia.org.br\/2013\/wp-content\/uploads\/2018\/02\/cmi.jpg\"><img fetchpriority=\"high\" decoding=\"async\" class=\"wp-image-24872 size-medium\" src=\"https:\/\/news.ecclesia.org.br\/2013\/wp-content\/uploads\/2018\/02\/cmi-300x200.jpg\" alt=\"\" width=\"300\" height=\"200\" srcset=\"https:\/\/news.ecclesia.org.br\/wp-content\/uploads\/2018\/02\/cmi-300x200.jpg 300w, https:\/\/news.ecclesia.org.br\/wp-content\/uploads\/2018\/02\/cmi-768x512.jpg 768w, https:\/\/news.ecclesia.org.br\/wp-content\/uploads\/2018\/02\/cmi-600x400.jpg 600w, https:\/\/news.ecclesia.org.br\/wp-content\/uploads\/2018\/02\/cmi-83x55.jpg 83w, https:\/\/news.ecclesia.org.br\/wp-content\/uploads\/2018\/02\/cmi-60x40.jpg 60w, https:\/\/news.ecclesia.org.br\/wp-content\/uploads\/2018\/02\/cmi-120x80.jpg 120w, https:\/\/news.ecclesia.org.br\/wp-content\/uploads\/2018\/02\/cmi.jpg 837w\" sizes=\"(max-width: 300px) 100vw, 300px\" \/><\/a><figcaption id=\"caption-attachment-24872\" class=\"wp-caption-text\">Duas mulheres coletam \u00e1gua para uso no banheiro e sanit\u00e1rios na comunidade de Ca\u00f1o Manso no Choc\u00f3 (Col\u00f4mbia). \u00a9 Pamela Vald\u00e9s \/ CMI<\/figcaption><\/figure>\n<p style=\"text-align: justify;\">A Rede Ecum\u00eanica de \u00c1gua (REDA) do Conselho Mundial de Igrejas (CMI) convida voc\u00ea a dedicar o per\u00edodo da Quaresma para refletir sobre a \u00e1gua. Desde 2008, a REDA proporciona reflex\u00f5es teol\u00f3gicas semanais e outros recursos relacionados \u00e0 \u00e1gua para as sete semanas da Quaresma e para o Dia Mundial da \u00c1gua, que se celebra em 22 de mar\u00e7o. Este ano, aten\u00e7\u00e3o est\u00e1 centrada na Am\u00e9rica Latina.<\/p>\n<p style=\"text-align: justify;\">&#8220;Aqui, na Am\u00e9rica Latina, muitos pa\u00edses possuem abundantes recursos h\u00eddricos e, no entanto, 45% da popula\u00e7\u00e3o n\u00e3o tem acesso a \u00e1gua pot\u00e1vel segura. Espero que nossa campanha de Quaresma sobre justi\u00e7a h\u00eddrica ajude a resolver este problema na Am\u00e9rica Latina&#8221;, disse a Dra. Isabel Phiri, secret\u00e1ria-geral adjunta do CMI.<\/p>\n<p style=\"text-align: justify;\">&#8220;A campanha de Quaresma chama nossa aten\u00e7\u00e3o para o fato de que cada vez mais e mais pa\u00edses est\u00e3o sofrendo escassez de \u00e1gua dia ap\u00f3s dia&#8221;, acrescentou Phiri. &#8220;Fiquei impressionada ao saber que a Cidade do Cabo, onde vivi v\u00e1rios anos, ficar\u00e1 sem \u00e1gua em 12 de abril de 2018, a menos que os moradores mudem radicalmente seu padr\u00e3o de consumo com urg\u00eancia&#8221;, disse ela.<\/p>\n<p style=\"text-align: justify;\">Para Dinesh Suna, coordenadora da REDA, a campanha de Quaresma tem sido uma a\u00e7\u00e3o muito importante para promover o Dia Mundial da \u00c1gua, celebrado em 22 de mar\u00e7o, atrav\u00e9s das igrejas membros do CMI.<\/p>\n<p style=\"text-align: justify;\">&#8220;Espero que a campanha da Quaresma sobre a \u00e1gua na Am\u00e9rica Latina nos ajude a gerar impulso para comprometer-nos com o Foro Mundial da \u00c1gua e, mais importante ainda, com o Foro Alternativo Mundial sobre a \u00c1gua (FAMA), que rejeita e questiona que os governos e as corpora\u00e7\u00f5es assumam o controle de nossas massas de \u00e1gua &#8220;, disse. &#8220;Estes eventos ter\u00e3o lugar em Bras\u00edlia (Brasil) entre 17 e 23 de mar\u00e7o de 2018&#8221;, acrescentou Suna.<\/p>\n<p style=\"text-align: justify;\">A peregrina\u00e7\u00e3o da justi\u00e7a e da paz do CMI centrar\u00e1 sua aten\u00e7\u00e3o regional em 2018 na regi\u00e3o da Am\u00e9rica Latina e Caribe. Portanto, as Sete Semanas para a \u00c1gua nos levar\u00e1 em 2018 a uma peregrina\u00e7\u00e3o de justi\u00e7a H\u00eddrica nessa regi\u00e3o. As reflex\u00f5es e os recursos b\u00edblicos e teol\u00f3gicos para as sete semanas baseiam-se na crise da \u00e1gua na regi\u00e3o e levam em considera\u00e7\u00e3o quest\u00f5es de justi\u00e7a e paz.<\/p>\n<p style=\"text-align: justify;\">Durante a Quaresma de 2018, v\u00e1rias atividades acontecer\u00e3o na regi\u00e3o em torno das Sete Semanas para a \u00c1gua, que come\u00e7ar\u00e1 com a apresenta\u00e7\u00e3o da campanha da Quaresma sobre justi\u00e7a h\u00eddrica em Bogot\u00e1 (Col\u00f4mbia) em 14 de fevereiro, quarta-feira da cinza (de acordo com as tradi\u00e7\u00f5es ocidentais do cristianismo).<\/p>\n<p style=\"text-align: justify;\">Os l\u00edderes do CMI, os membros do Grupo de Refer\u00eancia da Peregrina\u00e7\u00e3o de Justi\u00e7a e Paz e as igrejas locais participar\u00e3o da cerim\u00f4nia de apresenta\u00e7\u00e3o, que ter\u00e1 lugar em La Giralda, sede do Minist\u00e9rio do Interior da Col\u00f4mbia.<\/p>\n<p style=\"text-align: justify;\">O Prof. Fernando Enns, co-moderador do Grupo de Refer\u00eancia da Peregrina\u00e7\u00e3o de Justi\u00e7a e Paz, que se reuniu em Bogot\u00e1 de 6 a 10 de fevereiro, disse que &#8220;a campanha de Quaresma tornou-se parte integrante do nosso processo de peregrina\u00e7\u00e3o.&#8221;<\/p>\n<p style=\"text-align: justify;\">&#8220;A apresenta\u00e7\u00e3o da campanha de Quaresma, juntamente com a reuni\u00e3o do Grupo de Refer\u00eancia, nos d\u00e1 a oportunidade de interagir com as igrejas locais atrav\u00e9s de a\u00e7\u00f5es concretas destinadas a lidar com quest\u00f5es de justi\u00e7a h\u00eddrica na regi\u00e3o onde nos reunimos,acrescentou Enns.<\/p>\n<p>As sete reflex\u00f5es de 2018 est\u00e3o agora dispon\u00edveis no site EARN do CMI.<\/p>\n<p>Este ano, as reflex\u00f5es s\u00e3o escritas por te\u00f3logos e ambientalistas da Am\u00e9rica Latina.<\/p>\n<ul>\n<li style=\"text-align: justify;\"><a href=\"https:\/\/water.oikoumene.org\/en\/whatwedo\/seven-weeks-for-water\/2018-1\" target=\"_blank\" rel=\"noopener\">Leiam as Sete Reflex\u00f5es sobre as Sete Semanas para \u00c1gua 2018<\/a><\/li>\n<li style=\"text-align: justify;\"><a href=\"https:\/\/www.youtube.com\/watch?v=sHG66PkeCDU&amp;t=33s\" target=\"_blank\" rel=\"noopener\">V\u00eddeo: sete semanas para \u00e1gua 2018 (em ingl\u00eas)<\/a><\/li>\n<li style=\"text-align: justify;\"><a href=\"https:\/\/https\/water.oikoumene.org\/en\" target=\"_blank\" rel=\"noopener\">Mais informa\u00e7\u00f5es sobre a Rede Ecum\u00eanica de \u00c1gua do CMI<\/a>.<\/li>\n<\/ul>\n<hr \/>\n<p style=\"text-align: right;\"><a href=\"https:\/\/www.oikoumene.org\/es\/press-centre\/news\/seven-weeks-of-lent-highlight-water-justice-in-latin-america\" target=\"_blank\" rel=\"noopener\">Fonte: CMI<\/a><\/p>\n","protected":false},"excerpt":{"rendered":"<p>Vers\u00e3o em espanhol publicada em 13\/2\/2018 A Rede Ecum\u00eanica de \u00c1gua (REDA) do Conselho Mundial de Igrejas (CMI) convida voc\u00ea a dedicar o per\u00edodo da Quaresma para refletir sobre a \u00e1gua. Desde 2008, a REDA proporciona reflex\u00f5es teol\u00f3gicas semanais e&#8230;<\/p>\n","protected":false},"author":1,"featured_media":24872,"comment_status":"open","ping_status":"open","sticky":false,"template":"","format":"standard","meta":{"_acf_changed":false,"footnotes":""},"categories":[1],"tags":[],"class_list":["post-24871","post","type-post","status-publish","format-standard","has-post-thumbnail","hentry","category-news","entry","rows-excerpt"],"acf":[],"yoast_head":"<!-- This site is optimized with the Yoast SEO plugin v27.4 - https:\/\/yoast.com\/product\/yoast-seo-wordpress\/ -->\n<title>As sete semanas da Quaresma enfatizam a justi\u00e7a da \u00e1gua na Am\u00e9rica Latina | ECCLESIA NEWS<\/title>\n<meta name=\"robots\" content=\"index, follow, max-snippet:-1, max-image-preview:large, max-video-preview:-1\" \/>\n<link rel=\"canonical\" href=\"https:\/\/news.ecclesia.org.br\/?p=24871\" \/>\n<meta property=\"og:locale\" content=\"pt_BR\" \/>\n<meta property=\"og:type\" content=\"article\" \/>\n<meta property=\"og:title\" content=\"As sete semanas da Quaresma enfatizam a justi\u00e7a da \u00e1gua na Am\u00e9rica Latina | ECCLESIA NEWS\" \/>\n<meta property=\"og:description\" content=\"Vers\u00e3o em espanhol publicada em 13\/2\/2018 A Rede Ecum\u00eanica de \u00c1gua (REDA) do Conselho Mundial de Igrejas (CMI) convida voc\u00ea a dedicar o per\u00edodo da Quaresma para refletir sobre a \u00e1gua. Desde 2008, a REDA proporciona reflex\u00f5es teol\u00f3gicas semanais e&#8230;\" \/>\n<meta property=\"og:url\" content=\"https:\/\/news.ecclesia.org.br\/?p=24871\" \/>\n<meta property=\"og:site_name\" content=\"ECCLESIA NEWS\" \/>\n<meta property=\"article:publisher\" content=\"https:\/\/www.facebook.com\/Ecclesia2025\" \/>\n<meta property=\"article:published_time\" content=\"2018-02-18T22:06:47+00:00\" \/>\n<meta property=\"article:modified_time\" content=\"2018-02-18T22:08:11+00:00\" \/>\n<meta property=\"og:image\" content=\"https:\/\/news.ecclesia.org.br\/wp-content\/uploads\/2018\/02\/cmi.jpg\" \/>\n\t<meta property=\"og:image:width\" content=\"837\" \/>\n\t<meta property=\"og:image:height\" content=\"558\" \/>\n\t<meta property=\"og:image:type\" content=\"image\/jpeg\" \/>\n<meta name=\"author\" content=\"Pe. Andr\u00e9\" \/>\n<meta name=\"twitter:card\" content=\"summary_large_image\" \/>\n<meta name=\"twitter:creator\" content=\"@EcclesiaNews\" \/>\n<meta name=\"twitter:site\" content=\"@EcclesiaNews\" \/>\n<meta name=\"twitter:label1\" content=\"Escrito por\" \/>\n\t<meta name=\"twitter:data1\" content=\"Pe. Andr\u00e9\" \/>\n\t<meta name=\"twitter:label2\" content=\"Est. tempo de leitura\" \/>\n\t<meta name=\"twitter:data2\" content=\"3 minutos\" \/>\n<script type=\"application\/ld+json\" class=\"yoast-schema-graph\">{\"@context\":\"https:\\\/\\\/schema.org\",\"@graph\":[{\"@type\":\"Article\",\"@id\":\"https:\\\/\\\/news.ecclesia.org.br\\\/?p=24871#article\",\"isPartOf\":{\"@id\":\"https:\\\/\\\/news.ecclesia.org.br\\\/?p=24871\"},\"author\":{\"name\":\"Pe. Andr\u00e9\",\"@id\":\"https:\\\/\\\/news.ecclesia.org.br\\\/#\\\/schema\\\/person\\\/6f09597f025829745ba414a569f63758\"},\"headline\":\"As sete semanas da Quaresma enfatizam a justi\u00e7a da \u00e1gua na Am\u00e9rica Latina\",\"datePublished\":\"2018-02-18T22:06:47+00:00\",\"dateModified\":\"2018-02-18T22:08:11+00:00\",\"mainEntityOfPage\":{\"@id\":\"https:\\\/\\\/news.ecclesia.org.br\\\/?p=24871\"},\"wordCount\":709,\"commentCount\":0,\"publisher\":{\"@id\":\"https:\\\/\\\/news.ecclesia.org.br\\\/#organization\"},\"image\":{\"@id\":\"https:\\\/\\\/news.ecclesia.org.br\\\/?p=24871#primaryimage\"},\"thumbnailUrl\":\"https:\\\/\\\/news.ecclesia.org.br\\\/wp-content\\\/uploads\\\/2018\\\/02\\\/cmi.jpg\",\"articleSection\":[\"NEWS\"],\"inLanguage\":\"pt-BR\",\"potentialAction\":[{\"@type\":\"CommentAction\",\"name\":\"Comment\",\"target\":[\"https:\\\/\\\/news.ecclesia.org.br\\\/?p=24871#respond\"]}]},{\"@type\":\"WebPage\",\"@id\":\"https:\\\/\\\/news.ecclesia.org.br\\\/?p=24871\",\"url\":\"https:\\\/\\\/news.ecclesia.org.br\\\/?p=24871\",\"name\":\"As sete semanas da Quaresma enfatizam a justi\u00e7a da \u00e1gua na Am\u00e9rica Latina | ECCLESIA NEWS\",\"isPartOf\":{\"@id\":\"https:\\\/\\\/news.ecclesia.org.br\\\/#website\"},\"primaryImageOfPage\":{\"@id\":\"https:\\\/\\\/news.ecclesia.org.br\\\/?p=24871#primaryimage\"},\"image\":{\"@id\":\"https:\\\/\\\/news.ecclesia.org.br\\\/?p=24871#primaryimage\"},\"thumbnailUrl\":\"https:\\\/\\\/news.ecclesia.org.br\\\/wp-content\\\/uploads\\\/2018\\\/02\\\/cmi.jpg\",\"datePublished\":\"2018-02-18T22:06:47+00:00\",\"dateModified\":\"2018-02-18T22:08:11+00:00\",\"breadcrumb\":{\"@id\":\"https:\\\/\\\/news.ecclesia.org.br\\\/?p=24871#breadcrumb\"},\"inLanguage\":\"pt-BR\",\"potentialAction\":[{\"@type\":\"ReadAction\",\"target\":[\"https:\\\/\\\/news.ecclesia.org.br\\\/?p=24871\"]}]},{\"@type\":\"ImageObject\",\"inLanguage\":\"pt-BR\",\"@id\":\"https:\\\/\\\/news.ecclesia.org.br\\\/?p=24871#primaryimage\",\"url\":\"https:\\\/\\\/news.ecclesia.org.br\\\/wp-content\\\/uploads\\\/2018\\\/02\\\/cmi.jpg\",\"contentUrl\":\"https:\\\/\\\/news.ecclesia.org.br\\\/wp-content\\\/uploads\\\/2018\\\/02\\\/cmi.jpg\",\"width\":837,\"height\":558},{\"@type\":\"BreadcrumbList\",\"@id\":\"https:\\\/\\\/news.ecclesia.org.br\\\/?p=24871#breadcrumb\",\"itemListElement\":[{\"@type\":\"ListItem\",\"position\":1,\"name\":\"In\u00edcio\",\"item\":\"https:\\\/\\\/news.ecclesia.org.br\\\/\"},{\"@type\":\"ListItem\",\"position\":2,\"name\":\"As sete semanas da Quaresma enfatizam a justi\u00e7a da \u00e1gua na Am\u00e9rica Latina\"}]},{\"@type\":\"WebSite\",\"@id\":\"https:\\\/\\\/news.ecclesia.org.br\\\/#website\",\"url\":\"https:\\\/\\\/news.ecclesia.org.br\\\/\",\"name\":\"Ecclesia Brasil\",\"description\":\"Desde 2003 onectando o Brasil ao mundo ortodoxo!\",\"publisher\":{\"@id\":\"https:\\\/\\\/news.ecclesia.org.br\\\/#organization\"},\"alternateName\":\"Ecclesia\",\"potentialAction\":[{\"@type\":\"SearchAction\",\"target\":{\"@type\":\"EntryPoint\",\"urlTemplate\":\"https:\\\/\\\/news.ecclesia.org.br\\\/?s={search_term_string}\"},\"query-input\":{\"@type\":\"PropertyValueSpecification\",\"valueRequired\":true,\"valueName\":\"search_term_string\"}}],\"inLanguage\":\"pt-BR\"},{\"@type\":\"Organization\",\"@id\":\"https:\\\/\\\/news.ecclesia.org.br\\\/#organization\",\"name\":\"Sacra Arquidiocese de Buenos Aires e Am\u00e9rica do Sul | Patriarcado Ecum\u00eanico\",\"alternateName\":\"News Ecclesia Brasil\",\"url\":\"https:\\\/\\\/news.ecclesia.org.br\\\/\",\"logo\":{\"@type\":\"ImageObject\",\"inLanguage\":\"pt-BR\",\"@id\":\"https:\\\/\\\/news.ecclesia.org.br\\\/#\\\/schema\\\/logo\\\/image\\\/\",\"url\":\"https:\\\/\\\/news.ecclesia.org.br\\\/wp-content\\\/uploads\\\/2025\\\/05\\\/ecclesia2.png\",\"contentUrl\":\"https:\\\/\\\/news.ecclesia.org.br\\\/wp-content\\\/uploads\\\/2025\\\/05\\\/ecclesia2.png\",\"width\":480,\"height\":120,\"caption\":\"Sacra Arquidiocese de Buenos Aires e Am\u00e9rica do Sul | Patriarcado Ecum\u00eanico\"},\"image\":{\"@id\":\"https:\\\/\\\/news.ecclesia.org.br\\\/#\\\/schema\\\/logo\\\/image\\\/\"},\"sameAs\":[\"https:\\\/\\\/www.facebook.com\\\/Ecclesia2025\",\"https:\\\/\\\/x.com\\\/EcclesiaNews\",\"https:\\\/\\\/br.pinterest.com\\\/ekklisia\\\/\",\"https:\\\/\\\/www.youtube.com\\\/@EcclesiaBrasil\"]},{\"@type\":\"Person\",\"@id\":\"https:\\\/\\\/news.ecclesia.org.br\\\/#\\\/schema\\\/person\\\/6f09597f025829745ba414a569f63758\",\"name\":\"Pe. Andr\u00e9\",\"image\":{\"@type\":\"ImageObject\",\"inLanguage\":\"pt-BR\",\"@id\":\"https:\\\/\\\/secure.gravatar.com\\\/avatar\\\/b4327cfa27e9799da239a26adcd534fc29cdc0c4a4a148eecbcfeb9b42c617ac?s=96&d=mm&r=g\",\"url\":\"https:\\\/\\\/secure.gravatar.com\\\/avatar\\\/b4327cfa27e9799da239a26adcd534fc29cdc0c4a4a148eecbcfeb9b42c617ac?s=96&d=mm&r=g\",\"contentUrl\":\"https:\\\/\\\/secure.gravatar.com\\\/avatar\\\/b4327cfa27e9799da239a26adcd534fc29cdc0c4a4a148eecbcfeb9b42c617ac?s=96&d=mm&r=g\",\"caption\":\"Pe. Andr\u00e9\"},\"sameAs\":[\"https:\\\/\\\/www.ecclesia.org.br\"]}]}<\/script>\n<!-- \/ Yoast SEO plugin. -->","yoast_head_json":{"title":"As sete semanas da Quaresma enfatizam a justi\u00e7a da \u00e1gua na Am\u00e9rica Latina | ECCLESIA NEWS","robots":{"index":"index","follow":"follow","max-snippet":"max-snippet:-1","max-image-preview":"max-image-preview:large","max-video-preview":"max-video-preview:-1"},"canonical":"https:\/\/news.ecclesia.org.br\/?p=24871","og_locale":"pt_BR","og_type":"article","og_title":"As sete semanas da Quaresma enfatizam a justi\u00e7a da \u00e1gua na Am\u00e9rica Latina | ECCLESIA NEWS","og_description":"Vers\u00e3o em espanhol publicada em 13\/2\/2018 A Rede Ecum\u00eanica de \u00c1gua (REDA) do Conselho Mundial de Igrejas (CMI) convida voc\u00ea a dedicar o per\u00edodo da Quaresma para refletir sobre a \u00e1gua. Desde 2008, a REDA proporciona reflex\u00f5es teol\u00f3gicas semanais e&#8230;","og_url":"https:\/\/news.ecclesia.org.br\/?p=24871","og_site_name":"ECCLESIA NEWS","article_publisher":"https:\/\/www.facebook.com\/Ecclesia2025","article_published_time":"2018-02-18T22:06:47+00:00","article_modified_time":"2018-02-18T22:08:11+00:00","og_image":[{"width":837,"height":558,"url":"https:\/\/news.ecclesia.org.br\/wp-content\/uploads\/2018\/02\/cmi.jpg","type":"image\/jpeg"}],"author":"Pe. Andr\u00e9","twitter_card":"summary_large_image","twitter_creator":"@EcclesiaNews","twitter_site":"@EcclesiaNews","twitter_misc":{"Escrito por":"Pe. Andr\u00e9","Est. tempo de leitura":"3 minutos"},"schema":{"@context":"https:\/\/schema.org","@graph":[{"@type":"Article","@id":"https:\/\/news.ecclesia.org.br\/?p=24871#article","isPartOf":{"@id":"https:\/\/news.ecclesia.org.br\/?p=24871"},"author":{"name":"Pe. Andr\u00e9","@id":"https:\/\/news.ecclesia.org.br\/#\/schema\/person\/6f09597f025829745ba414a569f63758"},"headline":"As sete semanas da Quaresma enfatizam a justi\u00e7a da \u00e1gua na Am\u00e9rica Latina","datePublished":"2018-02-18T22:06:47+00:00","dateModified":"2018-02-18T22:08:11+00:00","mainEntityOfPage":{"@id":"https:\/\/news.ecclesia.org.br\/?p=24871"},"wordCount":709,"commentCount":0,"publisher":{"@id":"https:\/\/news.ecclesia.org.br\/#organization"},"image":{"@id":"https:\/\/news.ecclesia.org.br\/?p=24871#primaryimage"},"thumbnailUrl":"https:\/\/news.ecclesia.org.br\/wp-content\/uploads\/2018\/02\/cmi.jpg","articleSection":["NEWS"],"inLanguage":"pt-BR","potentialAction":[{"@type":"CommentAction","name":"Comment","target":["https:\/\/news.ecclesia.org.br\/?p=24871#respond"]}]},{"@type":"WebPage","@id":"https:\/\/news.ecclesia.org.br\/?p=24871","url":"https:\/\/news.ecclesia.org.br\/?p=24871","name":"As sete semanas da Quaresma enfatizam a justi\u00e7a da \u00e1gua na Am\u00e9rica Latina | ECCLESIA NEWS","isPartOf":{"@id":"https:\/\/news.ecclesia.org.br\/#website"},"primaryImageOfPage":{"@id":"https:\/\/news.ecclesia.org.br\/?p=24871#primaryimage"},"image":{"@id":"https:\/\/news.ecclesia.org.br\/?p=24871#primaryimage"},"thumbnailUrl":"https:\/\/news.ecclesia.org.br\/wp-content\/uploads\/2018\/02\/cmi.jpg","datePublished":"2018-02-18T22:06:47+00:00","dateModified":"2018-02-18T22:08:11+00:00","breadcrumb":{"@id":"https:\/\/news.ecclesia.org.br\/?p=24871#breadcrumb"},"inLanguage":"pt-BR","potentialAction":[{"@type":"ReadAction","target":["https:\/\/news.ecclesia.org.br\/?p=24871"]}]},{"@type":"ImageObject","inLanguage":"pt-BR","@id":"https:\/\/news.ecclesia.org.br\/?p=24871#primaryimage","url":"https:\/\/news.ecclesia.org.br\/wp-content\/uploads\/2018\/02\/cmi.jpg","contentUrl":"https:\/\/news.ecclesia.org.br\/wp-content\/uploads\/2018\/02\/cmi.jpg","width":837,"height":558},{"@type":"BreadcrumbList","@id":"https:\/\/news.ecclesia.org.br\/?p=24871#breadcrumb","itemListElement":[{"@type":"ListItem","position":1,"name":"In\u00edcio","item":"https:\/\/news.ecclesia.org.br\/"},{"@type":"ListItem","position":2,"name":"As sete semanas da Quaresma enfatizam a justi\u00e7a da \u00e1gua na Am\u00e9rica Latina"}]},{"@type":"WebSite","@id":"https:\/\/news.ecclesia.org.br\/#website","url":"https:\/\/news.ecclesia.org.br\/","name":"Ecclesia Brasil","description":"Desde 2003 onectando o Brasil ao mundo ortodoxo!","publisher":{"@id":"https:\/\/news.ecclesia.org.br\/#organization"},"alternateName":"Ecclesia","potentialAction":[{"@type":"SearchAction","target":{"@type":"EntryPoint","urlTemplate":"https:\/\/news.ecclesia.org.br\/?s={search_term_string}"},"query-input":{"@type":"PropertyValueSpecification","valueRequired":true,"valueName":"search_term_string"}}],"inLanguage":"pt-BR"},{"@type":"Organization","@id":"https:\/\/news.ecclesia.org.br\/#organization","name":"Sacra Arquidiocese de Buenos Aires e Am\u00e9rica do Sul | Patriarcado Ecum\u00eanico","alternateName":"News Ecclesia Brasil","url":"https:\/\/news.ecclesia.org.br\/","logo":{"@type":"ImageObject","inLanguage":"pt-BR","@id":"https:\/\/news.ecclesia.org.br\/#\/schema\/logo\/image\/","url":"https:\/\/news.ecclesia.org.br\/wp-content\/uploads\/2025\/05\/ecclesia2.png","contentUrl":"https:\/\/news.ecclesia.org.br\/wp-content\/uploads\/2025\/05\/ecclesia2.png","width":480,"height":120,"caption":"Sacra Arquidiocese de Buenos Aires e Am\u00e9rica do Sul | Patriarcado Ecum\u00eanico"},"image":{"@id":"https:\/\/news.ecclesia.org.br\/#\/schema\/logo\/image\/"},"sameAs":["https:\/\/www.facebook.com\/Ecclesia2025","https:\/\/x.com\/EcclesiaNews","https:\/\/br.pinterest.com\/ekklisia\/","https:\/\/www.youtube.com\/@EcclesiaBrasil"]},{"@type":"Person","@id":"https:\/\/news.ecclesia.org.br\/#\/schema\/person\/6f09597f025829745ba414a569f63758","name":"Pe. Andr\u00e9","image":{"@type":"ImageObject","inLanguage":"pt-BR","@id":"https:\/\/secure.gravatar.com\/avatar\/b4327cfa27e9799da239a26adcd534fc29cdc0c4a4a148eecbcfeb9b42c617ac?s=96&d=mm&r=g","url":"https:\/\/secure.gravatar.com\/avatar\/b4327cfa27e9799da239a26adcd534fc29cdc0c4a4a148eecbcfeb9b42c617ac?s=96&d=mm&r=g","contentUrl":"https:\/\/secure.gravatar.com\/avatar\/b4327cfa27e9799da239a26adcd534fc29cdc0c4a4a148eecbcfeb9b42c617ac?s=96&d=mm&r=g","caption":"Pe. Andr\u00e9"},"sameAs":["https:\/\/www.ecclesia.org.br"]}]}},"_links":{"self":[{"href":"https:\/\/news.ecclesia.org.br\/index.php?rest_route=\/wp\/v2\/posts\/24871","targetHints":{"allow":["GET"]}}],"collection":[{"href":"https:\/\/news.ecclesia.org.br\/index.php?rest_route=\/wp\/v2\/posts"}],"about":[{"href":"https:\/\/news.ecclesia.org.br\/index.php?rest_route=\/wp\/v2\/types\/post"}],"author":[{"embeddable":true,"href":"https:\/\/news.ecclesia.org.br\/index.php?rest_route=\/wp\/v2\/users\/1"}],"replies":[{"embeddable":true,"href":"https:\/\/news.ecclesia.org.br\/index.php?rest_route=%2Fwp%2Fv2%2Fcomments&post=24871"}],"version-history":[{"count":0,"href":"https:\/\/news.ecclesia.org.br\/index.php?rest_route=\/wp\/v2\/posts\/24871\/revisions"}],"wp:featuredmedia":[{"embeddable":true,"href":"https:\/\/news.ecclesia.org.br\/index.php?rest_route=\/wp\/v2\/media\/24872"}],"wp:attachment":[{"href":"https:\/\/news.ecclesia.org.br\/index.php?rest_route=%2Fwp%2Fv2%2Fmedia&parent=24871"}],"wp:term":[{"taxonomy":"category","embeddable":true,"href":"https:\/\/news.ecclesia.org.br\/index.php?rest_route=%2Fwp%2Fv2%2Fcategories&post=24871"},{"taxonomy":"post_tag","embeddable":true,"href":"https:\/\/news.ecclesia.org.br\/index.php?rest_route=%2Fwp%2Fv2%2Ftags&post=24871"}],"curies":[{"name":"wp","href":"https:\/\/api.w.org\/{rel}","templated":true}]}}