{"id":24865,"date":"2018-02-18T19:17:43","date_gmt":"2018-02-18T19:17:43","guid":{"rendered":"https:\/\/news.ecclesia.org.br\/2013\/?p=24865"},"modified":"2020-09-19T15:22:12","modified_gmt":"2020-09-19T18:22:12","slug":"homilia-catequetica-para-o-inicio-da-santa-e-grande-quaresma-de-sua-santidade-bartolomeu-i","status":"publish","type":"post","link":"https:\/\/news.ecclesia.org.br\/?p=24865","title":{"rendered":"Homilia Catequ\u00e9tica de S. S. Bartolomeu I, Patriarca Ecum\u00eanico, para o in\u00edcio da Santa e Grande Quaresma de 2018"},"content":{"rendered":"<p>A TODO O PLEROMA DA IGREJA: A GRA\u00c7A E A PAZ DE NOSSO SENHOR E SALVADOR JESUS CRISTO E, DE NOSSA PARTE, ORA\u00c7\u00c3O, B\u00caN\u00c7\u00c3O E PERD\u00c3O.<\/p>\n<p style=\"text-align: center;\"><em>\u00abTributamos um hino de gratid\u00e3o ao Deus Unitrino,<br \/>que nos fez dignos de retornar \u00e0 santa e grande Quaresma,<br \/>para combater o bom combate do ascetismo<br \/>e devotar-nos ao \u2018\u00danico Necess\u00e1rio\u2019\u00bb<\/em> (Lc 10:42).<\/p>\n<p style=\"text-align: justify;\">Irm\u00e3os e Irm\u00e3s, filhos e filhas bem amados no Senhor, em um mundo que se op\u00f5e ao ascetismo, diante da seculariza\u00e7\u00e3o contempor\u00e2nea da vida e da domina\u00e7\u00e3o dos ideais ego\u00edstas e autoindulgentes, a Igreja Ortodoxa insiste com os seus filhos em um per\u00edodo de Quaresma de luta espiritual e \u201cvener\u00e1vel abstin\u00eancia\u201d em prepara\u00e7\u00e3o para a Semana Santa, a Paix\u00e3o e a Cruz de Cristo, para que assim possamos ser testemunhas e participantes da sua gloriosa ressurrei\u00e7\u00e3o&#8230;\u00a0<\/p>\n<p>\u00a0<\/p>\n\n\n\t\t<div class=\"wppdfemb-frame-container-1\" style=\"-webkit-overflow-scrolling:auto;\">\n\t\t\t<iframe class=\"pdfembed-iframe nonfullscreen wppdf-emb-iframe-1\"\n\t\t\t\tsrc=\"https:\/\/news.ecclesia.org.br\/?pdfemb-data=eyJwZGZJRCI6MjQ4NjMsInVybCI6Imh0dHBzOlwvXC9uZXdzLmVjY2xlc2lhLm9yZy5iclwvd3AtY29udGVudFwvdXBsb2Fkc1wvMjAxOFwvMDJcLzIwMTgtcXVhcmVzbWEucGRmIiwiaW5kZXgiOjF9\"\n\t\t\t\t\t\t\t\tdata-pdf-id=\"24863\"\n\t\t\t\tdata-pdf-index=\"1\"\n\t\t\t\tstyle=\"border:none;width:100%;max-width:100%;height:100vh;\"\n\t\t\t\tscrolling=\"yes\">\n\t\t\t<\/iframe>\n\t\t<\/div>\n\n\t\t\n<p class=\"wp-block-pdfemb-pdf-embedder-viewer\"><\/p>\n","protected":false},"excerpt":{"rendered":"<p>A TODO O PLEROMA DA IGREJA: A GRA\u00c7A E A PAZ DE NOSSO SENHOR E SALVADOR JESUS CRISTO E, DE NOSSA PARTE, ORA\u00c7\u00c3O, B\u00caN\u00c7\u00c3O E PERD\u00c3O. \u00abTributamos um hino de gratid\u00e3o ao Deus Unitrino,que nos fez dignos de retornar \u00e0&#8230;<\/p>\n","protected":false},"author":1,"featured_media":24868,"comment_status":"open","ping_status":"open","sticky":false,"template":"","format":"standard","meta":{"_acf_changed":false,"footnotes":""},"categories":[1,72],"tags":[],"class_list":["post-24865","post","type-post","status-publish","format-standard","has-post-thumbnail","hentry","category-news","category-patriarcado-ecumenico","entry","rows-excerpt"],"acf":[],"yoast_head":"<!-- This site is optimized with the Yoast SEO plugin v27.4 - https:\/\/yoast.com\/product\/yoast-seo-wordpress\/ -->\n<title>Homilia Catequ\u00e9tica de S. S. Bartolomeu I, Patriarca Ecum\u00eanico, para o in\u00edcio da Santa e Grande Quaresma de 2018 | ECCLESIA NEWS<\/title>\n<meta name=\"robots\" content=\"index, follow, max-snippet:-1, max-image-preview:large, max-video-preview:-1\" \/>\n<link rel=\"canonical\" href=\"https:\/\/news.ecclesia.org.br\/?p=24865\" \/>\n<meta property=\"og:locale\" content=\"pt_BR\" \/>\n<meta property=\"og:type\" content=\"article\" \/>\n<meta property=\"og:title\" content=\"Homilia Catequ\u00e9tica de S. S. Bartolomeu I, Patriarca Ecum\u00eanico, para o in\u00edcio da Santa e Grande Quaresma de 2018 | ECCLESIA NEWS\" \/>\n<meta property=\"og:description\" content=\"A TODO O PLEROMA DA IGREJA: A GRA\u00c7A E A PAZ DE NOSSO SENHOR E SALVADOR JESUS CRISTO E, DE NOSSA PARTE, ORA\u00c7\u00c3O, B\u00caN\u00c7\u00c3O E PERD\u00c3O. \u00abTributamos um hino de gratid\u00e3o ao Deus Unitrino,que nos fez dignos de retornar \u00e0&#8230;\" \/>\n<meta property=\"og:url\" content=\"https:\/\/news.ecclesia.org.br\/?p=24865\" \/>\n<meta property=\"og:site_name\" content=\"ECCLESIA NEWS\" \/>\n<meta property=\"article:publisher\" content=\"https:\/\/www.facebook.com\/Ecclesia2025\" \/>\n<meta property=\"article:published_time\" content=\"2018-02-18T19:17:43+00:00\" \/>\n<meta property=\"article:modified_time\" content=\"2020-09-19T18:22:12+00:00\" \/>\n<meta property=\"og:image\" content=\"https:\/\/news.ecclesia.org.br\/wp-content\/uploads\/2018\/02\/patriarca-bartolomeu.jpg\" \/>\n\t<meta property=\"og:image:width\" content=\"467\" \/>\n\t<meta property=\"og:image:height\" content=\"600\" \/>\n\t<meta property=\"og:image:type\" content=\"image\/jpeg\" \/>\n<meta name=\"author\" content=\"Pe. Andr\u00e9\" \/>\n<meta name=\"twitter:card\" content=\"summary_large_image\" \/>\n<meta name=\"twitter:creator\" content=\"@EcclesiaNews\" \/>\n<meta name=\"twitter:site\" content=\"@EcclesiaNews\" \/>\n<meta name=\"twitter:label1\" content=\"Escrito por\" \/>\n\t<meta name=\"twitter:data1\" content=\"Pe. Andr\u00e9\" \/>\n\t<meta name=\"twitter:label2\" content=\"Est. tempo de leitura\" \/>\n\t<meta name=\"twitter:data2\" content=\"1 minuto\" \/>\n<script type=\"application\/ld+json\" class=\"yoast-schema-graph\">{\"@context\":\"https:\\\/\\\/schema.org\",\"@graph\":[{\"@type\":\"Article\",\"@id\":\"https:\\\/\\\/news.ecclesia.org.br\\\/?p=24865#article\",\"isPartOf\":{\"@id\":\"https:\\\/\\\/news.ecclesia.org.br\\\/?p=24865\"},\"author\":{\"name\":\"Pe. Andr\u00e9\",\"@id\":\"https:\\\/\\\/news.ecclesia.org.br\\\/#\\\/schema\\\/person\\\/6f09597f025829745ba414a569f63758\"},\"headline\":\"Homilia Catequ\u00e9tica de S. S. Bartolomeu I, Patriarca Ecum\u00eanico, para o in\u00edcio da Santa e Grande Quaresma de 2018\",\"datePublished\":\"2018-02-18T19:17:43+00:00\",\"dateModified\":\"2020-09-19T18:22:12+00:00\",\"mainEntityOfPage\":{\"@id\":\"https:\\\/\\\/news.ecclesia.org.br\\\/?p=24865\"},\"wordCount\":173,\"commentCount\":0,\"publisher\":{\"@id\":\"https:\\\/\\\/news.ecclesia.org.br\\\/#organization\"},\"image\":{\"@id\":\"https:\\\/\\\/news.ecclesia.org.br\\\/?p=24865#primaryimage\"},\"thumbnailUrl\":\"https:\\\/\\\/news.ecclesia.org.br\\\/wp-content\\\/uploads\\\/2018\\\/02\\\/patriarca-bartolomeu.jpg\",\"articleSection\":[\"NEWS\",\"Patriarcado Ecum\u00eanico\"],\"inLanguage\":\"pt-BR\",\"potentialAction\":[{\"@type\":\"CommentAction\",\"name\":\"Comment\",\"target\":[\"https:\\\/\\\/news.ecclesia.org.br\\\/?p=24865#respond\"]}]},{\"@type\":\"WebPage\",\"@id\":\"https:\\\/\\\/news.ecclesia.org.br\\\/?p=24865\",\"url\":\"https:\\\/\\\/news.ecclesia.org.br\\\/?p=24865\",\"name\":\"Homilia Catequ\u00e9tica de S. S. Bartolomeu I, Patriarca Ecum\u00eanico, para o in\u00edcio da Santa e Grande Quaresma de 2018 | ECCLESIA NEWS\",\"isPartOf\":{\"@id\":\"https:\\\/\\\/news.ecclesia.org.br\\\/#website\"},\"primaryImageOfPage\":{\"@id\":\"https:\\\/\\\/news.ecclesia.org.br\\\/?p=24865#primaryimage\"},\"image\":{\"@id\":\"https:\\\/\\\/news.ecclesia.org.br\\\/?p=24865#primaryimage\"},\"thumbnailUrl\":\"https:\\\/\\\/news.ecclesia.org.br\\\/wp-content\\\/uploads\\\/2018\\\/02\\\/patriarca-bartolomeu.jpg\",\"datePublished\":\"2018-02-18T19:17:43+00:00\",\"dateModified\":\"2020-09-19T18:22:12+00:00\",\"breadcrumb\":{\"@id\":\"https:\\\/\\\/news.ecclesia.org.br\\\/?p=24865#breadcrumb\"},\"inLanguage\":\"pt-BR\",\"potentialAction\":[{\"@type\":\"ReadAction\",\"target\":[\"https:\\\/\\\/news.ecclesia.org.br\\\/?p=24865\"]}]},{\"@type\":\"ImageObject\",\"inLanguage\":\"pt-BR\",\"@id\":\"https:\\\/\\\/news.ecclesia.org.br\\\/?p=24865#primaryimage\",\"url\":\"https:\\\/\\\/news.ecclesia.org.br\\\/wp-content\\\/uploads\\\/2018\\\/02\\\/patriarca-bartolomeu.jpg\",\"contentUrl\":\"https:\\\/\\\/news.ecclesia.org.br\\\/wp-content\\\/uploads\\\/2018\\\/02\\\/patriarca-bartolomeu.jpg\",\"width\":467,\"height\":600,\"caption\":\"Foto: Duas mulheres coletam \u00e1gua para uso no banheiro e sanit\u00e1rios na comunidade de Ca\u00f1o Manso no Choc\u00f3 (Col\u00f4mbia). \u00a9 Pamela Vald\u00e9s \\\/ CMI\"},{\"@type\":\"BreadcrumbList\",\"@id\":\"https:\\\/\\\/news.ecclesia.org.br\\\/?p=24865#breadcrumb\",\"itemListElement\":[{\"@type\":\"ListItem\",\"position\":1,\"name\":\"In\u00edcio\",\"item\":\"https:\\\/\\\/news.ecclesia.org.br\\\/\"},{\"@type\":\"ListItem\",\"position\":2,\"name\":\"Homilia Catequ\u00e9tica de S. S. Bartolomeu I, Patriarca Ecum\u00eanico, para o in\u00edcio da Santa e Grande Quaresma de 2018\"}]},{\"@type\":\"WebSite\",\"@id\":\"https:\\\/\\\/news.ecclesia.org.br\\\/#website\",\"url\":\"https:\\\/\\\/news.ecclesia.org.br\\\/\",\"name\":\"Ecclesia Brasil\",\"description\":\"Desde 2003 onectando o Brasil ao mundo ortodoxo!\",\"publisher\":{\"@id\":\"https:\\\/\\\/news.ecclesia.org.br\\\/#organization\"},\"alternateName\":\"Ecclesia\",\"potentialAction\":[{\"@type\":\"SearchAction\",\"target\":{\"@type\":\"EntryPoint\",\"urlTemplate\":\"https:\\\/\\\/news.ecclesia.org.br\\\/?s={search_term_string}\"},\"query-input\":{\"@type\":\"PropertyValueSpecification\",\"valueRequired\":true,\"valueName\":\"search_term_string\"}}],\"inLanguage\":\"pt-BR\"},{\"@type\":\"Organization\",\"@id\":\"https:\\\/\\\/news.ecclesia.org.br\\\/#organization\",\"name\":\"Sacra Arquidiocese de Buenos Aires e Am\u00e9rica do Sul | Patriarcado Ecum\u00eanico\",\"alternateName\":\"News Ecclesia Brasil\",\"url\":\"https:\\\/\\\/news.ecclesia.org.br\\\/\",\"logo\":{\"@type\":\"ImageObject\",\"inLanguage\":\"pt-BR\",\"@id\":\"https:\\\/\\\/news.ecclesia.org.br\\\/#\\\/schema\\\/logo\\\/image\\\/\",\"url\":\"https:\\\/\\\/news.ecclesia.org.br\\\/wp-content\\\/uploads\\\/2025\\\/05\\\/ecclesia2.png\",\"contentUrl\":\"https:\\\/\\\/news.ecclesia.org.br\\\/wp-content\\\/uploads\\\/2025\\\/05\\\/ecclesia2.png\",\"width\":480,\"height\":120,\"caption\":\"Sacra Arquidiocese de Buenos Aires e Am\u00e9rica do Sul | Patriarcado Ecum\u00eanico\"},\"image\":{\"@id\":\"https:\\\/\\\/news.ecclesia.org.br\\\/#\\\/schema\\\/logo\\\/image\\\/\"},\"sameAs\":[\"https:\\\/\\\/www.facebook.com\\\/Ecclesia2025\",\"https:\\\/\\\/x.com\\\/EcclesiaNews\",\"https:\\\/\\\/br.pinterest.com\\\/ekklisia\\\/\",\"https:\\\/\\\/www.youtube.com\\\/@EcclesiaBrasil\"]},{\"@type\":\"Person\",\"@id\":\"https:\\\/\\\/news.ecclesia.org.br\\\/#\\\/schema\\\/person\\\/6f09597f025829745ba414a569f63758\",\"name\":\"Pe. Andr\u00e9\",\"image\":{\"@type\":\"ImageObject\",\"inLanguage\":\"pt-BR\",\"@id\":\"https:\\\/\\\/secure.gravatar.com\\\/avatar\\\/b4327cfa27e9799da239a26adcd534fc29cdc0c4a4a148eecbcfeb9b42c617ac?s=96&d=mm&r=g\",\"url\":\"https:\\\/\\\/secure.gravatar.com\\\/avatar\\\/b4327cfa27e9799da239a26adcd534fc29cdc0c4a4a148eecbcfeb9b42c617ac?s=96&d=mm&r=g\",\"contentUrl\":\"https:\\\/\\\/secure.gravatar.com\\\/avatar\\\/b4327cfa27e9799da239a26adcd534fc29cdc0c4a4a148eecbcfeb9b42c617ac?s=96&d=mm&r=g\",\"caption\":\"Pe. Andr\u00e9\"},\"sameAs\":[\"https:\\\/\\\/www.ecclesia.org.br\"]}]}<\/script>\n<!-- \/ Yoast SEO plugin. -->","yoast_head_json":{"title":"Homilia Catequ\u00e9tica de S. S. Bartolomeu I, Patriarca Ecum\u00eanico, para o in\u00edcio da Santa e Grande Quaresma de 2018 | ECCLESIA NEWS","robots":{"index":"index","follow":"follow","max-snippet":"max-snippet:-1","max-image-preview":"max-image-preview:large","max-video-preview":"max-video-preview:-1"},"canonical":"https:\/\/news.ecclesia.org.br\/?p=24865","og_locale":"pt_BR","og_type":"article","og_title":"Homilia Catequ\u00e9tica de S. S. Bartolomeu I, Patriarca Ecum\u00eanico, para o in\u00edcio da Santa e Grande Quaresma de 2018 | ECCLESIA NEWS","og_description":"A TODO O PLEROMA DA IGREJA: A GRA\u00c7A E A PAZ DE NOSSO SENHOR E SALVADOR JESUS CRISTO E, DE NOSSA PARTE, ORA\u00c7\u00c3O, B\u00caN\u00c7\u00c3O E PERD\u00c3O. \u00abTributamos um hino de gratid\u00e3o ao Deus Unitrino,que nos fez dignos de retornar \u00e0&#8230;","og_url":"https:\/\/news.ecclesia.org.br\/?p=24865","og_site_name":"ECCLESIA NEWS","article_publisher":"https:\/\/www.facebook.com\/Ecclesia2025","article_published_time":"2018-02-18T19:17:43+00:00","article_modified_time":"2020-09-19T18:22:12+00:00","og_image":[{"width":467,"height":600,"url":"https:\/\/news.ecclesia.org.br\/wp-content\/uploads\/2018\/02\/patriarca-bartolomeu.jpg","type":"image\/jpeg"}],"author":"Pe. Andr\u00e9","twitter_card":"summary_large_image","twitter_creator":"@EcclesiaNews","twitter_site":"@EcclesiaNews","twitter_misc":{"Escrito por":"Pe. Andr\u00e9","Est. tempo de leitura":"1 minuto"},"schema":{"@context":"https:\/\/schema.org","@graph":[{"@type":"Article","@id":"https:\/\/news.ecclesia.org.br\/?p=24865#article","isPartOf":{"@id":"https:\/\/news.ecclesia.org.br\/?p=24865"},"author":{"name":"Pe. Andr\u00e9","@id":"https:\/\/news.ecclesia.org.br\/#\/schema\/person\/6f09597f025829745ba414a569f63758"},"headline":"Homilia Catequ\u00e9tica de S. S. Bartolomeu I, Patriarca Ecum\u00eanico, para o in\u00edcio da Santa e Grande Quaresma de 2018","datePublished":"2018-02-18T19:17:43+00:00","dateModified":"2020-09-19T18:22:12+00:00","mainEntityOfPage":{"@id":"https:\/\/news.ecclesia.org.br\/?p=24865"},"wordCount":173,"commentCount":0,"publisher":{"@id":"https:\/\/news.ecclesia.org.br\/#organization"},"image":{"@id":"https:\/\/news.ecclesia.org.br\/?p=24865#primaryimage"},"thumbnailUrl":"https:\/\/news.ecclesia.org.br\/wp-content\/uploads\/2018\/02\/patriarca-bartolomeu.jpg","articleSection":["NEWS","Patriarcado Ecum\u00eanico"],"inLanguage":"pt-BR","potentialAction":[{"@type":"CommentAction","name":"Comment","target":["https:\/\/news.ecclesia.org.br\/?p=24865#respond"]}]},{"@type":"WebPage","@id":"https:\/\/news.ecclesia.org.br\/?p=24865","url":"https:\/\/news.ecclesia.org.br\/?p=24865","name":"Homilia Catequ\u00e9tica de S. S. Bartolomeu I, Patriarca Ecum\u00eanico, para o in\u00edcio da Santa e Grande Quaresma de 2018 | ECCLESIA NEWS","isPartOf":{"@id":"https:\/\/news.ecclesia.org.br\/#website"},"primaryImageOfPage":{"@id":"https:\/\/news.ecclesia.org.br\/?p=24865#primaryimage"},"image":{"@id":"https:\/\/news.ecclesia.org.br\/?p=24865#primaryimage"},"thumbnailUrl":"https:\/\/news.ecclesia.org.br\/wp-content\/uploads\/2018\/02\/patriarca-bartolomeu.jpg","datePublished":"2018-02-18T19:17:43+00:00","dateModified":"2020-09-19T18:22:12+00:00","breadcrumb":{"@id":"https:\/\/news.ecclesia.org.br\/?p=24865#breadcrumb"},"inLanguage":"pt-BR","potentialAction":[{"@type":"ReadAction","target":["https:\/\/news.ecclesia.org.br\/?p=24865"]}]},{"@type":"ImageObject","inLanguage":"pt-BR","@id":"https:\/\/news.ecclesia.org.br\/?p=24865#primaryimage","url":"https:\/\/news.ecclesia.org.br\/wp-content\/uploads\/2018\/02\/patriarca-bartolomeu.jpg","contentUrl":"https:\/\/news.ecclesia.org.br\/wp-content\/uploads\/2018\/02\/patriarca-bartolomeu.jpg","width":467,"height":600,"caption":"Foto: Duas mulheres coletam \u00e1gua para uso no banheiro e sanit\u00e1rios na comunidade de Ca\u00f1o Manso no Choc\u00f3 (Col\u00f4mbia). \u00a9 Pamela Vald\u00e9s \/ CMI"},{"@type":"BreadcrumbList","@id":"https:\/\/news.ecclesia.org.br\/?p=24865#breadcrumb","itemListElement":[{"@type":"ListItem","position":1,"name":"In\u00edcio","item":"https:\/\/news.ecclesia.org.br\/"},{"@type":"ListItem","position":2,"name":"Homilia Catequ\u00e9tica de S. S. Bartolomeu I, Patriarca Ecum\u00eanico, para o in\u00edcio da Santa e Grande Quaresma de 2018"}]},{"@type":"WebSite","@id":"https:\/\/news.ecclesia.org.br\/#website","url":"https:\/\/news.ecclesia.org.br\/","name":"Ecclesia Brasil","description":"Desde 2003 onectando o Brasil ao mundo ortodoxo!","publisher":{"@id":"https:\/\/news.ecclesia.org.br\/#organization"},"alternateName":"Ecclesia","potentialAction":[{"@type":"SearchAction","target":{"@type":"EntryPoint","urlTemplate":"https:\/\/news.ecclesia.org.br\/?s={search_term_string}"},"query-input":{"@type":"PropertyValueSpecification","valueRequired":true,"valueName":"search_term_string"}}],"inLanguage":"pt-BR"},{"@type":"Organization","@id":"https:\/\/news.ecclesia.org.br\/#organization","name":"Sacra Arquidiocese de Buenos Aires e Am\u00e9rica do Sul | Patriarcado Ecum\u00eanico","alternateName":"News Ecclesia Brasil","url":"https:\/\/news.ecclesia.org.br\/","logo":{"@type":"ImageObject","inLanguage":"pt-BR","@id":"https:\/\/news.ecclesia.org.br\/#\/schema\/logo\/image\/","url":"https:\/\/news.ecclesia.org.br\/wp-content\/uploads\/2025\/05\/ecclesia2.png","contentUrl":"https:\/\/news.ecclesia.org.br\/wp-content\/uploads\/2025\/05\/ecclesia2.png","width":480,"height":120,"caption":"Sacra Arquidiocese de Buenos Aires e Am\u00e9rica do Sul | Patriarcado Ecum\u00eanico"},"image":{"@id":"https:\/\/news.ecclesia.org.br\/#\/schema\/logo\/image\/"},"sameAs":["https:\/\/www.facebook.com\/Ecclesia2025","https:\/\/x.com\/EcclesiaNews","https:\/\/br.pinterest.com\/ekklisia\/","https:\/\/www.youtube.com\/@EcclesiaBrasil"]},{"@type":"Person","@id":"https:\/\/news.ecclesia.org.br\/#\/schema\/person\/6f09597f025829745ba414a569f63758","name":"Pe. Andr\u00e9","image":{"@type":"ImageObject","inLanguage":"pt-BR","@id":"https:\/\/secure.gravatar.com\/avatar\/b4327cfa27e9799da239a26adcd534fc29cdc0c4a4a148eecbcfeb9b42c617ac?s=96&d=mm&r=g","url":"https:\/\/secure.gravatar.com\/avatar\/b4327cfa27e9799da239a26adcd534fc29cdc0c4a4a148eecbcfeb9b42c617ac?s=96&d=mm&r=g","contentUrl":"https:\/\/secure.gravatar.com\/avatar\/b4327cfa27e9799da239a26adcd534fc29cdc0c4a4a148eecbcfeb9b42c617ac?s=96&d=mm&r=g","caption":"Pe. Andr\u00e9"},"sameAs":["https:\/\/www.ecclesia.org.br"]}]}},"_links":{"self":[{"href":"https:\/\/news.ecclesia.org.br\/index.php?rest_route=\/wp\/v2\/posts\/24865","targetHints":{"allow":["GET"]}}],"collection":[{"href":"https:\/\/news.ecclesia.org.br\/index.php?rest_route=\/wp\/v2\/posts"}],"about":[{"href":"https:\/\/news.ecclesia.org.br\/index.php?rest_route=\/wp\/v2\/types\/post"}],"author":[{"embeddable":true,"href":"https:\/\/news.ecclesia.org.br\/index.php?rest_route=\/wp\/v2\/users\/1"}],"replies":[{"embeddable":true,"href":"https:\/\/news.ecclesia.org.br\/index.php?rest_route=%2Fwp%2Fv2%2Fcomments&post=24865"}],"version-history":[{"count":1,"href":"https:\/\/news.ecclesia.org.br\/index.php?rest_route=\/wp\/v2\/posts\/24865\/revisions"}],"predecessor-version":[{"id":33978,"href":"https:\/\/news.ecclesia.org.br\/index.php?rest_route=\/wp\/v2\/posts\/24865\/revisions\/33978"}],"wp:featuredmedia":[{"embeddable":true,"href":"https:\/\/news.ecclesia.org.br\/index.php?rest_route=\/wp\/v2\/media\/24868"}],"wp:attachment":[{"href":"https:\/\/news.ecclesia.org.br\/index.php?rest_route=%2Fwp%2Fv2%2Fmedia&parent=24865"}],"wp:term":[{"taxonomy":"category","embeddable":true,"href":"https:\/\/news.ecclesia.org.br\/index.php?rest_route=%2Fwp%2Fv2%2Fcategories&post=24865"},{"taxonomy":"post_tag","embeddable":true,"href":"https:\/\/news.ecclesia.org.br\/index.php?rest_route=%2Fwp%2Fv2%2Ftags&post=24865"}],"curies":[{"name":"wp","href":"https:\/\/api.w.org\/{rel}","templated":true}]}}