{"id":24856,"date":"2018-02-16T22:54:44","date_gmt":"2018-02-16T22:54:44","guid":{"rendered":"https:\/\/news.ecclesia.org.br\/2013\/?p=24856"},"modified":"2021-07-22T19:52:27","modified_gmt":"2021-07-22T22:52:27","slug":"patriarca-ecumenico-exorta-ao-encontro-pessoal-com-cristo-ressuscitado-dos-mortos-e-doador-de-vida","status":"publish","type":"post","link":"https:\/\/news.ecclesia.org.br\/?p=24856","title":{"rendered":"Patriarca Ecum\u00eanico exorta ao &#8220;encontro pessoal com Cristo  Ressuscitado dos mortos e Doador de vida&#8221;"},"content":{"rendered":"<p style=\"text-align: justify;\"><strong>O Patriarca ecum\u00eanico de Constantinopla convida, na Quaresma, a intensificar o combate asc\u00e9tico contra o pensamento sobre o eu e a ser \u201cperseverantes na ora\u00e7\u00e3o\u201d, fazendo votos de \u201cum bom percurso durante o per\u00edodo do jejum\u201d.<\/strong><\/p>\n<figure id=\"attachment_24857\" aria-describedby=\"caption-attachment-24857\" style=\"width: 750px\" class=\"wp-caption aligncenter\"><a href=\"https:\/\/news.ecclesia.org.br\/2013\/wp-content\/uploads\/2018\/02\/encontro-pessoal.jpeg\" target=\"_blank\" rel=\"noopener noreferrer\"><img fetchpriority=\"high\" decoding=\"async\" class=\"wp-image-24857 size-full\" src=\"https:\/\/news.ecclesia.org.br\/2013\/wp-content\/uploads\/2018\/02\/encontro-pessoal.jpeg\" alt=\"\" width=\"750\" height=\"421\"><\/a><figcaption id=\"caption-attachment-24857\" class=\"wp-caption-text\">Bartolomeu I: n\u00e3o h\u00e1 espiritualidade verdadeira desprovida de frutos<\/figcaption><\/figure>\n<p style=\"text-align: justify;\"><a href=\"http:\/\/www.vaticannews.va\/pt\/igreja\/news\/2018-02\/mensagem-quaresma-bartolomeu-i.html\" target=\"_blank\" rel=\"noopener noreferrer\">Vatican NEWS<\/a> &#8212;&nbsp; &#8220;Durante a Quaresma somos chamados a viver de modo mais profundo a Economia criativa e salv\u00edfica do Deus Trino e a participar num modo mais claro da an\u00e1fora escatol\u00f3gica, na dire\u00e7\u00e3o e no justo caminho da vida eclesi\u00e1stica e espiritual&#8221;. \u00c9 a exorta\u00e7\u00e3o do Patriarca Ecum\u00eanico de Constantinopla, Bartolomeu I, em sua mensagem para o in\u00edcio da Quaresma ortodoxa, na pr\u00f3xima segunda-feira, 19 de fevereiro.<\/p>\n<p style=\"text-align: justify;\">N\u00f3s nos damos conta do tr\u00e1gico beco sem sa\u00edda da magniloqu\u00eancia auto-salv\u00edfica do Fariseu, da dureza do cora\u00e7\u00e3o do filho mais velho da par\u00e1bola do Filho Pr\u00f3digo, do cruel desinteresse pela fome, a sede, a nudez, a doen\u00e7a, o abandono do pr\u00f3ximo, de acordo com a narra\u00e7\u00e3o evang\u00e9lica sobre o ju\u00edzo final.<\/p>\n<h3>Alcan\u00e7ar o encontro pessoal com Cristo ressuscitado<\/h3>\n<p style=\"text-align: justify;\">\u201cSomos exortados a imitar a convers\u00e3o e a humildade do Publicano, o retorno do filho pr\u00f3digo \u00e0 casa do Pai e \u00e0 confian\u00e7a na sua Gra\u00e7a, a imitar aqueles que fazem miseric\u00f3rdia aos necessitados\u201d e, fortificados mediante a venera\u00e7\u00e3o dos \u00edcones sagrados e a venerada Cruz, \u201calcan\u00e7ar o encontro pessoal com Cristo ressuscitado dos mortos e doador de vida\u201d, l\u00ea-se na mensagem.<\/p>\n<p style=\"text-align: justify;\">Durante este per\u00edodo aben\u00e7oado, revela-se com particular \u00eanfase o car\u00e1ter comunit\u00e1rio e social da vida espiritual. N\u00e3o nos encontramos sozinhos, n\u00e3o estamos sozinhos diante de Deus, afirma o Patriarca Ecum\u00eanico, acrescentando que n\u00e3o somos uma soma de indiv\u00edduos, mas uma comunh\u00e3o de pessoas, para as quais \u201cser\u201d significa \u201cestar juntos\u201d.<\/p>\n<h3 style=\"text-align: justify;\">Viver a verdade na caridade<\/h3>\n<p style=\"text-align: justify;\">Insistindo sobre o car\u00e1ter comunit\u00e1rio na vida da Igreja, Bartolomeu I afirma ainda que n\u00e3o jejuamos como queremos individualmente, mas como a Igreja estabelece. Nosso esfor\u00e7o asc\u00e9tico, acrescenta, \u00e9 operativo no \u00e2mbito de nossas rela\u00e7\u00f5es com os outros membros do corpo eclesi\u00e1stico, como participa\u00e7\u00e3o nos fatos e vicissitudes, que formam a Igreja como comunidade de vida, como \u201cviver a verdade na caridade\u201d.<\/p>\n<p style=\"text-align: justify;\">A espiritualidade ortodoxa est\u00e1 inseparavelmente unida \u00e0 participa\u00e7\u00e3o de toda a liturgia da vida da Igreja, que tem seu \u00e1pice na Divina Liturgia, \u201cconstitui devo\u00e7\u00e3o que \u00e9 alimentada e que adquire dimens\u00e3o na ou mediante a Igreja\u201d.<\/p>\n<p style=\"text-align: justify;\">\u201c N\u00e3o existe espiritualidade verdadeira e, ao mesmo tempo, desprovida de frutos\u201d.<\/p>\n<p style=\"text-align: justify;\">&#8220;Aquele que verdadeiramente ama Deus ama tamb\u00e9m o pr\u00f3ximo e ao que se encontra distante, e toda a cria\u00e7\u00e3o\u201d, observa o Patriarca Ecum\u00eanico de Constantinopla, acrescentando ainda que \u201cf\u00e9 e caridade constituem na Igreja uma experi\u00eancia de vida \u00fanica e insepar\u00e1vel\u201d.<\/p>\n<h3 style=\"text-align: justify;\">Perseverantes na ora\u00e7\u00e3o<\/h3>\n<p style=\"text-align: justify;\">Dirigindo-se aos irm\u00e3os ortodoxos espalhados pelo mundo, o Patriarca os exorta lembrando que o Esp\u00edrito de Deus sopra continuamente sobre a Igreja, Deus est\u00e1 sempre \u201cconosco\u201d \u2013 junto a n\u00f3s, ressalta, convidando-os durante os santos dias da Grande Quaresma a intensificar o combate asc\u00e9tico contra o pensamento sobre o eu e a serem \u201cperseverantes na ora\u00e7\u00e3o\u201d, fazendo votos de \u201cum bom percurso durante o per\u00edodo do jejum\u201d, concedendo a todos a sua B\u00ean\u00e7\u00e3o Patriarcal.<\/p>\n<hr>\n<p style=\"text-align: right;\"><a href=\"https:\/\/news.ecclesia.org.br\/2013\/wp-content\/uploads\/2018\/02\/2018-quaresma.pdf\" target=\"_blank\" rel=\"noopener noreferrer\">Para baixar arquivo em pdf com a mensagem completa traduzida ao portugu\u00eas.<\/a><\/p>\n","protected":false},"excerpt":{"rendered":"<p>O Patriarca ecum\u00eanico de Constantinopla convida, na Quaresma, a intensificar o combate asc\u00e9tico contra o pensamento sobre o eu e a ser \u201cperseverantes na ora\u00e7\u00e3o\u201d, fazendo votos de \u201cum bom percurso durante o per\u00edodo do jejum\u201d. Vatican NEWS &#8212;&nbsp; &#8220;Durante&#8230;<\/p>\n","protected":false},"author":1,"featured_media":0,"comment_status":"open","ping_status":"open","sticky":false,"template":"","format":"standard","meta":{"_acf_changed":false,"footnotes":""},"categories":[1,72],"tags":[],"class_list":["post-24856","post","type-post","status-publish","format-standard","hentry","category-news","category-patriarcado-ecumenico","entry","rows-excerpt"],"acf":[],"yoast_head":"<!-- This site is optimized with the Yoast SEO plugin v27.4 - https:\/\/yoast.com\/product\/yoast-seo-wordpress\/ -->\n<title>Patriarca Ecum\u00eanico exorta ao &quot;encontro pessoal com Cristo Ressuscitado dos mortos e Doador de vida&quot; | ECCLESIA NEWS<\/title>\n<meta name=\"robots\" content=\"index, follow, max-snippet:-1, max-image-preview:large, max-video-preview:-1\" \/>\n<link rel=\"canonical\" href=\"https:\/\/news.ecclesia.org.br\/?p=24856\" \/>\n<meta property=\"og:locale\" content=\"pt_BR\" \/>\n<meta property=\"og:type\" content=\"article\" \/>\n<meta property=\"og:title\" content=\"Patriarca Ecum\u00eanico exorta ao &quot;encontro pessoal com Cristo Ressuscitado dos mortos e Doador de vida&quot; | ECCLESIA NEWS\" \/>\n<meta property=\"og:description\" content=\"O Patriarca ecum\u00eanico de Constantinopla convida, na Quaresma, a intensificar o combate asc\u00e9tico contra o pensamento sobre o eu e a ser \u201cperseverantes na ora\u00e7\u00e3o\u201d, fazendo votos de \u201cum bom percurso durante o per\u00edodo do jejum\u201d. Vatican NEWS &#8212;&nbsp; &#8220;Durante&#8230;\" \/>\n<meta property=\"og:url\" content=\"https:\/\/news.ecclesia.org.br\/?p=24856\" \/>\n<meta property=\"og:site_name\" content=\"ECCLESIA NEWS\" \/>\n<meta property=\"article:publisher\" content=\"https:\/\/www.facebook.com\/Ecclesia2025\" \/>\n<meta property=\"article:published_time\" content=\"2018-02-16T22:54:44+00:00\" \/>\n<meta property=\"article:modified_time\" content=\"2021-07-22T22:52:27+00:00\" \/>\n<meta property=\"og:image\" content=\"https:\/\/news.ecclesia.org.br\/2013\/wp-content\/uploads\/2018\/02\/encontro-pessoal.jpeg\" \/>\n<meta name=\"author\" content=\"Pe. Andr\u00e9\" \/>\n<meta name=\"twitter:card\" content=\"summary_large_image\" \/>\n<meta name=\"twitter:creator\" content=\"@EcclesiaNews\" \/>\n<meta name=\"twitter:site\" content=\"@EcclesiaNews\" \/>\n<meta name=\"twitter:label1\" content=\"Escrito por\" \/>\n\t<meta name=\"twitter:data1\" content=\"Pe. Andr\u00e9\" \/>\n\t<meta name=\"twitter:label2\" content=\"Est. tempo de leitura\" \/>\n\t<meta name=\"twitter:data2\" content=\"3 minutos\" \/>\n<script type=\"application\/ld+json\" class=\"yoast-schema-graph\">{\"@context\":\"https:\\\/\\\/schema.org\",\"@graph\":[{\"@type\":\"Article\",\"@id\":\"https:\\\/\\\/news.ecclesia.org.br\\\/?p=24856#article\",\"isPartOf\":{\"@id\":\"https:\\\/\\\/news.ecclesia.org.br\\\/?p=24856\"},\"author\":{\"name\":\"Pe. Andr\u00e9\",\"@id\":\"https:\\\/\\\/news.ecclesia.org.br\\\/#\\\/schema\\\/person\\\/6f09597f025829745ba414a569f63758\"},\"headline\":\"Patriarca Ecum\u00eanico exorta ao &#8220;encontro pessoal com Cristo Ressuscitado dos mortos e Doador de vida&#8221;\",\"datePublished\":\"2018-02-16T22:54:44+00:00\",\"dateModified\":\"2021-07-22T22:52:27+00:00\",\"mainEntityOfPage\":{\"@id\":\"https:\\\/\\\/news.ecclesia.org.br\\\/?p=24856\"},\"wordCount\":619,\"commentCount\":0,\"publisher\":{\"@id\":\"https:\\\/\\\/news.ecclesia.org.br\\\/#organization\"},\"image\":{\"@id\":\"https:\\\/\\\/news.ecclesia.org.br\\\/?p=24856#primaryimage\"},\"thumbnailUrl\":\"https:\\\/\\\/news.ecclesia.org.br\\\/2013\\\/wp-content\\\/uploads\\\/2018\\\/02\\\/encontro-pessoal.jpeg\",\"articleSection\":[\"NEWS\",\"Patriarcado Ecum\u00eanico\"],\"inLanguage\":\"pt-BR\",\"potentialAction\":[{\"@type\":\"CommentAction\",\"name\":\"Comment\",\"target\":[\"https:\\\/\\\/news.ecclesia.org.br\\\/?p=24856#respond\"]}]},{\"@type\":\"WebPage\",\"@id\":\"https:\\\/\\\/news.ecclesia.org.br\\\/?p=24856\",\"url\":\"https:\\\/\\\/news.ecclesia.org.br\\\/?p=24856\",\"name\":\"Patriarca Ecum\u00eanico exorta ao \\\"encontro pessoal com Cristo Ressuscitado dos mortos e Doador de vida\\\" | ECCLESIA NEWS\",\"isPartOf\":{\"@id\":\"https:\\\/\\\/news.ecclesia.org.br\\\/#website\"},\"primaryImageOfPage\":{\"@id\":\"https:\\\/\\\/news.ecclesia.org.br\\\/?p=24856#primaryimage\"},\"image\":{\"@id\":\"https:\\\/\\\/news.ecclesia.org.br\\\/?p=24856#primaryimage\"},\"thumbnailUrl\":\"https:\\\/\\\/news.ecclesia.org.br\\\/2013\\\/wp-content\\\/uploads\\\/2018\\\/02\\\/encontro-pessoal.jpeg\",\"datePublished\":\"2018-02-16T22:54:44+00:00\",\"dateModified\":\"2021-07-22T22:52:27+00:00\",\"breadcrumb\":{\"@id\":\"https:\\\/\\\/news.ecclesia.org.br\\\/?p=24856#breadcrumb\"},\"inLanguage\":\"pt-BR\",\"potentialAction\":[{\"@type\":\"ReadAction\",\"target\":[\"https:\\\/\\\/news.ecclesia.org.br\\\/?p=24856\"]}]},{\"@type\":\"ImageObject\",\"inLanguage\":\"pt-BR\",\"@id\":\"https:\\\/\\\/news.ecclesia.org.br\\\/?p=24856#primaryimage\",\"url\":\"https:\\\/\\\/news.ecclesia.org.br\\\/2013\\\/wp-content\\\/uploads\\\/2018\\\/02\\\/encontro-pessoal.jpeg\",\"contentUrl\":\"https:\\\/\\\/news.ecclesia.org.br\\\/2013\\\/wp-content\\\/uploads\\\/2018\\\/02\\\/encontro-pessoal.jpeg\"},{\"@type\":\"BreadcrumbList\",\"@id\":\"https:\\\/\\\/news.ecclesia.org.br\\\/?p=24856#breadcrumb\",\"itemListElement\":[{\"@type\":\"ListItem\",\"position\":1,\"name\":\"In\u00edcio\",\"item\":\"https:\\\/\\\/news.ecclesia.org.br\\\/\"},{\"@type\":\"ListItem\",\"position\":2,\"name\":\"Patriarca Ecum\u00eanico exorta ao &#8220;encontro pessoal com Cristo Ressuscitado dos mortos e Doador de vida&#8221;\"}]},{\"@type\":\"WebSite\",\"@id\":\"https:\\\/\\\/news.ecclesia.org.br\\\/#website\",\"url\":\"https:\\\/\\\/news.ecclesia.org.br\\\/\",\"name\":\"Ecclesia Brasil\",\"description\":\"Desde 2003 onectando o Brasil ao mundo ortodoxo!\",\"publisher\":{\"@id\":\"https:\\\/\\\/news.ecclesia.org.br\\\/#organization\"},\"alternateName\":\"Ecclesia\",\"potentialAction\":[{\"@type\":\"SearchAction\",\"target\":{\"@type\":\"EntryPoint\",\"urlTemplate\":\"https:\\\/\\\/news.ecclesia.org.br\\\/?s={search_term_string}\"},\"query-input\":{\"@type\":\"PropertyValueSpecification\",\"valueRequired\":true,\"valueName\":\"search_term_string\"}}],\"inLanguage\":\"pt-BR\"},{\"@type\":\"Organization\",\"@id\":\"https:\\\/\\\/news.ecclesia.org.br\\\/#organization\",\"name\":\"Sacra Arquidiocese de Buenos Aires e Am\u00e9rica do Sul | Patriarcado Ecum\u00eanico\",\"alternateName\":\"News Ecclesia Brasil\",\"url\":\"https:\\\/\\\/news.ecclesia.org.br\\\/\",\"logo\":{\"@type\":\"ImageObject\",\"inLanguage\":\"pt-BR\",\"@id\":\"https:\\\/\\\/news.ecclesia.org.br\\\/#\\\/schema\\\/logo\\\/image\\\/\",\"url\":\"https:\\\/\\\/news.ecclesia.org.br\\\/wp-content\\\/uploads\\\/2025\\\/05\\\/ecclesia2.png\",\"contentUrl\":\"https:\\\/\\\/news.ecclesia.org.br\\\/wp-content\\\/uploads\\\/2025\\\/05\\\/ecclesia2.png\",\"width\":480,\"height\":120,\"caption\":\"Sacra Arquidiocese de Buenos Aires e Am\u00e9rica do Sul | Patriarcado Ecum\u00eanico\"},\"image\":{\"@id\":\"https:\\\/\\\/news.ecclesia.org.br\\\/#\\\/schema\\\/logo\\\/image\\\/\"},\"sameAs\":[\"https:\\\/\\\/www.facebook.com\\\/Ecclesia2025\",\"https:\\\/\\\/x.com\\\/EcclesiaNews\",\"https:\\\/\\\/br.pinterest.com\\\/ekklisia\\\/\",\"https:\\\/\\\/www.youtube.com\\\/@EcclesiaBrasil\"]},{\"@type\":\"Person\",\"@id\":\"https:\\\/\\\/news.ecclesia.org.br\\\/#\\\/schema\\\/person\\\/6f09597f025829745ba414a569f63758\",\"name\":\"Pe. Andr\u00e9\",\"image\":{\"@type\":\"ImageObject\",\"inLanguage\":\"pt-BR\",\"@id\":\"https:\\\/\\\/secure.gravatar.com\\\/avatar\\\/b4327cfa27e9799da239a26adcd534fc29cdc0c4a4a148eecbcfeb9b42c617ac?s=96&d=mm&r=g\",\"url\":\"https:\\\/\\\/secure.gravatar.com\\\/avatar\\\/b4327cfa27e9799da239a26adcd534fc29cdc0c4a4a148eecbcfeb9b42c617ac?s=96&d=mm&r=g\",\"contentUrl\":\"https:\\\/\\\/secure.gravatar.com\\\/avatar\\\/b4327cfa27e9799da239a26adcd534fc29cdc0c4a4a148eecbcfeb9b42c617ac?s=96&d=mm&r=g\",\"caption\":\"Pe. Andr\u00e9\"},\"sameAs\":[\"https:\\\/\\\/www.ecclesia.org.br\"]}]}<\/script>\n<!-- \/ Yoast SEO plugin. -->","yoast_head_json":{"title":"Patriarca Ecum\u00eanico exorta ao \"encontro pessoal com Cristo Ressuscitado dos mortos e Doador de vida\" | ECCLESIA NEWS","robots":{"index":"index","follow":"follow","max-snippet":"max-snippet:-1","max-image-preview":"max-image-preview:large","max-video-preview":"max-video-preview:-1"},"canonical":"https:\/\/news.ecclesia.org.br\/?p=24856","og_locale":"pt_BR","og_type":"article","og_title":"Patriarca Ecum\u00eanico exorta ao \"encontro pessoal com Cristo Ressuscitado dos mortos e Doador de vida\" | ECCLESIA NEWS","og_description":"O Patriarca ecum\u00eanico de Constantinopla convida, na Quaresma, a intensificar o combate asc\u00e9tico contra o pensamento sobre o eu e a ser \u201cperseverantes na ora\u00e7\u00e3o\u201d, fazendo votos de \u201cum bom percurso durante o per\u00edodo do jejum\u201d. Vatican NEWS &#8212;&nbsp; &#8220;Durante&#8230;","og_url":"https:\/\/news.ecclesia.org.br\/?p=24856","og_site_name":"ECCLESIA NEWS","article_publisher":"https:\/\/www.facebook.com\/Ecclesia2025","article_published_time":"2018-02-16T22:54:44+00:00","article_modified_time":"2021-07-22T22:52:27+00:00","og_image":[{"url":"https:\/\/news.ecclesia.org.br\/2013\/wp-content\/uploads\/2018\/02\/encontro-pessoal.jpeg","type":"","width":"","height":""}],"author":"Pe. Andr\u00e9","twitter_card":"summary_large_image","twitter_creator":"@EcclesiaNews","twitter_site":"@EcclesiaNews","twitter_misc":{"Escrito por":"Pe. Andr\u00e9","Est. tempo de leitura":"3 minutos"},"schema":{"@context":"https:\/\/schema.org","@graph":[{"@type":"Article","@id":"https:\/\/news.ecclesia.org.br\/?p=24856#article","isPartOf":{"@id":"https:\/\/news.ecclesia.org.br\/?p=24856"},"author":{"name":"Pe. Andr\u00e9","@id":"https:\/\/news.ecclesia.org.br\/#\/schema\/person\/6f09597f025829745ba414a569f63758"},"headline":"Patriarca Ecum\u00eanico exorta ao &#8220;encontro pessoal com Cristo Ressuscitado dos mortos e Doador de vida&#8221;","datePublished":"2018-02-16T22:54:44+00:00","dateModified":"2021-07-22T22:52:27+00:00","mainEntityOfPage":{"@id":"https:\/\/news.ecclesia.org.br\/?p=24856"},"wordCount":619,"commentCount":0,"publisher":{"@id":"https:\/\/news.ecclesia.org.br\/#organization"},"image":{"@id":"https:\/\/news.ecclesia.org.br\/?p=24856#primaryimage"},"thumbnailUrl":"https:\/\/news.ecclesia.org.br\/2013\/wp-content\/uploads\/2018\/02\/encontro-pessoal.jpeg","articleSection":["NEWS","Patriarcado Ecum\u00eanico"],"inLanguage":"pt-BR","potentialAction":[{"@type":"CommentAction","name":"Comment","target":["https:\/\/news.ecclesia.org.br\/?p=24856#respond"]}]},{"@type":"WebPage","@id":"https:\/\/news.ecclesia.org.br\/?p=24856","url":"https:\/\/news.ecclesia.org.br\/?p=24856","name":"Patriarca Ecum\u00eanico exorta ao \"encontro pessoal com Cristo Ressuscitado dos mortos e Doador de vida\" | ECCLESIA NEWS","isPartOf":{"@id":"https:\/\/news.ecclesia.org.br\/#website"},"primaryImageOfPage":{"@id":"https:\/\/news.ecclesia.org.br\/?p=24856#primaryimage"},"image":{"@id":"https:\/\/news.ecclesia.org.br\/?p=24856#primaryimage"},"thumbnailUrl":"https:\/\/news.ecclesia.org.br\/2013\/wp-content\/uploads\/2018\/02\/encontro-pessoal.jpeg","datePublished":"2018-02-16T22:54:44+00:00","dateModified":"2021-07-22T22:52:27+00:00","breadcrumb":{"@id":"https:\/\/news.ecclesia.org.br\/?p=24856#breadcrumb"},"inLanguage":"pt-BR","potentialAction":[{"@type":"ReadAction","target":["https:\/\/news.ecclesia.org.br\/?p=24856"]}]},{"@type":"ImageObject","inLanguage":"pt-BR","@id":"https:\/\/news.ecclesia.org.br\/?p=24856#primaryimage","url":"https:\/\/news.ecclesia.org.br\/2013\/wp-content\/uploads\/2018\/02\/encontro-pessoal.jpeg","contentUrl":"https:\/\/news.ecclesia.org.br\/2013\/wp-content\/uploads\/2018\/02\/encontro-pessoal.jpeg"},{"@type":"BreadcrumbList","@id":"https:\/\/news.ecclesia.org.br\/?p=24856#breadcrumb","itemListElement":[{"@type":"ListItem","position":1,"name":"In\u00edcio","item":"https:\/\/news.ecclesia.org.br\/"},{"@type":"ListItem","position":2,"name":"Patriarca Ecum\u00eanico exorta ao &#8220;encontro pessoal com Cristo Ressuscitado dos mortos e Doador de vida&#8221;"}]},{"@type":"WebSite","@id":"https:\/\/news.ecclesia.org.br\/#website","url":"https:\/\/news.ecclesia.org.br\/","name":"Ecclesia Brasil","description":"Desde 2003 onectando o Brasil ao mundo ortodoxo!","publisher":{"@id":"https:\/\/news.ecclesia.org.br\/#organization"},"alternateName":"Ecclesia","potentialAction":[{"@type":"SearchAction","target":{"@type":"EntryPoint","urlTemplate":"https:\/\/news.ecclesia.org.br\/?s={search_term_string}"},"query-input":{"@type":"PropertyValueSpecification","valueRequired":true,"valueName":"search_term_string"}}],"inLanguage":"pt-BR"},{"@type":"Organization","@id":"https:\/\/news.ecclesia.org.br\/#organization","name":"Sacra Arquidiocese de Buenos Aires e Am\u00e9rica do Sul | Patriarcado Ecum\u00eanico","alternateName":"News Ecclesia Brasil","url":"https:\/\/news.ecclesia.org.br\/","logo":{"@type":"ImageObject","inLanguage":"pt-BR","@id":"https:\/\/news.ecclesia.org.br\/#\/schema\/logo\/image\/","url":"https:\/\/news.ecclesia.org.br\/wp-content\/uploads\/2025\/05\/ecclesia2.png","contentUrl":"https:\/\/news.ecclesia.org.br\/wp-content\/uploads\/2025\/05\/ecclesia2.png","width":480,"height":120,"caption":"Sacra Arquidiocese de Buenos Aires e Am\u00e9rica do Sul | Patriarcado Ecum\u00eanico"},"image":{"@id":"https:\/\/news.ecclesia.org.br\/#\/schema\/logo\/image\/"},"sameAs":["https:\/\/www.facebook.com\/Ecclesia2025","https:\/\/x.com\/EcclesiaNews","https:\/\/br.pinterest.com\/ekklisia\/","https:\/\/www.youtube.com\/@EcclesiaBrasil"]},{"@type":"Person","@id":"https:\/\/news.ecclesia.org.br\/#\/schema\/person\/6f09597f025829745ba414a569f63758","name":"Pe. Andr\u00e9","image":{"@type":"ImageObject","inLanguage":"pt-BR","@id":"https:\/\/secure.gravatar.com\/avatar\/b4327cfa27e9799da239a26adcd534fc29cdc0c4a4a148eecbcfeb9b42c617ac?s=96&d=mm&r=g","url":"https:\/\/secure.gravatar.com\/avatar\/b4327cfa27e9799da239a26adcd534fc29cdc0c4a4a148eecbcfeb9b42c617ac?s=96&d=mm&r=g","contentUrl":"https:\/\/secure.gravatar.com\/avatar\/b4327cfa27e9799da239a26adcd534fc29cdc0c4a4a148eecbcfeb9b42c617ac?s=96&d=mm&r=g","caption":"Pe. Andr\u00e9"},"sameAs":["https:\/\/www.ecclesia.org.br"]}]}},"_links":{"self":[{"href":"https:\/\/news.ecclesia.org.br\/index.php?rest_route=\/wp\/v2\/posts\/24856","targetHints":{"allow":["GET"]}}],"collection":[{"href":"https:\/\/news.ecclesia.org.br\/index.php?rest_route=\/wp\/v2\/posts"}],"about":[{"href":"https:\/\/news.ecclesia.org.br\/index.php?rest_route=\/wp\/v2\/types\/post"}],"author":[{"embeddable":true,"href":"https:\/\/news.ecclesia.org.br\/index.php?rest_route=\/wp\/v2\/users\/1"}],"replies":[{"embeddable":true,"href":"https:\/\/news.ecclesia.org.br\/index.php?rest_route=%2Fwp%2Fv2%2Fcomments&post=24856"}],"version-history":[{"count":1,"href":"https:\/\/news.ecclesia.org.br\/index.php?rest_route=\/wp\/v2\/posts\/24856\/revisions"}],"predecessor-version":[{"id":33949,"href":"https:\/\/news.ecclesia.org.br\/index.php?rest_route=\/wp\/v2\/posts\/24856\/revisions\/33949"}],"wp:attachment":[{"href":"https:\/\/news.ecclesia.org.br\/index.php?rest_route=%2Fwp%2Fv2%2Fmedia&parent=24856"}],"wp:term":[{"taxonomy":"category","embeddable":true,"href":"https:\/\/news.ecclesia.org.br\/index.php?rest_route=%2Fwp%2Fv2%2Fcategories&post=24856"},{"taxonomy":"post_tag","embeddable":true,"href":"https:\/\/news.ecclesia.org.br\/index.php?rest_route=%2Fwp%2Fv2%2Ftags&post=24856"}],"curies":[{"name":"wp","href":"https:\/\/api.w.org\/{rel}","templated":true}]}}