{"id":24847,"date":"2018-02-07T18:34:33","date_gmt":"2018-02-07T18:34:33","guid":{"rendered":"https:\/\/news.ecclesia.org.br\/2013\/?p=24847"},"modified":"2018-02-07T18:35:04","modified_gmt":"2018-02-07T18:35:04","slug":"siria-mortos-e-feridos-em-ataque-contra-o-patriarcado-siro-ortodoxo-em-damasco","status":"publish","type":"post","link":"https:\/\/news.ecclesia.org.br\/?p=24847","title":{"rendered":"S\u00edria: mortos e feridos em ataque contra o Patriarcado siro-Ortodoxo em Damasco"},"content":{"rendered":"<figure id=\"attachment_24848\" aria-describedby=\"caption-attachment-24848\" style=\"width: 300px\" class=\"wp-caption alignleft\"><a href=\"https:\/\/news.ecclesia.org.br\/2013\/wp-content\/uploads\/2018\/02\/conflito-sirio.jpeg\" target=\"_blank\" rel=\"noopener\"><img fetchpriority=\"high\" decoding=\"async\" class=\"wp-image-24848 size-medium\" src=\"https:\/\/news.ecclesia.org.br\/2013\/wp-content\/uploads\/2018\/02\/conflito-sirio-300x169.jpeg\" alt=\"\" width=\"300\" height=\"169\" srcset=\"https:\/\/news.ecclesia.org.br\/wp-content\/uploads\/2018\/02\/conflito-sirio-300x169.jpeg 300w, https:\/\/news.ecclesia.org.br\/wp-content\/uploads\/2018\/02\/conflito-sirio-600x338.jpeg 600w, https:\/\/news.ecclesia.org.br\/wp-content\/uploads\/2018\/02\/conflito-sirio-98x55.jpeg 98w, https:\/\/news.ecclesia.org.br\/wp-content\/uploads\/2018\/02\/conflito-sirio.jpeg 750w\" sizes=\"(max-width: 300px) 100vw, 300px\" \/><\/a><figcaption id=\"caption-attachment-24848\" class=\"wp-caption-text\">Conflito s\u00edrio (AFP or licensors)<\/figcaption><\/figure>\n<p style=\"text-align: justify;\"><strong>Tiros de morteiros lan\u00e7ados no centro de Damasco por grupos armados que ainda controlam os sub\u00farbios orientais da cidade atingiram a \u00e1rea do Patriarcado siro-ortodoxo, no distrito de Bab Tuma, causando pelo menos dois mortos e tr\u00eas feridos.<\/strong><\/p>\n<p style=\"text-align: justify;\">Cidade do Vaticano (<a href=\"http:\/\/www.vaticannews.va\/pt\/mundo\/news\/2018-02\/siria--mortos-e-feridos-em-ataque-damasco-patriarcado.html\" target=\"_blank\" rel=\"noopener\">Ag\u00eancia Fides<\/a>) Tiros de morteiros lan\u00e7ados no centro de Damasco por grupos armados que ainda controlam os sub\u00farbios orientais da cidade atingiram a \u00e1rea do Patriarcado siro-ortodoxo, no distrito de Bab Tuma, causando pelo menos dois mortos e tr\u00eas feridos. Os disparos de morteiros ocorreram ontem, segunda-feira e atingiu a \u00e1rea perto da Catedral siro-ortodoxa de S\u00e3o Jorge, onde um grupo de volunt\u00e1rios russos havia distribu\u00eddo momentos antes pacotes de ajuda \u00e0 popula\u00e7\u00e3o local. Os tiros de artilharia lan\u00e7ados contra a Cidade Velha de Damasco representam mais uma confirma\u00e7\u00e3o de que, apesar das proclama\u00e7\u00f5es e da queda da aten\u00e7\u00e3o da m\u00eddia internacional, o conflito na S\u00edria ainda est\u00e1 em andamento e continua atingindo a capital.\u00a0Em janeiro, os bairros da Cidade Velha de Damasco, onde est\u00e3o concentradas as igrejas e as sedes dos Patriarcados, foram atingidos v\u00e1rias vezes por lan\u00e7amentos de foguetes e tiros de morteiros do sub\u00farbio de Gh\u016bta, que em 22 de janeiro \u00faltimo causaram 9 mortes \u2013 em grande parte alunos que sa\u00edam da escola &#8211; e mais de vinte feridos.<\/p>\n","protected":false},"excerpt":{"rendered":"<p>Tiros de morteiros lan\u00e7ados no centro de Damasco por grupos armados que ainda controlam os sub\u00farbios orientais da cidade atingiram a \u00e1rea do Patriarcado siro-ortodoxo, no distrito de Bab Tuma, causando pelo menos dois mortos e tr\u00eas feridos. Cidade do&#8230;<\/p>\n","protected":false},"author":1,"featured_media":24848,"comment_status":"open","ping_status":"open","sticky":false,"template":"","format":"standard","meta":{"_acf_changed":false,"footnotes":""},"categories":[3,1],"tags":[],"class_list":["post-24847","post","type-post","status-publish","format-standard","has-post-thumbnail","hentry","category-mundo","category-news","entry","rows-excerpt"],"acf":[],"yoast_head":"<!-- This site is optimized with the Yoast SEO plugin v27.4 - https:\/\/yoast.com\/product\/yoast-seo-wordpress\/ -->\n<title>S\u00edria: mortos e feridos em ataque contra o Patriarcado siro-Ortodoxo em Damasco | ECCLESIA NEWS<\/title>\n<meta name=\"robots\" content=\"index, follow, max-snippet:-1, max-image-preview:large, max-video-preview:-1\" \/>\n<link rel=\"canonical\" href=\"https:\/\/news.ecclesia.org.br\/?p=24847\" \/>\n<meta property=\"og:locale\" content=\"pt_BR\" \/>\n<meta property=\"og:type\" content=\"article\" \/>\n<meta property=\"og:title\" content=\"S\u00edria: mortos e feridos em ataque contra o Patriarcado siro-Ortodoxo em Damasco | ECCLESIA NEWS\" \/>\n<meta property=\"og:description\" content=\"Tiros de morteiros lan\u00e7ados no centro de Damasco por grupos armados que ainda controlam os sub\u00farbios orientais da cidade atingiram a \u00e1rea do Patriarcado siro-ortodoxo, no distrito de Bab Tuma, causando pelo menos dois mortos e tr\u00eas feridos. Cidade do&#8230;\" \/>\n<meta property=\"og:url\" content=\"https:\/\/news.ecclesia.org.br\/?p=24847\" \/>\n<meta property=\"og:site_name\" content=\"ECCLESIA NEWS\" \/>\n<meta property=\"article:publisher\" content=\"https:\/\/www.facebook.com\/Ecclesia2025\" \/>\n<meta property=\"article:published_time\" content=\"2018-02-07T18:34:33+00:00\" \/>\n<meta property=\"article:modified_time\" content=\"2018-02-07T18:35:04+00:00\" \/>\n<meta property=\"og:image\" content=\"https:\/\/news.ecclesia.org.br\/wp-content\/uploads\/2018\/02\/conflito-sirio.jpeg\" \/>\n\t<meta property=\"og:image:width\" content=\"750\" \/>\n\t<meta property=\"og:image:height\" content=\"422\" \/>\n\t<meta property=\"og:image:type\" content=\"image\/jpeg\" \/>\n<meta name=\"author\" content=\"Pe. Andr\u00e9\" \/>\n<meta name=\"twitter:card\" content=\"summary_large_image\" \/>\n<meta name=\"twitter:creator\" content=\"@EcclesiaNews\" \/>\n<meta name=\"twitter:site\" content=\"@EcclesiaNews\" \/>\n<meta name=\"twitter:label1\" content=\"Escrito por\" \/>\n\t<meta name=\"twitter:data1\" content=\"Pe. Andr\u00e9\" \/>\n\t<meta name=\"twitter:label2\" content=\"Est. tempo de leitura\" \/>\n\t<meta name=\"twitter:data2\" content=\"1 minuto\" \/>\n<script type=\"application\/ld+json\" class=\"yoast-schema-graph\">{\"@context\":\"https:\\\/\\\/schema.org\",\"@graph\":[{\"@type\":\"Article\",\"@id\":\"https:\\\/\\\/news.ecclesia.org.br\\\/?p=24847#article\",\"isPartOf\":{\"@id\":\"https:\\\/\\\/news.ecclesia.org.br\\\/?p=24847\"},\"author\":{\"name\":\"Pe. Andr\u00e9\",\"@id\":\"https:\\\/\\\/news.ecclesia.org.br\\\/#\\\/schema\\\/person\\\/6f09597f025829745ba414a569f63758\"},\"headline\":\"S\u00edria: mortos e feridos em ataque contra o Patriarcado siro-Ortodoxo em Damasco\",\"datePublished\":\"2018-02-07T18:34:33+00:00\",\"dateModified\":\"2018-02-07T18:35:04+00:00\",\"mainEntityOfPage\":{\"@id\":\"https:\\\/\\\/news.ecclesia.org.br\\\/?p=24847\"},\"wordCount\":260,\"commentCount\":0,\"publisher\":{\"@id\":\"https:\\\/\\\/news.ecclesia.org.br\\\/#organization\"},\"image\":{\"@id\":\"https:\\\/\\\/news.ecclesia.org.br\\\/?p=24847#primaryimage\"},\"thumbnailUrl\":\"https:\\\/\\\/news.ecclesia.org.br\\\/wp-content\\\/uploads\\\/2018\\\/02\\\/conflito-sirio.jpeg\",\"articleSection\":[\"Mundo Ortodoxo\",\"NEWS\"],\"inLanguage\":\"pt-BR\",\"potentialAction\":[{\"@type\":\"CommentAction\",\"name\":\"Comment\",\"target\":[\"https:\\\/\\\/news.ecclesia.org.br\\\/?p=24847#respond\"]}]},{\"@type\":\"WebPage\",\"@id\":\"https:\\\/\\\/news.ecclesia.org.br\\\/?p=24847\",\"url\":\"https:\\\/\\\/news.ecclesia.org.br\\\/?p=24847\",\"name\":\"S\u00edria: mortos e feridos em ataque contra o Patriarcado siro-Ortodoxo em Damasco | ECCLESIA NEWS\",\"isPartOf\":{\"@id\":\"https:\\\/\\\/news.ecclesia.org.br\\\/#website\"},\"primaryImageOfPage\":{\"@id\":\"https:\\\/\\\/news.ecclesia.org.br\\\/?p=24847#primaryimage\"},\"image\":{\"@id\":\"https:\\\/\\\/news.ecclesia.org.br\\\/?p=24847#primaryimage\"},\"thumbnailUrl\":\"https:\\\/\\\/news.ecclesia.org.br\\\/wp-content\\\/uploads\\\/2018\\\/02\\\/conflito-sirio.jpeg\",\"datePublished\":\"2018-02-07T18:34:33+00:00\",\"dateModified\":\"2018-02-07T18:35:04+00:00\",\"breadcrumb\":{\"@id\":\"https:\\\/\\\/news.ecclesia.org.br\\\/?p=24847#breadcrumb\"},\"inLanguage\":\"pt-BR\",\"potentialAction\":[{\"@type\":\"ReadAction\",\"target\":[\"https:\\\/\\\/news.ecclesia.org.br\\\/?p=24847\"]}]},{\"@type\":\"ImageObject\",\"inLanguage\":\"pt-BR\",\"@id\":\"https:\\\/\\\/news.ecclesia.org.br\\\/?p=24847#primaryimage\",\"url\":\"https:\\\/\\\/news.ecclesia.org.br\\\/wp-content\\\/uploads\\\/2018\\\/02\\\/conflito-sirio.jpeg\",\"contentUrl\":\"https:\\\/\\\/news.ecclesia.org.br\\\/wp-content\\\/uploads\\\/2018\\\/02\\\/conflito-sirio.jpeg\",\"width\":750,\"height\":422,\"caption\":\"Conflito s\u00edrio (AFP or licensors)\"},{\"@type\":\"BreadcrumbList\",\"@id\":\"https:\\\/\\\/news.ecclesia.org.br\\\/?p=24847#breadcrumb\",\"itemListElement\":[{\"@type\":\"ListItem\",\"position\":1,\"name\":\"In\u00edcio\",\"item\":\"https:\\\/\\\/news.ecclesia.org.br\\\/\"},{\"@type\":\"ListItem\",\"position\":2,\"name\":\"S\u00edria: mortos e feridos em ataque contra o Patriarcado siro-Ortodoxo em Damasco\"}]},{\"@type\":\"WebSite\",\"@id\":\"https:\\\/\\\/news.ecclesia.org.br\\\/#website\",\"url\":\"https:\\\/\\\/news.ecclesia.org.br\\\/\",\"name\":\"Ecclesia Brasil\",\"description\":\"Desde 2003 onectando o Brasil ao mundo ortodoxo!\",\"publisher\":{\"@id\":\"https:\\\/\\\/news.ecclesia.org.br\\\/#organization\"},\"alternateName\":\"Ecclesia\",\"potentialAction\":[{\"@type\":\"SearchAction\",\"target\":{\"@type\":\"EntryPoint\",\"urlTemplate\":\"https:\\\/\\\/news.ecclesia.org.br\\\/?s={search_term_string}\"},\"query-input\":{\"@type\":\"PropertyValueSpecification\",\"valueRequired\":true,\"valueName\":\"search_term_string\"}}],\"inLanguage\":\"pt-BR\"},{\"@type\":\"Organization\",\"@id\":\"https:\\\/\\\/news.ecclesia.org.br\\\/#organization\",\"name\":\"Sacra Arquidiocese de Buenos Aires e Am\u00e9rica do Sul | Patriarcado Ecum\u00eanico\",\"alternateName\":\"News Ecclesia Brasil\",\"url\":\"https:\\\/\\\/news.ecclesia.org.br\\\/\",\"logo\":{\"@type\":\"ImageObject\",\"inLanguage\":\"pt-BR\",\"@id\":\"https:\\\/\\\/news.ecclesia.org.br\\\/#\\\/schema\\\/logo\\\/image\\\/\",\"url\":\"https:\\\/\\\/news.ecclesia.org.br\\\/wp-content\\\/uploads\\\/2025\\\/05\\\/ecclesia2.png\",\"contentUrl\":\"https:\\\/\\\/news.ecclesia.org.br\\\/wp-content\\\/uploads\\\/2025\\\/05\\\/ecclesia2.png\",\"width\":480,\"height\":120,\"caption\":\"Sacra Arquidiocese de Buenos Aires e Am\u00e9rica do Sul | Patriarcado Ecum\u00eanico\"},\"image\":{\"@id\":\"https:\\\/\\\/news.ecclesia.org.br\\\/#\\\/schema\\\/logo\\\/image\\\/\"},\"sameAs\":[\"https:\\\/\\\/www.facebook.com\\\/Ecclesia2025\",\"https:\\\/\\\/x.com\\\/EcclesiaNews\",\"https:\\\/\\\/br.pinterest.com\\\/ekklisia\\\/\",\"https:\\\/\\\/www.youtube.com\\\/@EcclesiaBrasil\"]},{\"@type\":\"Person\",\"@id\":\"https:\\\/\\\/news.ecclesia.org.br\\\/#\\\/schema\\\/person\\\/6f09597f025829745ba414a569f63758\",\"name\":\"Pe. Andr\u00e9\",\"image\":{\"@type\":\"ImageObject\",\"inLanguage\":\"pt-BR\",\"@id\":\"https:\\\/\\\/secure.gravatar.com\\\/avatar\\\/b4327cfa27e9799da239a26adcd534fc29cdc0c4a4a148eecbcfeb9b42c617ac?s=96&d=mm&r=g\",\"url\":\"https:\\\/\\\/secure.gravatar.com\\\/avatar\\\/b4327cfa27e9799da239a26adcd534fc29cdc0c4a4a148eecbcfeb9b42c617ac?s=96&d=mm&r=g\",\"contentUrl\":\"https:\\\/\\\/secure.gravatar.com\\\/avatar\\\/b4327cfa27e9799da239a26adcd534fc29cdc0c4a4a148eecbcfeb9b42c617ac?s=96&d=mm&r=g\",\"caption\":\"Pe. Andr\u00e9\"},\"sameAs\":[\"https:\\\/\\\/www.ecclesia.org.br\"]}]}<\/script>\n<!-- \/ Yoast SEO plugin. -->","yoast_head_json":{"title":"S\u00edria: mortos e feridos em ataque contra o Patriarcado siro-Ortodoxo em Damasco | ECCLESIA NEWS","robots":{"index":"index","follow":"follow","max-snippet":"max-snippet:-1","max-image-preview":"max-image-preview:large","max-video-preview":"max-video-preview:-1"},"canonical":"https:\/\/news.ecclesia.org.br\/?p=24847","og_locale":"pt_BR","og_type":"article","og_title":"S\u00edria: mortos e feridos em ataque contra o Patriarcado siro-Ortodoxo em Damasco | ECCLESIA NEWS","og_description":"Tiros de morteiros lan\u00e7ados no centro de Damasco por grupos armados que ainda controlam os sub\u00farbios orientais da cidade atingiram a \u00e1rea do Patriarcado siro-ortodoxo, no distrito de Bab Tuma, causando pelo menos dois mortos e tr\u00eas feridos. Cidade do&#8230;","og_url":"https:\/\/news.ecclesia.org.br\/?p=24847","og_site_name":"ECCLESIA NEWS","article_publisher":"https:\/\/www.facebook.com\/Ecclesia2025","article_published_time":"2018-02-07T18:34:33+00:00","article_modified_time":"2018-02-07T18:35:04+00:00","og_image":[{"width":750,"height":422,"url":"https:\/\/news.ecclesia.org.br\/wp-content\/uploads\/2018\/02\/conflito-sirio.jpeg","type":"image\/jpeg"}],"author":"Pe. Andr\u00e9","twitter_card":"summary_large_image","twitter_creator":"@EcclesiaNews","twitter_site":"@EcclesiaNews","twitter_misc":{"Escrito por":"Pe. Andr\u00e9","Est. tempo de leitura":"1 minuto"},"schema":{"@context":"https:\/\/schema.org","@graph":[{"@type":"Article","@id":"https:\/\/news.ecclesia.org.br\/?p=24847#article","isPartOf":{"@id":"https:\/\/news.ecclesia.org.br\/?p=24847"},"author":{"name":"Pe. Andr\u00e9","@id":"https:\/\/news.ecclesia.org.br\/#\/schema\/person\/6f09597f025829745ba414a569f63758"},"headline":"S\u00edria: mortos e feridos em ataque contra o Patriarcado siro-Ortodoxo em Damasco","datePublished":"2018-02-07T18:34:33+00:00","dateModified":"2018-02-07T18:35:04+00:00","mainEntityOfPage":{"@id":"https:\/\/news.ecclesia.org.br\/?p=24847"},"wordCount":260,"commentCount":0,"publisher":{"@id":"https:\/\/news.ecclesia.org.br\/#organization"},"image":{"@id":"https:\/\/news.ecclesia.org.br\/?p=24847#primaryimage"},"thumbnailUrl":"https:\/\/news.ecclesia.org.br\/wp-content\/uploads\/2018\/02\/conflito-sirio.jpeg","articleSection":["Mundo Ortodoxo","NEWS"],"inLanguage":"pt-BR","potentialAction":[{"@type":"CommentAction","name":"Comment","target":["https:\/\/news.ecclesia.org.br\/?p=24847#respond"]}]},{"@type":"WebPage","@id":"https:\/\/news.ecclesia.org.br\/?p=24847","url":"https:\/\/news.ecclesia.org.br\/?p=24847","name":"S\u00edria: mortos e feridos em ataque contra o Patriarcado siro-Ortodoxo em Damasco | ECCLESIA NEWS","isPartOf":{"@id":"https:\/\/news.ecclesia.org.br\/#website"},"primaryImageOfPage":{"@id":"https:\/\/news.ecclesia.org.br\/?p=24847#primaryimage"},"image":{"@id":"https:\/\/news.ecclesia.org.br\/?p=24847#primaryimage"},"thumbnailUrl":"https:\/\/news.ecclesia.org.br\/wp-content\/uploads\/2018\/02\/conflito-sirio.jpeg","datePublished":"2018-02-07T18:34:33+00:00","dateModified":"2018-02-07T18:35:04+00:00","breadcrumb":{"@id":"https:\/\/news.ecclesia.org.br\/?p=24847#breadcrumb"},"inLanguage":"pt-BR","potentialAction":[{"@type":"ReadAction","target":["https:\/\/news.ecclesia.org.br\/?p=24847"]}]},{"@type":"ImageObject","inLanguage":"pt-BR","@id":"https:\/\/news.ecclesia.org.br\/?p=24847#primaryimage","url":"https:\/\/news.ecclesia.org.br\/wp-content\/uploads\/2018\/02\/conflito-sirio.jpeg","contentUrl":"https:\/\/news.ecclesia.org.br\/wp-content\/uploads\/2018\/02\/conflito-sirio.jpeg","width":750,"height":422,"caption":"Conflito s\u00edrio (AFP or licensors)"},{"@type":"BreadcrumbList","@id":"https:\/\/news.ecclesia.org.br\/?p=24847#breadcrumb","itemListElement":[{"@type":"ListItem","position":1,"name":"In\u00edcio","item":"https:\/\/news.ecclesia.org.br\/"},{"@type":"ListItem","position":2,"name":"S\u00edria: mortos e feridos em ataque contra o Patriarcado siro-Ortodoxo em Damasco"}]},{"@type":"WebSite","@id":"https:\/\/news.ecclesia.org.br\/#website","url":"https:\/\/news.ecclesia.org.br\/","name":"Ecclesia Brasil","description":"Desde 2003 onectando o Brasil ao mundo ortodoxo!","publisher":{"@id":"https:\/\/news.ecclesia.org.br\/#organization"},"alternateName":"Ecclesia","potentialAction":[{"@type":"SearchAction","target":{"@type":"EntryPoint","urlTemplate":"https:\/\/news.ecclesia.org.br\/?s={search_term_string}"},"query-input":{"@type":"PropertyValueSpecification","valueRequired":true,"valueName":"search_term_string"}}],"inLanguage":"pt-BR"},{"@type":"Organization","@id":"https:\/\/news.ecclesia.org.br\/#organization","name":"Sacra Arquidiocese de Buenos Aires e Am\u00e9rica do Sul | Patriarcado Ecum\u00eanico","alternateName":"News Ecclesia Brasil","url":"https:\/\/news.ecclesia.org.br\/","logo":{"@type":"ImageObject","inLanguage":"pt-BR","@id":"https:\/\/news.ecclesia.org.br\/#\/schema\/logo\/image\/","url":"https:\/\/news.ecclesia.org.br\/wp-content\/uploads\/2025\/05\/ecclesia2.png","contentUrl":"https:\/\/news.ecclesia.org.br\/wp-content\/uploads\/2025\/05\/ecclesia2.png","width":480,"height":120,"caption":"Sacra Arquidiocese de Buenos Aires e Am\u00e9rica do Sul | Patriarcado Ecum\u00eanico"},"image":{"@id":"https:\/\/news.ecclesia.org.br\/#\/schema\/logo\/image\/"},"sameAs":["https:\/\/www.facebook.com\/Ecclesia2025","https:\/\/x.com\/EcclesiaNews","https:\/\/br.pinterest.com\/ekklisia\/","https:\/\/www.youtube.com\/@EcclesiaBrasil"]},{"@type":"Person","@id":"https:\/\/news.ecclesia.org.br\/#\/schema\/person\/6f09597f025829745ba414a569f63758","name":"Pe. Andr\u00e9","image":{"@type":"ImageObject","inLanguage":"pt-BR","@id":"https:\/\/secure.gravatar.com\/avatar\/b4327cfa27e9799da239a26adcd534fc29cdc0c4a4a148eecbcfeb9b42c617ac?s=96&d=mm&r=g","url":"https:\/\/secure.gravatar.com\/avatar\/b4327cfa27e9799da239a26adcd534fc29cdc0c4a4a148eecbcfeb9b42c617ac?s=96&d=mm&r=g","contentUrl":"https:\/\/secure.gravatar.com\/avatar\/b4327cfa27e9799da239a26adcd534fc29cdc0c4a4a148eecbcfeb9b42c617ac?s=96&d=mm&r=g","caption":"Pe. Andr\u00e9"},"sameAs":["https:\/\/www.ecclesia.org.br"]}]}},"_links":{"self":[{"href":"https:\/\/news.ecclesia.org.br\/index.php?rest_route=\/wp\/v2\/posts\/24847","targetHints":{"allow":["GET"]}}],"collection":[{"href":"https:\/\/news.ecclesia.org.br\/index.php?rest_route=\/wp\/v2\/posts"}],"about":[{"href":"https:\/\/news.ecclesia.org.br\/index.php?rest_route=\/wp\/v2\/types\/post"}],"author":[{"embeddable":true,"href":"https:\/\/news.ecclesia.org.br\/index.php?rest_route=\/wp\/v2\/users\/1"}],"replies":[{"embeddable":true,"href":"https:\/\/news.ecclesia.org.br\/index.php?rest_route=%2Fwp%2Fv2%2Fcomments&post=24847"}],"version-history":[{"count":0,"href":"https:\/\/news.ecclesia.org.br\/index.php?rest_route=\/wp\/v2\/posts\/24847\/revisions"}],"wp:featuredmedia":[{"embeddable":true,"href":"https:\/\/news.ecclesia.org.br\/index.php?rest_route=\/wp\/v2\/media\/24848"}],"wp:attachment":[{"href":"https:\/\/news.ecclesia.org.br\/index.php?rest_route=%2Fwp%2Fv2%2Fmedia&parent=24847"}],"wp:term":[{"taxonomy":"category","embeddable":true,"href":"https:\/\/news.ecclesia.org.br\/index.php?rest_route=%2Fwp%2Fv2%2Fcategories&post=24847"},{"taxonomy":"post_tag","embeddable":true,"href":"https:\/\/news.ecclesia.org.br\/index.php?rest_route=%2Fwp%2Fv2%2Ftags&post=24847"}],"curies":[{"name":"wp","href":"https:\/\/api.w.org\/{rel}","templated":true}]}}