{"id":24118,"date":"2018-01-12T15:31:42","date_gmt":"2018-01-12T15:31:42","guid":{"rendered":"https:\/\/news.ecclesia.org.br\/2013\/?p=24118"},"modified":"2018-01-12T15:33:11","modified_gmt":"2018-01-12T15:33:11","slug":"patriarca-ecumenico-participa-da-teofania-no-contexto-da-reinauguracao-da-igreja-bulgara-de-santo-estevao-em-constantinopla","status":"publish","type":"post","link":"https:\/\/news.ecclesia.org.br\/?p=24118","title":{"rendered":"Patriarca Ecum\u00eanico celebra a TEOFANIA no contexto da reinaugura\u00e7\u00e3o da Igreja B\u00falgara de Santo Est\u00eav\u00e3o em Constantinopla"},"content":{"rendered":"<figure id=\"attachment_24119\" aria-describedby=\"caption-attachment-24119\" style=\"width: 300px\" class=\"wp-caption alignleft\"><a href=\"https:\/\/news.ecclesia.org.br\/2013\/wp-content\/uploads\/2018\/01\/eglise_bulgare_constantinople1.jpg\"><img fetchpriority=\"high\" decoding=\"async\" class=\"size-medium wp-image-24119\" src=\"https:\/\/news.ecclesia.org.br\/2013\/wp-content\/uploads\/2018\/01\/eglise_bulgare_constantinople1-300x200.jpg\" alt=\"\" width=\"300\" height=\"200\" srcset=\"https:\/\/news.ecclesia.org.br\/wp-content\/uploads\/2018\/01\/eglise_bulgare_constantinople1-300x200.jpg 300w, https:\/\/news.ecclesia.org.br\/wp-content\/uploads\/2018\/01\/eglise_bulgare_constantinople1.jpg 600w, https:\/\/news.ecclesia.org.br\/wp-content\/uploads\/2018\/01\/eglise_bulgare_constantinople1-83x55.jpg 83w, https:\/\/news.ecclesia.org.br\/wp-content\/uploads\/2018\/01\/eglise_bulgare_constantinople1-60x40.jpg 60w, https:\/\/news.ecclesia.org.br\/wp-content\/uploads\/2018\/01\/eglise_bulgare_constantinople1-120x80.jpg 120w\" sizes=\"(max-width: 300px) 100vw, 300px\" \/><\/a><figcaption id=\"caption-attachment-24119\" class=\"wp-caption-text\">Igreja ortodoxa b\u00falgara de Santo Est\u00eav\u00e3o de Constantinopla<\/figcaption><\/figure>\n<p style=\"text-align: justify;\">Atendendo a convite do Conselho Paroquial da comunidade b\u00falgara de Constantinopla, S. S. Bartolomeu I, Patriarca Ecum\u00eanico, realizou em 7 de janeiro \u00faltimo, a Grande B\u00ean\u00e7\u00e3o das \u00c1guas na igreja ortodoxa b\u00falgara de Santo Est\u00eav\u00e3o. A \u00abigreja de ferro\u00ab, como ficou conhecida, est\u00e1 localizada no distrito do Phanar, e foi completamente restaurada com recursos dos governos turco e b\u00falgaro. O Patriarca Bartolomeu foi assistido pelo Patriarca Neofit da Bulg\u00e1ria. Estavam presentes \u00e0 cerim\u00f4nia os metropolitas Gabriel de Lovetch, Nahum de Rousse, Cipriano de Stara Zagora, membros do Santo S\u00ednodo da Igreja Ortodoxa B\u00falgara, Bo\u00efko Borissov, Primeiro-Ministro b\u00falgaro, bem como muitos outros oficiais de Sofia, al\u00e9m de fi\u00e9is da comunidade ortodoxa b\u00falgara de Constantinopla. A delega\u00e7\u00e3o do Patriarcado Ecum\u00eanico foi composta pelos metropolitas Stef\u00e2nio, de Kallioupolis e Madytos e Amphiloque de Adrianopolis. No final do Of\u00edcio da B\u00ean\u00e7\u00e3o das \u00c1guas, o Patriarca Bartolomeu falou sobre as rela\u00e7\u00f5es hist\u00f3ricas entre as Igrejas de Constantinopla e Bulg\u00e1ria, situadas no distrito de Phanar, que \u00e9 tamb\u00e9m a sede do Patriarcado Ecum\u00eanico, expressando sua gratid\u00e3o a todos os que contribu\u00edram na restaura\u00e7\u00e3o da igreja de Santo Est\u00eav\u00e3o. Por sua vez, o Patriarca Neofit da Bulg\u00e1ria agradeceu aos que trabalharam na restaura\u00e7\u00e3o e aos que contribu\u00edram com recursos aplicados na obra. Ainda durante a cerim\u00f4nia que se seguiu no p\u00e1tio da igreja, Recep Tayyip Erdo\u011fan, que havia chegado nesse \u00ednterim, dirigiu mensagem aos presentes, assim como o primeiro-ministro turco Binali Y\u0131ld\u0131r\u0131m, o primeiro-ministro Boyko Borisov e Basil Liaze, presidente do conselho paroquial. A Igreja de Santo Est\u00eav\u00e3o \u00e9 uma das poucas igrejas no mundo constru\u00eddas de ferro. O arquiteto foi Hovsep Aznavur. As pe\u00e7as de ferro foram produzidas pela empresa Wagner em Viena, entre 1893 e 1895. A igreja \u00e9 \u00fanica, tanto em termos de arquitetura como no papel que desempenhou na hist\u00f3ria nacional b\u00falgara. O templo foi erguido no tempo do exarca Joseph, que dirigiu os assuntos eclesi\u00e1sticos b\u00falgaros de 1877 a 1915. Muitos detalhes sobre a hist\u00f3ria e a constru\u00e7\u00e3o desta igreja pode-se encontrar <a href=\"https:\/\/lepetitjournal.com\/istanbul\/actualites\/istanbul-leglise-de-fer-rouvert-219600\">aqui<\/a>.<\/p>\n<hr \/>\n<p style=\"text-align: right;\">FONTE: <a href=\"https:\/\/orthodoxie.com\/linauguration-de-leglise-bulgare-saint-etienne-a-constantinople-qui-a-ete-entierement-renovee\/\" target=\"_blank\" rel=\"noopener\">Orthodoxie.com<\/a><\/p>\n","protected":false},"excerpt":{"rendered":"<p>Atendendo a convite do Conselho Paroquial da comunidade b\u00falgara de Constantinopla, S. S. Bartolomeu I, Patriarca Ecum\u00eanico, realizou em 7 de janeiro \u00faltimo, a Grande B\u00ean\u00e7\u00e3o das \u00c1guas na igreja ortodoxa b\u00falgara de Santo Est\u00eav\u00e3o. A \u00abigreja de ferro\u00ab, como&#8230;<\/p>\n","protected":false},"author":1,"featured_media":24120,"comment_status":"open","ping_status":"open","sticky":false,"template":"","format":"standard","meta":{"_acf_changed":false,"footnotes":""},"categories":[72],"tags":[],"class_list":["post-24118","post","type-post","status-publish","format-standard","has-post-thumbnail","hentry","category-patriarcado-ecumenico","entry","rows-excerpt"],"acf":[],"yoast_head":"<!-- This site is optimized with the Yoast SEO plugin v27.4 - https:\/\/yoast.com\/product\/yoast-seo-wordpress\/ -->\n<title>Patriarca Ecum\u00eanico celebra a TEOFANIA no contexto da reinaugura\u00e7\u00e3o da Igreja B\u00falgara de Santo Est\u00eav\u00e3o em Constantinopla | ECCLESIA NEWS<\/title>\n<meta name=\"robots\" content=\"index, follow, max-snippet:-1, max-image-preview:large, max-video-preview:-1\" \/>\n<link rel=\"canonical\" href=\"https:\/\/news.ecclesia.org.br\/?p=24118\" \/>\n<meta property=\"og:locale\" content=\"pt_BR\" \/>\n<meta property=\"og:type\" content=\"article\" \/>\n<meta property=\"og:title\" content=\"Patriarca Ecum\u00eanico celebra a TEOFANIA no contexto da reinaugura\u00e7\u00e3o da Igreja B\u00falgara de Santo Est\u00eav\u00e3o em Constantinopla | ECCLESIA NEWS\" \/>\n<meta property=\"og:description\" content=\"Atendendo a convite do Conselho Paroquial da comunidade b\u00falgara de Constantinopla, S. S. Bartolomeu I, Patriarca Ecum\u00eanico, realizou em 7 de janeiro \u00faltimo, a Grande B\u00ean\u00e7\u00e3o das \u00c1guas na igreja ortodoxa b\u00falgara de Santo Est\u00eav\u00e3o. A \u00abigreja de ferro\u00ab, como&#8230;\" \/>\n<meta property=\"og:url\" content=\"https:\/\/news.ecclesia.org.br\/?p=24118\" \/>\n<meta property=\"og:site_name\" content=\"ECCLESIA NEWS\" \/>\n<meta property=\"article:publisher\" content=\"https:\/\/www.facebook.com\/Ecclesia2025\" \/>\n<meta property=\"article:published_time\" content=\"2018-01-12T15:31:42+00:00\" \/>\n<meta property=\"article:modified_time\" content=\"2018-01-12T15:33:11+00:00\" \/>\n<meta property=\"og:image\" content=\"https:\/\/news.ecclesia.org.br\/wp-content\/uploads\/2018\/01\/eglise_bulgare_constantinople-1068x800.jpg\" \/>\n\t<meta property=\"og:image:width\" content=\"1068\" \/>\n\t<meta property=\"og:image:height\" content=\"800\" \/>\n\t<meta property=\"og:image:type\" content=\"image\/jpeg\" \/>\n<meta name=\"author\" content=\"Pe. Andr\u00e9\" \/>\n<meta name=\"twitter:card\" content=\"summary_large_image\" \/>\n<meta name=\"twitter:creator\" content=\"@EcclesiaNews\" \/>\n<meta name=\"twitter:site\" content=\"@EcclesiaNews\" \/>\n<meta name=\"twitter:label1\" content=\"Escrito por\" \/>\n\t<meta name=\"twitter:data1\" content=\"Pe. Andr\u00e9\" \/>\n\t<meta name=\"twitter:label2\" content=\"Est. tempo de leitura\" \/>\n\t<meta name=\"twitter:data2\" content=\"2 minutos\" \/>\n<script type=\"application\/ld+json\" class=\"yoast-schema-graph\">{\"@context\":\"https:\\\/\\\/schema.org\",\"@graph\":[{\"@type\":\"Article\",\"@id\":\"https:\\\/\\\/news.ecclesia.org.br\\\/?p=24118#article\",\"isPartOf\":{\"@id\":\"https:\\\/\\\/news.ecclesia.org.br\\\/?p=24118\"},\"author\":{\"name\":\"Pe. Andr\u00e9\",\"@id\":\"https:\\\/\\\/news.ecclesia.org.br\\\/#\\\/schema\\\/person\\\/6f09597f025829745ba414a569f63758\"},\"headline\":\"Patriarca Ecum\u00eanico celebra a TEOFANIA no contexto da reinaugura\u00e7\u00e3o da Igreja B\u00falgara de Santo Est\u00eav\u00e3o em Constantinopla\",\"datePublished\":\"2018-01-12T15:31:42+00:00\",\"dateModified\":\"2018-01-12T15:33:11+00:00\",\"mainEntityOfPage\":{\"@id\":\"https:\\\/\\\/news.ecclesia.org.br\\\/?p=24118\"},\"wordCount\":417,\"commentCount\":0,\"publisher\":{\"@id\":\"https:\\\/\\\/news.ecclesia.org.br\\\/#organization\"},\"image\":{\"@id\":\"https:\\\/\\\/news.ecclesia.org.br\\\/?p=24118#primaryimage\"},\"thumbnailUrl\":\"https:\\\/\\\/news.ecclesia.org.br\\\/wp-content\\\/uploads\\\/2018\\\/01\\\/eglise_bulgare_constantinople-1068x800.jpg\",\"articleSection\":[\"Patriarcado Ecum\u00eanico\"],\"inLanguage\":\"pt-BR\",\"potentialAction\":[{\"@type\":\"CommentAction\",\"name\":\"Comment\",\"target\":[\"https:\\\/\\\/news.ecclesia.org.br\\\/?p=24118#respond\"]}]},{\"@type\":\"WebPage\",\"@id\":\"https:\\\/\\\/news.ecclesia.org.br\\\/?p=24118\",\"url\":\"https:\\\/\\\/news.ecclesia.org.br\\\/?p=24118\",\"name\":\"Patriarca Ecum\u00eanico celebra a TEOFANIA no contexto da reinaugura\u00e7\u00e3o da Igreja B\u00falgara de Santo Est\u00eav\u00e3o em Constantinopla | ECCLESIA NEWS\",\"isPartOf\":{\"@id\":\"https:\\\/\\\/news.ecclesia.org.br\\\/#website\"},\"primaryImageOfPage\":{\"@id\":\"https:\\\/\\\/news.ecclesia.org.br\\\/?p=24118#primaryimage\"},\"image\":{\"@id\":\"https:\\\/\\\/news.ecclesia.org.br\\\/?p=24118#primaryimage\"},\"thumbnailUrl\":\"https:\\\/\\\/news.ecclesia.org.br\\\/wp-content\\\/uploads\\\/2018\\\/01\\\/eglise_bulgare_constantinople-1068x800.jpg\",\"datePublished\":\"2018-01-12T15:31:42+00:00\",\"dateModified\":\"2018-01-12T15:33:11+00:00\",\"breadcrumb\":{\"@id\":\"https:\\\/\\\/news.ecclesia.org.br\\\/?p=24118#breadcrumb\"},\"inLanguage\":\"pt-BR\",\"potentialAction\":[{\"@type\":\"ReadAction\",\"target\":[\"https:\\\/\\\/news.ecclesia.org.br\\\/?p=24118\"]}]},{\"@type\":\"ImageObject\",\"inLanguage\":\"pt-BR\",\"@id\":\"https:\\\/\\\/news.ecclesia.org.br\\\/?p=24118#primaryimage\",\"url\":\"https:\\\/\\\/news.ecclesia.org.br\\\/wp-content\\\/uploads\\\/2018\\\/01\\\/eglise_bulgare_constantinople-1068x800.jpg\",\"contentUrl\":\"https:\\\/\\\/news.ecclesia.org.br\\\/wp-content\\\/uploads\\\/2018\\\/01\\\/eglise_bulgare_constantinople-1068x800.jpg\",\"width\":1068,\"height\":800},{\"@type\":\"BreadcrumbList\",\"@id\":\"https:\\\/\\\/news.ecclesia.org.br\\\/?p=24118#breadcrumb\",\"itemListElement\":[{\"@type\":\"ListItem\",\"position\":1,\"name\":\"In\u00edcio\",\"item\":\"https:\\\/\\\/news.ecclesia.org.br\\\/\"},{\"@type\":\"ListItem\",\"position\":2,\"name\":\"Patriarca Ecum\u00eanico celebra a TEOFANIA no contexto da reinaugura\u00e7\u00e3o da Igreja B\u00falgara de Santo Est\u00eav\u00e3o em Constantinopla\"}]},{\"@type\":\"WebSite\",\"@id\":\"https:\\\/\\\/news.ecclesia.org.br\\\/#website\",\"url\":\"https:\\\/\\\/news.ecclesia.org.br\\\/\",\"name\":\"Ecclesia Brasil\",\"description\":\"Desde 2003 onectando o Brasil ao mundo ortodoxo!\",\"publisher\":{\"@id\":\"https:\\\/\\\/news.ecclesia.org.br\\\/#organization\"},\"alternateName\":\"Ecclesia\",\"potentialAction\":[{\"@type\":\"SearchAction\",\"target\":{\"@type\":\"EntryPoint\",\"urlTemplate\":\"https:\\\/\\\/news.ecclesia.org.br\\\/?s={search_term_string}\"},\"query-input\":{\"@type\":\"PropertyValueSpecification\",\"valueRequired\":true,\"valueName\":\"search_term_string\"}}],\"inLanguage\":\"pt-BR\"},{\"@type\":\"Organization\",\"@id\":\"https:\\\/\\\/news.ecclesia.org.br\\\/#organization\",\"name\":\"Sacra Arquidiocese de Buenos Aires e Am\u00e9rica do Sul | Patriarcado Ecum\u00eanico\",\"alternateName\":\"News Ecclesia Brasil\",\"url\":\"https:\\\/\\\/news.ecclesia.org.br\\\/\",\"logo\":{\"@type\":\"ImageObject\",\"inLanguage\":\"pt-BR\",\"@id\":\"https:\\\/\\\/news.ecclesia.org.br\\\/#\\\/schema\\\/logo\\\/image\\\/\",\"url\":\"https:\\\/\\\/news.ecclesia.org.br\\\/wp-content\\\/uploads\\\/2025\\\/05\\\/ecclesia2.png\",\"contentUrl\":\"https:\\\/\\\/news.ecclesia.org.br\\\/wp-content\\\/uploads\\\/2025\\\/05\\\/ecclesia2.png\",\"width\":480,\"height\":120,\"caption\":\"Sacra Arquidiocese de Buenos Aires e Am\u00e9rica do Sul | Patriarcado Ecum\u00eanico\"},\"image\":{\"@id\":\"https:\\\/\\\/news.ecclesia.org.br\\\/#\\\/schema\\\/logo\\\/image\\\/\"},\"sameAs\":[\"https:\\\/\\\/www.facebook.com\\\/Ecclesia2025\",\"https:\\\/\\\/x.com\\\/EcclesiaNews\",\"https:\\\/\\\/br.pinterest.com\\\/ekklisia\\\/\",\"https:\\\/\\\/www.youtube.com\\\/@EcclesiaBrasil\"]},{\"@type\":\"Person\",\"@id\":\"https:\\\/\\\/news.ecclesia.org.br\\\/#\\\/schema\\\/person\\\/6f09597f025829745ba414a569f63758\",\"name\":\"Pe. Andr\u00e9\",\"image\":{\"@type\":\"ImageObject\",\"inLanguage\":\"pt-BR\",\"@id\":\"https:\\\/\\\/secure.gravatar.com\\\/avatar\\\/b4327cfa27e9799da239a26adcd534fc29cdc0c4a4a148eecbcfeb9b42c617ac?s=96&d=mm&r=g\",\"url\":\"https:\\\/\\\/secure.gravatar.com\\\/avatar\\\/b4327cfa27e9799da239a26adcd534fc29cdc0c4a4a148eecbcfeb9b42c617ac?s=96&d=mm&r=g\",\"contentUrl\":\"https:\\\/\\\/secure.gravatar.com\\\/avatar\\\/b4327cfa27e9799da239a26adcd534fc29cdc0c4a4a148eecbcfeb9b42c617ac?s=96&d=mm&r=g\",\"caption\":\"Pe. Andr\u00e9\"},\"sameAs\":[\"https:\\\/\\\/www.ecclesia.org.br\"]}]}<\/script>\n<!-- \/ Yoast SEO plugin. -->","yoast_head_json":{"title":"Patriarca Ecum\u00eanico celebra a TEOFANIA no contexto da reinaugura\u00e7\u00e3o da Igreja B\u00falgara de Santo Est\u00eav\u00e3o em Constantinopla | ECCLESIA NEWS","robots":{"index":"index","follow":"follow","max-snippet":"max-snippet:-1","max-image-preview":"max-image-preview:large","max-video-preview":"max-video-preview:-1"},"canonical":"https:\/\/news.ecclesia.org.br\/?p=24118","og_locale":"pt_BR","og_type":"article","og_title":"Patriarca Ecum\u00eanico celebra a TEOFANIA no contexto da reinaugura\u00e7\u00e3o da Igreja B\u00falgara de Santo Est\u00eav\u00e3o em Constantinopla | ECCLESIA NEWS","og_description":"Atendendo a convite do Conselho Paroquial da comunidade b\u00falgara de Constantinopla, S. S. Bartolomeu I, Patriarca Ecum\u00eanico, realizou em 7 de janeiro \u00faltimo, a Grande B\u00ean\u00e7\u00e3o das \u00c1guas na igreja ortodoxa b\u00falgara de Santo Est\u00eav\u00e3o. A \u00abigreja de ferro\u00ab, como&#8230;","og_url":"https:\/\/news.ecclesia.org.br\/?p=24118","og_site_name":"ECCLESIA NEWS","article_publisher":"https:\/\/www.facebook.com\/Ecclesia2025","article_published_time":"2018-01-12T15:31:42+00:00","article_modified_time":"2018-01-12T15:33:11+00:00","og_image":[{"width":1068,"height":800,"url":"https:\/\/news.ecclesia.org.br\/wp-content\/uploads\/2018\/01\/eglise_bulgare_constantinople-1068x800.jpg","type":"image\/jpeg"}],"author":"Pe. Andr\u00e9","twitter_card":"summary_large_image","twitter_creator":"@EcclesiaNews","twitter_site":"@EcclesiaNews","twitter_misc":{"Escrito por":"Pe. Andr\u00e9","Est. tempo de leitura":"2 minutos"},"schema":{"@context":"https:\/\/schema.org","@graph":[{"@type":"Article","@id":"https:\/\/news.ecclesia.org.br\/?p=24118#article","isPartOf":{"@id":"https:\/\/news.ecclesia.org.br\/?p=24118"},"author":{"name":"Pe. Andr\u00e9","@id":"https:\/\/news.ecclesia.org.br\/#\/schema\/person\/6f09597f025829745ba414a569f63758"},"headline":"Patriarca Ecum\u00eanico celebra a TEOFANIA no contexto da reinaugura\u00e7\u00e3o da Igreja B\u00falgara de Santo Est\u00eav\u00e3o em Constantinopla","datePublished":"2018-01-12T15:31:42+00:00","dateModified":"2018-01-12T15:33:11+00:00","mainEntityOfPage":{"@id":"https:\/\/news.ecclesia.org.br\/?p=24118"},"wordCount":417,"commentCount":0,"publisher":{"@id":"https:\/\/news.ecclesia.org.br\/#organization"},"image":{"@id":"https:\/\/news.ecclesia.org.br\/?p=24118#primaryimage"},"thumbnailUrl":"https:\/\/news.ecclesia.org.br\/wp-content\/uploads\/2018\/01\/eglise_bulgare_constantinople-1068x800.jpg","articleSection":["Patriarcado Ecum\u00eanico"],"inLanguage":"pt-BR","potentialAction":[{"@type":"CommentAction","name":"Comment","target":["https:\/\/news.ecclesia.org.br\/?p=24118#respond"]}]},{"@type":"WebPage","@id":"https:\/\/news.ecclesia.org.br\/?p=24118","url":"https:\/\/news.ecclesia.org.br\/?p=24118","name":"Patriarca Ecum\u00eanico celebra a TEOFANIA no contexto da reinaugura\u00e7\u00e3o da Igreja B\u00falgara de Santo Est\u00eav\u00e3o em Constantinopla | ECCLESIA NEWS","isPartOf":{"@id":"https:\/\/news.ecclesia.org.br\/#website"},"primaryImageOfPage":{"@id":"https:\/\/news.ecclesia.org.br\/?p=24118#primaryimage"},"image":{"@id":"https:\/\/news.ecclesia.org.br\/?p=24118#primaryimage"},"thumbnailUrl":"https:\/\/news.ecclesia.org.br\/wp-content\/uploads\/2018\/01\/eglise_bulgare_constantinople-1068x800.jpg","datePublished":"2018-01-12T15:31:42+00:00","dateModified":"2018-01-12T15:33:11+00:00","breadcrumb":{"@id":"https:\/\/news.ecclesia.org.br\/?p=24118#breadcrumb"},"inLanguage":"pt-BR","potentialAction":[{"@type":"ReadAction","target":["https:\/\/news.ecclesia.org.br\/?p=24118"]}]},{"@type":"ImageObject","inLanguage":"pt-BR","@id":"https:\/\/news.ecclesia.org.br\/?p=24118#primaryimage","url":"https:\/\/news.ecclesia.org.br\/wp-content\/uploads\/2018\/01\/eglise_bulgare_constantinople-1068x800.jpg","contentUrl":"https:\/\/news.ecclesia.org.br\/wp-content\/uploads\/2018\/01\/eglise_bulgare_constantinople-1068x800.jpg","width":1068,"height":800},{"@type":"BreadcrumbList","@id":"https:\/\/news.ecclesia.org.br\/?p=24118#breadcrumb","itemListElement":[{"@type":"ListItem","position":1,"name":"In\u00edcio","item":"https:\/\/news.ecclesia.org.br\/"},{"@type":"ListItem","position":2,"name":"Patriarca Ecum\u00eanico celebra a TEOFANIA no contexto da reinaugura\u00e7\u00e3o da Igreja B\u00falgara de Santo Est\u00eav\u00e3o em Constantinopla"}]},{"@type":"WebSite","@id":"https:\/\/news.ecclesia.org.br\/#website","url":"https:\/\/news.ecclesia.org.br\/","name":"Ecclesia Brasil","description":"Desde 2003 onectando o Brasil ao mundo ortodoxo!","publisher":{"@id":"https:\/\/news.ecclesia.org.br\/#organization"},"alternateName":"Ecclesia","potentialAction":[{"@type":"SearchAction","target":{"@type":"EntryPoint","urlTemplate":"https:\/\/news.ecclesia.org.br\/?s={search_term_string}"},"query-input":{"@type":"PropertyValueSpecification","valueRequired":true,"valueName":"search_term_string"}}],"inLanguage":"pt-BR"},{"@type":"Organization","@id":"https:\/\/news.ecclesia.org.br\/#organization","name":"Sacra Arquidiocese de Buenos Aires e Am\u00e9rica do Sul | Patriarcado Ecum\u00eanico","alternateName":"News Ecclesia Brasil","url":"https:\/\/news.ecclesia.org.br\/","logo":{"@type":"ImageObject","inLanguage":"pt-BR","@id":"https:\/\/news.ecclesia.org.br\/#\/schema\/logo\/image\/","url":"https:\/\/news.ecclesia.org.br\/wp-content\/uploads\/2025\/05\/ecclesia2.png","contentUrl":"https:\/\/news.ecclesia.org.br\/wp-content\/uploads\/2025\/05\/ecclesia2.png","width":480,"height":120,"caption":"Sacra Arquidiocese de Buenos Aires e Am\u00e9rica do Sul | Patriarcado Ecum\u00eanico"},"image":{"@id":"https:\/\/news.ecclesia.org.br\/#\/schema\/logo\/image\/"},"sameAs":["https:\/\/www.facebook.com\/Ecclesia2025","https:\/\/x.com\/EcclesiaNews","https:\/\/br.pinterest.com\/ekklisia\/","https:\/\/www.youtube.com\/@EcclesiaBrasil"]},{"@type":"Person","@id":"https:\/\/news.ecclesia.org.br\/#\/schema\/person\/6f09597f025829745ba414a569f63758","name":"Pe. Andr\u00e9","image":{"@type":"ImageObject","inLanguage":"pt-BR","@id":"https:\/\/secure.gravatar.com\/avatar\/b4327cfa27e9799da239a26adcd534fc29cdc0c4a4a148eecbcfeb9b42c617ac?s=96&d=mm&r=g","url":"https:\/\/secure.gravatar.com\/avatar\/b4327cfa27e9799da239a26adcd534fc29cdc0c4a4a148eecbcfeb9b42c617ac?s=96&d=mm&r=g","contentUrl":"https:\/\/secure.gravatar.com\/avatar\/b4327cfa27e9799da239a26adcd534fc29cdc0c4a4a148eecbcfeb9b42c617ac?s=96&d=mm&r=g","caption":"Pe. Andr\u00e9"},"sameAs":["https:\/\/www.ecclesia.org.br"]}]}},"_links":{"self":[{"href":"https:\/\/news.ecclesia.org.br\/index.php?rest_route=\/wp\/v2\/posts\/24118","targetHints":{"allow":["GET"]}}],"collection":[{"href":"https:\/\/news.ecclesia.org.br\/index.php?rest_route=\/wp\/v2\/posts"}],"about":[{"href":"https:\/\/news.ecclesia.org.br\/index.php?rest_route=\/wp\/v2\/types\/post"}],"author":[{"embeddable":true,"href":"https:\/\/news.ecclesia.org.br\/index.php?rest_route=\/wp\/v2\/users\/1"}],"replies":[{"embeddable":true,"href":"https:\/\/news.ecclesia.org.br\/index.php?rest_route=%2Fwp%2Fv2%2Fcomments&post=24118"}],"version-history":[{"count":0,"href":"https:\/\/news.ecclesia.org.br\/index.php?rest_route=\/wp\/v2\/posts\/24118\/revisions"}],"wp:featuredmedia":[{"embeddable":true,"href":"https:\/\/news.ecclesia.org.br\/index.php?rest_route=\/wp\/v2\/media\/24120"}],"wp:attachment":[{"href":"https:\/\/news.ecclesia.org.br\/index.php?rest_route=%2Fwp%2Fv2%2Fmedia&parent=24118"}],"wp:term":[{"taxonomy":"category","embeddable":true,"href":"https:\/\/news.ecclesia.org.br\/index.php?rest_route=%2Fwp%2Fv2%2Fcategories&post=24118"},{"taxonomy":"post_tag","embeddable":true,"href":"https:\/\/news.ecclesia.org.br\/index.php?rest_route=%2Fwp%2Fv2%2Ftags&post=24118"}],"curies":[{"name":"wp","href":"https:\/\/api.w.org\/{rel}","templated":true}]}}