{"id":24069,"date":"2017-12-26T19:10:51","date_gmt":"2017-12-26T19:10:51","guid":{"rendered":"https:\/\/news.ecclesia.org.br\/2013\/?p=24069"},"modified":"2017-12-26T19:53:21","modified_gmt":"2017-12-26T19:53:21","slug":"lancamento-no-brasil-do-livro-a-fe-ortodoxa-de-padre-thomas-hopko","status":"publish","type":"post","link":"https:\/\/news.ecclesia.org.br\/?p=24069","title":{"rendered":"Lan\u00e7amento no Brasil do livro \u00abA F\u00e9 Ortodoxa\u00bb de Padre Thomas Hopko"},"content":{"rendered":"<p style=\"text-align: justify;\"><a href=\"https:\/\/news.ecclesia.org.br\/2013\/wp-content\/uploads\/2017\/12\/a-fe-ortodoxa.jpg\"><img fetchpriority=\"high\" decoding=\"async\" class=\"alignleft size-medium wp-image-24072\" src=\"https:\/\/news.ecclesia.org.br\/2013\/wp-content\/uploads\/2017\/12\/a-fe-ortodoxa-202x300.jpg\" alt=\"\" width=\"202\" height=\"300\" srcset=\"https:\/\/news.ecclesia.org.br\/wp-content\/uploads\/2017\/12\/a-fe-ortodoxa-202x300.jpg 202w, https:\/\/news.ecclesia.org.br\/wp-content\/uploads\/2017\/12\/a-fe-ortodoxa-37x55.jpg 37w, https:\/\/news.ecclesia.org.br\/wp-content\/uploads\/2017\/12\/a-fe-ortodoxa.jpg 464w\" sizes=\"(max-width: 202px) 100vw, 202px\" \/><\/a>Queremos ser instrumentos do bem! \u201c&#8230; zeloso na pr\u00e1tica do bem. Eis o que deves ensinar, pregar e defender com toda autoridade. E que ningu\u00e9m te menospreze\u201d (Tt 2:14b-15). Queremos evangelizar! Queremos que nosso povo conhe\u00e7a a F\u00e9 que nos levar\u00e1 a salva\u00e7\u00e3o! Queremos ser \u00fateis ao pr\u00f3ximo!<\/p>\n<p style=\"text-align: justify;\">Este livro (ISBN 9788540022133), editado pela Editora Kelps, cobre com bastante abrang\u00eancia, profundidade e muita clareza os caminhos da Ortodoxia, apresentando os principais conceitos que poder\u00e3o servir a qualquer pessoa que busca se aprofundar no conhecimento da f\u00e9 ortodoxa. Com certeza, ser\u00e1 um cl\u00e1ssico para a dissemina\u00e7\u00e3o do conhecimento da Igreja Ortodoxa para todo o Brasil e pa\u00edses de l\u00edngua portuguesa. Nele encontraremos justamente o <em>Kerygma<\/em> (an\u00fancio da salva\u00e7\u00e3o), elaborado para adentrarmos na ortodoxia; e com sua tradu\u00e7\u00e3o queremos homenagear o guardi\u00e3o de nossa f\u00e9 ortodoxa, nosso Arcebispo Dom Dasmaskinos Mansour, Metropolitano de S\u00e3o Paulo e todo Brasil, que cumpre 25 anos de Episcopado, 25 anos de pastoreio, dedica\u00e7\u00e3o e ren\u00fancia, assemelhando-se ao Bom Pastor, Nosso Senhor Jesus Cristo. \u00c9 assim que dizemos: \u201cOnde est\u00e1 o bispo, est\u00e1 a Igreja\u201d (Santo Ign\u00e1cio de Antioquia). O bispo \u00e9 aquele que cuida da unidade e da comunh\u00e3o de uma <em>Igreja Particular<\/em>, confiada aos seus cuidados, com Jesus Cristo. Muitos anos de vida Dom Damaskinos! Obrigado Padre Thomas Hopko por deixar-nos este legado: a f\u00e9 ortodoxa \u00e9 vida, venha conhec\u00ea-la! Pe. Rafael Javier Miguel Magul.<\/p>\n<h3 style=\"text-align: justify;\">Sobre o autor<\/h3>\n<figure id=\"attachment_24071\" aria-describedby=\"caption-attachment-24071\" style=\"width: 150px\" class=\"wp-caption alignleft\"><a href=\"https:\/\/news.ecclesia.org.br\/2013\/wp-content\/uploads\/2017\/12\/thomas-hopko.jpg\"><img decoding=\"async\" class=\"wp-image-24071 size-thumbnail\" src=\"https:\/\/news.ecclesia.org.br\/2013\/wp-content\/uploads\/2017\/12\/thomas-hopko-150x150.jpg\" alt=\"\" width=\"150\" height=\"150\" \/><\/a><figcaption id=\"caption-attachment-24071\" class=\"wp-caption-text\">Pe. Thomas Hopko<\/figcaption><\/figure>\n<p style=\"text-align: justify;\">Padre Thomas Hopko nasceu nos Estados Unidos em Endicott, Nova York, em 1939. Descendente de russos, seus antepassados est\u00e3o ligados \u00e0 aldeia russa de Naviczke, perto da cidade de Uzhorod. Fez estudos russos na Universidade Fordham em 1960, seguido de um mestrado em Teologia no Semin\u00e1rio Ortodoxo de S\u00e3o Vladimir, em 1963. Mais tarde, completou um mestrado na Universidade Duquesne em 1968 e um Ph.D. em teologia na Universidade Fordham em 1982. Foi ordenado sacerdote em 1963 e serviu em v\u00e1rias par\u00f3quias nos estados de Ohio e Nova York. Em 1968, come\u00e7ou a lecionar no semin\u00e1rio S\u00e3o Vladimir como professor de teologia dogm\u00e1tica. Foi nomeado Arcipreste em 1970. Padre Hopko descansou no Senhor em mar\u00e7o de 2015 na Pensilv\u00e2nia.<\/p>\n<h3 style=\"text-align: justify;\">O Arcebispo Dom Damaskinos Mansour&#8230;<\/h3>\n<figure id=\"attachment_24070\" aria-describedby=\"caption-attachment-24070\" style=\"width: 150px\" class=\"wp-caption alignleft\"><a href=\"https:\/\/news.ecclesia.org.br\/2013\/wp-content\/uploads\/2017\/12\/damaskinos-mansour.jpg\"><img decoding=\"async\" class=\"size-thumbnail wp-image-24070\" src=\"https:\/\/news.ecclesia.org.br\/2013\/wp-content\/uploads\/2017\/12\/damaskinos-mansour-150x150.jpg\" alt=\"\" width=\"150\" height=\"150\" \/><\/a><figcaption id=\"caption-attachment-24070\" class=\"wp-caption-text\">S. E. D. Damaskinos Mansour, Metropolita de S\u00e3o Paulo e Todo o Brasil, Igreja Ortodoxa Antioquina<\/figcaption><\/figure>\n<p style=\"text-align: justify;\">Metropolita de S\u00e3o Paulo e Todo o Brasil, nasceu em Damasco, S\u00edria, em 1949. Fez estudos de Licenciatura em Teologia pela Universidade de Balamand e em Literatura \u00c1rabe pela Universidade Libanesa de Beirute. Foi professor de Catequese nas escolas da Arquidiocese de Tr\u00edpoli e no Semin\u00e1rio Patriarcal no L\u00edbano, sendo ordenado di\u00e1cono por S.B., o Patriarca Elias IV, da Igreja Antioquina, em 08 de dezembro de 1974. \u00c9 Mestre em Teologia pela Universidade de Tessal\u00f4nica (Gr\u00e9cia), obtendo tamb\u00e9m Licenciatura em Liturgia e Arte Bizantina e m\u00fasica. Foi ordenado sacerdote em 1976 na Gr\u00e9cia, pelo Metropolita Panteleimon Rodopoulos, do Patriarcado ecum\u00eanico. Em 1992 foi eleito e consagrado bispo auxiliar para a Arquidiocese de S\u00e3o Paulo. Em 1997 sucedeu, como Arcebispo Metropolitano da Arquidiocese de S\u00e3o Paulo e todo o Brasil, o saudoso Metropolita Dom Ignatios Ferzli.<\/p>\n","protected":false},"excerpt":{"rendered":"<p>Queremos ser instrumentos do bem! \u201c&#8230; zeloso na pr\u00e1tica do bem. Eis o que deves ensinar, pregar e defender com toda autoridade. E que ningu\u00e9m te menospreze\u201d (Tt 2:14b-15). Queremos evangelizar! Queremos que nosso povo conhe\u00e7a a F\u00e9 que nos&#8230;<\/p>\n","protected":false},"author":1,"featured_media":24072,"comment_status":"open","ping_status":"open","sticky":false,"template":"","format":"standard","meta":{"_acf_changed":false,"footnotes":""},"categories":[1],"tags":[],"class_list":["post-24069","post","type-post","status-publish","format-standard","has-post-thumbnail","hentry","category-news","entry","rows-excerpt"],"acf":[],"yoast_head":"<!-- This site is optimized with the Yoast SEO plugin v27.4 - https:\/\/yoast.com\/product\/yoast-seo-wordpress\/ -->\n<title>Lan\u00e7amento no Brasil do livro \u00abA F\u00e9 Ortodoxa\u00bb de Padre Thomas Hopko | ECCLESIA NEWS<\/title>\n<meta name=\"robots\" content=\"index, follow, max-snippet:-1, max-image-preview:large, max-video-preview:-1\" \/>\n<link rel=\"canonical\" href=\"https:\/\/news.ecclesia.org.br\/?p=24069\" \/>\n<meta property=\"og:locale\" content=\"pt_BR\" \/>\n<meta property=\"og:type\" content=\"article\" \/>\n<meta property=\"og:title\" content=\"Lan\u00e7amento no Brasil do livro \u00abA F\u00e9 Ortodoxa\u00bb de Padre Thomas Hopko | ECCLESIA NEWS\" \/>\n<meta property=\"og:description\" content=\"Queremos ser instrumentos do bem! \u201c&#8230; zeloso na pr\u00e1tica do bem. Eis o que deves ensinar, pregar e defender com toda autoridade. E que ningu\u00e9m te menospreze\u201d (Tt 2:14b-15). Queremos evangelizar! Queremos que nosso povo conhe\u00e7a a F\u00e9 que nos&#8230;\" \/>\n<meta property=\"og:url\" content=\"https:\/\/news.ecclesia.org.br\/?p=24069\" \/>\n<meta property=\"og:site_name\" content=\"ECCLESIA NEWS\" \/>\n<meta property=\"article:publisher\" content=\"https:\/\/www.facebook.com\/Ecclesia2025\" \/>\n<meta property=\"article:published_time\" content=\"2017-12-26T19:10:51+00:00\" \/>\n<meta property=\"article:modified_time\" content=\"2017-12-26T19:53:21+00:00\" \/>\n<meta property=\"og:image\" content=\"https:\/\/news.ecclesia.org.br\/wp-content\/uploads\/2017\/12\/a-fe-ortodoxa.jpg\" \/>\n\t<meta property=\"og:image:width\" content=\"464\" \/>\n\t<meta property=\"og:image:height\" content=\"689\" \/>\n\t<meta property=\"og:image:type\" content=\"image\/jpeg\" \/>\n<meta name=\"author\" content=\"Pe. Andr\u00e9\" \/>\n<meta name=\"twitter:card\" content=\"summary_large_image\" \/>\n<meta name=\"twitter:creator\" content=\"@EcclesiaNews\" \/>\n<meta name=\"twitter:site\" content=\"@EcclesiaNews\" \/>\n<meta name=\"twitter:label1\" content=\"Escrito por\" \/>\n\t<meta name=\"twitter:data1\" content=\"Pe. Andr\u00e9\" \/>\n\t<meta name=\"twitter:label2\" content=\"Est. tempo de leitura\" \/>\n\t<meta name=\"twitter:data2\" content=\"3 minutos\" \/>\n<script type=\"application\/ld+json\" class=\"yoast-schema-graph\">{\"@context\":\"https:\\\/\\\/schema.org\",\"@graph\":[{\"@type\":\"Article\",\"@id\":\"https:\\\/\\\/news.ecclesia.org.br\\\/?p=24069#article\",\"isPartOf\":{\"@id\":\"https:\\\/\\\/news.ecclesia.org.br\\\/?p=24069\"},\"author\":{\"name\":\"Pe. Andr\u00e9\",\"@id\":\"https:\\\/\\\/news.ecclesia.org.br\\\/#\\\/schema\\\/person\\\/6f09597f025829745ba414a569f63758\"},\"headline\":\"Lan\u00e7amento no Brasil do livro \u00abA F\u00e9 Ortodoxa\u00bb de Padre Thomas Hopko\",\"datePublished\":\"2017-12-26T19:10:51+00:00\",\"dateModified\":\"2017-12-26T19:53:21+00:00\",\"mainEntityOfPage\":{\"@id\":\"https:\\\/\\\/news.ecclesia.org.br\\\/?p=24069\"},\"wordCount\":563,\"commentCount\":2,\"publisher\":{\"@id\":\"https:\\\/\\\/news.ecclesia.org.br\\\/#organization\"},\"image\":{\"@id\":\"https:\\\/\\\/news.ecclesia.org.br\\\/?p=24069#primaryimage\"},\"thumbnailUrl\":\"https:\\\/\\\/news.ecclesia.org.br\\\/wp-content\\\/uploads\\\/2017\\\/12\\\/a-fe-ortodoxa.jpg\",\"articleSection\":[\"NEWS\"],\"inLanguage\":\"pt-BR\",\"potentialAction\":[{\"@type\":\"CommentAction\",\"name\":\"Comment\",\"target\":[\"https:\\\/\\\/news.ecclesia.org.br\\\/?p=24069#respond\"]}]},{\"@type\":\"WebPage\",\"@id\":\"https:\\\/\\\/news.ecclesia.org.br\\\/?p=24069\",\"url\":\"https:\\\/\\\/news.ecclesia.org.br\\\/?p=24069\",\"name\":\"Lan\u00e7amento no Brasil do livro \u00abA F\u00e9 Ortodoxa\u00bb de Padre Thomas Hopko | ECCLESIA NEWS\",\"isPartOf\":{\"@id\":\"https:\\\/\\\/news.ecclesia.org.br\\\/#website\"},\"primaryImageOfPage\":{\"@id\":\"https:\\\/\\\/news.ecclesia.org.br\\\/?p=24069#primaryimage\"},\"image\":{\"@id\":\"https:\\\/\\\/news.ecclesia.org.br\\\/?p=24069#primaryimage\"},\"thumbnailUrl\":\"https:\\\/\\\/news.ecclesia.org.br\\\/wp-content\\\/uploads\\\/2017\\\/12\\\/a-fe-ortodoxa.jpg\",\"datePublished\":\"2017-12-26T19:10:51+00:00\",\"dateModified\":\"2017-12-26T19:53:21+00:00\",\"breadcrumb\":{\"@id\":\"https:\\\/\\\/news.ecclesia.org.br\\\/?p=24069#breadcrumb\"},\"inLanguage\":\"pt-BR\",\"potentialAction\":[{\"@type\":\"ReadAction\",\"target\":[\"https:\\\/\\\/news.ecclesia.org.br\\\/?p=24069\"]}]},{\"@type\":\"ImageObject\",\"inLanguage\":\"pt-BR\",\"@id\":\"https:\\\/\\\/news.ecclesia.org.br\\\/?p=24069#primaryimage\",\"url\":\"https:\\\/\\\/news.ecclesia.org.br\\\/wp-content\\\/uploads\\\/2017\\\/12\\\/a-fe-ortodoxa.jpg\",\"contentUrl\":\"https:\\\/\\\/news.ecclesia.org.br\\\/wp-content\\\/uploads\\\/2017\\\/12\\\/a-fe-ortodoxa.jpg\",\"width\":464,\"height\":689},{\"@type\":\"BreadcrumbList\",\"@id\":\"https:\\\/\\\/news.ecclesia.org.br\\\/?p=24069#breadcrumb\",\"itemListElement\":[{\"@type\":\"ListItem\",\"position\":1,\"name\":\"In\u00edcio\",\"item\":\"https:\\\/\\\/news.ecclesia.org.br\\\/\"},{\"@type\":\"ListItem\",\"position\":2,\"name\":\"Lan\u00e7amento no Brasil do livro \u00abA F\u00e9 Ortodoxa\u00bb de Padre Thomas Hopko\"}]},{\"@type\":\"WebSite\",\"@id\":\"https:\\\/\\\/news.ecclesia.org.br\\\/#website\",\"url\":\"https:\\\/\\\/news.ecclesia.org.br\\\/\",\"name\":\"Ecclesia Brasil\",\"description\":\"Desde 2003 onectando o Brasil ao mundo ortodoxo!\",\"publisher\":{\"@id\":\"https:\\\/\\\/news.ecclesia.org.br\\\/#organization\"},\"alternateName\":\"Ecclesia\",\"potentialAction\":[{\"@type\":\"SearchAction\",\"target\":{\"@type\":\"EntryPoint\",\"urlTemplate\":\"https:\\\/\\\/news.ecclesia.org.br\\\/?s={search_term_string}\"},\"query-input\":{\"@type\":\"PropertyValueSpecification\",\"valueRequired\":true,\"valueName\":\"search_term_string\"}}],\"inLanguage\":\"pt-BR\"},{\"@type\":\"Organization\",\"@id\":\"https:\\\/\\\/news.ecclesia.org.br\\\/#organization\",\"name\":\"Sacra Arquidiocese de Buenos Aires e Am\u00e9rica do Sul | Patriarcado Ecum\u00eanico\",\"alternateName\":\"News Ecclesia Brasil\",\"url\":\"https:\\\/\\\/news.ecclesia.org.br\\\/\",\"logo\":{\"@type\":\"ImageObject\",\"inLanguage\":\"pt-BR\",\"@id\":\"https:\\\/\\\/news.ecclesia.org.br\\\/#\\\/schema\\\/logo\\\/image\\\/\",\"url\":\"https:\\\/\\\/news.ecclesia.org.br\\\/wp-content\\\/uploads\\\/2025\\\/05\\\/ecclesia2.png\",\"contentUrl\":\"https:\\\/\\\/news.ecclesia.org.br\\\/wp-content\\\/uploads\\\/2025\\\/05\\\/ecclesia2.png\",\"width\":480,\"height\":120,\"caption\":\"Sacra Arquidiocese de Buenos Aires e Am\u00e9rica do Sul | Patriarcado Ecum\u00eanico\"},\"image\":{\"@id\":\"https:\\\/\\\/news.ecclesia.org.br\\\/#\\\/schema\\\/logo\\\/image\\\/\"},\"sameAs\":[\"https:\\\/\\\/www.facebook.com\\\/Ecclesia2025\",\"https:\\\/\\\/x.com\\\/EcclesiaNews\",\"https:\\\/\\\/br.pinterest.com\\\/ekklisia\\\/\",\"https:\\\/\\\/www.youtube.com\\\/@EcclesiaBrasil\"]},{\"@type\":\"Person\",\"@id\":\"https:\\\/\\\/news.ecclesia.org.br\\\/#\\\/schema\\\/person\\\/6f09597f025829745ba414a569f63758\",\"name\":\"Pe. Andr\u00e9\",\"image\":{\"@type\":\"ImageObject\",\"inLanguage\":\"pt-BR\",\"@id\":\"https:\\\/\\\/secure.gravatar.com\\\/avatar\\\/b4327cfa27e9799da239a26adcd534fc29cdc0c4a4a148eecbcfeb9b42c617ac?s=96&d=mm&r=g\",\"url\":\"https:\\\/\\\/secure.gravatar.com\\\/avatar\\\/b4327cfa27e9799da239a26adcd534fc29cdc0c4a4a148eecbcfeb9b42c617ac?s=96&d=mm&r=g\",\"contentUrl\":\"https:\\\/\\\/secure.gravatar.com\\\/avatar\\\/b4327cfa27e9799da239a26adcd534fc29cdc0c4a4a148eecbcfeb9b42c617ac?s=96&d=mm&r=g\",\"caption\":\"Pe. Andr\u00e9\"},\"sameAs\":[\"https:\\\/\\\/www.ecclesia.org.br\"]}]}<\/script>\n<!-- \/ Yoast SEO plugin. -->","yoast_head_json":{"title":"Lan\u00e7amento no Brasil do livro \u00abA F\u00e9 Ortodoxa\u00bb de Padre Thomas Hopko | ECCLESIA NEWS","robots":{"index":"index","follow":"follow","max-snippet":"max-snippet:-1","max-image-preview":"max-image-preview:large","max-video-preview":"max-video-preview:-1"},"canonical":"https:\/\/news.ecclesia.org.br\/?p=24069","og_locale":"pt_BR","og_type":"article","og_title":"Lan\u00e7amento no Brasil do livro \u00abA F\u00e9 Ortodoxa\u00bb de Padre Thomas Hopko | ECCLESIA NEWS","og_description":"Queremos ser instrumentos do bem! \u201c&#8230; zeloso na pr\u00e1tica do bem. Eis o que deves ensinar, pregar e defender com toda autoridade. E que ningu\u00e9m te menospreze\u201d (Tt 2:14b-15). Queremos evangelizar! Queremos que nosso povo conhe\u00e7a a F\u00e9 que nos&#8230;","og_url":"https:\/\/news.ecclesia.org.br\/?p=24069","og_site_name":"ECCLESIA NEWS","article_publisher":"https:\/\/www.facebook.com\/Ecclesia2025","article_published_time":"2017-12-26T19:10:51+00:00","article_modified_time":"2017-12-26T19:53:21+00:00","og_image":[{"width":464,"height":689,"url":"https:\/\/news.ecclesia.org.br\/wp-content\/uploads\/2017\/12\/a-fe-ortodoxa.jpg","type":"image\/jpeg"}],"author":"Pe. Andr\u00e9","twitter_card":"summary_large_image","twitter_creator":"@EcclesiaNews","twitter_site":"@EcclesiaNews","twitter_misc":{"Escrito por":"Pe. Andr\u00e9","Est. tempo de leitura":"3 minutos"},"schema":{"@context":"https:\/\/schema.org","@graph":[{"@type":"Article","@id":"https:\/\/news.ecclesia.org.br\/?p=24069#article","isPartOf":{"@id":"https:\/\/news.ecclesia.org.br\/?p=24069"},"author":{"name":"Pe. Andr\u00e9","@id":"https:\/\/news.ecclesia.org.br\/#\/schema\/person\/6f09597f025829745ba414a569f63758"},"headline":"Lan\u00e7amento no Brasil do livro \u00abA F\u00e9 Ortodoxa\u00bb de Padre Thomas Hopko","datePublished":"2017-12-26T19:10:51+00:00","dateModified":"2017-12-26T19:53:21+00:00","mainEntityOfPage":{"@id":"https:\/\/news.ecclesia.org.br\/?p=24069"},"wordCount":563,"commentCount":2,"publisher":{"@id":"https:\/\/news.ecclesia.org.br\/#organization"},"image":{"@id":"https:\/\/news.ecclesia.org.br\/?p=24069#primaryimage"},"thumbnailUrl":"https:\/\/news.ecclesia.org.br\/wp-content\/uploads\/2017\/12\/a-fe-ortodoxa.jpg","articleSection":["NEWS"],"inLanguage":"pt-BR","potentialAction":[{"@type":"CommentAction","name":"Comment","target":["https:\/\/news.ecclesia.org.br\/?p=24069#respond"]}]},{"@type":"WebPage","@id":"https:\/\/news.ecclesia.org.br\/?p=24069","url":"https:\/\/news.ecclesia.org.br\/?p=24069","name":"Lan\u00e7amento no Brasil do livro \u00abA F\u00e9 Ortodoxa\u00bb de Padre Thomas Hopko | ECCLESIA NEWS","isPartOf":{"@id":"https:\/\/news.ecclesia.org.br\/#website"},"primaryImageOfPage":{"@id":"https:\/\/news.ecclesia.org.br\/?p=24069#primaryimage"},"image":{"@id":"https:\/\/news.ecclesia.org.br\/?p=24069#primaryimage"},"thumbnailUrl":"https:\/\/news.ecclesia.org.br\/wp-content\/uploads\/2017\/12\/a-fe-ortodoxa.jpg","datePublished":"2017-12-26T19:10:51+00:00","dateModified":"2017-12-26T19:53:21+00:00","breadcrumb":{"@id":"https:\/\/news.ecclesia.org.br\/?p=24069#breadcrumb"},"inLanguage":"pt-BR","potentialAction":[{"@type":"ReadAction","target":["https:\/\/news.ecclesia.org.br\/?p=24069"]}]},{"@type":"ImageObject","inLanguage":"pt-BR","@id":"https:\/\/news.ecclesia.org.br\/?p=24069#primaryimage","url":"https:\/\/news.ecclesia.org.br\/wp-content\/uploads\/2017\/12\/a-fe-ortodoxa.jpg","contentUrl":"https:\/\/news.ecclesia.org.br\/wp-content\/uploads\/2017\/12\/a-fe-ortodoxa.jpg","width":464,"height":689},{"@type":"BreadcrumbList","@id":"https:\/\/news.ecclesia.org.br\/?p=24069#breadcrumb","itemListElement":[{"@type":"ListItem","position":1,"name":"In\u00edcio","item":"https:\/\/news.ecclesia.org.br\/"},{"@type":"ListItem","position":2,"name":"Lan\u00e7amento no Brasil do livro \u00abA F\u00e9 Ortodoxa\u00bb de Padre Thomas Hopko"}]},{"@type":"WebSite","@id":"https:\/\/news.ecclesia.org.br\/#website","url":"https:\/\/news.ecclesia.org.br\/","name":"Ecclesia Brasil","description":"Desde 2003 onectando o Brasil ao mundo ortodoxo!","publisher":{"@id":"https:\/\/news.ecclesia.org.br\/#organization"},"alternateName":"Ecclesia","potentialAction":[{"@type":"SearchAction","target":{"@type":"EntryPoint","urlTemplate":"https:\/\/news.ecclesia.org.br\/?s={search_term_string}"},"query-input":{"@type":"PropertyValueSpecification","valueRequired":true,"valueName":"search_term_string"}}],"inLanguage":"pt-BR"},{"@type":"Organization","@id":"https:\/\/news.ecclesia.org.br\/#organization","name":"Sacra Arquidiocese de Buenos Aires e Am\u00e9rica do Sul | Patriarcado Ecum\u00eanico","alternateName":"News Ecclesia Brasil","url":"https:\/\/news.ecclesia.org.br\/","logo":{"@type":"ImageObject","inLanguage":"pt-BR","@id":"https:\/\/news.ecclesia.org.br\/#\/schema\/logo\/image\/","url":"https:\/\/news.ecclesia.org.br\/wp-content\/uploads\/2025\/05\/ecclesia2.png","contentUrl":"https:\/\/news.ecclesia.org.br\/wp-content\/uploads\/2025\/05\/ecclesia2.png","width":480,"height":120,"caption":"Sacra Arquidiocese de Buenos Aires e Am\u00e9rica do Sul | Patriarcado Ecum\u00eanico"},"image":{"@id":"https:\/\/news.ecclesia.org.br\/#\/schema\/logo\/image\/"},"sameAs":["https:\/\/www.facebook.com\/Ecclesia2025","https:\/\/x.com\/EcclesiaNews","https:\/\/br.pinterest.com\/ekklisia\/","https:\/\/www.youtube.com\/@EcclesiaBrasil"]},{"@type":"Person","@id":"https:\/\/news.ecclesia.org.br\/#\/schema\/person\/6f09597f025829745ba414a569f63758","name":"Pe. Andr\u00e9","image":{"@type":"ImageObject","inLanguage":"pt-BR","@id":"https:\/\/secure.gravatar.com\/avatar\/b4327cfa27e9799da239a26adcd534fc29cdc0c4a4a148eecbcfeb9b42c617ac?s=96&d=mm&r=g","url":"https:\/\/secure.gravatar.com\/avatar\/b4327cfa27e9799da239a26adcd534fc29cdc0c4a4a148eecbcfeb9b42c617ac?s=96&d=mm&r=g","contentUrl":"https:\/\/secure.gravatar.com\/avatar\/b4327cfa27e9799da239a26adcd534fc29cdc0c4a4a148eecbcfeb9b42c617ac?s=96&d=mm&r=g","caption":"Pe. Andr\u00e9"},"sameAs":["https:\/\/www.ecclesia.org.br"]}]}},"_links":{"self":[{"href":"https:\/\/news.ecclesia.org.br\/index.php?rest_route=\/wp\/v2\/posts\/24069","targetHints":{"allow":["GET"]}}],"collection":[{"href":"https:\/\/news.ecclesia.org.br\/index.php?rest_route=\/wp\/v2\/posts"}],"about":[{"href":"https:\/\/news.ecclesia.org.br\/index.php?rest_route=\/wp\/v2\/types\/post"}],"author":[{"embeddable":true,"href":"https:\/\/news.ecclesia.org.br\/index.php?rest_route=\/wp\/v2\/users\/1"}],"replies":[{"embeddable":true,"href":"https:\/\/news.ecclesia.org.br\/index.php?rest_route=%2Fwp%2Fv2%2Fcomments&post=24069"}],"version-history":[{"count":0,"href":"https:\/\/news.ecclesia.org.br\/index.php?rest_route=\/wp\/v2\/posts\/24069\/revisions"}],"wp:featuredmedia":[{"embeddable":true,"href":"https:\/\/news.ecclesia.org.br\/index.php?rest_route=\/wp\/v2\/media\/24072"}],"wp:attachment":[{"href":"https:\/\/news.ecclesia.org.br\/index.php?rest_route=%2Fwp%2Fv2%2Fmedia&parent=24069"}],"wp:term":[{"taxonomy":"category","embeddable":true,"href":"https:\/\/news.ecclesia.org.br\/index.php?rest_route=%2Fwp%2Fv2%2Fcategories&post=24069"},{"taxonomy":"post_tag","embeddable":true,"href":"https:\/\/news.ecclesia.org.br\/index.php?rest_route=%2Fwp%2Fv2%2Ftags&post=24069"}],"curies":[{"name":"wp","href":"https:\/\/api.w.org\/{rel}","templated":true}]}}