{"id":24055,"date":"2017-12-22T23:50:14","date_gmt":"2017-12-22T23:50:14","guid":{"rendered":"https:\/\/news.ecclesia.org.br\/2013\/?p=24055"},"modified":"2020-09-22T11:42:10","modified_gmt":"2020-09-22T14:42:10","slug":"proclamacao-patriarcal-por-ocasiao-da-natividade-de-cristo-em-2017","status":"publish","type":"post","link":"https:\/\/news.ecclesia.org.br\/?p=24055","title":{"rendered":"PROCLAMA\u00c7\u00c3O PATRIARCAL POR OCASI\u00c3O DA NATIVIDADE DE CRISTO EM 2017"},"content":{"rendered":"<p>Protocolo n<sup>o<\/sup> 1123<\/p>\n<p style=\"text-align: center;\"><strong>\u2020<\/strong> BARTOLOMEU<br \/>\nPela Miseric\u00f3rdia de Deus,<br \/>\nArcebispo de Constantinopla-Nova Roma<br \/>\ne Patriarca Ecum\u00eanico.<\/p>\n<p style=\"padding-left: 30px;\">\u00c0 Plenitude da Igreja,<br \/>\na Gra\u00e7a, a Miseric\u00f3rdia a e a Paz do Salvador Jesus Cristo, nascido em Bel\u00e9m.<\/p>\n<figure id=\"attachment_9840\" aria-describedby=\"caption-attachment-9840\" style=\"width: 200px\" class=\"wp-caption alignleft\"><a href=\"https:\/\/news.ecclesia.org.br\/2013\/wp-content\/uploads\/2012\/12\/bartolomeu-de-constantinopla.jpg\"><img fetchpriority=\"high\" decoding=\"async\" class=\"size-medium wp-image-9840\" src=\"https:\/\/news.ecclesia.org.br\/2013\/wp-content\/uploads\/2012\/12\/bartolomeu-de-constantinopla-200x300.jpg\" alt=\"\" width=\"200\" height=\"300\" srcset=\"https:\/\/news.ecclesia.org.br\/wp-content\/uploads\/2012\/12\/bartolomeu-de-constantinopla-200x300.jpg 200w, https:\/\/news.ecclesia.org.br\/wp-content\/uploads\/2012\/12\/bartolomeu-de-constantinopla-37x55.jpg 37w, https:\/\/news.ecclesia.org.br\/wp-content\/uploads\/2012\/12\/bartolomeu-de-constantinopla.jpg 266w\" sizes=\"(max-width: 200px) 100vw, 200px\" \/><\/a><figcaption id=\"caption-attachment-9840\" class=\"wp-caption-text\">Bartolomeu I, Patriarca Ecum\u00eanico<\/figcaption><\/figure>\n<p style=\"text-align: justify; padding-left: 30px;\">Queridos Irm\u00e3os e Irm\u00e3s, Filhos amados no Senhor,<\/p>\n<p style=\"text-align: justify; padding-left: 30px;\">Pela gra\u00e7a de Deus, uma vez mais somos considerados dignos de alcan\u00e7ar a grande festa do nascimento do Verbo divino na carne, que veio ao mundo para nos conceder \u201cbem-estar\u201d<a href=\"#_edn1\" name=\"_ednref1\">[i]<\/a>,\u00a0\u00a0remiss\u00e3o do pecado, (liberta\u00e7\u00e3o da condi\u00e7\u00e3o) de cativo das obras da lei e da morte, a fim de nos conceder a vida verdadeira e a grande alegria, que \u201cningu\u00e9m nos pode tirar\u201d<a href=\"#_edn2\" name=\"_ednref2\">[ii]<\/a>.<\/p>\n<p style=\"text-align: justify; padding-left: 30px;\">Damos boas-vindas ao \u201cDeus Todo-perfeito\u201d<a href=\"#_edn3\" name=\"_ednref3\">[iii]<\/a>,\u00a0que \u00abtrouxe o amor ao mundo\u00bb<a href=\"#_edn4\" name=\"_ednref4\">[iv]<\/a>,\u00a0\u00a0que se torna \u201cmais pr\u00f3ximo a n\u00f3s do que n\u00f3s a n\u00f3s mesmos\u201d.<a href=\"#_edn5\" name=\"_ednref5\">[v]<\/a> Atrav\u00e9s da\u00a0kenosis, o Verbo divino condescende com os seres criados em um \u201ccondescend\u00eancia inexplic\u00e1vel e incompreens\u00edvel<a href=\"#_edn6\" name=\"_ednref6\">[vi]<\/a>.\u201d\u00a0Ele, \u201ca quem nada pode conter\u201d, est\u00e1 contido no ventre da Virgem; o Maior existe no menor. Este grande cap\u00edtulo de nossa f\u00e9, de como o Deus transcendente \u201cse tornou humano para a humanidade\u201d,<a href=\"#_edn7\" name=\"_ednref7\">[vii]<\/a> enquanto permanece um mist\u00e9rio \u201cinexprim\u00edvel\u201d. \u201cO grande mist\u00e9rio da Encarna\u00e7\u00e3o divina permanece sendo um mist\u00e9rio\u201d<a href=\"#_edn8\" name=\"_ednref8\">[viii]<\/a>.<\/p>\n<p style=\"text-align: justify; padding-left: 30px;\">Este estranho e paradoxal evento \u201coculto por s\u00e9culos e gera\u00e7\u00f5es<a href=\"#_edn9\" name=\"_ednref9\">[ix]<\/a>,\u201d\u00a0\u00e9\u00a0 o fundamento do dom da deifica\u00e7\u00e3o humana. \u201cN\u00e3o h\u00e1 salva\u00e7\u00e3o em nenhum outro; pois n\u00e3o h\u00e1 outro nome humano abaixo do c\u00e9u pelo qual devamos ser salvos\u201d<a href=\"#_edn10\" name=\"_ednref10\">[x]<\/a>.<\/p>\n<p style=\"text-align: justify; padding-left: 30px;\">Esta \u00e9 a verdade suprema sobre a salva\u00e7\u00e3o: que pertencemos a Cristo; que,\u00a0em Cristo, tudo est\u00e1 unido; que a nossa natureza corrupt\u00edvel \u00e9 reconfigurada em Cristo, a imagem \u00e9 restaurada e o caminho para a semelhan\u00e7a \u00e9 aberto para todas as pessoas. Ao assumir a natureza humana, o Verbo divino estabelece a unidade da humanidade atrav\u00e9s de uma predestina\u00e7\u00e3o e salva\u00e7\u00e3o divina comum. E n\u00e3o \u00e9 s\u00f3 a humanidade que \u00e9 salva, mas toda a cria\u00e7\u00e3o. Assim como a queda de Ad\u00e3o e Eva impactou toda a cria\u00e7\u00e3o, tamb\u00e9m a Encarna\u00e7\u00e3o do Filho e Verbo de Deus afeta toda a cria\u00e7\u00e3o. \u201cA cria\u00e7\u00e3o se reconhece como livre quando aqueles que uma vez estiveram nas trevas se convertem em filhos da luz\u201d<a href=\"#_edn11\" name=\"_ednref11\">[xi]<\/a>.\u00a0Bas\u00edlio, o Grande, nos convida a celebrar a santa Natividade de Cristo como a \u201cfesta comum de toda a cria\u00e7\u00e3o\u201d, como \u201ca salva\u00e7\u00e3o do mundo\u201d, o dia do nascimento da humanidade\u201d.<a href=\"#_edn12\" name=\"_ednref12\">[xii]<\/a><\/p>\n<p style=\"text-align: justify; padding-left: 30px;\">Mais uma vez, infelizmente, a express\u00e3o \u201cCristo nasce!\u201d se faz escutar em um mundo cheio de viol\u00eancia, conflitos perigosos, desigualdade social e desprezo aos direitos humanos fundamentais. 2018 marca os setenta anos da <em>Declara\u00e7\u00e3o Universal dos Direitos Humanos,<\/em> que, depois da terr\u00edvel experi\u00eancia e destrui\u00e7\u00e3o da II Guerra Mundial, manifestou os ideais comuns e nobres que todos os povos e pa\u00edses devem respeitar incondicionalmente. No entanto, o desconhecimento desta <em>Declara\u00e7\u00e3o<\/em> segue, enquanto abusos e interpreta\u00e7\u00f5es erradas intencionais de direitos humanos minam o seu respeito e realiza\u00e7\u00e3o. Continuamos ou n\u00e3o,\u00a0 quer para\u00a0 aprender com a hist\u00f3ria, ou para n\u00e3o querer aprender. Nem a experi\u00eancia tr\u00e1gica da viol\u00eancia e a redu\u00e7\u00e3o da pessoa humana, nem a proclama\u00e7\u00e3o de ideais nobres t\u00eam impedido a continua\u00e7\u00e3o da agress\u00e3o e da guerra, a exalta\u00e7\u00e3o do poder e a explora\u00e7\u00e3o de uns pelos outros. Nem mesmo o dom\u00ednio da tecnologia, as realiza\u00e7\u00f5es extraordin\u00e1rias da ci\u00eancia e o progresso econ\u00f4mico trouxeram a justi\u00e7a social e a paz que tanto desejamos. Ao contr\u00e1rio, em nosso tempo, a indulg\u00eancia dos ricos aumentou, e a globaliza\u00e7\u00e3o est\u00e1 destruindo as condi\u00e7\u00f5es de coes\u00e3o social e harmonia.<\/p>\n<p style=\"text-align: justify; padding-left: 30px;\">A Igreja n\u00e3o pode ignorar estas amea\u00e7as contra a pessoa humana. \u201cN\u00e3o h\u00e1 nada t\u00e3o sagrado quanto um ser humano, cuja natureza o pr\u00f3prio Deus compartilhou\u201d<a href=\"#_edn13\" name=\"_ednref13\">[xiii]<\/a>. Lutamos pela dignidade humana, pela prote\u00e7\u00e3o da liberdade humana e a justi\u00e7a, tendo plena consci\u00eancia de que \u201ca verdadeira paz vem de Deus\u201d<a href=\"#_edn14\" name=\"_ednref14\">[xiv]<\/a>, que o mist\u00e9rio transcendente da Encarna\u00e7\u00e3o do Verbo divino e o dom da deifica\u00e7\u00e3o humana revelam a verdade sobre liberdade e o destino divino da humanidade.<\/p>\n<p style=\"text-align: justify; padding-left: 30px;\">Na Igreja, experimentamos a liberdade por meio de Cristo, em Cristo e com Cristo. E o \u00e1pice mesmo desta liberdade \u00e9 o lugar do amor, que \u201cn\u00e3o busca os seus\u201d<a href=\"#_edn15\" name=\"_ednref15\">[xv]<\/a>, mas que \u201cderiva de um cora\u00e7\u00e3o puro\u201d<a href=\"#_edn16\" name=\"_ednref16\">[xvi]<\/a>. Quem depende de si mesmo, busca a sua pr\u00f3pria vontade e \u00e9 auto-suficiente &#8211; quem persegue a deifica\u00e7\u00e3o por si mesmo, felicita-se a si mesmo, gira somente em torno de si mesmo, de sua auto-estima individual e auto-satisfa\u00e7\u00e3o, tal pessoa s\u00f3 v\u00ea os outros como supress\u00e3o da sua pr\u00f3pria liberdade individual. Enquanto que a liberdade em Cristo est\u00e1 sempre orientada para o pr\u00f3ximo, sempre dirigida ao outro, sempre diz a verdade com amor. O objetivo do crente n\u00e3o \u00e9 afirmar e fazer valer os seus direitos, mas \u201cseguir e cumprir os direitos de Cristo\u201d<a href=\"#_edn17\" name=\"_ednref17\">[xvii]<\/a>\u00a0num esp\u00edrito de humildade e gratid\u00e3o.<\/p>\n<p style=\"text-align: justify; padding-left: 30px;\">Esta verdade sobre a vida em Cristo, sobre a liberdade como amor e o amor como liberdade, \u00e9 a pedra angular e a garantia para o futuro da humanidade. Quando constru\u00edmos inspirados por este esp\u00edrito, somos capazes de enfrentar os grandes desafios do nosso mundo, que amea\u00e7am n\u00e3o s\u00f3 o nosso bem-estar, mas a nossa pr\u00f3pria sobreviv\u00eancia.<\/p>\n<p style=\"text-align: justify; padding-left: 30px;\">A verdade sobre o \u201cDeus-homem\u201d \u00e9 a resposta para o \u201chomem-deus\u201d contempor\u00e2neo e a prova de nosso destino eterno proclamado pelo <em>Santo e Grande Conc\u00edlio da Igreja Ortodoxa<\/em> (Creta, 2016): \u201cA Igreja Ortodoxa define contra o \u2018homem-deus\u2019 do mundo contempor\u00e2neo o \u2018Deus-homem\u2019, como a \u00faltima medida de todas as coisas\u201d. \u201cN\u00f3s n\u00e3o falamos de um homem que foi endeusado, mas de um Deus que se tornou homem\u201d. A Igreja revela a verdade salvadora do Deus-homem e seu corpo, a Igreja, como lugar e modo de vida em liberdade, \u201cfalando a verdade no amor\u201d, e como a participa\u00e7\u00e3o, mesmo agora na terra, na vida de Cristo ressuscitado\u201d.<\/p>\n<p style=\"text-align: justify; padding-left: 30px;\">A Encarna\u00e7\u00e3o do Verbo divino \u00e9 a afirma\u00e7\u00e3o e a convic\u00e7\u00e3o de que Cristo guia pessoalmente a Hist\u00f3ria como uma viagem para o reino celestial. Evidentemente, a viagem da Igreja rumo ao reino, que n\u00e3o se realiza remotamente ou independentemente da realidade hist\u00f3rica, &#8211; ou suas contradi\u00e7\u00f5es e aventuras &#8211; nunca foi sem dificuldades. No entanto, \u00e9 em meio a essas dificuldades que a Igreja d\u00e1 testemunho da verdade e realiza a sua a miss\u00e3o santificadora, pastoral e transformadora. \u201cA verdade \u00e9 a coluna e o fundamento da Igreja &#8230; A coluna do universo \u00e9 a Igreja &#8230; e este \u00e9 um grande mist\u00e9rio, um mist\u00e9rio da piedade\u201d<a href=\"#_edn18\" name=\"_ednref18\">[xviii]<\/a>.<\/p>\n<h4 style=\"text-align: justify; padding-left: 30px;\">Irm\u00e3os e irm\u00e3s, filhos no Senhor,<\/h4>\n<p style=\"text-align: justify; padding-left: 30px;\">Celebremos\u00a0juntos, &#8211; com a gra\u00e7a do Verbo divino, que habita em n\u00f3s, assim como, com deleite e alegria plena &#8211; , as festas dos Doze Dias de Natividade. Do Fanar rezamos para que nosso Senhor e Salvador, &#8211; que condescendeu em se encarnar por todas as pessoas &#8211; possa neste vindouro ano conceder a todos a sa\u00fade f\u00edsica e espiritual, juntamente com paz e amor m\u00fatuo. Que Ele proteja a sua santa Igreja e aben\u00e7oe as obras de seu minist\u00e9rio para a gl\u00f3ria de seu Santo e bendito Nome.<\/p>\n<p style=\"padding-left: 30px;\">Natividade de 2017<\/p>\n<p style=\"padding-left: 30px;\"><strong>\u2020<\/strong> BARTOLOMEU de Constantinopla,<br \/>\nFervoroso suplicante diante de Deus por todos v\u00f3s.<\/p>\n<h3>Notas:<\/h3>\n<p><a href=\"#_ednref1\" name=\"_edn1\">[i]<\/a> Gregory o Te\u00f3logo, Oration XXXVIII, em Theophany, ou seja, a natividade do Salvador, iii, PG 36, 313.<\/p>\n<p><a href=\"#_ednref2\" name=\"_edn2\">[ii]<\/a> Jo\u00e3o 10:18.<\/p>\n<p><a href=\"#_ednref3\" name=\"_edn3\">[iii]<\/a> Doxastikon do Aposticha da Grande V\u00e9speras de Natal.<\/p>\n<p><a href=\"#_ednref4\" name=\"_edn4\">[iv]<\/a> Nicholas Cabasilas, A Vida em Cristo, vi, PG 150, 657.<\/p>\n<p><a href=\"#_ednref5\" name=\"_edn5\">[v]<\/a> Ibid. VI PG 150, 660.<\/p>\n<p><a href=\"#_ednref6\" name=\"_edn6\">[vi]<\/a> Jo\u00e3o de Damasco, Uma Exposi\u00e7\u00e3o Exata da F\u00e9 Ortodoxa, iii, 1, PG 94, 984.<\/p>\n<p><a href=\"#_ednref7\" name=\"_edn7\">[vii]<\/a> M\u00e1ximo Confessor, V\u00e1rios cap\u00edtulos sobre Teologia e econ\u00f3mica relativa virtude e v\u00edcio, primeiro s\u00e9culo, 12, PG 90, 1184.<\/p>\n<p><a href=\"#_ednref8\" name=\"_edn8\">[viii]<\/a> Ibid.<\/p>\n<p><a href=\"#_ednref9\" name=\"_edn9\">[ix]<\/a> Col. 1:26.<\/p>\n<p><a href=\"#_ednref10\" name=\"_edn10\">[x]<\/a> At 4:12.<\/p>\n<p><a href=\"#_ednref11\" name=\"_edn11\">[xi]<\/a> Iambic Katavasia na Festa de Theophany, ode VIII .<\/p>\n<p><a href=\"#_ednref12\" name=\"_edn12\">[xii]<\/a> Bas\u00edlio Magno, Homilia na Natividade de Cristo, PG 31, 1472-1473.<\/p>\n<p><a href=\"#_ednref13\" name=\"_edn13\">[xiii]<\/a> Nicholas Cabasilas, A Vida em Cristo, vi, PG 150, 649.<\/p>\n<p><a href=\"#_ednref14\" name=\"_edn14\">[xiv]<\/a> John Cris\u00f3stomo, em Co 1, Homilia I, 1, PG 61, 14.<\/p>\n<p><a href=\"#_ednref15\" name=\"_edn15\">[xv]<\/a> 1 Co. 13: 5.<\/p>\n<p><a href=\"#_ednref16\" name=\"_edn16\">[xvi]<\/a> um Tm. 1: 5.<\/p>\n<p><a href=\"#_ednref17\" name=\"_edn17\">[xvii]<\/a> Theotokion, Aposticha do Ainoi, 12 de Outubro.<\/p>\n<p><a href=\"#_ednref18\" name=\"_edn18\">[xviii]<\/a> John Cris\u00f3stomo, Em Timothy I, XI Homilia, PG 62, 554.<\/p>\n<hr \/>\n<p style=\"text-align: right;\"><strong>FONTE<\/strong>: da vers\u00e3o em ingl\u00eas do <em>Newsletter of the Ecumenical Patriarcha<wbr \/>te\u2019s<\/em><br \/>\ne em espanhol publicada por\u00a0\u00a0<a href=\"http:\/\/sacrametropolisortodoxa.blogspot.com.br\/2016\/12\/reunion-del-comite-preparatorio.html\">Sacra Metr\u00f3pole de Espanha e Portugal<\/a><br \/>\nTradu\u00e7\u00e3o para o portugu\u00eas por Pe. Andr\u00e9 Sperandio<\/p>\n","protected":false},"excerpt":{"rendered":"<p>Protocolo no 1123 \u2020 BARTOLOMEU Pela Miseric\u00f3rdia de Deus, Arcebispo de Constantinopla-Nova Roma e Patriarca Ecum\u00eanico. \u00c0 Plenitude da Igreja, a Gra\u00e7a, a Miseric\u00f3rdia a e a Paz do Salvador Jesus Cristo, nascido em Bel\u00e9m. Queridos Irm\u00e3os e Irm\u00e3s, Filhos&#8230;<\/p>\n","protected":false},"author":1,"featured_media":9840,"comment_status":"open","ping_status":"open","sticky":false,"template":"","format":"standard","meta":{"_acf_changed":false,"footnotes":""},"categories":[72],"tags":[],"class_list":["post-24055","post","type-post","status-publish","format-standard","has-post-thumbnail","hentry","category-patriarcado-ecumenico","entry","rows-excerpt"],"acf":[],"yoast_head":"<!-- This site is optimized with the Yoast SEO plugin v27.4 - https:\/\/yoast.com\/product\/yoast-seo-wordpress\/ -->\n<title>PROCLAMA\u00c7\u00c3O PATRIARCAL POR OCASI\u00c3O DA NATIVIDADE DE CRISTO EM 2017 | ECCLESIA NEWS<\/title>\n<meta name=\"robots\" content=\"index, follow, max-snippet:-1, max-image-preview:large, max-video-preview:-1\" \/>\n<link rel=\"canonical\" href=\"https:\/\/news.ecclesia.org.br\/?p=24055\" \/>\n<meta property=\"og:locale\" content=\"pt_BR\" \/>\n<meta property=\"og:type\" content=\"article\" \/>\n<meta property=\"og:title\" content=\"PROCLAMA\u00c7\u00c3O PATRIARCAL POR OCASI\u00c3O DA NATIVIDADE DE CRISTO EM 2017 | ECCLESIA NEWS\" \/>\n<meta property=\"og:description\" content=\"Protocolo no 1123 \u2020 BARTOLOMEU Pela Miseric\u00f3rdia de Deus, Arcebispo de Constantinopla-Nova Roma e Patriarca Ecum\u00eanico. \u00c0 Plenitude da Igreja, a Gra\u00e7a, a Miseric\u00f3rdia a e a Paz do Salvador Jesus Cristo, nascido em Bel\u00e9m. Queridos Irm\u00e3os e Irm\u00e3s, Filhos&#8230;\" \/>\n<meta property=\"og:url\" content=\"https:\/\/news.ecclesia.org.br\/?p=24055\" \/>\n<meta property=\"og:site_name\" content=\"ECCLESIA NEWS\" \/>\n<meta property=\"article:publisher\" content=\"https:\/\/www.facebook.com\/Ecclesia2025\" \/>\n<meta property=\"article:published_time\" content=\"2017-12-22T23:50:14+00:00\" \/>\n<meta property=\"article:modified_time\" content=\"2020-09-22T14:42:10+00:00\" \/>\n<meta property=\"og:image\" content=\"https:\/\/news.ecclesia.org.br\/wp-content\/uploads\/2012\/12\/bartolomeu-de-constantinopla.jpg\" \/>\n\t<meta property=\"og:image:width\" content=\"266\" \/>\n\t<meta property=\"og:image:height\" content=\"400\" \/>\n\t<meta property=\"og:image:type\" content=\"image\/jpeg\" \/>\n<meta name=\"author\" content=\"Pe. Andr\u00e9\" \/>\n<meta name=\"twitter:card\" content=\"summary_large_image\" \/>\n<meta name=\"twitter:creator\" content=\"@EcclesiaNews\" \/>\n<meta name=\"twitter:site\" content=\"@EcclesiaNews\" \/>\n<meta name=\"twitter:label1\" content=\"Escrito por\" \/>\n\t<meta name=\"twitter:data1\" content=\"Pe. Andr\u00e9\" \/>\n\t<meta name=\"twitter:label2\" content=\"Est. tempo de leitura\" \/>\n\t<meta name=\"twitter:data2\" content=\"7 minutos\" \/>\n<script type=\"application\/ld+json\" class=\"yoast-schema-graph\">{\"@context\":\"https:\\\/\\\/schema.org\",\"@graph\":[{\"@type\":\"Article\",\"@id\":\"https:\\\/\\\/news.ecclesia.org.br\\\/?p=24055#article\",\"isPartOf\":{\"@id\":\"https:\\\/\\\/news.ecclesia.org.br\\\/?p=24055\"},\"author\":{\"name\":\"Pe. Andr\u00e9\",\"@id\":\"https:\\\/\\\/news.ecclesia.org.br\\\/#\\\/schema\\\/person\\\/6f09597f025829745ba414a569f63758\"},\"headline\":\"PROCLAMA\u00c7\u00c3O PATRIARCAL POR OCASI\u00c3O DA NATIVIDADE DE CRISTO EM 2017\",\"datePublished\":\"2017-12-22T23:50:14+00:00\",\"dateModified\":\"2020-09-22T14:42:10+00:00\",\"mainEntityOfPage\":{\"@id\":\"https:\\\/\\\/news.ecclesia.org.br\\\/?p=24055\"},\"wordCount\":1501,\"commentCount\":0,\"publisher\":{\"@id\":\"https:\\\/\\\/news.ecclesia.org.br\\\/#organization\"},\"image\":{\"@id\":\"https:\\\/\\\/news.ecclesia.org.br\\\/?p=24055#primaryimage\"},\"thumbnailUrl\":\"https:\\\/\\\/news.ecclesia.org.br\\\/wp-content\\\/uploads\\\/2012\\\/12\\\/bartolomeu-de-constantinopla.jpg\",\"articleSection\":[\"Patriarcado Ecum\u00eanico\"],\"inLanguage\":\"pt-BR\",\"potentialAction\":[{\"@type\":\"CommentAction\",\"name\":\"Comment\",\"target\":[\"https:\\\/\\\/news.ecclesia.org.br\\\/?p=24055#respond\"]}]},{\"@type\":\"WebPage\",\"@id\":\"https:\\\/\\\/news.ecclesia.org.br\\\/?p=24055\",\"url\":\"https:\\\/\\\/news.ecclesia.org.br\\\/?p=24055\",\"name\":\"PROCLAMA\u00c7\u00c3O PATRIARCAL POR OCASI\u00c3O DA NATIVIDADE DE CRISTO EM 2017 | ECCLESIA NEWS\",\"isPartOf\":{\"@id\":\"https:\\\/\\\/news.ecclesia.org.br\\\/#website\"},\"primaryImageOfPage\":{\"@id\":\"https:\\\/\\\/news.ecclesia.org.br\\\/?p=24055#primaryimage\"},\"image\":{\"@id\":\"https:\\\/\\\/news.ecclesia.org.br\\\/?p=24055#primaryimage\"},\"thumbnailUrl\":\"https:\\\/\\\/news.ecclesia.org.br\\\/wp-content\\\/uploads\\\/2012\\\/12\\\/bartolomeu-de-constantinopla.jpg\",\"datePublished\":\"2017-12-22T23:50:14+00:00\",\"dateModified\":\"2020-09-22T14:42:10+00:00\",\"breadcrumb\":{\"@id\":\"https:\\\/\\\/news.ecclesia.org.br\\\/?p=24055#breadcrumb\"},\"inLanguage\":\"pt-BR\",\"potentialAction\":[{\"@type\":\"ReadAction\",\"target\":[\"https:\\\/\\\/news.ecclesia.org.br\\\/?p=24055\"]}]},{\"@type\":\"ImageObject\",\"inLanguage\":\"pt-BR\",\"@id\":\"https:\\\/\\\/news.ecclesia.org.br\\\/?p=24055#primaryimage\",\"url\":\"https:\\\/\\\/news.ecclesia.org.br\\\/wp-content\\\/uploads\\\/2012\\\/12\\\/bartolomeu-de-constantinopla.jpg\",\"contentUrl\":\"https:\\\/\\\/news.ecclesia.org.br\\\/wp-content\\\/uploads\\\/2012\\\/12\\\/bartolomeu-de-constantinopla.jpg\",\"width\":266,\"height\":400,\"caption\":\"Bartolomeu I, Patriarca Ecum\u00eanico\"},{\"@type\":\"BreadcrumbList\",\"@id\":\"https:\\\/\\\/news.ecclesia.org.br\\\/?p=24055#breadcrumb\",\"itemListElement\":[{\"@type\":\"ListItem\",\"position\":1,\"name\":\"In\u00edcio\",\"item\":\"https:\\\/\\\/news.ecclesia.org.br\\\/\"},{\"@type\":\"ListItem\",\"position\":2,\"name\":\"PROCLAMA\u00c7\u00c3O PATRIARCAL POR OCASI\u00c3O DA NATIVIDADE DE CRISTO EM 2017\"}]},{\"@type\":\"WebSite\",\"@id\":\"https:\\\/\\\/news.ecclesia.org.br\\\/#website\",\"url\":\"https:\\\/\\\/news.ecclesia.org.br\\\/\",\"name\":\"Ecclesia Brasil\",\"description\":\"Desde 2003 onectando o Brasil ao mundo ortodoxo!\",\"publisher\":{\"@id\":\"https:\\\/\\\/news.ecclesia.org.br\\\/#organization\"},\"alternateName\":\"Ecclesia\",\"potentialAction\":[{\"@type\":\"SearchAction\",\"target\":{\"@type\":\"EntryPoint\",\"urlTemplate\":\"https:\\\/\\\/news.ecclesia.org.br\\\/?s={search_term_string}\"},\"query-input\":{\"@type\":\"PropertyValueSpecification\",\"valueRequired\":true,\"valueName\":\"search_term_string\"}}],\"inLanguage\":\"pt-BR\"},{\"@type\":\"Organization\",\"@id\":\"https:\\\/\\\/news.ecclesia.org.br\\\/#organization\",\"name\":\"Sacra Arquidiocese de Buenos Aires e Am\u00e9rica do Sul | Patriarcado Ecum\u00eanico\",\"alternateName\":\"News Ecclesia Brasil\",\"url\":\"https:\\\/\\\/news.ecclesia.org.br\\\/\",\"logo\":{\"@type\":\"ImageObject\",\"inLanguage\":\"pt-BR\",\"@id\":\"https:\\\/\\\/news.ecclesia.org.br\\\/#\\\/schema\\\/logo\\\/image\\\/\",\"url\":\"https:\\\/\\\/news.ecclesia.org.br\\\/wp-content\\\/uploads\\\/2025\\\/05\\\/ecclesia2.png\",\"contentUrl\":\"https:\\\/\\\/news.ecclesia.org.br\\\/wp-content\\\/uploads\\\/2025\\\/05\\\/ecclesia2.png\",\"width\":480,\"height\":120,\"caption\":\"Sacra Arquidiocese de Buenos Aires e Am\u00e9rica do Sul | Patriarcado Ecum\u00eanico\"},\"image\":{\"@id\":\"https:\\\/\\\/news.ecclesia.org.br\\\/#\\\/schema\\\/logo\\\/image\\\/\"},\"sameAs\":[\"https:\\\/\\\/www.facebook.com\\\/Ecclesia2025\",\"https:\\\/\\\/x.com\\\/EcclesiaNews\",\"https:\\\/\\\/br.pinterest.com\\\/ekklisia\\\/\",\"https:\\\/\\\/www.youtube.com\\\/@EcclesiaBrasil\"]},{\"@type\":\"Person\",\"@id\":\"https:\\\/\\\/news.ecclesia.org.br\\\/#\\\/schema\\\/person\\\/6f09597f025829745ba414a569f63758\",\"name\":\"Pe. Andr\u00e9\",\"image\":{\"@type\":\"ImageObject\",\"inLanguage\":\"pt-BR\",\"@id\":\"https:\\\/\\\/secure.gravatar.com\\\/avatar\\\/b4327cfa27e9799da239a26adcd534fc29cdc0c4a4a148eecbcfeb9b42c617ac?s=96&d=mm&r=g\",\"url\":\"https:\\\/\\\/secure.gravatar.com\\\/avatar\\\/b4327cfa27e9799da239a26adcd534fc29cdc0c4a4a148eecbcfeb9b42c617ac?s=96&d=mm&r=g\",\"contentUrl\":\"https:\\\/\\\/secure.gravatar.com\\\/avatar\\\/b4327cfa27e9799da239a26adcd534fc29cdc0c4a4a148eecbcfeb9b42c617ac?s=96&d=mm&r=g\",\"caption\":\"Pe. Andr\u00e9\"},\"sameAs\":[\"https:\\\/\\\/www.ecclesia.org.br\"]}]}<\/script>\n<!-- \/ Yoast SEO plugin. -->","yoast_head_json":{"title":"PROCLAMA\u00c7\u00c3O PATRIARCAL POR OCASI\u00c3O DA NATIVIDADE DE CRISTO EM 2017 | ECCLESIA NEWS","robots":{"index":"index","follow":"follow","max-snippet":"max-snippet:-1","max-image-preview":"max-image-preview:large","max-video-preview":"max-video-preview:-1"},"canonical":"https:\/\/news.ecclesia.org.br\/?p=24055","og_locale":"pt_BR","og_type":"article","og_title":"PROCLAMA\u00c7\u00c3O PATRIARCAL POR OCASI\u00c3O DA NATIVIDADE DE CRISTO EM 2017 | ECCLESIA NEWS","og_description":"Protocolo no 1123 \u2020 BARTOLOMEU Pela Miseric\u00f3rdia de Deus, Arcebispo de Constantinopla-Nova Roma e Patriarca Ecum\u00eanico. \u00c0 Plenitude da Igreja, a Gra\u00e7a, a Miseric\u00f3rdia a e a Paz do Salvador Jesus Cristo, nascido em Bel\u00e9m. Queridos Irm\u00e3os e Irm\u00e3s, Filhos&#8230;","og_url":"https:\/\/news.ecclesia.org.br\/?p=24055","og_site_name":"ECCLESIA NEWS","article_publisher":"https:\/\/www.facebook.com\/Ecclesia2025","article_published_time":"2017-12-22T23:50:14+00:00","article_modified_time":"2020-09-22T14:42:10+00:00","og_image":[{"width":266,"height":400,"url":"https:\/\/news.ecclesia.org.br\/wp-content\/uploads\/2012\/12\/bartolomeu-de-constantinopla.jpg","type":"image\/jpeg"}],"author":"Pe. Andr\u00e9","twitter_card":"summary_large_image","twitter_creator":"@EcclesiaNews","twitter_site":"@EcclesiaNews","twitter_misc":{"Escrito por":"Pe. Andr\u00e9","Est. tempo de leitura":"7 minutos"},"schema":{"@context":"https:\/\/schema.org","@graph":[{"@type":"Article","@id":"https:\/\/news.ecclesia.org.br\/?p=24055#article","isPartOf":{"@id":"https:\/\/news.ecclesia.org.br\/?p=24055"},"author":{"name":"Pe. Andr\u00e9","@id":"https:\/\/news.ecclesia.org.br\/#\/schema\/person\/6f09597f025829745ba414a569f63758"},"headline":"PROCLAMA\u00c7\u00c3O PATRIARCAL POR OCASI\u00c3O DA NATIVIDADE DE CRISTO EM 2017","datePublished":"2017-12-22T23:50:14+00:00","dateModified":"2020-09-22T14:42:10+00:00","mainEntityOfPage":{"@id":"https:\/\/news.ecclesia.org.br\/?p=24055"},"wordCount":1501,"commentCount":0,"publisher":{"@id":"https:\/\/news.ecclesia.org.br\/#organization"},"image":{"@id":"https:\/\/news.ecclesia.org.br\/?p=24055#primaryimage"},"thumbnailUrl":"https:\/\/news.ecclesia.org.br\/wp-content\/uploads\/2012\/12\/bartolomeu-de-constantinopla.jpg","articleSection":["Patriarcado Ecum\u00eanico"],"inLanguage":"pt-BR","potentialAction":[{"@type":"CommentAction","name":"Comment","target":["https:\/\/news.ecclesia.org.br\/?p=24055#respond"]}]},{"@type":"WebPage","@id":"https:\/\/news.ecclesia.org.br\/?p=24055","url":"https:\/\/news.ecclesia.org.br\/?p=24055","name":"PROCLAMA\u00c7\u00c3O PATRIARCAL POR OCASI\u00c3O DA NATIVIDADE DE CRISTO EM 2017 | ECCLESIA NEWS","isPartOf":{"@id":"https:\/\/news.ecclesia.org.br\/#website"},"primaryImageOfPage":{"@id":"https:\/\/news.ecclesia.org.br\/?p=24055#primaryimage"},"image":{"@id":"https:\/\/news.ecclesia.org.br\/?p=24055#primaryimage"},"thumbnailUrl":"https:\/\/news.ecclesia.org.br\/wp-content\/uploads\/2012\/12\/bartolomeu-de-constantinopla.jpg","datePublished":"2017-12-22T23:50:14+00:00","dateModified":"2020-09-22T14:42:10+00:00","breadcrumb":{"@id":"https:\/\/news.ecclesia.org.br\/?p=24055#breadcrumb"},"inLanguage":"pt-BR","potentialAction":[{"@type":"ReadAction","target":["https:\/\/news.ecclesia.org.br\/?p=24055"]}]},{"@type":"ImageObject","inLanguage":"pt-BR","@id":"https:\/\/news.ecclesia.org.br\/?p=24055#primaryimage","url":"https:\/\/news.ecclesia.org.br\/wp-content\/uploads\/2012\/12\/bartolomeu-de-constantinopla.jpg","contentUrl":"https:\/\/news.ecclesia.org.br\/wp-content\/uploads\/2012\/12\/bartolomeu-de-constantinopla.jpg","width":266,"height":400,"caption":"Bartolomeu I, Patriarca Ecum\u00eanico"},{"@type":"BreadcrumbList","@id":"https:\/\/news.ecclesia.org.br\/?p=24055#breadcrumb","itemListElement":[{"@type":"ListItem","position":1,"name":"In\u00edcio","item":"https:\/\/news.ecclesia.org.br\/"},{"@type":"ListItem","position":2,"name":"PROCLAMA\u00c7\u00c3O PATRIARCAL POR OCASI\u00c3O DA NATIVIDADE DE CRISTO EM 2017"}]},{"@type":"WebSite","@id":"https:\/\/news.ecclesia.org.br\/#website","url":"https:\/\/news.ecclesia.org.br\/","name":"Ecclesia Brasil","description":"Desde 2003 onectando o Brasil ao mundo ortodoxo!","publisher":{"@id":"https:\/\/news.ecclesia.org.br\/#organization"},"alternateName":"Ecclesia","potentialAction":[{"@type":"SearchAction","target":{"@type":"EntryPoint","urlTemplate":"https:\/\/news.ecclesia.org.br\/?s={search_term_string}"},"query-input":{"@type":"PropertyValueSpecification","valueRequired":true,"valueName":"search_term_string"}}],"inLanguage":"pt-BR"},{"@type":"Organization","@id":"https:\/\/news.ecclesia.org.br\/#organization","name":"Sacra Arquidiocese de Buenos Aires e Am\u00e9rica do Sul | Patriarcado Ecum\u00eanico","alternateName":"News Ecclesia Brasil","url":"https:\/\/news.ecclesia.org.br\/","logo":{"@type":"ImageObject","inLanguage":"pt-BR","@id":"https:\/\/news.ecclesia.org.br\/#\/schema\/logo\/image\/","url":"https:\/\/news.ecclesia.org.br\/wp-content\/uploads\/2025\/05\/ecclesia2.png","contentUrl":"https:\/\/news.ecclesia.org.br\/wp-content\/uploads\/2025\/05\/ecclesia2.png","width":480,"height":120,"caption":"Sacra Arquidiocese de Buenos Aires e Am\u00e9rica do Sul | Patriarcado Ecum\u00eanico"},"image":{"@id":"https:\/\/news.ecclesia.org.br\/#\/schema\/logo\/image\/"},"sameAs":["https:\/\/www.facebook.com\/Ecclesia2025","https:\/\/x.com\/EcclesiaNews","https:\/\/br.pinterest.com\/ekklisia\/","https:\/\/www.youtube.com\/@EcclesiaBrasil"]},{"@type":"Person","@id":"https:\/\/news.ecclesia.org.br\/#\/schema\/person\/6f09597f025829745ba414a569f63758","name":"Pe. Andr\u00e9","image":{"@type":"ImageObject","inLanguage":"pt-BR","@id":"https:\/\/secure.gravatar.com\/avatar\/b4327cfa27e9799da239a26adcd534fc29cdc0c4a4a148eecbcfeb9b42c617ac?s=96&d=mm&r=g","url":"https:\/\/secure.gravatar.com\/avatar\/b4327cfa27e9799da239a26adcd534fc29cdc0c4a4a148eecbcfeb9b42c617ac?s=96&d=mm&r=g","contentUrl":"https:\/\/secure.gravatar.com\/avatar\/b4327cfa27e9799da239a26adcd534fc29cdc0c4a4a148eecbcfeb9b42c617ac?s=96&d=mm&r=g","caption":"Pe. Andr\u00e9"},"sameAs":["https:\/\/www.ecclesia.org.br"]}]}},"_links":{"self":[{"href":"https:\/\/news.ecclesia.org.br\/index.php?rest_route=\/wp\/v2\/posts\/24055","targetHints":{"allow":["GET"]}}],"collection":[{"href":"https:\/\/news.ecclesia.org.br\/index.php?rest_route=\/wp\/v2\/posts"}],"about":[{"href":"https:\/\/news.ecclesia.org.br\/index.php?rest_route=\/wp\/v2\/types\/post"}],"author":[{"embeddable":true,"href":"https:\/\/news.ecclesia.org.br\/index.php?rest_route=\/wp\/v2\/users\/1"}],"replies":[{"embeddable":true,"href":"https:\/\/news.ecclesia.org.br\/index.php?rest_route=%2Fwp%2Fv2%2Fcomments&post=24055"}],"version-history":[{"count":2,"href":"https:\/\/news.ecclesia.org.br\/index.php?rest_route=\/wp\/v2\/posts\/24055\/revisions"}],"predecessor-version":[{"id":34003,"href":"https:\/\/news.ecclesia.org.br\/index.php?rest_route=\/wp\/v2\/posts\/24055\/revisions\/34003"}],"wp:featuredmedia":[{"embeddable":true,"href":"https:\/\/news.ecclesia.org.br\/index.php?rest_route=\/wp\/v2\/media\/9840"}],"wp:attachment":[{"href":"https:\/\/news.ecclesia.org.br\/index.php?rest_route=%2Fwp%2Fv2%2Fmedia&parent=24055"}],"wp:term":[{"taxonomy":"category","embeddable":true,"href":"https:\/\/news.ecclesia.org.br\/index.php?rest_route=%2Fwp%2Fv2%2Fcategories&post=24055"},{"taxonomy":"post_tag","embeddable":true,"href":"https:\/\/news.ecclesia.org.br\/index.php?rest_route=%2Fwp%2Fv2%2Ftags&post=24055"}],"curies":[{"name":"wp","href":"https:\/\/api.w.org\/{rel}","templated":true}]}}