{"id":24052,"date":"2017-12-22T19:08:28","date_gmt":"2017-12-22T19:08:28","guid":{"rendered":"https:\/\/news.ecclesia.org.br\/2013\/?p=24052"},"modified":"2021-07-22T19:52:46","modified_gmt":"2021-07-22T22:52:46","slug":"patriarca-ecumenico-diz-ao-papa-que-a-paz-continua-por-cumprir","status":"publish","type":"post","link":"https:\/\/news.ecclesia.org.br\/?p=24052","title":{"rendered":"Patriarca Ecum\u00eanico diz ao Papa que \u00aba paz continua por cumprir\u00bb"},"content":{"rendered":"<figure id=\"attachment_23663\" aria-describedby=\"caption-attachment-23663\" style=\"width: 640px\" class=\"wp-caption aligncenter\"><a href=\"https:\/\/news.ecclesia.org.br\/2013\/wp-content\/uploads\/2017\/07\/patriarca-bartolomeu.jpg\"><img fetchpriority=\"high\" decoding=\"async\" class=\"wp-image-23663\" src=\"https:\/\/news.ecclesia.org.br\/2013\/wp-content\/uploads\/2017\/07\/patriarca-bartolomeu.jpg\" alt=\"\" width=\"640\" height=\"425\" srcset=\"https:\/\/news.ecclesia.org.br\/wp-content\/uploads\/2017\/07\/patriarca-bartolomeu.jpg 900w, https:\/\/news.ecclesia.org.br\/wp-content\/uploads\/2017\/07\/patriarca-bartolomeu-300x199.jpg 300w, https:\/\/news.ecclesia.org.br\/wp-content\/uploads\/2017\/07\/patriarca-bartolomeu-768x509.jpg 768w, https:\/\/news.ecclesia.org.br\/wp-content\/uploads\/2017\/07\/patriarca-bartolomeu-600x398.jpg 600w, https:\/\/news.ecclesia.org.br\/wp-content\/uploads\/2017\/07\/patriarca-bartolomeu-83x55.jpg 83w, https:\/\/news.ecclesia.org.br\/wp-content\/uploads\/2017\/07\/patriarca-bartolomeu-60x40.jpg 60w, https:\/\/news.ecclesia.org.br\/wp-content\/uploads\/2017\/07\/patriarca-bartolomeu-120x80.jpg 120w\" sizes=\"(max-width: 640px) 100vw, 640px\" \/><\/a><figcaption id=\"caption-attachment-23663\" class=\"wp-caption-text\">S. Santidade Bartolomeu I, Patriarca Ecum\u00eanico.<\/figcaption><\/figure>\n<p><strong>O principal l\u00edder da Igreja Ortodoxa recorda que em 2018 cumprem-se 70 anos da Declara\u00e7\u00e3o Universal dos Direitos Humanos.<\/strong><\/p>\n<p style=\"text-align: justify;\">21 dez, 2017 &#8211; 18:17 \u2022 <a href=\"http:\/\/www.agencia.ecclesia.pt\" target=\"_blank\" rel=\"noopener noreferrer\">ECCLESIA<\/a> &#8212; O Papa recebeu esta quinta-feira uma mensagem de Natal do Patriarca Ecum\u00eanico Bartolomeu I, que destaca os 70 anos da Declara\u00e7\u00e3o Universal dos Direitos Humanos, que v\u00e3o ser assinalados em 2018. No texto, publicado pelo servi\u00e7o informativo da Santa S\u00e9 (de Roma), Bartolomeu salienta uma data que assinala a vontade da humanidade, depois da Segunda Guerra Mundial, de iniciar uma era nova e duradoura de paz e fraternidade. No entanto, 70 anos passados, esses ideais continuam por cumprir, num mundo que prossegue marcado pela mesma \u201cexperi\u00eancia tr\u00e1gica da viol\u00eancia e degrada\u00e7\u00e3o da pessoa humana\u201d que caracterizou os meados do s\u00e9culo XX. \u201cContinuamos a n\u00e3o aprender com a Hist\u00f3ria ou a n\u00e3o querer aprender. E mais uma vez, as palavras \u2018Jesus nasceu\u2019 ressoam num mundo cheio de viol\u00eancia, de conflitos perigosos, de desigualdades sociais e de desprezo pelos direitos humanos fundamentais\u201d, frisa Bartolomeu I.<\/p>\n<p style=\"text-align: justify;\">O l\u00edder ortodoxo mostra tamb\u00e9m a sua preocupa\u00e7\u00e3o por um contexto social que continua a admitir a \u201cexalta\u00e7\u00e3o do poder\u201d e da \u201cexplora\u00e7\u00e3o\u201d sobre as pessoas, a disparidade entre ricos e pobres\u201d. Nem \u201co dom\u00ednio da tecnologia, as conquistas extraordin\u00e1rias da ci\u00eancia e o progresso econ\u00f4mico\u201d geraram a deseja justi\u00e7a social e paz, \u201cpelo contr\u00e1rio\u201d, este fosso social \u201caumentou\u201d e \u201cest\u00e1 a destruir as condi\u00e7\u00f5es de coes\u00e3o social e a harmonia\u201d. \u201cA Igreja n\u00e3o pode ignorar estas amea\u00e7as. N\u00e3o h\u00e1 nada de mais sagrado do que o ser humano, ao qual o pr\u00f3prio Deus partilha a natureza. Lutamos pela dignidade humana, pela prote\u00e7\u00e3o da liberdade e da justi\u00e7a humana, sabendo que a paz verdadeira vem de Deus\u201d, afirma.<\/p>\n<p style=\"text-align: justify;\">Na mesma linha, Bartolomeu I refere-se \u00e0 \u201cexplos\u00e3o do fundamentalismo e os terr\u00edveis atos de viol\u00eancia que est\u00e3o a ser cometidos em nome da religi\u00e3o\u201d e que \u201cfornecem argumentos contra a f\u00e9 e sustentam a identifica\u00e7\u00e3o da religi\u00e3o com os seus aspectos negativos\u201d. \u201cA verdade \u00e9 que a viol\u00eancia \u00e9 a nega\u00e7\u00e3o dos credos e doutrinas religiosas fundamentalistas\u201d, frisa o Patriarca Ecum\u00eanico, que desafia \u00e0 \u201cmobiliza\u00e7\u00e3o\u201d de todos os credos na busca de um mundo diferente. \u201cPrecisamos de esfor\u00e7os comuns, objetivos comuns e um esp\u00edrito comum. A crise atual \u00e9 uma oportunidade para praticar a solidariedade, o di\u00e1logo, a coopera\u00e7\u00e3o, a abertura e a confian\u00e7a. S\u00f3 juntos poderemos enfrentar os atuais desafios. Ningu\u00e9m, na\u00e7\u00e3o, Estado, religi\u00e3o e ci\u00eancia, pode enfrentar sozinho os seus problemas\u201d, completou.<\/p>\n<hr>\n<p style=\"text-align: right;\">Fonte: <a href=\"http:\/\/rr.sapo.pt\/noticia\/101317\/patriarca-de-constantinopla-diz-ao-papa-que-a-paz-continua-por-cumprir\" target=\"_blank\" rel=\"noopener noreferrer\">Renascen\u00e7a<\/a><\/p>\n","protected":false},"excerpt":{"rendered":"<p>O principal l\u00edder da Igreja Ortodoxa recorda que em 2018 cumprem-se 70 anos da Declara\u00e7\u00e3o Universal dos Direitos Humanos. 21 dez, 2017 &#8211; 18:17 \u2022 ECCLESIA &#8212; O Papa recebeu esta quinta-feira uma mensagem de Natal do Patriarca Ecum\u00eanico Bartolomeu&#8230;<\/p>\n","protected":false},"author":1,"featured_media":23663,"comment_status":"open","ping_status":"open","sticky":false,"template":"","format":"standard","meta":{"_acf_changed":false,"footnotes":""},"categories":[1,72],"tags":[],"class_list":["post-24052","post","type-post","status-publish","format-standard","has-post-thumbnail","hentry","category-news","category-patriarcado-ecumenico","entry","rows-excerpt"],"acf":[],"yoast_head":"<!-- This site is optimized with the Yoast SEO plugin v27.4 - https:\/\/yoast.com\/product\/yoast-seo-wordpress\/ -->\n<title>Patriarca Ecum\u00eanico diz ao Papa que \u00aba paz continua por cumprir\u00bb | ECCLESIA NEWS<\/title>\n<meta name=\"robots\" content=\"index, follow, max-snippet:-1, max-image-preview:large, max-video-preview:-1\" \/>\n<link rel=\"canonical\" href=\"https:\/\/news.ecclesia.org.br\/?p=24052\" \/>\n<meta property=\"og:locale\" content=\"pt_BR\" \/>\n<meta property=\"og:type\" content=\"article\" \/>\n<meta property=\"og:title\" content=\"Patriarca Ecum\u00eanico diz ao Papa que \u00aba paz continua por cumprir\u00bb | ECCLESIA NEWS\" \/>\n<meta property=\"og:description\" content=\"O principal l\u00edder da Igreja Ortodoxa recorda que em 2018 cumprem-se 70 anos da Declara\u00e7\u00e3o Universal dos Direitos Humanos. 21 dez, 2017 &#8211; 18:17 \u2022 ECCLESIA &#8212; O Papa recebeu esta quinta-feira uma mensagem de Natal do Patriarca Ecum\u00eanico Bartolomeu&#8230;\" \/>\n<meta property=\"og:url\" content=\"https:\/\/news.ecclesia.org.br\/?p=24052\" \/>\n<meta property=\"og:site_name\" content=\"ECCLESIA NEWS\" \/>\n<meta property=\"article:publisher\" content=\"https:\/\/www.facebook.com\/Ecclesia2025\" \/>\n<meta property=\"article:published_time\" content=\"2017-12-22T19:08:28+00:00\" \/>\n<meta property=\"article:modified_time\" content=\"2021-07-22T22:52:46+00:00\" \/>\n<meta property=\"og:image\" content=\"https:\/\/news.ecclesia.org.br\/wp-content\/uploads\/2017\/07\/patriarca-bartolomeu.jpg\" \/>\n\t<meta property=\"og:image:width\" content=\"900\" \/>\n\t<meta property=\"og:image:height\" content=\"597\" \/>\n\t<meta property=\"og:image:type\" content=\"image\/jpeg\" \/>\n<meta name=\"author\" content=\"Pe. Andr\u00e9\" \/>\n<meta name=\"twitter:card\" content=\"summary_large_image\" \/>\n<meta name=\"twitter:creator\" content=\"@EcclesiaNews\" \/>\n<meta name=\"twitter:site\" content=\"@EcclesiaNews\" \/>\n<meta name=\"twitter:label1\" content=\"Escrito por\" \/>\n\t<meta name=\"twitter:data1\" content=\"Pe. Andr\u00e9\" \/>\n\t<meta name=\"twitter:label2\" content=\"Est. tempo de leitura\" \/>\n\t<meta name=\"twitter:data2\" content=\"2 minutos\" \/>\n<script type=\"application\/ld+json\" class=\"yoast-schema-graph\">{\"@context\":\"https:\\\/\\\/schema.org\",\"@graph\":[{\"@type\":\"Article\",\"@id\":\"https:\\\/\\\/news.ecclesia.org.br\\\/?p=24052#article\",\"isPartOf\":{\"@id\":\"https:\\\/\\\/news.ecclesia.org.br\\\/?p=24052\"},\"author\":{\"name\":\"Pe. Andr\u00e9\",\"@id\":\"https:\\\/\\\/news.ecclesia.org.br\\\/#\\\/schema\\\/person\\\/6f09597f025829745ba414a569f63758\"},\"headline\":\"Patriarca Ecum\u00eanico diz ao Papa que \u00aba paz continua por cumprir\u00bb\",\"datePublished\":\"2017-12-22T19:08:28+00:00\",\"dateModified\":\"2021-07-22T22:52:46+00:00\",\"mainEntityOfPage\":{\"@id\":\"https:\\\/\\\/news.ecclesia.org.br\\\/?p=24052\"},\"wordCount\":482,\"commentCount\":0,\"publisher\":{\"@id\":\"https:\\\/\\\/news.ecclesia.org.br\\\/#organization\"},\"image\":{\"@id\":\"https:\\\/\\\/news.ecclesia.org.br\\\/?p=24052#primaryimage\"},\"thumbnailUrl\":\"https:\\\/\\\/news.ecclesia.org.br\\\/wp-content\\\/uploads\\\/2017\\\/07\\\/patriarca-bartolomeu.jpg\",\"articleSection\":[\"NEWS\",\"Patriarcado Ecum\u00eanico\"],\"inLanguage\":\"pt-BR\",\"potentialAction\":[{\"@type\":\"CommentAction\",\"name\":\"Comment\",\"target\":[\"https:\\\/\\\/news.ecclesia.org.br\\\/?p=24052#respond\"]}]},{\"@type\":\"WebPage\",\"@id\":\"https:\\\/\\\/news.ecclesia.org.br\\\/?p=24052\",\"url\":\"https:\\\/\\\/news.ecclesia.org.br\\\/?p=24052\",\"name\":\"Patriarca Ecum\u00eanico diz ao Papa que \u00aba paz continua por cumprir\u00bb | ECCLESIA NEWS\",\"isPartOf\":{\"@id\":\"https:\\\/\\\/news.ecclesia.org.br\\\/#website\"},\"primaryImageOfPage\":{\"@id\":\"https:\\\/\\\/news.ecclesia.org.br\\\/?p=24052#primaryimage\"},\"image\":{\"@id\":\"https:\\\/\\\/news.ecclesia.org.br\\\/?p=24052#primaryimage\"},\"thumbnailUrl\":\"https:\\\/\\\/news.ecclesia.org.br\\\/wp-content\\\/uploads\\\/2017\\\/07\\\/patriarca-bartolomeu.jpg\",\"datePublished\":\"2017-12-22T19:08:28+00:00\",\"dateModified\":\"2021-07-22T22:52:46+00:00\",\"breadcrumb\":{\"@id\":\"https:\\\/\\\/news.ecclesia.org.br\\\/?p=24052#breadcrumb\"},\"inLanguage\":\"pt-BR\",\"potentialAction\":[{\"@type\":\"ReadAction\",\"target\":[\"https:\\\/\\\/news.ecclesia.org.br\\\/?p=24052\"]}]},{\"@type\":\"ImageObject\",\"inLanguage\":\"pt-BR\",\"@id\":\"https:\\\/\\\/news.ecclesia.org.br\\\/?p=24052#primaryimage\",\"url\":\"https:\\\/\\\/news.ecclesia.org.br\\\/wp-content\\\/uploads\\\/2017\\\/07\\\/patriarca-bartolomeu.jpg\",\"contentUrl\":\"https:\\\/\\\/news.ecclesia.org.br\\\/wp-content\\\/uploads\\\/2017\\\/07\\\/patriarca-bartolomeu.jpg\",\"width\":900,\"height\":597,\"caption\":\"S. Santidade Bartolomeu I, Patriarca Ecum\u00eanico.\"},{\"@type\":\"BreadcrumbList\",\"@id\":\"https:\\\/\\\/news.ecclesia.org.br\\\/?p=24052#breadcrumb\",\"itemListElement\":[{\"@type\":\"ListItem\",\"position\":1,\"name\":\"In\u00edcio\",\"item\":\"https:\\\/\\\/news.ecclesia.org.br\\\/\"},{\"@type\":\"ListItem\",\"position\":2,\"name\":\"Patriarca Ecum\u00eanico diz ao Papa que \u00aba paz continua por cumprir\u00bb\"}]},{\"@type\":\"WebSite\",\"@id\":\"https:\\\/\\\/news.ecclesia.org.br\\\/#website\",\"url\":\"https:\\\/\\\/news.ecclesia.org.br\\\/\",\"name\":\"Ecclesia Brasil\",\"description\":\"Desde 2003 onectando o Brasil ao mundo ortodoxo!\",\"publisher\":{\"@id\":\"https:\\\/\\\/news.ecclesia.org.br\\\/#organization\"},\"alternateName\":\"Ecclesia\",\"potentialAction\":[{\"@type\":\"SearchAction\",\"target\":{\"@type\":\"EntryPoint\",\"urlTemplate\":\"https:\\\/\\\/news.ecclesia.org.br\\\/?s={search_term_string}\"},\"query-input\":{\"@type\":\"PropertyValueSpecification\",\"valueRequired\":true,\"valueName\":\"search_term_string\"}}],\"inLanguage\":\"pt-BR\"},{\"@type\":\"Organization\",\"@id\":\"https:\\\/\\\/news.ecclesia.org.br\\\/#organization\",\"name\":\"Sacra Arquidiocese de Buenos Aires e Am\u00e9rica do Sul | Patriarcado Ecum\u00eanico\",\"alternateName\":\"News Ecclesia Brasil\",\"url\":\"https:\\\/\\\/news.ecclesia.org.br\\\/\",\"logo\":{\"@type\":\"ImageObject\",\"inLanguage\":\"pt-BR\",\"@id\":\"https:\\\/\\\/news.ecclesia.org.br\\\/#\\\/schema\\\/logo\\\/image\\\/\",\"url\":\"https:\\\/\\\/news.ecclesia.org.br\\\/wp-content\\\/uploads\\\/2025\\\/05\\\/ecclesia2.png\",\"contentUrl\":\"https:\\\/\\\/news.ecclesia.org.br\\\/wp-content\\\/uploads\\\/2025\\\/05\\\/ecclesia2.png\",\"width\":480,\"height\":120,\"caption\":\"Sacra Arquidiocese de Buenos Aires e Am\u00e9rica do Sul | Patriarcado Ecum\u00eanico\"},\"image\":{\"@id\":\"https:\\\/\\\/news.ecclesia.org.br\\\/#\\\/schema\\\/logo\\\/image\\\/\"},\"sameAs\":[\"https:\\\/\\\/www.facebook.com\\\/Ecclesia2025\",\"https:\\\/\\\/x.com\\\/EcclesiaNews\",\"https:\\\/\\\/br.pinterest.com\\\/ekklisia\\\/\",\"https:\\\/\\\/www.youtube.com\\\/@EcclesiaBrasil\"]},{\"@type\":\"Person\",\"@id\":\"https:\\\/\\\/news.ecclesia.org.br\\\/#\\\/schema\\\/person\\\/6f09597f025829745ba414a569f63758\",\"name\":\"Pe. Andr\u00e9\",\"image\":{\"@type\":\"ImageObject\",\"inLanguage\":\"pt-BR\",\"@id\":\"https:\\\/\\\/secure.gravatar.com\\\/avatar\\\/b4327cfa27e9799da239a26adcd534fc29cdc0c4a4a148eecbcfeb9b42c617ac?s=96&d=mm&r=g\",\"url\":\"https:\\\/\\\/secure.gravatar.com\\\/avatar\\\/b4327cfa27e9799da239a26adcd534fc29cdc0c4a4a148eecbcfeb9b42c617ac?s=96&d=mm&r=g\",\"contentUrl\":\"https:\\\/\\\/secure.gravatar.com\\\/avatar\\\/b4327cfa27e9799da239a26adcd534fc29cdc0c4a4a148eecbcfeb9b42c617ac?s=96&d=mm&r=g\",\"caption\":\"Pe. Andr\u00e9\"},\"sameAs\":[\"https:\\\/\\\/www.ecclesia.org.br\"]}]}<\/script>\n<!-- \/ Yoast SEO plugin. -->","yoast_head_json":{"title":"Patriarca Ecum\u00eanico diz ao Papa que \u00aba paz continua por cumprir\u00bb | ECCLESIA NEWS","robots":{"index":"index","follow":"follow","max-snippet":"max-snippet:-1","max-image-preview":"max-image-preview:large","max-video-preview":"max-video-preview:-1"},"canonical":"https:\/\/news.ecclesia.org.br\/?p=24052","og_locale":"pt_BR","og_type":"article","og_title":"Patriarca Ecum\u00eanico diz ao Papa que \u00aba paz continua por cumprir\u00bb | ECCLESIA NEWS","og_description":"O principal l\u00edder da Igreja Ortodoxa recorda que em 2018 cumprem-se 70 anos da Declara\u00e7\u00e3o Universal dos Direitos Humanos. 21 dez, 2017 &#8211; 18:17 \u2022 ECCLESIA &#8212; O Papa recebeu esta quinta-feira uma mensagem de Natal do Patriarca Ecum\u00eanico Bartolomeu&#8230;","og_url":"https:\/\/news.ecclesia.org.br\/?p=24052","og_site_name":"ECCLESIA NEWS","article_publisher":"https:\/\/www.facebook.com\/Ecclesia2025","article_published_time":"2017-12-22T19:08:28+00:00","article_modified_time":"2021-07-22T22:52:46+00:00","og_image":[{"width":900,"height":597,"url":"https:\/\/news.ecclesia.org.br\/wp-content\/uploads\/2017\/07\/patriarca-bartolomeu.jpg","type":"image\/jpeg"}],"author":"Pe. Andr\u00e9","twitter_card":"summary_large_image","twitter_creator":"@EcclesiaNews","twitter_site":"@EcclesiaNews","twitter_misc":{"Escrito por":"Pe. Andr\u00e9","Est. tempo de leitura":"2 minutos"},"schema":{"@context":"https:\/\/schema.org","@graph":[{"@type":"Article","@id":"https:\/\/news.ecclesia.org.br\/?p=24052#article","isPartOf":{"@id":"https:\/\/news.ecclesia.org.br\/?p=24052"},"author":{"name":"Pe. Andr\u00e9","@id":"https:\/\/news.ecclesia.org.br\/#\/schema\/person\/6f09597f025829745ba414a569f63758"},"headline":"Patriarca Ecum\u00eanico diz ao Papa que \u00aba paz continua por cumprir\u00bb","datePublished":"2017-12-22T19:08:28+00:00","dateModified":"2021-07-22T22:52:46+00:00","mainEntityOfPage":{"@id":"https:\/\/news.ecclesia.org.br\/?p=24052"},"wordCount":482,"commentCount":0,"publisher":{"@id":"https:\/\/news.ecclesia.org.br\/#organization"},"image":{"@id":"https:\/\/news.ecclesia.org.br\/?p=24052#primaryimage"},"thumbnailUrl":"https:\/\/news.ecclesia.org.br\/wp-content\/uploads\/2017\/07\/patriarca-bartolomeu.jpg","articleSection":["NEWS","Patriarcado Ecum\u00eanico"],"inLanguage":"pt-BR","potentialAction":[{"@type":"CommentAction","name":"Comment","target":["https:\/\/news.ecclesia.org.br\/?p=24052#respond"]}]},{"@type":"WebPage","@id":"https:\/\/news.ecclesia.org.br\/?p=24052","url":"https:\/\/news.ecclesia.org.br\/?p=24052","name":"Patriarca Ecum\u00eanico diz ao Papa que \u00aba paz continua por cumprir\u00bb | ECCLESIA NEWS","isPartOf":{"@id":"https:\/\/news.ecclesia.org.br\/#website"},"primaryImageOfPage":{"@id":"https:\/\/news.ecclesia.org.br\/?p=24052#primaryimage"},"image":{"@id":"https:\/\/news.ecclesia.org.br\/?p=24052#primaryimage"},"thumbnailUrl":"https:\/\/news.ecclesia.org.br\/wp-content\/uploads\/2017\/07\/patriarca-bartolomeu.jpg","datePublished":"2017-12-22T19:08:28+00:00","dateModified":"2021-07-22T22:52:46+00:00","breadcrumb":{"@id":"https:\/\/news.ecclesia.org.br\/?p=24052#breadcrumb"},"inLanguage":"pt-BR","potentialAction":[{"@type":"ReadAction","target":["https:\/\/news.ecclesia.org.br\/?p=24052"]}]},{"@type":"ImageObject","inLanguage":"pt-BR","@id":"https:\/\/news.ecclesia.org.br\/?p=24052#primaryimage","url":"https:\/\/news.ecclesia.org.br\/wp-content\/uploads\/2017\/07\/patriarca-bartolomeu.jpg","contentUrl":"https:\/\/news.ecclesia.org.br\/wp-content\/uploads\/2017\/07\/patriarca-bartolomeu.jpg","width":900,"height":597,"caption":"S. Santidade Bartolomeu I, Patriarca Ecum\u00eanico."},{"@type":"BreadcrumbList","@id":"https:\/\/news.ecclesia.org.br\/?p=24052#breadcrumb","itemListElement":[{"@type":"ListItem","position":1,"name":"In\u00edcio","item":"https:\/\/news.ecclesia.org.br\/"},{"@type":"ListItem","position":2,"name":"Patriarca Ecum\u00eanico diz ao Papa que \u00aba paz continua por cumprir\u00bb"}]},{"@type":"WebSite","@id":"https:\/\/news.ecclesia.org.br\/#website","url":"https:\/\/news.ecclesia.org.br\/","name":"Ecclesia Brasil","description":"Desde 2003 onectando o Brasil ao mundo ortodoxo!","publisher":{"@id":"https:\/\/news.ecclesia.org.br\/#organization"},"alternateName":"Ecclesia","potentialAction":[{"@type":"SearchAction","target":{"@type":"EntryPoint","urlTemplate":"https:\/\/news.ecclesia.org.br\/?s={search_term_string}"},"query-input":{"@type":"PropertyValueSpecification","valueRequired":true,"valueName":"search_term_string"}}],"inLanguage":"pt-BR"},{"@type":"Organization","@id":"https:\/\/news.ecclesia.org.br\/#organization","name":"Sacra Arquidiocese de Buenos Aires e Am\u00e9rica do Sul | Patriarcado Ecum\u00eanico","alternateName":"News Ecclesia Brasil","url":"https:\/\/news.ecclesia.org.br\/","logo":{"@type":"ImageObject","inLanguage":"pt-BR","@id":"https:\/\/news.ecclesia.org.br\/#\/schema\/logo\/image\/","url":"https:\/\/news.ecclesia.org.br\/wp-content\/uploads\/2025\/05\/ecclesia2.png","contentUrl":"https:\/\/news.ecclesia.org.br\/wp-content\/uploads\/2025\/05\/ecclesia2.png","width":480,"height":120,"caption":"Sacra Arquidiocese de Buenos Aires e Am\u00e9rica do Sul | Patriarcado Ecum\u00eanico"},"image":{"@id":"https:\/\/news.ecclesia.org.br\/#\/schema\/logo\/image\/"},"sameAs":["https:\/\/www.facebook.com\/Ecclesia2025","https:\/\/x.com\/EcclesiaNews","https:\/\/br.pinterest.com\/ekklisia\/","https:\/\/www.youtube.com\/@EcclesiaBrasil"]},{"@type":"Person","@id":"https:\/\/news.ecclesia.org.br\/#\/schema\/person\/6f09597f025829745ba414a569f63758","name":"Pe. Andr\u00e9","image":{"@type":"ImageObject","inLanguage":"pt-BR","@id":"https:\/\/secure.gravatar.com\/avatar\/b4327cfa27e9799da239a26adcd534fc29cdc0c4a4a148eecbcfeb9b42c617ac?s=96&d=mm&r=g","url":"https:\/\/secure.gravatar.com\/avatar\/b4327cfa27e9799da239a26adcd534fc29cdc0c4a4a148eecbcfeb9b42c617ac?s=96&d=mm&r=g","contentUrl":"https:\/\/secure.gravatar.com\/avatar\/b4327cfa27e9799da239a26adcd534fc29cdc0c4a4a148eecbcfeb9b42c617ac?s=96&d=mm&r=g","caption":"Pe. Andr\u00e9"},"sameAs":["https:\/\/www.ecclesia.org.br"]}]}},"_links":{"self":[{"href":"https:\/\/news.ecclesia.org.br\/index.php?rest_route=\/wp\/v2\/posts\/24052","targetHints":{"allow":["GET"]}}],"collection":[{"href":"https:\/\/news.ecclesia.org.br\/index.php?rest_route=\/wp\/v2\/posts"}],"about":[{"href":"https:\/\/news.ecclesia.org.br\/index.php?rest_route=\/wp\/v2\/types\/post"}],"author":[{"embeddable":true,"href":"https:\/\/news.ecclesia.org.br\/index.php?rest_route=\/wp\/v2\/users\/1"}],"replies":[{"embeddable":true,"href":"https:\/\/news.ecclesia.org.br\/index.php?rest_route=%2Fwp%2Fv2%2Fcomments&post=24052"}],"version-history":[{"count":1,"href":"https:\/\/news.ecclesia.org.br\/index.php?rest_route=\/wp\/v2\/posts\/24052\/revisions"}],"predecessor-version":[{"id":33952,"href":"https:\/\/news.ecclesia.org.br\/index.php?rest_route=\/wp\/v2\/posts\/24052\/revisions\/33952"}],"wp:featuredmedia":[{"embeddable":true,"href":"https:\/\/news.ecclesia.org.br\/index.php?rest_route=\/wp\/v2\/media\/23663"}],"wp:attachment":[{"href":"https:\/\/news.ecclesia.org.br\/index.php?rest_route=%2Fwp%2Fv2%2Fmedia&parent=24052"}],"wp:term":[{"taxonomy":"category","embeddable":true,"href":"https:\/\/news.ecclesia.org.br\/index.php?rest_route=%2Fwp%2Fv2%2Fcategories&post=24052"},{"taxonomy":"post_tag","embeddable":true,"href":"https:\/\/news.ecclesia.org.br\/index.php?rest_route=%2Fwp%2Fv2%2Ftags&post=24052"}],"curies":[{"name":"wp","href":"https:\/\/api.w.org\/{rel}","templated":true}]}}