{"id":24025,"date":"2017-12-15T19:14:53","date_gmt":"2017-12-15T19:14:53","guid":{"rendered":"https:\/\/news.ecclesia.org.br\/2013\/?p=24025"},"modified":"2017-12-15T19:15:48","modified_gmt":"2017-12-15T19:15:48","slug":"mensagem-do-papa-na-inauguracao-da-catedra-ecumenica-intitulada-ao-patriarca-atenagoras","status":"publish","type":"post","link":"https:\/\/news.ecclesia.org.br\/?p=24025","title":{"rendered":"Mensagem do Papa (de Roma) na inaugura\u00e7\u00e3o da c\u00e1tedra ecum\u00eanica intitulada ao Patriarca Aten\u00e1goras"},"content":{"rendered":"<figure id=\"attachment_18471\" aria-describedby=\"caption-attachment-18471\" style=\"width: 300px\" class=\"wp-caption alignleft\"><a href=\"https:\/\/news.ecclesia.org.br\/2013\/wp-content\/uploads\/2015\/12\/65-010-athenagoras-com-paulo-vi.jpg\"><img fetchpriority=\"high\" decoding=\"async\" class=\"size-medium wp-image-18471\" src=\"https:\/\/news.ecclesia.org.br\/2013\/wp-content\/uploads\/2015\/12\/65-010-athenagoras-com-paulo-vi-300x232.jpg\" alt=\"\" width=\"300\" height=\"232\" srcset=\"https:\/\/news.ecclesia.org.br\/wp-content\/uploads\/2015\/12\/65-010-athenagoras-com-paulo-vi.jpg 300w, https:\/\/news.ecclesia.org.br\/wp-content\/uploads\/2015\/12\/65-010-athenagoras-com-paulo-vi-71x55.jpg 71w\" sizes=\"(max-width: 300px) 100vw, 300px\" \/><\/a><figcaption id=\"caption-attachment-18471\" class=\"wp-caption-text\">Abra\u00e7o entre Paulo VI e o Patriarca Aten\u00e1goras I em Constantinopla &#8211; RV<\/figcaption><\/figure>\n<p style=\"text-align: justify;\">Floren\u00e7a (RV) \u2013 O \u201cdi\u00e1logo\u201d e a \u201camizade fraterna\u201d entre cat\u00f3licos e ortodoxos s\u00e3o dois dos principais frutos do encontro realizado h\u00e1 50 anos entre o Patriarca ecum\u00eanico de Constantinopla Aten\u00e1goras e Chiara Lubich. \u00c9 o que destaca o Papa Francisco no telegrama enviado ao Gr\u00e3o Chanceler do Instituto universit\u00e1rio Sophia, cardeal arcebispo de Floren\u00e7a, Dom Giuseppe Betori, por ocasi\u00e3o da inaugura\u00e7\u00e3o na tarde desta quinta-feira, da c\u00e1tedra ecum\u00eanica internacional intitulada precisamente ao Patriarca ortodoxo e \u00e0 fundadora do Movimento dos Focolares.<\/p>\n<p style=\"text-align: justify;\">Alegrando-se pela \u201clouv\u00e1vel iniciativa\u201d voltada a recordar aquele memor\u00e1vel encontro, o Pont\u00edfice faz votos de que o Instituto universit\u00e1rio de Loppiano &#8211; \u201cseguindo o pr\u00f3prio carisma e aberto \u00e0 a\u00e7\u00e3o do Esp\u00edrito Santo &#8211; continue a ser lugar de encontro e de di\u00e1logo entre culturas e religi\u00f5es diversas\u201d.<\/p>\n<p style=\"text-align: justify;\">A ideia de uma \u201cc\u00e1tedra ecum\u00eanica\u201d \u2013 explica um comunicado dos Focolares \u2013 nasceu em 26 de outubro de 2015, quando o Instituto Sophia conferiu o primeiro doutorado honoris causa em cultura de unidade ao patriarca ecum\u00eanico de Constantinopla, Bartolomeu I.<\/p>\n<p style=\"text-align: justify;\">\u201cTal projeto acad\u00eamico \u2013 enfatiza a presidente do movimento Maria Voce \u2013 representa um momento importante nas rela\u00e7\u00f5es ecum\u00eanicas em curso entre as Igrejas irm\u00e3s do Oriente e do Ocidente e abre perspectivas fascinantes para um estudo centrado no respeitoso di\u00e1logo, que se prospecta ainda mais enriquecedor no dom rec\u00edproco em n\u00edvel de reflex\u00e3o teol\u00f3gica e de uma antropologia de comunh\u00e3o\u201d.<\/p>\n<p style=\"text-align: justify;\">A c\u00e1tedra, da qual s\u00e3o co-titulares o diretor do instituto, Monsenhor Piero Coda e o metropolita de Selyvria, Maximos Vgenopoulos, foi inaugurada pelo metropolita ortodoxo da It\u00e1lia e Malta, Gennadios Zervos, que proferiu a palestra inaugural intitulada \u201cO Patriarca Aten\u00e1goras e Chiara Lubich, protagonistas de unidade\u201d.<\/p>\n<h2 style=\"text-align: justify;\">Mensagem de Bartolomeu I<\/h2>\n<p style=\"text-align: justify;\">Tamb\u00e9m o Patriarca Bartolomeu enviou uma mensagem onde expressou \u201calegria e como\u00e7\u00e3o\u201d pela iniciativa dedicada \u201cao encontro prof\u00e9tico entre dois grandes pioneiros do atual movimento ecum\u00eanico\u201d.<\/p>\n<p style=\"text-align: justify;\">As rela\u00e7\u00f5es de amizade e de coopera\u00e7\u00e3o com o patriarcado ecum\u00eanico remontam a junho de 1967, quando Chiara Lubich encontrou pela primeira vez Aten\u00e1goras que confiou a ela: \u201c\u00c9 uma grande coisa conhecer-se; vivemos isolados, sem ter irm\u00e3os, sem ter irm\u00e3s, por muitos s\u00e9culos, como \u00f3rf\u00e3os! Os primeiros dez s\u00e9culos do cristianismo foram para os dogmas e para a organiza\u00e7\u00e3o da Igreja. Nos dez s\u00e9culos seguintes tivemos os cismas, a divis\u00e3o. A terceira \u00e9poca, esta, \u00e9 a do amor\u201d.<\/p>\n<p style=\"text-align: justify;\">Aquele encontro \u2013 sublinha Bartolomeu na mensagem \u2013 \u201cn\u00e3o foi um evento casual\u201d, mas foi \u201cobra da gra\u00e7a de Deus, que selou entre o nosso patriarcado ecum\u00eanico e o movimento dos focolares uma comunh\u00e3o de amor crist\u00e3os, de aut\u00eantica amizade e de colabora\u00e7\u00e3o fraterna, que continuam at\u00e9 os nossos dias\u201d.<\/p>\n<p style=\"text-align: justify;\">Na mensagem, Bartolomeu dirige ainda duas \u201cpaternas exorta\u00e7\u00f5es\u201d inspiradas no nome do instituto universit\u00e1rio de Loppiano e no movimento do Focolares.<\/p>\n<p style=\"text-align: justify;\">Com a primeira, faz os votos aos docentes e estudantes, para \u201cterem sempre Sophia, sabedoria, a sophia de Deus e n\u00e3o do mundo\u201d.<\/p>\n<p style=\"text-align: justify;\">Depois, os votos s\u00e3o dirigidos de maneira mais ampla aos simpatizantes do carisma dos focolares, exortando a manterem \u201csempre acesa a chama, o fogo da f\u00e9 em Cristo, \u00fanico verdadeiro Deus, Senhor e salvador do mundo, e o esp\u00edrito de genu\u00edna comunh\u00e3o fraterna que caracterizava a fundadora de voc\u00eas e sua fiel serva Chiara\u201d.<\/p>\n<h2 style=\"text-align: justify;\">Aulas em mar\u00e7o<\/h2>\n<p style=\"text-align: justify;\">Todo o ciclo de li\u00e7\u00f5es da nova c\u00e1tedra, que se realizar\u00e1 no m\u00eas de mar\u00e7o, ter\u00e1 como tema \u201cA eclesiologia da Igreja ortodoxa e o caminho de di\u00e1logo ecum\u00eanico com a Igreja Cat\u00f3lica\u201d e oferecer\u00e1 um percurso de forma\u00e7\u00e3o qualificado a todos que desejam preparar-se para oferecer a pr\u00f3pria contribui\u00e7\u00e3o \u00e0 promo\u00e7\u00e3o da plena unidade, a servi\u00e7o do encontro entre os povos e as culturas.<\/p>\n<p style=\"text-align: justify;\">Uma iniciativa que assume uma particular relev\u00e2ncia tamb\u00e9m no plano internacional \u00e0 luz, sobretudo, da crise dos equil\u00edbrios pol\u00edticos, sociais e religiosos no Oriente M\u00e9dio.<\/p>\n<p style=\"text-align: justify;\">Para Maria Voce, \u201co esfor\u00e7o prof\u00e9tico em promover a unidade, testemunhado em modo vision\u00e1rio pelo Patriarca Aten\u00e1goras e por Chiara Lubich \u2013 t\u00e3o real quanto inovador, porque envolve coer\u00eancia de vida e de pensamento \u2013 ainda tra\u00e7a o caminho de luz para a busca das novas gera\u00e7\u00f5es\u201d.<\/p>\n<hr \/>\n<p style=\"text-align: justify;\">Fonte: <a href=\"http:\/\/br.radiovaticana.va\/news\/2017\/12\/14\/papa_mensagem_pela_inaugura%C3%A7%C3%A3o_c%C3%A1tedra_ecum%C3%AAnica_loppiano\/1354852\" target=\"_blank\" rel=\"noopener\">RV<\/a><\/p>\n","protected":false},"excerpt":{"rendered":"<p>Floren\u00e7a (RV) \u2013 O \u201cdi\u00e1logo\u201d e a \u201camizade fraterna\u201d entre cat\u00f3licos e ortodoxos s\u00e3o dois dos principais frutos do encontro realizado h\u00e1 50 anos entre o Patriarca ecum\u00eanico de Constantinopla Aten\u00e1goras e Chiara Lubich. \u00c9 o que destaca o Papa&#8230;<\/p>\n","protected":false},"author":1,"featured_media":23631,"comment_status":"open","ping_status":"open","sticky":false,"template":"","format":"standard","meta":{"_acf_changed":false,"footnotes":""},"categories":[1],"tags":[],"class_list":["post-24025","post","type-post","status-publish","format-standard","has-post-thumbnail","hentry","category-news","entry","rows-excerpt"],"acf":[],"yoast_head":"<!-- This site is optimized with the Yoast SEO plugin v27.5 - https:\/\/yoast.com\/product\/yoast-seo-wordpress\/ -->\n<title>Mensagem do Papa (de Roma) na inaugura\u00e7\u00e3o da c\u00e1tedra ecum\u00eanica intitulada ao Patriarca Aten\u00e1goras | ECCLESIA NEWS<\/title>\n<meta name=\"robots\" content=\"index, follow, max-snippet:-1, max-image-preview:large, max-video-preview:-1\" \/>\n<link rel=\"canonical\" href=\"https:\/\/news.ecclesia.org.br\/?p=24025\" \/>\n<meta property=\"og:locale\" content=\"pt_BR\" \/>\n<meta property=\"og:type\" content=\"article\" \/>\n<meta property=\"og:title\" content=\"Mensagem do Papa (de Roma) na inaugura\u00e7\u00e3o da c\u00e1tedra ecum\u00eanica intitulada ao Patriarca Aten\u00e1goras | ECCLESIA NEWS\" \/>\n<meta property=\"og:description\" content=\"Floren\u00e7a (RV) \u2013 O \u201cdi\u00e1logo\u201d e a \u201camizade fraterna\u201d entre cat\u00f3licos e ortodoxos s\u00e3o dois dos principais frutos do encontro realizado h\u00e1 50 anos entre o Patriarca ecum\u00eanico de Constantinopla Aten\u00e1goras e Chiara Lubich. \u00c9 o que destaca o Papa&#8230;\" \/>\n<meta property=\"og:url\" content=\"https:\/\/news.ecclesia.org.br\/?p=24025\" \/>\n<meta property=\"og:site_name\" content=\"ECCLESIA NEWS\" \/>\n<meta property=\"article:publisher\" content=\"https:\/\/www.facebook.com\/Ecclesia2025\" \/>\n<meta property=\"article:published_time\" content=\"2017-12-15T19:14:53+00:00\" \/>\n<meta property=\"article:modified_time\" content=\"2017-12-15T19:15:48+00:00\" \/>\n<meta property=\"og:image\" content=\"https:\/\/news.ecclesia.org.br\/wp-content\/uploads\/2017\/07\/paulo-vi-e-athenagoras.jpg\" \/>\n\t<meta property=\"og:image:width\" content=\"1600\" \/>\n\t<meta property=\"og:image:height\" content=\"800\" \/>\n\t<meta property=\"og:image:type\" content=\"image\/jpeg\" \/>\n<meta name=\"author\" content=\"Pe. Andr\u00e9\" \/>\n<meta name=\"twitter:card\" content=\"summary_large_image\" \/>\n<meta name=\"twitter:creator\" content=\"@EcclesiaNews\" \/>\n<meta name=\"twitter:site\" content=\"@EcclesiaNews\" \/>\n<meta name=\"twitter:label1\" content=\"Escrito por\" \/>\n\t<meta name=\"twitter:data1\" content=\"Pe. Andr\u00e9\" \/>\n\t<meta name=\"twitter:label2\" content=\"Est. tempo de leitura\" \/>\n\t<meta name=\"twitter:data2\" content=\"4 minutos\" \/>\n<script type=\"application\/ld+json\" class=\"yoast-schema-graph\">{\"@context\":\"https:\\\/\\\/schema.org\",\"@graph\":[{\"@type\":\"Article\",\"@id\":\"https:\\\/\\\/news.ecclesia.org.br\\\/?p=24025#article\",\"isPartOf\":{\"@id\":\"https:\\\/\\\/news.ecclesia.org.br\\\/?p=24025\"},\"author\":{\"name\":\"Pe. Andr\u00e9\",\"@id\":\"https:\\\/\\\/news.ecclesia.org.br\\\/#\\\/schema\\\/person\\\/6f09597f025829745ba414a569f63758\"},\"headline\":\"Mensagem do Papa (de Roma) na inaugura\u00e7\u00e3o da c\u00e1tedra ecum\u00eanica intitulada ao Patriarca Aten\u00e1goras\",\"datePublished\":\"2017-12-15T19:14:53+00:00\",\"dateModified\":\"2017-12-15T19:15:48+00:00\",\"mainEntityOfPage\":{\"@id\":\"https:\\\/\\\/news.ecclesia.org.br\\\/?p=24025\"},\"wordCount\":793,\"commentCount\":0,\"publisher\":{\"@id\":\"https:\\\/\\\/news.ecclesia.org.br\\\/#organization\"},\"image\":{\"@id\":\"https:\\\/\\\/news.ecclesia.org.br\\\/?p=24025#primaryimage\"},\"thumbnailUrl\":\"https:\\\/\\\/news.ecclesia.org.br\\\/wp-content\\\/uploads\\\/2017\\\/07\\\/paulo-vi-e-athenagoras.jpg\",\"articleSection\":[\"NEWS\"],\"inLanguage\":\"pt-BR\",\"potentialAction\":[{\"@type\":\"CommentAction\",\"name\":\"Comment\",\"target\":[\"https:\\\/\\\/news.ecclesia.org.br\\\/?p=24025#respond\"]}]},{\"@type\":\"WebPage\",\"@id\":\"https:\\\/\\\/news.ecclesia.org.br\\\/?p=24025\",\"url\":\"https:\\\/\\\/news.ecclesia.org.br\\\/?p=24025\",\"name\":\"Mensagem do Papa (de Roma) na inaugura\u00e7\u00e3o da c\u00e1tedra ecum\u00eanica intitulada ao Patriarca Aten\u00e1goras | ECCLESIA NEWS\",\"isPartOf\":{\"@id\":\"https:\\\/\\\/news.ecclesia.org.br\\\/#website\"},\"primaryImageOfPage\":{\"@id\":\"https:\\\/\\\/news.ecclesia.org.br\\\/?p=24025#primaryimage\"},\"image\":{\"@id\":\"https:\\\/\\\/news.ecclesia.org.br\\\/?p=24025#primaryimage\"},\"thumbnailUrl\":\"https:\\\/\\\/news.ecclesia.org.br\\\/wp-content\\\/uploads\\\/2017\\\/07\\\/paulo-vi-e-athenagoras.jpg\",\"datePublished\":\"2017-12-15T19:14:53+00:00\",\"dateModified\":\"2017-12-15T19:15:48+00:00\",\"breadcrumb\":{\"@id\":\"https:\\\/\\\/news.ecclesia.org.br\\\/?p=24025#breadcrumb\"},\"inLanguage\":\"pt-BR\",\"potentialAction\":[{\"@type\":\"ReadAction\",\"target\":[\"https:\\\/\\\/news.ecclesia.org.br\\\/?p=24025\"]}]},{\"@type\":\"ImageObject\",\"inLanguage\":\"pt-BR\",\"@id\":\"https:\\\/\\\/news.ecclesia.org.br\\\/?p=24025#primaryimage\",\"url\":\"https:\\\/\\\/news.ecclesia.org.br\\\/wp-content\\\/uploads\\\/2017\\\/07\\\/paulo-vi-e-athenagoras.jpg\",\"contentUrl\":\"https:\\\/\\\/news.ecclesia.org.br\\\/wp-content\\\/uploads\\\/2017\\\/07\\\/paulo-vi-e-athenagoras.jpg\",\"width\":1600,\"height\":800,\"caption\":\"Recorda\u00e7\u00e3o, em Constantinopla, pelo 45\u00b0 anivers\u00e1rio de morte do Patriarca Athen\u00e1goras\"},{\"@type\":\"BreadcrumbList\",\"@id\":\"https:\\\/\\\/news.ecclesia.org.br\\\/?p=24025#breadcrumb\",\"itemListElement\":[{\"@type\":\"ListItem\",\"position\":1,\"name\":\"In\u00edcio\",\"item\":\"https:\\\/\\\/news.ecclesia.org.br\\\/\"},{\"@type\":\"ListItem\",\"position\":2,\"name\":\"Mensagem do Papa (de Roma) na inaugura\u00e7\u00e3o da c\u00e1tedra ecum\u00eanica intitulada ao Patriarca Aten\u00e1goras\"}]},{\"@type\":\"WebSite\",\"@id\":\"https:\\\/\\\/news.ecclesia.org.br\\\/#website\",\"url\":\"https:\\\/\\\/news.ecclesia.org.br\\\/\",\"name\":\"Ecclesia Brasil\",\"description\":\"Desde 2003 onectando o Brasil ao mundo ortodoxo!\",\"publisher\":{\"@id\":\"https:\\\/\\\/news.ecclesia.org.br\\\/#organization\"},\"alternateName\":\"Ecclesia\",\"potentialAction\":[{\"@type\":\"SearchAction\",\"target\":{\"@type\":\"EntryPoint\",\"urlTemplate\":\"https:\\\/\\\/news.ecclesia.org.br\\\/?s={search_term_string}\"},\"query-input\":{\"@type\":\"PropertyValueSpecification\",\"valueRequired\":true,\"valueName\":\"search_term_string\"}}],\"inLanguage\":\"pt-BR\"},{\"@type\":\"Organization\",\"@id\":\"https:\\\/\\\/news.ecclesia.org.br\\\/#organization\",\"name\":\"Sacra Arquidiocese de Buenos Aires e Am\u00e9rica do Sul | Patriarcado Ecum\u00eanico\",\"alternateName\":\"News Ecclesia Brasil\",\"url\":\"https:\\\/\\\/news.ecclesia.org.br\\\/\",\"logo\":{\"@type\":\"ImageObject\",\"inLanguage\":\"pt-BR\",\"@id\":\"https:\\\/\\\/news.ecclesia.org.br\\\/#\\\/schema\\\/logo\\\/image\\\/\",\"url\":\"https:\\\/\\\/news.ecclesia.org.br\\\/wp-content\\\/uploads\\\/2025\\\/05\\\/ecclesia2.png\",\"contentUrl\":\"https:\\\/\\\/news.ecclesia.org.br\\\/wp-content\\\/uploads\\\/2025\\\/05\\\/ecclesia2.png\",\"width\":480,\"height\":120,\"caption\":\"Sacra Arquidiocese de Buenos Aires e Am\u00e9rica do Sul | Patriarcado Ecum\u00eanico\"},\"image\":{\"@id\":\"https:\\\/\\\/news.ecclesia.org.br\\\/#\\\/schema\\\/logo\\\/image\\\/\"},\"sameAs\":[\"https:\\\/\\\/www.facebook.com\\\/Ecclesia2025\",\"https:\\\/\\\/x.com\\\/EcclesiaNews\",\"https:\\\/\\\/br.pinterest.com\\\/ekklisia\\\/\",\"https:\\\/\\\/www.youtube.com\\\/@EcclesiaBrasil\"]},{\"@type\":\"Person\",\"@id\":\"https:\\\/\\\/news.ecclesia.org.br\\\/#\\\/schema\\\/person\\\/6f09597f025829745ba414a569f63758\",\"name\":\"Pe. Andr\u00e9\",\"image\":{\"@type\":\"ImageObject\",\"inLanguage\":\"pt-BR\",\"@id\":\"https:\\\/\\\/secure.gravatar.com\\\/avatar\\\/b4327cfa27e9799da239a26adcd534fc29cdc0c4a4a148eecbcfeb9b42c617ac?s=96&d=mm&r=g\",\"url\":\"https:\\\/\\\/secure.gravatar.com\\\/avatar\\\/b4327cfa27e9799da239a26adcd534fc29cdc0c4a4a148eecbcfeb9b42c617ac?s=96&d=mm&r=g\",\"contentUrl\":\"https:\\\/\\\/secure.gravatar.com\\\/avatar\\\/b4327cfa27e9799da239a26adcd534fc29cdc0c4a4a148eecbcfeb9b42c617ac?s=96&d=mm&r=g\",\"caption\":\"Pe. Andr\u00e9\"},\"sameAs\":[\"https:\\\/\\\/www.ecclesia.org.br\"]}]}<\/script>\n<!-- \/ Yoast SEO plugin. -->","yoast_head_json":{"title":"Mensagem do Papa (de Roma) na inaugura\u00e7\u00e3o da c\u00e1tedra ecum\u00eanica intitulada ao Patriarca Aten\u00e1goras | ECCLESIA NEWS","robots":{"index":"index","follow":"follow","max-snippet":"max-snippet:-1","max-image-preview":"max-image-preview:large","max-video-preview":"max-video-preview:-1"},"canonical":"https:\/\/news.ecclesia.org.br\/?p=24025","og_locale":"pt_BR","og_type":"article","og_title":"Mensagem do Papa (de Roma) na inaugura\u00e7\u00e3o da c\u00e1tedra ecum\u00eanica intitulada ao Patriarca Aten\u00e1goras | ECCLESIA NEWS","og_description":"Floren\u00e7a (RV) \u2013 O \u201cdi\u00e1logo\u201d e a \u201camizade fraterna\u201d entre cat\u00f3licos e ortodoxos s\u00e3o dois dos principais frutos do encontro realizado h\u00e1 50 anos entre o Patriarca ecum\u00eanico de Constantinopla Aten\u00e1goras e Chiara Lubich. \u00c9 o que destaca o Papa&#8230;","og_url":"https:\/\/news.ecclesia.org.br\/?p=24025","og_site_name":"ECCLESIA NEWS","article_publisher":"https:\/\/www.facebook.com\/Ecclesia2025","article_published_time":"2017-12-15T19:14:53+00:00","article_modified_time":"2017-12-15T19:15:48+00:00","og_image":[{"width":1600,"height":800,"url":"https:\/\/news.ecclesia.org.br\/wp-content\/uploads\/2017\/07\/paulo-vi-e-athenagoras.jpg","type":"image\/jpeg"}],"author":"Pe. Andr\u00e9","twitter_card":"summary_large_image","twitter_creator":"@EcclesiaNews","twitter_site":"@EcclesiaNews","twitter_misc":{"Escrito por":"Pe. Andr\u00e9","Est. tempo de leitura":"4 minutos"},"schema":{"@context":"https:\/\/schema.org","@graph":[{"@type":"Article","@id":"https:\/\/news.ecclesia.org.br\/?p=24025#article","isPartOf":{"@id":"https:\/\/news.ecclesia.org.br\/?p=24025"},"author":{"name":"Pe. Andr\u00e9","@id":"https:\/\/news.ecclesia.org.br\/#\/schema\/person\/6f09597f025829745ba414a569f63758"},"headline":"Mensagem do Papa (de Roma) na inaugura\u00e7\u00e3o da c\u00e1tedra ecum\u00eanica intitulada ao Patriarca Aten\u00e1goras","datePublished":"2017-12-15T19:14:53+00:00","dateModified":"2017-12-15T19:15:48+00:00","mainEntityOfPage":{"@id":"https:\/\/news.ecclesia.org.br\/?p=24025"},"wordCount":793,"commentCount":0,"publisher":{"@id":"https:\/\/news.ecclesia.org.br\/#organization"},"image":{"@id":"https:\/\/news.ecclesia.org.br\/?p=24025#primaryimage"},"thumbnailUrl":"https:\/\/news.ecclesia.org.br\/wp-content\/uploads\/2017\/07\/paulo-vi-e-athenagoras.jpg","articleSection":["NEWS"],"inLanguage":"pt-BR","potentialAction":[{"@type":"CommentAction","name":"Comment","target":["https:\/\/news.ecclesia.org.br\/?p=24025#respond"]}]},{"@type":"WebPage","@id":"https:\/\/news.ecclesia.org.br\/?p=24025","url":"https:\/\/news.ecclesia.org.br\/?p=24025","name":"Mensagem do Papa (de Roma) na inaugura\u00e7\u00e3o da c\u00e1tedra ecum\u00eanica intitulada ao Patriarca Aten\u00e1goras | ECCLESIA NEWS","isPartOf":{"@id":"https:\/\/news.ecclesia.org.br\/#website"},"primaryImageOfPage":{"@id":"https:\/\/news.ecclesia.org.br\/?p=24025#primaryimage"},"image":{"@id":"https:\/\/news.ecclesia.org.br\/?p=24025#primaryimage"},"thumbnailUrl":"https:\/\/news.ecclesia.org.br\/wp-content\/uploads\/2017\/07\/paulo-vi-e-athenagoras.jpg","datePublished":"2017-12-15T19:14:53+00:00","dateModified":"2017-12-15T19:15:48+00:00","breadcrumb":{"@id":"https:\/\/news.ecclesia.org.br\/?p=24025#breadcrumb"},"inLanguage":"pt-BR","potentialAction":[{"@type":"ReadAction","target":["https:\/\/news.ecclesia.org.br\/?p=24025"]}]},{"@type":"ImageObject","inLanguage":"pt-BR","@id":"https:\/\/news.ecclesia.org.br\/?p=24025#primaryimage","url":"https:\/\/news.ecclesia.org.br\/wp-content\/uploads\/2017\/07\/paulo-vi-e-athenagoras.jpg","contentUrl":"https:\/\/news.ecclesia.org.br\/wp-content\/uploads\/2017\/07\/paulo-vi-e-athenagoras.jpg","width":1600,"height":800,"caption":"Recorda\u00e7\u00e3o, em Constantinopla, pelo 45\u00b0 anivers\u00e1rio de morte do Patriarca Athen\u00e1goras"},{"@type":"BreadcrumbList","@id":"https:\/\/news.ecclesia.org.br\/?p=24025#breadcrumb","itemListElement":[{"@type":"ListItem","position":1,"name":"In\u00edcio","item":"https:\/\/news.ecclesia.org.br\/"},{"@type":"ListItem","position":2,"name":"Mensagem do Papa (de Roma) na inaugura\u00e7\u00e3o da c\u00e1tedra ecum\u00eanica intitulada ao Patriarca Aten\u00e1goras"}]},{"@type":"WebSite","@id":"https:\/\/news.ecclesia.org.br\/#website","url":"https:\/\/news.ecclesia.org.br\/","name":"Ecclesia Brasil","description":"Desde 2003 onectando o Brasil ao mundo ortodoxo!","publisher":{"@id":"https:\/\/news.ecclesia.org.br\/#organization"},"alternateName":"Ecclesia","potentialAction":[{"@type":"SearchAction","target":{"@type":"EntryPoint","urlTemplate":"https:\/\/news.ecclesia.org.br\/?s={search_term_string}"},"query-input":{"@type":"PropertyValueSpecification","valueRequired":true,"valueName":"search_term_string"}}],"inLanguage":"pt-BR"},{"@type":"Organization","@id":"https:\/\/news.ecclesia.org.br\/#organization","name":"Sacra Arquidiocese de Buenos Aires e Am\u00e9rica do Sul | Patriarcado Ecum\u00eanico","alternateName":"News Ecclesia Brasil","url":"https:\/\/news.ecclesia.org.br\/","logo":{"@type":"ImageObject","inLanguage":"pt-BR","@id":"https:\/\/news.ecclesia.org.br\/#\/schema\/logo\/image\/","url":"https:\/\/news.ecclesia.org.br\/wp-content\/uploads\/2025\/05\/ecclesia2.png","contentUrl":"https:\/\/news.ecclesia.org.br\/wp-content\/uploads\/2025\/05\/ecclesia2.png","width":480,"height":120,"caption":"Sacra Arquidiocese de Buenos Aires e Am\u00e9rica do Sul | Patriarcado Ecum\u00eanico"},"image":{"@id":"https:\/\/news.ecclesia.org.br\/#\/schema\/logo\/image\/"},"sameAs":["https:\/\/www.facebook.com\/Ecclesia2025","https:\/\/x.com\/EcclesiaNews","https:\/\/br.pinterest.com\/ekklisia\/","https:\/\/www.youtube.com\/@EcclesiaBrasil"]},{"@type":"Person","@id":"https:\/\/news.ecclesia.org.br\/#\/schema\/person\/6f09597f025829745ba414a569f63758","name":"Pe. Andr\u00e9","image":{"@type":"ImageObject","inLanguage":"pt-BR","@id":"https:\/\/secure.gravatar.com\/avatar\/b4327cfa27e9799da239a26adcd534fc29cdc0c4a4a148eecbcfeb9b42c617ac?s=96&d=mm&r=g","url":"https:\/\/secure.gravatar.com\/avatar\/b4327cfa27e9799da239a26adcd534fc29cdc0c4a4a148eecbcfeb9b42c617ac?s=96&d=mm&r=g","contentUrl":"https:\/\/secure.gravatar.com\/avatar\/b4327cfa27e9799da239a26adcd534fc29cdc0c4a4a148eecbcfeb9b42c617ac?s=96&d=mm&r=g","caption":"Pe. Andr\u00e9"},"sameAs":["https:\/\/www.ecclesia.org.br"]}]}},"_links":{"self":[{"href":"https:\/\/news.ecclesia.org.br\/index.php?rest_route=\/wp\/v2\/posts\/24025","targetHints":{"allow":["GET"]}}],"collection":[{"href":"https:\/\/news.ecclesia.org.br\/index.php?rest_route=\/wp\/v2\/posts"}],"about":[{"href":"https:\/\/news.ecclesia.org.br\/index.php?rest_route=\/wp\/v2\/types\/post"}],"author":[{"embeddable":true,"href":"https:\/\/news.ecclesia.org.br\/index.php?rest_route=\/wp\/v2\/users\/1"}],"replies":[{"embeddable":true,"href":"https:\/\/news.ecclesia.org.br\/index.php?rest_route=%2Fwp%2Fv2%2Fcomments&post=24025"}],"version-history":[{"count":0,"href":"https:\/\/news.ecclesia.org.br\/index.php?rest_route=\/wp\/v2\/posts\/24025\/revisions"}],"wp:featuredmedia":[{"embeddable":true,"href":"https:\/\/news.ecclesia.org.br\/index.php?rest_route=\/wp\/v2\/media\/23631"}],"wp:attachment":[{"href":"https:\/\/news.ecclesia.org.br\/index.php?rest_route=%2Fwp%2Fv2%2Fmedia&parent=24025"}],"wp:term":[{"taxonomy":"category","embeddable":true,"href":"https:\/\/news.ecclesia.org.br\/index.php?rest_route=%2Fwp%2Fv2%2Fcategories&post=24025"},{"taxonomy":"post_tag","embeddable":true,"href":"https:\/\/news.ecclesia.org.br\/index.php?rest_route=%2Fwp%2Fv2%2Ftags&post=24025"}],"curies":[{"name":"wp","href":"https:\/\/api.w.org\/{rel}","templated":true}]}}