{"id":24010,"date":"2017-12-04T17:49:57","date_gmt":"2017-12-04T17:49:57","guid":{"rendered":"https:\/\/news.ecclesia.org.br\/2013\/?p=24010"},"modified":"2017-12-04T17:52:42","modified_gmt":"2017-12-04T17:52:42","slug":"apos-restauracao-sera-reaberta-ao-publico-para-oracao-a-igreja-de-aya-yorgi-em-istambul","status":"publish","type":"post","link":"https:\/\/news.ecclesia.org.br\/?p=24010","title":{"rendered":"Ap\u00f3s restaura\u00e7\u00e3o, ser\u00e1 reaberta para a ora\u00e7\u00e3o a Igreja de Aya Yorgi, em Istambul"},"content":{"rendered":"<p style=\"text-align: justify;\"><strong>O investimento na obra de restaura\u00e7\u00e3o desta\u00a0igreja hist\u00f3rica foi de 4 milh\u00f5es de liras turcas.<\/strong><\/p>\n<p style=\"text-align: justify;\"><a href=\"https:\/\/news.ecclesia.org.br\/2013\/wp-content\/uploads\/2017\/12\/igreja-sao-jorge-istambul.jpg\"><img fetchpriority=\"high\" decoding=\"async\" class=\"alignleft size-medium wp-image-24011\" src=\"https:\/\/news.ecclesia.org.br\/2013\/wp-content\/uploads\/2017\/12\/igreja-sao-jorge-istambul-300x169.jpg\" alt=\"\" width=\"300\" height=\"169\" srcset=\"https:\/\/news.ecclesia.org.br\/wp-content\/uploads\/2017\/12\/igreja-sao-jorge-istambul-300x169.jpg 300w, https:\/\/news.ecclesia.org.br\/wp-content\/uploads\/2017\/12\/igreja-sao-jorge-istambul-600x337.jpg 600w, https:\/\/news.ecclesia.org.br\/wp-content\/uploads\/2017\/12\/igreja-sao-jorge-istambul-98x55.jpg 98w, https:\/\/news.ecclesia.org.br\/wp-content\/uploads\/2017\/12\/igreja-sao-jorge-istambul.jpg 610w\" sizes=\"(max-width: 300px) 100vw, 300px\" \/><\/a>03.12.2017 ~ 04.12.2017 &#8212; A hist\u00f3rica igreja ortodoxa grega de S\u00e3o Jorge, em Istambul (antiga Constantinopla), que tem uma hist\u00f3ria de 8.500 anos como ber\u00e7o das civiliza\u00e7\u00f5es, acaba de ser restaurada. Foram investidos 4 milh\u00f5es de liras turcas em 3 anos e, finalmente, amanh\u00e3 ser\u00e1 reaberta para a ora\u00e7\u00e3o. A restaura\u00e7\u00e3o inclui o templo, bem como as edifica\u00e7\u00f5es que comp\u00f5e o complexo em torno: a escola, a casa do sacerdote, a fonte e o muro que rodeia o jardim. Durante as restaura\u00e7\u00f5es foram descobertos dois epit\u00e1fios que tratam da hist\u00f3ria da igreja. Sua localiza\u00e7\u00e3o \u00e9 ao lado de uma das obras-primas de Sinan, o Arquiteto (Mimar Sinan), a Mesquita do Sult\u00e3o Mihrimah. O edif\u00edcio atual da igreja foi constru\u00eddo em 1836 e sua hist\u00f3ria remonta ao s\u00e9culo VIII.<\/p>\n<hr \/>\n<p style=\"text-align: right;\">Fonte: <a href=\"http:\/\/www.trt.net.tr\/portuguese\/cultura-e-arte\/2017\/12\/03\/se-inaugura-para-oracao-a-igreja-de-aya-yorgi-em-istambul-860415\" target=\"_blank\" rel=\"noopener\">TRT \u2013 R\u00e1dio e Televis\u00e3o da Turquia<\/a><\/p>\n","protected":false},"excerpt":{"rendered":"<p>O investimento na obra de restaura\u00e7\u00e3o desta\u00a0igreja hist\u00f3rica foi de 4 milh\u00f5es de liras turcas. 03.12.2017 ~ 04.12.2017 &#8212; A hist\u00f3rica igreja ortodoxa grega de S\u00e3o Jorge, em Istambul (antiga Constantinopla), que tem uma hist\u00f3ria de 8.500 anos como ber\u00e7o&#8230;<\/p>\n","protected":false},"author":1,"featured_media":24011,"comment_status":"open","ping_status":"open","sticky":false,"template":"","format":"standard","meta":{"_acf_changed":false,"footnotes":""},"categories":[1],"tags":[],"class_list":["post-24010","post","type-post","status-publish","format-standard","has-post-thumbnail","hentry","category-news","entry","rows-excerpt"],"acf":[],"yoast_head":"<!-- This site is optimized with the Yoast SEO plugin v27.5 - https:\/\/yoast.com\/product\/yoast-seo-wordpress\/ -->\n<title>Ap\u00f3s restaura\u00e7\u00e3o, ser\u00e1 reaberta para a ora\u00e7\u00e3o a Igreja de Aya Yorgi, em Istambul | ECCLESIA NEWS<\/title>\n<meta name=\"robots\" content=\"index, follow, max-snippet:-1, max-image-preview:large, max-video-preview:-1\" \/>\n<link rel=\"canonical\" href=\"https:\/\/news.ecclesia.org.br\/?p=24010\" \/>\n<meta property=\"og:locale\" content=\"pt_BR\" \/>\n<meta property=\"og:type\" content=\"article\" \/>\n<meta property=\"og:title\" content=\"Ap\u00f3s restaura\u00e7\u00e3o, ser\u00e1 reaberta para a ora\u00e7\u00e3o a Igreja de Aya Yorgi, em Istambul | ECCLESIA NEWS\" \/>\n<meta property=\"og:description\" content=\"O investimento na obra de restaura\u00e7\u00e3o desta\u00a0igreja hist\u00f3rica foi de 4 milh\u00f5es de liras turcas. 03.12.2017 ~ 04.12.2017 &#8212; A hist\u00f3rica igreja ortodoxa grega de S\u00e3o Jorge, em Istambul (antiga Constantinopla), que tem uma hist\u00f3ria de 8.500 anos como ber\u00e7o&#8230;\" \/>\n<meta property=\"og:url\" content=\"https:\/\/news.ecclesia.org.br\/?p=24010\" \/>\n<meta property=\"og:site_name\" content=\"ECCLESIA NEWS\" \/>\n<meta property=\"article:publisher\" content=\"https:\/\/www.facebook.com\/Ecclesia2025\" \/>\n<meta property=\"article:published_time\" content=\"2017-12-04T17:49:57+00:00\" \/>\n<meta property=\"article:modified_time\" content=\"2017-12-04T17:52:42+00:00\" \/>\n<meta property=\"og:image\" content=\"https:\/\/news.ecclesia.org.br\/wp-content\/uploads\/2017\/12\/igreja-sao-jorge-istambul.jpg\" \/>\n\t<meta property=\"og:image:width\" content=\"610\" \/>\n\t<meta property=\"og:image:height\" content=\"343\" \/>\n\t<meta property=\"og:image:type\" content=\"image\/jpeg\" \/>\n<meta name=\"author\" content=\"Pe. Andr\u00e9\" \/>\n<meta name=\"twitter:card\" content=\"summary_large_image\" \/>\n<meta name=\"twitter:creator\" content=\"@EcclesiaNews\" \/>\n<meta name=\"twitter:site\" content=\"@EcclesiaNews\" \/>\n<meta name=\"twitter:label1\" content=\"Escrito por\" \/>\n\t<meta name=\"twitter:data1\" content=\"Pe. Andr\u00e9\" \/>\n\t<meta name=\"twitter:label2\" content=\"Est. tempo de leitura\" \/>\n\t<meta name=\"twitter:data2\" content=\"1 minuto\" \/>\n<script type=\"application\/ld+json\" class=\"yoast-schema-graph\">{\"@context\":\"https:\\\/\\\/schema.org\",\"@graph\":[{\"@type\":\"Article\",\"@id\":\"https:\\\/\\\/news.ecclesia.org.br\\\/?p=24010#article\",\"isPartOf\":{\"@id\":\"https:\\\/\\\/news.ecclesia.org.br\\\/?p=24010\"},\"author\":{\"name\":\"Pe. Andr\u00e9\",\"@id\":\"https:\\\/\\\/news.ecclesia.org.br\\\/#\\\/schema\\\/person\\\/6f09597f025829745ba414a569f63758\"},\"headline\":\"Ap\u00f3s restaura\u00e7\u00e3o, ser\u00e1 reaberta para a ora\u00e7\u00e3o a Igreja de Aya Yorgi, em Istambul\",\"datePublished\":\"2017-12-04T17:49:57+00:00\",\"dateModified\":\"2017-12-04T17:52:42+00:00\",\"mainEntityOfPage\":{\"@id\":\"https:\\\/\\\/news.ecclesia.org.br\\\/?p=24010\"},\"wordCount\":183,\"commentCount\":0,\"publisher\":{\"@id\":\"https:\\\/\\\/news.ecclesia.org.br\\\/#organization\"},\"image\":{\"@id\":\"https:\\\/\\\/news.ecclesia.org.br\\\/?p=24010#primaryimage\"},\"thumbnailUrl\":\"https:\\\/\\\/news.ecclesia.org.br\\\/wp-content\\\/uploads\\\/2017\\\/12\\\/igreja-sao-jorge-istambul.jpg\",\"articleSection\":[\"NEWS\"],\"inLanguage\":\"pt-BR\",\"potentialAction\":[{\"@type\":\"CommentAction\",\"name\":\"Comment\",\"target\":[\"https:\\\/\\\/news.ecclesia.org.br\\\/?p=24010#respond\"]}]},{\"@type\":\"WebPage\",\"@id\":\"https:\\\/\\\/news.ecclesia.org.br\\\/?p=24010\",\"url\":\"https:\\\/\\\/news.ecclesia.org.br\\\/?p=24010\",\"name\":\"Ap\u00f3s restaura\u00e7\u00e3o, ser\u00e1 reaberta para a ora\u00e7\u00e3o a Igreja de Aya Yorgi, em Istambul | ECCLESIA NEWS\",\"isPartOf\":{\"@id\":\"https:\\\/\\\/news.ecclesia.org.br\\\/#website\"},\"primaryImageOfPage\":{\"@id\":\"https:\\\/\\\/news.ecclesia.org.br\\\/?p=24010#primaryimage\"},\"image\":{\"@id\":\"https:\\\/\\\/news.ecclesia.org.br\\\/?p=24010#primaryimage\"},\"thumbnailUrl\":\"https:\\\/\\\/news.ecclesia.org.br\\\/wp-content\\\/uploads\\\/2017\\\/12\\\/igreja-sao-jorge-istambul.jpg\",\"datePublished\":\"2017-12-04T17:49:57+00:00\",\"dateModified\":\"2017-12-04T17:52:42+00:00\",\"breadcrumb\":{\"@id\":\"https:\\\/\\\/news.ecclesia.org.br\\\/?p=24010#breadcrumb\"},\"inLanguage\":\"pt-BR\",\"potentialAction\":[{\"@type\":\"ReadAction\",\"target\":[\"https:\\\/\\\/news.ecclesia.org.br\\\/?p=24010\"]}]},{\"@type\":\"ImageObject\",\"inLanguage\":\"pt-BR\",\"@id\":\"https:\\\/\\\/news.ecclesia.org.br\\\/?p=24010#primaryimage\",\"url\":\"https:\\\/\\\/news.ecclesia.org.br\\\/wp-content\\\/uploads\\\/2017\\\/12\\\/igreja-sao-jorge-istambul.jpg\",\"contentUrl\":\"https:\\\/\\\/news.ecclesia.org.br\\\/wp-content\\\/uploads\\\/2017\\\/12\\\/igreja-sao-jorge-istambul.jpg\",\"width\":610,\"height\":343},{\"@type\":\"BreadcrumbList\",\"@id\":\"https:\\\/\\\/news.ecclesia.org.br\\\/?p=24010#breadcrumb\",\"itemListElement\":[{\"@type\":\"ListItem\",\"position\":1,\"name\":\"In\u00edcio\",\"item\":\"https:\\\/\\\/news.ecclesia.org.br\\\/\"},{\"@type\":\"ListItem\",\"position\":2,\"name\":\"Ap\u00f3s restaura\u00e7\u00e3o, ser\u00e1 reaberta para a ora\u00e7\u00e3o a Igreja de Aya Yorgi, em Istambul\"}]},{\"@type\":\"WebSite\",\"@id\":\"https:\\\/\\\/news.ecclesia.org.br\\\/#website\",\"url\":\"https:\\\/\\\/news.ecclesia.org.br\\\/\",\"name\":\"Ecclesia Brasil\",\"description\":\"Desde 2003 onectando o Brasil ao mundo ortodoxo!\",\"publisher\":{\"@id\":\"https:\\\/\\\/news.ecclesia.org.br\\\/#organization\"},\"alternateName\":\"Ecclesia\",\"potentialAction\":[{\"@type\":\"SearchAction\",\"target\":{\"@type\":\"EntryPoint\",\"urlTemplate\":\"https:\\\/\\\/news.ecclesia.org.br\\\/?s={search_term_string}\"},\"query-input\":{\"@type\":\"PropertyValueSpecification\",\"valueRequired\":true,\"valueName\":\"search_term_string\"}}],\"inLanguage\":\"pt-BR\"},{\"@type\":\"Organization\",\"@id\":\"https:\\\/\\\/news.ecclesia.org.br\\\/#organization\",\"name\":\"Sacra Arquidiocese de Buenos Aires e Am\u00e9rica do Sul | Patriarcado Ecum\u00eanico\",\"alternateName\":\"News Ecclesia Brasil\",\"url\":\"https:\\\/\\\/news.ecclesia.org.br\\\/\",\"logo\":{\"@type\":\"ImageObject\",\"inLanguage\":\"pt-BR\",\"@id\":\"https:\\\/\\\/news.ecclesia.org.br\\\/#\\\/schema\\\/logo\\\/image\\\/\",\"url\":\"https:\\\/\\\/news.ecclesia.org.br\\\/wp-content\\\/uploads\\\/2025\\\/05\\\/ecclesia2.png\",\"contentUrl\":\"https:\\\/\\\/news.ecclesia.org.br\\\/wp-content\\\/uploads\\\/2025\\\/05\\\/ecclesia2.png\",\"width\":480,\"height\":120,\"caption\":\"Sacra Arquidiocese de Buenos Aires e Am\u00e9rica do Sul | Patriarcado Ecum\u00eanico\"},\"image\":{\"@id\":\"https:\\\/\\\/news.ecclesia.org.br\\\/#\\\/schema\\\/logo\\\/image\\\/\"},\"sameAs\":[\"https:\\\/\\\/www.facebook.com\\\/Ecclesia2025\",\"https:\\\/\\\/x.com\\\/EcclesiaNews\",\"https:\\\/\\\/br.pinterest.com\\\/ekklisia\\\/\",\"https:\\\/\\\/www.youtube.com\\\/@EcclesiaBrasil\"]},{\"@type\":\"Person\",\"@id\":\"https:\\\/\\\/news.ecclesia.org.br\\\/#\\\/schema\\\/person\\\/6f09597f025829745ba414a569f63758\",\"name\":\"Pe. Andr\u00e9\",\"image\":{\"@type\":\"ImageObject\",\"inLanguage\":\"pt-BR\",\"@id\":\"https:\\\/\\\/secure.gravatar.com\\\/avatar\\\/b4327cfa27e9799da239a26adcd534fc29cdc0c4a4a148eecbcfeb9b42c617ac?s=96&d=mm&r=g\",\"url\":\"https:\\\/\\\/secure.gravatar.com\\\/avatar\\\/b4327cfa27e9799da239a26adcd534fc29cdc0c4a4a148eecbcfeb9b42c617ac?s=96&d=mm&r=g\",\"contentUrl\":\"https:\\\/\\\/secure.gravatar.com\\\/avatar\\\/b4327cfa27e9799da239a26adcd534fc29cdc0c4a4a148eecbcfeb9b42c617ac?s=96&d=mm&r=g\",\"caption\":\"Pe. Andr\u00e9\"},\"sameAs\":[\"https:\\\/\\\/www.ecclesia.org.br\"]}]}<\/script>\n<!-- \/ Yoast SEO plugin. -->","yoast_head_json":{"title":"Ap\u00f3s restaura\u00e7\u00e3o, ser\u00e1 reaberta para a ora\u00e7\u00e3o a Igreja de Aya Yorgi, em Istambul | ECCLESIA NEWS","robots":{"index":"index","follow":"follow","max-snippet":"max-snippet:-1","max-image-preview":"max-image-preview:large","max-video-preview":"max-video-preview:-1"},"canonical":"https:\/\/news.ecclesia.org.br\/?p=24010","og_locale":"pt_BR","og_type":"article","og_title":"Ap\u00f3s restaura\u00e7\u00e3o, ser\u00e1 reaberta para a ora\u00e7\u00e3o a Igreja de Aya Yorgi, em Istambul | ECCLESIA NEWS","og_description":"O investimento na obra de restaura\u00e7\u00e3o desta\u00a0igreja hist\u00f3rica foi de 4 milh\u00f5es de liras turcas. 03.12.2017 ~ 04.12.2017 &#8212; A hist\u00f3rica igreja ortodoxa grega de S\u00e3o Jorge, em Istambul (antiga Constantinopla), que tem uma hist\u00f3ria de 8.500 anos como ber\u00e7o&#8230;","og_url":"https:\/\/news.ecclesia.org.br\/?p=24010","og_site_name":"ECCLESIA NEWS","article_publisher":"https:\/\/www.facebook.com\/Ecclesia2025","article_published_time":"2017-12-04T17:49:57+00:00","article_modified_time":"2017-12-04T17:52:42+00:00","og_image":[{"width":610,"height":343,"url":"https:\/\/news.ecclesia.org.br\/wp-content\/uploads\/2017\/12\/igreja-sao-jorge-istambul.jpg","type":"image\/jpeg"}],"author":"Pe. Andr\u00e9","twitter_card":"summary_large_image","twitter_creator":"@EcclesiaNews","twitter_site":"@EcclesiaNews","twitter_misc":{"Escrito por":"Pe. Andr\u00e9","Est. tempo de leitura":"1 minuto"},"schema":{"@context":"https:\/\/schema.org","@graph":[{"@type":"Article","@id":"https:\/\/news.ecclesia.org.br\/?p=24010#article","isPartOf":{"@id":"https:\/\/news.ecclesia.org.br\/?p=24010"},"author":{"name":"Pe. Andr\u00e9","@id":"https:\/\/news.ecclesia.org.br\/#\/schema\/person\/6f09597f025829745ba414a569f63758"},"headline":"Ap\u00f3s restaura\u00e7\u00e3o, ser\u00e1 reaberta para a ora\u00e7\u00e3o a Igreja de Aya Yorgi, em Istambul","datePublished":"2017-12-04T17:49:57+00:00","dateModified":"2017-12-04T17:52:42+00:00","mainEntityOfPage":{"@id":"https:\/\/news.ecclesia.org.br\/?p=24010"},"wordCount":183,"commentCount":0,"publisher":{"@id":"https:\/\/news.ecclesia.org.br\/#organization"},"image":{"@id":"https:\/\/news.ecclesia.org.br\/?p=24010#primaryimage"},"thumbnailUrl":"https:\/\/news.ecclesia.org.br\/wp-content\/uploads\/2017\/12\/igreja-sao-jorge-istambul.jpg","articleSection":["NEWS"],"inLanguage":"pt-BR","potentialAction":[{"@type":"CommentAction","name":"Comment","target":["https:\/\/news.ecclesia.org.br\/?p=24010#respond"]}]},{"@type":"WebPage","@id":"https:\/\/news.ecclesia.org.br\/?p=24010","url":"https:\/\/news.ecclesia.org.br\/?p=24010","name":"Ap\u00f3s restaura\u00e7\u00e3o, ser\u00e1 reaberta para a ora\u00e7\u00e3o a Igreja de Aya Yorgi, em Istambul | ECCLESIA NEWS","isPartOf":{"@id":"https:\/\/news.ecclesia.org.br\/#website"},"primaryImageOfPage":{"@id":"https:\/\/news.ecclesia.org.br\/?p=24010#primaryimage"},"image":{"@id":"https:\/\/news.ecclesia.org.br\/?p=24010#primaryimage"},"thumbnailUrl":"https:\/\/news.ecclesia.org.br\/wp-content\/uploads\/2017\/12\/igreja-sao-jorge-istambul.jpg","datePublished":"2017-12-04T17:49:57+00:00","dateModified":"2017-12-04T17:52:42+00:00","breadcrumb":{"@id":"https:\/\/news.ecclesia.org.br\/?p=24010#breadcrumb"},"inLanguage":"pt-BR","potentialAction":[{"@type":"ReadAction","target":["https:\/\/news.ecclesia.org.br\/?p=24010"]}]},{"@type":"ImageObject","inLanguage":"pt-BR","@id":"https:\/\/news.ecclesia.org.br\/?p=24010#primaryimage","url":"https:\/\/news.ecclesia.org.br\/wp-content\/uploads\/2017\/12\/igreja-sao-jorge-istambul.jpg","contentUrl":"https:\/\/news.ecclesia.org.br\/wp-content\/uploads\/2017\/12\/igreja-sao-jorge-istambul.jpg","width":610,"height":343},{"@type":"BreadcrumbList","@id":"https:\/\/news.ecclesia.org.br\/?p=24010#breadcrumb","itemListElement":[{"@type":"ListItem","position":1,"name":"In\u00edcio","item":"https:\/\/news.ecclesia.org.br\/"},{"@type":"ListItem","position":2,"name":"Ap\u00f3s restaura\u00e7\u00e3o, ser\u00e1 reaberta para a ora\u00e7\u00e3o a Igreja de Aya Yorgi, em Istambul"}]},{"@type":"WebSite","@id":"https:\/\/news.ecclesia.org.br\/#website","url":"https:\/\/news.ecclesia.org.br\/","name":"Ecclesia Brasil","description":"Desde 2003 onectando o Brasil ao mundo ortodoxo!","publisher":{"@id":"https:\/\/news.ecclesia.org.br\/#organization"},"alternateName":"Ecclesia","potentialAction":[{"@type":"SearchAction","target":{"@type":"EntryPoint","urlTemplate":"https:\/\/news.ecclesia.org.br\/?s={search_term_string}"},"query-input":{"@type":"PropertyValueSpecification","valueRequired":true,"valueName":"search_term_string"}}],"inLanguage":"pt-BR"},{"@type":"Organization","@id":"https:\/\/news.ecclesia.org.br\/#organization","name":"Sacra Arquidiocese de Buenos Aires e Am\u00e9rica do Sul | Patriarcado Ecum\u00eanico","alternateName":"News Ecclesia Brasil","url":"https:\/\/news.ecclesia.org.br\/","logo":{"@type":"ImageObject","inLanguage":"pt-BR","@id":"https:\/\/news.ecclesia.org.br\/#\/schema\/logo\/image\/","url":"https:\/\/news.ecclesia.org.br\/wp-content\/uploads\/2025\/05\/ecclesia2.png","contentUrl":"https:\/\/news.ecclesia.org.br\/wp-content\/uploads\/2025\/05\/ecclesia2.png","width":480,"height":120,"caption":"Sacra Arquidiocese de Buenos Aires e Am\u00e9rica do Sul | Patriarcado Ecum\u00eanico"},"image":{"@id":"https:\/\/news.ecclesia.org.br\/#\/schema\/logo\/image\/"},"sameAs":["https:\/\/www.facebook.com\/Ecclesia2025","https:\/\/x.com\/EcclesiaNews","https:\/\/br.pinterest.com\/ekklisia\/","https:\/\/www.youtube.com\/@EcclesiaBrasil"]},{"@type":"Person","@id":"https:\/\/news.ecclesia.org.br\/#\/schema\/person\/6f09597f025829745ba414a569f63758","name":"Pe. Andr\u00e9","image":{"@type":"ImageObject","inLanguage":"pt-BR","@id":"https:\/\/secure.gravatar.com\/avatar\/b4327cfa27e9799da239a26adcd534fc29cdc0c4a4a148eecbcfeb9b42c617ac?s=96&d=mm&r=g","url":"https:\/\/secure.gravatar.com\/avatar\/b4327cfa27e9799da239a26adcd534fc29cdc0c4a4a148eecbcfeb9b42c617ac?s=96&d=mm&r=g","contentUrl":"https:\/\/secure.gravatar.com\/avatar\/b4327cfa27e9799da239a26adcd534fc29cdc0c4a4a148eecbcfeb9b42c617ac?s=96&d=mm&r=g","caption":"Pe. Andr\u00e9"},"sameAs":["https:\/\/www.ecclesia.org.br"]}]}},"_links":{"self":[{"href":"https:\/\/news.ecclesia.org.br\/index.php?rest_route=\/wp\/v2\/posts\/24010","targetHints":{"allow":["GET"]}}],"collection":[{"href":"https:\/\/news.ecclesia.org.br\/index.php?rest_route=\/wp\/v2\/posts"}],"about":[{"href":"https:\/\/news.ecclesia.org.br\/index.php?rest_route=\/wp\/v2\/types\/post"}],"author":[{"embeddable":true,"href":"https:\/\/news.ecclesia.org.br\/index.php?rest_route=\/wp\/v2\/users\/1"}],"replies":[{"embeddable":true,"href":"https:\/\/news.ecclesia.org.br\/index.php?rest_route=%2Fwp%2Fv2%2Fcomments&post=24010"}],"version-history":[{"count":0,"href":"https:\/\/news.ecclesia.org.br\/index.php?rest_route=\/wp\/v2\/posts\/24010\/revisions"}],"wp:featuredmedia":[{"embeddable":true,"href":"https:\/\/news.ecclesia.org.br\/index.php?rest_route=\/wp\/v2\/media\/24011"}],"wp:attachment":[{"href":"https:\/\/news.ecclesia.org.br\/index.php?rest_route=%2Fwp%2Fv2%2Fmedia&parent=24010"}],"wp:term":[{"taxonomy":"category","embeddable":true,"href":"https:\/\/news.ecclesia.org.br\/index.php?rest_route=%2Fwp%2Fv2%2Fcategories&post=24010"},{"taxonomy":"post_tag","embeddable":true,"href":"https:\/\/news.ecclesia.org.br\/index.php?rest_route=%2Fwp%2Fv2%2Ftags&post=24010"}],"curies":[{"name":"wp","href":"https:\/\/api.w.org\/{rel}","templated":true}]}}