{"id":23990,"date":"2017-11-30T23:06:43","date_gmt":"2017-11-30T23:06:43","guid":{"rendered":"https:\/\/news.ecclesia.org.br\/2013\/?p=23990"},"modified":"2021-07-22T19:52:46","modified_gmt":"2021-07-22T22:52:46","slug":"francisco-a-bartolomeu-i-urgente-crescer-rumo-a-comunhao-plena-e-visivel","status":"publish","type":"post","link":"https:\/\/news.ecclesia.org.br\/?p=23990","title":{"rendered":"Francisco a Bartolomeu I: &#8220;urgente crescer rumo a comunh\u00e3o plena e vis\u00edvel&#8221;"},"content":{"rendered":"<p style=\"text-align: right;\"><strong>Raimundo de Lima<\/strong><\/p>\n<p style=\"text-align: justify;\">Cidade do Vaticano (<a href=\"http:\/\/br.radiovaticana.va\/news\/2017\/11\/30\/papa_a_bartolomeu_urgente_crescer_na_comunh%C3%A3o_plena_vis%C3%ADvel\/1352200\" target=\"_blank\" rel=\"noopener noreferrer\">RV<\/a>), 30\/11\/2017 16:50 &#8211; \u201cHoje, ao render gra\u00e7as ao Deus do amor, na obedi\u00eancia \u00e0 vontade de nosso Senhor Jesus Cristo e na fidelidade ao ensinamento dos Ap\u00f3stolos, reconhecemos como \u00e9 urgente crescer rumo a uma comunh\u00e3o plena e vis\u00edvel.\u201d Palavras do Papa Francisco de Roma na Mensagem ao Patriarca Bartolomeu I, pela festa de Santo Andr\u00e9, celebrada esta quinta-feira, 30 de novembro, cujo ap\u00f3stolo &#8211; irm\u00e3o do ap\u00f3stolo Pedro \u2013 \u00e9 padroeiro do Patriarcado Ecum\u00eanico .<\/p>\n<p style=\"text-align: center;\"><strong><div id=\"galleria-23990\"><a href=\"https:\/\/news.ecclesia.org.br\/wp-content\/uploads\/2017\/11\/20171130001.jpg\"><img decoding=\"async\" title=\"20171130001\" alt=\"\" src=\"https:\/\/news.ecclesia.org.br\/wp-content\/uploads\/2017\/11\/20171130001-84x55.jpg\" data-big=\"https:\/\/news.ecclesia.org.br\/wp-content\/uploads\/2017\/11\/20171130001.jpg\"><\/a><a href=\"https:\/\/news.ecclesia.org.br\/wp-content\/uploads\/2017\/11\/20171130002.jpg\"><img decoding=\"async\" title=\"20171130002\" alt=\"\" src=\"https:\/\/news.ecclesia.org.br\/wp-content\/uploads\/2017\/11\/20171130002-41x55.jpg\" data-big=\"https:\/\/news.ecclesia.org.br\/wp-content\/uploads\/2017\/11\/20171130002.jpg\"><\/a><a href=\"https:\/\/news.ecclesia.org.br\/wp-content\/uploads\/2017\/11\/20171130003.jpg\"><img decoding=\"async\" title=\"20171130003\" alt=\"\" src=\"https:\/\/news.ecclesia.org.br\/wp-content\/uploads\/2017\/11\/20171130003-41x55.jpg\" data-big=\"https:\/\/news.ecclesia.org.br\/wp-content\/uploads\/2017\/11\/20171130003.jpg\"><\/a><a href=\"https:\/\/news.ecclesia.org.br\/wp-content\/uploads\/2017\/11\/20171130004.jpg\"><img decoding=\"async\" title=\"20171130004\" alt=\"\" src=\"https:\/\/news.ecclesia.org.br\/wp-content\/uploads\/2017\/11\/20171130004-41x55.jpg\" data-big=\"https:\/\/news.ecclesia.org.br\/wp-content\/uploads\/2017\/11\/20171130004.jpg\"><\/a><a href=\"https:\/\/news.ecclesia.org.br\/wp-content\/uploads\/2017\/11\/20171130005.jpg\"><img decoding=\"async\" title=\"20171130005\" alt=\"\" src=\"https:\/\/news.ecclesia.org.br\/wp-content\/uploads\/2017\/11\/20171130005-41x55.jpg\" data-big=\"https:\/\/news.ecclesia.org.br\/wp-content\/uploads\/2017\/11\/20171130005.jpg\"><\/a><a href=\"https:\/\/news.ecclesia.org.br\/wp-content\/uploads\/2017\/11\/20171130006.jpg\"><img decoding=\"async\" title=\"20171130006\" alt=\"\" src=\"https:\/\/news.ecclesia.org.br\/wp-content\/uploads\/2017\/11\/20171130006-41x55.jpg\" data-big=\"https:\/\/news.ecclesia.org.br\/wp-content\/uploads\/2017\/11\/20171130006.jpg\"><\/a><a href=\"https:\/\/news.ecclesia.org.br\/wp-content\/uploads\/2017\/11\/20171130007.jpg\"><img decoding=\"async\" title=\"20171130007\" alt=\"\" src=\"https:\/\/news.ecclesia.org.br\/wp-content\/uploads\/2017\/11\/20171130007-46x55.jpg\" data-big=\"https:\/\/news.ecclesia.org.br\/wp-content\/uploads\/2017\/11\/20171130007.jpg\"><\/a><a href=\"https:\/\/news.ecclesia.org.br\/wp-content\/uploads\/2017\/11\/20171130008.jpg\"><img decoding=\"async\" title=\"20171130008\" alt=\"\" src=\"https:\/\/news.ecclesia.org.br\/wp-content\/uploads\/2017\/11\/20171130008-41x55.jpg\" data-big=\"https:\/\/news.ecclesia.org.br\/wp-content\/uploads\/2017\/11\/20171130008.jpg\"><\/a><a href=\"https:\/\/news.ecclesia.org.br\/wp-content\/uploads\/2017\/11\/20171130009.jpg\"><img decoding=\"async\" title=\"20171130009\" alt=\"\" src=\"https:\/\/news.ecclesia.org.br\/wp-content\/uploads\/2017\/11\/20171130009-41x55.jpg\" data-big=\"https:\/\/news.ecclesia.org.br\/wp-content\/uploads\/2017\/11\/20171130009.jpg\"><\/a><a href=\"https:\/\/news.ecclesia.org.br\/wp-content\/uploads\/2017\/11\/20171130010.jpg\"><img decoding=\"async\" title=\"20171130010\" alt=\"\" src=\"https:\/\/news.ecclesia.org.br\/wp-content\/uploads\/2017\/11\/20171130010-41x55.jpg\" data-big=\"https:\/\/news.ecclesia.org.br\/wp-content\/uploads\/2017\/11\/20171130010.jpg\"><\/a><a href=\"https:\/\/news.ecclesia.org.br\/wp-content\/uploads\/2017\/11\/20171130011.jpg\"><img decoding=\"async\" title=\"20171130011\" alt=\"\" src=\"https:\/\/news.ecclesia.org.br\/wp-content\/uploads\/2017\/11\/20171130011-41x55.jpg\" data-big=\"https:\/\/news.ecclesia.org.br\/wp-content\/uploads\/2017\/11\/20171130011.jpg\"><\/a><a href=\"https:\/\/news.ecclesia.org.br\/wp-content\/uploads\/2017\/11\/20171130012.jpg\"><img decoding=\"async\" title=\"20171130012\" alt=\"\" src=\"https:\/\/news.ecclesia.org.br\/wp-content\/uploads\/2017\/11\/20171130012-41x55.jpg\" data-big=\"https:\/\/news.ecclesia.org.br\/wp-content\/uploads\/2017\/11\/20171130012.jpg\"><\/a><a href=\"https:\/\/news.ecclesia.org.br\/wp-content\/uploads\/2017\/11\/20171130013.jpg\"><img decoding=\"async\" title=\"20171130013\" alt=\"\" src=\"https:\/\/news.ecclesia.org.br\/wp-content\/uploads\/2017\/11\/20171130013-38x55.jpg\" data-big=\"https:\/\/news.ecclesia.org.br\/wp-content\/uploads\/2017\/11\/20171130013.jpg\"><\/a><a href=\"https:\/\/news.ecclesia.org.br\/wp-content\/uploads\/2017\/11\/20171130014.jpg\"><img decoding=\"async\" title=\"20171130014\" alt=\"\" src=\"https:\/\/news.ecclesia.org.br\/wp-content\/uploads\/2017\/11\/20171130014-41x55.jpg\" data-big=\"https:\/\/news.ecclesia.org.br\/wp-content\/uploads\/2017\/11\/20171130014.jpg\"><\/a><a href=\"https:\/\/news.ecclesia.org.br\/wp-content\/uploads\/2017\/11\/20171130015.jpg\"><img decoding=\"async\" title=\"20171130015\" alt=\"\" src=\"https:\/\/news.ecclesia.org.br\/wp-content\/uploads\/2017\/11\/20171130015-41x55.jpg\" data-big=\"https:\/\/news.ecclesia.org.br\/wp-content\/uploads\/2017\/11\/20171130015.jpg\"><\/a><a href=\"https:\/\/news.ecclesia.org.br\/wp-content\/uploads\/2017\/11\/20171130016.jpg\"><img decoding=\"async\" title=\"20171130016\" alt=\"\" src=\"https:\/\/news.ecclesia.org.br\/wp-content\/uploads\/2017\/11\/20171130016-73x55.jpg\" data-big=\"https:\/\/news.ecclesia.org.br\/wp-content\/uploads\/2017\/11\/20171130016.jpg\"><\/a><\/div><\/strong><\/p>\n<h3><strong>Tradicional troca de Delega\u00e7\u00f5es<\/strong><\/h3>\n<p style=\"text-align: justify;\">No quadro da tradicional troca de Delega\u00e7\u00f5es por ocasi\u00e3o das respectivas festas dos santos Padroeiros \u2013 29 de junho em Roma para a celebra\u00e7\u00e3o dos santos Pedro e Paulo e 30 de novembro em Istambul para a celebra\u00e7\u00e3o de Santo Andr\u00e9 \u2013, a Delega\u00e7\u00e3o vaticana \u00e9 conduzida pelo presidente do Pontif\u00edcio Conselho para a Promo\u00e7\u00e3o da Unidade dos Crist\u00e3os, Cardeal Kurt Koch, o qual entregou ao Patriarca ecum\u00eanico a Mensagem assinada pelo Santo Padre, lida na conclus\u00e3o da Divina Liturgia.<\/p>\n<p>\u201cMesmo distante de Roma, por causa de minha visita pastoral a Mianmar e Bangladesh, desejo dirigir minhas melhores felicita\u00e7\u00f5es fraternas a Vossa Santidade e aos membros do Santo S\u00ednodo, ao clero, aos monges e a todos os fi\u00e9is reunidos para a Divina Liturgia na Igreja Patriarcal de S\u00e3o Jorge para a comemora\u00e7\u00e3o lit\u00fargica de Santo Andr\u00e9\u201d, ressalta o Papa na mensagem.<\/p>\n<h3><strong>Solidariedade e proximidade espiritual rec\u00edprocas<\/strong><\/h3>\n<p style=\"text-align: justify;\">A delega\u00e7\u00e3o que enviei \u00e9 um sinal de minha solidariedade espiritual a vossa ora\u00e7\u00e3o de a\u00e7\u00e3o de gra\u00e7as e louvor por tudo aquilo que Deus Todo-Poderoso e Misericordioso realizou mediante o testemunho do Ap\u00f3stolo Andr\u00e9, afirma.<\/p>\n<p style=\"text-align: justify;\">Do mesmo modo, a Delega\u00e7\u00e3o do Patriarcado Ecum\u00eanico acolhida em Roma em junho passado demonstrou sua proximidade espiritual enquanto celebr\u00e1vamos as maravilhosas obras que Deus, fonte de todo bem, realizou mediante os Ap\u00f3stolos Pedro e Paulo, santos padroeiros da Igreja de Roma, prossegue.<\/p>\n<h3><strong>50 anos do hist\u00f3rico abra\u00e7o entre o Papa Paulo VI e o Patriarca Aten\u00e1goras<\/strong><\/h3>\n<p style=\"text-align: justify;\">Francisco expressa satisfa\u00e7\u00e3o pela comemora\u00e7\u00e3o da qual participou estes dias Bartolomeu I, do 50\u00ba anivers\u00e1rio da visita do Papa Paulo VI ao Fanar \u2013 sede do Patriarcado Ecum\u00eanico \u2013 em 25 de julho de 1967.<\/p>\n<p style=\"text-align: justify;\">O Papa lembra as palavras do Patriarca Aten\u00e1goras ao acolher Paulo VI, as quais podem continuar inspirando o di\u00e1logo entre nossas Igrejas: \u201cUnamos aquilo que foi dividido, onde for poss\u00edvel, a partir das a\u00e7\u00f5es em que ambas as Igrejas est\u00e3o envolvidas, dando maior for\u00e7a \u00e0s quest\u00f5es de f\u00e9 e de disciplina can\u00f4nica que temos em comum\u201d, destaca.<\/p>\n<h3><strong>Papa encoraja di\u00e1logo teol\u00f3gico entre ambas as Igrejas<\/strong><\/h3>\n<p style=\"text-align: justify;\">Francisco menciona ainda o Comit\u00ea de Coordena\u00e7\u00e3o da Comiss\u00e3o Conjunta Internacional para o Di\u00e1logo Teol\u00f3gico entre a Igreja Cat\u00f3lica e a Igreja Ortodoxa encorajando novamente este di\u00e1logo teol\u00f3gico.<\/p>\n<p style=\"text-align: justify;\">\u201cO consenso alcan\u00e7ado pelos cat\u00f3licos e pelos ortodoxos sobre alguns princ\u00edpios teol\u00f3gicos fundamentais que regulam a rela\u00e7\u00e3o entre primado e sinodalidade na vida da Igreja no primeiro mil\u00eanio pode servir para avaliar, tamb\u00e9m criticamente, algumas categorias e pr\u00e1ticas teol\u00f3gicas que se desenvolveram ao longo do segundo mil\u00eanio em conformidade com tais princ\u00edpios\u201d, l\u00ea-se na mensagem.<\/p>\n<h3><strong>Exerc\u00edcio do minist\u00e9rio petrino no contexto da sinodalidade e a servi\u00e7o da comunh\u00e3o da Igreja<\/strong><\/h3>\n<p style=\"text-align: justify;\">Este consenso pode permitir-nos prever um modo comum de entender o exerc\u00edcio do minist\u00e9rio do Bispo de Roma, no contexto da sinodalidade e a servi\u00e7o da comunh\u00e3o da Igreja no contexto atual, afirma o Papa acrescentando que \u201cesta tarefa delicada deve ser perseguida num clima de abertura rec\u00edproca e, sobretudo, em obedi\u00eancia ao pedido que o Esp\u00edrito Santo faz \u00e0 Igreja.<\/p>\n<p style=\"text-align: justify;\">Francisco conclui dizendo acompanhar com grande interesse a participa\u00e7\u00e3o do Patriarca em importantes eventos internacionais em defesa do cuidado da cria\u00e7\u00e3o, a conviv\u00eancia pac\u00edfica entre os povos de diferentes culturas e tradi\u00e7\u00f5es e a presen\u00e7a dos crist\u00e3os no Oriente M\u00e9dio, fazendo votos de que cat\u00f3licos e ortodoxos possam promover iniciativas conjuntas sobre esses temas, \u201cporque s\u00e3o muitos contextos em que ortodoxos e cat\u00f3licos j\u00e1 podem trabalhar juntos sem esperar o dia da plena e vis\u00edvel comunh\u00e3o\u201d.<\/p>\n<hr>\n<p style=\"text-align: right;\">Fonte: <a href=\"http:\/\/br.radiovaticana.va\/news\/2017\/11\/30\/papa_a_bartolomeu_urgente_crescer_na_comunh%C3%A3o_plena_vis%C3%ADvel\/1352200\" target=\"_blank\" rel=\"noopener noreferrer\">R\u00e1dio Vaticana<\/a><br \/>\nFotos: <a href=\"http:\/\/sacrametropolisortodoxa.blogspot.com.br\/2016\/06\/el-sacramento-del-matrimonio-y-sus_30.html\" target=\"_blank\" rel=\"noopener noreferrer\">Sacra Metr\u00f3pole de Espanha e Portugal<\/a><\/p>\n<p>&nbsp;<\/p>\n","protected":false},"excerpt":{"rendered":"<p>Raimundo de Lima Cidade do Vaticano (RV), 30\/11\/2017 16:50 &#8211; \u201cHoje, ao render gra\u00e7as ao Deus do amor, na obedi\u00eancia \u00e0 vontade de nosso Senhor Jesus Cristo e na fidelidade ao ensinamento dos Ap\u00f3stolos, reconhecemos como \u00e9 urgente crescer rumo&#8230;<\/p>\n","protected":false},"author":1,"featured_media":24004,"comment_status":"open","ping_status":"open","sticky":false,"template":"","format":"standard","meta":{"_acf_changed":false,"footnotes":""},"categories":[1,72],"tags":[],"class_list":["post-23990","post","type-post","status-publish","format-standard","has-post-thumbnail","hentry","category-news","category-patriarcado-ecumenico","entry","rows-excerpt"],"acf":[],"yoast_head":"<!-- This site is optimized with the Yoast SEO plugin v27.4 - https:\/\/yoast.com\/product\/yoast-seo-wordpress\/ -->\n<title>Francisco a Bartolomeu I: &quot;urgente crescer rumo a comunh\u00e3o plena e vis\u00edvel&quot; | ECCLESIA NEWS<\/title>\n<meta name=\"robots\" content=\"index, follow, max-snippet:-1, max-image-preview:large, max-video-preview:-1\" \/>\n<link rel=\"canonical\" href=\"https:\/\/news.ecclesia.org.br\/?p=23990\" \/>\n<meta property=\"og:locale\" content=\"pt_BR\" \/>\n<meta property=\"og:type\" content=\"article\" \/>\n<meta property=\"og:title\" content=\"Francisco a Bartolomeu I: &quot;urgente crescer rumo a comunh\u00e3o plena e vis\u00edvel&quot; | ECCLESIA NEWS\" \/>\n<meta property=\"og:description\" content=\"Raimundo de Lima Cidade do Vaticano (RV), 30\/11\/2017 16:50 &#8211; \u201cHoje, ao render gra\u00e7as ao Deus do amor, na obedi\u00eancia \u00e0 vontade de nosso Senhor Jesus Cristo e na fidelidade ao ensinamento dos Ap\u00f3stolos, reconhecemos como \u00e9 urgente crescer rumo&#8230;\" \/>\n<meta property=\"og:url\" content=\"https:\/\/news.ecclesia.org.br\/?p=23990\" \/>\n<meta property=\"og:site_name\" content=\"ECCLESIA NEWS\" \/>\n<meta property=\"article:publisher\" content=\"https:\/\/www.facebook.com\/Ecclesia2025\" \/>\n<meta property=\"article:published_time\" content=\"2017-11-30T23:06:43+00:00\" \/>\n<meta property=\"article:modified_time\" content=\"2021-07-22T22:52:46+00:00\" \/>\n<meta property=\"og:image\" content=\"https:\/\/news.ecclesia.org.br\/wp-content\/uploads\/2017\/11\/20171130014.jpg\" \/>\n\t<meta property=\"og:image:width\" content=\"600\" \/>\n\t<meta property=\"og:image:height\" content=\"800\" \/>\n\t<meta property=\"og:image:type\" content=\"image\/jpeg\" \/>\n<meta name=\"author\" content=\"Pe. Andr\u00e9\" \/>\n<meta name=\"twitter:card\" content=\"summary_large_image\" \/>\n<meta name=\"twitter:creator\" content=\"@EcclesiaNews\" \/>\n<meta name=\"twitter:site\" content=\"@EcclesiaNews\" \/>\n<meta name=\"twitter:label1\" content=\"Escrito por\" \/>\n\t<meta name=\"twitter:data1\" content=\"Pe. Andr\u00e9\" \/>\n\t<meta name=\"twitter:label2\" content=\"Est. tempo de leitura\" \/>\n\t<meta name=\"twitter:data2\" content=\"4 minutos\" \/>\n<script type=\"application\/ld+json\" class=\"yoast-schema-graph\">{\"@context\":\"https:\\\/\\\/schema.org\",\"@graph\":[{\"@type\":\"Article\",\"@id\":\"https:\\\/\\\/news.ecclesia.org.br\\\/?p=23990#article\",\"isPartOf\":{\"@id\":\"https:\\\/\\\/news.ecclesia.org.br\\\/?p=23990\"},\"author\":{\"name\":\"Pe. Andr\u00e9\",\"@id\":\"https:\\\/\\\/news.ecclesia.org.br\\\/#\\\/schema\\\/person\\\/6f09597f025829745ba414a569f63758\"},\"headline\":\"Francisco a Bartolomeu I: &#8220;urgente crescer rumo a comunh\u00e3o plena e vis\u00edvel&#8221;\",\"datePublished\":\"2017-11-30T23:06:43+00:00\",\"dateModified\":\"2021-07-22T22:52:46+00:00\",\"mainEntityOfPage\":{\"@id\":\"https:\\\/\\\/news.ecclesia.org.br\\\/?p=23990\"},\"wordCount\":766,\"commentCount\":0,\"publisher\":{\"@id\":\"https:\\\/\\\/news.ecclesia.org.br\\\/#organization\"},\"image\":{\"@id\":\"https:\\\/\\\/news.ecclesia.org.br\\\/?p=23990#primaryimage\"},\"thumbnailUrl\":\"https:\\\/\\\/news.ecclesia.org.br\\\/wp-content\\\/uploads\\\/2017\\\/11\\\/20171130014.jpg\",\"articleSection\":[\"NEWS\",\"Patriarcado Ecum\u00eanico\"],\"inLanguage\":\"pt-BR\",\"potentialAction\":[{\"@type\":\"CommentAction\",\"name\":\"Comment\",\"target\":[\"https:\\\/\\\/news.ecclesia.org.br\\\/?p=23990#respond\"]}]},{\"@type\":\"WebPage\",\"@id\":\"https:\\\/\\\/news.ecclesia.org.br\\\/?p=23990\",\"url\":\"https:\\\/\\\/news.ecclesia.org.br\\\/?p=23990\",\"name\":\"Francisco a Bartolomeu I: \\\"urgente crescer rumo a comunh\u00e3o plena e vis\u00edvel\\\" | ECCLESIA NEWS\",\"isPartOf\":{\"@id\":\"https:\\\/\\\/news.ecclesia.org.br\\\/#website\"},\"primaryImageOfPage\":{\"@id\":\"https:\\\/\\\/news.ecclesia.org.br\\\/?p=23990#primaryimage\"},\"image\":{\"@id\":\"https:\\\/\\\/news.ecclesia.org.br\\\/?p=23990#primaryimage\"},\"thumbnailUrl\":\"https:\\\/\\\/news.ecclesia.org.br\\\/wp-content\\\/uploads\\\/2017\\\/11\\\/20171130014.jpg\",\"datePublished\":\"2017-11-30T23:06:43+00:00\",\"dateModified\":\"2021-07-22T22:52:46+00:00\",\"breadcrumb\":{\"@id\":\"https:\\\/\\\/news.ecclesia.org.br\\\/?p=23990#breadcrumb\"},\"inLanguage\":\"pt-BR\",\"potentialAction\":[{\"@type\":\"ReadAction\",\"target\":[\"https:\\\/\\\/news.ecclesia.org.br\\\/?p=23990\"]}]},{\"@type\":\"ImageObject\",\"inLanguage\":\"pt-BR\",\"@id\":\"https:\\\/\\\/news.ecclesia.org.br\\\/?p=23990#primaryimage\",\"url\":\"https:\\\/\\\/news.ecclesia.org.br\\\/wp-content\\\/uploads\\\/2017\\\/11\\\/20171130014.jpg\",\"contentUrl\":\"https:\\\/\\\/news.ecclesia.org.br\\\/wp-content\\\/uploads\\\/2017\\\/11\\\/20171130014.jpg\",\"width\":600,\"height\":800},{\"@type\":\"BreadcrumbList\",\"@id\":\"https:\\\/\\\/news.ecclesia.org.br\\\/?p=23990#breadcrumb\",\"itemListElement\":[{\"@type\":\"ListItem\",\"position\":1,\"name\":\"In\u00edcio\",\"item\":\"https:\\\/\\\/news.ecclesia.org.br\\\/\"},{\"@type\":\"ListItem\",\"position\":2,\"name\":\"Francisco a Bartolomeu I: &#8220;urgente crescer rumo a comunh\u00e3o plena e vis\u00edvel&#8221;\"}]},{\"@type\":\"WebSite\",\"@id\":\"https:\\\/\\\/news.ecclesia.org.br\\\/#website\",\"url\":\"https:\\\/\\\/news.ecclesia.org.br\\\/\",\"name\":\"Ecclesia Brasil\",\"description\":\"Desde 2003 onectando o Brasil ao mundo ortodoxo!\",\"publisher\":{\"@id\":\"https:\\\/\\\/news.ecclesia.org.br\\\/#organization\"},\"alternateName\":\"Ecclesia\",\"potentialAction\":[{\"@type\":\"SearchAction\",\"target\":{\"@type\":\"EntryPoint\",\"urlTemplate\":\"https:\\\/\\\/news.ecclesia.org.br\\\/?s={search_term_string}\"},\"query-input\":{\"@type\":\"PropertyValueSpecification\",\"valueRequired\":true,\"valueName\":\"search_term_string\"}}],\"inLanguage\":\"pt-BR\"},{\"@type\":\"Organization\",\"@id\":\"https:\\\/\\\/news.ecclesia.org.br\\\/#organization\",\"name\":\"Sacra Arquidiocese de Buenos Aires e Am\u00e9rica do Sul | Patriarcado Ecum\u00eanico\",\"alternateName\":\"News Ecclesia Brasil\",\"url\":\"https:\\\/\\\/news.ecclesia.org.br\\\/\",\"logo\":{\"@type\":\"ImageObject\",\"inLanguage\":\"pt-BR\",\"@id\":\"https:\\\/\\\/news.ecclesia.org.br\\\/#\\\/schema\\\/logo\\\/image\\\/\",\"url\":\"https:\\\/\\\/news.ecclesia.org.br\\\/wp-content\\\/uploads\\\/2025\\\/05\\\/ecclesia2.png\",\"contentUrl\":\"https:\\\/\\\/news.ecclesia.org.br\\\/wp-content\\\/uploads\\\/2025\\\/05\\\/ecclesia2.png\",\"width\":480,\"height\":120,\"caption\":\"Sacra Arquidiocese de Buenos Aires e Am\u00e9rica do Sul | Patriarcado Ecum\u00eanico\"},\"image\":{\"@id\":\"https:\\\/\\\/news.ecclesia.org.br\\\/#\\\/schema\\\/logo\\\/image\\\/\"},\"sameAs\":[\"https:\\\/\\\/www.facebook.com\\\/Ecclesia2025\",\"https:\\\/\\\/x.com\\\/EcclesiaNews\",\"https:\\\/\\\/br.pinterest.com\\\/ekklisia\\\/\",\"https:\\\/\\\/www.youtube.com\\\/@EcclesiaBrasil\"]},{\"@type\":\"Person\",\"@id\":\"https:\\\/\\\/news.ecclesia.org.br\\\/#\\\/schema\\\/person\\\/6f09597f025829745ba414a569f63758\",\"name\":\"Pe. Andr\u00e9\",\"image\":{\"@type\":\"ImageObject\",\"inLanguage\":\"pt-BR\",\"@id\":\"https:\\\/\\\/secure.gravatar.com\\\/avatar\\\/b4327cfa27e9799da239a26adcd534fc29cdc0c4a4a148eecbcfeb9b42c617ac?s=96&d=mm&r=g\",\"url\":\"https:\\\/\\\/secure.gravatar.com\\\/avatar\\\/b4327cfa27e9799da239a26adcd534fc29cdc0c4a4a148eecbcfeb9b42c617ac?s=96&d=mm&r=g\",\"contentUrl\":\"https:\\\/\\\/secure.gravatar.com\\\/avatar\\\/b4327cfa27e9799da239a26adcd534fc29cdc0c4a4a148eecbcfeb9b42c617ac?s=96&d=mm&r=g\",\"caption\":\"Pe. Andr\u00e9\"},\"sameAs\":[\"https:\\\/\\\/www.ecclesia.org.br\"]}]}<\/script>\n<!-- \/ Yoast SEO plugin. -->","yoast_head_json":{"title":"Francisco a Bartolomeu I: \"urgente crescer rumo a comunh\u00e3o plena e vis\u00edvel\" | ECCLESIA NEWS","robots":{"index":"index","follow":"follow","max-snippet":"max-snippet:-1","max-image-preview":"max-image-preview:large","max-video-preview":"max-video-preview:-1"},"canonical":"https:\/\/news.ecclesia.org.br\/?p=23990","og_locale":"pt_BR","og_type":"article","og_title":"Francisco a Bartolomeu I: \"urgente crescer rumo a comunh\u00e3o plena e vis\u00edvel\" | ECCLESIA NEWS","og_description":"Raimundo de Lima Cidade do Vaticano (RV), 30\/11\/2017 16:50 &#8211; \u201cHoje, ao render gra\u00e7as ao Deus do amor, na obedi\u00eancia \u00e0 vontade de nosso Senhor Jesus Cristo e na fidelidade ao ensinamento dos Ap\u00f3stolos, reconhecemos como \u00e9 urgente crescer rumo&#8230;","og_url":"https:\/\/news.ecclesia.org.br\/?p=23990","og_site_name":"ECCLESIA NEWS","article_publisher":"https:\/\/www.facebook.com\/Ecclesia2025","article_published_time":"2017-11-30T23:06:43+00:00","article_modified_time":"2021-07-22T22:52:46+00:00","og_image":[{"width":600,"height":800,"url":"https:\/\/news.ecclesia.org.br\/wp-content\/uploads\/2017\/11\/20171130014.jpg","type":"image\/jpeg"}],"author":"Pe. Andr\u00e9","twitter_card":"summary_large_image","twitter_creator":"@EcclesiaNews","twitter_site":"@EcclesiaNews","twitter_misc":{"Escrito por":"Pe. Andr\u00e9","Est. tempo de leitura":"4 minutos"},"schema":{"@context":"https:\/\/schema.org","@graph":[{"@type":"Article","@id":"https:\/\/news.ecclesia.org.br\/?p=23990#article","isPartOf":{"@id":"https:\/\/news.ecclesia.org.br\/?p=23990"},"author":{"name":"Pe. Andr\u00e9","@id":"https:\/\/news.ecclesia.org.br\/#\/schema\/person\/6f09597f025829745ba414a569f63758"},"headline":"Francisco a Bartolomeu I: &#8220;urgente crescer rumo a comunh\u00e3o plena e vis\u00edvel&#8221;","datePublished":"2017-11-30T23:06:43+00:00","dateModified":"2021-07-22T22:52:46+00:00","mainEntityOfPage":{"@id":"https:\/\/news.ecclesia.org.br\/?p=23990"},"wordCount":766,"commentCount":0,"publisher":{"@id":"https:\/\/news.ecclesia.org.br\/#organization"},"image":{"@id":"https:\/\/news.ecclesia.org.br\/?p=23990#primaryimage"},"thumbnailUrl":"https:\/\/news.ecclesia.org.br\/wp-content\/uploads\/2017\/11\/20171130014.jpg","articleSection":["NEWS","Patriarcado Ecum\u00eanico"],"inLanguage":"pt-BR","potentialAction":[{"@type":"CommentAction","name":"Comment","target":["https:\/\/news.ecclesia.org.br\/?p=23990#respond"]}]},{"@type":"WebPage","@id":"https:\/\/news.ecclesia.org.br\/?p=23990","url":"https:\/\/news.ecclesia.org.br\/?p=23990","name":"Francisco a Bartolomeu I: \"urgente crescer rumo a comunh\u00e3o plena e vis\u00edvel\" | ECCLESIA NEWS","isPartOf":{"@id":"https:\/\/news.ecclesia.org.br\/#website"},"primaryImageOfPage":{"@id":"https:\/\/news.ecclesia.org.br\/?p=23990#primaryimage"},"image":{"@id":"https:\/\/news.ecclesia.org.br\/?p=23990#primaryimage"},"thumbnailUrl":"https:\/\/news.ecclesia.org.br\/wp-content\/uploads\/2017\/11\/20171130014.jpg","datePublished":"2017-11-30T23:06:43+00:00","dateModified":"2021-07-22T22:52:46+00:00","breadcrumb":{"@id":"https:\/\/news.ecclesia.org.br\/?p=23990#breadcrumb"},"inLanguage":"pt-BR","potentialAction":[{"@type":"ReadAction","target":["https:\/\/news.ecclesia.org.br\/?p=23990"]}]},{"@type":"ImageObject","inLanguage":"pt-BR","@id":"https:\/\/news.ecclesia.org.br\/?p=23990#primaryimage","url":"https:\/\/news.ecclesia.org.br\/wp-content\/uploads\/2017\/11\/20171130014.jpg","contentUrl":"https:\/\/news.ecclesia.org.br\/wp-content\/uploads\/2017\/11\/20171130014.jpg","width":600,"height":800},{"@type":"BreadcrumbList","@id":"https:\/\/news.ecclesia.org.br\/?p=23990#breadcrumb","itemListElement":[{"@type":"ListItem","position":1,"name":"In\u00edcio","item":"https:\/\/news.ecclesia.org.br\/"},{"@type":"ListItem","position":2,"name":"Francisco a Bartolomeu I: &#8220;urgente crescer rumo a comunh\u00e3o plena e vis\u00edvel&#8221;"}]},{"@type":"WebSite","@id":"https:\/\/news.ecclesia.org.br\/#website","url":"https:\/\/news.ecclesia.org.br\/","name":"Ecclesia Brasil","description":"Desde 2003 onectando o Brasil ao mundo ortodoxo!","publisher":{"@id":"https:\/\/news.ecclesia.org.br\/#organization"},"alternateName":"Ecclesia","potentialAction":[{"@type":"SearchAction","target":{"@type":"EntryPoint","urlTemplate":"https:\/\/news.ecclesia.org.br\/?s={search_term_string}"},"query-input":{"@type":"PropertyValueSpecification","valueRequired":true,"valueName":"search_term_string"}}],"inLanguage":"pt-BR"},{"@type":"Organization","@id":"https:\/\/news.ecclesia.org.br\/#organization","name":"Sacra Arquidiocese de Buenos Aires e Am\u00e9rica do Sul | Patriarcado Ecum\u00eanico","alternateName":"News Ecclesia Brasil","url":"https:\/\/news.ecclesia.org.br\/","logo":{"@type":"ImageObject","inLanguage":"pt-BR","@id":"https:\/\/news.ecclesia.org.br\/#\/schema\/logo\/image\/","url":"https:\/\/news.ecclesia.org.br\/wp-content\/uploads\/2025\/05\/ecclesia2.png","contentUrl":"https:\/\/news.ecclesia.org.br\/wp-content\/uploads\/2025\/05\/ecclesia2.png","width":480,"height":120,"caption":"Sacra Arquidiocese de Buenos Aires e Am\u00e9rica do Sul | Patriarcado Ecum\u00eanico"},"image":{"@id":"https:\/\/news.ecclesia.org.br\/#\/schema\/logo\/image\/"},"sameAs":["https:\/\/www.facebook.com\/Ecclesia2025","https:\/\/x.com\/EcclesiaNews","https:\/\/br.pinterest.com\/ekklisia\/","https:\/\/www.youtube.com\/@EcclesiaBrasil"]},{"@type":"Person","@id":"https:\/\/news.ecclesia.org.br\/#\/schema\/person\/6f09597f025829745ba414a569f63758","name":"Pe. Andr\u00e9","image":{"@type":"ImageObject","inLanguage":"pt-BR","@id":"https:\/\/secure.gravatar.com\/avatar\/b4327cfa27e9799da239a26adcd534fc29cdc0c4a4a148eecbcfeb9b42c617ac?s=96&d=mm&r=g","url":"https:\/\/secure.gravatar.com\/avatar\/b4327cfa27e9799da239a26adcd534fc29cdc0c4a4a148eecbcfeb9b42c617ac?s=96&d=mm&r=g","contentUrl":"https:\/\/secure.gravatar.com\/avatar\/b4327cfa27e9799da239a26adcd534fc29cdc0c4a4a148eecbcfeb9b42c617ac?s=96&d=mm&r=g","caption":"Pe. Andr\u00e9"},"sameAs":["https:\/\/www.ecclesia.org.br"]}]}},"_links":{"self":[{"href":"https:\/\/news.ecclesia.org.br\/index.php?rest_route=\/wp\/v2\/posts\/23990","targetHints":{"allow":["GET"]}}],"collection":[{"href":"https:\/\/news.ecclesia.org.br\/index.php?rest_route=\/wp\/v2\/posts"}],"about":[{"href":"https:\/\/news.ecclesia.org.br\/index.php?rest_route=\/wp\/v2\/types\/post"}],"author":[{"embeddable":true,"href":"https:\/\/news.ecclesia.org.br\/index.php?rest_route=\/wp\/v2\/users\/1"}],"replies":[{"embeddable":true,"href":"https:\/\/news.ecclesia.org.br\/index.php?rest_route=%2Fwp%2Fv2%2Fcomments&post=23990"}],"version-history":[{"count":1,"href":"https:\/\/news.ecclesia.org.br\/index.php?rest_route=\/wp\/v2\/posts\/23990\/revisions"}],"predecessor-version":[{"id":33950,"href":"https:\/\/news.ecclesia.org.br\/index.php?rest_route=\/wp\/v2\/posts\/23990\/revisions\/33950"}],"wp:featuredmedia":[{"embeddable":true,"href":"https:\/\/news.ecclesia.org.br\/index.php?rest_route=\/wp\/v2\/media\/24004"}],"wp:attachment":[{"href":"https:\/\/news.ecclesia.org.br\/index.php?rest_route=%2Fwp%2Fv2%2Fmedia&parent=23990"}],"wp:term":[{"taxonomy":"category","embeddable":true,"href":"https:\/\/news.ecclesia.org.br\/index.php?rest_route=%2Fwp%2Fv2%2Fcategories&post=23990"},{"taxonomy":"post_tag","embeddable":true,"href":"https:\/\/news.ecclesia.org.br\/index.php?rest_route=%2Fwp%2Fv2%2Ftags&post=23990"}],"curies":[{"name":"wp","href":"https:\/\/api.w.org\/{rel}","templated":true}]}}