{"id":23951,"date":"2017-11-27T15:22:22","date_gmt":"2017-11-27T15:22:22","guid":{"rendered":"https:\/\/news.ecclesia.org.br\/2013\/?p=23951"},"modified":"2017-11-28T19:33:08","modified_gmt":"2017-11-28T19:33:08","slug":"igreja-ortodoxa-tem-novo-santo","status":"publish","type":"post","link":"https:\/\/news.ecclesia.org.br\/?p=23951","title":{"rendered":"Igreja Ortodoxa tem novo santo"},"content":{"rendered":"<figure id=\"attachment_23975\" aria-describedby=\"caption-attachment-23975\" style=\"width: 300px\" class=\"wp-caption alignleft\"><a href=\"https:\/\/news.ecclesia.org.br\/2013\/wp-content\/uploads\/2017\/11\/gerontas-iakovos.jpg\" target=\"_blank\" rel=\"noopener\"><img fetchpriority=\"high\" decoding=\"async\" class=\"wp-image-23975\" src=\"https:\/\/news.ecclesia.org.br\/2013\/wp-content\/uploads\/2017\/11\/gerontas-iakovos-200x300.jpg\" alt=\"\" width=\"300\" height=\"450\" srcset=\"https:\/\/news.ecclesia.org.br\/wp-content\/uploads\/2017\/11\/gerontas-iakovos-200x300.jpg 200w, https:\/\/news.ecclesia.org.br\/wp-content\/uploads\/2017\/11\/gerontas-iakovos-600x900.jpg 600w, https:\/\/news.ecclesia.org.br\/wp-content\/uploads\/2017\/11\/gerontas-iakovos-37x55.jpg 37w, https:\/\/news.ecclesia.org.br\/wp-content\/uploads\/2017\/11\/gerontas-iakovos.jpg 640w\" sizes=\"(max-width: 300px) 100vw, 300px\" \/><\/a><figcaption id=\"caption-attachment-23975\" class=\"wp-caption-text\">O Patriarca Ecum\u00eanico com um \u00edcone do novo santo, (final de outubro de 2016)<\/figcaption><\/figure>\n<p style=\"text-align: justify;\">Em sess\u00e3o da \u00faltima segunda-feira, dia 27 de novembro de 2017, o Santo S\u00ednodo do Patriarcado Ecum\u00eanico, reunido, no Fanar, sob a presid\u00eancia de sua Santidade Bartolomeu I, Patriarca Ecum\u00eanico, anunciou a canoniza\u00e7\u00e3o de S\u00e3o Iakovos (Santiago Tsalikis), do Monast\u00e9rio de S\u00e3o Davi, em Eubeia (1920-1991), Gr\u00e9cia, estabelecendo que seja comemorado anualmente em 22 de novembro na Igreja Ortodoxa.<\/p>\n<p style=\"text-align: justify;\">Padre Iakovos (Santiago) Tsalikis nasceu em 05 de novembro de 1920, em lebisi da \u00c1sia menor. Em 1922, devido ao \u00caxodo das fam\u00edlias gregas para a Gr\u00e9cia, sua fam\u00edlia desloca-se para Atenas e depois ao povoado de Faracla de Evia. Em 1933, Iakovos conclui seus estudo fundamental e, devido \u00e0 falta de recursos econ\u00f4micos, ajuda o seu pai no trabalho. De 1947 a 1949 presta servi\u00e7o militar. Em 1951, dirige-se ao Monast\u00e9rio de S\u00e3o Davi, em Eubeia, onde se torna monge em 30 de novembro de 1952. Nesse mesmo ano, \u00e9 ordenado di\u00e1cono e sacerdote em 17 e 19 de dezembro, respectivamente. Em 21 de novembro de 1991, na festa da Apresenta\u00e7\u00e3o da Virgem Maria no Templo, o j\u00e1 anci\u00e3o Iakovos, superior do Monast\u00e9rio e pai espiritual de milhares de pessoas, parte para a casa do Senhor.<\/p>\n<p style=\"text-align: justify;\">A vida de Iakovos \u00e9 cheia de p\u00e9rolas de virtudes, do amor a Deus e ao pr\u00f3ximo, uma vida de ora\u00e7\u00e3o e de servi\u00e7o ao Senhor e a todos os necessitados que acorriam a ele e ao monast\u00e9rio onde vivia. Contemplar seu rosto era suficiente para entender o que significa uma vida de virtude e de consagra\u00e7\u00e3o plena a Deus e \u00e0 a\u00e7\u00e3o do Esp\u00edrito Santo. Embora Deus lhe tenha concedido realizar muitos milagres, o que mais impacta em sua vida \u00e9 sua f\u00e9 no Senhor, sua compaix\u00e3o e capacidade de doa\u00e7\u00e3o para com todas as pessoas.\u00a0 Como Pai Espiritual, ajudou a milhares de pessoas a encontrar o caminho da Igreja, da confiss\u00e3o, dos sacramentos, da virtude, de uma vida crist\u00e3 genu\u00edna. Pessoalmente, era conhecido por suas vig\u00edlias e jejum que fazia de forma ininterrupta, apesar das m\u00faltiplas interven\u00e7\u00f5es cir\u00fargicas que precisou fazer. Mas a enfermidade n\u00e3o o impedia de orar e de participar de todas as celebra\u00e7\u00f5es lit\u00fargicas do monast\u00e9rio, al\u00e9m de atender aos peregrinos e paroquianos que a ele acorriam. Desde a sua inf\u00e2ncia, amava a ora\u00e7\u00e3o e a vida mon\u00e1stica.\u00a0 Certa vez,\u00a0 quando rezava em sua capela, ainda crian\u00e7a,\u00a0apareceu-lhe santa Paraskevi e previu o futuro que teria na Igreja. Al\u00e9m disso, na falta de sacerdote em seu povoado, as pessoas lhe pediam que dirigisse ora\u00e7\u00f5es pelos doentes, pelos endemoninhados, por todas as circunst\u00e2ncias, pois j\u00e1 lhe chamavam &#8220;Padre Iakovos&#8221; desde antes de ter chegado \u00e0 adolesc\u00eancia. Soube conservar a pureza da sua alma ao longo da sua vida, por sua determina\u00e7\u00e3o de se consagrar ao Senhor, e seu desejo de a Ele se entregar completamente. Nisso, tinha muito de sua m\u00e3e, Teodora, uma santa pessoa que lhe transmitiu a f\u00e9 e o amor a Deus, e quem lhe deu a b\u00ean\u00e7\u00e3o para seguir o caminho do sacerd\u00f3cio e da vida mon\u00e1stica. Mntinha com o santo padroeiro de seu monast\u00e9rio, S\u00e3o Davi de eubeia, uma \u00edntima rela\u00e7\u00e3o espiritual, assim como com s\u00e3o Jo\u00e3o, o Russo, o novo m\u00e1rtir, cujo templo e rel\u00edquias se encontram na mesma ilha.<\/p>\n<p style=\"text-align: justify;\">As rel\u00edquias de S\u00e3o\u00a0Iakovos encontram-se no monast\u00e9rio onde viveu a sua vida mon\u00e1stica durante quatro d\u00e9cadas, em Eubeia, na Gr\u00e9cia.<\/p>\n<p>Pelas ora\u00e7\u00f5es do nosso santo padre Iakovos, Senhor Jesus Cristo, Deus nosso, tende piedade de n\u00f3s, e salva-nos!<\/p>\n<div id=\"galleria-23951\"><a href=\"https:\/\/news.ecclesia.org.br\/wp-content\/uploads\/2017\/11\/2.jpg\"><img decoding=\"async\" title=\"2\" alt=\"\" src=\"https:\/\/news.ecclesia.org.br\/wp-content\/uploads\/2017\/11\/2-41x55.jpg\" data-big=\"https:\/\/news.ecclesia.org.br\/wp-content\/uploads\/2017\/11\/2.jpg\"><\/a><a href=\"https:\/\/news.ecclesia.org.br\/wp-content\/uploads\/2017\/11\/3.jpg\"><img decoding=\"async\" title=\"3\" alt=\"\" src=\"https:\/\/news.ecclesia.org.br\/wp-content\/uploads\/2017\/11\/3-40x55.jpg\" data-big=\"https:\/\/news.ecclesia.org.br\/wp-content\/uploads\/2017\/11\/3.jpg\"><\/a><a href=\"https:\/\/news.ecclesia.org.br\/wp-content\/uploads\/2017\/11\/4.jpg\"><img decoding=\"async\" title=\"4\" alt=\"\" src=\"https:\/\/news.ecclesia.org.br\/wp-content\/uploads\/2017\/11\/4-40x55.jpg\" data-big=\"https:\/\/news.ecclesia.org.br\/wp-content\/uploads\/2017\/11\/4.jpg\"><\/a><a href=\"https:\/\/news.ecclesia.org.br\/wp-content\/uploads\/2017\/11\/5.jpg\"><img decoding=\"async\" title=\"5\" alt=\"\" src=\"https:\/\/news.ecclesia.org.br\/wp-content\/uploads\/2017\/11\/5-38x55.jpg\" data-big=\"https:\/\/news.ecclesia.org.br\/wp-content\/uploads\/2017\/11\/5.jpg\"><\/a><a href=\"https:\/\/news.ecclesia.org.br\/wp-content\/uploads\/2017\/11\/6.jpg\"><img decoding=\"async\" title=\"6\" alt=\"\" src=\"https:\/\/news.ecclesia.org.br\/wp-content\/uploads\/2017\/11\/6-36x55.jpg\" data-big=\"https:\/\/news.ecclesia.org.br\/wp-content\/uploads\/2017\/11\/6.jpg\"><\/a><a href=\"https:\/\/news.ecclesia.org.br\/wp-content\/uploads\/2017\/11\/7.jpg\"><img decoding=\"async\" title=\"7\" alt=\"\" src=\"https:\/\/news.ecclesia.org.br\/wp-content\/uploads\/2017\/11\/7-86x55.jpg\" data-big=\"https:\/\/news.ecclesia.org.br\/wp-content\/uploads\/2017\/11\/7.jpg\"><\/a><a href=\"https:\/\/news.ecclesia.org.br\/wp-content\/uploads\/2017\/11\/8.jpg\"><img decoding=\"async\" title=\"8\" alt=\"\" src=\"https:\/\/news.ecclesia.org.br\/wp-content\/uploads\/2017\/11\/8-94x55.jpg\" data-big=\"https:\/\/news.ecclesia.org.br\/wp-content\/uploads\/2017\/11\/8.jpg\"><\/a><a href=\"https:\/\/news.ecclesia.org.br\/wp-content\/uploads\/2017\/11\/9.jpg\"><img decoding=\"async\" title=\"9\" alt=\"\" src=\"https:\/\/news.ecclesia.org.br\/wp-content\/uploads\/2017\/11\/9-95x55.jpg\" data-big=\"https:\/\/news.ecclesia.org.br\/wp-content\/uploads\/2017\/11\/9.jpg\"><\/a><a href=\"https:\/\/news.ecclesia.org.br\/wp-content\/uploads\/2017\/11\/10.jpg\"><img decoding=\"async\" title=\"10\" alt=\"\" src=\"https:\/\/news.ecclesia.org.br\/wp-content\/uploads\/2017\/11\/10-86x55.jpg\" data-big=\"https:\/\/news.ecclesia.org.br\/wp-content\/uploads\/2017\/11\/10.jpg\"><\/a><a href=\"https:\/\/news.ecclesia.org.br\/wp-content\/uploads\/2017\/11\/11.jpg\"><img decoding=\"async\" title=\"11\" alt=\"\" src=\"https:\/\/news.ecclesia.org.br\/wp-content\/uploads\/2017\/11\/11-89x55.jpg\" data-big=\"https:\/\/news.ecclesia.org.br\/wp-content\/uploads\/2017\/11\/11.jpg\"><\/a><a href=\"https:\/\/news.ecclesia.org.br\/wp-content\/uploads\/2017\/11\/12.jpg\"><img decoding=\"async\" title=\"12\" alt=\"\" src=\"https:\/\/news.ecclesia.org.br\/wp-content\/uploads\/2017\/11\/12-90x55.jpg\" data-big=\"https:\/\/news.ecclesia.org.br\/wp-content\/uploads\/2017\/11\/12.jpg\"><\/a><a href=\"https:\/\/news.ecclesia.org.br\/wp-content\/uploads\/2017\/11\/13.jpg\"><img decoding=\"async\" title=\"13\" alt=\"\" src=\"https:\/\/news.ecclesia.org.br\/wp-content\/uploads\/2017\/11\/13-86x55.jpg\" data-big=\"https:\/\/news.ecclesia.org.br\/wp-content\/uploads\/2017\/11\/13.jpg\"><\/a><a href=\"https:\/\/news.ecclesia.org.br\/wp-content\/uploads\/2017\/11\/14.jpg\"><img decoding=\"async\" title=\"14\" alt=\"\" src=\"https:\/\/news.ecclesia.org.br\/wp-content\/uploads\/2017\/11\/14-79x55.jpg\" data-big=\"https:\/\/news.ecclesia.org.br\/wp-content\/uploads\/2017\/11\/14.jpg\"><\/a><a href=\"https:\/\/news.ecclesia.org.br\/wp-content\/uploads\/2017\/11\/15.jpg\"><img decoding=\"async\" title=\"15\" alt=\"\" src=\"https:\/\/news.ecclesia.org.br\/wp-content\/uploads\/2017\/11\/15-82x55.jpg\" data-big=\"https:\/\/news.ecclesia.org.br\/wp-content\/uploads\/2017\/11\/15.jpg\"><\/a><a href=\"https:\/\/news.ecclesia.org.br\/wp-content\/uploads\/2017\/11\/gerontas-iakovos.jpg\"><img decoding=\"async\" title=\"gerontas-iakovos\" alt=\"O Patriarca Ecum\u00eanico com uma foto \ndo novo santo, Iacovou Tsaliki (final de outubro de 2016)\" src=\"https:\/\/news.ecclesia.org.br\/wp-content\/uploads\/2017\/11\/gerontas-iakovos-37x55.jpg\" data-big=\"https:\/\/news.ecclesia.org.br\/wp-content\/uploads\/2017\/11\/gerontas-iakovos.jpg\"><\/a><\/div>\n<hr \/>\n<p style=\"text-align: right;\">Fonte: <a href=\"http:\/\/sacrametropolisortodoxa.blogspot.com.br\/2017\/11\/un-nuevo-santo-de-la-iglesia-ortodoxa.html\">Sacra Metr\u00f3pole de Espanha e Portugal<\/a><br \/>\nFotos: <a href=\"http:\/\/www.orthodoxphotos.com\/Orthodox_Elders\/Greek\/Fr._Jacov_Tsalikis\/\" target=\"_blank\" rel=\"noopener\">Orthodox Photos<\/a><\/p>\n","protected":false},"excerpt":{"rendered":"<p>Em sess\u00e3o da \u00faltima segunda-feira, dia 27 de novembro de 2017, o Santo S\u00ednodo do Patriarcado Ecum\u00eanico, reunido, no Fanar, sob a presid\u00eancia de sua Santidade Bartolomeu I, Patriarca Ecum\u00eanico, anunciou a canoniza\u00e7\u00e3o de S\u00e3o Iakovos (Santiago Tsalikis), do Monast\u00e9rio&#8230;<\/p>\n","protected":false},"author":1,"featured_media":0,"comment_status":"open","ping_status":"open","sticky":false,"template":"","format":"standard","meta":{"_acf_changed":false,"footnotes":""},"categories":[72],"tags":[],"class_list":["post-23951","post","type-post","status-publish","format-standard","hentry","category-patriarcado-ecumenico","entry","rows-excerpt"],"acf":[],"yoast_head":"<!-- This site is optimized with the Yoast SEO plugin v27.4 - https:\/\/yoast.com\/product\/yoast-seo-wordpress\/ -->\n<title>Igreja Ortodoxa tem novo santo | ECCLESIA NEWS<\/title>\n<meta name=\"robots\" content=\"index, follow, max-snippet:-1, max-image-preview:large, max-video-preview:-1\" \/>\n<link rel=\"canonical\" href=\"https:\/\/news.ecclesia.org.br\/?p=23951\" \/>\n<meta property=\"og:locale\" content=\"pt_BR\" \/>\n<meta property=\"og:type\" content=\"article\" \/>\n<meta property=\"og:title\" content=\"Igreja Ortodoxa tem novo santo | ECCLESIA NEWS\" \/>\n<meta property=\"og:description\" content=\"Em sess\u00e3o da \u00faltima segunda-feira, dia 27 de novembro de 2017, o Santo S\u00ednodo do Patriarcado Ecum\u00eanico, reunido, no Fanar, sob a presid\u00eancia de sua Santidade Bartolomeu I, Patriarca Ecum\u00eanico, anunciou a canoniza\u00e7\u00e3o de S\u00e3o Iakovos (Santiago Tsalikis), do Monast\u00e9rio&#8230;\" \/>\n<meta property=\"og:url\" content=\"https:\/\/news.ecclesia.org.br\/?p=23951\" \/>\n<meta property=\"og:site_name\" content=\"ECCLESIA NEWS\" \/>\n<meta property=\"article:publisher\" content=\"https:\/\/www.facebook.com\/Ecclesia2025\" \/>\n<meta property=\"article:published_time\" content=\"2017-11-27T15:22:22+00:00\" \/>\n<meta property=\"article:modified_time\" content=\"2017-11-28T19:33:08+00:00\" \/>\n<meta property=\"og:image\" content=\"https:\/\/news.ecclesia.org.br\/2013\/wp-content\/uploads\/2017\/11\/gerontas-iakovos-200x300.jpg\" \/>\n<meta name=\"author\" content=\"Pe. Andr\u00e9\" \/>\n<meta name=\"twitter:card\" content=\"summary_large_image\" \/>\n<meta name=\"twitter:creator\" content=\"@EcclesiaNews\" \/>\n<meta name=\"twitter:site\" content=\"@EcclesiaNews\" \/>\n<meta name=\"twitter:label1\" content=\"Escrito por\" \/>\n\t<meta name=\"twitter:data1\" content=\"Pe. Andr\u00e9\" \/>\n\t<meta name=\"twitter:label2\" content=\"Est. tempo de leitura\" \/>\n\t<meta name=\"twitter:data2\" content=\"3 minutos\" \/>\n<script type=\"application\/ld+json\" class=\"yoast-schema-graph\">{\"@context\":\"https:\\\/\\\/schema.org\",\"@graph\":[{\"@type\":\"Article\",\"@id\":\"https:\\\/\\\/news.ecclesia.org.br\\\/?p=23951#article\",\"isPartOf\":{\"@id\":\"https:\\\/\\\/news.ecclesia.org.br\\\/?p=23951\"},\"author\":{\"name\":\"Pe. Andr\u00e9\",\"@id\":\"https:\\\/\\\/news.ecclesia.org.br\\\/#\\\/schema\\\/person\\\/6f09597f025829745ba414a569f63758\"},\"headline\":\"Igreja Ortodoxa tem novo santo\",\"datePublished\":\"2017-11-27T15:22:22+00:00\",\"dateModified\":\"2017-11-28T19:33:08+00:00\",\"mainEntityOfPage\":{\"@id\":\"https:\\\/\\\/news.ecclesia.org.br\\\/?p=23951\"},\"wordCount\":664,\"commentCount\":0,\"publisher\":{\"@id\":\"https:\\\/\\\/news.ecclesia.org.br\\\/#organization\"},\"image\":{\"@id\":\"https:\\\/\\\/news.ecclesia.org.br\\\/?p=23951#primaryimage\"},\"thumbnailUrl\":\"https:\\\/\\\/news.ecclesia.org.br\\\/2013\\\/wp-content\\\/uploads\\\/2017\\\/11\\\/gerontas-iakovos-200x300.jpg\",\"articleSection\":[\"Patriarcado Ecum\u00eanico\"],\"inLanguage\":\"pt-BR\",\"potentialAction\":[{\"@type\":\"CommentAction\",\"name\":\"Comment\",\"target\":[\"https:\\\/\\\/news.ecclesia.org.br\\\/?p=23951#respond\"]}]},{\"@type\":\"WebPage\",\"@id\":\"https:\\\/\\\/news.ecclesia.org.br\\\/?p=23951\",\"url\":\"https:\\\/\\\/news.ecclesia.org.br\\\/?p=23951\",\"name\":\"Igreja Ortodoxa tem novo santo | ECCLESIA NEWS\",\"isPartOf\":{\"@id\":\"https:\\\/\\\/news.ecclesia.org.br\\\/#website\"},\"primaryImageOfPage\":{\"@id\":\"https:\\\/\\\/news.ecclesia.org.br\\\/?p=23951#primaryimage\"},\"image\":{\"@id\":\"https:\\\/\\\/news.ecclesia.org.br\\\/?p=23951#primaryimage\"},\"thumbnailUrl\":\"https:\\\/\\\/news.ecclesia.org.br\\\/2013\\\/wp-content\\\/uploads\\\/2017\\\/11\\\/gerontas-iakovos-200x300.jpg\",\"datePublished\":\"2017-11-27T15:22:22+00:00\",\"dateModified\":\"2017-11-28T19:33:08+00:00\",\"breadcrumb\":{\"@id\":\"https:\\\/\\\/news.ecclesia.org.br\\\/?p=23951#breadcrumb\"},\"inLanguage\":\"pt-BR\",\"potentialAction\":[{\"@type\":\"ReadAction\",\"target\":[\"https:\\\/\\\/news.ecclesia.org.br\\\/?p=23951\"]}]},{\"@type\":\"ImageObject\",\"inLanguage\":\"pt-BR\",\"@id\":\"https:\\\/\\\/news.ecclesia.org.br\\\/?p=23951#primaryimage\",\"url\":\"https:\\\/\\\/news.ecclesia.org.br\\\/wp-content\\\/uploads\\\/2017\\\/11\\\/gerontas-iakovos.jpg\",\"contentUrl\":\"https:\\\/\\\/news.ecclesia.org.br\\\/wp-content\\\/uploads\\\/2017\\\/11\\\/gerontas-iakovos.jpg\",\"width\":640,\"height\":960},{\"@type\":\"BreadcrumbList\",\"@id\":\"https:\\\/\\\/news.ecclesia.org.br\\\/?p=23951#breadcrumb\",\"itemListElement\":[{\"@type\":\"ListItem\",\"position\":1,\"name\":\"In\u00edcio\",\"item\":\"https:\\\/\\\/news.ecclesia.org.br\\\/\"},{\"@type\":\"ListItem\",\"position\":2,\"name\":\"Igreja Ortodoxa tem novo santo\"}]},{\"@type\":\"WebSite\",\"@id\":\"https:\\\/\\\/news.ecclesia.org.br\\\/#website\",\"url\":\"https:\\\/\\\/news.ecclesia.org.br\\\/\",\"name\":\"Ecclesia Brasil\",\"description\":\"Desde 2003 onectando o Brasil ao mundo ortodoxo!\",\"publisher\":{\"@id\":\"https:\\\/\\\/news.ecclesia.org.br\\\/#organization\"},\"alternateName\":\"Ecclesia\",\"potentialAction\":[{\"@type\":\"SearchAction\",\"target\":{\"@type\":\"EntryPoint\",\"urlTemplate\":\"https:\\\/\\\/news.ecclesia.org.br\\\/?s={search_term_string}\"},\"query-input\":{\"@type\":\"PropertyValueSpecification\",\"valueRequired\":true,\"valueName\":\"search_term_string\"}}],\"inLanguage\":\"pt-BR\"},{\"@type\":\"Organization\",\"@id\":\"https:\\\/\\\/news.ecclesia.org.br\\\/#organization\",\"name\":\"Sacra Arquidiocese de Buenos Aires e Am\u00e9rica do Sul | Patriarcado Ecum\u00eanico\",\"alternateName\":\"News Ecclesia Brasil\",\"url\":\"https:\\\/\\\/news.ecclesia.org.br\\\/\",\"logo\":{\"@type\":\"ImageObject\",\"inLanguage\":\"pt-BR\",\"@id\":\"https:\\\/\\\/news.ecclesia.org.br\\\/#\\\/schema\\\/logo\\\/image\\\/\",\"url\":\"https:\\\/\\\/news.ecclesia.org.br\\\/wp-content\\\/uploads\\\/2025\\\/05\\\/ecclesia2.png\",\"contentUrl\":\"https:\\\/\\\/news.ecclesia.org.br\\\/wp-content\\\/uploads\\\/2025\\\/05\\\/ecclesia2.png\",\"width\":480,\"height\":120,\"caption\":\"Sacra Arquidiocese de Buenos Aires e Am\u00e9rica do Sul | Patriarcado Ecum\u00eanico\"},\"image\":{\"@id\":\"https:\\\/\\\/news.ecclesia.org.br\\\/#\\\/schema\\\/logo\\\/image\\\/\"},\"sameAs\":[\"https:\\\/\\\/www.facebook.com\\\/Ecclesia2025\",\"https:\\\/\\\/x.com\\\/EcclesiaNews\",\"https:\\\/\\\/br.pinterest.com\\\/ekklisia\\\/\",\"https:\\\/\\\/www.youtube.com\\\/@EcclesiaBrasil\"]},{\"@type\":\"Person\",\"@id\":\"https:\\\/\\\/news.ecclesia.org.br\\\/#\\\/schema\\\/person\\\/6f09597f025829745ba414a569f63758\",\"name\":\"Pe. Andr\u00e9\",\"image\":{\"@type\":\"ImageObject\",\"inLanguage\":\"pt-BR\",\"@id\":\"https:\\\/\\\/secure.gravatar.com\\\/avatar\\\/b4327cfa27e9799da239a26adcd534fc29cdc0c4a4a148eecbcfeb9b42c617ac?s=96&d=mm&r=g\",\"url\":\"https:\\\/\\\/secure.gravatar.com\\\/avatar\\\/b4327cfa27e9799da239a26adcd534fc29cdc0c4a4a148eecbcfeb9b42c617ac?s=96&d=mm&r=g\",\"contentUrl\":\"https:\\\/\\\/secure.gravatar.com\\\/avatar\\\/b4327cfa27e9799da239a26adcd534fc29cdc0c4a4a148eecbcfeb9b42c617ac?s=96&d=mm&r=g\",\"caption\":\"Pe. Andr\u00e9\"},\"sameAs\":[\"https:\\\/\\\/www.ecclesia.org.br\"]}]}<\/script>\n<!-- \/ Yoast SEO plugin. -->","yoast_head_json":{"title":"Igreja Ortodoxa tem novo santo | ECCLESIA NEWS","robots":{"index":"index","follow":"follow","max-snippet":"max-snippet:-1","max-image-preview":"max-image-preview:large","max-video-preview":"max-video-preview:-1"},"canonical":"https:\/\/news.ecclesia.org.br\/?p=23951","og_locale":"pt_BR","og_type":"article","og_title":"Igreja Ortodoxa tem novo santo | ECCLESIA NEWS","og_description":"Em sess\u00e3o da \u00faltima segunda-feira, dia 27 de novembro de 2017, o Santo S\u00ednodo do Patriarcado Ecum\u00eanico, reunido, no Fanar, sob a presid\u00eancia de sua Santidade Bartolomeu I, Patriarca Ecum\u00eanico, anunciou a canoniza\u00e7\u00e3o de S\u00e3o Iakovos (Santiago Tsalikis), do Monast\u00e9rio&#8230;","og_url":"https:\/\/news.ecclesia.org.br\/?p=23951","og_site_name":"ECCLESIA NEWS","article_publisher":"https:\/\/www.facebook.com\/Ecclesia2025","article_published_time":"2017-11-27T15:22:22+00:00","article_modified_time":"2017-11-28T19:33:08+00:00","og_image":[{"url":"https:\/\/news.ecclesia.org.br\/2013\/wp-content\/uploads\/2017\/11\/gerontas-iakovos-200x300.jpg","type":"","width":"","height":""}],"author":"Pe. Andr\u00e9","twitter_card":"summary_large_image","twitter_creator":"@EcclesiaNews","twitter_site":"@EcclesiaNews","twitter_misc":{"Escrito por":"Pe. Andr\u00e9","Est. tempo de leitura":"3 minutos"},"schema":{"@context":"https:\/\/schema.org","@graph":[{"@type":"Article","@id":"https:\/\/news.ecclesia.org.br\/?p=23951#article","isPartOf":{"@id":"https:\/\/news.ecclesia.org.br\/?p=23951"},"author":{"name":"Pe. Andr\u00e9","@id":"https:\/\/news.ecclesia.org.br\/#\/schema\/person\/6f09597f025829745ba414a569f63758"},"headline":"Igreja Ortodoxa tem novo santo","datePublished":"2017-11-27T15:22:22+00:00","dateModified":"2017-11-28T19:33:08+00:00","mainEntityOfPage":{"@id":"https:\/\/news.ecclesia.org.br\/?p=23951"},"wordCount":664,"commentCount":0,"publisher":{"@id":"https:\/\/news.ecclesia.org.br\/#organization"},"image":{"@id":"https:\/\/news.ecclesia.org.br\/?p=23951#primaryimage"},"thumbnailUrl":"https:\/\/news.ecclesia.org.br\/2013\/wp-content\/uploads\/2017\/11\/gerontas-iakovos-200x300.jpg","articleSection":["Patriarcado Ecum\u00eanico"],"inLanguage":"pt-BR","potentialAction":[{"@type":"CommentAction","name":"Comment","target":["https:\/\/news.ecclesia.org.br\/?p=23951#respond"]}]},{"@type":"WebPage","@id":"https:\/\/news.ecclesia.org.br\/?p=23951","url":"https:\/\/news.ecclesia.org.br\/?p=23951","name":"Igreja Ortodoxa tem novo santo | ECCLESIA NEWS","isPartOf":{"@id":"https:\/\/news.ecclesia.org.br\/#website"},"primaryImageOfPage":{"@id":"https:\/\/news.ecclesia.org.br\/?p=23951#primaryimage"},"image":{"@id":"https:\/\/news.ecclesia.org.br\/?p=23951#primaryimage"},"thumbnailUrl":"https:\/\/news.ecclesia.org.br\/2013\/wp-content\/uploads\/2017\/11\/gerontas-iakovos-200x300.jpg","datePublished":"2017-11-27T15:22:22+00:00","dateModified":"2017-11-28T19:33:08+00:00","breadcrumb":{"@id":"https:\/\/news.ecclesia.org.br\/?p=23951#breadcrumb"},"inLanguage":"pt-BR","potentialAction":[{"@type":"ReadAction","target":["https:\/\/news.ecclesia.org.br\/?p=23951"]}]},{"@type":"ImageObject","inLanguage":"pt-BR","@id":"https:\/\/news.ecclesia.org.br\/?p=23951#primaryimage","url":"https:\/\/news.ecclesia.org.br\/wp-content\/uploads\/2017\/11\/gerontas-iakovos.jpg","contentUrl":"https:\/\/news.ecclesia.org.br\/wp-content\/uploads\/2017\/11\/gerontas-iakovos.jpg","width":640,"height":960},{"@type":"BreadcrumbList","@id":"https:\/\/news.ecclesia.org.br\/?p=23951#breadcrumb","itemListElement":[{"@type":"ListItem","position":1,"name":"In\u00edcio","item":"https:\/\/news.ecclesia.org.br\/"},{"@type":"ListItem","position":2,"name":"Igreja Ortodoxa tem novo santo"}]},{"@type":"WebSite","@id":"https:\/\/news.ecclesia.org.br\/#website","url":"https:\/\/news.ecclesia.org.br\/","name":"Ecclesia Brasil","description":"Desde 2003 onectando o Brasil ao mundo ortodoxo!","publisher":{"@id":"https:\/\/news.ecclesia.org.br\/#organization"},"alternateName":"Ecclesia","potentialAction":[{"@type":"SearchAction","target":{"@type":"EntryPoint","urlTemplate":"https:\/\/news.ecclesia.org.br\/?s={search_term_string}"},"query-input":{"@type":"PropertyValueSpecification","valueRequired":true,"valueName":"search_term_string"}}],"inLanguage":"pt-BR"},{"@type":"Organization","@id":"https:\/\/news.ecclesia.org.br\/#organization","name":"Sacra Arquidiocese de Buenos Aires e Am\u00e9rica do Sul | Patriarcado Ecum\u00eanico","alternateName":"News Ecclesia Brasil","url":"https:\/\/news.ecclesia.org.br\/","logo":{"@type":"ImageObject","inLanguage":"pt-BR","@id":"https:\/\/news.ecclesia.org.br\/#\/schema\/logo\/image\/","url":"https:\/\/news.ecclesia.org.br\/wp-content\/uploads\/2025\/05\/ecclesia2.png","contentUrl":"https:\/\/news.ecclesia.org.br\/wp-content\/uploads\/2025\/05\/ecclesia2.png","width":480,"height":120,"caption":"Sacra Arquidiocese de Buenos Aires e Am\u00e9rica do Sul | Patriarcado Ecum\u00eanico"},"image":{"@id":"https:\/\/news.ecclesia.org.br\/#\/schema\/logo\/image\/"},"sameAs":["https:\/\/www.facebook.com\/Ecclesia2025","https:\/\/x.com\/EcclesiaNews","https:\/\/br.pinterest.com\/ekklisia\/","https:\/\/www.youtube.com\/@EcclesiaBrasil"]},{"@type":"Person","@id":"https:\/\/news.ecclesia.org.br\/#\/schema\/person\/6f09597f025829745ba414a569f63758","name":"Pe. Andr\u00e9","image":{"@type":"ImageObject","inLanguage":"pt-BR","@id":"https:\/\/secure.gravatar.com\/avatar\/b4327cfa27e9799da239a26adcd534fc29cdc0c4a4a148eecbcfeb9b42c617ac?s=96&d=mm&r=g","url":"https:\/\/secure.gravatar.com\/avatar\/b4327cfa27e9799da239a26adcd534fc29cdc0c4a4a148eecbcfeb9b42c617ac?s=96&d=mm&r=g","contentUrl":"https:\/\/secure.gravatar.com\/avatar\/b4327cfa27e9799da239a26adcd534fc29cdc0c4a4a148eecbcfeb9b42c617ac?s=96&d=mm&r=g","caption":"Pe. Andr\u00e9"},"sameAs":["https:\/\/www.ecclesia.org.br"]}]}},"_links":{"self":[{"href":"https:\/\/news.ecclesia.org.br\/index.php?rest_route=\/wp\/v2\/posts\/23951","targetHints":{"allow":["GET"]}}],"collection":[{"href":"https:\/\/news.ecclesia.org.br\/index.php?rest_route=\/wp\/v2\/posts"}],"about":[{"href":"https:\/\/news.ecclesia.org.br\/index.php?rest_route=\/wp\/v2\/types\/post"}],"author":[{"embeddable":true,"href":"https:\/\/news.ecclesia.org.br\/index.php?rest_route=\/wp\/v2\/users\/1"}],"replies":[{"embeddable":true,"href":"https:\/\/news.ecclesia.org.br\/index.php?rest_route=%2Fwp%2Fv2%2Fcomments&post=23951"}],"version-history":[{"count":0,"href":"https:\/\/news.ecclesia.org.br\/index.php?rest_route=\/wp\/v2\/posts\/23951\/revisions"}],"wp:attachment":[{"href":"https:\/\/news.ecclesia.org.br\/index.php?rest_route=%2Fwp%2Fv2%2Fmedia&parent=23951"}],"wp:term":[{"taxonomy":"category","embeddable":true,"href":"https:\/\/news.ecclesia.org.br\/index.php?rest_route=%2Fwp%2Fv2%2Fcategories&post=23951"},{"taxonomy":"post_tag","embeddable":true,"href":"https:\/\/news.ecclesia.org.br\/index.php?rest_route=%2Fwp%2Fv2%2Ftags&post=23951"}],"curies":[{"name":"wp","href":"https:\/\/api.w.org\/{rel}","templated":true}]}}