{"id":23943,"date":"2017-11-25T11:46:22","date_gmt":"2017-11-25T11:46:22","guid":{"rendered":"https:\/\/news.ecclesia.org.br\/2013\/?p=23943"},"modified":"2017-11-25T11:46:22","modified_gmt":"2017-11-25T11:46:22","slug":"o-comite-executivo-do-cmi-publica-uma-declaracao-sobre-jerusalem-e-o-status-quo","status":"publish","type":"post","link":"https:\/\/news.ecclesia.org.br\/?p=23943","title":{"rendered":"O Comit\u00ea Executivo do CMI publica uma declara\u00e7\u00e3o sobre Jerusal\u00e9m e o &#8220;status quo&#8221;"},"content":{"rendered":"<figure id=\"attachment_23944\" aria-describedby=\"caption-attachment-23944\" style=\"width: 300px\" class=\"wp-caption alignleft\"><a href=\"https:\/\/news.ecclesia.org.br\/2013\/wp-content\/uploads\/2017\/11\/israel.jpg\"><img fetchpriority=\"high\" decoding=\"async\" class=\"size-medium wp-image-23944\" src=\"https:\/\/news.ecclesia.org.br\/2013\/wp-content\/uploads\/2017\/11\/israel-300x200.jpg\" alt=\"\" width=\"300\" height=\"200\" srcset=\"https:\/\/news.ecclesia.org.br\/wp-content\/uploads\/2017\/11\/israel-300x200.jpg 300w, https:\/\/news.ecclesia.org.br\/wp-content\/uploads\/2017\/11\/israel-768x512.jpg 768w, https:\/\/news.ecclesia.org.br\/wp-content\/uploads\/2017\/11\/israel-600x400.jpg 600w, https:\/\/news.ecclesia.org.br\/wp-content\/uploads\/2017\/11\/israel-82x55.jpg 82w, https:\/\/news.ecclesia.org.br\/wp-content\/uploads\/2017\/11\/israel-60x40.jpg 60w, https:\/\/news.ecclesia.org.br\/wp-content\/uploads\/2017\/11\/israel-120x80.jpg 120w, https:\/\/news.ecclesia.org.br\/wp-content\/uploads\/2017\/11\/israel.jpg 850w\" sizes=\"(max-width: 300px) 100vw, 300px\" \/><\/a><figcaption id=\"caption-attachment-23944\" class=\"wp-caption-text\">Partes do muro de separa\u00e7\u00e3o constru\u00eddo sobre as terras confiscadas aos palestinos. Foto: Sean Hawkey\/CMI:<\/figcaption><\/figure>\n<p style=\"text-align: justify;\">24 de novembro de 2017 &#8212; Durante sua reuni\u00e3o em Am\u00e3 (Jord\u00e2nia) de 17 a 23 de novembro, o Comit\u00ea Executivo do Conselho Mundial de Igrejas publicou uma declara\u00e7\u00e3o na qual expressa preocupa\u00e7\u00e3o com a maneira com que que as institui\u00e7\u00f5es e as propriedades da Igreja em Jerusal\u00e9m se veem amea\u00e7adas como consequ\u00eancia de contratos de legalidade question\u00e1vel, os esfor\u00e7os de grupos de colonos radicais e as pol\u00edticas do Governo de Israel.<\/p>\n<p style=\"text-align: justify;\">\u00abO Comit\u00ea Executivo manifesta a sua solidariedade e apoio aos esfor\u00e7os encaminhados \u00e0 que a Igreja mantenha a posse e o controle das propriedades em Jerusal\u00e9m, incluindo propriedades que est\u00e3o atualmente em disputa na \u00e1rea do port\u00e3o de Jaffa, com vista a a sobreviv\u00eancia futura da presen\u00e7a crist\u00e3 na regi\u00e3o\u00bb, expressa a declara\u00e7\u00e3o.<\/p>\n<p style=\"text-align: justify;\">O Comit\u00ea Executivo tamb\u00e9m expressou preocupa\u00e7\u00e3o s\u00e9ria sobre iniciativas legislativas que est\u00e3o sendo debatidas no Knesset e que dariam a Israel a autoridade para anular hist\u00f3ricos direitos eclesi\u00e1sticos de propriedade\/arrendamento.<\/p>\n<p style=\"text-align: justify;\">\u00abExiste o perigo de que as iniciativas que amea\u00e7am o fr\u00e1gil conjunto de rela\u00e7\u00f5es, direitos e obriga\u00e7\u00f5es hist\u00f3ricas que est\u00e3o inclu\u00eddas nos acordos do <em>status quo<\/em> desestabilizem ainda mais a situa\u00e7\u00e3o em Jerusal\u00e9m e Terra Santa\u00bb, pode-se ler na declara\u00e7\u00e3o.<\/p>\n<p style=\"text-align: justify;\">O Comit\u00ea Executivo exigiu a retirada dessas iniciativas.<\/p>\n<p style=\"text-align: justify;\"><a href=\"http:\/\/www.oikoumene.org\/es\/press-centre\/en\/resources\/documents\/executive-committee\/amman-november-2017\/statement-on-jerusalem-and-status-quo\/view\" target=\"_blank\" rel=\"noopener\">Leia o texto completo da declara\u00e7\u00e3o sobre Jerusal\u00e9m e o statu quo<\/a>\u00a0(em ingl\u00eas)<\/p>\n<hr \/>\n<p style=\"text-align: right;\">Fonte: <a href=\"http:\/\/CMI - http:\/\/www.oikoumene.org\/es\/press-centre\/news\/wcc-executive-committee-releases-statement-on-jerusalem-and-status-quo\" target=\"_blank\" rel=\"noopener\">CMI<\/a><\/p>\n","protected":false},"excerpt":{"rendered":"<p>24 de novembro de 2017 &#8212; Durante sua reuni\u00e3o em Am\u00e3 (Jord\u00e2nia) de 17 a 23 de novembro, o Comit\u00ea Executivo do Conselho Mundial de Igrejas publicou uma declara\u00e7\u00e3o na qual expressa preocupa\u00e7\u00e3o com a maneira com que que as&#8230;<\/p>\n","protected":false},"author":1,"featured_media":23944,"comment_status":"open","ping_status":"open","sticky":false,"template":"","format":"standard","meta":{"_acf_changed":false,"footnotes":""},"categories":[1],"tags":[],"class_list":["post-23943","post","type-post","status-publish","format-standard","has-post-thumbnail","hentry","category-news","entry","rows-excerpt"],"acf":[],"yoast_head":"<!-- This site is optimized with the Yoast SEO plugin v27.5 - https:\/\/yoast.com\/product\/yoast-seo-wordpress\/ -->\n<title>O Comit\u00ea Executivo do CMI publica uma declara\u00e7\u00e3o sobre Jerusal\u00e9m e o &quot;status quo&quot; | ECCLESIA NEWS<\/title>\n<meta name=\"robots\" content=\"index, follow, max-snippet:-1, max-image-preview:large, max-video-preview:-1\" \/>\n<link rel=\"canonical\" href=\"https:\/\/news.ecclesia.org.br\/?p=23943\" \/>\n<meta property=\"og:locale\" content=\"pt_BR\" \/>\n<meta property=\"og:type\" content=\"article\" \/>\n<meta property=\"og:title\" content=\"O Comit\u00ea Executivo do CMI publica uma declara\u00e7\u00e3o sobre Jerusal\u00e9m e o &quot;status quo&quot; | ECCLESIA NEWS\" \/>\n<meta property=\"og:description\" content=\"24 de novembro de 2017 &#8212; Durante sua reuni\u00e3o em Am\u00e3 (Jord\u00e2nia) de 17 a 23 de novembro, o Comit\u00ea Executivo do Conselho Mundial de Igrejas publicou uma declara\u00e7\u00e3o na qual expressa preocupa\u00e7\u00e3o com a maneira com que que as&#8230;\" \/>\n<meta property=\"og:url\" content=\"https:\/\/news.ecclesia.org.br\/?p=23943\" \/>\n<meta property=\"og:site_name\" content=\"ECCLESIA NEWS\" \/>\n<meta property=\"article:publisher\" content=\"https:\/\/www.facebook.com\/Ecclesia2025\" \/>\n<meta property=\"article:published_time\" content=\"2017-11-25T11:46:22+00:00\" \/>\n<meta property=\"og:image\" content=\"https:\/\/news.ecclesia.org.br\/wp-content\/uploads\/2017\/11\/israel.jpg\" \/>\n\t<meta property=\"og:image:width\" content=\"850\" \/>\n\t<meta property=\"og:image:height\" content=\"567\" \/>\n\t<meta property=\"og:image:type\" content=\"image\/jpeg\" \/>\n<meta name=\"author\" content=\"Pe. Andr\u00e9\" \/>\n<meta name=\"twitter:card\" content=\"summary_large_image\" \/>\n<meta name=\"twitter:creator\" content=\"@EcclesiaNews\" \/>\n<meta name=\"twitter:site\" content=\"@EcclesiaNews\" \/>\n<meta name=\"twitter:label1\" content=\"Escrito por\" \/>\n\t<meta name=\"twitter:data1\" content=\"Pe. Andr\u00e9\" \/>\n\t<meta name=\"twitter:label2\" content=\"Est. tempo de leitura\" \/>\n\t<meta name=\"twitter:data2\" content=\"1 minuto\" \/>\n<script type=\"application\/ld+json\" class=\"yoast-schema-graph\">{\"@context\":\"https:\\\/\\\/schema.org\",\"@graph\":[{\"@type\":\"Article\",\"@id\":\"https:\\\/\\\/news.ecclesia.org.br\\\/?p=23943#article\",\"isPartOf\":{\"@id\":\"https:\\\/\\\/news.ecclesia.org.br\\\/?p=23943\"},\"author\":{\"name\":\"Pe. Andr\u00e9\",\"@id\":\"https:\\\/\\\/news.ecclesia.org.br\\\/#\\\/schema\\\/person\\\/6f09597f025829745ba414a569f63758\"},\"headline\":\"O Comit\u00ea Executivo do CMI publica uma declara\u00e7\u00e3o sobre Jerusal\u00e9m e o &#8220;status quo&#8221;\",\"datePublished\":\"2017-11-25T11:46:22+00:00\",\"mainEntityOfPage\":{\"@id\":\"https:\\\/\\\/news.ecclesia.org.br\\\/?p=23943\"},\"wordCount\":294,\"commentCount\":0,\"publisher\":{\"@id\":\"https:\\\/\\\/news.ecclesia.org.br\\\/#organization\"},\"image\":{\"@id\":\"https:\\\/\\\/news.ecclesia.org.br\\\/?p=23943#primaryimage\"},\"thumbnailUrl\":\"https:\\\/\\\/news.ecclesia.org.br\\\/wp-content\\\/uploads\\\/2017\\\/11\\\/israel.jpg\",\"articleSection\":[\"NEWS\"],\"inLanguage\":\"pt-BR\",\"potentialAction\":[{\"@type\":\"CommentAction\",\"name\":\"Comment\",\"target\":[\"https:\\\/\\\/news.ecclesia.org.br\\\/?p=23943#respond\"]}]},{\"@type\":\"WebPage\",\"@id\":\"https:\\\/\\\/news.ecclesia.org.br\\\/?p=23943\",\"url\":\"https:\\\/\\\/news.ecclesia.org.br\\\/?p=23943\",\"name\":\"O Comit\u00ea Executivo do CMI publica uma declara\u00e7\u00e3o sobre Jerusal\u00e9m e o \\\"status quo\\\" | ECCLESIA NEWS\",\"isPartOf\":{\"@id\":\"https:\\\/\\\/news.ecclesia.org.br\\\/#website\"},\"primaryImageOfPage\":{\"@id\":\"https:\\\/\\\/news.ecclesia.org.br\\\/?p=23943#primaryimage\"},\"image\":{\"@id\":\"https:\\\/\\\/news.ecclesia.org.br\\\/?p=23943#primaryimage\"},\"thumbnailUrl\":\"https:\\\/\\\/news.ecclesia.org.br\\\/wp-content\\\/uploads\\\/2017\\\/11\\\/israel.jpg\",\"datePublished\":\"2017-11-25T11:46:22+00:00\",\"breadcrumb\":{\"@id\":\"https:\\\/\\\/news.ecclesia.org.br\\\/?p=23943#breadcrumb\"},\"inLanguage\":\"pt-BR\",\"potentialAction\":[{\"@type\":\"ReadAction\",\"target\":[\"https:\\\/\\\/news.ecclesia.org.br\\\/?p=23943\"]}]},{\"@type\":\"ImageObject\",\"inLanguage\":\"pt-BR\",\"@id\":\"https:\\\/\\\/news.ecclesia.org.br\\\/?p=23943#primaryimage\",\"url\":\"https:\\\/\\\/news.ecclesia.org.br\\\/wp-content\\\/uploads\\\/2017\\\/11\\\/israel.jpg\",\"contentUrl\":\"https:\\\/\\\/news.ecclesia.org.br\\\/wp-content\\\/uploads\\\/2017\\\/11\\\/israel.jpg\",\"width\":850,\"height\":567,\"caption\":\"Partes do muro de separa\u00e7\u00e3o constru\u00eddo sobre as terras confiscadas aos palestinos. Foto: Sean Hawkey\\\/CMI:\"},{\"@type\":\"BreadcrumbList\",\"@id\":\"https:\\\/\\\/news.ecclesia.org.br\\\/?p=23943#breadcrumb\",\"itemListElement\":[{\"@type\":\"ListItem\",\"position\":1,\"name\":\"In\u00edcio\",\"item\":\"https:\\\/\\\/news.ecclesia.org.br\\\/\"},{\"@type\":\"ListItem\",\"position\":2,\"name\":\"O Comit\u00ea Executivo do CMI publica uma declara\u00e7\u00e3o sobre Jerusal\u00e9m e o &#8220;status quo&#8221;\"}]},{\"@type\":\"WebSite\",\"@id\":\"https:\\\/\\\/news.ecclesia.org.br\\\/#website\",\"url\":\"https:\\\/\\\/news.ecclesia.org.br\\\/\",\"name\":\"Ecclesia Brasil\",\"description\":\"Desde 2003 onectando o Brasil ao mundo ortodoxo!\",\"publisher\":{\"@id\":\"https:\\\/\\\/news.ecclesia.org.br\\\/#organization\"},\"alternateName\":\"Ecclesia\",\"potentialAction\":[{\"@type\":\"SearchAction\",\"target\":{\"@type\":\"EntryPoint\",\"urlTemplate\":\"https:\\\/\\\/news.ecclesia.org.br\\\/?s={search_term_string}\"},\"query-input\":{\"@type\":\"PropertyValueSpecification\",\"valueRequired\":true,\"valueName\":\"search_term_string\"}}],\"inLanguage\":\"pt-BR\"},{\"@type\":\"Organization\",\"@id\":\"https:\\\/\\\/news.ecclesia.org.br\\\/#organization\",\"name\":\"Sacra Arquidiocese de Buenos Aires e Am\u00e9rica do Sul | Patriarcado Ecum\u00eanico\",\"alternateName\":\"News Ecclesia Brasil\",\"url\":\"https:\\\/\\\/news.ecclesia.org.br\\\/\",\"logo\":{\"@type\":\"ImageObject\",\"inLanguage\":\"pt-BR\",\"@id\":\"https:\\\/\\\/news.ecclesia.org.br\\\/#\\\/schema\\\/logo\\\/image\\\/\",\"url\":\"https:\\\/\\\/news.ecclesia.org.br\\\/wp-content\\\/uploads\\\/2025\\\/05\\\/ecclesia2.png\",\"contentUrl\":\"https:\\\/\\\/news.ecclesia.org.br\\\/wp-content\\\/uploads\\\/2025\\\/05\\\/ecclesia2.png\",\"width\":480,\"height\":120,\"caption\":\"Sacra Arquidiocese de Buenos Aires e Am\u00e9rica do Sul | Patriarcado Ecum\u00eanico\"},\"image\":{\"@id\":\"https:\\\/\\\/news.ecclesia.org.br\\\/#\\\/schema\\\/logo\\\/image\\\/\"},\"sameAs\":[\"https:\\\/\\\/www.facebook.com\\\/Ecclesia2025\",\"https:\\\/\\\/x.com\\\/EcclesiaNews\",\"https:\\\/\\\/br.pinterest.com\\\/ekklisia\\\/\",\"https:\\\/\\\/www.youtube.com\\\/@EcclesiaBrasil\"]},{\"@type\":\"Person\",\"@id\":\"https:\\\/\\\/news.ecclesia.org.br\\\/#\\\/schema\\\/person\\\/6f09597f025829745ba414a569f63758\",\"name\":\"Pe. Andr\u00e9\",\"image\":{\"@type\":\"ImageObject\",\"inLanguage\":\"pt-BR\",\"@id\":\"https:\\\/\\\/secure.gravatar.com\\\/avatar\\\/b4327cfa27e9799da239a26adcd534fc29cdc0c4a4a148eecbcfeb9b42c617ac?s=96&d=mm&r=g\",\"url\":\"https:\\\/\\\/secure.gravatar.com\\\/avatar\\\/b4327cfa27e9799da239a26adcd534fc29cdc0c4a4a148eecbcfeb9b42c617ac?s=96&d=mm&r=g\",\"contentUrl\":\"https:\\\/\\\/secure.gravatar.com\\\/avatar\\\/b4327cfa27e9799da239a26adcd534fc29cdc0c4a4a148eecbcfeb9b42c617ac?s=96&d=mm&r=g\",\"caption\":\"Pe. Andr\u00e9\"},\"sameAs\":[\"https:\\\/\\\/www.ecclesia.org.br\"]}]}<\/script>\n<!-- \/ Yoast SEO plugin. -->","yoast_head_json":{"title":"O Comit\u00ea Executivo do CMI publica uma declara\u00e7\u00e3o sobre Jerusal\u00e9m e o \"status quo\" | ECCLESIA NEWS","robots":{"index":"index","follow":"follow","max-snippet":"max-snippet:-1","max-image-preview":"max-image-preview:large","max-video-preview":"max-video-preview:-1"},"canonical":"https:\/\/news.ecclesia.org.br\/?p=23943","og_locale":"pt_BR","og_type":"article","og_title":"O Comit\u00ea Executivo do CMI publica uma declara\u00e7\u00e3o sobre Jerusal\u00e9m e o \"status quo\" | ECCLESIA NEWS","og_description":"24 de novembro de 2017 &#8212; Durante sua reuni\u00e3o em Am\u00e3 (Jord\u00e2nia) de 17 a 23 de novembro, o Comit\u00ea Executivo do Conselho Mundial de Igrejas publicou uma declara\u00e7\u00e3o na qual expressa preocupa\u00e7\u00e3o com a maneira com que que as&#8230;","og_url":"https:\/\/news.ecclesia.org.br\/?p=23943","og_site_name":"ECCLESIA NEWS","article_publisher":"https:\/\/www.facebook.com\/Ecclesia2025","article_published_time":"2017-11-25T11:46:22+00:00","og_image":[{"width":850,"height":567,"url":"https:\/\/news.ecclesia.org.br\/wp-content\/uploads\/2017\/11\/israel.jpg","type":"image\/jpeg"}],"author":"Pe. Andr\u00e9","twitter_card":"summary_large_image","twitter_creator":"@EcclesiaNews","twitter_site":"@EcclesiaNews","twitter_misc":{"Escrito por":"Pe. Andr\u00e9","Est. tempo de leitura":"1 minuto"},"schema":{"@context":"https:\/\/schema.org","@graph":[{"@type":"Article","@id":"https:\/\/news.ecclesia.org.br\/?p=23943#article","isPartOf":{"@id":"https:\/\/news.ecclesia.org.br\/?p=23943"},"author":{"name":"Pe. Andr\u00e9","@id":"https:\/\/news.ecclesia.org.br\/#\/schema\/person\/6f09597f025829745ba414a569f63758"},"headline":"O Comit\u00ea Executivo do CMI publica uma declara\u00e7\u00e3o sobre Jerusal\u00e9m e o &#8220;status quo&#8221;","datePublished":"2017-11-25T11:46:22+00:00","mainEntityOfPage":{"@id":"https:\/\/news.ecclesia.org.br\/?p=23943"},"wordCount":294,"commentCount":0,"publisher":{"@id":"https:\/\/news.ecclesia.org.br\/#organization"},"image":{"@id":"https:\/\/news.ecclesia.org.br\/?p=23943#primaryimage"},"thumbnailUrl":"https:\/\/news.ecclesia.org.br\/wp-content\/uploads\/2017\/11\/israel.jpg","articleSection":["NEWS"],"inLanguage":"pt-BR","potentialAction":[{"@type":"CommentAction","name":"Comment","target":["https:\/\/news.ecclesia.org.br\/?p=23943#respond"]}]},{"@type":"WebPage","@id":"https:\/\/news.ecclesia.org.br\/?p=23943","url":"https:\/\/news.ecclesia.org.br\/?p=23943","name":"O Comit\u00ea Executivo do CMI publica uma declara\u00e7\u00e3o sobre Jerusal\u00e9m e o \"status quo\" | ECCLESIA NEWS","isPartOf":{"@id":"https:\/\/news.ecclesia.org.br\/#website"},"primaryImageOfPage":{"@id":"https:\/\/news.ecclesia.org.br\/?p=23943#primaryimage"},"image":{"@id":"https:\/\/news.ecclesia.org.br\/?p=23943#primaryimage"},"thumbnailUrl":"https:\/\/news.ecclesia.org.br\/wp-content\/uploads\/2017\/11\/israel.jpg","datePublished":"2017-11-25T11:46:22+00:00","breadcrumb":{"@id":"https:\/\/news.ecclesia.org.br\/?p=23943#breadcrumb"},"inLanguage":"pt-BR","potentialAction":[{"@type":"ReadAction","target":["https:\/\/news.ecclesia.org.br\/?p=23943"]}]},{"@type":"ImageObject","inLanguage":"pt-BR","@id":"https:\/\/news.ecclesia.org.br\/?p=23943#primaryimage","url":"https:\/\/news.ecclesia.org.br\/wp-content\/uploads\/2017\/11\/israel.jpg","contentUrl":"https:\/\/news.ecclesia.org.br\/wp-content\/uploads\/2017\/11\/israel.jpg","width":850,"height":567,"caption":"Partes do muro de separa\u00e7\u00e3o constru\u00eddo sobre as terras confiscadas aos palestinos. Foto: Sean Hawkey\/CMI:"},{"@type":"BreadcrumbList","@id":"https:\/\/news.ecclesia.org.br\/?p=23943#breadcrumb","itemListElement":[{"@type":"ListItem","position":1,"name":"In\u00edcio","item":"https:\/\/news.ecclesia.org.br\/"},{"@type":"ListItem","position":2,"name":"O Comit\u00ea Executivo do CMI publica uma declara\u00e7\u00e3o sobre Jerusal\u00e9m e o &#8220;status quo&#8221;"}]},{"@type":"WebSite","@id":"https:\/\/news.ecclesia.org.br\/#website","url":"https:\/\/news.ecclesia.org.br\/","name":"Ecclesia Brasil","description":"Desde 2003 onectando o Brasil ao mundo ortodoxo!","publisher":{"@id":"https:\/\/news.ecclesia.org.br\/#organization"},"alternateName":"Ecclesia","potentialAction":[{"@type":"SearchAction","target":{"@type":"EntryPoint","urlTemplate":"https:\/\/news.ecclesia.org.br\/?s={search_term_string}"},"query-input":{"@type":"PropertyValueSpecification","valueRequired":true,"valueName":"search_term_string"}}],"inLanguage":"pt-BR"},{"@type":"Organization","@id":"https:\/\/news.ecclesia.org.br\/#organization","name":"Sacra Arquidiocese de Buenos Aires e Am\u00e9rica do Sul | Patriarcado Ecum\u00eanico","alternateName":"News Ecclesia Brasil","url":"https:\/\/news.ecclesia.org.br\/","logo":{"@type":"ImageObject","inLanguage":"pt-BR","@id":"https:\/\/news.ecclesia.org.br\/#\/schema\/logo\/image\/","url":"https:\/\/news.ecclesia.org.br\/wp-content\/uploads\/2025\/05\/ecclesia2.png","contentUrl":"https:\/\/news.ecclesia.org.br\/wp-content\/uploads\/2025\/05\/ecclesia2.png","width":480,"height":120,"caption":"Sacra Arquidiocese de Buenos Aires e Am\u00e9rica do Sul | Patriarcado Ecum\u00eanico"},"image":{"@id":"https:\/\/news.ecclesia.org.br\/#\/schema\/logo\/image\/"},"sameAs":["https:\/\/www.facebook.com\/Ecclesia2025","https:\/\/x.com\/EcclesiaNews","https:\/\/br.pinterest.com\/ekklisia\/","https:\/\/www.youtube.com\/@EcclesiaBrasil"]},{"@type":"Person","@id":"https:\/\/news.ecclesia.org.br\/#\/schema\/person\/6f09597f025829745ba414a569f63758","name":"Pe. Andr\u00e9","image":{"@type":"ImageObject","inLanguage":"pt-BR","@id":"https:\/\/secure.gravatar.com\/avatar\/b4327cfa27e9799da239a26adcd534fc29cdc0c4a4a148eecbcfeb9b42c617ac?s=96&d=mm&r=g","url":"https:\/\/secure.gravatar.com\/avatar\/b4327cfa27e9799da239a26adcd534fc29cdc0c4a4a148eecbcfeb9b42c617ac?s=96&d=mm&r=g","contentUrl":"https:\/\/secure.gravatar.com\/avatar\/b4327cfa27e9799da239a26adcd534fc29cdc0c4a4a148eecbcfeb9b42c617ac?s=96&d=mm&r=g","caption":"Pe. Andr\u00e9"},"sameAs":["https:\/\/www.ecclesia.org.br"]}]}},"_links":{"self":[{"href":"https:\/\/news.ecclesia.org.br\/index.php?rest_route=\/wp\/v2\/posts\/23943","targetHints":{"allow":["GET"]}}],"collection":[{"href":"https:\/\/news.ecclesia.org.br\/index.php?rest_route=\/wp\/v2\/posts"}],"about":[{"href":"https:\/\/news.ecclesia.org.br\/index.php?rest_route=\/wp\/v2\/types\/post"}],"author":[{"embeddable":true,"href":"https:\/\/news.ecclesia.org.br\/index.php?rest_route=\/wp\/v2\/users\/1"}],"replies":[{"embeddable":true,"href":"https:\/\/news.ecclesia.org.br\/index.php?rest_route=%2Fwp%2Fv2%2Fcomments&post=23943"}],"version-history":[{"count":0,"href":"https:\/\/news.ecclesia.org.br\/index.php?rest_route=\/wp\/v2\/posts\/23943\/revisions"}],"wp:featuredmedia":[{"embeddable":true,"href":"https:\/\/news.ecclesia.org.br\/index.php?rest_route=\/wp\/v2\/media\/23944"}],"wp:attachment":[{"href":"https:\/\/news.ecclesia.org.br\/index.php?rest_route=%2Fwp%2Fv2%2Fmedia&parent=23943"}],"wp:term":[{"taxonomy":"category","embeddable":true,"href":"https:\/\/news.ecclesia.org.br\/index.php?rest_route=%2Fwp%2Fv2%2Fcategories&post=23943"},{"taxonomy":"post_tag","embeddable":true,"href":"https:\/\/news.ecclesia.org.br\/index.php?rest_route=%2Fwp%2Fv2%2Ftags&post=23943"}],"curies":[{"name":"wp","href":"https:\/\/api.w.org\/{rel}","templated":true}]}}