{"id":23924,"date":"2017-11-19T12:54:21","date_gmt":"2017-11-19T12:54:21","guid":{"rendered":"https:\/\/news.ecclesia.org.br\/2013\/?p=23924"},"modified":"2017-11-23T23:44:45","modified_gmt":"2017-11-23T23:44:45","slug":"comunidade-helenica-ortodoxa-de-florianopolis-recebera-a-visita-de-seu-arcebispo-por-ocasiao-da-festa-de-santa-catarina-de-alexandria","status":"publish","type":"post","link":"https:\/\/news.ecclesia.org.br\/?p=23924","title":{"rendered":"Comunidade Hel\u00eanica de Florian\u00f3polis receber\u00e1 a visita de seu Arcebispo por ocasi\u00e3o da Festa de Santa Catarina de Alexandria"},"content":{"rendered":"<p style=\"text-align: justify;\"><a href=\"https:\/\/news.ecclesia.org.br\/2013\/wp-content\/uploads\/2016\/11\/Tarasios-Fpolis3782.jpg\"><img fetchpriority=\"high\" decoding=\"async\" class=\"alignleft size-medium wp-image-22590\" src=\"https:\/\/news.ecclesia.org.br\/2013\/wp-content\/uploads\/2016\/11\/Tarasios-Fpolis3782-225x300.jpg\" alt=\"\" width=\"225\" height=\"300\" srcset=\"https:\/\/news.ecclesia.org.br\/wp-content\/uploads\/2016\/11\/Tarasios-Fpolis3782-225x300.jpg 225w, https:\/\/news.ecclesia.org.br\/wp-content\/uploads\/2016\/11\/Tarasios-Fpolis3782-768x1024.jpg 768w, https:\/\/news.ecclesia.org.br\/wp-content\/uploads\/2016\/11\/Tarasios-Fpolis3782-600x800.jpg 600w, https:\/\/news.ecclesia.org.br\/wp-content\/uploads\/2016\/11\/Tarasios-Fpolis3782-41x55.jpg 41w, https:\/\/news.ecclesia.org.br\/wp-content\/uploads\/2016\/11\/Tarasios-Fpolis3782.jpg 960w\" sizes=\"(max-width: 225px) 100vw, 225px\" \/><\/a>S. E. R. Dom TARASIOS, Exarca do Patriarca Ecum\u00eanico na Am\u00e9rica do Sul, dever\u00e1 desembarcar na pr\u00f3xima sexta-feira em Florian\u00f3polis, capital do Estado de Santa Catarina, onde permanecer\u00e1 at\u00e9 o in\u00edcio da pr\u00f3xima semana cumprindo uma extensa agenda de compromissos pastorais e oficiais, por ocasi\u00e3o da data comemorativa da padroeira do Estado, Santa Catarina de Alexandria.<\/p>\n<p style=\"text-align: justify;\">Na sexta-feira, 24, v\u00e9spera da festa, S. Emin\u00eancia dever\u00e1 presidir o servi\u00e7o religioso do Of\u00edcio de V\u00e9speras na Igreja Ortodoxa Grega S\u00e3o Nicolau, no centro de Florian\u00f3polis. Na manh\u00e3 de domingo, a Divina Liturgia reunir\u00e1 a comunidade ortodoxa grega local em torno de seu pai espiritual e arquipastor, Dom Tarasios.<\/p>\n<p style=\"text-align: justify;\">De Florian\u00f3polis, o Arcebispo Metropolitano de Buenos Aires e Am\u00e9rica do Sul seguir\u00e1 para o Rio de Janeiro onde participar\u00e1 das celebra\u00e7\u00f5es do patrono da c\u00e1tedra de Constantinopla, o Santo Ap\u00f3stolo Andr\u00e9, o Primeiro Chamado, e ordenar\u00e1 um novo sacerdote.<\/p>\n<hr \/>\n<h3 style=\"text-align: left;\">Programa da Visita de S. Emn.cia Rev.ma Dom Tar\u00e1sios, Arcebispo Metropolitano de Buenos Aires, Primaz e Exarca da Am\u00e9rica do Sul.<\/h3>\n<hr \/>\n<p><strong>\u2014 Sexta-feira, 24 de novembro, \u00e0s 17:30h.:<\/strong> Visita e ora\u00e7\u00e3o noturna (Artoclassia) na Capela Ecum\u00eanica Santa Catarina de Alexandria, no Centro de Florian\u00f3polis.<\/p>\n<p><strong>\u2014 S\u00e1bado, 25 de novembro \u00e0s 09:00h.:<\/strong> Cortejo com o \u00edcone e as rel\u00edquias de Santa Catarina, presidido pelo Arcebispo Tarasios, do Col\u00e9gio Catarinense at\u00e9 a Catedral cat\u00f3lica, no Centro de Florian\u00f3polis.<\/p>\n<p><strong>\u2014 S\u00e1bado, 25 de novembro \u00e0s 11:30h.: <\/strong>Servi\u00e7o Religioso na Igreja Ortodoxa Grega S\u00e3o Nicolau e a tradicional distribui\u00e7\u00e3o de cestas b\u00e1sicas de Natal pelo Sr. Arcebispo em nome da Coletividade Hel\u00eanica de Florian\u00f3polis.<\/p>\n<p><strong>\u2014 Domingo, 26 de novembro \u00e0s 09:15h.: <\/strong>Of\u00edcio de Matinas (Orthros) na Igreja Ortodoxa Grega S\u00e3o Nicolau, no Centro de Florian\u00f3polis; <strong>10:00h.:<\/strong> Chorostacia;\u00a0\u00a0<strong>10:30h.:<\/strong> Divina Liturgia Pontifical;\u00a0<strong>13:00h.:<\/strong> Almo\u00e7o com membros da Associa\u00e7\u00e3o Hel\u00eanica no Restaurante Lindacap de Florian\u00f3polis.<\/p>\n<p><strong>\u2014 Segunda-Feira, 27 de novembro \u00e0s 09:15h.: <\/strong>Visita do Arcebispo Tarasios ao Governador do Estado de Santa Catarina, Sr. Raimundo Colombo.<\/p>\n<p><strong>\u2014 Ter\u00e7a-feira, 28 de novembro: <\/strong>Partida do Arcebispo com destino ao Rio de Janeiro.<\/p>\n<p>&nbsp;<\/p>\n<p>&nbsp;<\/p>\n<p>&nbsp;<\/p>\n","protected":false},"excerpt":{"rendered":"<p>S. E. R. Dom TARASIOS, Exarca do Patriarca Ecum\u00eanico na Am\u00e9rica do Sul, dever\u00e1 desembarcar na pr\u00f3xima sexta-feira em Florian\u00f3polis, capital do Estado de Santa Catarina, onde permanecer\u00e1 at\u00e9 o in\u00edcio da pr\u00f3xima semana cumprindo uma extensa agenda de compromissos&#8230;<\/p>\n","protected":false},"author":1,"featured_media":18401,"comment_status":"open","ping_status":"open","sticky":false,"template":"","format":"standard","meta":{"_acf_changed":false,"footnotes":""},"categories":[40],"tags":[],"class_list":["post-23924","post","type-post","status-publish","format-standard","has-post-thumbnail","hentry","category-arquidiocese-de-buenos-aires-e-america-do-sul","entry","rows-excerpt"],"acf":[],"yoast_head":"<!-- This site is optimized with the Yoast SEO plugin v27.5 - https:\/\/yoast.com\/product\/yoast-seo-wordpress\/ -->\n<title>Comunidade Hel\u00eanica de Florian\u00f3polis receber\u00e1 a visita de seu Arcebispo por ocasi\u00e3o da Festa de Santa Catarina de Alexandria | ECCLESIA NEWS<\/title>\n<meta name=\"robots\" content=\"index, follow, max-snippet:-1, max-image-preview:large, max-video-preview:-1\" \/>\n<link rel=\"canonical\" href=\"https:\/\/news.ecclesia.org.br\/?p=23924\" \/>\n<meta property=\"og:locale\" content=\"pt_BR\" \/>\n<meta property=\"og:type\" content=\"article\" \/>\n<meta property=\"og:title\" content=\"Comunidade Hel\u00eanica de Florian\u00f3polis receber\u00e1 a visita de seu Arcebispo por ocasi\u00e3o da Festa de Santa Catarina de Alexandria | ECCLESIA NEWS\" \/>\n<meta property=\"og:description\" content=\"S. E. R. Dom TARASIOS, Exarca do Patriarca Ecum\u00eanico na Am\u00e9rica do Sul, dever\u00e1 desembarcar na pr\u00f3xima sexta-feira em Florian\u00f3polis, capital do Estado de Santa Catarina, onde permanecer\u00e1 at\u00e9 o in\u00edcio da pr\u00f3xima semana cumprindo uma extensa agenda de compromissos&#8230;\" \/>\n<meta property=\"og:url\" content=\"https:\/\/news.ecclesia.org.br\/?p=23924\" \/>\n<meta property=\"og:site_name\" content=\"ECCLESIA NEWS\" \/>\n<meta property=\"article:publisher\" content=\"https:\/\/www.facebook.com\/Ecclesia2025\" \/>\n<meta property=\"article:published_time\" content=\"2017-11-19T12:54:21+00:00\" \/>\n<meta property=\"article:modified_time\" content=\"2017-11-23T23:44:45+00:00\" \/>\n<meta property=\"og:image\" content=\"https:\/\/news.ecclesia.org.br\/wp-content\/uploads\/2015\/07\/tarasios-francisco1-1.jpg\" \/>\n\t<meta property=\"og:image:width\" content=\"444\" \/>\n\t<meta property=\"og:image:height\" content=\"440\" \/>\n\t<meta property=\"og:image:type\" content=\"image\/jpeg\" \/>\n<meta name=\"author\" content=\"Pe. Andr\u00e9\" \/>\n<meta name=\"twitter:card\" content=\"summary_large_image\" \/>\n<meta name=\"twitter:creator\" content=\"@EcclesiaNews\" \/>\n<meta name=\"twitter:site\" content=\"@EcclesiaNews\" \/>\n<meta name=\"twitter:label1\" content=\"Escrito por\" \/>\n\t<meta name=\"twitter:data1\" content=\"Pe. Andr\u00e9\" \/>\n\t<meta name=\"twitter:label2\" content=\"Est. tempo de leitura\" \/>\n\t<meta name=\"twitter:data2\" content=\"2 minutos\" \/>\n<script type=\"application\/ld+json\" class=\"yoast-schema-graph\">{\"@context\":\"https:\\\/\\\/schema.org\",\"@graph\":[{\"@type\":\"Article\",\"@id\":\"https:\\\/\\\/news.ecclesia.org.br\\\/?p=23924#article\",\"isPartOf\":{\"@id\":\"https:\\\/\\\/news.ecclesia.org.br\\\/?p=23924\"},\"author\":{\"name\":\"Pe. Andr\u00e9\",\"@id\":\"https:\\\/\\\/news.ecclesia.org.br\\\/#\\\/schema\\\/person\\\/6f09597f025829745ba414a569f63758\"},\"headline\":\"Comunidade Hel\u00eanica de Florian\u00f3polis receber\u00e1 a visita de seu Arcebispo por ocasi\u00e3o da Festa de Santa Catarina de Alexandria\",\"datePublished\":\"2017-11-19T12:54:21+00:00\",\"dateModified\":\"2017-11-23T23:44:45+00:00\",\"mainEntityOfPage\":{\"@id\":\"https:\\\/\\\/news.ecclesia.org.br\\\/?p=23924\"},\"wordCount\":388,\"commentCount\":0,\"publisher\":{\"@id\":\"https:\\\/\\\/news.ecclesia.org.br\\\/#organization\"},\"image\":{\"@id\":\"https:\\\/\\\/news.ecclesia.org.br\\\/?p=23924#primaryimage\"},\"thumbnailUrl\":\"https:\\\/\\\/news.ecclesia.org.br\\\/wp-content\\\/uploads\\\/2015\\\/07\\\/tarasios-francisco1-1.jpg\",\"articleSection\":[\"Arquidiocese de Buenos Aires e Am\u00e9rica do Sul\"],\"inLanguage\":\"pt-BR\",\"potentialAction\":[{\"@type\":\"CommentAction\",\"name\":\"Comment\",\"target\":[\"https:\\\/\\\/news.ecclesia.org.br\\\/?p=23924#respond\"]}]},{\"@type\":\"WebPage\",\"@id\":\"https:\\\/\\\/news.ecclesia.org.br\\\/?p=23924\",\"url\":\"https:\\\/\\\/news.ecclesia.org.br\\\/?p=23924\",\"name\":\"Comunidade Hel\u00eanica de Florian\u00f3polis receber\u00e1 a visita de seu Arcebispo por ocasi\u00e3o da Festa de Santa Catarina de Alexandria | ECCLESIA NEWS\",\"isPartOf\":{\"@id\":\"https:\\\/\\\/news.ecclesia.org.br\\\/#website\"},\"primaryImageOfPage\":{\"@id\":\"https:\\\/\\\/news.ecclesia.org.br\\\/?p=23924#primaryimage\"},\"image\":{\"@id\":\"https:\\\/\\\/news.ecclesia.org.br\\\/?p=23924#primaryimage\"},\"thumbnailUrl\":\"https:\\\/\\\/news.ecclesia.org.br\\\/wp-content\\\/uploads\\\/2015\\\/07\\\/tarasios-francisco1-1.jpg\",\"datePublished\":\"2017-11-19T12:54:21+00:00\",\"dateModified\":\"2017-11-23T23:44:45+00:00\",\"breadcrumb\":{\"@id\":\"https:\\\/\\\/news.ecclesia.org.br\\\/?p=23924#breadcrumb\"},\"inLanguage\":\"pt-BR\",\"potentialAction\":[{\"@type\":\"ReadAction\",\"target\":[\"https:\\\/\\\/news.ecclesia.org.br\\\/?p=23924\"]}]},{\"@type\":\"ImageObject\",\"inLanguage\":\"pt-BR\",\"@id\":\"https:\\\/\\\/news.ecclesia.org.br\\\/?p=23924#primaryimage\",\"url\":\"https:\\\/\\\/news.ecclesia.org.br\\\/wp-content\\\/uploads\\\/2015\\\/07\\\/tarasios-francisco1-1.jpg\",\"contentUrl\":\"https:\\\/\\\/news.ecclesia.org.br\\\/wp-content\\\/uploads\\\/2015\\\/07\\\/tarasios-francisco1-1.jpg\",\"width\":444,\"height\":440},{\"@type\":\"BreadcrumbList\",\"@id\":\"https:\\\/\\\/news.ecclesia.org.br\\\/?p=23924#breadcrumb\",\"itemListElement\":[{\"@type\":\"ListItem\",\"position\":1,\"name\":\"In\u00edcio\",\"item\":\"https:\\\/\\\/news.ecclesia.org.br\\\/\"},{\"@type\":\"ListItem\",\"position\":2,\"name\":\"Comunidade Hel\u00eanica de Florian\u00f3polis receber\u00e1 a visita de seu Arcebispo por ocasi\u00e3o da Festa de Santa Catarina de Alexandria\"}]},{\"@type\":\"WebSite\",\"@id\":\"https:\\\/\\\/news.ecclesia.org.br\\\/#website\",\"url\":\"https:\\\/\\\/news.ecclesia.org.br\\\/\",\"name\":\"Ecclesia Brasil\",\"description\":\"Desde 2003 onectando o Brasil ao mundo ortodoxo!\",\"publisher\":{\"@id\":\"https:\\\/\\\/news.ecclesia.org.br\\\/#organization\"},\"alternateName\":\"Ecclesia\",\"potentialAction\":[{\"@type\":\"SearchAction\",\"target\":{\"@type\":\"EntryPoint\",\"urlTemplate\":\"https:\\\/\\\/news.ecclesia.org.br\\\/?s={search_term_string}\"},\"query-input\":{\"@type\":\"PropertyValueSpecification\",\"valueRequired\":true,\"valueName\":\"search_term_string\"}}],\"inLanguage\":\"pt-BR\"},{\"@type\":\"Organization\",\"@id\":\"https:\\\/\\\/news.ecclesia.org.br\\\/#organization\",\"name\":\"Sacra Arquidiocese de Buenos Aires e Am\u00e9rica do Sul | Patriarcado Ecum\u00eanico\",\"alternateName\":\"News Ecclesia Brasil\",\"url\":\"https:\\\/\\\/news.ecclesia.org.br\\\/\",\"logo\":{\"@type\":\"ImageObject\",\"inLanguage\":\"pt-BR\",\"@id\":\"https:\\\/\\\/news.ecclesia.org.br\\\/#\\\/schema\\\/logo\\\/image\\\/\",\"url\":\"https:\\\/\\\/news.ecclesia.org.br\\\/wp-content\\\/uploads\\\/2025\\\/05\\\/ecclesia2.png\",\"contentUrl\":\"https:\\\/\\\/news.ecclesia.org.br\\\/wp-content\\\/uploads\\\/2025\\\/05\\\/ecclesia2.png\",\"width\":480,\"height\":120,\"caption\":\"Sacra Arquidiocese de Buenos Aires e Am\u00e9rica do Sul | Patriarcado Ecum\u00eanico\"},\"image\":{\"@id\":\"https:\\\/\\\/news.ecclesia.org.br\\\/#\\\/schema\\\/logo\\\/image\\\/\"},\"sameAs\":[\"https:\\\/\\\/www.facebook.com\\\/Ecclesia2025\",\"https:\\\/\\\/x.com\\\/EcclesiaNews\",\"https:\\\/\\\/br.pinterest.com\\\/ekklisia\\\/\",\"https:\\\/\\\/www.youtube.com\\\/@EcclesiaBrasil\"]},{\"@type\":\"Person\",\"@id\":\"https:\\\/\\\/news.ecclesia.org.br\\\/#\\\/schema\\\/person\\\/6f09597f025829745ba414a569f63758\",\"name\":\"Pe. Andr\u00e9\",\"image\":{\"@type\":\"ImageObject\",\"inLanguage\":\"pt-BR\",\"@id\":\"https:\\\/\\\/secure.gravatar.com\\\/avatar\\\/b4327cfa27e9799da239a26adcd534fc29cdc0c4a4a148eecbcfeb9b42c617ac?s=96&d=mm&r=g\",\"url\":\"https:\\\/\\\/secure.gravatar.com\\\/avatar\\\/b4327cfa27e9799da239a26adcd534fc29cdc0c4a4a148eecbcfeb9b42c617ac?s=96&d=mm&r=g\",\"contentUrl\":\"https:\\\/\\\/secure.gravatar.com\\\/avatar\\\/b4327cfa27e9799da239a26adcd534fc29cdc0c4a4a148eecbcfeb9b42c617ac?s=96&d=mm&r=g\",\"caption\":\"Pe. Andr\u00e9\"},\"sameAs\":[\"https:\\\/\\\/www.ecclesia.org.br\"]}]}<\/script>\n<!-- \/ Yoast SEO plugin. -->","yoast_head_json":{"title":"Comunidade Hel\u00eanica de Florian\u00f3polis receber\u00e1 a visita de seu Arcebispo por ocasi\u00e3o da Festa de Santa Catarina de Alexandria | ECCLESIA NEWS","robots":{"index":"index","follow":"follow","max-snippet":"max-snippet:-1","max-image-preview":"max-image-preview:large","max-video-preview":"max-video-preview:-1"},"canonical":"https:\/\/news.ecclesia.org.br\/?p=23924","og_locale":"pt_BR","og_type":"article","og_title":"Comunidade Hel\u00eanica de Florian\u00f3polis receber\u00e1 a visita de seu Arcebispo por ocasi\u00e3o da Festa de Santa Catarina de Alexandria | ECCLESIA NEWS","og_description":"S. E. R. Dom TARASIOS, Exarca do Patriarca Ecum\u00eanico na Am\u00e9rica do Sul, dever\u00e1 desembarcar na pr\u00f3xima sexta-feira em Florian\u00f3polis, capital do Estado de Santa Catarina, onde permanecer\u00e1 at\u00e9 o in\u00edcio da pr\u00f3xima semana cumprindo uma extensa agenda de compromissos&#8230;","og_url":"https:\/\/news.ecclesia.org.br\/?p=23924","og_site_name":"ECCLESIA NEWS","article_publisher":"https:\/\/www.facebook.com\/Ecclesia2025","article_published_time":"2017-11-19T12:54:21+00:00","article_modified_time":"2017-11-23T23:44:45+00:00","og_image":[{"width":444,"height":440,"url":"https:\/\/news.ecclesia.org.br\/wp-content\/uploads\/2015\/07\/tarasios-francisco1-1.jpg","type":"image\/jpeg"}],"author":"Pe. Andr\u00e9","twitter_card":"summary_large_image","twitter_creator":"@EcclesiaNews","twitter_site":"@EcclesiaNews","twitter_misc":{"Escrito por":"Pe. Andr\u00e9","Est. tempo de leitura":"2 minutos"},"schema":{"@context":"https:\/\/schema.org","@graph":[{"@type":"Article","@id":"https:\/\/news.ecclesia.org.br\/?p=23924#article","isPartOf":{"@id":"https:\/\/news.ecclesia.org.br\/?p=23924"},"author":{"name":"Pe. Andr\u00e9","@id":"https:\/\/news.ecclesia.org.br\/#\/schema\/person\/6f09597f025829745ba414a569f63758"},"headline":"Comunidade Hel\u00eanica de Florian\u00f3polis receber\u00e1 a visita de seu Arcebispo por ocasi\u00e3o da Festa de Santa Catarina de Alexandria","datePublished":"2017-11-19T12:54:21+00:00","dateModified":"2017-11-23T23:44:45+00:00","mainEntityOfPage":{"@id":"https:\/\/news.ecclesia.org.br\/?p=23924"},"wordCount":388,"commentCount":0,"publisher":{"@id":"https:\/\/news.ecclesia.org.br\/#organization"},"image":{"@id":"https:\/\/news.ecclesia.org.br\/?p=23924#primaryimage"},"thumbnailUrl":"https:\/\/news.ecclesia.org.br\/wp-content\/uploads\/2015\/07\/tarasios-francisco1-1.jpg","articleSection":["Arquidiocese de Buenos Aires e Am\u00e9rica do Sul"],"inLanguage":"pt-BR","potentialAction":[{"@type":"CommentAction","name":"Comment","target":["https:\/\/news.ecclesia.org.br\/?p=23924#respond"]}]},{"@type":"WebPage","@id":"https:\/\/news.ecclesia.org.br\/?p=23924","url":"https:\/\/news.ecclesia.org.br\/?p=23924","name":"Comunidade Hel\u00eanica de Florian\u00f3polis receber\u00e1 a visita de seu Arcebispo por ocasi\u00e3o da Festa de Santa Catarina de Alexandria | ECCLESIA NEWS","isPartOf":{"@id":"https:\/\/news.ecclesia.org.br\/#website"},"primaryImageOfPage":{"@id":"https:\/\/news.ecclesia.org.br\/?p=23924#primaryimage"},"image":{"@id":"https:\/\/news.ecclesia.org.br\/?p=23924#primaryimage"},"thumbnailUrl":"https:\/\/news.ecclesia.org.br\/wp-content\/uploads\/2015\/07\/tarasios-francisco1-1.jpg","datePublished":"2017-11-19T12:54:21+00:00","dateModified":"2017-11-23T23:44:45+00:00","breadcrumb":{"@id":"https:\/\/news.ecclesia.org.br\/?p=23924#breadcrumb"},"inLanguage":"pt-BR","potentialAction":[{"@type":"ReadAction","target":["https:\/\/news.ecclesia.org.br\/?p=23924"]}]},{"@type":"ImageObject","inLanguage":"pt-BR","@id":"https:\/\/news.ecclesia.org.br\/?p=23924#primaryimage","url":"https:\/\/news.ecclesia.org.br\/wp-content\/uploads\/2015\/07\/tarasios-francisco1-1.jpg","contentUrl":"https:\/\/news.ecclesia.org.br\/wp-content\/uploads\/2015\/07\/tarasios-francisco1-1.jpg","width":444,"height":440},{"@type":"BreadcrumbList","@id":"https:\/\/news.ecclesia.org.br\/?p=23924#breadcrumb","itemListElement":[{"@type":"ListItem","position":1,"name":"In\u00edcio","item":"https:\/\/news.ecclesia.org.br\/"},{"@type":"ListItem","position":2,"name":"Comunidade Hel\u00eanica de Florian\u00f3polis receber\u00e1 a visita de seu Arcebispo por ocasi\u00e3o da Festa de Santa Catarina de Alexandria"}]},{"@type":"WebSite","@id":"https:\/\/news.ecclesia.org.br\/#website","url":"https:\/\/news.ecclesia.org.br\/","name":"Ecclesia Brasil","description":"Desde 2003 onectando o Brasil ao mundo ortodoxo!","publisher":{"@id":"https:\/\/news.ecclesia.org.br\/#organization"},"alternateName":"Ecclesia","potentialAction":[{"@type":"SearchAction","target":{"@type":"EntryPoint","urlTemplate":"https:\/\/news.ecclesia.org.br\/?s={search_term_string}"},"query-input":{"@type":"PropertyValueSpecification","valueRequired":true,"valueName":"search_term_string"}}],"inLanguage":"pt-BR"},{"@type":"Organization","@id":"https:\/\/news.ecclesia.org.br\/#organization","name":"Sacra Arquidiocese de Buenos Aires e Am\u00e9rica do Sul | Patriarcado Ecum\u00eanico","alternateName":"News Ecclesia Brasil","url":"https:\/\/news.ecclesia.org.br\/","logo":{"@type":"ImageObject","inLanguage":"pt-BR","@id":"https:\/\/news.ecclesia.org.br\/#\/schema\/logo\/image\/","url":"https:\/\/news.ecclesia.org.br\/wp-content\/uploads\/2025\/05\/ecclesia2.png","contentUrl":"https:\/\/news.ecclesia.org.br\/wp-content\/uploads\/2025\/05\/ecclesia2.png","width":480,"height":120,"caption":"Sacra Arquidiocese de Buenos Aires e Am\u00e9rica do Sul | Patriarcado Ecum\u00eanico"},"image":{"@id":"https:\/\/news.ecclesia.org.br\/#\/schema\/logo\/image\/"},"sameAs":["https:\/\/www.facebook.com\/Ecclesia2025","https:\/\/x.com\/EcclesiaNews","https:\/\/br.pinterest.com\/ekklisia\/","https:\/\/www.youtube.com\/@EcclesiaBrasil"]},{"@type":"Person","@id":"https:\/\/news.ecclesia.org.br\/#\/schema\/person\/6f09597f025829745ba414a569f63758","name":"Pe. Andr\u00e9","image":{"@type":"ImageObject","inLanguage":"pt-BR","@id":"https:\/\/secure.gravatar.com\/avatar\/b4327cfa27e9799da239a26adcd534fc29cdc0c4a4a148eecbcfeb9b42c617ac?s=96&d=mm&r=g","url":"https:\/\/secure.gravatar.com\/avatar\/b4327cfa27e9799da239a26adcd534fc29cdc0c4a4a148eecbcfeb9b42c617ac?s=96&d=mm&r=g","contentUrl":"https:\/\/secure.gravatar.com\/avatar\/b4327cfa27e9799da239a26adcd534fc29cdc0c4a4a148eecbcfeb9b42c617ac?s=96&d=mm&r=g","caption":"Pe. Andr\u00e9"},"sameAs":["https:\/\/www.ecclesia.org.br"]}]}},"_links":{"self":[{"href":"https:\/\/news.ecclesia.org.br\/index.php?rest_route=\/wp\/v2\/posts\/23924","targetHints":{"allow":["GET"]}}],"collection":[{"href":"https:\/\/news.ecclesia.org.br\/index.php?rest_route=\/wp\/v2\/posts"}],"about":[{"href":"https:\/\/news.ecclesia.org.br\/index.php?rest_route=\/wp\/v2\/types\/post"}],"author":[{"embeddable":true,"href":"https:\/\/news.ecclesia.org.br\/index.php?rest_route=\/wp\/v2\/users\/1"}],"replies":[{"embeddable":true,"href":"https:\/\/news.ecclesia.org.br\/index.php?rest_route=%2Fwp%2Fv2%2Fcomments&post=23924"}],"version-history":[{"count":0,"href":"https:\/\/news.ecclesia.org.br\/index.php?rest_route=\/wp\/v2\/posts\/23924\/revisions"}],"wp:featuredmedia":[{"embeddable":true,"href":"https:\/\/news.ecclesia.org.br\/index.php?rest_route=\/wp\/v2\/media\/18401"}],"wp:attachment":[{"href":"https:\/\/news.ecclesia.org.br\/index.php?rest_route=%2Fwp%2Fv2%2Fmedia&parent=23924"}],"wp:term":[{"taxonomy":"category","embeddable":true,"href":"https:\/\/news.ecclesia.org.br\/index.php?rest_route=%2Fwp%2Fv2%2Fcategories&post=23924"},{"taxonomy":"post_tag","embeddable":true,"href":"https:\/\/news.ecclesia.org.br\/index.php?rest_route=%2Fwp%2Fv2%2Ftags&post=23924"}],"curies":[{"name":"wp","href":"https:\/\/api.w.org\/{rel}","templated":true}]}}