{"id":23893,"date":"2017-11-09T18:31:47","date_gmt":"2017-11-09T18:31:47","guid":{"rendered":"https:\/\/news.ecclesia.org.br\/2013\/?p=23893"},"modified":"2017-11-09T18:42:02","modified_gmt":"2017-11-09T18:42:02","slug":"reuniao-da-comissao-internacional-para-o-dialogo-teologico-anglicano-ortodoxo","status":"publish","type":"post","link":"https:\/\/news.ecclesia.org.br\/?p=23893","title":{"rendered":"Reuni\u00e3o da Comiss\u00e3o Internacional para o Di\u00e1logo Teol\u00f3gico Anglicano-Ortodoxo"},"content":{"rendered":"<p style=\"text-align: justify;\"><a href=\"https:\/\/news.ecclesia.org.br\/2013\/wp-content\/uploads\/2017\/11\/Sinantisi-Orth-Prot-Malta.jpg\"><img fetchpriority=\"high\" decoding=\"async\" class=\"alignleft size-medium wp-image-23894\" src=\"https:\/\/news.ecclesia.org.br\/2013\/wp-content\/uploads\/2017\/11\/Sinantisi-Orth-Prot-Malta-300x199.jpg\" alt=\"\" width=\"300\" height=\"199\" srcset=\"https:\/\/news.ecclesia.org.br\/wp-content\/uploads\/2017\/11\/Sinantisi-Orth-Prot-Malta-300x199.jpg 300w, https:\/\/news.ecclesia.org.br\/wp-content\/uploads\/2017\/11\/Sinantisi-Orth-Prot-Malta-600x398.jpg 600w, https:\/\/news.ecclesia.org.br\/wp-content\/uploads\/2017\/11\/Sinantisi-Orth-Prot-Malta-83x55.jpg 83w, https:\/\/news.ecclesia.org.br\/wp-content\/uploads\/2017\/11\/Sinantisi-Orth-Prot-Malta-60x40.jpg 60w, https:\/\/news.ecclesia.org.br\/wp-content\/uploads\/2017\/11\/Sinantisi-Orth-Prot-Malta-120x80.jpg 120w, https:\/\/news.ecclesia.org.br\/wp-content\/uploads\/2017\/11\/Sinantisi-Orth-Prot-Malta.jpg 640w\" sizes=\"(max-width: 300px) 100vw, 300px\" \/><\/a>Em nome de Deus trino, e com a b\u00ean\u00e7\u00e3o e orienta\u00e7\u00e3o das nossas Igrejas, a Comiss\u00e3o Internacional para o Di\u00e1logo Teol\u00f3gico Anglicano-Ortodoxo reuniu-se em Sliema, Malta, de 14 a 21 de outubro de 2017. Os membros da Comiss\u00e3o sentem-se profundamente gratos pela calorosa hospitalidade oferecida pela Comunh\u00e3o Anglicana. Como sempre, o trabalho da Comiss\u00e3o foi temperado com ora\u00e7\u00e3o di\u00e1ria e adora\u00e7\u00e3o. A Comiss\u00e3o assistiu \u00e0 Eucaristia dominical na par\u00f3quia anglicana e pr\u00f3-catedral de S\u00e3o Paulo, bem como a celebra\u00e7\u00e3o da Divina Liturgia na igreja ortodoxa grega S\u00e3o Jorge, em La Valeta.<\/p>\n<p style=\"text-align: justify;\">A Comiss\u00e3o deu as boas-vindas ao seu novo co-presidente ortodoxo, o Metropolita Athenagoras da B\u00e9lgica, e aos novos representantes da Comunh\u00e3o Anglicana. Depois, visitou lugares sagrados da Ilha de Malta, como a Gruta de S\u00e3o Paulo em Rabat, onde esteve o ap\u00f3stolo ap\u00f3s o naufr\u00e1gio durante sua viagem \u00e0 Roma (At 27, 28).<\/p>\n<p style=\"text-align: justify;\">Os membros da Comiss\u00e3o foram recebidos com especial carinho por seus irm\u00e3os crist\u00e3os de Malta, marca\u00a0da tradicional hospitalidade local (At 28,2). Os v\u00ednculos ecum\u00eanicos foram fortalecidos atrav\u00e9s de visitas \u00e0 catedral cat\u00f3lico-romana de S\u00e3o Jo\u00e3o, em La Valeta. Dom Charles Scicluna Jude, Arcebispo de Malta, recepcionou\u00a0calorosamente os membros da Comiss\u00e3o com um almo\u00e7o em sua resid\u00eancia oficial. No \u00faltimo dia, a Comiss\u00e3o participou de uma recep\u00e7\u00e3o na Marina House, Lady Marks.<\/p>\n<p style=\"text-align: justify;\">Conforme acordado em sua \u00faltima reuni\u00e3o, em Armagh, a Comiss\u00e3o prosseguiu seu trabalho na compreens\u00e3o teol\u00f3gica da pessoa humana segundo os princ\u00edpios expressos na Declara\u00e7\u00e3o Conjunta &#8220;A imagem e semelhan\u00e7a de Deus: uma antropologia plena de esperan\u00e7a&#8221; (b\u00fafalo, 2015), centrando-se, neste ano, nas implica\u00e7\u00f5es pr\u00e1ticas da <em>Declara\u00e7\u00e3o Conjunta de B\u00fafalo<\/em>, especialmente com respeito as complexas e urgentes quest\u00f5es sobre o meio ambiente e a ecologia, bem como, sobre o fim da vida humana.<\/p>\n<p style=\"text-align: justify;\">Os membros da Comiss\u00e3o debateram ainda sobre os quatro principais documentos que tratam destas quest\u00f5es, bem como, sobre as respostas dadas a estes documentos por membros anglicanos e ortodoxos. Isto ocorreu durante as sess\u00f5es plen\u00e1rias, o que resultou no surgimento de novas reflex\u00f5es cr\u00edticas, sempre de maneira muito construtiva. Incumbiu-se ent\u00e3o dois membros da Comiss\u00e3o de compilar estes diferentes pontos de vista sobre os temas surgidos nas apresenta\u00e7\u00f5es, e as respostas e discuss\u00f5es que se seguiram. Tais dados constituir\u00e3o o primeiro rascunho de uma declara\u00e7\u00e3o conjunta a ser assinada num futuro pr\u00f3ximo. A Comiss\u00e3o concluiu seus trabalhos observando que um n\u00edvel significativo de converg\u00eancia teol\u00f3gica havia sido alcan\u00e7ado nas discuss\u00f5es realizadas.<\/p>\n<hr \/>\n<p style=\"text-align: right;\">Fonte: <a href=\"http:\/\/sacrametropolisortodoxa.blogspot.com.br\/2017\/11\/reunion-de-la-comision-internacional.html\" target=\"_blank\" rel=\"noopener\">Sacra Metr\u00f3pole de Espanha e Portugal<\/a><\/p>\n<p>&nbsp;<\/p>\n","protected":false},"excerpt":{"rendered":"<p>Em nome de Deus trino, e com a b\u00ean\u00e7\u00e3o e orienta\u00e7\u00e3o das nossas Igrejas, a Comiss\u00e3o Internacional para o Di\u00e1logo Teol\u00f3gico Anglicano-Ortodoxo reuniu-se em Sliema, Malta, de 14 a 21 de outubro de 2017. Os membros da Comiss\u00e3o sentem-se profundamente&#8230;<\/p>\n","protected":false},"author":1,"featured_media":23894,"comment_status":"open","ping_status":"open","sticky":false,"template":"","format":"standard","meta":{"_acf_changed":false,"footnotes":""},"categories":[1],"tags":[],"class_list":["post-23893","post","type-post","status-publish","format-standard","has-post-thumbnail","hentry","category-news","entry","rows-excerpt"],"acf":[],"yoast_head":"<!-- This site is optimized with the Yoast SEO plugin v27.5 - https:\/\/yoast.com\/product\/yoast-seo-wordpress\/ -->\n<title>Reuni\u00e3o da Comiss\u00e3o Internacional para o Di\u00e1logo Teol\u00f3gico Anglicano-Ortodoxo | ECCLESIA NEWS<\/title>\n<meta name=\"robots\" content=\"index, follow, max-snippet:-1, max-image-preview:large, max-video-preview:-1\" \/>\n<link rel=\"canonical\" href=\"https:\/\/news.ecclesia.org.br\/?p=23893\" \/>\n<meta property=\"og:locale\" content=\"pt_BR\" \/>\n<meta property=\"og:type\" content=\"article\" \/>\n<meta property=\"og:title\" content=\"Reuni\u00e3o da Comiss\u00e3o Internacional para o Di\u00e1logo Teol\u00f3gico Anglicano-Ortodoxo | ECCLESIA NEWS\" \/>\n<meta property=\"og:description\" content=\"Em nome de Deus trino, e com a b\u00ean\u00e7\u00e3o e orienta\u00e7\u00e3o das nossas Igrejas, a Comiss\u00e3o Internacional para o Di\u00e1logo Teol\u00f3gico Anglicano-Ortodoxo reuniu-se em Sliema, Malta, de 14 a 21 de outubro de 2017. Os membros da Comiss\u00e3o sentem-se profundamente&#8230;\" \/>\n<meta property=\"og:url\" content=\"https:\/\/news.ecclesia.org.br\/?p=23893\" \/>\n<meta property=\"og:site_name\" content=\"ECCLESIA NEWS\" \/>\n<meta property=\"article:publisher\" content=\"https:\/\/www.facebook.com\/Ecclesia2025\" \/>\n<meta property=\"article:published_time\" content=\"2017-11-09T18:31:47+00:00\" \/>\n<meta property=\"article:modified_time\" content=\"2017-11-09T18:42:02+00:00\" \/>\n<meta property=\"og:image\" content=\"https:\/\/news.ecclesia.org.br\/wp-content\/uploads\/2017\/11\/Sinantisi-Orth-Prot-Malta.jpg\" \/>\n\t<meta property=\"og:image:width\" content=\"640\" \/>\n\t<meta property=\"og:image:height\" content=\"425\" \/>\n\t<meta property=\"og:image:type\" content=\"image\/jpeg\" \/>\n<meta name=\"author\" content=\"Pe. Andr\u00e9\" \/>\n<meta name=\"twitter:card\" content=\"summary_large_image\" \/>\n<meta name=\"twitter:creator\" content=\"@EcclesiaNews\" \/>\n<meta name=\"twitter:site\" content=\"@EcclesiaNews\" \/>\n<meta name=\"twitter:label1\" content=\"Escrito por\" \/>\n\t<meta name=\"twitter:data1\" content=\"Pe. Andr\u00e9\" \/>\n\t<meta name=\"twitter:label2\" content=\"Est. tempo de leitura\" \/>\n\t<meta name=\"twitter:data2\" content=\"2 minutos\" \/>\n<script type=\"application\/ld+json\" class=\"yoast-schema-graph\">{\"@context\":\"https:\\\/\\\/schema.org\",\"@graph\":[{\"@type\":\"Article\",\"@id\":\"https:\\\/\\\/news.ecclesia.org.br\\\/?p=23893#article\",\"isPartOf\":{\"@id\":\"https:\\\/\\\/news.ecclesia.org.br\\\/?p=23893\"},\"author\":{\"name\":\"Pe. Andr\u00e9\",\"@id\":\"https:\\\/\\\/news.ecclesia.org.br\\\/#\\\/schema\\\/person\\\/6f09597f025829745ba414a569f63758\"},\"headline\":\"Reuni\u00e3o da Comiss\u00e3o Internacional para o Di\u00e1logo Teol\u00f3gico Anglicano-Ortodoxo\",\"datePublished\":\"2017-11-09T18:31:47+00:00\",\"dateModified\":\"2017-11-09T18:42:02+00:00\",\"mainEntityOfPage\":{\"@id\":\"https:\\\/\\\/news.ecclesia.org.br\\\/?p=23893\"},\"wordCount\":485,\"commentCount\":0,\"publisher\":{\"@id\":\"https:\\\/\\\/news.ecclesia.org.br\\\/#organization\"},\"image\":{\"@id\":\"https:\\\/\\\/news.ecclesia.org.br\\\/?p=23893#primaryimage\"},\"thumbnailUrl\":\"https:\\\/\\\/news.ecclesia.org.br\\\/wp-content\\\/uploads\\\/2017\\\/11\\\/Sinantisi-Orth-Prot-Malta.jpg\",\"articleSection\":[\"NEWS\"],\"inLanguage\":\"pt-BR\",\"potentialAction\":[{\"@type\":\"CommentAction\",\"name\":\"Comment\",\"target\":[\"https:\\\/\\\/news.ecclesia.org.br\\\/?p=23893#respond\"]}]},{\"@type\":\"WebPage\",\"@id\":\"https:\\\/\\\/news.ecclesia.org.br\\\/?p=23893\",\"url\":\"https:\\\/\\\/news.ecclesia.org.br\\\/?p=23893\",\"name\":\"Reuni\u00e3o da Comiss\u00e3o Internacional para o Di\u00e1logo Teol\u00f3gico Anglicano-Ortodoxo | ECCLESIA NEWS\",\"isPartOf\":{\"@id\":\"https:\\\/\\\/news.ecclesia.org.br\\\/#website\"},\"primaryImageOfPage\":{\"@id\":\"https:\\\/\\\/news.ecclesia.org.br\\\/?p=23893#primaryimage\"},\"image\":{\"@id\":\"https:\\\/\\\/news.ecclesia.org.br\\\/?p=23893#primaryimage\"},\"thumbnailUrl\":\"https:\\\/\\\/news.ecclesia.org.br\\\/wp-content\\\/uploads\\\/2017\\\/11\\\/Sinantisi-Orth-Prot-Malta.jpg\",\"datePublished\":\"2017-11-09T18:31:47+00:00\",\"dateModified\":\"2017-11-09T18:42:02+00:00\",\"breadcrumb\":{\"@id\":\"https:\\\/\\\/news.ecclesia.org.br\\\/?p=23893#breadcrumb\"},\"inLanguage\":\"pt-BR\",\"potentialAction\":[{\"@type\":\"ReadAction\",\"target\":[\"https:\\\/\\\/news.ecclesia.org.br\\\/?p=23893\"]}]},{\"@type\":\"ImageObject\",\"inLanguage\":\"pt-BR\",\"@id\":\"https:\\\/\\\/news.ecclesia.org.br\\\/?p=23893#primaryimage\",\"url\":\"https:\\\/\\\/news.ecclesia.org.br\\\/wp-content\\\/uploads\\\/2017\\\/11\\\/Sinantisi-Orth-Prot-Malta.jpg\",\"contentUrl\":\"https:\\\/\\\/news.ecclesia.org.br\\\/wp-content\\\/uploads\\\/2017\\\/11\\\/Sinantisi-Orth-Prot-Malta.jpg\",\"width\":640,\"height\":425},{\"@type\":\"BreadcrumbList\",\"@id\":\"https:\\\/\\\/news.ecclesia.org.br\\\/?p=23893#breadcrumb\",\"itemListElement\":[{\"@type\":\"ListItem\",\"position\":1,\"name\":\"In\u00edcio\",\"item\":\"https:\\\/\\\/news.ecclesia.org.br\\\/\"},{\"@type\":\"ListItem\",\"position\":2,\"name\":\"Reuni\u00e3o da Comiss\u00e3o Internacional para o Di\u00e1logo Teol\u00f3gico Anglicano-Ortodoxo\"}]},{\"@type\":\"WebSite\",\"@id\":\"https:\\\/\\\/news.ecclesia.org.br\\\/#website\",\"url\":\"https:\\\/\\\/news.ecclesia.org.br\\\/\",\"name\":\"Ecclesia Brasil\",\"description\":\"Desde 2003 onectando o Brasil ao mundo ortodoxo!\",\"publisher\":{\"@id\":\"https:\\\/\\\/news.ecclesia.org.br\\\/#organization\"},\"alternateName\":\"Ecclesia\",\"potentialAction\":[{\"@type\":\"SearchAction\",\"target\":{\"@type\":\"EntryPoint\",\"urlTemplate\":\"https:\\\/\\\/news.ecclesia.org.br\\\/?s={search_term_string}\"},\"query-input\":{\"@type\":\"PropertyValueSpecification\",\"valueRequired\":true,\"valueName\":\"search_term_string\"}}],\"inLanguage\":\"pt-BR\"},{\"@type\":\"Organization\",\"@id\":\"https:\\\/\\\/news.ecclesia.org.br\\\/#organization\",\"name\":\"Sacra Arquidiocese de Buenos Aires e Am\u00e9rica do Sul | Patriarcado Ecum\u00eanico\",\"alternateName\":\"News Ecclesia Brasil\",\"url\":\"https:\\\/\\\/news.ecclesia.org.br\\\/\",\"logo\":{\"@type\":\"ImageObject\",\"inLanguage\":\"pt-BR\",\"@id\":\"https:\\\/\\\/news.ecclesia.org.br\\\/#\\\/schema\\\/logo\\\/image\\\/\",\"url\":\"https:\\\/\\\/news.ecclesia.org.br\\\/wp-content\\\/uploads\\\/2025\\\/05\\\/ecclesia2.png\",\"contentUrl\":\"https:\\\/\\\/news.ecclesia.org.br\\\/wp-content\\\/uploads\\\/2025\\\/05\\\/ecclesia2.png\",\"width\":480,\"height\":120,\"caption\":\"Sacra Arquidiocese de Buenos Aires e Am\u00e9rica do Sul | Patriarcado Ecum\u00eanico\"},\"image\":{\"@id\":\"https:\\\/\\\/news.ecclesia.org.br\\\/#\\\/schema\\\/logo\\\/image\\\/\"},\"sameAs\":[\"https:\\\/\\\/www.facebook.com\\\/Ecclesia2025\",\"https:\\\/\\\/x.com\\\/EcclesiaNews\",\"https:\\\/\\\/br.pinterest.com\\\/ekklisia\\\/\",\"https:\\\/\\\/www.youtube.com\\\/@EcclesiaBrasil\"]},{\"@type\":\"Person\",\"@id\":\"https:\\\/\\\/news.ecclesia.org.br\\\/#\\\/schema\\\/person\\\/6f09597f025829745ba414a569f63758\",\"name\":\"Pe. Andr\u00e9\",\"image\":{\"@type\":\"ImageObject\",\"inLanguage\":\"pt-BR\",\"@id\":\"https:\\\/\\\/secure.gravatar.com\\\/avatar\\\/b4327cfa27e9799da239a26adcd534fc29cdc0c4a4a148eecbcfeb9b42c617ac?s=96&d=mm&r=g\",\"url\":\"https:\\\/\\\/secure.gravatar.com\\\/avatar\\\/b4327cfa27e9799da239a26adcd534fc29cdc0c4a4a148eecbcfeb9b42c617ac?s=96&d=mm&r=g\",\"contentUrl\":\"https:\\\/\\\/secure.gravatar.com\\\/avatar\\\/b4327cfa27e9799da239a26adcd534fc29cdc0c4a4a148eecbcfeb9b42c617ac?s=96&d=mm&r=g\",\"caption\":\"Pe. Andr\u00e9\"},\"sameAs\":[\"https:\\\/\\\/www.ecclesia.org.br\"]}]}<\/script>\n<!-- \/ Yoast SEO plugin. -->","yoast_head_json":{"title":"Reuni\u00e3o da Comiss\u00e3o Internacional para o Di\u00e1logo Teol\u00f3gico Anglicano-Ortodoxo | ECCLESIA NEWS","robots":{"index":"index","follow":"follow","max-snippet":"max-snippet:-1","max-image-preview":"max-image-preview:large","max-video-preview":"max-video-preview:-1"},"canonical":"https:\/\/news.ecclesia.org.br\/?p=23893","og_locale":"pt_BR","og_type":"article","og_title":"Reuni\u00e3o da Comiss\u00e3o Internacional para o Di\u00e1logo Teol\u00f3gico Anglicano-Ortodoxo | ECCLESIA NEWS","og_description":"Em nome de Deus trino, e com a b\u00ean\u00e7\u00e3o e orienta\u00e7\u00e3o das nossas Igrejas, a Comiss\u00e3o Internacional para o Di\u00e1logo Teol\u00f3gico Anglicano-Ortodoxo reuniu-se em Sliema, Malta, de 14 a 21 de outubro de 2017. Os membros da Comiss\u00e3o sentem-se profundamente&#8230;","og_url":"https:\/\/news.ecclesia.org.br\/?p=23893","og_site_name":"ECCLESIA NEWS","article_publisher":"https:\/\/www.facebook.com\/Ecclesia2025","article_published_time":"2017-11-09T18:31:47+00:00","article_modified_time":"2017-11-09T18:42:02+00:00","og_image":[{"width":640,"height":425,"url":"https:\/\/news.ecclesia.org.br\/wp-content\/uploads\/2017\/11\/Sinantisi-Orth-Prot-Malta.jpg","type":"image\/jpeg"}],"author":"Pe. Andr\u00e9","twitter_card":"summary_large_image","twitter_creator":"@EcclesiaNews","twitter_site":"@EcclesiaNews","twitter_misc":{"Escrito por":"Pe. Andr\u00e9","Est. tempo de leitura":"2 minutos"},"schema":{"@context":"https:\/\/schema.org","@graph":[{"@type":"Article","@id":"https:\/\/news.ecclesia.org.br\/?p=23893#article","isPartOf":{"@id":"https:\/\/news.ecclesia.org.br\/?p=23893"},"author":{"name":"Pe. Andr\u00e9","@id":"https:\/\/news.ecclesia.org.br\/#\/schema\/person\/6f09597f025829745ba414a569f63758"},"headline":"Reuni\u00e3o da Comiss\u00e3o Internacional para o Di\u00e1logo Teol\u00f3gico Anglicano-Ortodoxo","datePublished":"2017-11-09T18:31:47+00:00","dateModified":"2017-11-09T18:42:02+00:00","mainEntityOfPage":{"@id":"https:\/\/news.ecclesia.org.br\/?p=23893"},"wordCount":485,"commentCount":0,"publisher":{"@id":"https:\/\/news.ecclesia.org.br\/#organization"},"image":{"@id":"https:\/\/news.ecclesia.org.br\/?p=23893#primaryimage"},"thumbnailUrl":"https:\/\/news.ecclesia.org.br\/wp-content\/uploads\/2017\/11\/Sinantisi-Orth-Prot-Malta.jpg","articleSection":["NEWS"],"inLanguage":"pt-BR","potentialAction":[{"@type":"CommentAction","name":"Comment","target":["https:\/\/news.ecclesia.org.br\/?p=23893#respond"]}]},{"@type":"WebPage","@id":"https:\/\/news.ecclesia.org.br\/?p=23893","url":"https:\/\/news.ecclesia.org.br\/?p=23893","name":"Reuni\u00e3o da Comiss\u00e3o Internacional para o Di\u00e1logo Teol\u00f3gico Anglicano-Ortodoxo | ECCLESIA NEWS","isPartOf":{"@id":"https:\/\/news.ecclesia.org.br\/#website"},"primaryImageOfPage":{"@id":"https:\/\/news.ecclesia.org.br\/?p=23893#primaryimage"},"image":{"@id":"https:\/\/news.ecclesia.org.br\/?p=23893#primaryimage"},"thumbnailUrl":"https:\/\/news.ecclesia.org.br\/wp-content\/uploads\/2017\/11\/Sinantisi-Orth-Prot-Malta.jpg","datePublished":"2017-11-09T18:31:47+00:00","dateModified":"2017-11-09T18:42:02+00:00","breadcrumb":{"@id":"https:\/\/news.ecclesia.org.br\/?p=23893#breadcrumb"},"inLanguage":"pt-BR","potentialAction":[{"@type":"ReadAction","target":["https:\/\/news.ecclesia.org.br\/?p=23893"]}]},{"@type":"ImageObject","inLanguage":"pt-BR","@id":"https:\/\/news.ecclesia.org.br\/?p=23893#primaryimage","url":"https:\/\/news.ecclesia.org.br\/wp-content\/uploads\/2017\/11\/Sinantisi-Orth-Prot-Malta.jpg","contentUrl":"https:\/\/news.ecclesia.org.br\/wp-content\/uploads\/2017\/11\/Sinantisi-Orth-Prot-Malta.jpg","width":640,"height":425},{"@type":"BreadcrumbList","@id":"https:\/\/news.ecclesia.org.br\/?p=23893#breadcrumb","itemListElement":[{"@type":"ListItem","position":1,"name":"In\u00edcio","item":"https:\/\/news.ecclesia.org.br\/"},{"@type":"ListItem","position":2,"name":"Reuni\u00e3o da Comiss\u00e3o Internacional para o Di\u00e1logo Teol\u00f3gico Anglicano-Ortodoxo"}]},{"@type":"WebSite","@id":"https:\/\/news.ecclesia.org.br\/#website","url":"https:\/\/news.ecclesia.org.br\/","name":"Ecclesia Brasil","description":"Desde 2003 onectando o Brasil ao mundo ortodoxo!","publisher":{"@id":"https:\/\/news.ecclesia.org.br\/#organization"},"alternateName":"Ecclesia","potentialAction":[{"@type":"SearchAction","target":{"@type":"EntryPoint","urlTemplate":"https:\/\/news.ecclesia.org.br\/?s={search_term_string}"},"query-input":{"@type":"PropertyValueSpecification","valueRequired":true,"valueName":"search_term_string"}}],"inLanguage":"pt-BR"},{"@type":"Organization","@id":"https:\/\/news.ecclesia.org.br\/#organization","name":"Sacra Arquidiocese de Buenos Aires e Am\u00e9rica do Sul | Patriarcado Ecum\u00eanico","alternateName":"News Ecclesia Brasil","url":"https:\/\/news.ecclesia.org.br\/","logo":{"@type":"ImageObject","inLanguage":"pt-BR","@id":"https:\/\/news.ecclesia.org.br\/#\/schema\/logo\/image\/","url":"https:\/\/news.ecclesia.org.br\/wp-content\/uploads\/2025\/05\/ecclesia2.png","contentUrl":"https:\/\/news.ecclesia.org.br\/wp-content\/uploads\/2025\/05\/ecclesia2.png","width":480,"height":120,"caption":"Sacra Arquidiocese de Buenos Aires e Am\u00e9rica do Sul | Patriarcado Ecum\u00eanico"},"image":{"@id":"https:\/\/news.ecclesia.org.br\/#\/schema\/logo\/image\/"},"sameAs":["https:\/\/www.facebook.com\/Ecclesia2025","https:\/\/x.com\/EcclesiaNews","https:\/\/br.pinterest.com\/ekklisia\/","https:\/\/www.youtube.com\/@EcclesiaBrasil"]},{"@type":"Person","@id":"https:\/\/news.ecclesia.org.br\/#\/schema\/person\/6f09597f025829745ba414a569f63758","name":"Pe. Andr\u00e9","image":{"@type":"ImageObject","inLanguage":"pt-BR","@id":"https:\/\/secure.gravatar.com\/avatar\/b4327cfa27e9799da239a26adcd534fc29cdc0c4a4a148eecbcfeb9b42c617ac?s=96&d=mm&r=g","url":"https:\/\/secure.gravatar.com\/avatar\/b4327cfa27e9799da239a26adcd534fc29cdc0c4a4a148eecbcfeb9b42c617ac?s=96&d=mm&r=g","contentUrl":"https:\/\/secure.gravatar.com\/avatar\/b4327cfa27e9799da239a26adcd534fc29cdc0c4a4a148eecbcfeb9b42c617ac?s=96&d=mm&r=g","caption":"Pe. Andr\u00e9"},"sameAs":["https:\/\/www.ecclesia.org.br"]}]}},"_links":{"self":[{"href":"https:\/\/news.ecclesia.org.br\/index.php?rest_route=\/wp\/v2\/posts\/23893","targetHints":{"allow":["GET"]}}],"collection":[{"href":"https:\/\/news.ecclesia.org.br\/index.php?rest_route=\/wp\/v2\/posts"}],"about":[{"href":"https:\/\/news.ecclesia.org.br\/index.php?rest_route=\/wp\/v2\/types\/post"}],"author":[{"embeddable":true,"href":"https:\/\/news.ecclesia.org.br\/index.php?rest_route=\/wp\/v2\/users\/1"}],"replies":[{"embeddable":true,"href":"https:\/\/news.ecclesia.org.br\/index.php?rest_route=%2Fwp%2Fv2%2Fcomments&post=23893"}],"version-history":[{"count":0,"href":"https:\/\/news.ecclesia.org.br\/index.php?rest_route=\/wp\/v2\/posts\/23893\/revisions"}],"wp:featuredmedia":[{"embeddable":true,"href":"https:\/\/news.ecclesia.org.br\/index.php?rest_route=\/wp\/v2\/media\/23894"}],"wp:attachment":[{"href":"https:\/\/news.ecclesia.org.br\/index.php?rest_route=%2Fwp%2Fv2%2Fmedia&parent=23893"}],"wp:term":[{"taxonomy":"category","embeddable":true,"href":"https:\/\/news.ecclesia.org.br\/index.php?rest_route=%2Fwp%2Fv2%2Fcategories&post=23893"},{"taxonomy":"post_tag","embeddable":true,"href":"https:\/\/news.ecclesia.org.br\/index.php?rest_route=%2Fwp%2Fv2%2Ftags&post=23893"}],"curies":[{"name":"wp","href":"https:\/\/api.w.org\/{rel}","templated":true}]}}